{"id":324578,"date":"2025-08-17T07:43:58","date_gmt":"2025-08-17T11:43:58","guid":{"rendered":"https:\/\/www.eldiario.net\/portal\/?p=324578"},"modified":"2025-08-17T07:43:58","modified_gmt":"2025-08-17T11:43:58","slug":"festival-gastronomico-de-total-conference-conecto-conocimiento-tecnico-con-sabor","status":"publish","type":"post","link":"https:\/\/www.eldiario.net\/portal\/2025\/08\/17\/festival-gastronomico-de-total-conference-conecto-conocimiento-tecnico-con-sabor\/","title":{"rendered":"Festival gastron\u00f3mico de Total Conference  conect\u00f3 conocimiento t\u00e9cnico con sabor"},"content":{"rendered":"<p>El Festival Gastron\u00f3mico de Total Conference 2025 es el resultado final de decisiones cient\u00edficas y estrat\u00e9gicas respecto a la ganader\u00eda y agricultura. Desde la gen\u00e9tica pasando por la t\u00e9cnica del fuego hasta la cocci\u00f3n, se mostr\u00f3 c\u00f3mo la innovaci\u00f3n en el agronegocio puede traducirse en experiencias culinarias cocinadas con maestr\u00eda desde el amanecer.<br \/>\nEntre paneles t\u00e9cnicos, modelos econ\u00f3micos y estrategias de innovaci\u00f3n, el Festival Gastron\u00f3mico de Total Conference 2025 emergi\u00f3 como un espacio de pausa, de encuentro y de revelaci\u00f3n. No fue simplemente una muestra culinaria, sino una puesta en escena de lo que Bolivia es capaz de producir, compartir y emocionar.<br \/>\nBajo la direcci\u00f3n de Cristiano Botelho y un equipo de chefs especializados, esa experiencia culinaria fue dise\u00f1ada para conectar directamente lo que se discute en el escenario con lo que se sirve en el plato.<br \/>\nPara Botelho, el concepto de Total Conference es traer una experiencia innovadora comenzando con charlas sobre gen\u00e9tica, mejoramiento y nutrici\u00f3n, y el producto final es obtener carne de mejor sabor, mayor rendimiento y calidad. \u201cLa manera de comprobarlo es a trav\u00e9s de un churrasco, una pasi\u00f3n que comparten Brasil y Bolivia\u201d, detall\u00f3 el chef.<br \/>\nEn ese contexto, el Parque Ecol\u00f3gico de la Fexpocruz comenz\u00f3 a llenarse de aromas que evocaban tradici\u00f3n, paciencia y maestr\u00eda. El fuego encendido desde las seis de la ma\u00f1ana para cocinar las carnes m\u00e1s emblem\u00e1ticas no solo marc\u00f3 el inicio de una jornada gastron\u00f3mica de m\u00e1s de 12 horas, sino tambi\u00e9n el compromiso con una experiencia que respeta los tiempos, los procesos y las ra\u00edces.<br \/>\nCada estaci\u00f3n de carne, siete en total, fue pensada como una narrativa en s\u00ed misma, dijo Cristian Botelho, zootecnista, cantante y maestro de parrilla y organizador del festival. Los cortes seleccionados con precisi\u00f3n, t\u00e9cnicas de cocci\u00f3n que combinaban lo ancestral con lo contempor\u00e1neo y una presentaci\u00f3n que hablaba tanto del sabor como de estrategia de los maestros de la gastronom\u00eda que acompa\u00f1aron cada estaci\u00f3n.<br \/>\nLa preparaci\u00f3n de m\u00e1s de 800 kilos de carne no fue una haza\u00f1a log\u00edstica, destac\u00f3 Botelho, sino una declaraci\u00f3n de confianza en la capacidad productiva del pa\u00eds que est\u00e1 evolucionando. \u201cLa carne es solo el veh\u00edculo; lo que import\u00f3 fue lo que pas\u00f3 alrededor del fuego\u201d.<br \/>\nUno de los momentos m\u00e1s esperados fue el almuerzo liderado por el Chef Allan Vila Espejo junto al Chef Luiz Qualiari y el equipo del IGA que representaron los principios de calidad, t\u00e9cnica y nutrici\u00f3n de la carne de cerdo.<br \/>\n\u201cEl objetivo es demostrar la calidad de la carne que comienza en la crianza y nutrici\u00f3n, y brindar una experiencia completa y conexi\u00f3n entre lo que se dice y lo que se prueba\u201d, indic\u00f3.<br \/>\nBotelho comparti\u00f3 que trabajar con el Chef Alan y Luiz siempre trae sorpresas: \u201cEs un equipo muy unido y eso se refleja en el resultado. Es divertido, relajado, pero con mucha profesionalidad\u201d.<br \/>\nEL SABOR DE CADA ESTACI\u00d3N DE CARNE<br \/>\nCada corte servido en las siete estaciones ten\u00eda una historia detr\u00e1s. Algunos proven\u00edan de animales j\u00f3venes criados bajo altos est\u00e1ndares, otros eran resultado de a\u00f1os de trabajo en gen\u00e9tica, nutrici\u00f3n y manejo animal.<br \/>\nCostillares fogo de ch\u00e3o. El chef Charly, un experto parrillero con m\u00e1s de diez a\u00f1os de experiencia en eventos y de trabajar con frigor\u00edficos importantes en Bolivia, colaborador de chefs internacionales como Cristiano Botelho cocin\u00f3 las costillas durante 12 horas a fuego lento. En su preparaci\u00f3n destac\u00f3 el sabor puro de la carne, con una cocci\u00f3n artesanal que la dej\u00f3 suave, jugosa y llena de car\u00e1cter. Los acompa\u00f1amientos fueron pure de papa dulce y farofa de tocino.<br \/>\nCerdo a la cruz. Esta estaci\u00f3n estuvo a cargo de los chefs Eduardo Pacheco de Mesquita y Hugo Rocha Gonz\u00e1lez. La carne se prepar\u00f3 con una t\u00e9cnica tradicional de asado t\u00edpica del campo en pa\u00edses como Argentina, Chile y Bolivia. El cordero se as\u00f3 entero al aire libre, abierto en forma de cruz sobre un fuego de le\u00f1a o brasas, un m\u00e9todo r\u00fastico y muy sabroso que deja la carne dorada por fuera y tierna por dentro. Este plato se sirvi\u00f3 con gremolata de menta y farofa de ajo poro.<br \/>\nEl chef Eduardo Pacheco de Mesquita tiene m\u00e1s de cinco a\u00f1os de experiencia en preparaciones de carne, curador del evento \u201cBrasa e Fogo\u201d, uno de los mayores festivales de churrasco del estado de Goi\u00e1s en Brasil, especialista en Fogo de Ch\u00e3o y Parrilla; por su parte, el chef Hugo Rocha Gonz\u00e1lez es un cocinero profesional egresado de IGA, con una trayectoria de ocho a\u00f1os, pas\u00f3 por las cocinas del Hotel Los Tajibos y sus restaurantes Jard\u00edn de Asia, Piegari y la Terraza. Tambi\u00e9n tiene experiencia como chef personal de los equipos Allways Ready, The Strongest y Cienciano del Per\u00fa, actualmente propietario de Osso Burger SCZ.<\/p>\n","protected":false},"excerpt":{"rendered":"<p>El Festival Gastron\u00f3mico de Total Conference 2025 es el resultado final de decisiones cient\u00edficas y estrat\u00e9gicas respecto a la ganader\u00eda y agricultura. Desde la gen\u00e9tica pasando por la t\u00e9cnica del fuego hasta la cocci\u00f3n, se mostr\u00f3 c\u00f3mo la innovaci\u00f3n en el agronegocio puede traducirse en experiencias culinarias cocinadas con maestr\u00eda desde el amanecer. Entre paneles [&hellip;]<\/p>\n","protected":false},"author":1,"featured_media":324579,"comment_status":"closed","ping_status":"open","sticky":false,"template":"","format":"standard","meta":{"_acf_changed":false,"footnotes":""},"categories":[7],"tags":[],"class_list":["post-324578","post","type-post","status-publish","format-standard","has-post-thumbnail","category-economia"],"acf":{"antetitulo":""},"yoast_head":"<!-- This site is optimized with the Yoast SEO plugin v28.4 - https:\/\/yoast.com\/product\/yoast-seo-wordpress\/ -->\n<title>Festival gastron\u00f3mico de Total Conference conect\u00f3 conocimiento t\u00e9cnico con sabor - El Diario - Bolivia<\/title>\n<meta name=\"robots\" content=\"index, follow, max-snippet:-1, max-image-preview:large, max-video-preview:-1\" \/>\n<link rel=\"canonical\" href=\"https:\/\/www.eldiario.net\/portal\/2025\/08\/17\/festival-gastronomico-de-total-conference-conecto-conocimiento-tecnico-con-sabor\/\" \/>\n<meta property=\"og:locale\" content=\"es_ES\" \/>\n<meta property=\"og:type\" content=\"article\" \/>\n<meta property=\"og:title\" content=\"Festival gastron\u00f3mico de Total Conference conect\u00f3 conocimiento t\u00e9cnico con sabor - El Diario - Bolivia\" \/>\n<meta property=\"og:description\" content=\"El Festival Gastron\u00f3mico de Total Conference 2025 es el resultado final de decisiones cient\u00edficas y estrat\u00e9gicas respecto a la ganader\u00eda y agricultura. Desde la gen\u00e9tica pasando por la t\u00e9cnica del fuego hasta la cocci\u00f3n, se mostr\u00f3 c\u00f3mo la innovaci\u00f3n en el agronegocio puede traducirse en experiencias culinarias cocinadas con maestr\u00eda desde el amanecer. Entre paneles [&hellip;]\" \/>\n<meta property=\"og:url\" content=\"https:\/\/www.eldiario.net\/portal\/2025\/08\/17\/festival-gastronomico-de-total-conference-conecto-conocimiento-tecnico-con-sabor\/\" \/>\n<meta property=\"og:site_name\" content=\"El Diario - Bolivia\" \/>\n<meta property=\"article:publisher\" content=\"https:\/\/www.facebook.com\/eldiario.bolivia\/\" \/>\n<meta property=\"article:published_time\" content=\"2025-08-17T11:43:58+00:00\" \/>\n<meta property=\"og:image\" content=\"https:\/\/www.eldiario.net\/portal\/wp-content\/uploads\/2025\/08\/total-2.webp\" \/>\n\t<meta property=\"og:image:width\" content=\"1440\" \/>\n\t<meta property=\"og:image:height\" content=\"958\" \/>\n\t<meta property=\"og:image:type\" content=\"image\/webp\" \/>\n<meta name=\"author\" content=\"Jeanette\" \/>\n<meta name=\"twitter:card\" content=\"summary_large_image\" \/>\n<meta name=\"twitter:creator\" content=\"@eldiario_net\" \/>\n<meta name=\"twitter:site\" content=\"@eldiario_net\" \/>\n<meta name=\"twitter:label1\" content=\"Escrito por\" \/>\n\t<meta name=\"twitter:data1\" content=\"Jeanette\" \/>\n\t<meta name=\"twitter:label2\" content=\"Tiempo de lectura\" \/>\n\t<meta name=\"twitter:data2\" content=\"4 minutos\" \/>\n<script type=\"application\/ld+json\" class=\"yoast-schema-graph\">{\"@context\":\"https:\\\/\\\/schema.org\",\"@graph\":[{\"@type\":\"Article\",\"@id\":\"https:\\\/\\\/www.eldiario.net\\\/portal\\\/2025\\\/08\\\/17\\\/festival-gastronomico-de-total-conference-conecto-conocimiento-tecnico-con-sabor\\\/#article\",\"isPartOf\":{\"@id\":\"https:\\\/\\\/www.eldiario.net\\\/portal\\\/2025\\\/08\\\/17\\\/festival-gastronomico-de-total-conference-conecto-conocimiento-tecnico-con-sabor\\\/\"},\"author\":{\"name\":\"Jeanette\",\"@id\":\"https:\\\/\\\/www.eldiario.net\\\/portal\\\/#\\\/schema\\\/person\\\/2c57cf2b7a7ae032e449e4c9b1019eac\"},\"headline\":\"Festival gastron\u00f3mico de Total Conference conect\u00f3 conocimiento t\u00e9cnico con sabor\",\"datePublished\":\"2025-08-17T11:43:58+00:00\",\"mainEntityOfPage\":{\"@id\":\"https:\\\/\\\/www.eldiario.net\\\/portal\\\/2025\\\/08\\\/17\\\/festival-gastronomico-de-total-conference-conecto-conocimiento-tecnico-con-sabor\\\/\"},\"wordCount\":876,\"publisher\":{\"@id\":\"https:\\\/\\\/www.eldiario.net\\\/portal\\\/#organization\"},\"image\":{\"@id\":\"https:\\\/\\\/www.eldiario.net\\\/portal\\\/2025\\\/08\\\/17\\\/festival-gastronomico-de-total-conference-conecto-conocimiento-tecnico-con-sabor\\\/#primaryimage\"},\"thumbnailUrl\":\"https:\\\/\\\/www.eldiario.net\\\/portal\\\/wp-content\\\/uploads\\\/2025\\\/08\\\/total-2.webp\",\"articleSection\":[\"Econom\u00eda\"],\"inLanguage\":\"es\"},{\"@type\":\"WebPage\",\"@id\":\"https:\\\/\\\/www.eldiario.net\\\/portal\\\/2025\\\/08\\\/17\\\/festival-gastronomico-de-total-conference-conecto-conocimiento-tecnico-con-sabor\\\/\",\"url\":\"https:\\\/\\\/www.eldiario.net\\\/portal\\\/2025\\\/08\\\/17\\\/festival-gastronomico-de-total-conference-conecto-conocimiento-tecnico-con-sabor\\\/\",\"name\":\"Festival gastron\u00f3mico de Total Conference conect\u00f3 conocimiento t\u00e9cnico con sabor - El Diario - Bolivia\",\"isPartOf\":{\"@id\":\"https:\\\/\\\/www.eldiario.net\\\/portal\\\/#website\"},\"primaryImageOfPage\":{\"@id\":\"https:\\\/\\\/www.eldiario.net\\\/portal\\\/2025\\\/08\\\/17\\\/festival-gastronomico-de-total-conference-conecto-conocimiento-tecnico-con-sabor\\\/#primaryimage\"},\"image\":{\"@id\":\"https:\\\/\\\/www.eldiario.net\\\/portal\\\/2025\\\/08\\\/17\\\/festival-gastronomico-de-total-conference-conecto-conocimiento-tecnico-con-sabor\\\/#primaryimage\"},\"thumbnailUrl\":\"https:\\\/\\\/www.eldiario.net\\\/portal\\\/wp-content\\\/uploads\\\/2025\\\/08\\\/total-2.webp\",\"datePublished\":\"2025-08-17T11:43:58+00:00\",\"breadcrumb\":{\"@id\":\"https:\\\/\\\/www.eldiario.net\\\/portal\\\/2025\\\/08\\\/17\\\/festival-gastronomico-de-total-conference-conecto-conocimiento-tecnico-con-sabor\\\/#breadcrumb\"},\"inLanguage\":\"es\",\"potentialAction\":[{\"@type\":\"ReadAction\",\"target\":[\"https:\\\/\\\/www.eldiario.net\\\/portal\\\/2025\\\/08\\\/17\\\/festival-gastronomico-de-total-conference-conecto-conocimiento-tecnico-con-sabor\\\/\"]}]},{\"@type\":\"ImageObject\",\"inLanguage\":\"es\",\"@id\":\"https:\\\/\\\/www.eldiario.net\\\/portal\\\/2025\\\/08\\\/17\\\/festival-gastronomico-de-total-conference-conecto-conocimiento-tecnico-con-sabor\\\/#primaryimage\",\"url\":\"https:\\\/\\\/www.eldiario.net\\\/portal\\\/wp-content\\\/uploads\\\/2025\\\/08\\\/total-2.webp\",\"contentUrl\":\"https:\\\/\\\/www.eldiario.net\\\/portal\\\/wp-content\\\/uploads\\\/2025\\\/08\\\/total-2.webp\",\"width\":1440,\"height\":958,\"caption\":\"chef preparando la oferta gastron\u00f3mica.\"},{\"@type\":\"BreadcrumbList\",\"@id\":\"https:\\\/\\\/www.eldiario.net\\\/portal\\\/2025\\\/08\\\/17\\\/festival-gastronomico-de-total-conference-conecto-conocimiento-tecnico-con-sabor\\\/#breadcrumb\",\"itemListElement\":[{\"@type\":\"ListItem\",\"position\":1,\"name\":\"Portada\",\"item\":\"https:\\\/\\\/www.eldiario.net\\\/portal\\\/\"},{\"@type\":\"ListItem\",\"position\":2,\"name\":\"Festival gastron\u00f3mico de Total Conference conect\u00f3 conocimiento t\u00e9cnico con sabor\"}]},{\"@type\":\"WebSite\",\"@id\":\"https:\\\/\\\/www.eldiario.net\\\/portal\\\/#website\",\"url\":\"https:\\\/\\\/www.eldiario.net\\\/portal\\\/\",\"name\":\"El Diario - Decano de la prensa nacional\",\"description\":\"El Diario - Decano de la prensa nacional\",\"publisher\":{\"@id\":\"https:\\\/\\\/www.eldiario.net\\\/portal\\\/#organization\"},\"potentialAction\":[{\"@type\":\"SearchAction\",\"target\":{\"@type\":\"EntryPoint\",\"urlTemplate\":\"https:\\\/\\\/www.eldiario.net\\\/portal\\\/?s={search_term_string}\"},\"query-input\":{\"@type\":\"PropertyValueSpecification\",\"valueRequired\":true,\"valueName\":\"search_term_string\"}}],\"inLanguage\":\"es\"},{\"@type\":\"Organization\",\"@id\":\"https:\\\/\\\/www.eldiario.net\\\/portal\\\/#organization\",\"name\":\"El Diario - Decano de la prensa nacional\",\"url\":\"https:\\\/\\\/www.eldiario.net\\\/portal\\\/\",\"logo\":{\"@type\":\"ImageObject\",\"inLanguage\":\"es\",\"@id\":\"https:\\\/\\\/www.eldiario.net\\\/portal\\\/#\\\/schema\\\/logo\\\/image\\\/\",\"url\":\"https:\\\/\\\/www.eldiario.net\\\/portal\\\/wp-content\\\/uploads\\\/2023\\\/07\\\/logo_ED.jpg\",\"contentUrl\":\"https:\\\/\\\/www.eldiario.net\\\/portal\\\/wp-content\\\/uploads\\\/2023\\\/07\\\/logo_ED.jpg\",\"width\":272,\"height\":52,\"caption\":\"El Diario - Decano de la prensa nacional\"},\"image\":{\"@id\":\"https:\\\/\\\/www.eldiario.net\\\/portal\\\/#\\\/schema\\\/logo\\\/image\\\/\"},\"sameAs\":[\"https:\\\/\\\/www.facebook.com\\\/eldiario.bolivia\\\/\",\"https:\\\/\\\/x.com\\\/eldiario_net\"]},{\"@type\":\"Person\",\"@id\":\"https:\\\/\\\/www.eldiario.net\\\/portal\\\/#\\\/schema\\\/person\\\/2c57cf2b7a7ae032e449e4c9b1019eac\",\"name\":\"Jeanette\",\"image\":{\"@type\":\"ImageObject\",\"inLanguage\":\"es\",\"@id\":\"https:\\\/\\\/secure.gravatar.com\\\/avatar\\\/3ea2118a5f7dad2b7138b1187a6b7ee55f160b9968b66013c3a3ef39dd7e5798?s=96&d=mm&r=g\",\"url\":\"https:\\\/\\\/secure.gravatar.com\\\/avatar\\\/3ea2118a5f7dad2b7138b1187a6b7ee55f160b9968b66013c3a3ef39dd7e5798?s=96&d=mm&r=g\",\"contentUrl\":\"https:\\\/\\\/secure.gravatar.com\\\/avatar\\\/3ea2118a5f7dad2b7138b1187a6b7ee55f160b9968b66013c3a3ef39dd7e5798?s=96&d=mm&r=g\",\"caption\":\"Jeanette\"},\"sameAs\":[\"https:\\\/\\\/www.eldiario.net\\\/portal\"],\"url\":\"https:\\\/\\\/www.eldiario.net\\\/portal\\\/author\\\/jeanette\\\/\"}]}<\/script>\n<!-- \/ Yoast SEO plugin. -->","yoast_head_json":{"title":"Festival gastron\u00f3mico de Total Conference conect\u00f3 conocimiento t\u00e9cnico con sabor - El Diario - Bolivia","robots":{"index":"index","follow":"follow","max-snippet":"max-snippet:-1","max-image-preview":"max-image-preview:large","max-video-preview":"max-video-preview:-1"},"canonical":"https:\/\/www.eldiario.net\/portal\/2025\/08\/17\/festival-gastronomico-de-total-conference-conecto-conocimiento-tecnico-con-sabor\/","og_locale":"es_ES","og_type":"article","og_title":"Festival gastron\u00f3mico de Total Conference conect\u00f3 conocimiento t\u00e9cnico con sabor - El Diario - Bolivia","og_description":"El Festival Gastron\u00f3mico de Total Conference 2025 es el resultado final de decisiones cient\u00edficas y estrat\u00e9gicas respecto a la ganader\u00eda y agricultura. Desde la gen\u00e9tica pasando por la t\u00e9cnica del fuego hasta la cocci\u00f3n, se mostr\u00f3 c\u00f3mo la innovaci\u00f3n en el agronegocio puede traducirse en experiencias culinarias cocinadas con maestr\u00eda desde el amanecer. Entre paneles [&hellip;]","og_url":"https:\/\/www.eldiario.net\/portal\/2025\/08\/17\/festival-gastronomico-de-total-conference-conecto-conocimiento-tecnico-con-sabor\/","og_site_name":"El Diario - Bolivia","article_publisher":"https:\/\/www.facebook.com\/eldiario.bolivia\/","article_published_time":"2025-08-17T11:43:58+00:00","og_image":[{"width":1440,"height":958,"url":"https:\/\/www.eldiario.net\/portal\/wp-content\/uploads\/2025\/08\/total-2.webp","type":"image\/webp"}],"author":"Jeanette","twitter_card":"summary_large_image","twitter_creator":"@eldiario_net","twitter_site":"@eldiario_net","twitter_misc":{"Escrito por":"Jeanette","Tiempo de lectura":"4 minutos"},"schema":{"@context":"https:\/\/schema.org","@graph":[{"@type":"Article","@id":"https:\/\/www.eldiario.net\/portal\/2025\/08\/17\/festival-gastronomico-de-total-conference-conecto-conocimiento-tecnico-con-sabor\/#article","isPartOf":{"@id":"https:\/\/www.eldiario.net\/portal\/2025\/08\/17\/festival-gastronomico-de-total-conference-conecto-conocimiento-tecnico-con-sabor\/"},"author":{"name":"Jeanette","@id":"https:\/\/www.eldiario.net\/portal\/#\/schema\/person\/2c57cf2b7a7ae032e449e4c9b1019eac"},"headline":"Festival gastron\u00f3mico de Total Conference conect\u00f3 conocimiento t\u00e9cnico con sabor","datePublished":"2025-08-17T11:43:58+00:00","mainEntityOfPage":{"@id":"https:\/\/www.eldiario.net\/portal\/2025\/08\/17\/festival-gastronomico-de-total-conference-conecto-conocimiento-tecnico-con-sabor\/"},"wordCount":876,"publisher":{"@id":"https:\/\/www.eldiario.net\/portal\/#organization"},"image":{"@id":"https:\/\/www.eldiario.net\/portal\/2025\/08\/17\/festival-gastronomico-de-total-conference-conecto-conocimiento-tecnico-con-sabor\/#primaryimage"},"thumbnailUrl":"https:\/\/www.eldiario.net\/portal\/wp-content\/uploads\/2025\/08\/total-2.webp","articleSection":["Econom\u00eda"],"inLanguage":"es"},{"@type":"WebPage","@id":"https:\/\/www.eldiario.net\/portal\/2025\/08\/17\/festival-gastronomico-de-total-conference-conecto-conocimiento-tecnico-con-sabor\/","url":"https:\/\/www.eldiario.net\/portal\/2025\/08\/17\/festival-gastronomico-de-total-conference-conecto-conocimiento-tecnico-con-sabor\/","name":"Festival gastron\u00f3mico de Total Conference conect\u00f3 conocimiento t\u00e9cnico con sabor - El Diario - Bolivia","isPartOf":{"@id":"https:\/\/www.eldiario.net\/portal\/#website"},"primaryImageOfPage":{"@id":"https:\/\/www.eldiario.net\/portal\/2025\/08\/17\/festival-gastronomico-de-total-conference-conecto-conocimiento-tecnico-con-sabor\/#primaryimage"},"image":{"@id":"https:\/\/www.eldiario.net\/portal\/2025\/08\/17\/festival-gastronomico-de-total-conference-conecto-conocimiento-tecnico-con-sabor\/#primaryimage"},"thumbnailUrl":"https:\/\/www.eldiario.net\/portal\/wp-content\/uploads\/2025\/08\/total-2.webp","datePublished":"2025-08-17T11:43:58+00:00","breadcrumb":{"@id":"https:\/\/www.eldiario.net\/portal\/2025\/08\/17\/festival-gastronomico-de-total-conference-conecto-conocimiento-tecnico-con-sabor\/#breadcrumb"},"inLanguage":"es","potentialAction":[{"@type":"ReadAction","target":["https:\/\/www.eldiario.net\/portal\/2025\/08\/17\/festival-gastronomico-de-total-conference-conecto-conocimiento-tecnico-con-sabor\/"]}]},{"@type":"ImageObject","inLanguage":"es","@id":"https:\/\/www.eldiario.net\/portal\/2025\/08\/17\/festival-gastronomico-de-total-conference-conecto-conocimiento-tecnico-con-sabor\/#primaryimage","url":"https:\/\/www.eldiario.net\/portal\/wp-content\/uploads\/2025\/08\/total-2.webp","contentUrl":"https:\/\/www.eldiario.net\/portal\/wp-content\/uploads\/2025\/08\/total-2.webp","width":1440,"height":958,"caption":"chef preparando la oferta gastron\u00f3mica."},{"@type":"BreadcrumbList","@id":"https:\/\/www.eldiario.net\/portal\/2025\/08\/17\/festival-gastronomico-de-total-conference-conecto-conocimiento-tecnico-con-sabor\/#breadcrumb","itemListElement":[{"@type":"ListItem","position":1,"name":"Portada","item":"https:\/\/www.eldiario.net\/portal\/"},{"@type":"ListItem","position":2,"name":"Festival gastron\u00f3mico de Total Conference conect\u00f3 conocimiento t\u00e9cnico con sabor"}]},{"@type":"WebSite","@id":"https:\/\/www.eldiario.net\/portal\/#website","url":"https:\/\/www.eldiario.net\/portal\/","name":"El Diario - Decano de la prensa nacional","description":"El Diario - Decano de la prensa nacional","publisher":{"@id":"https:\/\/www.eldiario.net\/portal\/#organization"},"potentialAction":[{"@type":"SearchAction","target":{"@type":"EntryPoint","urlTemplate":"https:\/\/www.eldiario.net\/portal\/?s={search_term_string}"},"query-input":{"@type":"PropertyValueSpecification","valueRequired":true,"valueName":"search_term_string"}}],"inLanguage":"es"},{"@type":"Organization","@id":"https:\/\/www.eldiario.net\/portal\/#organization","name":"El Diario - Decano de la prensa nacional","url":"https:\/\/www.eldiario.net\/portal\/","logo":{"@type":"ImageObject","inLanguage":"es","@id":"https:\/\/www.eldiario.net\/portal\/#\/schema\/logo\/image\/","url":"https:\/\/www.eldiario.net\/portal\/wp-content\/uploads\/2023\/07\/logo_ED.jpg","contentUrl":"https:\/\/www.eldiario.net\/portal\/wp-content\/uploads\/2023\/07\/logo_ED.jpg","width":272,"height":52,"caption":"El Diario - Decano de la prensa nacional"},"image":{"@id":"https:\/\/www.eldiario.net\/portal\/#\/schema\/logo\/image\/"},"sameAs":["https:\/\/www.facebook.com\/eldiario.bolivia\/","https:\/\/x.com\/eldiario_net"]},{"@type":"Person","@id":"https:\/\/www.eldiario.net\/portal\/#\/schema\/person\/2c57cf2b7a7ae032e449e4c9b1019eac","name":"Jeanette","image":{"@type":"ImageObject","inLanguage":"es","@id":"https:\/\/secure.gravatar.com\/avatar\/3ea2118a5f7dad2b7138b1187a6b7ee55f160b9968b66013c3a3ef39dd7e5798?s=96&d=mm&r=g","url":"https:\/\/secure.gravatar.com\/avatar\/3ea2118a5f7dad2b7138b1187a6b7ee55f160b9968b66013c3a3ef39dd7e5798?s=96&d=mm&r=g","contentUrl":"https:\/\/secure.gravatar.com\/avatar\/3ea2118a5f7dad2b7138b1187a6b7ee55f160b9968b66013c3a3ef39dd7e5798?s=96&d=mm&r=g","caption":"Jeanette"},"sameAs":["https:\/\/www.eldiario.net\/portal"],"url":"https:\/\/www.eldiario.net\/portal\/author\/jeanette\/"}]}},"_links":{"self":[{"href":"https:\/\/www.eldiario.net\/portal\/wp-json\/wp\/v2\/posts\/324578","targetHints":{"allow":["GET"]}}],"collection":[{"href":"https:\/\/www.eldiario.net\/portal\/wp-json\/wp\/v2\/posts"}],"about":[{"href":"https:\/\/www.eldiario.net\/portal\/wp-json\/wp\/v2\/types\/post"}],"author":[{"embeddable":true,"href":"https:\/\/www.eldiario.net\/portal\/wp-json\/wp\/v2\/users\/1"}],"replies":[{"embeddable":true,"href":"https:\/\/www.eldiario.net\/portal\/wp-json\/wp\/v2\/comments?post=324578"}],"version-history":[{"count":1,"href":"https:\/\/www.eldiario.net\/portal\/wp-json\/wp\/v2\/posts\/324578\/revisions"}],"predecessor-version":[{"id":324580,"href":"https:\/\/www.eldiario.net\/portal\/wp-json\/wp\/v2\/posts\/324578\/revisions\/324580"}],"wp:featuredmedia":[{"embeddable":true,"href":"https:\/\/www.eldiario.net\/portal\/wp-json\/wp\/v2\/media\/324579"}],"wp:attachment":[{"href":"https:\/\/www.eldiario.net\/portal\/wp-json\/wp\/v2\/media?parent=324578"}],"wp:term":[{"taxonomy":"category","embeddable":true,"href":"https:\/\/www.eldiario.net\/portal\/wp-json\/wp\/v2\/categories?post=324578"},{"taxonomy":"post_tag","embeddable":true,"href":"https:\/\/www.eldiario.net\/portal\/wp-json\/wp\/v2\/tags?post=324578"}],"curies":[{"name":"wp","href":"https:\/\/api.w.org\/{rel}","templated":true}]}}