{"id":324480,"date":"2025-08-17T06:51:10","date_gmt":"2025-08-17T10:51:10","guid":{"rendered":"https:\/\/www.eldiario.net\/portal\/?p=324480"},"modified":"2025-08-17T06:51:10","modified_gmt":"2025-08-17T10:51:10","slug":"7-937-138-ciudadanos-hoy-definen-el-futuro-de-bolivia","status":"publish","type":"post","link":"https:\/\/www.eldiario.net\/portal\/2025\/08\/17\/7-937-138-ciudadanos-hoy-definen-el-futuro-de-bolivia\/","title":{"rendered":"7.937.138 ciudadanos hoy definen el futuro de Bolivia"},"content":{"rendered":"<p>Hoy, 7.937.138 ciudadanos ejercer\u00e1n su derecho al voto, una oportunidad fundamental para la vida democr\u00e1tica de Bolivia, eligiendo en las urnas a los nuevos gobernantes, en medio de una crisis econ\u00f3mica, polarizaci\u00f3n e incertidumbre extrema por la que atraviesa el pa\u00eds. Adem\u00e1s, es uno de los comicios m\u00e1s observados de su historia con 19 organismos veedores -14 internacionales y cinco nacionales- que supervisar\u00e1n el proceso electoral.<br \/>\nEl departamento de Santa Cruz, por primera vez, cuenta con una mayor cantidad de ciudadanos habilitados para sufragar, contabilizando un total de 2.071.967 registros, le siguen La Paz con 2.047.825, Cochabamba con 1.443.013, Potos\u00ed con 487.029, Tarija con 394.539, Chuquisaca con 384.825, Oruro con 363.225, Beni con 296.173 y Pando, 78.611 votantes.<br \/>\nEl departamento de La Paz concentra el mayor n\u00famero de asientos electorales con 876, le siguen Potos\u00ed con 595, Santa Cruz con 562, Cochabamba con 472, Chuquisaca con 370, Oruro con 276, Tarija con 252, Beni con 196 y finalmente Pando con 134.<br \/>\nEn el exterior del pa\u00eds, un total de 369.931 ciudadanos bolivianos est\u00e1n habilitados para votar, en cinco de los 22 pa\u00edses se concentran cerca del 95% de compatriotas empadronados, estos son: Argentina, 162.531; Espa\u00f1a, 82.273; Brasil, 47.623; Chile, 44.801 y Estados Unidos con 15.222 habilitados.<br \/>\nEn estas justas electorales, la poblaci\u00f3n votar\u00e1 para elegir un Presidente y un Vicepresidente, adem\u00e1s de 36 senadores (cuatro por departamento), 60 diputados plurinominales, 63 diputados uninominales, 7 diputados de circunscripciones especiales y 9 asamble\u00edstas supraestatales (uno por departamento).<br \/>\nDe forma oficial, 2.136 candidatos quedaron habilitados para las elecciones generales y 451 postulaciones no fueron sustituidas. Para esta jornada, el Tribunal Suprema Electoral habilit\u00f3 a ocho candidatos, quienes competir\u00e1n por la presidencia del pa\u00eds: Andr\u00f3nico Rodr\u00edguez, Alianza Popular; Johnny Fern\u00e1ndez, Alianza Fuerza del Pueblo; Manfred Reyes Villa, Bolivia-S\u00famate; Jorge Quiroga, Alianza Libertad y Democracia; Rodrigo Paz Pereira, Partido Dem\u00f3crata Cristiano; Eduardo Del Castillo, Movimiento al Socialismo; Samuel Doria Medina, Alianza Unidad; y Pavel Aracena, Alianza Libertad y Progreso-ADN.<\/p>\n","protected":false},"excerpt":{"rendered":"<p>Hoy, 7.937.138 ciudadanos ejercer\u00e1n su derecho al voto, una oportunidad fundamental para la vida democr\u00e1tica de Bolivia, eligiendo en las urnas a los nuevos gobernantes, en medio de una crisis econ\u00f3mica, polarizaci\u00f3n e incertidumbre extrema por la que atraviesa el pa\u00eds. Adem\u00e1s, es uno de los comicios m\u00e1s observados de su historia con 19 organismos [&hellip;]<\/p>\n","protected":false},"author":1,"featured_media":324481,"comment_status":"closed","ping_status":"open","sticky":false,"template":"","format":"standard","meta":{"_acf_changed":false,"footnotes":""},"categories":[17],"tags":[],"class_list":["post-324480","post","type-post","status-publish","format-standard","has-post-thumbnail","category-principal"],"acf":{"antetitulo":"En medio de crisis econ\u00f3mica, polarizaci\u00f3n e incertidumbre extrema"},"yoast_head":"<!-- This site is optimized with the Yoast SEO plugin v28.4 - https:\/\/yoast.com\/product\/yoast-seo-wordpress\/ -->\n<title>7.937.138 ciudadanos hoy definen el futuro de Bolivia - El Diario - Bolivia<\/title>\n<meta name=\"robots\" content=\"index, follow, max-snippet:-1, max-image-preview:large, max-video-preview:-1\" \/>\n<link rel=\"canonical\" href=\"https:\/\/www.eldiario.net\/portal\/2025\/08\/17\/7-937-138-ciudadanos-hoy-definen-el-futuro-de-bolivia\/\" \/>\n<meta property=\"og:locale\" content=\"es_ES\" \/>\n<meta property=\"og:type\" content=\"article\" \/>\n<meta property=\"og:title\" content=\"7.937.138 ciudadanos hoy definen el futuro de Bolivia - El Diario - Bolivia\" \/>\n<meta property=\"og:description\" content=\"Hoy, 7.937.138 ciudadanos ejercer\u00e1n su derecho al voto, una oportunidad fundamental para la vida democr\u00e1tica de Bolivia, eligiendo en las urnas a los nuevos gobernantes, en medio de una crisis econ\u00f3mica, polarizaci\u00f3n e incertidumbre extrema por la que atraviesa el pa\u00eds. Adem\u00e1s, es uno de los comicios m\u00e1s observados de su historia con 19 organismos [&hellip;]\" \/>\n<meta property=\"og:url\" content=\"https:\/\/www.eldiario.net\/portal\/2025\/08\/17\/7-937-138-ciudadanos-hoy-definen-el-futuro-de-bolivia\/\" \/>\n<meta property=\"og:site_name\" content=\"El Diario - Bolivia\" \/>\n<meta property=\"article:publisher\" content=\"https:\/\/www.facebook.com\/eldiario.bolivia\/\" \/>\n<meta property=\"article:published_time\" content=\"2025-08-17T10:51:10+00:00\" \/>\n<meta property=\"og:image\" content=\"https:\/\/www.eldiario.net\/portal\/wp-content\/uploads\/2025\/08\/P-1-15-cm-x-11.webp\" \/>\n\t<meta property=\"og:image:width\" content=\"1200\" \/>\n\t<meta property=\"og:image:height\" content=\"806\" \/>\n\t<meta property=\"og:image:type\" content=\"image\/webp\" \/>\n<meta name=\"author\" content=\"Jeanette\" \/>\n<meta name=\"twitter:card\" content=\"summary_large_image\" \/>\n<meta name=\"twitter:creator\" content=\"@eldiario_net\" \/>\n<meta name=\"twitter:site\" content=\"@eldiario_net\" \/>\n<meta name=\"twitter:label1\" content=\"Escrito por\" \/>\n\t<meta name=\"twitter:data1\" content=\"Jeanette\" \/>\n\t<meta name=\"twitter:label2\" content=\"Tiempo de lectura\" \/>\n\t<meta name=\"twitter:data2\" content=\"2 minutos\" \/>\n<script type=\"application\/ld+json\" class=\"yoast-schema-graph\">{\"@context\":\"https:\\\/\\\/schema.org\",\"@graph\":[{\"@type\":\"Article\",\"@id\":\"https:\\\/\\\/www.eldiario.net\\\/portal\\\/2025\\\/08\\\/17\\\/7-937-138-ciudadanos-hoy-definen-el-futuro-de-bolivia\\\/#article\",\"isPartOf\":{\"@id\":\"https:\\\/\\\/www.eldiario.net\\\/portal\\\/2025\\\/08\\\/17\\\/7-937-138-ciudadanos-hoy-definen-el-futuro-de-bolivia\\\/\"},\"author\":{\"name\":\"Jeanette\",\"@id\":\"https:\\\/\\\/www.eldiario.net\\\/portal\\\/#\\\/schema\\\/person\\\/f46445640444750d7d753ccd04ae01b7\"},\"headline\":\"7.937.138 ciudadanos hoy definen el futuro de Bolivia\",\"datePublished\":\"2025-08-17T10:51:10+00:00\",\"mainEntityOfPage\":{\"@id\":\"https:\\\/\\\/www.eldiario.net\\\/portal\\\/2025\\\/08\\\/17\\\/7-937-138-ciudadanos-hoy-definen-el-futuro-de-bolivia\\\/\"},\"wordCount\":319,\"publisher\":{\"@id\":\"https:\\\/\\\/www.eldiario.net\\\/portal\\\/#organization\"},\"image\":{\"@id\":\"https:\\\/\\\/www.eldiario.net\\\/portal\\\/2025\\\/08\\\/17\\\/7-937-138-ciudadanos-hoy-definen-el-futuro-de-bolivia\\\/#primaryimage\"},\"thumbnailUrl\":\"https:\\\/\\\/www.eldiario.net\\\/portal\\\/wp-content\\\/uploads\\\/2025\\\/08\\\/P-1-15-cm-x-11.webp\",\"articleSection\":[\"Principal\"],\"inLanguage\":\"es\"},{\"@type\":\"WebPage\",\"@id\":\"https:\\\/\\\/www.eldiario.net\\\/portal\\\/2025\\\/08\\\/17\\\/7-937-138-ciudadanos-hoy-definen-el-futuro-de-bolivia\\\/\",\"url\":\"https:\\\/\\\/www.eldiario.net\\\/portal\\\/2025\\\/08\\\/17\\\/7-937-138-ciudadanos-hoy-definen-el-futuro-de-bolivia\\\/\",\"name\":\"7.937.138 ciudadanos hoy definen el futuro de Bolivia - El Diario - Bolivia\",\"isPartOf\":{\"@id\":\"https:\\\/\\\/www.eldiario.net\\\/portal\\\/#website\"},\"primaryImageOfPage\":{\"@id\":\"https:\\\/\\\/www.eldiario.net\\\/portal\\\/2025\\\/08\\\/17\\\/7-937-138-ciudadanos-hoy-definen-el-futuro-de-bolivia\\\/#primaryimage\"},\"image\":{\"@id\":\"https:\\\/\\\/www.eldiario.net\\\/portal\\\/2025\\\/08\\\/17\\\/7-937-138-ciudadanos-hoy-definen-el-futuro-de-bolivia\\\/#primaryimage\"},\"thumbnailUrl\":\"https:\\\/\\\/www.eldiario.net\\\/portal\\\/wp-content\\\/uploads\\\/2025\\\/08\\\/P-1-15-cm-x-11.webp\",\"datePublished\":\"2025-08-17T10:51:10+00:00\",\"breadcrumb\":{\"@id\":\"https:\\\/\\\/www.eldiario.net\\\/portal\\\/2025\\\/08\\\/17\\\/7-937-138-ciudadanos-hoy-definen-el-futuro-de-bolivia\\\/#breadcrumb\"},\"inLanguage\":\"es\",\"potentialAction\":[{\"@type\":\"ReadAction\",\"target\":[\"https:\\\/\\\/www.eldiario.net\\\/portal\\\/2025\\\/08\\\/17\\\/7-937-138-ciudadanos-hoy-definen-el-futuro-de-bolivia\\\/\"]}]},{\"@type\":\"ImageObject\",\"inLanguage\":\"es\",\"@id\":\"https:\\\/\\\/www.eldiario.net\\\/portal\\\/2025\\\/08\\\/17\\\/7-937-138-ciudadanos-hoy-definen-el-futuro-de-bolivia\\\/#primaryimage\",\"url\":\"https:\\\/\\\/www.eldiario.net\\\/portal\\\/wp-content\\\/uploads\\\/2025\\\/08\\\/P-1-15-cm-x-11.webp\",\"contentUrl\":\"https:\\\/\\\/www.eldiario.net\\\/portal\\\/wp-content\\\/uploads\\\/2025\\\/08\\\/P-1-15-cm-x-11.webp\",\"width\":1200,\"height\":806,\"caption\":\"El TSE probar\u00e1 un nuevo sistema de conteo r\u00e1pido tras los fallidos intentos de 2019 y 2020. la poblaci\u00f3n boliviana vuelve a las urnas para elegir a sus autoridades.\"},{\"@type\":\"BreadcrumbList\",\"@id\":\"https:\\\/\\\/www.eldiario.net\\\/portal\\\/2025\\\/08\\\/17\\\/7-937-138-ciudadanos-hoy-definen-el-futuro-de-bolivia\\\/#breadcrumb\",\"itemListElement\":[{\"@type\":\"ListItem\",\"position\":1,\"name\":\"Portada\",\"item\":\"https:\\\/\\\/www.eldiario.net\\\/portal\\\/\"},{\"@type\":\"ListItem\",\"position\":2,\"name\":\"7.937.138 ciudadanos hoy definen el futuro de Bolivia\"}]},{\"@type\":\"WebSite\",\"@id\":\"https:\\\/\\\/www.eldiario.net\\\/portal\\\/#website\",\"url\":\"https:\\\/\\\/www.eldiario.net\\\/portal\\\/\",\"name\":\"El Diario - Decano de la prensa nacional\",\"description\":\"El Diario - Decano de la prensa nacional\",\"publisher\":{\"@id\":\"https:\\\/\\\/www.eldiario.net\\\/portal\\\/#organization\"},\"potentialAction\":[{\"@type\":\"SearchAction\",\"target\":{\"@type\":\"EntryPoint\",\"urlTemplate\":\"https:\\\/\\\/www.eldiario.net\\\/portal\\\/?s={search_term_string}\"},\"query-input\":{\"@type\":\"PropertyValueSpecification\",\"valueRequired\":true,\"valueName\":\"search_term_string\"}}],\"inLanguage\":\"es\"},{\"@type\":\"Organization\",\"@id\":\"https:\\\/\\\/www.eldiario.net\\\/portal\\\/#organization\",\"name\":\"El Diario - Decano de la prensa nacional\",\"url\":\"https:\\\/\\\/www.eldiario.net\\\/portal\\\/\",\"logo\":{\"@type\":\"ImageObject\",\"inLanguage\":\"es\",\"@id\":\"https:\\\/\\\/www.eldiario.net\\\/portal\\\/#\\\/schema\\\/logo\\\/image\\\/\",\"url\":\"https:\\\/\\\/www.eldiario.net\\\/portal\\\/wp-content\\\/uploads\\\/2023\\\/07\\\/logo_ED.jpg\",\"contentUrl\":\"https:\\\/\\\/www.eldiario.net\\\/portal\\\/wp-content\\\/uploads\\\/2023\\\/07\\\/logo_ED.jpg\",\"width\":272,\"height\":52,\"caption\":\"El Diario - Decano de la prensa nacional\"},\"image\":{\"@id\":\"https:\\\/\\\/www.eldiario.net\\\/portal\\\/#\\\/schema\\\/logo\\\/image\\\/\"},\"sameAs\":[\"https:\\\/\\\/www.facebook.com\\\/eldiario.bolivia\\\/\",\"https:\\\/\\\/x.com\\\/eldiario_net\"]},{\"@type\":\"Person\",\"@id\":\"https:\\\/\\\/www.eldiario.net\\\/portal\\\/#\\\/schema\\\/person\\\/f46445640444750d7d753ccd04ae01b7\",\"name\":\"Jeanette\",\"image\":{\"@type\":\"ImageObject\",\"inLanguage\":\"es\",\"@id\":\"https:\\\/\\\/secure.gravatar.com\\\/avatar\\\/3ea2118a5f7dad2b7138b1187a6b7ee55f160b9968b66013c3a3ef39dd7e5798?s=96&d=mm&r=g\",\"url\":\"https:\\\/\\\/secure.gravatar.com\\\/avatar\\\/3ea2118a5f7dad2b7138b1187a6b7ee55f160b9968b66013c3a3ef39dd7e5798?s=96&d=mm&r=g\",\"contentUrl\":\"https:\\\/\\\/secure.gravatar.com\\\/avatar\\\/3ea2118a5f7dad2b7138b1187a6b7ee55f160b9968b66013c3a3ef39dd7e5798?s=96&d=mm&r=g\",\"caption\":\"Jeanette\"},\"sameAs\":[\"https:\\\/\\\/www.eldiario.net\\\/portal\"],\"url\":\"https:\\\/\\\/www.eldiario.net\\\/portal\\\/author\\\/jeanette\\\/\"}]}<\/script>\n<!-- \/ Yoast SEO plugin. -->","yoast_head_json":{"title":"7.937.138 ciudadanos hoy definen el futuro de Bolivia - El Diario - Bolivia","robots":{"index":"index","follow":"follow","max-snippet":"max-snippet:-1","max-image-preview":"max-image-preview:large","max-video-preview":"max-video-preview:-1"},"canonical":"https:\/\/www.eldiario.net\/portal\/2025\/08\/17\/7-937-138-ciudadanos-hoy-definen-el-futuro-de-bolivia\/","og_locale":"es_ES","og_type":"article","og_title":"7.937.138 ciudadanos hoy definen el futuro de Bolivia - El Diario - Bolivia","og_description":"Hoy, 7.937.138 ciudadanos ejercer\u00e1n su derecho al voto, una oportunidad fundamental para la vida democr\u00e1tica de Bolivia, eligiendo en las urnas a los nuevos gobernantes, en medio de una crisis econ\u00f3mica, polarizaci\u00f3n e incertidumbre extrema por la que atraviesa el pa\u00eds. Adem\u00e1s, es uno de los comicios m\u00e1s observados de su historia con 19 organismos [&hellip;]","og_url":"https:\/\/www.eldiario.net\/portal\/2025\/08\/17\/7-937-138-ciudadanos-hoy-definen-el-futuro-de-bolivia\/","og_site_name":"El Diario - Bolivia","article_publisher":"https:\/\/www.facebook.com\/eldiario.bolivia\/","article_published_time":"2025-08-17T10:51:10+00:00","og_image":[{"width":1200,"height":806,"url":"https:\/\/www.eldiario.net\/portal\/wp-content\/uploads\/2025\/08\/P-1-15-cm-x-11.webp","type":"image\/webp"}],"author":"Jeanette","twitter_card":"summary_large_image","twitter_creator":"@eldiario_net","twitter_site":"@eldiario_net","twitter_misc":{"Escrito por":"Jeanette","Tiempo de lectura":"2 minutos"},"schema":{"@context":"https:\/\/schema.org","@graph":[{"@type":"Article","@id":"https:\/\/www.eldiario.net\/portal\/2025\/08\/17\/7-937-138-ciudadanos-hoy-definen-el-futuro-de-bolivia\/#article","isPartOf":{"@id":"https:\/\/www.eldiario.net\/portal\/2025\/08\/17\/7-937-138-ciudadanos-hoy-definen-el-futuro-de-bolivia\/"},"author":{"name":"Jeanette","@id":"https:\/\/www.eldiario.net\/portal\/#\/schema\/person\/f46445640444750d7d753ccd04ae01b7"},"headline":"7.937.138 ciudadanos hoy definen el futuro de Bolivia","datePublished":"2025-08-17T10:51:10+00:00","mainEntityOfPage":{"@id":"https:\/\/www.eldiario.net\/portal\/2025\/08\/17\/7-937-138-ciudadanos-hoy-definen-el-futuro-de-bolivia\/"},"wordCount":319,"publisher":{"@id":"https:\/\/www.eldiario.net\/portal\/#organization"},"image":{"@id":"https:\/\/www.eldiario.net\/portal\/2025\/08\/17\/7-937-138-ciudadanos-hoy-definen-el-futuro-de-bolivia\/#primaryimage"},"thumbnailUrl":"https:\/\/www.eldiario.net\/portal\/wp-content\/uploads\/2025\/08\/P-1-15-cm-x-11.webp","articleSection":["Principal"],"inLanguage":"es"},{"@type":"WebPage","@id":"https:\/\/www.eldiario.net\/portal\/2025\/08\/17\/7-937-138-ciudadanos-hoy-definen-el-futuro-de-bolivia\/","url":"https:\/\/www.eldiario.net\/portal\/2025\/08\/17\/7-937-138-ciudadanos-hoy-definen-el-futuro-de-bolivia\/","name":"7.937.138 ciudadanos hoy definen el futuro de Bolivia - El Diario - Bolivia","isPartOf":{"@id":"https:\/\/www.eldiario.net\/portal\/#website"},"primaryImageOfPage":{"@id":"https:\/\/www.eldiario.net\/portal\/2025\/08\/17\/7-937-138-ciudadanos-hoy-definen-el-futuro-de-bolivia\/#primaryimage"},"image":{"@id":"https:\/\/www.eldiario.net\/portal\/2025\/08\/17\/7-937-138-ciudadanos-hoy-definen-el-futuro-de-bolivia\/#primaryimage"},"thumbnailUrl":"https:\/\/www.eldiario.net\/portal\/wp-content\/uploads\/2025\/08\/P-1-15-cm-x-11.webp","datePublished":"2025-08-17T10:51:10+00:00","breadcrumb":{"@id":"https:\/\/www.eldiario.net\/portal\/2025\/08\/17\/7-937-138-ciudadanos-hoy-definen-el-futuro-de-bolivia\/#breadcrumb"},"inLanguage":"es","potentialAction":[{"@type":"ReadAction","target":["https:\/\/www.eldiario.net\/portal\/2025\/08\/17\/7-937-138-ciudadanos-hoy-definen-el-futuro-de-bolivia\/"]}]},{"@type":"ImageObject","inLanguage":"es","@id":"https:\/\/www.eldiario.net\/portal\/2025\/08\/17\/7-937-138-ciudadanos-hoy-definen-el-futuro-de-bolivia\/#primaryimage","url":"https:\/\/www.eldiario.net\/portal\/wp-content\/uploads\/2025\/08\/P-1-15-cm-x-11.webp","contentUrl":"https:\/\/www.eldiario.net\/portal\/wp-content\/uploads\/2025\/08\/P-1-15-cm-x-11.webp","width":1200,"height":806,"caption":"El TSE probar\u00e1 un nuevo sistema de conteo r\u00e1pido tras los fallidos intentos de 2019 y 2020. la poblaci\u00f3n boliviana vuelve a las urnas para elegir a sus autoridades."},{"@type":"BreadcrumbList","@id":"https:\/\/www.eldiario.net\/portal\/2025\/08\/17\/7-937-138-ciudadanos-hoy-definen-el-futuro-de-bolivia\/#breadcrumb","itemListElement":[{"@type":"ListItem","position":1,"name":"Portada","item":"https:\/\/www.eldiario.net\/portal\/"},{"@type":"ListItem","position":2,"name":"7.937.138 ciudadanos hoy definen el futuro de Bolivia"}]},{"@type":"WebSite","@id":"https:\/\/www.eldiario.net\/portal\/#website","url":"https:\/\/www.eldiario.net\/portal\/","name":"El Diario - Decano de la prensa nacional","description":"El Diario - Decano de la prensa nacional","publisher":{"@id":"https:\/\/www.eldiario.net\/portal\/#organization"},"potentialAction":[{"@type":"SearchAction","target":{"@type":"EntryPoint","urlTemplate":"https:\/\/www.eldiario.net\/portal\/?s={search_term_string}"},"query-input":{"@type":"PropertyValueSpecification","valueRequired":true,"valueName":"search_term_string"}}],"inLanguage":"es"},{"@type":"Organization","@id":"https:\/\/www.eldiario.net\/portal\/#organization","name":"El Diario - Decano de la prensa nacional","url":"https:\/\/www.eldiario.net\/portal\/","logo":{"@type":"ImageObject","inLanguage":"es","@id":"https:\/\/www.eldiario.net\/portal\/#\/schema\/logo\/image\/","url":"https:\/\/www.eldiario.net\/portal\/wp-content\/uploads\/2023\/07\/logo_ED.jpg","contentUrl":"https:\/\/www.eldiario.net\/portal\/wp-content\/uploads\/2023\/07\/logo_ED.jpg","width":272,"height":52,"caption":"El Diario - Decano de la prensa nacional"},"image":{"@id":"https:\/\/www.eldiario.net\/portal\/#\/schema\/logo\/image\/"},"sameAs":["https:\/\/www.facebook.com\/eldiario.bolivia\/","https:\/\/x.com\/eldiario_net"]},{"@type":"Person","@id":"https:\/\/www.eldiario.net\/portal\/#\/schema\/person\/f46445640444750d7d753ccd04ae01b7","name":"Jeanette","image":{"@type":"ImageObject","inLanguage":"es","@id":"https:\/\/secure.gravatar.com\/avatar\/3ea2118a5f7dad2b7138b1187a6b7ee55f160b9968b66013c3a3ef39dd7e5798?s=96&d=mm&r=g","url":"https:\/\/secure.gravatar.com\/avatar\/3ea2118a5f7dad2b7138b1187a6b7ee55f160b9968b66013c3a3ef39dd7e5798?s=96&d=mm&r=g","contentUrl":"https:\/\/secure.gravatar.com\/avatar\/3ea2118a5f7dad2b7138b1187a6b7ee55f160b9968b66013c3a3ef39dd7e5798?s=96&d=mm&r=g","caption":"Jeanette"},"sameAs":["https:\/\/www.eldiario.net\/portal"],"url":"https:\/\/www.eldiario.net\/portal\/author\/jeanette\/"}]}},"_links":{"self":[{"href":"https:\/\/www.eldiario.net\/portal\/wp-json\/wp\/v2\/posts\/324480","targetHints":{"allow":["GET"]}}],"collection":[{"href":"https:\/\/www.eldiario.net\/portal\/wp-json\/wp\/v2\/posts"}],"about":[{"href":"https:\/\/www.eldiario.net\/portal\/wp-json\/wp\/v2\/types\/post"}],"author":[{"embeddable":true,"href":"https:\/\/www.eldiario.net\/portal\/wp-json\/wp\/v2\/users\/1"}],"replies":[{"embeddable":true,"href":"https:\/\/www.eldiario.net\/portal\/wp-json\/wp\/v2\/comments?post=324480"}],"version-history":[{"count":1,"href":"https:\/\/www.eldiario.net\/portal\/wp-json\/wp\/v2\/posts\/324480\/revisions"}],"predecessor-version":[{"id":324482,"href":"https:\/\/www.eldiario.net\/portal\/wp-json\/wp\/v2\/posts\/324480\/revisions\/324482"}],"wp:featuredmedia":[{"embeddable":true,"href":"https:\/\/www.eldiario.net\/portal\/wp-json\/wp\/v2\/media\/324481"}],"wp:attachment":[{"href":"https:\/\/www.eldiario.net\/portal\/wp-json\/wp\/v2\/media?parent=324480"}],"wp:term":[{"taxonomy":"category","embeddable":true,"href":"https:\/\/www.eldiario.net\/portal\/wp-json\/wp\/v2\/categories?post=324480"},{"taxonomy":"post_tag","embeddable":true,"href":"https:\/\/www.eldiario.net\/portal\/wp-json\/wp\/v2\/tags?post=324480"}],"curies":[{"name":"wp","href":"https:\/\/api.w.org\/{rel}","templated":true}]}}