{"id":324474,"date":"2025-08-17T06:47:59","date_gmt":"2025-08-17T10:47:59","guid":{"rendered":"https:\/\/www.eldiario.net\/portal\/?p=324474"},"modified":"2025-08-17T06:47:59","modified_gmt":"2025-08-17T10:47:59","slug":"no-esta-permitido-votar-portando-equipos-celulares","status":"publish","type":"post","link":"https:\/\/www.eldiario.net\/portal\/2025\/08\/17\/no-esta-permitido-votar-portando-equipos-celulares\/","title":{"rendered":"No est\u00e1 permitido votar   portando equipos celulares"},"content":{"rendered":"<p>Desde el Tribunal Supremo Electoral (TSE) se instruy\u00f3 a los Tribunales Electorales Departamentales (TED) comunicar a jurados electorales, notarios y otro personal, recordar a la ciudadan\u00eda que no est\u00e1 permitido el ingreso de ciudadanos a recintos reservados para votaci\u00f3n, portando celulares con c\u00e1mara.<br \/>\nSeg\u00fan el instructivo, la finalidad de esta medida es \u201cpreservar el principio del voto secreto\u201d, contemplado en la ley 026 de R\u00e9gimen Electoral, normativa que establece como falta electoral y la violaci\u00f3n del secreto del voto por cualquier medio.<br \/>\n\u201cEn ese sentido, se recomienda a las y los electoras\/electores que porten estos dispositivos, eviten sacar fotograf\u00edas de su voto en el recinto electoral, considerando que el voto es secreto\u201d, dijo.<br \/>\nAl respecto, el secretario de C\u00e1mara del TSE, Fernando Arteaga, inform\u00f3 que esta determinaci\u00f3n fue asumida por Sala Plena con la finalidad de precautelar el secreto del voto y garantizar el correcto desarrollo del sufragio, tomando en cuenta que jurados deben priorizar el cumplimiento de procedimiento para la votaci\u00f3n y no incidentes relacionados con dispositivos electr\u00f3nicos.<br \/>\n\u201cLo que se ha determinado es instruir que se evite el ingreso con celular al recinto de votaci\u00f3n (\u2026). No es tan f\u00e1cil que los jurados puedan tener este control, porque no son polic\u00edas para estar verificando que se porte un celular. Es una recomendaci\u00f3n para evitar cualquier susceptibilidad porque de todas maneras el acto de escrutinio es p\u00fablico\u201d, sostuvo.<br \/>\nEn los \u00faltimos d\u00edas, denuncias de una supuesta presi\u00f3n sobre empleados p\u00fablicos para tomar fotograf\u00edas a sus votos como prueba de respaldo a la candidatura oficialista generaron indignaci\u00f3n y rechazo de la poblaci\u00f3n.<\/p>\n","protected":false},"excerpt":{"rendered":"<p>Desde el Tribunal Supremo Electoral (TSE) se instruy\u00f3 a los Tribunales Electorales Departamentales (TED) comunicar a jurados electorales, notarios y otro personal, recordar a la ciudadan\u00eda que no est\u00e1 permitido el ingreso de ciudadanos a recintos reservados para votaci\u00f3n, portando celulares con c\u00e1mara. Seg\u00fan el instructivo, la finalidad de esta medida es \u201cpreservar el principio [&hellip;]<\/p>\n","protected":false},"author":1,"featured_media":324475,"comment_status":"closed","ping_status":"open","sticky":false,"template":"","format":"standard","meta":{"_acf_changed":false,"footnotes":""},"categories":[15],"tags":[],"class_list":["post-324474","post","type-post","status-publish","format-standard","has-post-thumbnail","category-portada"],"acf":{"antetitulo":"Disposici\u00f3n del TSE"},"yoast_head":"<!-- This site is optimized with the Yoast SEO plugin v28.4 - https:\/\/yoast.com\/product\/yoast-seo-wordpress\/ -->\n<title>No est\u00e1 permitido votar  portando equipos celulares - El Diario - Bolivia<\/title>\n<meta name=\"robots\" content=\"index, follow, max-snippet:-1, max-image-preview:large, max-video-preview:-1\" \/>\n<link rel=\"canonical\" href=\"https:\/\/www.eldiario.net\/portal\/2025\/08\/17\/no-esta-permitido-votar-portando-equipos-celulares\/\" \/>\n<meta property=\"og:locale\" content=\"es_ES\" \/>\n<meta property=\"og:type\" content=\"article\" \/>\n<meta property=\"og:title\" content=\"No est\u00e1 permitido votar  portando equipos celulares - El Diario - Bolivia\" \/>\n<meta property=\"og:description\" content=\"Desde el Tribunal Supremo Electoral (TSE) se instruy\u00f3 a los Tribunales Electorales Departamentales (TED) comunicar a jurados electorales, notarios y otro personal, recordar a la ciudadan\u00eda que no est\u00e1 permitido el ingreso de ciudadanos a recintos reservados para votaci\u00f3n, portando celulares con c\u00e1mara. Seg\u00fan el instructivo, la finalidad de esta medida es \u201cpreservar el principio [&hellip;]\" \/>\n<meta property=\"og:url\" content=\"https:\/\/www.eldiario.net\/portal\/2025\/08\/17\/no-esta-permitido-votar-portando-equipos-celulares\/\" \/>\n<meta property=\"og:site_name\" content=\"El Diario - Bolivia\" \/>\n<meta property=\"article:publisher\" content=\"https:\/\/www.facebook.com\/eldiario.bolivia\/\" \/>\n<meta property=\"article:published_time\" content=\"2025-08-17T10:47:59+00:00\" \/>\n<meta property=\"og:image\" content=\"https:\/\/www.eldiario.net\/portal\/wp-content\/uploads\/2025\/08\/P-3-10-cm-x-7-5.webp\" \/>\n\t<meta property=\"og:image:width\" content=\"810\" \/>\n\t<meta property=\"og:image:height\" content=\"454\" \/>\n\t<meta property=\"og:image:type\" content=\"image\/webp\" \/>\n<meta name=\"author\" content=\"Jeanette\" \/>\n<meta name=\"twitter:card\" content=\"summary_large_image\" \/>\n<meta name=\"twitter:creator\" content=\"@eldiario_net\" \/>\n<meta name=\"twitter:site\" content=\"@eldiario_net\" \/>\n<meta name=\"twitter:label1\" content=\"Escrito por\" \/>\n\t<meta name=\"twitter:data1\" content=\"Jeanette\" \/>\n\t<meta name=\"twitter:label2\" content=\"Tiempo de lectura\" \/>\n\t<meta name=\"twitter:data2\" content=\"2 minutos\" \/>\n<script type=\"application\/ld+json\" class=\"yoast-schema-graph\">{\"@context\":\"https:\\\/\\\/schema.org\",\"@graph\":[{\"@type\":\"Article\",\"@id\":\"https:\\\/\\\/www.eldiario.net\\\/portal\\\/2025\\\/08\\\/17\\\/no-esta-permitido-votar-portando-equipos-celulares\\\/#article\",\"isPartOf\":{\"@id\":\"https:\\\/\\\/www.eldiario.net\\\/portal\\\/2025\\\/08\\\/17\\\/no-esta-permitido-votar-portando-equipos-celulares\\\/\"},\"author\":{\"name\":\"Jeanette\",\"@id\":\"https:\\\/\\\/www.eldiario.net\\\/portal\\\/#\\\/schema\\\/person\\\/f46445640444750d7d753ccd04ae01b7\"},\"headline\":\"No est\u00e1 permitido votar portando equipos celulares\",\"datePublished\":\"2025-08-17T10:47:59+00:00\",\"mainEntityOfPage\":{\"@id\":\"https:\\\/\\\/www.eldiario.net\\\/portal\\\/2025\\\/08\\\/17\\\/no-esta-permitido-votar-portando-equipos-celulares\\\/\"},\"wordCount\":290,\"publisher\":{\"@id\":\"https:\\\/\\\/www.eldiario.net\\\/portal\\\/#organization\"},\"image\":{\"@id\":\"https:\\\/\\\/www.eldiario.net\\\/portal\\\/2025\\\/08\\\/17\\\/no-esta-permitido-votar-portando-equipos-celulares\\\/#primaryimage\"},\"thumbnailUrl\":\"https:\\\/\\\/www.eldiario.net\\\/portal\\\/wp-content\\\/uploads\\\/2025\\\/08\\\/P-3-10-cm-x-7-5.webp\",\"articleSection\":[\"Portada\"],\"inLanguage\":\"es\"},{\"@type\":\"WebPage\",\"@id\":\"https:\\\/\\\/www.eldiario.net\\\/portal\\\/2025\\\/08\\\/17\\\/no-esta-permitido-votar-portando-equipos-celulares\\\/\",\"url\":\"https:\\\/\\\/www.eldiario.net\\\/portal\\\/2025\\\/08\\\/17\\\/no-esta-permitido-votar-portando-equipos-celulares\\\/\",\"name\":\"No est\u00e1 permitido votar portando equipos celulares - El Diario - Bolivia\",\"isPartOf\":{\"@id\":\"https:\\\/\\\/www.eldiario.net\\\/portal\\\/#website\"},\"primaryImageOfPage\":{\"@id\":\"https:\\\/\\\/www.eldiario.net\\\/portal\\\/2025\\\/08\\\/17\\\/no-esta-permitido-votar-portando-equipos-celulares\\\/#primaryimage\"},\"image\":{\"@id\":\"https:\\\/\\\/www.eldiario.net\\\/portal\\\/2025\\\/08\\\/17\\\/no-esta-permitido-votar-portando-equipos-celulares\\\/#primaryimage\"},\"thumbnailUrl\":\"https:\\\/\\\/www.eldiario.net\\\/portal\\\/wp-content\\\/uploads\\\/2025\\\/08\\\/P-3-10-cm-x-7-5.webp\",\"datePublished\":\"2025-08-17T10:47:59+00:00\",\"breadcrumb\":{\"@id\":\"https:\\\/\\\/www.eldiario.net\\\/portal\\\/2025\\\/08\\\/17\\\/no-esta-permitido-votar-portando-equipos-celulares\\\/#breadcrumb\"},\"inLanguage\":\"es\",\"potentialAction\":[{\"@type\":\"ReadAction\",\"target\":[\"https:\\\/\\\/www.eldiario.net\\\/portal\\\/2025\\\/08\\\/17\\\/no-esta-permitido-votar-portando-equipos-celulares\\\/\"]}]},{\"@type\":\"ImageObject\",\"inLanguage\":\"es\",\"@id\":\"https:\\\/\\\/www.eldiario.net\\\/portal\\\/2025\\\/08\\\/17\\\/no-esta-permitido-votar-portando-equipos-celulares\\\/#primaryimage\",\"url\":\"https:\\\/\\\/www.eldiario.net\\\/portal\\\/wp-content\\\/uploads\\\/2025\\\/08\\\/P-3-10-cm-x-7-5.webp\",\"contentUrl\":\"https:\\\/\\\/www.eldiario.net\\\/portal\\\/wp-content\\\/uploads\\\/2025\\\/08\\\/P-3-10-cm-x-7-5.webp\",\"width\":810,\"height\":454,\"caption\":\"Fernando Arteaga, secretario de C\u00e1mara del TSE.\"},{\"@type\":\"BreadcrumbList\",\"@id\":\"https:\\\/\\\/www.eldiario.net\\\/portal\\\/2025\\\/08\\\/17\\\/no-esta-permitido-votar-portando-equipos-celulares\\\/#breadcrumb\",\"itemListElement\":[{\"@type\":\"ListItem\",\"position\":1,\"name\":\"Portada\",\"item\":\"https:\\\/\\\/www.eldiario.net\\\/portal\\\/\"},{\"@type\":\"ListItem\",\"position\":2,\"name\":\"No est\u00e1 permitido votar portando equipos celulares\"}]},{\"@type\":\"WebSite\",\"@id\":\"https:\\\/\\\/www.eldiario.net\\\/portal\\\/#website\",\"url\":\"https:\\\/\\\/www.eldiario.net\\\/portal\\\/\",\"name\":\"El Diario - Decano de la prensa nacional\",\"description\":\"El Diario - Decano de la prensa nacional\",\"publisher\":{\"@id\":\"https:\\\/\\\/www.eldiario.net\\\/portal\\\/#organization\"},\"potentialAction\":[{\"@type\":\"SearchAction\",\"target\":{\"@type\":\"EntryPoint\",\"urlTemplate\":\"https:\\\/\\\/www.eldiario.net\\\/portal\\\/?s={search_term_string}\"},\"query-input\":{\"@type\":\"PropertyValueSpecification\",\"valueRequired\":true,\"valueName\":\"search_term_string\"}}],\"inLanguage\":\"es\"},{\"@type\":\"Organization\",\"@id\":\"https:\\\/\\\/www.eldiario.net\\\/portal\\\/#organization\",\"name\":\"El Diario - Decano de la prensa nacional\",\"url\":\"https:\\\/\\\/www.eldiario.net\\\/portal\\\/\",\"logo\":{\"@type\":\"ImageObject\",\"inLanguage\":\"es\",\"@id\":\"https:\\\/\\\/www.eldiario.net\\\/portal\\\/#\\\/schema\\\/logo\\\/image\\\/\",\"url\":\"https:\\\/\\\/www.eldiario.net\\\/portal\\\/wp-content\\\/uploads\\\/2023\\\/07\\\/logo_ED.jpg\",\"contentUrl\":\"https:\\\/\\\/www.eldiario.net\\\/portal\\\/wp-content\\\/uploads\\\/2023\\\/07\\\/logo_ED.jpg\",\"width\":272,\"height\":52,\"caption\":\"El Diario - Decano de la prensa nacional\"},\"image\":{\"@id\":\"https:\\\/\\\/www.eldiario.net\\\/portal\\\/#\\\/schema\\\/logo\\\/image\\\/\"},\"sameAs\":[\"https:\\\/\\\/www.facebook.com\\\/eldiario.bolivia\\\/\",\"https:\\\/\\\/x.com\\\/eldiario_net\"]},{\"@type\":\"Person\",\"@id\":\"https:\\\/\\\/www.eldiario.net\\\/portal\\\/#\\\/schema\\\/person\\\/f46445640444750d7d753ccd04ae01b7\",\"name\":\"Jeanette\",\"image\":{\"@type\":\"ImageObject\",\"inLanguage\":\"es\",\"@id\":\"https:\\\/\\\/secure.gravatar.com\\\/avatar\\\/3ea2118a5f7dad2b7138b1187a6b7ee55f160b9968b66013c3a3ef39dd7e5798?s=96&d=mm&r=g\",\"url\":\"https:\\\/\\\/secure.gravatar.com\\\/avatar\\\/3ea2118a5f7dad2b7138b1187a6b7ee55f160b9968b66013c3a3ef39dd7e5798?s=96&d=mm&r=g\",\"contentUrl\":\"https:\\\/\\\/secure.gravatar.com\\\/avatar\\\/3ea2118a5f7dad2b7138b1187a6b7ee55f160b9968b66013c3a3ef39dd7e5798?s=96&d=mm&r=g\",\"caption\":\"Jeanette\"},\"sameAs\":[\"https:\\\/\\\/www.eldiario.net\\\/portal\"],\"url\":\"https:\\\/\\\/www.eldiario.net\\\/portal\\\/author\\\/jeanette\\\/\"}]}<\/script>\n<!-- \/ Yoast SEO plugin. -->","yoast_head_json":{"title":"No est\u00e1 permitido votar  portando equipos celulares - El Diario - Bolivia","robots":{"index":"index","follow":"follow","max-snippet":"max-snippet:-1","max-image-preview":"max-image-preview:large","max-video-preview":"max-video-preview:-1"},"canonical":"https:\/\/www.eldiario.net\/portal\/2025\/08\/17\/no-esta-permitido-votar-portando-equipos-celulares\/","og_locale":"es_ES","og_type":"article","og_title":"No est\u00e1 permitido votar  portando equipos celulares - El Diario - Bolivia","og_description":"Desde el Tribunal Supremo Electoral (TSE) se instruy\u00f3 a los Tribunales Electorales Departamentales (TED) comunicar a jurados electorales, notarios y otro personal, recordar a la ciudadan\u00eda que no est\u00e1 permitido el ingreso de ciudadanos a recintos reservados para votaci\u00f3n, portando celulares con c\u00e1mara. Seg\u00fan el instructivo, la finalidad de esta medida es \u201cpreservar el principio [&hellip;]","og_url":"https:\/\/www.eldiario.net\/portal\/2025\/08\/17\/no-esta-permitido-votar-portando-equipos-celulares\/","og_site_name":"El Diario - Bolivia","article_publisher":"https:\/\/www.facebook.com\/eldiario.bolivia\/","article_published_time":"2025-08-17T10:47:59+00:00","og_image":[{"width":810,"height":454,"url":"https:\/\/www.eldiario.net\/portal\/wp-content\/uploads\/2025\/08\/P-3-10-cm-x-7-5.webp","type":"image\/webp"}],"author":"Jeanette","twitter_card":"summary_large_image","twitter_creator":"@eldiario_net","twitter_site":"@eldiario_net","twitter_misc":{"Escrito por":"Jeanette","Tiempo de lectura":"2 minutos"},"schema":{"@context":"https:\/\/schema.org","@graph":[{"@type":"Article","@id":"https:\/\/www.eldiario.net\/portal\/2025\/08\/17\/no-esta-permitido-votar-portando-equipos-celulares\/#article","isPartOf":{"@id":"https:\/\/www.eldiario.net\/portal\/2025\/08\/17\/no-esta-permitido-votar-portando-equipos-celulares\/"},"author":{"name":"Jeanette","@id":"https:\/\/www.eldiario.net\/portal\/#\/schema\/person\/f46445640444750d7d753ccd04ae01b7"},"headline":"No est\u00e1 permitido votar portando equipos celulares","datePublished":"2025-08-17T10:47:59+00:00","mainEntityOfPage":{"@id":"https:\/\/www.eldiario.net\/portal\/2025\/08\/17\/no-esta-permitido-votar-portando-equipos-celulares\/"},"wordCount":290,"publisher":{"@id":"https:\/\/www.eldiario.net\/portal\/#organization"},"image":{"@id":"https:\/\/www.eldiario.net\/portal\/2025\/08\/17\/no-esta-permitido-votar-portando-equipos-celulares\/#primaryimage"},"thumbnailUrl":"https:\/\/www.eldiario.net\/portal\/wp-content\/uploads\/2025\/08\/P-3-10-cm-x-7-5.webp","articleSection":["Portada"],"inLanguage":"es"},{"@type":"WebPage","@id":"https:\/\/www.eldiario.net\/portal\/2025\/08\/17\/no-esta-permitido-votar-portando-equipos-celulares\/","url":"https:\/\/www.eldiario.net\/portal\/2025\/08\/17\/no-esta-permitido-votar-portando-equipos-celulares\/","name":"No est\u00e1 permitido votar portando equipos celulares - El Diario - Bolivia","isPartOf":{"@id":"https:\/\/www.eldiario.net\/portal\/#website"},"primaryImageOfPage":{"@id":"https:\/\/www.eldiario.net\/portal\/2025\/08\/17\/no-esta-permitido-votar-portando-equipos-celulares\/#primaryimage"},"image":{"@id":"https:\/\/www.eldiario.net\/portal\/2025\/08\/17\/no-esta-permitido-votar-portando-equipos-celulares\/#primaryimage"},"thumbnailUrl":"https:\/\/www.eldiario.net\/portal\/wp-content\/uploads\/2025\/08\/P-3-10-cm-x-7-5.webp","datePublished":"2025-08-17T10:47:59+00:00","breadcrumb":{"@id":"https:\/\/www.eldiario.net\/portal\/2025\/08\/17\/no-esta-permitido-votar-portando-equipos-celulares\/#breadcrumb"},"inLanguage":"es","potentialAction":[{"@type":"ReadAction","target":["https:\/\/www.eldiario.net\/portal\/2025\/08\/17\/no-esta-permitido-votar-portando-equipos-celulares\/"]}]},{"@type":"ImageObject","inLanguage":"es","@id":"https:\/\/www.eldiario.net\/portal\/2025\/08\/17\/no-esta-permitido-votar-portando-equipos-celulares\/#primaryimage","url":"https:\/\/www.eldiario.net\/portal\/wp-content\/uploads\/2025\/08\/P-3-10-cm-x-7-5.webp","contentUrl":"https:\/\/www.eldiario.net\/portal\/wp-content\/uploads\/2025\/08\/P-3-10-cm-x-7-5.webp","width":810,"height":454,"caption":"Fernando Arteaga, secretario de C\u00e1mara del TSE."},{"@type":"BreadcrumbList","@id":"https:\/\/www.eldiario.net\/portal\/2025\/08\/17\/no-esta-permitido-votar-portando-equipos-celulares\/#breadcrumb","itemListElement":[{"@type":"ListItem","position":1,"name":"Portada","item":"https:\/\/www.eldiario.net\/portal\/"},{"@type":"ListItem","position":2,"name":"No est\u00e1 permitido votar portando equipos celulares"}]},{"@type":"WebSite","@id":"https:\/\/www.eldiario.net\/portal\/#website","url":"https:\/\/www.eldiario.net\/portal\/","name":"El Diario - Decano de la prensa nacional","description":"El Diario - Decano de la prensa nacional","publisher":{"@id":"https:\/\/www.eldiario.net\/portal\/#organization"},"potentialAction":[{"@type":"SearchAction","target":{"@type":"EntryPoint","urlTemplate":"https:\/\/www.eldiario.net\/portal\/?s={search_term_string}"},"query-input":{"@type":"PropertyValueSpecification","valueRequired":true,"valueName":"search_term_string"}}],"inLanguage":"es"},{"@type":"Organization","@id":"https:\/\/www.eldiario.net\/portal\/#organization","name":"El Diario - Decano de la prensa nacional","url":"https:\/\/www.eldiario.net\/portal\/","logo":{"@type":"ImageObject","inLanguage":"es","@id":"https:\/\/www.eldiario.net\/portal\/#\/schema\/logo\/image\/","url":"https:\/\/www.eldiario.net\/portal\/wp-content\/uploads\/2023\/07\/logo_ED.jpg","contentUrl":"https:\/\/www.eldiario.net\/portal\/wp-content\/uploads\/2023\/07\/logo_ED.jpg","width":272,"height":52,"caption":"El Diario - Decano de la prensa nacional"},"image":{"@id":"https:\/\/www.eldiario.net\/portal\/#\/schema\/logo\/image\/"},"sameAs":["https:\/\/www.facebook.com\/eldiario.bolivia\/","https:\/\/x.com\/eldiario_net"]},{"@type":"Person","@id":"https:\/\/www.eldiario.net\/portal\/#\/schema\/person\/f46445640444750d7d753ccd04ae01b7","name":"Jeanette","image":{"@type":"ImageObject","inLanguage":"es","@id":"https:\/\/secure.gravatar.com\/avatar\/3ea2118a5f7dad2b7138b1187a6b7ee55f160b9968b66013c3a3ef39dd7e5798?s=96&d=mm&r=g","url":"https:\/\/secure.gravatar.com\/avatar\/3ea2118a5f7dad2b7138b1187a6b7ee55f160b9968b66013c3a3ef39dd7e5798?s=96&d=mm&r=g","contentUrl":"https:\/\/secure.gravatar.com\/avatar\/3ea2118a5f7dad2b7138b1187a6b7ee55f160b9968b66013c3a3ef39dd7e5798?s=96&d=mm&r=g","caption":"Jeanette"},"sameAs":["https:\/\/www.eldiario.net\/portal"],"url":"https:\/\/www.eldiario.net\/portal\/author\/jeanette\/"}]}},"_links":{"self":[{"href":"https:\/\/www.eldiario.net\/portal\/wp-json\/wp\/v2\/posts\/324474","targetHints":{"allow":["GET"]}}],"collection":[{"href":"https:\/\/www.eldiario.net\/portal\/wp-json\/wp\/v2\/posts"}],"about":[{"href":"https:\/\/www.eldiario.net\/portal\/wp-json\/wp\/v2\/types\/post"}],"author":[{"embeddable":true,"href":"https:\/\/www.eldiario.net\/portal\/wp-json\/wp\/v2\/users\/1"}],"replies":[{"embeddable":true,"href":"https:\/\/www.eldiario.net\/portal\/wp-json\/wp\/v2\/comments?post=324474"}],"version-history":[{"count":1,"href":"https:\/\/www.eldiario.net\/portal\/wp-json\/wp\/v2\/posts\/324474\/revisions"}],"predecessor-version":[{"id":324476,"href":"https:\/\/www.eldiario.net\/portal\/wp-json\/wp\/v2\/posts\/324474\/revisions\/324476"}],"wp:featuredmedia":[{"embeddable":true,"href":"https:\/\/www.eldiario.net\/portal\/wp-json\/wp\/v2\/media\/324475"}],"wp:attachment":[{"href":"https:\/\/www.eldiario.net\/portal\/wp-json\/wp\/v2\/media?parent=324474"}],"wp:term":[{"taxonomy":"category","embeddable":true,"href":"https:\/\/www.eldiario.net\/portal\/wp-json\/wp\/v2\/categories?post=324474"},{"taxonomy":"post_tag","embeddable":true,"href":"https:\/\/www.eldiario.net\/portal\/wp-json\/wp\/v2\/tags?post=324474"}],"curies":[{"name":"wp","href":"https:\/\/api.w.org\/{rel}","templated":true}]}}