{"id":324471,"date":"2025-08-17T06:47:15","date_gmt":"2025-08-17T10:47:15","guid":{"rendered":"https:\/\/www.eldiario.net\/portal\/?p=324471"},"modified":"2025-08-17T06:47:15","modified_gmt":"2025-08-17T10:47:15","slug":"piden-combatir-desinformacion-en-jornada-de-comicios-generales","status":"publish","type":"post","link":"https:\/\/www.eldiario.net\/portal\/2025\/08\/17\/piden-combatir-desinformacion-en-jornada-de-comicios-generales\/","title":{"rendered":"Piden combatir desinformaci\u00f3n  en jornada de comicios generales"},"content":{"rendered":"<p>Destacando la importancia del acompa\u00f1amiento period\u00edstico al desarrollo del actual proceso electoral, la presidenta del Tribunal Electoral Departamental (TED) de La Paz, Zonia Yujra, afirm\u00f3 que es importante coordinar todos los esfuerzos posibles para combatir la desinformaci\u00f3n en la jornada de votaci\u00f3n a trav\u00e9s de una cobertura responsable.<br \/>\nDurante la realizaci\u00f3n de una reuni\u00f3n informativa con representantes de medios de comunicaci\u00f3n, en el marco de las elecciones generales 2025, Yujra resalt\u00f3 el papel fundamental de los medios para garantizar la transparencia y confiablidad de todo proceso electoral.<br \/>\n\u201cLos medios han sido parte fundamental en cada etapa, difundiendo de manera oportuna la informaci\u00f3n oficial. Este 17 de agosto se instalar\u00e1 la sesi\u00f3n permanente de c\u00f3mputo, cuyos resultados podr\u00e1n ser seguidos en tiempo real por la ciudadan\u00eda gracias al trabajo informativo de ustedes\u201d, afirm\u00f3.<br \/>\nAsimismo, hizo un llamado para priorizar la informaci\u00f3n verificada y confiable el d\u00eda de la votaci\u00f3n, se\u00f1alando que la credibilidad de los medios de comunicaci\u00f3n es fundamental para contrarrestar la circulaci\u00f3n de noticias falsas.<br \/>\nPor su parte, el vocal Sabino Ch\u00e1vez explic\u00f3 que la normativa electoral reconoce el control social como un pilar esencial de la participaci\u00f3n ciudadana. \u201cLa ciudadan\u00eda, los delegados de organizaciones pol\u00edticas y los medios de comunicaci\u00f3n tienen el derecho de observar y fiscalizar el proceso electoral, siempre que no interfieran en su desarrollo. Por ejemplo, est\u00e1 permitido fotografiar el acta firmada por los jurados para contrastarla con la versi\u00f3n digital publicada durante el c\u00f3mputo\u201d, manifest\u00f3.<\/p>\n<p>PIE DE FOTO<\/p>\n","protected":false},"excerpt":{"rendered":"<p>Destacando la importancia del acompa\u00f1amiento period\u00edstico al desarrollo del actual proceso electoral, la presidenta del Tribunal Electoral Departamental (TED) de La Paz, Zonia Yujra, afirm\u00f3 que es importante coordinar todos los esfuerzos posibles para combatir la desinformaci\u00f3n en la jornada de votaci\u00f3n a trav\u00e9s de una cobertura responsable. Durante la realizaci\u00f3n de una reuni\u00f3n informativa [&hellip;]<\/p>\n","protected":false},"author":1,"featured_media":324472,"comment_status":"closed","ping_status":"open","sticky":false,"template":"","format":"standard","meta":{"_acf_changed":false,"footnotes":""},"categories":[15],"tags":[],"class_list":["post-324471","post","type-post","status-publish","format-standard","has-post-thumbnail","category-portada"],"acf":{"antetitulo":"Destacando el rol de los medios"},"yoast_head":"<!-- This site is optimized with the Yoast SEO plugin v28.4 - https:\/\/yoast.com\/product\/yoast-seo-wordpress\/ -->\n<title>Piden combatir desinformaci\u00f3n en jornada de comicios generales - El Diario - Bolivia<\/title>\n<meta name=\"robots\" content=\"index, follow, max-snippet:-1, max-image-preview:large, max-video-preview:-1\" \/>\n<link rel=\"canonical\" href=\"https:\/\/www.eldiario.net\/portal\/2025\/08\/17\/piden-combatir-desinformacion-en-jornada-de-comicios-generales\/\" \/>\n<meta property=\"og:locale\" content=\"es_ES\" \/>\n<meta property=\"og:type\" content=\"article\" \/>\n<meta property=\"og:title\" content=\"Piden combatir desinformaci\u00f3n en jornada de comicios generales - El Diario - Bolivia\" \/>\n<meta property=\"og:description\" content=\"Destacando la importancia del acompa\u00f1amiento period\u00edstico al desarrollo del actual proceso electoral, la presidenta del Tribunal Electoral Departamental (TED) de La Paz, Zonia Yujra, afirm\u00f3 que es importante coordinar todos los esfuerzos posibles para combatir la desinformaci\u00f3n en la jornada de votaci\u00f3n a trav\u00e9s de una cobertura responsable. Durante la realizaci\u00f3n de una reuni\u00f3n informativa [&hellip;]\" \/>\n<meta property=\"og:url\" content=\"https:\/\/www.eldiario.net\/portal\/2025\/08\/17\/piden-combatir-desinformacion-en-jornada-de-comicios-generales\/\" \/>\n<meta property=\"og:site_name\" content=\"El Diario - Bolivia\" \/>\n<meta property=\"article:publisher\" content=\"https:\/\/www.facebook.com\/eldiario.bolivia\/\" \/>\n<meta property=\"article:published_time\" content=\"2025-08-17T10:47:15+00:00\" \/>\n<meta property=\"og:image\" content=\"https:\/\/www.eldiario.net\/portal\/wp-content\/uploads\/2025\/08\/P-4-10-cm-x-7-6.webp\" \/>\n\t<meta property=\"og:image:width\" content=\"1000\" \/>\n\t<meta property=\"og:image:height\" content=\"562\" \/>\n\t<meta property=\"og:image:type\" content=\"image\/webp\" \/>\n<meta name=\"author\" content=\"Jeanette\" \/>\n<meta name=\"twitter:card\" content=\"summary_large_image\" \/>\n<meta name=\"twitter:creator\" content=\"@eldiario_net\" \/>\n<meta name=\"twitter:site\" content=\"@eldiario_net\" \/>\n<meta name=\"twitter:label1\" content=\"Escrito por\" \/>\n\t<meta name=\"twitter:data1\" content=\"Jeanette\" \/>\n\t<meta name=\"twitter:label2\" content=\"Tiempo de lectura\" \/>\n\t<meta name=\"twitter:data2\" content=\"2 minutos\" \/>\n<script type=\"application\/ld+json\" class=\"yoast-schema-graph\">{\"@context\":\"https:\\\/\\\/schema.org\",\"@graph\":[{\"@type\":\"Article\",\"@id\":\"https:\\\/\\\/www.eldiario.net\\\/portal\\\/2025\\\/08\\\/17\\\/piden-combatir-desinformacion-en-jornada-de-comicios-generales\\\/#article\",\"isPartOf\":{\"@id\":\"https:\\\/\\\/www.eldiario.net\\\/portal\\\/2025\\\/08\\\/17\\\/piden-combatir-desinformacion-en-jornada-de-comicios-generales\\\/\"},\"author\":{\"name\":\"Jeanette\",\"@id\":\"https:\\\/\\\/www.eldiario.net\\\/portal\\\/#\\\/schema\\\/person\\\/f46445640444750d7d753ccd04ae01b7\"},\"headline\":\"Piden combatir desinformaci\u00f3n en jornada de comicios generales\",\"datePublished\":\"2025-08-17T10:47:15+00:00\",\"mainEntityOfPage\":{\"@id\":\"https:\\\/\\\/www.eldiario.net\\\/portal\\\/2025\\\/08\\\/17\\\/piden-combatir-desinformacion-en-jornada-de-comicios-generales\\\/\"},\"wordCount\":277,\"publisher\":{\"@id\":\"https:\\\/\\\/www.eldiario.net\\\/portal\\\/#organization\"},\"image\":{\"@id\":\"https:\\\/\\\/www.eldiario.net\\\/portal\\\/2025\\\/08\\\/17\\\/piden-combatir-desinformacion-en-jornada-de-comicios-generales\\\/#primaryimage\"},\"thumbnailUrl\":\"https:\\\/\\\/www.eldiario.net\\\/portal\\\/wp-content\\\/uploads\\\/2025\\\/08\\\/P-4-10-cm-x-7-6.webp\",\"articleSection\":[\"Portada\"],\"inLanguage\":\"es\"},{\"@type\":\"WebPage\",\"@id\":\"https:\\\/\\\/www.eldiario.net\\\/portal\\\/2025\\\/08\\\/17\\\/piden-combatir-desinformacion-en-jornada-de-comicios-generales\\\/\",\"url\":\"https:\\\/\\\/www.eldiario.net\\\/portal\\\/2025\\\/08\\\/17\\\/piden-combatir-desinformacion-en-jornada-de-comicios-generales\\\/\",\"name\":\"Piden combatir desinformaci\u00f3n en jornada de comicios generales - El Diario - Bolivia\",\"isPartOf\":{\"@id\":\"https:\\\/\\\/www.eldiario.net\\\/portal\\\/#website\"},\"primaryImageOfPage\":{\"@id\":\"https:\\\/\\\/www.eldiario.net\\\/portal\\\/2025\\\/08\\\/17\\\/piden-combatir-desinformacion-en-jornada-de-comicios-generales\\\/#primaryimage\"},\"image\":{\"@id\":\"https:\\\/\\\/www.eldiario.net\\\/portal\\\/2025\\\/08\\\/17\\\/piden-combatir-desinformacion-en-jornada-de-comicios-generales\\\/#primaryimage\"},\"thumbnailUrl\":\"https:\\\/\\\/www.eldiario.net\\\/portal\\\/wp-content\\\/uploads\\\/2025\\\/08\\\/P-4-10-cm-x-7-6.webp\",\"datePublished\":\"2025-08-17T10:47:15+00:00\",\"breadcrumb\":{\"@id\":\"https:\\\/\\\/www.eldiario.net\\\/portal\\\/2025\\\/08\\\/17\\\/piden-combatir-desinformacion-en-jornada-de-comicios-generales\\\/#breadcrumb\"},\"inLanguage\":\"es\",\"potentialAction\":[{\"@type\":\"ReadAction\",\"target\":[\"https:\\\/\\\/www.eldiario.net\\\/portal\\\/2025\\\/08\\\/17\\\/piden-combatir-desinformacion-en-jornada-de-comicios-generales\\\/\"]}]},{\"@type\":\"ImageObject\",\"inLanguage\":\"es\",\"@id\":\"https:\\\/\\\/www.eldiario.net\\\/portal\\\/2025\\\/08\\\/17\\\/piden-combatir-desinformacion-en-jornada-de-comicios-generales\\\/#primaryimage\",\"url\":\"https:\\\/\\\/www.eldiario.net\\\/portal\\\/wp-content\\\/uploads\\\/2025\\\/08\\\/P-4-10-cm-x-7-6.webp\",\"contentUrl\":\"https:\\\/\\\/www.eldiario.net\\\/portal\\\/wp-content\\\/uploads\\\/2025\\\/08\\\/P-4-10-cm-x-7-6.webp\",\"width\":1000,\"height\":562,\"caption\":\"La poblaci\u00f3n boliviana acudir\u00e1 a las urnas para elegir a nuevas autoridades.\"},{\"@type\":\"BreadcrumbList\",\"@id\":\"https:\\\/\\\/www.eldiario.net\\\/portal\\\/2025\\\/08\\\/17\\\/piden-combatir-desinformacion-en-jornada-de-comicios-generales\\\/#breadcrumb\",\"itemListElement\":[{\"@type\":\"ListItem\",\"position\":1,\"name\":\"Portada\",\"item\":\"https:\\\/\\\/www.eldiario.net\\\/portal\\\/\"},{\"@type\":\"ListItem\",\"position\":2,\"name\":\"Piden combatir desinformaci\u00f3n en jornada de comicios generales\"}]},{\"@type\":\"WebSite\",\"@id\":\"https:\\\/\\\/www.eldiario.net\\\/portal\\\/#website\",\"url\":\"https:\\\/\\\/www.eldiario.net\\\/portal\\\/\",\"name\":\"El Diario - Decano de la prensa nacional\",\"description\":\"El Diario - Decano de la prensa nacional\",\"publisher\":{\"@id\":\"https:\\\/\\\/www.eldiario.net\\\/portal\\\/#organization\"},\"potentialAction\":[{\"@type\":\"SearchAction\",\"target\":{\"@type\":\"EntryPoint\",\"urlTemplate\":\"https:\\\/\\\/www.eldiario.net\\\/portal\\\/?s={search_term_string}\"},\"query-input\":{\"@type\":\"PropertyValueSpecification\",\"valueRequired\":true,\"valueName\":\"search_term_string\"}}],\"inLanguage\":\"es\"},{\"@type\":\"Organization\",\"@id\":\"https:\\\/\\\/www.eldiario.net\\\/portal\\\/#organization\",\"name\":\"El Diario - Decano de la prensa nacional\",\"url\":\"https:\\\/\\\/www.eldiario.net\\\/portal\\\/\",\"logo\":{\"@type\":\"ImageObject\",\"inLanguage\":\"es\",\"@id\":\"https:\\\/\\\/www.eldiario.net\\\/portal\\\/#\\\/schema\\\/logo\\\/image\\\/\",\"url\":\"https:\\\/\\\/www.eldiario.net\\\/portal\\\/wp-content\\\/uploads\\\/2023\\\/07\\\/logo_ED.jpg\",\"contentUrl\":\"https:\\\/\\\/www.eldiario.net\\\/portal\\\/wp-content\\\/uploads\\\/2023\\\/07\\\/logo_ED.jpg\",\"width\":272,\"height\":52,\"caption\":\"El Diario - Decano de la prensa nacional\"},\"image\":{\"@id\":\"https:\\\/\\\/www.eldiario.net\\\/portal\\\/#\\\/schema\\\/logo\\\/image\\\/\"},\"sameAs\":[\"https:\\\/\\\/www.facebook.com\\\/eldiario.bolivia\\\/\",\"https:\\\/\\\/x.com\\\/eldiario_net\"]},{\"@type\":\"Person\",\"@id\":\"https:\\\/\\\/www.eldiario.net\\\/portal\\\/#\\\/schema\\\/person\\\/f46445640444750d7d753ccd04ae01b7\",\"name\":\"Jeanette\",\"image\":{\"@type\":\"ImageObject\",\"inLanguage\":\"es\",\"@id\":\"https:\\\/\\\/secure.gravatar.com\\\/avatar\\\/3ea2118a5f7dad2b7138b1187a6b7ee55f160b9968b66013c3a3ef39dd7e5798?s=96&d=mm&r=g\",\"url\":\"https:\\\/\\\/secure.gravatar.com\\\/avatar\\\/3ea2118a5f7dad2b7138b1187a6b7ee55f160b9968b66013c3a3ef39dd7e5798?s=96&d=mm&r=g\",\"contentUrl\":\"https:\\\/\\\/secure.gravatar.com\\\/avatar\\\/3ea2118a5f7dad2b7138b1187a6b7ee55f160b9968b66013c3a3ef39dd7e5798?s=96&d=mm&r=g\",\"caption\":\"Jeanette\"},\"sameAs\":[\"https:\\\/\\\/www.eldiario.net\\\/portal\"],\"url\":\"https:\\\/\\\/www.eldiario.net\\\/portal\\\/author\\\/jeanette\\\/\"}]}<\/script>\n<!-- \/ Yoast SEO plugin. -->","yoast_head_json":{"title":"Piden combatir desinformaci\u00f3n en jornada de comicios generales - El Diario - Bolivia","robots":{"index":"index","follow":"follow","max-snippet":"max-snippet:-1","max-image-preview":"max-image-preview:large","max-video-preview":"max-video-preview:-1"},"canonical":"https:\/\/www.eldiario.net\/portal\/2025\/08\/17\/piden-combatir-desinformacion-en-jornada-de-comicios-generales\/","og_locale":"es_ES","og_type":"article","og_title":"Piden combatir desinformaci\u00f3n en jornada de comicios generales - El Diario - Bolivia","og_description":"Destacando la importancia del acompa\u00f1amiento period\u00edstico al desarrollo del actual proceso electoral, la presidenta del Tribunal Electoral Departamental (TED) de La Paz, Zonia Yujra, afirm\u00f3 que es importante coordinar todos los esfuerzos posibles para combatir la desinformaci\u00f3n en la jornada de votaci\u00f3n a trav\u00e9s de una cobertura responsable. Durante la realizaci\u00f3n de una reuni\u00f3n informativa [&hellip;]","og_url":"https:\/\/www.eldiario.net\/portal\/2025\/08\/17\/piden-combatir-desinformacion-en-jornada-de-comicios-generales\/","og_site_name":"El Diario - Bolivia","article_publisher":"https:\/\/www.facebook.com\/eldiario.bolivia\/","article_published_time":"2025-08-17T10:47:15+00:00","og_image":[{"width":1000,"height":562,"url":"https:\/\/www.eldiario.net\/portal\/wp-content\/uploads\/2025\/08\/P-4-10-cm-x-7-6.webp","type":"image\/webp"}],"author":"Jeanette","twitter_card":"summary_large_image","twitter_creator":"@eldiario_net","twitter_site":"@eldiario_net","twitter_misc":{"Escrito por":"Jeanette","Tiempo de lectura":"2 minutos"},"schema":{"@context":"https:\/\/schema.org","@graph":[{"@type":"Article","@id":"https:\/\/www.eldiario.net\/portal\/2025\/08\/17\/piden-combatir-desinformacion-en-jornada-de-comicios-generales\/#article","isPartOf":{"@id":"https:\/\/www.eldiario.net\/portal\/2025\/08\/17\/piden-combatir-desinformacion-en-jornada-de-comicios-generales\/"},"author":{"name":"Jeanette","@id":"https:\/\/www.eldiario.net\/portal\/#\/schema\/person\/f46445640444750d7d753ccd04ae01b7"},"headline":"Piden combatir desinformaci\u00f3n en jornada de comicios generales","datePublished":"2025-08-17T10:47:15+00:00","mainEntityOfPage":{"@id":"https:\/\/www.eldiario.net\/portal\/2025\/08\/17\/piden-combatir-desinformacion-en-jornada-de-comicios-generales\/"},"wordCount":277,"publisher":{"@id":"https:\/\/www.eldiario.net\/portal\/#organization"},"image":{"@id":"https:\/\/www.eldiario.net\/portal\/2025\/08\/17\/piden-combatir-desinformacion-en-jornada-de-comicios-generales\/#primaryimage"},"thumbnailUrl":"https:\/\/www.eldiario.net\/portal\/wp-content\/uploads\/2025\/08\/P-4-10-cm-x-7-6.webp","articleSection":["Portada"],"inLanguage":"es"},{"@type":"WebPage","@id":"https:\/\/www.eldiario.net\/portal\/2025\/08\/17\/piden-combatir-desinformacion-en-jornada-de-comicios-generales\/","url":"https:\/\/www.eldiario.net\/portal\/2025\/08\/17\/piden-combatir-desinformacion-en-jornada-de-comicios-generales\/","name":"Piden combatir desinformaci\u00f3n en jornada de comicios generales - El Diario - Bolivia","isPartOf":{"@id":"https:\/\/www.eldiario.net\/portal\/#website"},"primaryImageOfPage":{"@id":"https:\/\/www.eldiario.net\/portal\/2025\/08\/17\/piden-combatir-desinformacion-en-jornada-de-comicios-generales\/#primaryimage"},"image":{"@id":"https:\/\/www.eldiario.net\/portal\/2025\/08\/17\/piden-combatir-desinformacion-en-jornada-de-comicios-generales\/#primaryimage"},"thumbnailUrl":"https:\/\/www.eldiario.net\/portal\/wp-content\/uploads\/2025\/08\/P-4-10-cm-x-7-6.webp","datePublished":"2025-08-17T10:47:15+00:00","breadcrumb":{"@id":"https:\/\/www.eldiario.net\/portal\/2025\/08\/17\/piden-combatir-desinformacion-en-jornada-de-comicios-generales\/#breadcrumb"},"inLanguage":"es","potentialAction":[{"@type":"ReadAction","target":["https:\/\/www.eldiario.net\/portal\/2025\/08\/17\/piden-combatir-desinformacion-en-jornada-de-comicios-generales\/"]}]},{"@type":"ImageObject","inLanguage":"es","@id":"https:\/\/www.eldiario.net\/portal\/2025\/08\/17\/piden-combatir-desinformacion-en-jornada-de-comicios-generales\/#primaryimage","url":"https:\/\/www.eldiario.net\/portal\/wp-content\/uploads\/2025\/08\/P-4-10-cm-x-7-6.webp","contentUrl":"https:\/\/www.eldiario.net\/portal\/wp-content\/uploads\/2025\/08\/P-4-10-cm-x-7-6.webp","width":1000,"height":562,"caption":"La poblaci\u00f3n boliviana acudir\u00e1 a las urnas para elegir a nuevas autoridades."},{"@type":"BreadcrumbList","@id":"https:\/\/www.eldiario.net\/portal\/2025\/08\/17\/piden-combatir-desinformacion-en-jornada-de-comicios-generales\/#breadcrumb","itemListElement":[{"@type":"ListItem","position":1,"name":"Portada","item":"https:\/\/www.eldiario.net\/portal\/"},{"@type":"ListItem","position":2,"name":"Piden combatir desinformaci\u00f3n en jornada de comicios generales"}]},{"@type":"WebSite","@id":"https:\/\/www.eldiario.net\/portal\/#website","url":"https:\/\/www.eldiario.net\/portal\/","name":"El Diario - Decano de la prensa nacional","description":"El Diario - Decano de la prensa nacional","publisher":{"@id":"https:\/\/www.eldiario.net\/portal\/#organization"},"potentialAction":[{"@type":"SearchAction","target":{"@type":"EntryPoint","urlTemplate":"https:\/\/www.eldiario.net\/portal\/?s={search_term_string}"},"query-input":{"@type":"PropertyValueSpecification","valueRequired":true,"valueName":"search_term_string"}}],"inLanguage":"es"},{"@type":"Organization","@id":"https:\/\/www.eldiario.net\/portal\/#organization","name":"El Diario - Decano de la prensa nacional","url":"https:\/\/www.eldiario.net\/portal\/","logo":{"@type":"ImageObject","inLanguage":"es","@id":"https:\/\/www.eldiario.net\/portal\/#\/schema\/logo\/image\/","url":"https:\/\/www.eldiario.net\/portal\/wp-content\/uploads\/2023\/07\/logo_ED.jpg","contentUrl":"https:\/\/www.eldiario.net\/portal\/wp-content\/uploads\/2023\/07\/logo_ED.jpg","width":272,"height":52,"caption":"El Diario - Decano de la prensa nacional"},"image":{"@id":"https:\/\/www.eldiario.net\/portal\/#\/schema\/logo\/image\/"},"sameAs":["https:\/\/www.facebook.com\/eldiario.bolivia\/","https:\/\/x.com\/eldiario_net"]},{"@type":"Person","@id":"https:\/\/www.eldiario.net\/portal\/#\/schema\/person\/f46445640444750d7d753ccd04ae01b7","name":"Jeanette","image":{"@type":"ImageObject","inLanguage":"es","@id":"https:\/\/secure.gravatar.com\/avatar\/3ea2118a5f7dad2b7138b1187a6b7ee55f160b9968b66013c3a3ef39dd7e5798?s=96&d=mm&r=g","url":"https:\/\/secure.gravatar.com\/avatar\/3ea2118a5f7dad2b7138b1187a6b7ee55f160b9968b66013c3a3ef39dd7e5798?s=96&d=mm&r=g","contentUrl":"https:\/\/secure.gravatar.com\/avatar\/3ea2118a5f7dad2b7138b1187a6b7ee55f160b9968b66013c3a3ef39dd7e5798?s=96&d=mm&r=g","caption":"Jeanette"},"sameAs":["https:\/\/www.eldiario.net\/portal"],"url":"https:\/\/www.eldiario.net\/portal\/author\/jeanette\/"}]}},"_links":{"self":[{"href":"https:\/\/www.eldiario.net\/portal\/wp-json\/wp\/v2\/posts\/324471","targetHints":{"allow":["GET"]}}],"collection":[{"href":"https:\/\/www.eldiario.net\/portal\/wp-json\/wp\/v2\/posts"}],"about":[{"href":"https:\/\/www.eldiario.net\/portal\/wp-json\/wp\/v2\/types\/post"}],"author":[{"embeddable":true,"href":"https:\/\/www.eldiario.net\/portal\/wp-json\/wp\/v2\/users\/1"}],"replies":[{"embeddable":true,"href":"https:\/\/www.eldiario.net\/portal\/wp-json\/wp\/v2\/comments?post=324471"}],"version-history":[{"count":1,"href":"https:\/\/www.eldiario.net\/portal\/wp-json\/wp\/v2\/posts\/324471\/revisions"}],"predecessor-version":[{"id":324473,"href":"https:\/\/www.eldiario.net\/portal\/wp-json\/wp\/v2\/posts\/324471\/revisions\/324473"}],"wp:featuredmedia":[{"embeddable":true,"href":"https:\/\/www.eldiario.net\/portal\/wp-json\/wp\/v2\/media\/324472"}],"wp:attachment":[{"href":"https:\/\/www.eldiario.net\/portal\/wp-json\/wp\/v2\/media?parent=324471"}],"wp:term":[{"taxonomy":"category","embeddable":true,"href":"https:\/\/www.eldiario.net\/portal\/wp-json\/wp\/v2\/categories?post=324471"},{"taxonomy":"post_tag","embeddable":true,"href":"https:\/\/www.eldiario.net\/portal\/wp-json\/wp\/v2\/tags?post=324471"}],"curies":[{"name":"wp","href":"https:\/\/api.w.org\/{rel}","templated":true}]}}