{"id":324457,"date":"2025-08-16T06:27:07","date_gmt":"2025-08-16T10:27:07","guid":{"rendered":"https:\/\/www.eldiario.net\/portal\/?p=324457"},"modified":"2025-08-16T06:27:07","modified_gmt":"2025-08-16T10:27:07","slug":"la-hija-condor-nos-representara-en-el-festival-internacional-de-cine-de-toronto","status":"publish","type":"post","link":"https:\/\/www.eldiario.net\/portal\/2025\/08\/16\/la-hija-condor-nos-representara-en-el-festival-internacional-de-cine-de-toronto\/","title":{"rendered":"\u201cLa Hija C\u00f3ndor\u201d nos representar\u00e1 en el Festival Internacional de Cine de Toronto"},"content":{"rendered":"<p>Orgulloso y contento, as\u00ed est\u00e1 el director cochabambino \u00c1lvaro Olmos Torrico tras la reciente selecci\u00f3n de la pel\u00edcula boliviana \u201cLa Hija C\u00f3ndor\u201d para representar al pa\u00eds en el Festival Internacional de Cine de Toronto, Canad\u00e1.<\/p>\n<p>El filme de Olmos participar\u00e1 en la secci\u00f3n Centrepiece (la muestra central de cine internacional) del Festival Internacional de Cine de Toronto (TIFF; por sus siglas en ingl\u00e9s), seg\u00fan inform\u00f3 la organizaci\u00f3n a trav\u00e9s de su p\u00e1gina web.<\/p>\n<p>El encuentro cinematogr\u00e1fico tambi\u00e9n incluir\u00e1 la exhibici\u00f3n de \u00a0trabajos de aclamados cineastas, como \u201cCost of Heaven\u201d de Mathieu Denis, \u201cThe President&#8217;s Cake\u201d de Hasan Hadi, \u201cGood Boy\u201d de Jan Komasa, \u201cThe Last Viking\u201d de Anders Thomas Jensen, \u201cBlue Moon\u201d de Richard Linklater, \u201cDuse\u201d de Pietro Marcello y \u201cMiroirs No. 3\u201d de Christian Petzold.<\/p>\n<p>El Festival Internacional de Cine de Toronto se realizar\u00e1 en su 50\u00aa edici\u00f3n del 4 al 14 de septiembre.<\/p>\n<p>\u201cLa Hija C\u00f3ndor\u201d, una coproducci\u00f3n de Bolivia, Uruguay y Per\u00fa, sigue la historia de una joven partera quechua que les canta a las mujeres embarazadas y les calma el dolor a trav\u00e9s de su canto.<\/p>\n<p>Su madre, una partera veterana, entiende este don como un milagro otorgado por los dioses. Influenciada por su mejor amiga, y despu\u00e9s de conocer de cerca a un grupo de artistas musicales de la ciudad, la joven decide marcharse para intentar ser cantante.<\/p>\n<p>\u201cDurante un viaje por las monta\u00f1as en el coraz\u00f3n de los Andes bolivianos, conoc\u00ed a una partera quechua. Me dijeron que era la \u00faltima en la regi\u00f3n, y eso capt\u00f3 profundamente mi atenci\u00f3n. Por un tiempo, la visit\u00e9 regularmente y aprend\u00ed a comunicarme con ella, principalmente a trav\u00e9s de miradas y expresiones. No mucho despu\u00e9s, ella falleci\u00f3, y llegu\u00e9 a comprender el papel vital que las parteras tradicionales desempe\u00f1an en los ciclos de nacimiento de las comunidades rurales. Su presencia es esencial para transmitir valores tradicionales e ind\u00edgenas, incluso aquellos que pueden parecernos contradictorios o atemporales\u201d, cont\u00f3 sobre la historia el director \u00c1lvaro Olmos.<\/p>\n<p>\u201cLa Hija C\u00f3ndor\u201d fue filmada en la misma comunidad donde vivi\u00f3 esa partera, entre las mismas monta\u00f1as y senderos que ella sol\u00eda caminar. Por ello, \u201cescribir esta pel\u00edcula ha sido un viaje intenso de investigaci\u00f3n y reconexi\u00f3n con la tierra; es una historia sobre el tiempo, sobre las miradas, sobre el sonido y el silencio, sobre el campo y la ciudad, sobre la vida y la muerte\u201d, dijo Olmos.<\/p>\n<p>Asimismo, el cineasta destac\u00f3 la especial colaboraci\u00f3n de Nicol\u00e1s Wong D\u00edaz como director de fotograf\u00eda. \u201cSiento que captur\u00f3 fielmente la esencia de lo que quer\u00eda transmitir: ese delicado claroscuro dibujado por la luz que se filtra a trav\u00e9s de las ventanas, resaltando la textura y la piel de los personajes durante la noche o en las escenas de parto\u201d, coment\u00f3.<\/p>\n<p>Tambi\u00e9n reconoci\u00f3 el compromiso del elenco de actores no profesionales que participaron en la pel\u00edcula, especialmente los dos protagonistas, que nunca antes hab\u00edan actuado y que mostraron una gran valent\u00eda durante escenas emocionalmente exigentes y complejas a lo largo del rodaje.<\/p>\n<p>\u201cEn nombre de todo nuestro equipo boliviano, peruano y uruguayo, nos sentimos verdaderamente honrados de estrenar nuestra pel\u00edcula en un festival tan prestigioso como el Festival Internacional de Cine de Toronto, especialmente en un a\u00f1o tan especial como el de su 50 aniversario. Para nosotros, es un privilegio que celebra el cine de nuestros pa\u00edses\u201d, recalc\u00f3.<\/p>\n<p>Centrepiece del Festival Internacional de Cine de Toronto es una de las secciones m\u00e1s importantes del festival, dedicada al cine de autor. En esta categor\u00eda se presentan estrenos mundiales de destacadas voces cinematogr\u00e1ficas contempor\u00e1neas que est\u00e1n redefiniendo el lenguaje del cine. Ser parte de esta secci\u00f3n significa entrar en el radar de la cr\u00edtica internacional, distribuidores y plataformas, abriendo una puerta clave para la circulaci\u00f3n global de la obra.<\/p>\n<p>\u00c1lvaro Olmos Torrico naci\u00f3 en Cochabamba, Bolivia. Su \u00f3pera prima fue \u2018Wi\u00f1ay\u2019 (2019) y ha producido tanto documentales como largometrajes de ficci\u00f3n, incluyendo \u2018Los de Abajo\u2019 de Alejandro Quiroga (Mar del Plata IFF, 2022) y \u2018The Visitor\u2019 de Mart\u00edn Boulocq (Tribeca, 2022). Es el fundador de BoliviaCine.com, la primera plataforma SVOD (video bajo demanda por suscripci\u00f3n) dedicada al cine boliviano. \u201cLa Hija C\u00f3ndor\u201d es su segundo largometraje, que ya fue premiado en las secciones Work in Progress de Ventana Sur y Cin\u00e9latino Toulouse durante su desarrollo.<\/p>\n<p><strong>SINOPSIS<\/strong><\/p>\n<p>Clara es una joven quechua de 19 a\u00f1os que vive en medio de monta\u00f1as de Los Andes junto a su anciana madre adoptiva Ana (70). Ana es la partera de las comunidades quechuas de la zona. Clara, por designio tradicional, pues un rayo cay\u00f3 sobre ella cuando era ni\u00f1a, es la heredera del conocimiento y aprendiz de partera, rol que est\u00e1 destinado para personas elegidas por los Achachilas (Ancestros). Despu\u00e9s de que Clara escapa del seno de Ana rumbo a la ciudad para ser cantante de huay\u00f1o cumbia, la comunidad empieza a sufrir la muerte misteriosa de animales y fracaso en sus cultivos, los cuales son atribuidos a la partida de Clara. Para recuperar la calma y equilibrio en la comunidad, Ana emprende un viaje a la ciudad para buscar a Clara y traerla de vuelta a las monta\u00f1as para que pueda cumplir con el destino de partera tradicional que le encargaron los ancestros, pero Clara se<\/p>\n<p>niega a retornar\u2026<\/p>\n\r\n                <style type=\"text\/css\">\r\n                    \r\n                    #tdi_1  .td-doubleSlider-2 .td-item1 {\r\n                        background: url(https:\/\/www.eldiario.net\/portal\/wp-content\/uploads\/2025\/08\/3-5-80x60.webp) 0 0 no-repeat;\r\n                    }\r\n                    #tdi_1  .td-doubleSlider-2 .td-item2 {\r\n                        background: url(https:\/\/www.eldiario.net\/portal\/wp-content\/uploads\/2025\/08\/4-5-80x60.webp) 0 0 no-repeat;\r\n                    }\r\n                    #tdi_1  .td-doubleSlider-2 .td-item3 {\r\n                        background: url(https:\/\/www.eldiario.net\/portal\/wp-content\/uploads\/2025\/08\/1-PRINCIPAL-4-80x60.webp) 0 0 no-repeat;\r\n                    }\r\n                    #tdi_1  .td-doubleSlider-2 .td-item4 {\r\n                        background: url(https:\/\/www.eldiario.net\/portal\/wp-content\/uploads\/2025\/08\/2-Fotos-Empatia-Cinema--80x60.webp) 0 0 no-repeat;\r\n                    }\r\n                <\/style>\r\n\r\n                <div id=\"tdi_1\" class=\"td-gallery td-slide-on-2-columns\">\r\n                    <div class=\"post_td_gallery\">\r\n                        <div class=\"td-gallery-slide-top\">\r\n                           <div class=\"td-gallery-title\"><\/div>\r\n\r\n                            <div class=\"td-gallery-controls-wrapper\">\r\n                                <div class=\"td-gallery-slide-count\"><span class=\"td-gallery-slide-item-focus\">1<\/span> de 4<\/div>\r\n                                <div class=\"td-gallery-slide-prev-next-but\">\r\n                                    <i class = \"td-icon-left doubleSliderPrevButton\"><\/i>\r\n                                    <i class = \"td-icon-right doubleSliderNextButton\"><\/i>\r\n                                <\/div>\r\n                            <\/div>\r\n                        <\/div>\r\n\r\n                        <div class = \"td-doubleSlider-1 \">\r\n                            <div class = \"td-slider\">\r\n                                \r\n                    <div class = \"td-slide-item td-item1\">\r\n                        <figure class=\"td-slide-galery-figure td-slide-popup-gallery\">\r\n                            <a class=\"slide-gallery-image-link\" href=\"https:\/\/www.eldiario.net\/portal\/wp-content\/uploads\/2025\/08\/3-5.webp\" title=\"3\"  data-caption=\"\"  data-description=\"\">\r\n                                <img decoding=\"async\" src=\"https:\/\/www.eldiario.net\/portal\/wp-content\/uploads\/2025\/08\/3-5-236x420.webp\" srcset=\"https:\/\/www.eldiario.net\/portal\/wp-content\/uploads\/2025\/08\/3-5-236x420.webp 236w, https:\/\/www.eldiario.net\/portal\/wp-content\/uploads\/2025\/08\/3-5-169x300.webp 169w, https:\/\/www.eldiario.net\/portal\/wp-content\/uploads\/2025\/08\/3-5-576x1024.webp 576w, https:\/\/www.eldiario.net\/portal\/wp-content\/uploads\/2025\/08\/3-5-768x1365.webp 768w, https:\/\/www.eldiario.net\/portal\/wp-content\/uploads\/2025\/08\/3-5-864x1536.webp 864w, https:\/\/www.eldiario.net\/portal\/wp-content\/uploads\/2025\/08\/3-5-150x267.webp 150w, https:\/\/www.eldiario.net\/portal\/wp-content\/uploads\/2025\/08\/3-5-300x533.webp 300w, https:\/\/www.eldiario.net\/portal\/wp-content\/uploads\/2025\/08\/3-5-696x1237.webp 696w, https:\/\/www.eldiario.net\/portal\/wp-content\/uploads\/2025\/08\/3-5.webp 900w\" sizes=\"(max-width: 236px) 100vw, 236px\" alt=\"\">\r\n                            <\/a>\r\n                            \r\n                        <\/figure>\r\n                    <\/div>\r\n                    <div class = \"td-slide-item td-item2\">\r\n                        <figure class=\"td-slide-galery-figure td-slide-popup-gallery\">\r\n                            <a class=\"slide-gallery-image-link\" href=\"https:\/\/www.eldiario.net\/portal\/wp-content\/uploads\/2025\/08\/4-5.webp\" title=\"4\"  data-caption=\"\"  data-description=\"\">\r\n                                <img decoding=\"async\" src=\"https:\/\/www.eldiario.net\/portal\/wp-content\/uploads\/2025\/08\/4-5-694x420.webp\" srcset=\"https:\/\/www.eldiario.net\/portal\/wp-content\/uploads\/2025\/08\/4-5-694x420.webp 694w, https:\/\/www.eldiario.net\/portal\/wp-content\/uploads\/2025\/08\/4-5-300x182.webp 300w, https:\/\/www.eldiario.net\/portal\/wp-content\/uploads\/2025\/08\/4-5-768x465.webp 768w, https:\/\/www.eldiario.net\/portal\/wp-content\/uploads\/2025\/08\/4-5-150x91.webp 150w, https:\/\/www.eldiario.net\/portal\/wp-content\/uploads\/2025\/08\/4-5-696x421.webp 696w, https:\/\/www.eldiario.net\/portal\/wp-content\/uploads\/2025\/08\/4-5.webp 900w\" sizes=\"(max-width: 694px) 100vw, 694px\" alt=\"\">\r\n                            <\/a>\r\n                            \r\n                        <\/figure>\r\n                    <\/div>\r\n                    <div class = \"td-slide-item td-item3\">\r\n                        <figure class=\"td-slide-galery-figure td-slide-popup-gallery\">\r\n                            <a class=\"slide-gallery-image-link\" href=\"https:\/\/www.eldiario.net\/portal\/wp-content\/uploads\/2025\/08\/1-PRINCIPAL-4.webp\" title=\"1-PRINCIPAL\"  data-caption=\"\"  data-description=\"\">\r\n                                <img decoding=\"async\" src=\"https:\/\/www.eldiario.net\/portal\/wp-content\/uploads\/2025\/08\/1-PRINCIPAL-4-562x420.webp\" srcset=\"https:\/\/www.eldiario.net\/portal\/wp-content\/uploads\/2025\/08\/1-PRINCIPAL-4-562x420.webp 562w, https:\/\/www.eldiario.net\/portal\/wp-content\/uploads\/2025\/08\/1-PRINCIPAL-4-300x224.webp 300w, https:\/\/www.eldiario.net\/portal\/wp-content\/uploads\/2025\/08\/1-PRINCIPAL-4-768x574.webp 768w, https:\/\/www.eldiario.net\/portal\/wp-content\/uploads\/2025\/08\/1-PRINCIPAL-4-80x60.webp 80w, https:\/\/www.eldiario.net\/portal\/wp-content\/uploads\/2025\/08\/1-PRINCIPAL-4-150x112.webp 150w, https:\/\/www.eldiario.net\/portal\/wp-content\/uploads\/2025\/08\/1-PRINCIPAL-4-696x520.webp 696w, https:\/\/www.eldiario.net\/portal\/wp-content\/uploads\/2025\/08\/1-PRINCIPAL-4.webp 896w\" sizes=\"(max-width: 562px) 100vw, 562px\" alt=\"\">\r\n                            <\/a>\r\n                            \r\n                        <\/figure>\r\n                    <\/div>\r\n                    <div class = \"td-slide-item td-item4\">\r\n                        <figure class=\"td-slide-galery-figure td-slide-popup-gallery\">\r\n                            <a class=\"slide-gallery-image-link\" href=\"https:\/\/www.eldiario.net\/portal\/wp-content\/uploads\/2025\/08\/2-Fotos-Empatia-Cinema-.webp\" title=\"2 Fotos Empat\u00eda Cinema-\"  data-caption=\"\"  data-description=\"\">\r\n                                <img decoding=\"async\" src=\"https:\/\/www.eldiario.net\/portal\/wp-content\/uploads\/2025\/08\/2-Fotos-Empatia-Cinema--681x420.webp\" srcset=\"https:\/\/www.eldiario.net\/portal\/wp-content\/uploads\/2025\/08\/2-Fotos-Empatia-Cinema--681x420.webp 681w, https:\/\/www.eldiario.net\/portal\/wp-content\/uploads\/2025\/08\/2-Fotos-Empatia-Cinema--300x185.webp 300w, https:\/\/www.eldiario.net\/portal\/wp-content\/uploads\/2025\/08\/2-Fotos-Empatia-Cinema--1024x632.webp 1024w, https:\/\/www.eldiario.net\/portal\/wp-content\/uploads\/2025\/08\/2-Fotos-Empatia-Cinema--768x474.webp 768w, https:\/\/www.eldiario.net\/portal\/wp-content\/uploads\/2025\/08\/2-Fotos-Empatia-Cinema--1536x948.webp 1536w, https:\/\/www.eldiario.net\/portal\/wp-content\/uploads\/2025\/08\/2-Fotos-Empatia-Cinema--150x93.webp 150w, https:\/\/www.eldiario.net\/portal\/wp-content\/uploads\/2025\/08\/2-Fotos-Empatia-Cinema--696x430.webp 696w, https:\/\/www.eldiario.net\/portal\/wp-content\/uploads\/2025\/08\/2-Fotos-Empatia-Cinema--1068x659.webp 1068w, https:\/\/www.eldiario.net\/portal\/wp-content\/uploads\/2025\/08\/2-Fotos-Empatia-Cinema-.webp 1750w\" sizes=\"(max-width: 681px) 100vw, 681px\" alt=\"\">\r\n                            <\/a>\r\n                            \r\n                        <\/figure>\r\n                    <\/div>\r\n                            <\/div>\r\n                        <\/div>\r\n\r\n                        <div class = \"td-doubleSlider-2\">\r\n                            <div class = \"td-slider\">\r\n                                \r\n                    <div class = \"td-button td-item1\">\r\n                        <div class = \"td-border\"><\/div>\r\n                    <\/div>\r\n                    <div class = \"td-button td-item2\">\r\n                        <div class = \"td-border\"><\/div>\r\n                    <\/div>\r\n                    <div class = \"td-button td-item3\">\r\n                        <div class = \"td-border\"><\/div>\r\n                    <\/div>\r\n                    <div class = \"td-button td-item4\">\r\n                        <div class = \"td-border\"><\/div>\r\n                    <\/div>\r\n                            <\/div>\r\n                        <\/div>\r\n\r\n                    <\/div>\r\n\r\n                <\/div>\r\n                \n","protected":false},"excerpt":{"rendered":"<p>Orgulloso y contento, as\u00ed est\u00e1 el director cochabambino \u00c1lvaro Olmos Torrico tras la reciente selecci\u00f3n de la pel\u00edcula boliviana \u201cLa Hija C\u00f3ndor\u201d para representar al pa\u00eds en el Festival Internacional de Cine de Toronto, Canad\u00e1. El filme de Olmos participar\u00e1 en la secci\u00f3n Centrepiece (la muestra central de cine internacional) del Festival Internacional de Cine [&hellip;]<\/p>\n","protected":false},"author":1,"featured_media":324460,"comment_status":"closed","ping_status":"open","sticky":false,"template":"","format":"standard","meta":{"_acf_changed":false,"footnotes":""},"categories":[41],"tags":[],"class_list":["post-324457","post","type-post","status-publish","format-standard","has-post-thumbnail","category-la-guia"],"acf":{"antetitulo":""},"yoast_head":"<!-- This site is optimized with the Yoast SEO plugin v28.4 - https:\/\/yoast.com\/product\/yoast-seo-wordpress\/ -->\n<title>\u201cLa Hija C\u00f3ndor\u201d nos representar\u00e1 en el Festival Internacional de Cine de Toronto - El Diario - Bolivia<\/title>\n<meta name=\"robots\" content=\"index, follow, max-snippet:-1, max-image-preview:large, max-video-preview:-1\" \/>\n<link rel=\"canonical\" href=\"https:\/\/www.eldiario.net\/portal\/2025\/08\/16\/la-hija-condor-nos-representara-en-el-festival-internacional-de-cine-de-toronto\/\" \/>\n<meta property=\"og:locale\" content=\"es_ES\" \/>\n<meta property=\"og:type\" content=\"article\" \/>\n<meta property=\"og:title\" content=\"\u201cLa Hija C\u00f3ndor\u201d nos representar\u00e1 en el Festival Internacional de Cine de Toronto - El Diario - Bolivia\" \/>\n<meta property=\"og:description\" content=\"Orgulloso y contento, as\u00ed est\u00e1 el director cochabambino \u00c1lvaro Olmos Torrico tras la reciente selecci\u00f3n de la pel\u00edcula boliviana \u201cLa Hija C\u00f3ndor\u201d para representar al pa\u00eds en el Festival Internacional de Cine de Toronto, Canad\u00e1. El filme de Olmos participar\u00e1 en la secci\u00f3n Centrepiece (la muestra central de cine internacional) del Festival Internacional de Cine [&hellip;]\" \/>\n<meta property=\"og:url\" content=\"https:\/\/www.eldiario.net\/portal\/2025\/08\/16\/la-hija-condor-nos-representara-en-el-festival-internacional-de-cine-de-toronto\/\" \/>\n<meta property=\"og:site_name\" content=\"El Diario - Bolivia\" \/>\n<meta property=\"article:publisher\" content=\"https:\/\/www.facebook.com\/eldiario.bolivia\/\" \/>\n<meta property=\"article:published_time\" content=\"2025-08-16T10:27:07+00:00\" \/>\n<meta property=\"og:image\" content=\"https:\/\/www.eldiario.net\/portal\/wp-content\/uploads\/2025\/08\/1-PRINCIPAL-4.webp\" \/>\n\t<meta property=\"og:image:width\" content=\"896\" \/>\n\t<meta property=\"og:image:height\" content=\"670\" \/>\n\t<meta property=\"og:image:type\" content=\"image\/webp\" \/>\n<meta name=\"author\" content=\"Jeanette\" \/>\n<meta name=\"twitter:card\" content=\"summary_large_image\" \/>\n<meta name=\"twitter:creator\" content=\"@eldiario_net\" \/>\n<meta name=\"twitter:site\" content=\"@eldiario_net\" \/>\n<meta name=\"twitter:label1\" content=\"Escrito por\" \/>\n\t<meta name=\"twitter:data1\" content=\"Jeanette\" \/>\n\t<meta name=\"twitter:label2\" content=\"Tiempo de lectura\" \/>\n\t<meta name=\"twitter:data2\" content=\"5 minutos\" \/>\n<script type=\"application\/ld+json\" class=\"yoast-schema-graph\">{\"@context\":\"https:\\\/\\\/schema.org\",\"@graph\":[{\"@type\":\"Article\",\"@id\":\"https:\\\/\\\/www.eldiario.net\\\/portal\\\/2025\\\/08\\\/16\\\/la-hija-condor-nos-representara-en-el-festival-internacional-de-cine-de-toronto\\\/#article\",\"isPartOf\":{\"@id\":\"https:\\\/\\\/www.eldiario.net\\\/portal\\\/2025\\\/08\\\/16\\\/la-hija-condor-nos-representara-en-el-festival-internacional-de-cine-de-toronto\\\/\"},\"author\":{\"name\":\"Jeanette\",\"@id\":\"https:\\\/\\\/www.eldiario.net\\\/portal\\\/#\\\/schema\\\/person\\\/f46445640444750d7d753ccd04ae01b7\"},\"headline\":\"\u201cLa Hija C\u00f3ndor\u201d nos representar\u00e1 en el Festival Internacional de Cine de Toronto\",\"datePublished\":\"2025-08-16T10:27:07+00:00\",\"mainEntityOfPage\":{\"@id\":\"https:\\\/\\\/www.eldiario.net\\\/portal\\\/2025\\\/08\\\/16\\\/la-hija-condor-nos-representara-en-el-festival-internacional-de-cine-de-toronto\\\/\"},\"wordCount\":949,\"publisher\":{\"@id\":\"https:\\\/\\\/www.eldiario.net\\\/portal\\\/#organization\"},\"image\":{\"@id\":\"https:\\\/\\\/www.eldiario.net\\\/portal\\\/2025\\\/08\\\/16\\\/la-hija-condor-nos-representara-en-el-festival-internacional-de-cine-de-toronto\\\/#primaryimage\"},\"thumbnailUrl\":\"https:\\\/\\\/www.eldiario.net\\\/portal\\\/wp-content\\\/uploads\\\/2025\\\/08\\\/1-PRINCIPAL-4.webp\",\"articleSection\":[\"La Gu\u00eda\"],\"inLanguage\":\"es\"},{\"@type\":\"WebPage\",\"@id\":\"https:\\\/\\\/www.eldiario.net\\\/portal\\\/2025\\\/08\\\/16\\\/la-hija-condor-nos-representara-en-el-festival-internacional-de-cine-de-toronto\\\/\",\"url\":\"https:\\\/\\\/www.eldiario.net\\\/portal\\\/2025\\\/08\\\/16\\\/la-hija-condor-nos-representara-en-el-festival-internacional-de-cine-de-toronto\\\/\",\"name\":\"\u201cLa Hija C\u00f3ndor\u201d nos representar\u00e1 en el Festival Internacional de Cine de Toronto - El Diario - Bolivia\",\"isPartOf\":{\"@id\":\"https:\\\/\\\/www.eldiario.net\\\/portal\\\/#website\"},\"primaryImageOfPage\":{\"@id\":\"https:\\\/\\\/www.eldiario.net\\\/portal\\\/2025\\\/08\\\/16\\\/la-hija-condor-nos-representara-en-el-festival-internacional-de-cine-de-toronto\\\/#primaryimage\"},\"image\":{\"@id\":\"https:\\\/\\\/www.eldiario.net\\\/portal\\\/2025\\\/08\\\/16\\\/la-hija-condor-nos-representara-en-el-festival-internacional-de-cine-de-toronto\\\/#primaryimage\"},\"thumbnailUrl\":\"https:\\\/\\\/www.eldiario.net\\\/portal\\\/wp-content\\\/uploads\\\/2025\\\/08\\\/1-PRINCIPAL-4.webp\",\"datePublished\":\"2025-08-16T10:27:07+00:00\",\"breadcrumb\":{\"@id\":\"https:\\\/\\\/www.eldiario.net\\\/portal\\\/2025\\\/08\\\/16\\\/la-hija-condor-nos-representara-en-el-festival-internacional-de-cine-de-toronto\\\/#breadcrumb\"},\"inLanguage\":\"es\",\"potentialAction\":[{\"@type\":\"ReadAction\",\"target\":[\"https:\\\/\\\/www.eldiario.net\\\/portal\\\/2025\\\/08\\\/16\\\/la-hija-condor-nos-representara-en-el-festival-internacional-de-cine-de-toronto\\\/\"]}]},{\"@type\":\"ImageObject\",\"inLanguage\":\"es\",\"@id\":\"https:\\\/\\\/www.eldiario.net\\\/portal\\\/2025\\\/08\\\/16\\\/la-hija-condor-nos-representara-en-el-festival-internacional-de-cine-de-toronto\\\/#primaryimage\",\"url\":\"https:\\\/\\\/www.eldiario.net\\\/portal\\\/wp-content\\\/uploads\\\/2025\\\/08\\\/1-PRINCIPAL-4.webp\",\"contentUrl\":\"https:\\\/\\\/www.eldiario.net\\\/portal\\\/wp-content\\\/uploads\\\/2025\\\/08\\\/1-PRINCIPAL-4.webp\",\"width\":896,\"height\":670},{\"@type\":\"BreadcrumbList\",\"@id\":\"https:\\\/\\\/www.eldiario.net\\\/portal\\\/2025\\\/08\\\/16\\\/la-hija-condor-nos-representara-en-el-festival-internacional-de-cine-de-toronto\\\/#breadcrumb\",\"itemListElement\":[{\"@type\":\"ListItem\",\"position\":1,\"name\":\"Portada\",\"item\":\"https:\\\/\\\/www.eldiario.net\\\/portal\\\/\"},{\"@type\":\"ListItem\",\"position\":2,\"name\":\"\u201cLa Hija C\u00f3ndor\u201d nos representar\u00e1 en el Festival Internacional de Cine de Toronto\"}]},{\"@type\":\"WebSite\",\"@id\":\"https:\\\/\\\/www.eldiario.net\\\/portal\\\/#website\",\"url\":\"https:\\\/\\\/www.eldiario.net\\\/portal\\\/\",\"name\":\"El Diario - Decano de la prensa nacional\",\"description\":\"El Diario - Decano de la prensa nacional\",\"publisher\":{\"@id\":\"https:\\\/\\\/www.eldiario.net\\\/portal\\\/#organization\"},\"potentialAction\":[{\"@type\":\"SearchAction\",\"target\":{\"@type\":\"EntryPoint\",\"urlTemplate\":\"https:\\\/\\\/www.eldiario.net\\\/portal\\\/?s={search_term_string}\"},\"query-input\":{\"@type\":\"PropertyValueSpecification\",\"valueRequired\":true,\"valueName\":\"search_term_string\"}}],\"inLanguage\":\"es\"},{\"@type\":\"Organization\",\"@id\":\"https:\\\/\\\/www.eldiario.net\\\/portal\\\/#organization\",\"name\":\"El Diario - Decano de la prensa nacional\",\"url\":\"https:\\\/\\\/www.eldiario.net\\\/portal\\\/\",\"logo\":{\"@type\":\"ImageObject\",\"inLanguage\":\"es\",\"@id\":\"https:\\\/\\\/www.eldiario.net\\\/portal\\\/#\\\/schema\\\/logo\\\/image\\\/\",\"url\":\"https:\\\/\\\/www.eldiario.net\\\/portal\\\/wp-content\\\/uploads\\\/2023\\\/07\\\/logo_ED.jpg\",\"contentUrl\":\"https:\\\/\\\/www.eldiario.net\\\/portal\\\/wp-content\\\/uploads\\\/2023\\\/07\\\/logo_ED.jpg\",\"width\":272,\"height\":52,\"caption\":\"El Diario - Decano de la prensa nacional\"},\"image\":{\"@id\":\"https:\\\/\\\/www.eldiario.net\\\/portal\\\/#\\\/schema\\\/logo\\\/image\\\/\"},\"sameAs\":[\"https:\\\/\\\/www.facebook.com\\\/eldiario.bolivia\\\/\",\"https:\\\/\\\/x.com\\\/eldiario_net\"]},{\"@type\":\"Person\",\"@id\":\"https:\\\/\\\/www.eldiario.net\\\/portal\\\/#\\\/schema\\\/person\\\/f46445640444750d7d753ccd04ae01b7\",\"name\":\"Jeanette\",\"image\":{\"@type\":\"ImageObject\",\"inLanguage\":\"es\",\"@id\":\"https:\\\/\\\/secure.gravatar.com\\\/avatar\\\/3ea2118a5f7dad2b7138b1187a6b7ee55f160b9968b66013c3a3ef39dd7e5798?s=96&d=mm&r=g\",\"url\":\"https:\\\/\\\/secure.gravatar.com\\\/avatar\\\/3ea2118a5f7dad2b7138b1187a6b7ee55f160b9968b66013c3a3ef39dd7e5798?s=96&d=mm&r=g\",\"contentUrl\":\"https:\\\/\\\/secure.gravatar.com\\\/avatar\\\/3ea2118a5f7dad2b7138b1187a6b7ee55f160b9968b66013c3a3ef39dd7e5798?s=96&d=mm&r=g\",\"caption\":\"Jeanette\"},\"sameAs\":[\"https:\\\/\\\/www.eldiario.net\\\/portal\"],\"url\":\"https:\\\/\\\/www.eldiario.net\\\/portal\\\/author\\\/jeanette\\\/\"}]}<\/script>\n<!-- \/ Yoast SEO plugin. -->","yoast_head_json":{"title":"\u201cLa Hija C\u00f3ndor\u201d nos representar\u00e1 en el Festival Internacional de Cine de Toronto - El Diario - Bolivia","robots":{"index":"index","follow":"follow","max-snippet":"max-snippet:-1","max-image-preview":"max-image-preview:large","max-video-preview":"max-video-preview:-1"},"canonical":"https:\/\/www.eldiario.net\/portal\/2025\/08\/16\/la-hija-condor-nos-representara-en-el-festival-internacional-de-cine-de-toronto\/","og_locale":"es_ES","og_type":"article","og_title":"\u201cLa Hija C\u00f3ndor\u201d nos representar\u00e1 en el Festival Internacional de Cine de Toronto - El Diario - Bolivia","og_description":"Orgulloso y contento, as\u00ed est\u00e1 el director cochabambino \u00c1lvaro Olmos Torrico tras la reciente selecci\u00f3n de la pel\u00edcula boliviana \u201cLa Hija C\u00f3ndor\u201d para representar al pa\u00eds en el Festival Internacional de Cine de Toronto, Canad\u00e1. El filme de Olmos participar\u00e1 en la secci\u00f3n Centrepiece (la muestra central de cine internacional) del Festival Internacional de Cine [&hellip;]","og_url":"https:\/\/www.eldiario.net\/portal\/2025\/08\/16\/la-hija-condor-nos-representara-en-el-festival-internacional-de-cine-de-toronto\/","og_site_name":"El Diario - Bolivia","article_publisher":"https:\/\/www.facebook.com\/eldiario.bolivia\/","article_published_time":"2025-08-16T10:27:07+00:00","og_image":[{"width":896,"height":670,"url":"https:\/\/www.eldiario.net\/portal\/wp-content\/uploads\/2025\/08\/1-PRINCIPAL-4.webp","type":"image\/webp"}],"author":"Jeanette","twitter_card":"summary_large_image","twitter_creator":"@eldiario_net","twitter_site":"@eldiario_net","twitter_misc":{"Escrito por":"Jeanette","Tiempo de lectura":"5 minutos"},"schema":{"@context":"https:\/\/schema.org","@graph":[{"@type":"Article","@id":"https:\/\/www.eldiario.net\/portal\/2025\/08\/16\/la-hija-condor-nos-representara-en-el-festival-internacional-de-cine-de-toronto\/#article","isPartOf":{"@id":"https:\/\/www.eldiario.net\/portal\/2025\/08\/16\/la-hija-condor-nos-representara-en-el-festival-internacional-de-cine-de-toronto\/"},"author":{"name":"Jeanette","@id":"https:\/\/www.eldiario.net\/portal\/#\/schema\/person\/f46445640444750d7d753ccd04ae01b7"},"headline":"\u201cLa Hija C\u00f3ndor\u201d nos representar\u00e1 en el Festival Internacional de Cine de Toronto","datePublished":"2025-08-16T10:27:07+00:00","mainEntityOfPage":{"@id":"https:\/\/www.eldiario.net\/portal\/2025\/08\/16\/la-hija-condor-nos-representara-en-el-festival-internacional-de-cine-de-toronto\/"},"wordCount":949,"publisher":{"@id":"https:\/\/www.eldiario.net\/portal\/#organization"},"image":{"@id":"https:\/\/www.eldiario.net\/portal\/2025\/08\/16\/la-hija-condor-nos-representara-en-el-festival-internacional-de-cine-de-toronto\/#primaryimage"},"thumbnailUrl":"https:\/\/www.eldiario.net\/portal\/wp-content\/uploads\/2025\/08\/1-PRINCIPAL-4.webp","articleSection":["La Gu\u00eda"],"inLanguage":"es"},{"@type":"WebPage","@id":"https:\/\/www.eldiario.net\/portal\/2025\/08\/16\/la-hija-condor-nos-representara-en-el-festival-internacional-de-cine-de-toronto\/","url":"https:\/\/www.eldiario.net\/portal\/2025\/08\/16\/la-hija-condor-nos-representara-en-el-festival-internacional-de-cine-de-toronto\/","name":"\u201cLa Hija C\u00f3ndor\u201d nos representar\u00e1 en el Festival Internacional de Cine de Toronto - El Diario - Bolivia","isPartOf":{"@id":"https:\/\/www.eldiario.net\/portal\/#website"},"primaryImageOfPage":{"@id":"https:\/\/www.eldiario.net\/portal\/2025\/08\/16\/la-hija-condor-nos-representara-en-el-festival-internacional-de-cine-de-toronto\/#primaryimage"},"image":{"@id":"https:\/\/www.eldiario.net\/portal\/2025\/08\/16\/la-hija-condor-nos-representara-en-el-festival-internacional-de-cine-de-toronto\/#primaryimage"},"thumbnailUrl":"https:\/\/www.eldiario.net\/portal\/wp-content\/uploads\/2025\/08\/1-PRINCIPAL-4.webp","datePublished":"2025-08-16T10:27:07+00:00","breadcrumb":{"@id":"https:\/\/www.eldiario.net\/portal\/2025\/08\/16\/la-hija-condor-nos-representara-en-el-festival-internacional-de-cine-de-toronto\/#breadcrumb"},"inLanguage":"es","potentialAction":[{"@type":"ReadAction","target":["https:\/\/www.eldiario.net\/portal\/2025\/08\/16\/la-hija-condor-nos-representara-en-el-festival-internacional-de-cine-de-toronto\/"]}]},{"@type":"ImageObject","inLanguage":"es","@id":"https:\/\/www.eldiario.net\/portal\/2025\/08\/16\/la-hija-condor-nos-representara-en-el-festival-internacional-de-cine-de-toronto\/#primaryimage","url":"https:\/\/www.eldiario.net\/portal\/wp-content\/uploads\/2025\/08\/1-PRINCIPAL-4.webp","contentUrl":"https:\/\/www.eldiario.net\/portal\/wp-content\/uploads\/2025\/08\/1-PRINCIPAL-4.webp","width":896,"height":670},{"@type":"BreadcrumbList","@id":"https:\/\/www.eldiario.net\/portal\/2025\/08\/16\/la-hija-condor-nos-representara-en-el-festival-internacional-de-cine-de-toronto\/#breadcrumb","itemListElement":[{"@type":"ListItem","position":1,"name":"Portada","item":"https:\/\/www.eldiario.net\/portal\/"},{"@type":"ListItem","position":2,"name":"\u201cLa Hija C\u00f3ndor\u201d nos representar\u00e1 en el Festival Internacional de Cine de Toronto"}]},{"@type":"WebSite","@id":"https:\/\/www.eldiario.net\/portal\/#website","url":"https:\/\/www.eldiario.net\/portal\/","name":"El Diario - Decano de la prensa nacional","description":"El Diario - Decano de la prensa nacional","publisher":{"@id":"https:\/\/www.eldiario.net\/portal\/#organization"},"potentialAction":[{"@type":"SearchAction","target":{"@type":"EntryPoint","urlTemplate":"https:\/\/www.eldiario.net\/portal\/?s={search_term_string}"},"query-input":{"@type":"PropertyValueSpecification","valueRequired":true,"valueName":"search_term_string"}}],"inLanguage":"es"},{"@type":"Organization","@id":"https:\/\/www.eldiario.net\/portal\/#organization","name":"El Diario - Decano de la prensa nacional","url":"https:\/\/www.eldiario.net\/portal\/","logo":{"@type":"ImageObject","inLanguage":"es","@id":"https:\/\/www.eldiario.net\/portal\/#\/schema\/logo\/image\/","url":"https:\/\/www.eldiario.net\/portal\/wp-content\/uploads\/2023\/07\/logo_ED.jpg","contentUrl":"https:\/\/www.eldiario.net\/portal\/wp-content\/uploads\/2023\/07\/logo_ED.jpg","width":272,"height":52,"caption":"El Diario - Decano de la prensa nacional"},"image":{"@id":"https:\/\/www.eldiario.net\/portal\/#\/schema\/logo\/image\/"},"sameAs":["https:\/\/www.facebook.com\/eldiario.bolivia\/","https:\/\/x.com\/eldiario_net"]},{"@type":"Person","@id":"https:\/\/www.eldiario.net\/portal\/#\/schema\/person\/f46445640444750d7d753ccd04ae01b7","name":"Jeanette","image":{"@type":"ImageObject","inLanguage":"es","@id":"https:\/\/secure.gravatar.com\/avatar\/3ea2118a5f7dad2b7138b1187a6b7ee55f160b9968b66013c3a3ef39dd7e5798?s=96&d=mm&r=g","url":"https:\/\/secure.gravatar.com\/avatar\/3ea2118a5f7dad2b7138b1187a6b7ee55f160b9968b66013c3a3ef39dd7e5798?s=96&d=mm&r=g","contentUrl":"https:\/\/secure.gravatar.com\/avatar\/3ea2118a5f7dad2b7138b1187a6b7ee55f160b9968b66013c3a3ef39dd7e5798?s=96&d=mm&r=g","caption":"Jeanette"},"sameAs":["https:\/\/www.eldiario.net\/portal"],"url":"https:\/\/www.eldiario.net\/portal\/author\/jeanette\/"}]}},"_links":{"self":[{"href":"https:\/\/www.eldiario.net\/portal\/wp-json\/wp\/v2\/posts\/324457","targetHints":{"allow":["GET"]}}],"collection":[{"href":"https:\/\/www.eldiario.net\/portal\/wp-json\/wp\/v2\/posts"}],"about":[{"href":"https:\/\/www.eldiario.net\/portal\/wp-json\/wp\/v2\/types\/post"}],"author":[{"embeddable":true,"href":"https:\/\/www.eldiario.net\/portal\/wp-json\/wp\/v2\/users\/1"}],"replies":[{"embeddable":true,"href":"https:\/\/www.eldiario.net\/portal\/wp-json\/wp\/v2\/comments?post=324457"}],"version-history":[{"count":1,"href":"https:\/\/www.eldiario.net\/portal\/wp-json\/wp\/v2\/posts\/324457\/revisions"}],"predecessor-version":[{"id":324462,"href":"https:\/\/www.eldiario.net\/portal\/wp-json\/wp\/v2\/posts\/324457\/revisions\/324462"}],"wp:featuredmedia":[{"embeddable":true,"href":"https:\/\/www.eldiario.net\/portal\/wp-json\/wp\/v2\/media\/324460"}],"wp:attachment":[{"href":"https:\/\/www.eldiario.net\/portal\/wp-json\/wp\/v2\/media?parent=324457"}],"wp:term":[{"taxonomy":"category","embeddable":true,"href":"https:\/\/www.eldiario.net\/portal\/wp-json\/wp\/v2\/categories?post=324457"},{"taxonomy":"post_tag","embeddable":true,"href":"https:\/\/www.eldiario.net\/portal\/wp-json\/wp\/v2\/tags?post=324457"}],"curies":[{"name":"wp","href":"https:\/\/api.w.org\/{rel}","templated":true}]}}