{"id":324455,"date":"2025-08-16T06:20:37","date_gmt":"2025-08-16T10:20:37","guid":{"rendered":"https:\/\/www.eldiario.net\/portal\/?p=324455"},"modified":"2025-08-16T11:21:51","modified_gmt":"2025-08-16T15:21:51","slug":"izquierda-latinoamericana-silencio-respaldo-cauteloso-o-linea-critica","status":"publish","type":"post","link":"https:\/\/www.eldiario.net\/portal\/2025\/08\/16\/izquierda-latinoamericana-silencio-respaldo-cauteloso-o-linea-critica\/","title":{"rendered":"Izquierda latinoamericana: \u00bfsilencio, respaldo cauteloso o l\u00ednea cr\u00edtica?"},"content":{"rendered":"<p>Actores de la izquierda latinoamericana, desde M\u00e9xico hasta Chile, pasando por Argentina, Colombia o Nicaragua, observan el escenario boliviano con una aparente reticencia ideol\u00f3gica y justificada preocupaci\u00f3n con relaci\u00f3n a sus intereses.<br \/>\nMuchos actores de la izquierda regional\u2014sobre todo aquellos inmersos en gobiernos o bloques multilaterales, han optado por el silencio p\u00fablico en referencia a sus aliados en Bolivia. Esto ocurre por tres razones: 1) Respaldar directamente a una de las candidaturas de la \u201cizquierda boliviana\u201d, podr\u00eda tensionar otros v\u00ednculos bilaterales; 2) Movimientos como Morena en M\u00e9xico o el Frente Amplio en Uruguay cuidan su independencia, esperando el desenlace electoral boliviano; 3) ante denuncias de fraude, autoritarismo y corrupci\u00f3n, prefieren no pronunciarse, por el costo pol\u00edtico que esto podr\u00eda causarles.<br \/>\nCuando Andr\u00e9s Manuel L\u00f3pez Obrador en M\u00e9xico o Gabriel Boric en Chile, caminan con prudencia, pueden hacer declaraciones de \u201cesperanza en la continuidad de valores populares\u201d, sin nombrar expl\u00edcitamente a ning\u00fan candidato boliviano, pero marcando distancia clara de la derecha.<br \/>\nFrente a lo anterior, sectores de izquierda m\u00e1s contestatarios, pueden levantar cr\u00edticas directas: cuestionan el rol de una \u00e9lite pol\u00edtica oficialista que se ha reproducido sin oxigenaci\u00f3n, denuncian la concentraci\u00f3n de poder, la instrumentalizaci\u00f3n del aparato del Estado, o la falta de separaci\u00f3n entre \u201cpartido\u201d y gobernabilidad en Bolivia.<br \/>\nCorrientes cr\u00edticas en Ecuador y Colombia, apuntan directamente contra lo que consideran una falta de renovaci\u00f3n y una excesiva concentraci\u00f3n de poder. Por su parte, sectores vinculados a movimientos ind\u00edgenas, mantienen una solidaridad hist\u00f3rica, pero condicionada a que se respete la consulta y la transparencia en la toma de decisiones.<br \/>\nLa izquierda latinoamericana se encuentra en un cruce de caminos hist\u00f3rico. Por un lado, existe la fuerza del legado del proceso de cambio, que introdujo elementos como el Estado plurinacional y la reivindicaci\u00f3n de los pueblos ind\u00edgenas. Pero, por otro lado, esa fuerza est\u00e1 hoy atravesada por cr\u00edticas no menores a un liderazgo demasiado centralizado, el de Evo Morales, con d\u00e9bil renovaci\u00f3n, y con autoritarismo interno. As\u00ed, el silencio prudente de algunos dirigentes regionales no significa indiferencia, sino c\u00e1lculo pol\u00edtico: prefieren observar sin contaminarse. Otros, en cambio, extienden una mano cautelosa, reconociendo avances hist\u00f3ricos, pero esperando se\u00f1ales. Hay quienes, finalmente, denuncian con claridad: el problema ya no es solo qui\u00e9n lidera, sino c\u00f3mo se lidera\u201d.<br \/>\nSi ocurre lo previsible, la izquierda en Bolivia sufrir\u00e1 un duro rev\u00e9s el 17 de agosto y los progresistas latinoamericanos se ver\u00edan obligados a reconfigurar su mapa de alianzas y su narrativa sobre Bolivia. Para muchos gobiernos y movimientos de la regi\u00f3n, la ca\u00edda del partido que durante casi dos d\u00e9cadas gobern\u00f3 Bolivia, representar\u00eda no solo la p\u00e9rdida de un aliado pol\u00edtico, sino tambi\u00e9n el cierre de una etapa hist\u00f3rica marcada por el ascenso del Estado plurinacional y las pol\u00edticas de redistribuci\u00f3n social. Este vac\u00edo obligar\u00eda a algunos actores a buscar nuevos referentes progresistas en Bolivia, posiblemente m\u00e1s j\u00f3venes, con agendas m\u00e1s democr\u00e1ticas y menos asociadas a estructuras partidarias r\u00edgidas.<br \/>\nAl mismo tiempo, esa derrota podr\u00eda intensificar la autocr\u00edtica en ciertos sectores de la izquierda continental, que ver\u00edan en este hecho, la consecuencia de no haber renovado liderazgos ni comportamientos.<br \/>\nMientras las fuerzas progresistas m\u00e1s institucionalistas podr\u00edan tomar distancia para evitar el desgaste pol\u00edtico, corrientes m\u00e1s radicales podr\u00edan intentar reactivar una narrativa de resistencia frente a lo que consideraran un \u201cretroceso restaurador del neoliberalismo\u201d en la regi\u00f3n. En cualquiera de los casos, el cambio del control del poder en Bolivia, reordenar\u00e1 las correlaciones internas en la izquierda latinoamericana y pondr\u00e1 a prueba su capacidad de adaptarse a un escenario regional donde ya no podr\u00e1 contar con uno de sus principales bastiones simb\u00f3licos en pleno coraz\u00f3n de Sud Am\u00e9rica.<\/p>\n<p>El autor es psic\u00f3logo y analista pol\u00edtico.<\/p>\n","protected":false},"excerpt":{"rendered":"<p>Actores de la izquierda latinoamericana, desde M\u00e9xico hasta Chile, pasando por Argentina, Colombia o Nicaragua, observan el escenario boliviano con una aparente reticencia ideol\u00f3gica y justificada preocupaci\u00f3n con relaci\u00f3n a sus intereses. Muchos actores de la izquierda regional\u2014sobre todo aquellos inmersos en gobiernos o bloques multilaterales, han optado por el silencio p\u00fablico en referencia a [&hellip;]<\/p>\n","protected":false},"author":1,"featured_media":194790,"comment_status":"closed","ping_status":"open","sticky":false,"template":"","format":"standard","meta":{"_acf_changed":false,"footnotes":""},"categories":[9],"tags":[],"class_list":["post-324455","post","type-post","status-publish","format-standard","has-post-thumbnail","category-opinion"],"acf":{"antetitulo":""},"yoast_head":"<!-- This site is optimized with the Yoast SEO plugin v28.4 - https:\/\/yoast.com\/product\/yoast-seo-wordpress\/ -->\n<title>Izquierda latinoamericana: \u00bfsilencio, respaldo cauteloso o l\u00ednea cr\u00edtica? - El Diario - Bolivia<\/title>\n<meta name=\"robots\" content=\"index, follow, max-snippet:-1, max-image-preview:large, max-video-preview:-1\" \/>\n<link rel=\"canonical\" href=\"https:\/\/www.eldiario.net\/portal\/2025\/08\/16\/izquierda-latinoamericana-silencio-respaldo-cauteloso-o-linea-critica\/\" \/>\n<meta property=\"og:locale\" content=\"es_ES\" \/>\n<meta property=\"og:type\" content=\"article\" \/>\n<meta property=\"og:title\" content=\"Izquierda latinoamericana: \u00bfsilencio, respaldo cauteloso o l\u00ednea cr\u00edtica? - El Diario - Bolivia\" \/>\n<meta property=\"og:description\" content=\"Actores de la izquierda latinoamericana, desde M\u00e9xico hasta Chile, pasando por Argentina, Colombia o Nicaragua, observan el escenario boliviano con una aparente reticencia ideol\u00f3gica y justificada preocupaci\u00f3n con relaci\u00f3n a sus intereses. Muchos actores de la izquierda regional\u2014sobre todo aquellos inmersos en gobiernos o bloques multilaterales, han optado por el silencio p\u00fablico en referencia a [&hellip;]\" \/>\n<meta property=\"og:url\" content=\"https:\/\/www.eldiario.net\/portal\/2025\/08\/16\/izquierda-latinoamericana-silencio-respaldo-cauteloso-o-linea-critica\/\" \/>\n<meta property=\"og:site_name\" content=\"El Diario - Bolivia\" \/>\n<meta property=\"article:publisher\" content=\"https:\/\/www.facebook.com\/eldiario.bolivia\/\" \/>\n<meta property=\"article:published_time\" content=\"2025-08-16T10:20:37+00:00\" \/>\n<meta property=\"article:modified_time\" content=\"2025-08-16T15:21:51+00:00\" \/>\n<meta property=\"og:image\" content=\"https:\/\/www.eldiario.net\/portal\/wp-content\/uploads\/2023\/12\/Opinion.jpg\" \/>\n\t<meta property=\"og:image:width\" content=\"800\" \/>\n\t<meta property=\"og:image:height\" content=\"500\" \/>\n\t<meta property=\"og:image:type\" content=\"image\/jpeg\" \/>\n<meta name=\"author\" content=\"Jeanette\" \/>\n<meta name=\"twitter:card\" content=\"summary_large_image\" \/>\n<meta name=\"twitter:creator\" content=\"@eldiario_net\" \/>\n<meta name=\"twitter:site\" content=\"@eldiario_net\" \/>\n<meta name=\"twitter:label1\" content=\"Escrito por\" \/>\n\t<meta name=\"twitter:data1\" content=\"Jeanette\" \/>\n\t<meta name=\"twitter:label2\" content=\"Tiempo de lectura\" \/>\n\t<meta name=\"twitter:data2\" content=\"3 minutos\" \/>\n<script type=\"application\/ld+json\" class=\"yoast-schema-graph\">{\"@context\":\"https:\\\/\\\/schema.org\",\"@graph\":[{\"@type\":\"Article\",\"@id\":\"https:\\\/\\\/www.eldiario.net\\\/portal\\\/2025\\\/08\\\/16\\\/izquierda-latinoamericana-silencio-respaldo-cauteloso-o-linea-critica\\\/#article\",\"isPartOf\":{\"@id\":\"https:\\\/\\\/www.eldiario.net\\\/portal\\\/2025\\\/08\\\/16\\\/izquierda-latinoamericana-silencio-respaldo-cauteloso-o-linea-critica\\\/\"},\"author\":{\"name\":\"Jeanette\",\"@id\":\"https:\\\/\\\/www.eldiario.net\\\/portal\\\/#\\\/schema\\\/person\\\/f46445640444750d7d753ccd04ae01b7\"},\"headline\":\"Izquierda latinoamericana: \u00bfsilencio, respaldo cauteloso o l\u00ednea cr\u00edtica?\",\"datePublished\":\"2025-08-16T10:20:37+00:00\",\"dateModified\":\"2025-08-16T15:21:51+00:00\",\"mainEntityOfPage\":{\"@id\":\"https:\\\/\\\/www.eldiario.net\\\/portal\\\/2025\\\/08\\\/16\\\/izquierda-latinoamericana-silencio-respaldo-cauteloso-o-linea-critica\\\/\"},\"wordCount\":689,\"publisher\":{\"@id\":\"https:\\\/\\\/www.eldiario.net\\\/portal\\\/#organization\"},\"image\":{\"@id\":\"https:\\\/\\\/www.eldiario.net\\\/portal\\\/2025\\\/08\\\/16\\\/izquierda-latinoamericana-silencio-respaldo-cauteloso-o-linea-critica\\\/#primaryimage\"},\"thumbnailUrl\":\"https:\\\/\\\/www.eldiario.net\\\/portal\\\/wp-content\\\/uploads\\\/2023\\\/12\\\/Opinion.jpg\",\"articleSection\":[\"Opini\u00f3n\"],\"inLanguage\":\"es\"},{\"@type\":\"WebPage\",\"@id\":\"https:\\\/\\\/www.eldiario.net\\\/portal\\\/2025\\\/08\\\/16\\\/izquierda-latinoamericana-silencio-respaldo-cauteloso-o-linea-critica\\\/\",\"url\":\"https:\\\/\\\/www.eldiario.net\\\/portal\\\/2025\\\/08\\\/16\\\/izquierda-latinoamericana-silencio-respaldo-cauteloso-o-linea-critica\\\/\",\"name\":\"Izquierda latinoamericana: \u00bfsilencio, respaldo cauteloso o l\u00ednea cr\u00edtica? - El Diario - Bolivia\",\"isPartOf\":{\"@id\":\"https:\\\/\\\/www.eldiario.net\\\/portal\\\/#website\"},\"primaryImageOfPage\":{\"@id\":\"https:\\\/\\\/www.eldiario.net\\\/portal\\\/2025\\\/08\\\/16\\\/izquierda-latinoamericana-silencio-respaldo-cauteloso-o-linea-critica\\\/#primaryimage\"},\"image\":{\"@id\":\"https:\\\/\\\/www.eldiario.net\\\/portal\\\/2025\\\/08\\\/16\\\/izquierda-latinoamericana-silencio-respaldo-cauteloso-o-linea-critica\\\/#primaryimage\"},\"thumbnailUrl\":\"https:\\\/\\\/www.eldiario.net\\\/portal\\\/wp-content\\\/uploads\\\/2023\\\/12\\\/Opinion.jpg\",\"datePublished\":\"2025-08-16T10:20:37+00:00\",\"dateModified\":\"2025-08-16T15:21:51+00:00\",\"breadcrumb\":{\"@id\":\"https:\\\/\\\/www.eldiario.net\\\/portal\\\/2025\\\/08\\\/16\\\/izquierda-latinoamericana-silencio-respaldo-cauteloso-o-linea-critica\\\/#breadcrumb\"},\"inLanguage\":\"es\",\"potentialAction\":[{\"@type\":\"ReadAction\",\"target\":[\"https:\\\/\\\/www.eldiario.net\\\/portal\\\/2025\\\/08\\\/16\\\/izquierda-latinoamericana-silencio-respaldo-cauteloso-o-linea-critica\\\/\"]}]},{\"@type\":\"ImageObject\",\"inLanguage\":\"es\",\"@id\":\"https:\\\/\\\/www.eldiario.net\\\/portal\\\/2025\\\/08\\\/16\\\/izquierda-latinoamericana-silencio-respaldo-cauteloso-o-linea-critica\\\/#primaryimage\",\"url\":\"https:\\\/\\\/www.eldiario.net\\\/portal\\\/wp-content\\\/uploads\\\/2023\\\/12\\\/Opinion.jpg\",\"contentUrl\":\"https:\\\/\\\/www.eldiario.net\\\/portal\\\/wp-content\\\/uploads\\\/2023\\\/12\\\/Opinion.jpg\",\"width\":800,\"height\":500},{\"@type\":\"BreadcrumbList\",\"@id\":\"https:\\\/\\\/www.eldiario.net\\\/portal\\\/2025\\\/08\\\/16\\\/izquierda-latinoamericana-silencio-respaldo-cauteloso-o-linea-critica\\\/#breadcrumb\",\"itemListElement\":[{\"@type\":\"ListItem\",\"position\":1,\"name\":\"Portada\",\"item\":\"https:\\\/\\\/www.eldiario.net\\\/portal\\\/\"},{\"@type\":\"ListItem\",\"position\":2,\"name\":\"Izquierda latinoamericana: \u00bfsilencio, respaldo cauteloso o l\u00ednea cr\u00edtica?\"}]},{\"@type\":\"WebSite\",\"@id\":\"https:\\\/\\\/www.eldiario.net\\\/portal\\\/#website\",\"url\":\"https:\\\/\\\/www.eldiario.net\\\/portal\\\/\",\"name\":\"El Diario - Decano de la prensa nacional\",\"description\":\"El Diario - Decano de la prensa nacional\",\"publisher\":{\"@id\":\"https:\\\/\\\/www.eldiario.net\\\/portal\\\/#organization\"},\"potentialAction\":[{\"@type\":\"SearchAction\",\"target\":{\"@type\":\"EntryPoint\",\"urlTemplate\":\"https:\\\/\\\/www.eldiario.net\\\/portal\\\/?s={search_term_string}\"},\"query-input\":{\"@type\":\"PropertyValueSpecification\",\"valueRequired\":true,\"valueName\":\"search_term_string\"}}],\"inLanguage\":\"es\"},{\"@type\":\"Organization\",\"@id\":\"https:\\\/\\\/www.eldiario.net\\\/portal\\\/#organization\",\"name\":\"El Diario - Decano de la prensa nacional\",\"url\":\"https:\\\/\\\/www.eldiario.net\\\/portal\\\/\",\"logo\":{\"@type\":\"ImageObject\",\"inLanguage\":\"es\",\"@id\":\"https:\\\/\\\/www.eldiario.net\\\/portal\\\/#\\\/schema\\\/logo\\\/image\\\/\",\"url\":\"https:\\\/\\\/www.eldiario.net\\\/portal\\\/wp-content\\\/uploads\\\/2023\\\/07\\\/logo_ED.jpg\",\"contentUrl\":\"https:\\\/\\\/www.eldiario.net\\\/portal\\\/wp-content\\\/uploads\\\/2023\\\/07\\\/logo_ED.jpg\",\"width\":272,\"height\":52,\"caption\":\"El Diario - Decano de la prensa nacional\"},\"image\":{\"@id\":\"https:\\\/\\\/www.eldiario.net\\\/portal\\\/#\\\/schema\\\/logo\\\/image\\\/\"},\"sameAs\":[\"https:\\\/\\\/www.facebook.com\\\/eldiario.bolivia\\\/\",\"https:\\\/\\\/x.com\\\/eldiario_net\"]},{\"@type\":\"Person\",\"@id\":\"https:\\\/\\\/www.eldiario.net\\\/portal\\\/#\\\/schema\\\/person\\\/f46445640444750d7d753ccd04ae01b7\",\"name\":\"Jeanette\",\"image\":{\"@type\":\"ImageObject\",\"inLanguage\":\"es\",\"@id\":\"https:\\\/\\\/secure.gravatar.com\\\/avatar\\\/3ea2118a5f7dad2b7138b1187a6b7ee55f160b9968b66013c3a3ef39dd7e5798?s=96&d=mm&r=g\",\"url\":\"https:\\\/\\\/secure.gravatar.com\\\/avatar\\\/3ea2118a5f7dad2b7138b1187a6b7ee55f160b9968b66013c3a3ef39dd7e5798?s=96&d=mm&r=g\",\"contentUrl\":\"https:\\\/\\\/secure.gravatar.com\\\/avatar\\\/3ea2118a5f7dad2b7138b1187a6b7ee55f160b9968b66013c3a3ef39dd7e5798?s=96&d=mm&r=g\",\"caption\":\"Jeanette\"},\"sameAs\":[\"https:\\\/\\\/www.eldiario.net\\\/portal\"],\"url\":\"https:\\\/\\\/www.eldiario.net\\\/portal\\\/author\\\/jeanette\\\/\"}]}<\/script>\n<!-- \/ Yoast SEO plugin. -->","yoast_head_json":{"title":"Izquierda latinoamericana: \u00bfsilencio, respaldo cauteloso o l\u00ednea cr\u00edtica? - El Diario - Bolivia","robots":{"index":"index","follow":"follow","max-snippet":"max-snippet:-1","max-image-preview":"max-image-preview:large","max-video-preview":"max-video-preview:-1"},"canonical":"https:\/\/www.eldiario.net\/portal\/2025\/08\/16\/izquierda-latinoamericana-silencio-respaldo-cauteloso-o-linea-critica\/","og_locale":"es_ES","og_type":"article","og_title":"Izquierda latinoamericana: \u00bfsilencio, respaldo cauteloso o l\u00ednea cr\u00edtica? - El Diario - Bolivia","og_description":"Actores de la izquierda latinoamericana, desde M\u00e9xico hasta Chile, pasando por Argentina, Colombia o Nicaragua, observan el escenario boliviano con una aparente reticencia ideol\u00f3gica y justificada preocupaci\u00f3n con relaci\u00f3n a sus intereses. Muchos actores de la izquierda regional\u2014sobre todo aquellos inmersos en gobiernos o bloques multilaterales, han optado por el silencio p\u00fablico en referencia a [&hellip;]","og_url":"https:\/\/www.eldiario.net\/portal\/2025\/08\/16\/izquierda-latinoamericana-silencio-respaldo-cauteloso-o-linea-critica\/","og_site_name":"El Diario - Bolivia","article_publisher":"https:\/\/www.facebook.com\/eldiario.bolivia\/","article_published_time":"2025-08-16T10:20:37+00:00","article_modified_time":"2025-08-16T15:21:51+00:00","og_image":[{"width":800,"height":500,"url":"https:\/\/www.eldiario.net\/portal\/wp-content\/uploads\/2023\/12\/Opinion.jpg","type":"image\/jpeg"}],"author":"Jeanette","twitter_card":"summary_large_image","twitter_creator":"@eldiario_net","twitter_site":"@eldiario_net","twitter_misc":{"Escrito por":"Jeanette","Tiempo de lectura":"3 minutos"},"schema":{"@context":"https:\/\/schema.org","@graph":[{"@type":"Article","@id":"https:\/\/www.eldiario.net\/portal\/2025\/08\/16\/izquierda-latinoamericana-silencio-respaldo-cauteloso-o-linea-critica\/#article","isPartOf":{"@id":"https:\/\/www.eldiario.net\/portal\/2025\/08\/16\/izquierda-latinoamericana-silencio-respaldo-cauteloso-o-linea-critica\/"},"author":{"name":"Jeanette","@id":"https:\/\/www.eldiario.net\/portal\/#\/schema\/person\/f46445640444750d7d753ccd04ae01b7"},"headline":"Izquierda latinoamericana: \u00bfsilencio, respaldo cauteloso o l\u00ednea cr\u00edtica?","datePublished":"2025-08-16T10:20:37+00:00","dateModified":"2025-08-16T15:21:51+00:00","mainEntityOfPage":{"@id":"https:\/\/www.eldiario.net\/portal\/2025\/08\/16\/izquierda-latinoamericana-silencio-respaldo-cauteloso-o-linea-critica\/"},"wordCount":689,"publisher":{"@id":"https:\/\/www.eldiario.net\/portal\/#organization"},"image":{"@id":"https:\/\/www.eldiario.net\/portal\/2025\/08\/16\/izquierda-latinoamericana-silencio-respaldo-cauteloso-o-linea-critica\/#primaryimage"},"thumbnailUrl":"https:\/\/www.eldiario.net\/portal\/wp-content\/uploads\/2023\/12\/Opinion.jpg","articleSection":["Opini\u00f3n"],"inLanguage":"es"},{"@type":"WebPage","@id":"https:\/\/www.eldiario.net\/portal\/2025\/08\/16\/izquierda-latinoamericana-silencio-respaldo-cauteloso-o-linea-critica\/","url":"https:\/\/www.eldiario.net\/portal\/2025\/08\/16\/izquierda-latinoamericana-silencio-respaldo-cauteloso-o-linea-critica\/","name":"Izquierda latinoamericana: \u00bfsilencio, respaldo cauteloso o l\u00ednea cr\u00edtica? - El Diario - Bolivia","isPartOf":{"@id":"https:\/\/www.eldiario.net\/portal\/#website"},"primaryImageOfPage":{"@id":"https:\/\/www.eldiario.net\/portal\/2025\/08\/16\/izquierda-latinoamericana-silencio-respaldo-cauteloso-o-linea-critica\/#primaryimage"},"image":{"@id":"https:\/\/www.eldiario.net\/portal\/2025\/08\/16\/izquierda-latinoamericana-silencio-respaldo-cauteloso-o-linea-critica\/#primaryimage"},"thumbnailUrl":"https:\/\/www.eldiario.net\/portal\/wp-content\/uploads\/2023\/12\/Opinion.jpg","datePublished":"2025-08-16T10:20:37+00:00","dateModified":"2025-08-16T15:21:51+00:00","breadcrumb":{"@id":"https:\/\/www.eldiario.net\/portal\/2025\/08\/16\/izquierda-latinoamericana-silencio-respaldo-cauteloso-o-linea-critica\/#breadcrumb"},"inLanguage":"es","potentialAction":[{"@type":"ReadAction","target":["https:\/\/www.eldiario.net\/portal\/2025\/08\/16\/izquierda-latinoamericana-silencio-respaldo-cauteloso-o-linea-critica\/"]}]},{"@type":"ImageObject","inLanguage":"es","@id":"https:\/\/www.eldiario.net\/portal\/2025\/08\/16\/izquierda-latinoamericana-silencio-respaldo-cauteloso-o-linea-critica\/#primaryimage","url":"https:\/\/www.eldiario.net\/portal\/wp-content\/uploads\/2023\/12\/Opinion.jpg","contentUrl":"https:\/\/www.eldiario.net\/portal\/wp-content\/uploads\/2023\/12\/Opinion.jpg","width":800,"height":500},{"@type":"BreadcrumbList","@id":"https:\/\/www.eldiario.net\/portal\/2025\/08\/16\/izquierda-latinoamericana-silencio-respaldo-cauteloso-o-linea-critica\/#breadcrumb","itemListElement":[{"@type":"ListItem","position":1,"name":"Portada","item":"https:\/\/www.eldiario.net\/portal\/"},{"@type":"ListItem","position":2,"name":"Izquierda latinoamericana: \u00bfsilencio, respaldo cauteloso o l\u00ednea cr\u00edtica?"}]},{"@type":"WebSite","@id":"https:\/\/www.eldiario.net\/portal\/#website","url":"https:\/\/www.eldiario.net\/portal\/","name":"El Diario - Decano de la prensa nacional","description":"El Diario - Decano de la prensa nacional","publisher":{"@id":"https:\/\/www.eldiario.net\/portal\/#organization"},"potentialAction":[{"@type":"SearchAction","target":{"@type":"EntryPoint","urlTemplate":"https:\/\/www.eldiario.net\/portal\/?s={search_term_string}"},"query-input":{"@type":"PropertyValueSpecification","valueRequired":true,"valueName":"search_term_string"}}],"inLanguage":"es"},{"@type":"Organization","@id":"https:\/\/www.eldiario.net\/portal\/#organization","name":"El Diario - Decano de la prensa nacional","url":"https:\/\/www.eldiario.net\/portal\/","logo":{"@type":"ImageObject","inLanguage":"es","@id":"https:\/\/www.eldiario.net\/portal\/#\/schema\/logo\/image\/","url":"https:\/\/www.eldiario.net\/portal\/wp-content\/uploads\/2023\/07\/logo_ED.jpg","contentUrl":"https:\/\/www.eldiario.net\/portal\/wp-content\/uploads\/2023\/07\/logo_ED.jpg","width":272,"height":52,"caption":"El Diario - Decano de la prensa nacional"},"image":{"@id":"https:\/\/www.eldiario.net\/portal\/#\/schema\/logo\/image\/"},"sameAs":["https:\/\/www.facebook.com\/eldiario.bolivia\/","https:\/\/x.com\/eldiario_net"]},{"@type":"Person","@id":"https:\/\/www.eldiario.net\/portal\/#\/schema\/person\/f46445640444750d7d753ccd04ae01b7","name":"Jeanette","image":{"@type":"ImageObject","inLanguage":"es","@id":"https:\/\/secure.gravatar.com\/avatar\/3ea2118a5f7dad2b7138b1187a6b7ee55f160b9968b66013c3a3ef39dd7e5798?s=96&d=mm&r=g","url":"https:\/\/secure.gravatar.com\/avatar\/3ea2118a5f7dad2b7138b1187a6b7ee55f160b9968b66013c3a3ef39dd7e5798?s=96&d=mm&r=g","contentUrl":"https:\/\/secure.gravatar.com\/avatar\/3ea2118a5f7dad2b7138b1187a6b7ee55f160b9968b66013c3a3ef39dd7e5798?s=96&d=mm&r=g","caption":"Jeanette"},"sameAs":["https:\/\/www.eldiario.net\/portal"],"url":"https:\/\/www.eldiario.net\/portal\/author\/jeanette\/"}]}},"_links":{"self":[{"href":"https:\/\/www.eldiario.net\/portal\/wp-json\/wp\/v2\/posts\/324455","targetHints":{"allow":["GET"]}}],"collection":[{"href":"https:\/\/www.eldiario.net\/portal\/wp-json\/wp\/v2\/posts"}],"about":[{"href":"https:\/\/www.eldiario.net\/portal\/wp-json\/wp\/v2\/types\/post"}],"author":[{"embeddable":true,"href":"https:\/\/www.eldiario.net\/portal\/wp-json\/wp\/v2\/users\/1"}],"replies":[{"embeddable":true,"href":"https:\/\/www.eldiario.net\/portal\/wp-json\/wp\/v2\/comments?post=324455"}],"version-history":[{"count":1,"href":"https:\/\/www.eldiario.net\/portal\/wp-json\/wp\/v2\/posts\/324455\/revisions"}],"predecessor-version":[{"id":324456,"href":"https:\/\/www.eldiario.net\/portal\/wp-json\/wp\/v2\/posts\/324455\/revisions\/324456"}],"wp:featuredmedia":[{"embeddable":true,"href":"https:\/\/www.eldiario.net\/portal\/wp-json\/wp\/v2\/media\/194790"}],"wp:attachment":[{"href":"https:\/\/www.eldiario.net\/portal\/wp-json\/wp\/v2\/media?parent=324455"}],"wp:term":[{"taxonomy":"category","embeddable":true,"href":"https:\/\/www.eldiario.net\/portal\/wp-json\/wp\/v2\/categories?post=324455"},{"taxonomy":"post_tag","embeddable":true,"href":"https:\/\/www.eldiario.net\/portal\/wp-json\/wp\/v2\/tags?post=324455"}],"curies":[{"name":"wp","href":"https:\/\/api.w.org\/{rel}","templated":true}]}}