{"id":324453,"date":"2025-08-16T06:18:43","date_gmt":"2025-08-16T10:18:43","guid":{"rendered":"https:\/\/www.eldiario.net\/portal\/?p=324453"},"modified":"2025-08-16T06:18:43","modified_gmt":"2025-08-16T10:18:43","slug":"respetar-el-voto","status":"publish","type":"post","link":"https:\/\/www.eldiario.net\/portal\/2025\/08\/16\/respetar-el-voto\/","title":{"rendered":"Respetar el voto"},"content":{"rendered":"<p>Este domingo 17 de agosto de 2025, A\u00f1o del Bicentenario del Acta de la Independencia de la Rep\u00fablica de Bolivia, los habilitados para emitir su voto dentro y fuera del territorio nacional tendr\u00e1n la oportunidad de participar en una de las m\u00e1s grandes pruebas del estado de la democracia.<br \/>\nLa historia de los sufragios en Bolivia tiene m\u00e1s sombras que luces.<br \/>\nA lo largo del Siglo XIX hubo pocos procesos electorales. Las mujeres, los analfabetos y las personas sin renta no ten\u00edan derecho a votar. Esto signific\u00f3 que, durante m\u00e1s de una centuria, un pu\u00f1ado de bolivianos, casi todos urbanos y con buenos ingresos, defini\u00f3 la presidencia, vicepresidencia (s), senadur\u00edas y diputaciones que gobernaron al pa\u00eds.<br \/>\nPor una parte, se repite la narrativa de la importancia del voto universal ejercido desde las elecciones de 1956 (DS 3.128 de 1952); pero se omite completar esa experiencia con la trampa que manej\u00f3 el Movimiento Nacionalista Revolucionario (MNR). En 1956, en 1960, en 1964, las elecciones generales no fueron transparentes. El MNR acarreaba a las masas m\u00e1s empobrecidas y analfabetas para el voto a su favor, sin permitir la presencia de la oposici\u00f3n en los centros rurales, mineros. En las ciudades, los votantes no encontraban las papeletas diferentes a la rosada.<br \/>\nDespu\u00e9s del doble sexenio (1952-1964), en los a\u00f1os sesenta y setenta hubo m\u00e1s gobiernos de facto que elegidos por la poblaci\u00f3n. Las elecciones de 1966 se realizaron bajo la presi\u00f3n de los militares, Ren\u00e9 Barrientos y Alfredo Ovando, proscribiendo al MNR.<br \/>\nEn 1978, Hugo Banzer convoc\u00f3 a elecciones con presos pol\u00edticos y exiliados. La masiva huelga de hambre iniciada por mujeres mineras con el respaldo de la Iglesia Cat\u00f3lica y otras iglesias logr\u00f3 que el dictador ceda para que participen todos los partidos y l\u00edderes.<br \/>\nSin embargo, el candidato oficialista, otro militar, Juan Pereda Asb\u00fan organiz\u00f3 un burdo fraude con su papeleta de color verde, que no prosper\u00f3 por el control social espont\u00e1neo, especialmente de los campesinos en el altiplano y los periodistas. Enojado dio un golpe de Estado.<br \/>\nLos siguientes comicios, en 1979 y 1980 no culminaron con la presidencia del ganador hasta la victoria de la movilizaci\u00f3n ciudadana en octubre de 1982.<br \/>\nSe suele decir que en esa fecha \u201clos bolivianos recuperaron la democracia\u201d, algo que no es exacto. Los datos duros muestran que reci\u00e9n desde esa fecha hasta diciembre de 2005 hubo el ejercicio democr\u00e1tico libre y a lo ancho y largo de todo el pa\u00eds, con votos de bolivianos en el exterior. En 1985 se dieron las elecciones municipales despu\u00e9s de varios lustros.<br \/>\nSin embargo, tambi\u00e9n hubo sombras en los procesos de esa d\u00e9cada. Reci\u00e9n en los noventa, cuando el presidente Jaime Paz Zamora y el vicepresidente Luis Ossio Sanjin\u00e9s apostaron por una Corte Electoral de notables independientes, Hu\u00e1scar Caj\u00edas Kaufmann lider\u00f3 los procesos electorales m\u00e1s impecables de la historia boliviana y logr\u00f3 que las reglas del juego se cumplieran a pesar de las presiones de los grupos no democr\u00e1ticos.<br \/>\nHasta 2008 las m\u00e1ximas autoridades electorales continuaron esa tendencia de mantener la confianza en el \u00e1rbitro. La CNE -posteriormente \u00d3rgano Electoral Plurinacional- fue sutilmente intervenida con la presidencia de Jos\u00e9 Luis Exeni, un defensor abierto del \u201cproceso de cambio\u201d (Movimiento al Socialismo).<br \/>\nLa desinstitucionalizaci\u00f3n de los tribunales electorales hasta su descomposici\u00f3n en 2016-2019 provoc\u00f3 la amplia desconfianza en sus decisiones. Su mal comportamiento provoc\u00f3 la m\u00e1s grande movilizaci\u00f3n ciudadana de la historia boliviana que sac\u00f3 del poder al MAS y que estuvo a poco de culminar en la guerra civil alentada por \u00c1lvaro y Ra\u00fal Garc\u00eda Linera, Juan Ram\u00f3n Quintana y la presencia de la narcoguerrilla extranjera.<br \/>\nEn 2020 fue recuperada la meritocracia, sin lograr recuperar al mismo tiempo la garant\u00eda de la transparencia.<br \/>\nEn este lustro, esfuerzos personales han recuperado la instituci\u00f3n, sobre todo a nivel departamental. A\u00fan quedan resabios de militancia disimulada y de peligroso protagonismo, como el caso del tribuno Tahuichi Tahuichi Quispe. La presencia de observadores de organizaciones internacionales claramente identificadas ayudar\u00e1 al control.<br \/>\nEs vital que los propios partidos con antecedentes democr\u00e1ticos respeten la victoria del rival. Ojal\u00e1 se supere la guerra sucia que alientan algunas candidaturas, inclusive contra el prestigio de los medios de comunicaci\u00f3n. Sus decisiones ser\u00e1n tan importantes como la disciplina de todos los que asistiremos a votar en paz.<\/p>\n","protected":false},"excerpt":{"rendered":"<p>Este domingo 17 de agosto de 2025, A\u00f1o del Bicentenario del Acta de la Independencia de la Rep\u00fablica de Bolivia, los habilitados para emitir su voto dentro y fuera del territorio nacional tendr\u00e1n la oportunidad de participar en una de las m\u00e1s grandes pruebas del estado de la democracia. La historia de los sufragios en [&hellip;]<\/p>\n","protected":false},"author":1,"featured_media":157862,"comment_status":"closed","ping_status":"open","sticky":false,"template":"","format":"standard","meta":{"_acf_changed":false,"footnotes":""},"categories":[9],"tags":[],"class_list":["post-324453","post","type-post","status-publish","format-standard","has-post-thumbnail","category-opinion"],"acf":{"antetitulo":"Desde la tierra"},"yoast_head":"<!-- This site is optimized with the Yoast SEO plugin v28.3 - https:\/\/yoast.com\/product\/yoast-seo-wordpress\/ -->\n<title>Respetar el voto - El Diario - Bolivia<\/title>\n<meta name=\"robots\" content=\"index, follow, max-snippet:-1, max-image-preview:large, max-video-preview:-1\" \/>\n<link rel=\"canonical\" href=\"https:\/\/www.eldiario.net\/portal\/2025\/08\/16\/respetar-el-voto\/\" \/>\n<meta property=\"og:locale\" content=\"es_ES\" \/>\n<meta property=\"og:type\" content=\"article\" \/>\n<meta property=\"og:title\" content=\"Respetar el voto - El Diario - Bolivia\" \/>\n<meta property=\"og:description\" content=\"Este domingo 17 de agosto de 2025, A\u00f1o del Bicentenario del Acta de la Independencia de la Rep\u00fablica de Bolivia, los habilitados para emitir su voto dentro y fuera del territorio nacional tendr\u00e1n la oportunidad de participar en una de las m\u00e1s grandes pruebas del estado de la democracia. La historia de los sufragios en [&hellip;]\" \/>\n<meta property=\"og:url\" content=\"https:\/\/www.eldiario.net\/portal\/2025\/08\/16\/respetar-el-voto\/\" \/>\n<meta property=\"og:site_name\" content=\"El Diario - Bolivia\" \/>\n<meta property=\"article:publisher\" content=\"https:\/\/www.facebook.com\/eldiario.bolivia\/\" \/>\n<meta property=\"article:published_time\" content=\"2025-08-16T10:18:43+00:00\" \/>\n<meta property=\"og:image\" content=\"https:\/\/www.eldiario.net\/portal\/wp-content\/uploads\/2023\/06\/Lupe-Cajias.jpg\" \/>\n\t<meta property=\"og:image:width\" content=\"1200\" \/>\n\t<meta property=\"og:image:height\" content=\"628\" \/>\n\t<meta property=\"og:image:type\" content=\"image\/jpeg\" \/>\n<meta name=\"author\" content=\"Jeanette\" \/>\n<meta name=\"twitter:card\" content=\"summary_large_image\" \/>\n<meta name=\"twitter:creator\" content=\"@eldiario_net\" \/>\n<meta name=\"twitter:site\" content=\"@eldiario_net\" \/>\n<meta name=\"twitter:label1\" content=\"Escrito por\" \/>\n\t<meta name=\"twitter:data1\" content=\"Jeanette\" \/>\n\t<meta name=\"twitter:label2\" content=\"Tiempo de lectura\" \/>\n\t<meta name=\"twitter:data2\" content=\"4 minutos\" \/>\n<script type=\"application\/ld+json\" class=\"yoast-schema-graph\">{\"@context\":\"https:\\\/\\\/schema.org\",\"@graph\":[{\"@type\":\"Article\",\"@id\":\"https:\\\/\\\/www.eldiario.net\\\/portal\\\/2025\\\/08\\\/16\\\/respetar-el-voto\\\/#article\",\"isPartOf\":{\"@id\":\"https:\\\/\\\/www.eldiario.net\\\/portal\\\/2025\\\/08\\\/16\\\/respetar-el-voto\\\/\"},\"author\":{\"name\":\"Jeanette\",\"@id\":\"https:\\\/\\\/www.eldiario.net\\\/portal\\\/#\\\/schema\\\/person\\\/f46445640444750d7d753ccd04ae01b7\"},\"headline\":\"Respetar el voto\",\"datePublished\":\"2025-08-16T10:18:43+00:00\",\"mainEntityOfPage\":{\"@id\":\"https:\\\/\\\/www.eldiario.net\\\/portal\\\/2025\\\/08\\\/16\\\/respetar-el-voto\\\/\"},\"wordCount\":745,\"publisher\":{\"@id\":\"https:\\\/\\\/www.eldiario.net\\\/portal\\\/#organization\"},\"image\":{\"@id\":\"https:\\\/\\\/www.eldiario.net\\\/portal\\\/2025\\\/08\\\/16\\\/respetar-el-voto\\\/#primaryimage\"},\"thumbnailUrl\":\"https:\\\/\\\/www.eldiario.net\\\/portal\\\/wp-content\\\/uploads\\\/2023\\\/06\\\/Lupe-Cajias.jpg\",\"articleSection\":[\"Opini\u00f3n\"],\"inLanguage\":\"es\"},{\"@type\":\"WebPage\",\"@id\":\"https:\\\/\\\/www.eldiario.net\\\/portal\\\/2025\\\/08\\\/16\\\/respetar-el-voto\\\/\",\"url\":\"https:\\\/\\\/www.eldiario.net\\\/portal\\\/2025\\\/08\\\/16\\\/respetar-el-voto\\\/\",\"name\":\"Respetar el voto - El Diario - Bolivia\",\"isPartOf\":{\"@id\":\"https:\\\/\\\/www.eldiario.net\\\/portal\\\/#website\"},\"primaryImageOfPage\":{\"@id\":\"https:\\\/\\\/www.eldiario.net\\\/portal\\\/2025\\\/08\\\/16\\\/respetar-el-voto\\\/#primaryimage\"},\"image\":{\"@id\":\"https:\\\/\\\/www.eldiario.net\\\/portal\\\/2025\\\/08\\\/16\\\/respetar-el-voto\\\/#primaryimage\"},\"thumbnailUrl\":\"https:\\\/\\\/www.eldiario.net\\\/portal\\\/wp-content\\\/uploads\\\/2023\\\/06\\\/Lupe-Cajias.jpg\",\"datePublished\":\"2025-08-16T10:18:43+00:00\",\"breadcrumb\":{\"@id\":\"https:\\\/\\\/www.eldiario.net\\\/portal\\\/2025\\\/08\\\/16\\\/respetar-el-voto\\\/#breadcrumb\"},\"inLanguage\":\"es\",\"potentialAction\":[{\"@type\":\"ReadAction\",\"target\":[\"https:\\\/\\\/www.eldiario.net\\\/portal\\\/2025\\\/08\\\/16\\\/respetar-el-voto\\\/\"]}]},{\"@type\":\"ImageObject\",\"inLanguage\":\"es\",\"@id\":\"https:\\\/\\\/www.eldiario.net\\\/portal\\\/2025\\\/08\\\/16\\\/respetar-el-voto\\\/#primaryimage\",\"url\":\"https:\\\/\\\/www.eldiario.net\\\/portal\\\/wp-content\\\/uploads\\\/2023\\\/06\\\/Lupe-Cajias.jpg\",\"contentUrl\":\"https:\\\/\\\/www.eldiario.net\\\/portal\\\/wp-content\\\/uploads\\\/2023\\\/06\\\/Lupe-Cajias.jpg\",\"width\":1200,\"height\":628,\"caption\":\"Lupe Caj\u00edas\"},{\"@type\":\"BreadcrumbList\",\"@id\":\"https:\\\/\\\/www.eldiario.net\\\/portal\\\/2025\\\/08\\\/16\\\/respetar-el-voto\\\/#breadcrumb\",\"itemListElement\":[{\"@type\":\"ListItem\",\"position\":1,\"name\":\"Portada\",\"item\":\"https:\\\/\\\/www.eldiario.net\\\/portal\\\/\"},{\"@type\":\"ListItem\",\"position\":2,\"name\":\"Respetar el voto\"}]},{\"@type\":\"WebSite\",\"@id\":\"https:\\\/\\\/www.eldiario.net\\\/portal\\\/#website\",\"url\":\"https:\\\/\\\/www.eldiario.net\\\/portal\\\/\",\"name\":\"El Diario - Decano de la prensa nacional\",\"description\":\"El Diario - Decano de la prensa nacional\",\"publisher\":{\"@id\":\"https:\\\/\\\/www.eldiario.net\\\/portal\\\/#organization\"},\"potentialAction\":[{\"@type\":\"SearchAction\",\"target\":{\"@type\":\"EntryPoint\",\"urlTemplate\":\"https:\\\/\\\/www.eldiario.net\\\/portal\\\/?s={search_term_string}\"},\"query-input\":{\"@type\":\"PropertyValueSpecification\",\"valueRequired\":true,\"valueName\":\"search_term_string\"}}],\"inLanguage\":\"es\"},{\"@type\":\"Organization\",\"@id\":\"https:\\\/\\\/www.eldiario.net\\\/portal\\\/#organization\",\"name\":\"El Diario - Decano de la prensa nacional\",\"url\":\"https:\\\/\\\/www.eldiario.net\\\/portal\\\/\",\"logo\":{\"@type\":\"ImageObject\",\"inLanguage\":\"es\",\"@id\":\"https:\\\/\\\/www.eldiario.net\\\/portal\\\/#\\\/schema\\\/logo\\\/image\\\/\",\"url\":\"https:\\\/\\\/www.eldiario.net\\\/portal\\\/wp-content\\\/uploads\\\/2023\\\/07\\\/logo_ED.jpg\",\"contentUrl\":\"https:\\\/\\\/www.eldiario.net\\\/portal\\\/wp-content\\\/uploads\\\/2023\\\/07\\\/logo_ED.jpg\",\"width\":272,\"height\":52,\"caption\":\"El Diario - Decano de la prensa nacional\"},\"image\":{\"@id\":\"https:\\\/\\\/www.eldiario.net\\\/portal\\\/#\\\/schema\\\/logo\\\/image\\\/\"},\"sameAs\":[\"https:\\\/\\\/www.facebook.com\\\/eldiario.bolivia\\\/\",\"https:\\\/\\\/x.com\\\/eldiario_net\"]},{\"@type\":\"Person\",\"@id\":\"https:\\\/\\\/www.eldiario.net\\\/portal\\\/#\\\/schema\\\/person\\\/f46445640444750d7d753ccd04ae01b7\",\"name\":\"Jeanette\",\"image\":{\"@type\":\"ImageObject\",\"inLanguage\":\"es\",\"@id\":\"https:\\\/\\\/secure.gravatar.com\\\/avatar\\\/3ea2118a5f7dad2b7138b1187a6b7ee55f160b9968b66013c3a3ef39dd7e5798?s=96&d=mm&r=g\",\"url\":\"https:\\\/\\\/secure.gravatar.com\\\/avatar\\\/3ea2118a5f7dad2b7138b1187a6b7ee55f160b9968b66013c3a3ef39dd7e5798?s=96&d=mm&r=g\",\"contentUrl\":\"https:\\\/\\\/secure.gravatar.com\\\/avatar\\\/3ea2118a5f7dad2b7138b1187a6b7ee55f160b9968b66013c3a3ef39dd7e5798?s=96&d=mm&r=g\",\"caption\":\"Jeanette\"},\"sameAs\":[\"https:\\\/\\\/www.eldiario.net\\\/portal\"],\"url\":\"https:\\\/\\\/www.eldiario.net\\\/portal\\\/author\\\/jeanette\\\/\"}]}<\/script>\n<!-- \/ Yoast SEO plugin. -->","yoast_head_json":{"title":"Respetar el voto - El Diario - Bolivia","robots":{"index":"index","follow":"follow","max-snippet":"max-snippet:-1","max-image-preview":"max-image-preview:large","max-video-preview":"max-video-preview:-1"},"canonical":"https:\/\/www.eldiario.net\/portal\/2025\/08\/16\/respetar-el-voto\/","og_locale":"es_ES","og_type":"article","og_title":"Respetar el voto - El Diario - Bolivia","og_description":"Este domingo 17 de agosto de 2025, A\u00f1o del Bicentenario del Acta de la Independencia de la Rep\u00fablica de Bolivia, los habilitados para emitir su voto dentro y fuera del territorio nacional tendr\u00e1n la oportunidad de participar en una de las m\u00e1s grandes pruebas del estado de la democracia. La historia de los sufragios en [&hellip;]","og_url":"https:\/\/www.eldiario.net\/portal\/2025\/08\/16\/respetar-el-voto\/","og_site_name":"El Diario - Bolivia","article_publisher":"https:\/\/www.facebook.com\/eldiario.bolivia\/","article_published_time":"2025-08-16T10:18:43+00:00","og_image":[{"width":1200,"height":628,"url":"https:\/\/www.eldiario.net\/portal\/wp-content\/uploads\/2023\/06\/Lupe-Cajias.jpg","type":"image\/jpeg"}],"author":"Jeanette","twitter_card":"summary_large_image","twitter_creator":"@eldiario_net","twitter_site":"@eldiario_net","twitter_misc":{"Escrito por":"Jeanette","Tiempo de lectura":"4 minutos"},"schema":{"@context":"https:\/\/schema.org","@graph":[{"@type":"Article","@id":"https:\/\/www.eldiario.net\/portal\/2025\/08\/16\/respetar-el-voto\/#article","isPartOf":{"@id":"https:\/\/www.eldiario.net\/portal\/2025\/08\/16\/respetar-el-voto\/"},"author":{"name":"Jeanette","@id":"https:\/\/www.eldiario.net\/portal\/#\/schema\/person\/f46445640444750d7d753ccd04ae01b7"},"headline":"Respetar el voto","datePublished":"2025-08-16T10:18:43+00:00","mainEntityOfPage":{"@id":"https:\/\/www.eldiario.net\/portal\/2025\/08\/16\/respetar-el-voto\/"},"wordCount":745,"publisher":{"@id":"https:\/\/www.eldiario.net\/portal\/#organization"},"image":{"@id":"https:\/\/www.eldiario.net\/portal\/2025\/08\/16\/respetar-el-voto\/#primaryimage"},"thumbnailUrl":"https:\/\/www.eldiario.net\/portal\/wp-content\/uploads\/2023\/06\/Lupe-Cajias.jpg","articleSection":["Opini\u00f3n"],"inLanguage":"es"},{"@type":"WebPage","@id":"https:\/\/www.eldiario.net\/portal\/2025\/08\/16\/respetar-el-voto\/","url":"https:\/\/www.eldiario.net\/portal\/2025\/08\/16\/respetar-el-voto\/","name":"Respetar el voto - El Diario - Bolivia","isPartOf":{"@id":"https:\/\/www.eldiario.net\/portal\/#website"},"primaryImageOfPage":{"@id":"https:\/\/www.eldiario.net\/portal\/2025\/08\/16\/respetar-el-voto\/#primaryimage"},"image":{"@id":"https:\/\/www.eldiario.net\/portal\/2025\/08\/16\/respetar-el-voto\/#primaryimage"},"thumbnailUrl":"https:\/\/www.eldiario.net\/portal\/wp-content\/uploads\/2023\/06\/Lupe-Cajias.jpg","datePublished":"2025-08-16T10:18:43+00:00","breadcrumb":{"@id":"https:\/\/www.eldiario.net\/portal\/2025\/08\/16\/respetar-el-voto\/#breadcrumb"},"inLanguage":"es","potentialAction":[{"@type":"ReadAction","target":["https:\/\/www.eldiario.net\/portal\/2025\/08\/16\/respetar-el-voto\/"]}]},{"@type":"ImageObject","inLanguage":"es","@id":"https:\/\/www.eldiario.net\/portal\/2025\/08\/16\/respetar-el-voto\/#primaryimage","url":"https:\/\/www.eldiario.net\/portal\/wp-content\/uploads\/2023\/06\/Lupe-Cajias.jpg","contentUrl":"https:\/\/www.eldiario.net\/portal\/wp-content\/uploads\/2023\/06\/Lupe-Cajias.jpg","width":1200,"height":628,"caption":"Lupe Caj\u00edas"},{"@type":"BreadcrumbList","@id":"https:\/\/www.eldiario.net\/portal\/2025\/08\/16\/respetar-el-voto\/#breadcrumb","itemListElement":[{"@type":"ListItem","position":1,"name":"Portada","item":"https:\/\/www.eldiario.net\/portal\/"},{"@type":"ListItem","position":2,"name":"Respetar el voto"}]},{"@type":"WebSite","@id":"https:\/\/www.eldiario.net\/portal\/#website","url":"https:\/\/www.eldiario.net\/portal\/","name":"El Diario - Decano de la prensa nacional","description":"El Diario - Decano de la prensa nacional","publisher":{"@id":"https:\/\/www.eldiario.net\/portal\/#organization"},"potentialAction":[{"@type":"SearchAction","target":{"@type":"EntryPoint","urlTemplate":"https:\/\/www.eldiario.net\/portal\/?s={search_term_string}"},"query-input":{"@type":"PropertyValueSpecification","valueRequired":true,"valueName":"search_term_string"}}],"inLanguage":"es"},{"@type":"Organization","@id":"https:\/\/www.eldiario.net\/portal\/#organization","name":"El Diario - Decano de la prensa nacional","url":"https:\/\/www.eldiario.net\/portal\/","logo":{"@type":"ImageObject","inLanguage":"es","@id":"https:\/\/www.eldiario.net\/portal\/#\/schema\/logo\/image\/","url":"https:\/\/www.eldiario.net\/portal\/wp-content\/uploads\/2023\/07\/logo_ED.jpg","contentUrl":"https:\/\/www.eldiario.net\/portal\/wp-content\/uploads\/2023\/07\/logo_ED.jpg","width":272,"height":52,"caption":"El Diario - Decano de la prensa nacional"},"image":{"@id":"https:\/\/www.eldiario.net\/portal\/#\/schema\/logo\/image\/"},"sameAs":["https:\/\/www.facebook.com\/eldiario.bolivia\/","https:\/\/x.com\/eldiario_net"]},{"@type":"Person","@id":"https:\/\/www.eldiario.net\/portal\/#\/schema\/person\/f46445640444750d7d753ccd04ae01b7","name":"Jeanette","image":{"@type":"ImageObject","inLanguage":"es","@id":"https:\/\/secure.gravatar.com\/avatar\/3ea2118a5f7dad2b7138b1187a6b7ee55f160b9968b66013c3a3ef39dd7e5798?s=96&d=mm&r=g","url":"https:\/\/secure.gravatar.com\/avatar\/3ea2118a5f7dad2b7138b1187a6b7ee55f160b9968b66013c3a3ef39dd7e5798?s=96&d=mm&r=g","contentUrl":"https:\/\/secure.gravatar.com\/avatar\/3ea2118a5f7dad2b7138b1187a6b7ee55f160b9968b66013c3a3ef39dd7e5798?s=96&d=mm&r=g","caption":"Jeanette"},"sameAs":["https:\/\/www.eldiario.net\/portal"],"url":"https:\/\/www.eldiario.net\/portal\/author\/jeanette\/"}]}},"_links":{"self":[{"href":"https:\/\/www.eldiario.net\/portal\/wp-json\/wp\/v2\/posts\/324453","targetHints":{"allow":["GET"]}}],"collection":[{"href":"https:\/\/www.eldiario.net\/portal\/wp-json\/wp\/v2\/posts"}],"about":[{"href":"https:\/\/www.eldiario.net\/portal\/wp-json\/wp\/v2\/types\/post"}],"author":[{"embeddable":true,"href":"https:\/\/www.eldiario.net\/portal\/wp-json\/wp\/v2\/users\/1"}],"replies":[{"embeddable":true,"href":"https:\/\/www.eldiario.net\/portal\/wp-json\/wp\/v2\/comments?post=324453"}],"version-history":[{"count":1,"href":"https:\/\/www.eldiario.net\/portal\/wp-json\/wp\/v2\/posts\/324453\/revisions"}],"predecessor-version":[{"id":324454,"href":"https:\/\/www.eldiario.net\/portal\/wp-json\/wp\/v2\/posts\/324453\/revisions\/324454"}],"wp:featuredmedia":[{"embeddable":true,"href":"https:\/\/www.eldiario.net\/portal\/wp-json\/wp\/v2\/media\/157862"}],"wp:attachment":[{"href":"https:\/\/www.eldiario.net\/portal\/wp-json\/wp\/v2\/media?parent=324453"}],"wp:term":[{"taxonomy":"category","embeddable":true,"href":"https:\/\/www.eldiario.net\/portal\/wp-json\/wp\/v2\/categories?post=324453"},{"taxonomy":"post_tag","embeddable":true,"href":"https:\/\/www.eldiario.net\/portal\/wp-json\/wp\/v2\/tags?post=324453"}],"curies":[{"name":"wp","href":"https:\/\/api.w.org\/{rel}","templated":true}]}}