{"id":324451,"date":"2025-08-16T06:18:05","date_gmt":"2025-08-16T10:18:05","guid":{"rendered":"https:\/\/www.eldiario.net\/portal\/?p=324451"},"modified":"2025-08-16T06:18:05","modified_gmt":"2025-08-16T10:18:05","slug":"politicas-efectivas-contra-la-corrupcion","status":"publish","type":"post","link":"https:\/\/www.eldiario.net\/portal\/2025\/08\/16\/politicas-efectivas-contra-la-corrupcion\/","title":{"rendered":"Pol\u00edticas efectivas contra la corrupci\u00f3n"},"content":{"rendered":"<p>La corrupci\u00f3n representa uno de los retos m\u00e1s significativos para la estabilidad democr\u00e1tica en Bolivia, pues ha erosionado la confianza ciudadana y debilitado la cohesi\u00f3n social. Ante esta situaci\u00f3n, se hace imprescindible establecer pol\u00edticas p\u00fablicas de car\u00e1cter integral y duradero que permitan prevenir, identificar y sancionar las pr\u00e1cticas corruptas.<br \/>\nPara que dichas pol\u00edticas sean efectivas, es necesario adoptar una perspectiva amplia y multidimensional. En primer lugar, resulta fundamental fortalecer las instituciones: garantizar la independencia del sistema judicial, profesionalizar la gesti\u00f3n p\u00fablica y otorgar verdadera autonom\u00eda a los \u00f3rganos de control. La experiencia internacional evidencia que la estabilidad laboral de los servidores de carrera y la aplicaci\u00f3n de criterios meritocr\u00e1ticos limitan las posibilidades de soborno y favoritismo.<br \/>\nEn segundo lugar, la transparencia y el acceso a la informaci\u00f3n deben ocupar un lugar central. La implementaci\u00f3n de sistemas digitales para tr\u00e1mites y procesos de licitaci\u00f3n, junto con la obligaci\u00f3n de publicar de manera abierta los presupuestos y gastos estatales, reduce la discrecionalidad de los funcionarios. Asimismo, es crucial establecer mecanismos de denuncia con protecci\u00f3n, que salvaguarden la identidad de los denunciantes y eviten represalias.<br \/>\nEn tercer lugar, se requiere una educaci\u00f3n c\u00edvica y formaci\u00f3n en \u00e9tica p\u00fablica que, desde la etapa escolar, fomente la integridad. A esto deben sumarse campa\u00f1as masivas de concientizaci\u00f3n que contribuyan a transformar los patrones culturales que toleran la corrupci\u00f3n. La participaci\u00f3n de la sociedad mediante veedur\u00edas y comit\u00e9s de control social refuerza la supervisi\u00f3n de la gesti\u00f3n estatal.<br \/>\nFinalmente, la aplicaci\u00f3n de sanciones firmes y ejemplares es indispensable. La ausencia de consecuencias fomenta la impunidad y, con ello, la repetici\u00f3n de delitos. Las penas deben contemplar no solo el encarcelamiento e inhabilitaci\u00f3n, sino tambi\u00e9n la restituci\u00f3n de los bienes adquiridos de forma il\u00edcita.<br \/>\nEn definitiva, combatir la corrupci\u00f3n en Bolivia demanda mucho m\u00e1s que modificaciones legales aisladas: requiere voluntad pol\u00edtica constante, la implicaci\u00f3n activa de la ciudadan\u00eda y un cambio cultural profundo. \u00danicamente a trav\u00e9s de pol\u00edticas integrales que articulen prevenci\u00f3n, transparencia, control social y sanciones efectivas, ser\u00e1 posible superar la crisis de integridad que enfrenta el pa\u00eds.<\/p>\n","protected":false},"excerpt":{"rendered":"<p>La corrupci\u00f3n representa uno de los retos m\u00e1s significativos para la estabilidad democr\u00e1tica en Bolivia, pues ha erosionado la confianza ciudadana y debilitado la cohesi\u00f3n social. Ante esta situaci\u00f3n, se hace imprescindible establecer pol\u00edticas p\u00fablicas de car\u00e1cter integral y duradero que permitan prevenir, identificar y sancionar las pr\u00e1cticas corruptas. Para que dichas pol\u00edticas sean efectivas, [&hellip;]<\/p>\n","protected":false},"author":1,"featured_media":194790,"comment_status":"closed","ping_status":"open","sticky":false,"template":"","format":"standard","meta":{"_acf_changed":false,"footnotes":""},"categories":[9],"tags":[],"class_list":["post-324451","post","type-post","status-publish","format-standard","has-post-thumbnail","category-opinion"],"acf":{"antetitulo":""},"yoast_head":"<!-- This site is optimized with the Yoast SEO plugin v28.3 - https:\/\/yoast.com\/product\/yoast-seo-wordpress\/ -->\n<title>Pol\u00edticas efectivas contra la corrupci\u00f3n - El Diario - Bolivia<\/title>\n<meta name=\"robots\" content=\"index, follow, max-snippet:-1, max-image-preview:large, max-video-preview:-1\" \/>\n<link rel=\"canonical\" href=\"https:\/\/www.eldiario.net\/portal\/2025\/08\/16\/politicas-efectivas-contra-la-corrupcion\/\" \/>\n<meta property=\"og:locale\" content=\"es_ES\" \/>\n<meta property=\"og:type\" content=\"article\" \/>\n<meta property=\"og:title\" content=\"Pol\u00edticas efectivas contra la corrupci\u00f3n - El Diario - Bolivia\" \/>\n<meta property=\"og:description\" content=\"La corrupci\u00f3n representa uno de los retos m\u00e1s significativos para la estabilidad democr\u00e1tica en Bolivia, pues ha erosionado la confianza ciudadana y debilitado la cohesi\u00f3n social. Ante esta situaci\u00f3n, se hace imprescindible establecer pol\u00edticas p\u00fablicas de car\u00e1cter integral y duradero que permitan prevenir, identificar y sancionar las pr\u00e1cticas corruptas. Para que dichas pol\u00edticas sean efectivas, [&hellip;]\" \/>\n<meta property=\"og:url\" content=\"https:\/\/www.eldiario.net\/portal\/2025\/08\/16\/politicas-efectivas-contra-la-corrupcion\/\" \/>\n<meta property=\"og:site_name\" content=\"El Diario - Bolivia\" \/>\n<meta property=\"article:publisher\" content=\"https:\/\/www.facebook.com\/eldiario.bolivia\/\" \/>\n<meta property=\"article:published_time\" content=\"2025-08-16T10:18:05+00:00\" \/>\n<meta property=\"og:image\" content=\"https:\/\/www.eldiario.net\/portal\/wp-content\/uploads\/2023\/12\/Opinion.jpg\" \/>\n\t<meta property=\"og:image:width\" content=\"800\" \/>\n\t<meta property=\"og:image:height\" content=\"500\" \/>\n\t<meta property=\"og:image:type\" content=\"image\/jpeg\" \/>\n<meta name=\"author\" content=\"Jeanette\" \/>\n<meta name=\"twitter:card\" content=\"summary_large_image\" \/>\n<meta name=\"twitter:creator\" content=\"@eldiario_net\" \/>\n<meta name=\"twitter:site\" content=\"@eldiario_net\" \/>\n<meta name=\"twitter:label1\" content=\"Escrito por\" \/>\n\t<meta name=\"twitter:data1\" content=\"Jeanette\" \/>\n\t<meta name=\"twitter:label2\" content=\"Tiempo de lectura\" \/>\n\t<meta name=\"twitter:data2\" content=\"2 minutos\" \/>\n<script type=\"application\/ld+json\" class=\"yoast-schema-graph\">{\"@context\":\"https:\\\/\\\/schema.org\",\"@graph\":[{\"@type\":\"Article\",\"@id\":\"https:\\\/\\\/www.eldiario.net\\\/portal\\\/2025\\\/08\\\/16\\\/politicas-efectivas-contra-la-corrupcion\\\/#article\",\"isPartOf\":{\"@id\":\"https:\\\/\\\/www.eldiario.net\\\/portal\\\/2025\\\/08\\\/16\\\/politicas-efectivas-contra-la-corrupcion\\\/\"},\"author\":{\"name\":\"Jeanette\",\"@id\":\"https:\\\/\\\/www.eldiario.net\\\/portal\\\/#\\\/schema\\\/person\\\/f46445640444750d7d753ccd04ae01b7\"},\"headline\":\"Pol\u00edticas efectivas contra la corrupci\u00f3n\",\"datePublished\":\"2025-08-16T10:18:05+00:00\",\"mainEntityOfPage\":{\"@id\":\"https:\\\/\\\/www.eldiario.net\\\/portal\\\/2025\\\/08\\\/16\\\/politicas-efectivas-contra-la-corrupcion\\\/\"},\"wordCount\":396,\"publisher\":{\"@id\":\"https:\\\/\\\/www.eldiario.net\\\/portal\\\/#organization\"},\"image\":{\"@id\":\"https:\\\/\\\/www.eldiario.net\\\/portal\\\/2025\\\/08\\\/16\\\/politicas-efectivas-contra-la-corrupcion\\\/#primaryimage\"},\"thumbnailUrl\":\"https:\\\/\\\/www.eldiario.net\\\/portal\\\/wp-content\\\/uploads\\\/2023\\\/12\\\/Opinion.jpg\",\"articleSection\":[\"Opini\u00f3n\"],\"inLanguage\":\"es\"},{\"@type\":\"WebPage\",\"@id\":\"https:\\\/\\\/www.eldiario.net\\\/portal\\\/2025\\\/08\\\/16\\\/politicas-efectivas-contra-la-corrupcion\\\/\",\"url\":\"https:\\\/\\\/www.eldiario.net\\\/portal\\\/2025\\\/08\\\/16\\\/politicas-efectivas-contra-la-corrupcion\\\/\",\"name\":\"Pol\u00edticas efectivas contra la corrupci\u00f3n - El Diario - Bolivia\",\"isPartOf\":{\"@id\":\"https:\\\/\\\/www.eldiario.net\\\/portal\\\/#website\"},\"primaryImageOfPage\":{\"@id\":\"https:\\\/\\\/www.eldiario.net\\\/portal\\\/2025\\\/08\\\/16\\\/politicas-efectivas-contra-la-corrupcion\\\/#primaryimage\"},\"image\":{\"@id\":\"https:\\\/\\\/www.eldiario.net\\\/portal\\\/2025\\\/08\\\/16\\\/politicas-efectivas-contra-la-corrupcion\\\/#primaryimage\"},\"thumbnailUrl\":\"https:\\\/\\\/www.eldiario.net\\\/portal\\\/wp-content\\\/uploads\\\/2023\\\/12\\\/Opinion.jpg\",\"datePublished\":\"2025-08-16T10:18:05+00:00\",\"breadcrumb\":{\"@id\":\"https:\\\/\\\/www.eldiario.net\\\/portal\\\/2025\\\/08\\\/16\\\/politicas-efectivas-contra-la-corrupcion\\\/#breadcrumb\"},\"inLanguage\":\"es\",\"potentialAction\":[{\"@type\":\"ReadAction\",\"target\":[\"https:\\\/\\\/www.eldiario.net\\\/portal\\\/2025\\\/08\\\/16\\\/politicas-efectivas-contra-la-corrupcion\\\/\"]}]},{\"@type\":\"ImageObject\",\"inLanguage\":\"es\",\"@id\":\"https:\\\/\\\/www.eldiario.net\\\/portal\\\/2025\\\/08\\\/16\\\/politicas-efectivas-contra-la-corrupcion\\\/#primaryimage\",\"url\":\"https:\\\/\\\/www.eldiario.net\\\/portal\\\/wp-content\\\/uploads\\\/2023\\\/12\\\/Opinion.jpg\",\"contentUrl\":\"https:\\\/\\\/www.eldiario.net\\\/portal\\\/wp-content\\\/uploads\\\/2023\\\/12\\\/Opinion.jpg\",\"width\":800,\"height\":500},{\"@type\":\"BreadcrumbList\",\"@id\":\"https:\\\/\\\/www.eldiario.net\\\/portal\\\/2025\\\/08\\\/16\\\/politicas-efectivas-contra-la-corrupcion\\\/#breadcrumb\",\"itemListElement\":[{\"@type\":\"ListItem\",\"position\":1,\"name\":\"Portada\",\"item\":\"https:\\\/\\\/www.eldiario.net\\\/portal\\\/\"},{\"@type\":\"ListItem\",\"position\":2,\"name\":\"Pol\u00edticas efectivas contra la corrupci\u00f3n\"}]},{\"@type\":\"WebSite\",\"@id\":\"https:\\\/\\\/www.eldiario.net\\\/portal\\\/#website\",\"url\":\"https:\\\/\\\/www.eldiario.net\\\/portal\\\/\",\"name\":\"El Diario - Decano de la prensa nacional\",\"description\":\"El Diario - Decano de la prensa nacional\",\"publisher\":{\"@id\":\"https:\\\/\\\/www.eldiario.net\\\/portal\\\/#organization\"},\"potentialAction\":[{\"@type\":\"SearchAction\",\"target\":{\"@type\":\"EntryPoint\",\"urlTemplate\":\"https:\\\/\\\/www.eldiario.net\\\/portal\\\/?s={search_term_string}\"},\"query-input\":{\"@type\":\"PropertyValueSpecification\",\"valueRequired\":true,\"valueName\":\"search_term_string\"}}],\"inLanguage\":\"es\"},{\"@type\":\"Organization\",\"@id\":\"https:\\\/\\\/www.eldiario.net\\\/portal\\\/#organization\",\"name\":\"El Diario - Decano de la prensa nacional\",\"url\":\"https:\\\/\\\/www.eldiario.net\\\/portal\\\/\",\"logo\":{\"@type\":\"ImageObject\",\"inLanguage\":\"es\",\"@id\":\"https:\\\/\\\/www.eldiario.net\\\/portal\\\/#\\\/schema\\\/logo\\\/image\\\/\",\"url\":\"https:\\\/\\\/www.eldiario.net\\\/portal\\\/wp-content\\\/uploads\\\/2023\\\/07\\\/logo_ED.jpg\",\"contentUrl\":\"https:\\\/\\\/www.eldiario.net\\\/portal\\\/wp-content\\\/uploads\\\/2023\\\/07\\\/logo_ED.jpg\",\"width\":272,\"height\":52,\"caption\":\"El Diario - Decano de la prensa nacional\"},\"image\":{\"@id\":\"https:\\\/\\\/www.eldiario.net\\\/portal\\\/#\\\/schema\\\/logo\\\/image\\\/\"},\"sameAs\":[\"https:\\\/\\\/www.facebook.com\\\/eldiario.bolivia\\\/\",\"https:\\\/\\\/x.com\\\/eldiario_net\"]},{\"@type\":\"Person\",\"@id\":\"https:\\\/\\\/www.eldiario.net\\\/portal\\\/#\\\/schema\\\/person\\\/f46445640444750d7d753ccd04ae01b7\",\"name\":\"Jeanette\",\"image\":{\"@type\":\"ImageObject\",\"inLanguage\":\"es\",\"@id\":\"https:\\\/\\\/secure.gravatar.com\\\/avatar\\\/3ea2118a5f7dad2b7138b1187a6b7ee55f160b9968b66013c3a3ef39dd7e5798?s=96&d=mm&r=g\",\"url\":\"https:\\\/\\\/secure.gravatar.com\\\/avatar\\\/3ea2118a5f7dad2b7138b1187a6b7ee55f160b9968b66013c3a3ef39dd7e5798?s=96&d=mm&r=g\",\"contentUrl\":\"https:\\\/\\\/secure.gravatar.com\\\/avatar\\\/3ea2118a5f7dad2b7138b1187a6b7ee55f160b9968b66013c3a3ef39dd7e5798?s=96&d=mm&r=g\",\"caption\":\"Jeanette\"},\"sameAs\":[\"https:\\\/\\\/www.eldiario.net\\\/portal\"],\"url\":\"https:\\\/\\\/www.eldiario.net\\\/portal\\\/author\\\/jeanette\\\/\"}]}<\/script>\n<!-- \/ Yoast SEO plugin. -->","yoast_head_json":{"title":"Pol\u00edticas efectivas contra la corrupci\u00f3n - El Diario - Bolivia","robots":{"index":"index","follow":"follow","max-snippet":"max-snippet:-1","max-image-preview":"max-image-preview:large","max-video-preview":"max-video-preview:-1"},"canonical":"https:\/\/www.eldiario.net\/portal\/2025\/08\/16\/politicas-efectivas-contra-la-corrupcion\/","og_locale":"es_ES","og_type":"article","og_title":"Pol\u00edticas efectivas contra la corrupci\u00f3n - El Diario - Bolivia","og_description":"La corrupci\u00f3n representa uno de los retos m\u00e1s significativos para la estabilidad democr\u00e1tica en Bolivia, pues ha erosionado la confianza ciudadana y debilitado la cohesi\u00f3n social. Ante esta situaci\u00f3n, se hace imprescindible establecer pol\u00edticas p\u00fablicas de car\u00e1cter integral y duradero que permitan prevenir, identificar y sancionar las pr\u00e1cticas corruptas. Para que dichas pol\u00edticas sean efectivas, [&hellip;]","og_url":"https:\/\/www.eldiario.net\/portal\/2025\/08\/16\/politicas-efectivas-contra-la-corrupcion\/","og_site_name":"El Diario - Bolivia","article_publisher":"https:\/\/www.facebook.com\/eldiario.bolivia\/","article_published_time":"2025-08-16T10:18:05+00:00","og_image":[{"width":800,"height":500,"url":"https:\/\/www.eldiario.net\/portal\/wp-content\/uploads\/2023\/12\/Opinion.jpg","type":"image\/jpeg"}],"author":"Jeanette","twitter_card":"summary_large_image","twitter_creator":"@eldiario_net","twitter_site":"@eldiario_net","twitter_misc":{"Escrito por":"Jeanette","Tiempo de lectura":"2 minutos"},"schema":{"@context":"https:\/\/schema.org","@graph":[{"@type":"Article","@id":"https:\/\/www.eldiario.net\/portal\/2025\/08\/16\/politicas-efectivas-contra-la-corrupcion\/#article","isPartOf":{"@id":"https:\/\/www.eldiario.net\/portal\/2025\/08\/16\/politicas-efectivas-contra-la-corrupcion\/"},"author":{"name":"Jeanette","@id":"https:\/\/www.eldiario.net\/portal\/#\/schema\/person\/f46445640444750d7d753ccd04ae01b7"},"headline":"Pol\u00edticas efectivas contra la corrupci\u00f3n","datePublished":"2025-08-16T10:18:05+00:00","mainEntityOfPage":{"@id":"https:\/\/www.eldiario.net\/portal\/2025\/08\/16\/politicas-efectivas-contra-la-corrupcion\/"},"wordCount":396,"publisher":{"@id":"https:\/\/www.eldiario.net\/portal\/#organization"},"image":{"@id":"https:\/\/www.eldiario.net\/portal\/2025\/08\/16\/politicas-efectivas-contra-la-corrupcion\/#primaryimage"},"thumbnailUrl":"https:\/\/www.eldiario.net\/portal\/wp-content\/uploads\/2023\/12\/Opinion.jpg","articleSection":["Opini\u00f3n"],"inLanguage":"es"},{"@type":"WebPage","@id":"https:\/\/www.eldiario.net\/portal\/2025\/08\/16\/politicas-efectivas-contra-la-corrupcion\/","url":"https:\/\/www.eldiario.net\/portal\/2025\/08\/16\/politicas-efectivas-contra-la-corrupcion\/","name":"Pol\u00edticas efectivas contra la corrupci\u00f3n - El Diario - Bolivia","isPartOf":{"@id":"https:\/\/www.eldiario.net\/portal\/#website"},"primaryImageOfPage":{"@id":"https:\/\/www.eldiario.net\/portal\/2025\/08\/16\/politicas-efectivas-contra-la-corrupcion\/#primaryimage"},"image":{"@id":"https:\/\/www.eldiario.net\/portal\/2025\/08\/16\/politicas-efectivas-contra-la-corrupcion\/#primaryimage"},"thumbnailUrl":"https:\/\/www.eldiario.net\/portal\/wp-content\/uploads\/2023\/12\/Opinion.jpg","datePublished":"2025-08-16T10:18:05+00:00","breadcrumb":{"@id":"https:\/\/www.eldiario.net\/portal\/2025\/08\/16\/politicas-efectivas-contra-la-corrupcion\/#breadcrumb"},"inLanguage":"es","potentialAction":[{"@type":"ReadAction","target":["https:\/\/www.eldiario.net\/portal\/2025\/08\/16\/politicas-efectivas-contra-la-corrupcion\/"]}]},{"@type":"ImageObject","inLanguage":"es","@id":"https:\/\/www.eldiario.net\/portal\/2025\/08\/16\/politicas-efectivas-contra-la-corrupcion\/#primaryimage","url":"https:\/\/www.eldiario.net\/portal\/wp-content\/uploads\/2023\/12\/Opinion.jpg","contentUrl":"https:\/\/www.eldiario.net\/portal\/wp-content\/uploads\/2023\/12\/Opinion.jpg","width":800,"height":500},{"@type":"BreadcrumbList","@id":"https:\/\/www.eldiario.net\/portal\/2025\/08\/16\/politicas-efectivas-contra-la-corrupcion\/#breadcrumb","itemListElement":[{"@type":"ListItem","position":1,"name":"Portada","item":"https:\/\/www.eldiario.net\/portal\/"},{"@type":"ListItem","position":2,"name":"Pol\u00edticas efectivas contra la corrupci\u00f3n"}]},{"@type":"WebSite","@id":"https:\/\/www.eldiario.net\/portal\/#website","url":"https:\/\/www.eldiario.net\/portal\/","name":"El Diario - Decano de la prensa nacional","description":"El Diario - Decano de la prensa nacional","publisher":{"@id":"https:\/\/www.eldiario.net\/portal\/#organization"},"potentialAction":[{"@type":"SearchAction","target":{"@type":"EntryPoint","urlTemplate":"https:\/\/www.eldiario.net\/portal\/?s={search_term_string}"},"query-input":{"@type":"PropertyValueSpecification","valueRequired":true,"valueName":"search_term_string"}}],"inLanguage":"es"},{"@type":"Organization","@id":"https:\/\/www.eldiario.net\/portal\/#organization","name":"El Diario - Decano de la prensa nacional","url":"https:\/\/www.eldiario.net\/portal\/","logo":{"@type":"ImageObject","inLanguage":"es","@id":"https:\/\/www.eldiario.net\/portal\/#\/schema\/logo\/image\/","url":"https:\/\/www.eldiario.net\/portal\/wp-content\/uploads\/2023\/07\/logo_ED.jpg","contentUrl":"https:\/\/www.eldiario.net\/portal\/wp-content\/uploads\/2023\/07\/logo_ED.jpg","width":272,"height":52,"caption":"El Diario - Decano de la prensa nacional"},"image":{"@id":"https:\/\/www.eldiario.net\/portal\/#\/schema\/logo\/image\/"},"sameAs":["https:\/\/www.facebook.com\/eldiario.bolivia\/","https:\/\/x.com\/eldiario_net"]},{"@type":"Person","@id":"https:\/\/www.eldiario.net\/portal\/#\/schema\/person\/f46445640444750d7d753ccd04ae01b7","name":"Jeanette","image":{"@type":"ImageObject","inLanguage":"es","@id":"https:\/\/secure.gravatar.com\/avatar\/3ea2118a5f7dad2b7138b1187a6b7ee55f160b9968b66013c3a3ef39dd7e5798?s=96&d=mm&r=g","url":"https:\/\/secure.gravatar.com\/avatar\/3ea2118a5f7dad2b7138b1187a6b7ee55f160b9968b66013c3a3ef39dd7e5798?s=96&d=mm&r=g","contentUrl":"https:\/\/secure.gravatar.com\/avatar\/3ea2118a5f7dad2b7138b1187a6b7ee55f160b9968b66013c3a3ef39dd7e5798?s=96&d=mm&r=g","caption":"Jeanette"},"sameAs":["https:\/\/www.eldiario.net\/portal"],"url":"https:\/\/www.eldiario.net\/portal\/author\/jeanette\/"}]}},"_links":{"self":[{"href":"https:\/\/www.eldiario.net\/portal\/wp-json\/wp\/v2\/posts\/324451","targetHints":{"allow":["GET"]}}],"collection":[{"href":"https:\/\/www.eldiario.net\/portal\/wp-json\/wp\/v2\/posts"}],"about":[{"href":"https:\/\/www.eldiario.net\/portal\/wp-json\/wp\/v2\/types\/post"}],"author":[{"embeddable":true,"href":"https:\/\/www.eldiario.net\/portal\/wp-json\/wp\/v2\/users\/1"}],"replies":[{"embeddable":true,"href":"https:\/\/www.eldiario.net\/portal\/wp-json\/wp\/v2\/comments?post=324451"}],"version-history":[{"count":1,"href":"https:\/\/www.eldiario.net\/portal\/wp-json\/wp\/v2\/posts\/324451\/revisions"}],"predecessor-version":[{"id":324452,"href":"https:\/\/www.eldiario.net\/portal\/wp-json\/wp\/v2\/posts\/324451\/revisions\/324452"}],"wp:featuredmedia":[{"embeddable":true,"href":"https:\/\/www.eldiario.net\/portal\/wp-json\/wp\/v2\/media\/194790"}],"wp:attachment":[{"href":"https:\/\/www.eldiario.net\/portal\/wp-json\/wp\/v2\/media?parent=324451"}],"wp:term":[{"taxonomy":"category","embeddable":true,"href":"https:\/\/www.eldiario.net\/portal\/wp-json\/wp\/v2\/categories?post=324451"},{"taxonomy":"post_tag","embeddable":true,"href":"https:\/\/www.eldiario.net\/portal\/wp-json\/wp\/v2\/tags?post=324451"}],"curies":[{"name":"wp","href":"https:\/\/api.w.org\/{rel}","templated":true}]}}