{"id":324449,"date":"2025-08-16T06:17:24","date_gmt":"2025-08-16T10:17:24","guid":{"rendered":"https:\/\/www.eldiario.net\/portal\/?p=324449"},"modified":"2025-08-16T06:17:24","modified_gmt":"2025-08-16T10:17:24","slug":"la-unidad-a-traves-del-voto","status":"publish","type":"post","link":"https:\/\/www.eldiario.net\/portal\/2025\/08\/16\/la-unidad-a-traves-del-voto\/","title":{"rendered":"La unidad a trav\u00e9s del voto"},"content":{"rendered":"<p>El 17 de agosto los ciudadanos bolivianos acudiremos a las urnas a emitir nuestro voto para elegir a un nuevo gobierno, luego de superar varias dificultades, promovidas por corrientes anti democr\u00e1ticas que intentaron e intentan entorpecer las elecciones, que son el veh\u00edculo en democracia, para que el pueblo ejerza su soberan\u00eda d\u00e1ndose el gobierno que elija.<br \/>\nEn el inicio del proceso electoral y por la presi\u00f3n de importantes sectores de la sociedad, los \u201copositores\u201d al r\u00e9gimen, acordaron ofrecer una sola candidatura, que emerja de una consulta a la ciudadan\u00eda, en \u201cprimarias\u201d, que incluso estaban normadas como obligatorias, pero se dej\u00f3 de lado esta norma, y el acuerdo opositor fracas\u00f3 debido al apuro electoral de algunos precandidatos. Sin embargo, importantes sectores sociales, siguieron pidiendo \u201cunidad\u201d.<br \/>\nEn el cuadro electoral, tenemos nueve candidaturas, de las cuales dos representan al r\u00e9gimen que nos gobierna ya casi dos d\u00e9cadas, otras que se consideran abiertamente opositoras al populismo de corte socialista y proponen un cambio profundo, algunas que se han ubicado en medias aguas, pues mantendr\u00edan algunas pol\u00edticas del r\u00e9gimen, otras que resultan marginales por el bajo porcentaje de votos que obtendr\u00edan. En general, la ciudadan\u00eda votar\u00e1 por un cambio de pol\u00edticas o por la continuidad de las mismas.<br \/>\nUn viejo pensamiento de nuestra pol\u00edtica, dice: \u201cofrezcan, ofrezcan, que ofrecer no empobrece\u201d. En este per\u00edodo de campa\u00f1a, los candidatos han ofrecido de todo, desde un hospital de mascotas, a la creaci\u00f3n de millones de empleos, convertir al pa\u00eds en una ciber sociedad informatizada, la industrializaci\u00f3n de litio, convertir al pa\u00eds en un gran centro tur\u00edstico mundial, por supuesto, erradicar la crisis multidimensional que nos agobia y otras ofertas de gobierno muy alejadas de nuestra realidad nacional.<br \/>\nEl pr\u00f3ximo gobierno ha de ser de transici\u00f3n, pues reordenar el Estado boliviano que ha sido objeto de improvisaci\u00f3n, corrupci\u00f3n, anomia legal, en general \u201cmediocridad\u201d, ha de demandar del pr\u00f3ximo gobierno, toda su gesti\u00f3n, solo con esa finalidad, pues el cuadro de deterioro del Estado es alarmante. Hay una crisis institucional del Estado. Se requiere toda una reingenier\u00eda jur\u00eddica, social y pol\u00edtica, para que el Estado boliviano, reordenado, vuelque sus fines al desarrollo y al bien com\u00fan.<br \/>\nA pesar de que la unidad de la creciente corriente opositora al r\u00e9gimen no ha sido posible, el hecho de acudir a las urnas mayoritariamente, ha de ser ya un primer signo de unidad, pues importa que nos unimos con la finalidad de elegir un nuevo gobierno, que pueda encarar con \u00e9xito, las soluciones que nuestro pa\u00eds necesita con urgencia, y que desechamos las consignas del populismo fundamentalista para el voto nulo.<br \/>\nLa unidad de la mayor\u00eda del pueblo, que vote por una candidatura posible, y decimos posible, no solo por la cantidad de votos que pueda obtener, sino por la certidumbre de que, en caso de ser gobierno, tomar\u00e1 las medidas aconsejables para el buen gobierno, que sus pol\u00edticas respondan a los intereses de la patria, por encima de posturas partidistas, de grupo o de intereses for\u00e1neos. Es la hora de las definiciones, pues estas elecciones, son distintas a otras, ya no es solo optar por un cambio de personas, sino por un cambio de pol\u00edticas de Estado y de gobierno, que duren otros dos decenios o m\u00e1s.<br \/>\nNo olvidemos nuestra historia, que est\u00e1 llena de actos de valor y renunciamiento por una causa mayor, como cuando Jos\u00e9 Miguel de Velasco entreg\u00f3 sus tropas con las que tomar\u00eda el poder, a su rival Jos\u00e9 Ballivi\u00e1n para combatir la invasi\u00f3n del presidente peruano Agust\u00edn Gamarra, que pretend\u00eda anexarnos al Per\u00fa, fue en la batalla de Ingavi que se consolid\u00f3 la independencia del pa\u00eds. O cuando los bolivianos acudimos a las guerras con nuestros vecinos, por encima de partidos, regiones, grupos sociales etc., para defender la heredad territorial que nos legaron los padres de la patria.<br \/>\nEl futuro del pa\u00eds est\u00e1 en manos de la ciudadan\u00eda, y se debe responder a la altura de las circunstancias que demanda el pa\u00eds en sus 200 a\u00f1os de vida independiente. El pr\u00f3ximo gobierno ha de ser el \u201cGobierno del Bicentenario\u201d, como un nuevo tiempo de realizaciones patri\u00f3ticas.<\/p>\n<p>El autor es Abogado, Polit\u00f3logo, escritor y docente universitario.<\/p>\n","protected":false},"excerpt":{"rendered":"<p>El 17 de agosto los ciudadanos bolivianos acudiremos a las urnas a emitir nuestro voto para elegir a un nuevo gobierno, luego de superar varias dificultades, promovidas por corrientes anti democr\u00e1ticas que intentaron e intentan entorpecer las elecciones, que son el veh\u00edculo en democracia, para que el pueblo ejerza su soberan\u00eda d\u00e1ndose el gobierno que [&hellip;]<\/p>\n","protected":false},"author":1,"featured_media":157872,"comment_status":"closed","ping_status":"open","sticky":false,"template":"","format":"standard","meta":{"_acf_changed":false,"footnotes":""},"categories":[9],"tags":[],"class_list":["post-324449","post","type-post","status-publish","format-standard","has-post-thumbnail","category-opinion"],"acf":{"antetitulo":""},"yoast_head":"<!-- This site is optimized with the Yoast SEO plugin v28.3 - https:\/\/yoast.com\/product\/yoast-seo-wordpress\/ -->\n<title>La unidad a trav\u00e9s del voto - El Diario - Bolivia<\/title>\n<meta name=\"robots\" content=\"index, follow, max-snippet:-1, max-image-preview:large, max-video-preview:-1\" \/>\n<link rel=\"canonical\" href=\"https:\/\/www.eldiario.net\/portal\/2025\/08\/16\/la-unidad-a-traves-del-voto\/\" \/>\n<meta property=\"og:locale\" content=\"es_ES\" \/>\n<meta property=\"og:type\" content=\"article\" \/>\n<meta property=\"og:title\" content=\"La unidad a trav\u00e9s del voto - El Diario - Bolivia\" \/>\n<meta property=\"og:description\" content=\"El 17 de agosto los ciudadanos bolivianos acudiremos a las urnas a emitir nuestro voto para elegir a un nuevo gobierno, luego de superar varias dificultades, promovidas por corrientes anti democr\u00e1ticas que intentaron e intentan entorpecer las elecciones, que son el veh\u00edculo en democracia, para que el pueblo ejerza su soberan\u00eda d\u00e1ndose el gobierno que [&hellip;]\" \/>\n<meta property=\"og:url\" content=\"https:\/\/www.eldiario.net\/portal\/2025\/08\/16\/la-unidad-a-traves-del-voto\/\" \/>\n<meta property=\"og:site_name\" content=\"El Diario - Bolivia\" \/>\n<meta property=\"article:publisher\" content=\"https:\/\/www.facebook.com\/eldiario.bolivia\/\" \/>\n<meta property=\"article:published_time\" content=\"2025-08-16T10:17:24+00:00\" \/>\n<meta property=\"og:image\" content=\"https:\/\/www.eldiario.net\/portal\/wp-content\/uploads\/2023\/06\/Eric-L.-Cardenas-del-Castillo.jpg\" \/>\n\t<meta property=\"og:image:width\" content=\"1200\" \/>\n\t<meta property=\"og:image:height\" content=\"628\" \/>\n\t<meta property=\"og:image:type\" content=\"image\/jpeg\" \/>\n<meta name=\"author\" content=\"Jeanette\" \/>\n<meta name=\"twitter:card\" content=\"summary_large_image\" \/>\n<meta name=\"twitter:creator\" content=\"@eldiario_net\" \/>\n<meta name=\"twitter:site\" content=\"@eldiario_net\" \/>\n<meta name=\"twitter:label1\" content=\"Escrito por\" \/>\n\t<meta name=\"twitter:data1\" content=\"Jeanette\" \/>\n\t<meta name=\"twitter:label2\" content=\"Tiempo de lectura\" \/>\n\t<meta name=\"twitter:data2\" content=\"4 minutos\" \/>\n<script type=\"application\/ld+json\" class=\"yoast-schema-graph\">{\"@context\":\"https:\\\/\\\/schema.org\",\"@graph\":[{\"@type\":\"Article\",\"@id\":\"https:\\\/\\\/www.eldiario.net\\\/portal\\\/2025\\\/08\\\/16\\\/la-unidad-a-traves-del-voto\\\/#article\",\"isPartOf\":{\"@id\":\"https:\\\/\\\/www.eldiario.net\\\/portal\\\/2025\\\/08\\\/16\\\/la-unidad-a-traves-del-voto\\\/\"},\"author\":{\"name\":\"Jeanette\",\"@id\":\"https:\\\/\\\/www.eldiario.net\\\/portal\\\/#\\\/schema\\\/person\\\/f46445640444750d7d753ccd04ae01b7\"},\"headline\":\"La unidad a trav\u00e9s del voto\",\"datePublished\":\"2025-08-16T10:17:24+00:00\",\"mainEntityOfPage\":{\"@id\":\"https:\\\/\\\/www.eldiario.net\\\/portal\\\/2025\\\/08\\\/16\\\/la-unidad-a-traves-del-voto\\\/\"},\"wordCount\":748,\"publisher\":{\"@id\":\"https:\\\/\\\/www.eldiario.net\\\/portal\\\/#organization\"},\"image\":{\"@id\":\"https:\\\/\\\/www.eldiario.net\\\/portal\\\/2025\\\/08\\\/16\\\/la-unidad-a-traves-del-voto\\\/#primaryimage\"},\"thumbnailUrl\":\"https:\\\/\\\/www.eldiario.net\\\/portal\\\/wp-content\\\/uploads\\\/2023\\\/06\\\/Eric-L.-Cardenas-del-Castillo.jpg\",\"articleSection\":[\"Opini\u00f3n\"],\"inLanguage\":\"es\"},{\"@type\":\"WebPage\",\"@id\":\"https:\\\/\\\/www.eldiario.net\\\/portal\\\/2025\\\/08\\\/16\\\/la-unidad-a-traves-del-voto\\\/\",\"url\":\"https:\\\/\\\/www.eldiario.net\\\/portal\\\/2025\\\/08\\\/16\\\/la-unidad-a-traves-del-voto\\\/\",\"name\":\"La unidad a trav\u00e9s del voto - El Diario - Bolivia\",\"isPartOf\":{\"@id\":\"https:\\\/\\\/www.eldiario.net\\\/portal\\\/#website\"},\"primaryImageOfPage\":{\"@id\":\"https:\\\/\\\/www.eldiario.net\\\/portal\\\/2025\\\/08\\\/16\\\/la-unidad-a-traves-del-voto\\\/#primaryimage\"},\"image\":{\"@id\":\"https:\\\/\\\/www.eldiario.net\\\/portal\\\/2025\\\/08\\\/16\\\/la-unidad-a-traves-del-voto\\\/#primaryimage\"},\"thumbnailUrl\":\"https:\\\/\\\/www.eldiario.net\\\/portal\\\/wp-content\\\/uploads\\\/2023\\\/06\\\/Eric-L.-Cardenas-del-Castillo.jpg\",\"datePublished\":\"2025-08-16T10:17:24+00:00\",\"breadcrumb\":{\"@id\":\"https:\\\/\\\/www.eldiario.net\\\/portal\\\/2025\\\/08\\\/16\\\/la-unidad-a-traves-del-voto\\\/#breadcrumb\"},\"inLanguage\":\"es\",\"potentialAction\":[{\"@type\":\"ReadAction\",\"target\":[\"https:\\\/\\\/www.eldiario.net\\\/portal\\\/2025\\\/08\\\/16\\\/la-unidad-a-traves-del-voto\\\/\"]}]},{\"@type\":\"ImageObject\",\"inLanguage\":\"es\",\"@id\":\"https:\\\/\\\/www.eldiario.net\\\/portal\\\/2025\\\/08\\\/16\\\/la-unidad-a-traves-del-voto\\\/#primaryimage\",\"url\":\"https:\\\/\\\/www.eldiario.net\\\/portal\\\/wp-content\\\/uploads\\\/2023\\\/06\\\/Eric-L.-Cardenas-del-Castillo.jpg\",\"contentUrl\":\"https:\\\/\\\/www.eldiario.net\\\/portal\\\/wp-content\\\/uploads\\\/2023\\\/06\\\/Eric-L.-Cardenas-del-Castillo.jpg\",\"width\":1200,\"height\":628,\"caption\":\"Eric L. C\u00e1rdenas del Castillo\"},{\"@type\":\"BreadcrumbList\",\"@id\":\"https:\\\/\\\/www.eldiario.net\\\/portal\\\/2025\\\/08\\\/16\\\/la-unidad-a-traves-del-voto\\\/#breadcrumb\",\"itemListElement\":[{\"@type\":\"ListItem\",\"position\":1,\"name\":\"Portada\",\"item\":\"https:\\\/\\\/www.eldiario.net\\\/portal\\\/\"},{\"@type\":\"ListItem\",\"position\":2,\"name\":\"La unidad a trav\u00e9s del voto\"}]},{\"@type\":\"WebSite\",\"@id\":\"https:\\\/\\\/www.eldiario.net\\\/portal\\\/#website\",\"url\":\"https:\\\/\\\/www.eldiario.net\\\/portal\\\/\",\"name\":\"El Diario - Decano de la prensa nacional\",\"description\":\"El Diario - Decano de la prensa nacional\",\"publisher\":{\"@id\":\"https:\\\/\\\/www.eldiario.net\\\/portal\\\/#organization\"},\"potentialAction\":[{\"@type\":\"SearchAction\",\"target\":{\"@type\":\"EntryPoint\",\"urlTemplate\":\"https:\\\/\\\/www.eldiario.net\\\/portal\\\/?s={search_term_string}\"},\"query-input\":{\"@type\":\"PropertyValueSpecification\",\"valueRequired\":true,\"valueName\":\"search_term_string\"}}],\"inLanguage\":\"es\"},{\"@type\":\"Organization\",\"@id\":\"https:\\\/\\\/www.eldiario.net\\\/portal\\\/#organization\",\"name\":\"El Diario - Decano de la prensa nacional\",\"url\":\"https:\\\/\\\/www.eldiario.net\\\/portal\\\/\",\"logo\":{\"@type\":\"ImageObject\",\"inLanguage\":\"es\",\"@id\":\"https:\\\/\\\/www.eldiario.net\\\/portal\\\/#\\\/schema\\\/logo\\\/image\\\/\",\"url\":\"https:\\\/\\\/www.eldiario.net\\\/portal\\\/wp-content\\\/uploads\\\/2023\\\/07\\\/logo_ED.jpg\",\"contentUrl\":\"https:\\\/\\\/www.eldiario.net\\\/portal\\\/wp-content\\\/uploads\\\/2023\\\/07\\\/logo_ED.jpg\",\"width\":272,\"height\":52,\"caption\":\"El Diario - Decano de la prensa nacional\"},\"image\":{\"@id\":\"https:\\\/\\\/www.eldiario.net\\\/portal\\\/#\\\/schema\\\/logo\\\/image\\\/\"},\"sameAs\":[\"https:\\\/\\\/www.facebook.com\\\/eldiario.bolivia\\\/\",\"https:\\\/\\\/x.com\\\/eldiario_net\"]},{\"@type\":\"Person\",\"@id\":\"https:\\\/\\\/www.eldiario.net\\\/portal\\\/#\\\/schema\\\/person\\\/f46445640444750d7d753ccd04ae01b7\",\"name\":\"Jeanette\",\"image\":{\"@type\":\"ImageObject\",\"inLanguage\":\"es\",\"@id\":\"https:\\\/\\\/secure.gravatar.com\\\/avatar\\\/3ea2118a5f7dad2b7138b1187a6b7ee55f160b9968b66013c3a3ef39dd7e5798?s=96&d=mm&r=g\",\"url\":\"https:\\\/\\\/secure.gravatar.com\\\/avatar\\\/3ea2118a5f7dad2b7138b1187a6b7ee55f160b9968b66013c3a3ef39dd7e5798?s=96&d=mm&r=g\",\"contentUrl\":\"https:\\\/\\\/secure.gravatar.com\\\/avatar\\\/3ea2118a5f7dad2b7138b1187a6b7ee55f160b9968b66013c3a3ef39dd7e5798?s=96&d=mm&r=g\",\"caption\":\"Jeanette\"},\"sameAs\":[\"https:\\\/\\\/www.eldiario.net\\\/portal\"],\"url\":\"https:\\\/\\\/www.eldiario.net\\\/portal\\\/author\\\/jeanette\\\/\"}]}<\/script>\n<!-- \/ Yoast SEO plugin. -->","yoast_head_json":{"title":"La unidad a trav\u00e9s del voto - El Diario - Bolivia","robots":{"index":"index","follow":"follow","max-snippet":"max-snippet:-1","max-image-preview":"max-image-preview:large","max-video-preview":"max-video-preview:-1"},"canonical":"https:\/\/www.eldiario.net\/portal\/2025\/08\/16\/la-unidad-a-traves-del-voto\/","og_locale":"es_ES","og_type":"article","og_title":"La unidad a trav\u00e9s del voto - El Diario - Bolivia","og_description":"El 17 de agosto los ciudadanos bolivianos acudiremos a las urnas a emitir nuestro voto para elegir a un nuevo gobierno, luego de superar varias dificultades, promovidas por corrientes anti democr\u00e1ticas que intentaron e intentan entorpecer las elecciones, que son el veh\u00edculo en democracia, para que el pueblo ejerza su soberan\u00eda d\u00e1ndose el gobierno que [&hellip;]","og_url":"https:\/\/www.eldiario.net\/portal\/2025\/08\/16\/la-unidad-a-traves-del-voto\/","og_site_name":"El Diario - Bolivia","article_publisher":"https:\/\/www.facebook.com\/eldiario.bolivia\/","article_published_time":"2025-08-16T10:17:24+00:00","og_image":[{"width":1200,"height":628,"url":"https:\/\/www.eldiario.net\/portal\/wp-content\/uploads\/2023\/06\/Eric-L.-Cardenas-del-Castillo.jpg","type":"image\/jpeg"}],"author":"Jeanette","twitter_card":"summary_large_image","twitter_creator":"@eldiario_net","twitter_site":"@eldiario_net","twitter_misc":{"Escrito por":"Jeanette","Tiempo de lectura":"4 minutos"},"schema":{"@context":"https:\/\/schema.org","@graph":[{"@type":"Article","@id":"https:\/\/www.eldiario.net\/portal\/2025\/08\/16\/la-unidad-a-traves-del-voto\/#article","isPartOf":{"@id":"https:\/\/www.eldiario.net\/portal\/2025\/08\/16\/la-unidad-a-traves-del-voto\/"},"author":{"name":"Jeanette","@id":"https:\/\/www.eldiario.net\/portal\/#\/schema\/person\/f46445640444750d7d753ccd04ae01b7"},"headline":"La unidad a trav\u00e9s del voto","datePublished":"2025-08-16T10:17:24+00:00","mainEntityOfPage":{"@id":"https:\/\/www.eldiario.net\/portal\/2025\/08\/16\/la-unidad-a-traves-del-voto\/"},"wordCount":748,"publisher":{"@id":"https:\/\/www.eldiario.net\/portal\/#organization"},"image":{"@id":"https:\/\/www.eldiario.net\/portal\/2025\/08\/16\/la-unidad-a-traves-del-voto\/#primaryimage"},"thumbnailUrl":"https:\/\/www.eldiario.net\/portal\/wp-content\/uploads\/2023\/06\/Eric-L.-Cardenas-del-Castillo.jpg","articleSection":["Opini\u00f3n"],"inLanguage":"es"},{"@type":"WebPage","@id":"https:\/\/www.eldiario.net\/portal\/2025\/08\/16\/la-unidad-a-traves-del-voto\/","url":"https:\/\/www.eldiario.net\/portal\/2025\/08\/16\/la-unidad-a-traves-del-voto\/","name":"La unidad a trav\u00e9s del voto - El Diario - Bolivia","isPartOf":{"@id":"https:\/\/www.eldiario.net\/portal\/#website"},"primaryImageOfPage":{"@id":"https:\/\/www.eldiario.net\/portal\/2025\/08\/16\/la-unidad-a-traves-del-voto\/#primaryimage"},"image":{"@id":"https:\/\/www.eldiario.net\/portal\/2025\/08\/16\/la-unidad-a-traves-del-voto\/#primaryimage"},"thumbnailUrl":"https:\/\/www.eldiario.net\/portal\/wp-content\/uploads\/2023\/06\/Eric-L.-Cardenas-del-Castillo.jpg","datePublished":"2025-08-16T10:17:24+00:00","breadcrumb":{"@id":"https:\/\/www.eldiario.net\/portal\/2025\/08\/16\/la-unidad-a-traves-del-voto\/#breadcrumb"},"inLanguage":"es","potentialAction":[{"@type":"ReadAction","target":["https:\/\/www.eldiario.net\/portal\/2025\/08\/16\/la-unidad-a-traves-del-voto\/"]}]},{"@type":"ImageObject","inLanguage":"es","@id":"https:\/\/www.eldiario.net\/portal\/2025\/08\/16\/la-unidad-a-traves-del-voto\/#primaryimage","url":"https:\/\/www.eldiario.net\/portal\/wp-content\/uploads\/2023\/06\/Eric-L.-Cardenas-del-Castillo.jpg","contentUrl":"https:\/\/www.eldiario.net\/portal\/wp-content\/uploads\/2023\/06\/Eric-L.-Cardenas-del-Castillo.jpg","width":1200,"height":628,"caption":"Eric L. C\u00e1rdenas del Castillo"},{"@type":"BreadcrumbList","@id":"https:\/\/www.eldiario.net\/portal\/2025\/08\/16\/la-unidad-a-traves-del-voto\/#breadcrumb","itemListElement":[{"@type":"ListItem","position":1,"name":"Portada","item":"https:\/\/www.eldiario.net\/portal\/"},{"@type":"ListItem","position":2,"name":"La unidad a trav\u00e9s del voto"}]},{"@type":"WebSite","@id":"https:\/\/www.eldiario.net\/portal\/#website","url":"https:\/\/www.eldiario.net\/portal\/","name":"El Diario - Decano de la prensa nacional","description":"El Diario - Decano de la prensa nacional","publisher":{"@id":"https:\/\/www.eldiario.net\/portal\/#organization"},"potentialAction":[{"@type":"SearchAction","target":{"@type":"EntryPoint","urlTemplate":"https:\/\/www.eldiario.net\/portal\/?s={search_term_string}"},"query-input":{"@type":"PropertyValueSpecification","valueRequired":true,"valueName":"search_term_string"}}],"inLanguage":"es"},{"@type":"Organization","@id":"https:\/\/www.eldiario.net\/portal\/#organization","name":"El Diario - Decano de la prensa nacional","url":"https:\/\/www.eldiario.net\/portal\/","logo":{"@type":"ImageObject","inLanguage":"es","@id":"https:\/\/www.eldiario.net\/portal\/#\/schema\/logo\/image\/","url":"https:\/\/www.eldiario.net\/portal\/wp-content\/uploads\/2023\/07\/logo_ED.jpg","contentUrl":"https:\/\/www.eldiario.net\/portal\/wp-content\/uploads\/2023\/07\/logo_ED.jpg","width":272,"height":52,"caption":"El Diario - Decano de la prensa nacional"},"image":{"@id":"https:\/\/www.eldiario.net\/portal\/#\/schema\/logo\/image\/"},"sameAs":["https:\/\/www.facebook.com\/eldiario.bolivia\/","https:\/\/x.com\/eldiario_net"]},{"@type":"Person","@id":"https:\/\/www.eldiario.net\/portal\/#\/schema\/person\/f46445640444750d7d753ccd04ae01b7","name":"Jeanette","image":{"@type":"ImageObject","inLanguage":"es","@id":"https:\/\/secure.gravatar.com\/avatar\/3ea2118a5f7dad2b7138b1187a6b7ee55f160b9968b66013c3a3ef39dd7e5798?s=96&d=mm&r=g","url":"https:\/\/secure.gravatar.com\/avatar\/3ea2118a5f7dad2b7138b1187a6b7ee55f160b9968b66013c3a3ef39dd7e5798?s=96&d=mm&r=g","contentUrl":"https:\/\/secure.gravatar.com\/avatar\/3ea2118a5f7dad2b7138b1187a6b7ee55f160b9968b66013c3a3ef39dd7e5798?s=96&d=mm&r=g","caption":"Jeanette"},"sameAs":["https:\/\/www.eldiario.net\/portal"],"url":"https:\/\/www.eldiario.net\/portal\/author\/jeanette\/"}]}},"_links":{"self":[{"href":"https:\/\/www.eldiario.net\/portal\/wp-json\/wp\/v2\/posts\/324449","targetHints":{"allow":["GET"]}}],"collection":[{"href":"https:\/\/www.eldiario.net\/portal\/wp-json\/wp\/v2\/posts"}],"about":[{"href":"https:\/\/www.eldiario.net\/portal\/wp-json\/wp\/v2\/types\/post"}],"author":[{"embeddable":true,"href":"https:\/\/www.eldiario.net\/portal\/wp-json\/wp\/v2\/users\/1"}],"replies":[{"embeddable":true,"href":"https:\/\/www.eldiario.net\/portal\/wp-json\/wp\/v2\/comments?post=324449"}],"version-history":[{"count":1,"href":"https:\/\/www.eldiario.net\/portal\/wp-json\/wp\/v2\/posts\/324449\/revisions"}],"predecessor-version":[{"id":324450,"href":"https:\/\/www.eldiario.net\/portal\/wp-json\/wp\/v2\/posts\/324449\/revisions\/324450"}],"wp:featuredmedia":[{"embeddable":true,"href":"https:\/\/www.eldiario.net\/portal\/wp-json\/wp\/v2\/media\/157872"}],"wp:attachment":[{"href":"https:\/\/www.eldiario.net\/portal\/wp-json\/wp\/v2\/media?parent=324449"}],"wp:term":[{"taxonomy":"category","embeddable":true,"href":"https:\/\/www.eldiario.net\/portal\/wp-json\/wp\/v2\/categories?post=324449"},{"taxonomy":"post_tag","embeddable":true,"href":"https:\/\/www.eldiario.net\/portal\/wp-json\/wp\/v2\/tags?post=324449"}],"curies":[{"name":"wp","href":"https:\/\/api.w.org\/{rel}","templated":true}]}}