{"id":324447,"date":"2025-08-16T06:16:47","date_gmt":"2025-08-16T10:16:47","guid":{"rendered":"https:\/\/www.eldiario.net\/portal\/?p=324447"},"modified":"2025-08-16T06:16:47","modified_gmt":"2025-08-16T10:16:47","slug":"una-oracion-por-bolivia","status":"publish","type":"post","link":"https:\/\/www.eldiario.net\/portal\/2025\/08\/16\/una-oracion-por-bolivia\/","title":{"rendered":"Una oraci\u00f3n por Bolivia"},"content":{"rendered":"<p>A mujeres y hombres de ciencia, cient\u00edficos, investigadores, inventores, profesionales y otros bolivianos, nos hubiera gustado escuchar, a los candidatos, propuestas que fomenten la ciencia, tecnolog\u00eda, investigaci\u00f3n, invenci\u00f3n. Y es que con descubrimientos e inventos ha podido avanzar la humanidad.<br \/>\nNecesitamos saber cu\u00e1nto invertir\u00e1 el Estado para mejorar la educaci\u00f3n escolar, la educaci\u00f3n superior. Nadie habl\u00f3 de salud, qu\u00e9 pena. \u00bfCu\u00e1nto m\u00e1s se invertir\u00e1 en investigaci\u00f3n e innovaci\u00f3n? El cambio clim\u00e1tico, que azota al mundo, a nuestra naci\u00f3n, se agrava por las leyes incendiarias, los malditos chaqueos descontrolados, por quienes para expandir ciertas fronteras est\u00e1n quemando los pulmones del planeta, destruyendo la naturaleza.<br \/>\nContaminaci\u00f3n ambiental, calidad de vida, atenci\u00f3n sanitaria, nutrici\u00f3n, el controvertido tema del litio, producci\u00f3n agr\u00edcola, son asuntos que requieren correctas pol\u00edticas de Estado, recursos para investigaci\u00f3n, innovaci\u00f3n. Orgullosamente lo decimos, en Bolivia tenemos cient\u00edficos, investigadores, inventores que contribuyen al desarrollo del pa\u00eds y deber\u00edan ser protagonistas del verdadero cambio y del ma\u00f1ana.<br \/>\nEs que la \u201cmeritocracia\u201d es necesaria. Pero esa palabra se la estigmatiza, ridiculiza y cr\u00edtica por quienes no tienen formaci\u00f3n o carecen de alg\u00fan t\u00edtulo profesional. Ahora tratan de quitar la menci\u00f3n de profesi\u00f3n, porque se cree que implica discriminaci\u00f3n. Pero quienes piensan as\u00ed son resentidos. Estas acomplejadas pr\u00e1cticas deben desaparecer, pues es tan valioso un profesional como un campesino que con su conocimiento tambi\u00e9n aporta. Todos somos parte, somos bolivianos, unidos tendr\u00edamos que avanzar.<br \/>\nEs que no solo es problema la falta de d\u00f3lares y carburantes, la crisis es mucho m\u00e1s grande, en todo nivel, institucional y personal tambi\u00e9n. La falta de valores, de principios, la divisi\u00f3n, el inmenso odio, la amargura se han incrementado. Nos aborrecemos en los barrios, trabajos, mercados, en el parlamento, en todo lado se siente odio. Se necesita no solo psic\u00f3logos o psiquiatras, sanidad interior tambi\u00e9n.<br \/>\nY para quienes creemos en Dios, no fue buena idea echarlo del palacio y de nuestras vidas, hay principios espirituales que rigen este mundo. Esa mezcla de saberes y religiones absurdas que se ense\u00f1a ahora est\u00e1n confundiendo y quitando los valores a nuestros ni\u00f1os y adolescentes. Muchos dir\u00e1n que cuesta creer en estos tiempos, en medio de tanta maldad, s\u00ed, cuesta creer ante los casos de pederastia; cuesta creer en medio del mercantilismo de la fe tambi\u00e9n.<br \/>\nA pesar de que estemos decepcionados y profundamente lastimados por la fe, cualquiera sea la religi\u00f3n que profesemos o no, hagamos de todo coraz\u00f3n una oraci\u00f3n a Dios por nuestra Bolivia, por los nuevos gobernantes, para que se acabe o disminuya el paganismo, el odio, la maldad, la delincuencia, la violencia, la criminalidad, para que realmente salgamos de esta crisis y no volvamos atr\u00e1s ni para tomar impulso. Vamos Bolivia\u2026 juntos podemos.<\/p>\n<p>E-mail: temasvc@yahoo.es<\/p>\n","protected":false},"excerpt":{"rendered":"<p>A mujeres y hombres de ciencia, cient\u00edficos, investigadores, inventores, profesionales y otros bolivianos, nos hubiera gustado escuchar, a los candidatos, propuestas que fomenten la ciencia, tecnolog\u00eda, investigaci\u00f3n, invenci\u00f3n. Y es que con descubrimientos e inventos ha podido avanzar la humanidad. Necesitamos saber cu\u00e1nto invertir\u00e1 el Estado para mejorar la educaci\u00f3n escolar, la educaci\u00f3n superior. Nadie [&hellip;]<\/p>\n","protected":false},"author":1,"featured_media":159359,"comment_status":"closed","ping_status":"open","sticky":false,"template":"","format":"standard","meta":{"_acf_changed":false,"footnotes":""},"categories":[9],"tags":[],"class_list":["post-324447","post","type-post","status-publish","format-standard","has-post-thumbnail","category-opinion"],"acf":{"antetitulo":"Ciencia y sociedad"},"yoast_head":"<!-- This site is optimized with the Yoast SEO plugin v28.3 - https:\/\/yoast.com\/product\/yoast-seo-wordpress\/ -->\n<title>Una oraci\u00f3n por Bolivia - El Diario - Bolivia<\/title>\n<meta name=\"robots\" content=\"index, follow, max-snippet:-1, max-image-preview:large, max-video-preview:-1\" \/>\n<link rel=\"canonical\" href=\"https:\/\/www.eldiario.net\/portal\/2025\/08\/16\/una-oracion-por-bolivia\/\" \/>\n<meta property=\"og:locale\" content=\"es_ES\" \/>\n<meta property=\"og:type\" content=\"article\" \/>\n<meta property=\"og:title\" content=\"Una oraci\u00f3n por Bolivia - El Diario - Bolivia\" \/>\n<meta property=\"og:description\" content=\"A mujeres y hombres de ciencia, cient\u00edficos, investigadores, inventores, profesionales y otros bolivianos, nos hubiera gustado escuchar, a los candidatos, propuestas que fomenten la ciencia, tecnolog\u00eda, investigaci\u00f3n, invenci\u00f3n. Y es que con descubrimientos e inventos ha podido avanzar la humanidad. Necesitamos saber cu\u00e1nto invertir\u00e1 el Estado para mejorar la educaci\u00f3n escolar, la educaci\u00f3n superior. Nadie [&hellip;]\" \/>\n<meta property=\"og:url\" content=\"https:\/\/www.eldiario.net\/portal\/2025\/08\/16\/una-oracion-por-bolivia\/\" \/>\n<meta property=\"og:site_name\" content=\"El Diario - Bolivia\" \/>\n<meta property=\"article:publisher\" content=\"https:\/\/www.facebook.com\/eldiario.bolivia\/\" \/>\n<meta property=\"article:published_time\" content=\"2025-08-16T10:16:47+00:00\" \/>\n<meta property=\"og:image\" content=\"https:\/\/www.eldiario.net\/portal\/wp-content\/uploads\/2023\/06\/Ana-Maria-Perez-Mollinedo.jpg\" \/>\n\t<meta property=\"og:image:width\" content=\"1200\" \/>\n\t<meta property=\"og:image:height\" content=\"628\" \/>\n\t<meta property=\"og:image:type\" content=\"image\/jpeg\" \/>\n<meta name=\"author\" content=\"Jeanette\" \/>\n<meta name=\"twitter:card\" content=\"summary_large_image\" \/>\n<meta name=\"twitter:creator\" content=\"@eldiario_net\" \/>\n<meta name=\"twitter:site\" content=\"@eldiario_net\" \/>\n<meta name=\"twitter:label1\" content=\"Escrito por\" \/>\n\t<meta name=\"twitter:data1\" content=\"Jeanette\" \/>\n\t<meta name=\"twitter:label2\" content=\"Tiempo de lectura\" \/>\n\t<meta name=\"twitter:data2\" content=\"3 minutos\" \/>\n<script type=\"application\/ld+json\" class=\"yoast-schema-graph\">{\"@context\":\"https:\\\/\\\/schema.org\",\"@graph\":[{\"@type\":\"Article\",\"@id\":\"https:\\\/\\\/www.eldiario.net\\\/portal\\\/2025\\\/08\\\/16\\\/una-oracion-por-bolivia\\\/#article\",\"isPartOf\":{\"@id\":\"https:\\\/\\\/www.eldiario.net\\\/portal\\\/2025\\\/08\\\/16\\\/una-oracion-por-bolivia\\\/\"},\"author\":{\"name\":\"Jeanette\",\"@id\":\"https:\\\/\\\/www.eldiario.net\\\/portal\\\/#\\\/schema\\\/person\\\/f46445640444750d7d753ccd04ae01b7\"},\"headline\":\"Una oraci\u00f3n por Bolivia\",\"datePublished\":\"2025-08-16T10:16:47+00:00\",\"mainEntityOfPage\":{\"@id\":\"https:\\\/\\\/www.eldiario.net\\\/portal\\\/2025\\\/08\\\/16\\\/una-oracion-por-bolivia\\\/\"},\"wordCount\":506,\"publisher\":{\"@id\":\"https:\\\/\\\/www.eldiario.net\\\/portal\\\/#organization\"},\"image\":{\"@id\":\"https:\\\/\\\/www.eldiario.net\\\/portal\\\/2025\\\/08\\\/16\\\/una-oracion-por-bolivia\\\/#primaryimage\"},\"thumbnailUrl\":\"https:\\\/\\\/www.eldiario.net\\\/portal\\\/wp-content\\\/uploads\\\/2023\\\/06\\\/Ana-Maria-Perez-Mollinedo.jpg\",\"articleSection\":[\"Opini\u00f3n\"],\"inLanguage\":\"es\"},{\"@type\":\"WebPage\",\"@id\":\"https:\\\/\\\/www.eldiario.net\\\/portal\\\/2025\\\/08\\\/16\\\/una-oracion-por-bolivia\\\/\",\"url\":\"https:\\\/\\\/www.eldiario.net\\\/portal\\\/2025\\\/08\\\/16\\\/una-oracion-por-bolivia\\\/\",\"name\":\"Una oraci\u00f3n por Bolivia - El Diario - Bolivia\",\"isPartOf\":{\"@id\":\"https:\\\/\\\/www.eldiario.net\\\/portal\\\/#website\"},\"primaryImageOfPage\":{\"@id\":\"https:\\\/\\\/www.eldiario.net\\\/portal\\\/2025\\\/08\\\/16\\\/una-oracion-por-bolivia\\\/#primaryimage\"},\"image\":{\"@id\":\"https:\\\/\\\/www.eldiario.net\\\/portal\\\/2025\\\/08\\\/16\\\/una-oracion-por-bolivia\\\/#primaryimage\"},\"thumbnailUrl\":\"https:\\\/\\\/www.eldiario.net\\\/portal\\\/wp-content\\\/uploads\\\/2023\\\/06\\\/Ana-Maria-Perez-Mollinedo.jpg\",\"datePublished\":\"2025-08-16T10:16:47+00:00\",\"breadcrumb\":{\"@id\":\"https:\\\/\\\/www.eldiario.net\\\/portal\\\/2025\\\/08\\\/16\\\/una-oracion-por-bolivia\\\/#breadcrumb\"},\"inLanguage\":\"es\",\"potentialAction\":[{\"@type\":\"ReadAction\",\"target\":[\"https:\\\/\\\/www.eldiario.net\\\/portal\\\/2025\\\/08\\\/16\\\/una-oracion-por-bolivia\\\/\"]}]},{\"@type\":\"ImageObject\",\"inLanguage\":\"es\",\"@id\":\"https:\\\/\\\/www.eldiario.net\\\/portal\\\/2025\\\/08\\\/16\\\/una-oracion-por-bolivia\\\/#primaryimage\",\"url\":\"https:\\\/\\\/www.eldiario.net\\\/portal\\\/wp-content\\\/uploads\\\/2023\\\/06\\\/Ana-Maria-Perez-Mollinedo.jpg\",\"contentUrl\":\"https:\\\/\\\/www.eldiario.net\\\/portal\\\/wp-content\\\/uploads\\\/2023\\\/06\\\/Ana-Maria-Perez-Mollinedo.jpg\",\"width\":1200,\"height\":628,\"caption\":\"Ana Mar\u00eda P\u00e9rez Mollinedo\"},{\"@type\":\"BreadcrumbList\",\"@id\":\"https:\\\/\\\/www.eldiario.net\\\/portal\\\/2025\\\/08\\\/16\\\/una-oracion-por-bolivia\\\/#breadcrumb\",\"itemListElement\":[{\"@type\":\"ListItem\",\"position\":1,\"name\":\"Portada\",\"item\":\"https:\\\/\\\/www.eldiario.net\\\/portal\\\/\"},{\"@type\":\"ListItem\",\"position\":2,\"name\":\"Una oraci\u00f3n por Bolivia\"}]},{\"@type\":\"WebSite\",\"@id\":\"https:\\\/\\\/www.eldiario.net\\\/portal\\\/#website\",\"url\":\"https:\\\/\\\/www.eldiario.net\\\/portal\\\/\",\"name\":\"El Diario - Decano de la prensa nacional\",\"description\":\"El Diario - Decano de la prensa nacional\",\"publisher\":{\"@id\":\"https:\\\/\\\/www.eldiario.net\\\/portal\\\/#organization\"},\"potentialAction\":[{\"@type\":\"SearchAction\",\"target\":{\"@type\":\"EntryPoint\",\"urlTemplate\":\"https:\\\/\\\/www.eldiario.net\\\/portal\\\/?s={search_term_string}\"},\"query-input\":{\"@type\":\"PropertyValueSpecification\",\"valueRequired\":true,\"valueName\":\"search_term_string\"}}],\"inLanguage\":\"es\"},{\"@type\":\"Organization\",\"@id\":\"https:\\\/\\\/www.eldiario.net\\\/portal\\\/#organization\",\"name\":\"El Diario - Decano de la prensa nacional\",\"url\":\"https:\\\/\\\/www.eldiario.net\\\/portal\\\/\",\"logo\":{\"@type\":\"ImageObject\",\"inLanguage\":\"es\",\"@id\":\"https:\\\/\\\/www.eldiario.net\\\/portal\\\/#\\\/schema\\\/logo\\\/image\\\/\",\"url\":\"https:\\\/\\\/www.eldiario.net\\\/portal\\\/wp-content\\\/uploads\\\/2023\\\/07\\\/logo_ED.jpg\",\"contentUrl\":\"https:\\\/\\\/www.eldiario.net\\\/portal\\\/wp-content\\\/uploads\\\/2023\\\/07\\\/logo_ED.jpg\",\"width\":272,\"height\":52,\"caption\":\"El Diario - Decano de la prensa nacional\"},\"image\":{\"@id\":\"https:\\\/\\\/www.eldiario.net\\\/portal\\\/#\\\/schema\\\/logo\\\/image\\\/\"},\"sameAs\":[\"https:\\\/\\\/www.facebook.com\\\/eldiario.bolivia\\\/\",\"https:\\\/\\\/x.com\\\/eldiario_net\"]},{\"@type\":\"Person\",\"@id\":\"https:\\\/\\\/www.eldiario.net\\\/portal\\\/#\\\/schema\\\/person\\\/f46445640444750d7d753ccd04ae01b7\",\"name\":\"Jeanette\",\"image\":{\"@type\":\"ImageObject\",\"inLanguage\":\"es\",\"@id\":\"https:\\\/\\\/secure.gravatar.com\\\/avatar\\\/3ea2118a5f7dad2b7138b1187a6b7ee55f160b9968b66013c3a3ef39dd7e5798?s=96&d=mm&r=g\",\"url\":\"https:\\\/\\\/secure.gravatar.com\\\/avatar\\\/3ea2118a5f7dad2b7138b1187a6b7ee55f160b9968b66013c3a3ef39dd7e5798?s=96&d=mm&r=g\",\"contentUrl\":\"https:\\\/\\\/secure.gravatar.com\\\/avatar\\\/3ea2118a5f7dad2b7138b1187a6b7ee55f160b9968b66013c3a3ef39dd7e5798?s=96&d=mm&r=g\",\"caption\":\"Jeanette\"},\"sameAs\":[\"https:\\\/\\\/www.eldiario.net\\\/portal\"],\"url\":\"https:\\\/\\\/www.eldiario.net\\\/portal\\\/author\\\/jeanette\\\/\"}]}<\/script>\n<!-- \/ Yoast SEO plugin. -->","yoast_head_json":{"title":"Una oraci\u00f3n por Bolivia - El Diario - Bolivia","robots":{"index":"index","follow":"follow","max-snippet":"max-snippet:-1","max-image-preview":"max-image-preview:large","max-video-preview":"max-video-preview:-1"},"canonical":"https:\/\/www.eldiario.net\/portal\/2025\/08\/16\/una-oracion-por-bolivia\/","og_locale":"es_ES","og_type":"article","og_title":"Una oraci\u00f3n por Bolivia - El Diario - Bolivia","og_description":"A mujeres y hombres de ciencia, cient\u00edficos, investigadores, inventores, profesionales y otros bolivianos, nos hubiera gustado escuchar, a los candidatos, propuestas que fomenten la ciencia, tecnolog\u00eda, investigaci\u00f3n, invenci\u00f3n. Y es que con descubrimientos e inventos ha podido avanzar la humanidad. Necesitamos saber cu\u00e1nto invertir\u00e1 el Estado para mejorar la educaci\u00f3n escolar, la educaci\u00f3n superior. Nadie [&hellip;]","og_url":"https:\/\/www.eldiario.net\/portal\/2025\/08\/16\/una-oracion-por-bolivia\/","og_site_name":"El Diario - Bolivia","article_publisher":"https:\/\/www.facebook.com\/eldiario.bolivia\/","article_published_time":"2025-08-16T10:16:47+00:00","og_image":[{"width":1200,"height":628,"url":"https:\/\/www.eldiario.net\/portal\/wp-content\/uploads\/2023\/06\/Ana-Maria-Perez-Mollinedo.jpg","type":"image\/jpeg"}],"author":"Jeanette","twitter_card":"summary_large_image","twitter_creator":"@eldiario_net","twitter_site":"@eldiario_net","twitter_misc":{"Escrito por":"Jeanette","Tiempo de lectura":"3 minutos"},"schema":{"@context":"https:\/\/schema.org","@graph":[{"@type":"Article","@id":"https:\/\/www.eldiario.net\/portal\/2025\/08\/16\/una-oracion-por-bolivia\/#article","isPartOf":{"@id":"https:\/\/www.eldiario.net\/portal\/2025\/08\/16\/una-oracion-por-bolivia\/"},"author":{"name":"Jeanette","@id":"https:\/\/www.eldiario.net\/portal\/#\/schema\/person\/f46445640444750d7d753ccd04ae01b7"},"headline":"Una oraci\u00f3n por Bolivia","datePublished":"2025-08-16T10:16:47+00:00","mainEntityOfPage":{"@id":"https:\/\/www.eldiario.net\/portal\/2025\/08\/16\/una-oracion-por-bolivia\/"},"wordCount":506,"publisher":{"@id":"https:\/\/www.eldiario.net\/portal\/#organization"},"image":{"@id":"https:\/\/www.eldiario.net\/portal\/2025\/08\/16\/una-oracion-por-bolivia\/#primaryimage"},"thumbnailUrl":"https:\/\/www.eldiario.net\/portal\/wp-content\/uploads\/2023\/06\/Ana-Maria-Perez-Mollinedo.jpg","articleSection":["Opini\u00f3n"],"inLanguage":"es"},{"@type":"WebPage","@id":"https:\/\/www.eldiario.net\/portal\/2025\/08\/16\/una-oracion-por-bolivia\/","url":"https:\/\/www.eldiario.net\/portal\/2025\/08\/16\/una-oracion-por-bolivia\/","name":"Una oraci\u00f3n por Bolivia - El Diario - Bolivia","isPartOf":{"@id":"https:\/\/www.eldiario.net\/portal\/#website"},"primaryImageOfPage":{"@id":"https:\/\/www.eldiario.net\/portal\/2025\/08\/16\/una-oracion-por-bolivia\/#primaryimage"},"image":{"@id":"https:\/\/www.eldiario.net\/portal\/2025\/08\/16\/una-oracion-por-bolivia\/#primaryimage"},"thumbnailUrl":"https:\/\/www.eldiario.net\/portal\/wp-content\/uploads\/2023\/06\/Ana-Maria-Perez-Mollinedo.jpg","datePublished":"2025-08-16T10:16:47+00:00","breadcrumb":{"@id":"https:\/\/www.eldiario.net\/portal\/2025\/08\/16\/una-oracion-por-bolivia\/#breadcrumb"},"inLanguage":"es","potentialAction":[{"@type":"ReadAction","target":["https:\/\/www.eldiario.net\/portal\/2025\/08\/16\/una-oracion-por-bolivia\/"]}]},{"@type":"ImageObject","inLanguage":"es","@id":"https:\/\/www.eldiario.net\/portal\/2025\/08\/16\/una-oracion-por-bolivia\/#primaryimage","url":"https:\/\/www.eldiario.net\/portal\/wp-content\/uploads\/2023\/06\/Ana-Maria-Perez-Mollinedo.jpg","contentUrl":"https:\/\/www.eldiario.net\/portal\/wp-content\/uploads\/2023\/06\/Ana-Maria-Perez-Mollinedo.jpg","width":1200,"height":628,"caption":"Ana Mar\u00eda P\u00e9rez Mollinedo"},{"@type":"BreadcrumbList","@id":"https:\/\/www.eldiario.net\/portal\/2025\/08\/16\/una-oracion-por-bolivia\/#breadcrumb","itemListElement":[{"@type":"ListItem","position":1,"name":"Portada","item":"https:\/\/www.eldiario.net\/portal\/"},{"@type":"ListItem","position":2,"name":"Una oraci\u00f3n por Bolivia"}]},{"@type":"WebSite","@id":"https:\/\/www.eldiario.net\/portal\/#website","url":"https:\/\/www.eldiario.net\/portal\/","name":"El Diario - Decano de la prensa nacional","description":"El Diario - Decano de la prensa nacional","publisher":{"@id":"https:\/\/www.eldiario.net\/portal\/#organization"},"potentialAction":[{"@type":"SearchAction","target":{"@type":"EntryPoint","urlTemplate":"https:\/\/www.eldiario.net\/portal\/?s={search_term_string}"},"query-input":{"@type":"PropertyValueSpecification","valueRequired":true,"valueName":"search_term_string"}}],"inLanguage":"es"},{"@type":"Organization","@id":"https:\/\/www.eldiario.net\/portal\/#organization","name":"El Diario - Decano de la prensa nacional","url":"https:\/\/www.eldiario.net\/portal\/","logo":{"@type":"ImageObject","inLanguage":"es","@id":"https:\/\/www.eldiario.net\/portal\/#\/schema\/logo\/image\/","url":"https:\/\/www.eldiario.net\/portal\/wp-content\/uploads\/2023\/07\/logo_ED.jpg","contentUrl":"https:\/\/www.eldiario.net\/portal\/wp-content\/uploads\/2023\/07\/logo_ED.jpg","width":272,"height":52,"caption":"El Diario - Decano de la prensa nacional"},"image":{"@id":"https:\/\/www.eldiario.net\/portal\/#\/schema\/logo\/image\/"},"sameAs":["https:\/\/www.facebook.com\/eldiario.bolivia\/","https:\/\/x.com\/eldiario_net"]},{"@type":"Person","@id":"https:\/\/www.eldiario.net\/portal\/#\/schema\/person\/f46445640444750d7d753ccd04ae01b7","name":"Jeanette","image":{"@type":"ImageObject","inLanguage":"es","@id":"https:\/\/secure.gravatar.com\/avatar\/3ea2118a5f7dad2b7138b1187a6b7ee55f160b9968b66013c3a3ef39dd7e5798?s=96&d=mm&r=g","url":"https:\/\/secure.gravatar.com\/avatar\/3ea2118a5f7dad2b7138b1187a6b7ee55f160b9968b66013c3a3ef39dd7e5798?s=96&d=mm&r=g","contentUrl":"https:\/\/secure.gravatar.com\/avatar\/3ea2118a5f7dad2b7138b1187a6b7ee55f160b9968b66013c3a3ef39dd7e5798?s=96&d=mm&r=g","caption":"Jeanette"},"sameAs":["https:\/\/www.eldiario.net\/portal"],"url":"https:\/\/www.eldiario.net\/portal\/author\/jeanette\/"}]}},"_links":{"self":[{"href":"https:\/\/www.eldiario.net\/portal\/wp-json\/wp\/v2\/posts\/324447","targetHints":{"allow":["GET"]}}],"collection":[{"href":"https:\/\/www.eldiario.net\/portal\/wp-json\/wp\/v2\/posts"}],"about":[{"href":"https:\/\/www.eldiario.net\/portal\/wp-json\/wp\/v2\/types\/post"}],"author":[{"embeddable":true,"href":"https:\/\/www.eldiario.net\/portal\/wp-json\/wp\/v2\/users\/1"}],"replies":[{"embeddable":true,"href":"https:\/\/www.eldiario.net\/portal\/wp-json\/wp\/v2\/comments?post=324447"}],"version-history":[{"count":1,"href":"https:\/\/www.eldiario.net\/portal\/wp-json\/wp\/v2\/posts\/324447\/revisions"}],"predecessor-version":[{"id":324448,"href":"https:\/\/www.eldiario.net\/portal\/wp-json\/wp\/v2\/posts\/324447\/revisions\/324448"}],"wp:featuredmedia":[{"embeddable":true,"href":"https:\/\/www.eldiario.net\/portal\/wp-json\/wp\/v2\/media\/159359"}],"wp:attachment":[{"href":"https:\/\/www.eldiario.net\/portal\/wp-json\/wp\/v2\/media?parent=324447"}],"wp:term":[{"taxonomy":"category","embeddable":true,"href":"https:\/\/www.eldiario.net\/portal\/wp-json\/wp\/v2\/categories?post=324447"},{"taxonomy":"post_tag","embeddable":true,"href":"https:\/\/www.eldiario.net\/portal\/wp-json\/wp\/v2\/tags?post=324447"}],"curies":[{"name":"wp","href":"https:\/\/api.w.org\/{rel}","templated":true}]}}