{"id":324437,"date":"2025-08-16T06:12:23","date_gmt":"2025-08-16T10:12:23","guid":{"rendered":"https:\/\/www.eldiario.net\/portal\/?p=324437"},"modified":"2025-08-16T06:12:23","modified_gmt":"2025-08-16T10:12:23","slug":"piden-seguridad-juridica-para-desarrollo-agropecuario-juvenil","status":"publish","type":"post","link":"https:\/\/www.eldiario.net\/portal\/2025\/08\/16\/piden-seguridad-juridica-para-desarrollo-agropecuario-juvenil\/","title":{"rendered":"Piden seguridad jur\u00eddica para  desarrollo agropecuario juvenil"},"content":{"rendered":"<p>Los avasallamientos a predios en Santa Cruz y en otras regiones del pa\u00eds a zonas productivas, pone en la mesa si hay seguridad jur\u00eddica para el desarrollo agropecuario juvenil. En el altiplano la situaci\u00f3n es diferente, ya que las comunidades frenan el avance de la producci\u00f3n agr\u00edcola masivamente. Para el t\u00e9cnico Regional Altiplano de la Fundaci\u00f3n Tierra, Jos\u00e9 Mois\u00e9s Sarzuri, hay todav\u00eda tensiones que no garantizan el acceso a la tierra.<br \/>\nEntretanto, algunos l\u00edderes pol\u00edticos, que participan en las elecciones de este a\u00f1o, anunciaron que otorgar\u00e1n t\u00edtulos de propiedad para que puedan desarrollar sus emprendimientos en el \u00e1rea rural.<br \/>\n\u201cLa propiedad privada debe tener libertad plena, donde todo lo que se haga tenga la iniciativa de emprendimiento y la libertad de ejercer la propiedad sobre lo que tienes\u201d, anunci\u00f3 uno de los candidatos.<br \/>\n\u201cA pesar de los avances institucionales derivados de la Reforma Agraria de 1953 y la titulaci\u00f3n de tierras impulsada por el Instituto Nacional de Reforma Agraria (INRA) en los \u00faltimos 25 a\u00f1os, persisten profundas tensiones en torno al acceso seguro a la tierra, especialmente para los j\u00f3venes en zonas rurales del altiplano boliviano. Si bien se han otorgado t\u00edtulos de propiedad individual y de copropiedad, dichos instrumentos legales no garantizan la seguridad real de la tenencia, particularmente cuando las din\u00e1micas familiares, comunitarias y de poder entran en juego\u201d, sostiene Sarzuri, en su art\u00edculo de opini\u00f3n titulado \u201cSeguridad de tenencia de la tierra y desarrollo agropecuario juvenil en el altiplano boliviano\u201d.<br \/>\nEl experto en temas de tierra, Luis Antezana, indic\u00f3 que es necesario hacer cambios en el occidente para el desarrollo agropecuario y agroindustrial.<br \/>\nComo se recordar\u00e1, en el \u00e1rea rural existen las tierras comunitarias y los habitantes del lugar son amenazados con quitar su tierra, sino apoyan a un l\u00edder, partido o votan por el que las autoridades originarias seleccionan, adem\u00e1s de que est\u00e1n obligados a ser autoridades, as\u00ed como a pasar fiestas patronales.<\/p>\n<p>Desaf\u00edos<br \/>\nSarzuri explic\u00f3 que uno de los principales desaf\u00edos que enfrentan los j\u00f3venes agricultores y ganaderos es la vulnerabilidad de sus inversiones productivas. \u201cMuchos j\u00f3venes invierten en mejoramiento de suelos, siembra de pastos mejorados, crianza de ganado (ovino, cam\u00e9lido, bovino) y otras innovaciones agropecuarias, con el objetivo de aumentar la productividad y sostenibilidad de las unidades productivas. Sin embargo, estos esfuerzos suelen verse afectados cuando copropietarios, t\u00edos u otros familiares cercanos que comparten el derecho propietario de la tierra, bloquean o se apropian de los beneficios generados por dichas inversiones\u201d.<br \/>\nAdem\u00e1s, se observan tensiones internas en las familias, especialmente entre hermanos, respecto al uso y control de las tierras heredadas. En muchos casos, el joven que asume la responsabilidad directa del cuidado del ganado o del manejo productivo no recibe reconocimiento ni compensaci\u00f3n justa, lo que genera des\u00e1nimo, conflictos y, en \u00faltima instancia, desincentivos para continuar en el medio rural, detall\u00f3 el especialista.<\/p>\n<p>Migraci\u00f3n<br \/>\nEn los \u00faltimos a\u00f1os, a pesar de que el gobierno del Movimiento al Socialismo (MAS) financi\u00f3 proyectos en el \u00e1rea rural para la producci\u00f3n de alimentos, as\u00ed como ganado bovino y cam\u00e9lido, la migraci\u00f3n a las ciudades aument\u00f3 considerablemente.<br \/>\nCrecieron los centros urbanos en desmedro del campo y esto provoc\u00f3 tambi\u00e9n reducci\u00f3n de la oferta de productos agr\u00edcolas en mercados de las ciudades.<\/p>\n<p>Cargos<br \/>\nCuando un joven o una familia joven accede a beneficios de proyectos de desarrollo (agricultura, ganader\u00eda, infraestructura), la comunidad suele exigir que asuman cargos de responsabilidad, como autoridad comunal, Mallku o miembros de la junta escolar u otros cargos comunales. Esta carga social, aunque importante, no va acompa\u00f1ada de garant\u00edas legales sobre el acceso o control de la tierra, lo que deja al joven en una posici\u00f3n de mayor exposici\u00f3n sin protecci\u00f3n real, sostuvo el t\u00e9cnico de la Fundaci\u00f3n Tierra.<br \/>\n\u201cLo m\u00e1s preocupante es que, ante la falta de seguridad jur\u00eddica y el riesgo de ser desplazado de las tierras que supuestamente son \u2018de toda la familia\u2019, a pesar de sus inversiones, muchos j\u00f3venes optan por abandonar el altiplano. Este fen\u00f3meno contribuye al despoblamiento rural, es decir, la migraci\u00f3n hacia las ciudades, a la Amazon\u00eda o en casos extremos, al exterior. Aunque la crisis clim\u00e1tica y las condiciones medioambientales adversas de la regi\u00f3n del altiplano influyen, la inseguridad de la tenencia de la tierra emerge como un factor estructural clave en la decisi\u00f3n de migrar de la poblaci\u00f3n joven\u201d, resalt\u00f3.<br \/>\nMientras las propuestas sobre la titulaci\u00f3n pasan por la colectiva comunitaria, tambi\u00e9n plantean que sea individual, en especial en el occidente del pa\u00eds, para el desarrollo de industrias y agroindustria.<br \/>\nEn ese marco, Sarzuri propone que se debe garantizar el acceso seguro a la tierra. \u201cEsto implica no solo un respaldo verbal sino tambi\u00e9n escrito por las autoridades originarias de las comunidades. Esto debe ser reforzado desde la educaci\u00f3n sobre sus derechos y la promoci\u00f3n de la mediaci\u00f3n en conflictos familiares\u201d.<br \/>\nAsimismo, sugiere crear incentivos econ\u00f3micos que fomenten la inversi\u00f3n en la agricultura y la ganader\u00eda. \u201cLos j\u00f3venes deben sentir que sus esfuerzos ser\u00e1n recompensados y que pueden construir un futuro pr\u00f3spero en sus comunidades\u201d, indic\u00f3 y complementa que se debe promover la innovaci\u00f3n tecnol\u00f3gica agr\u00edcola, capacitando a los j\u00f3venes en t\u00e9cnicas modernas y sostenibles que puede ser la clave para revitalizar el altiplano y asegurar su futuro.<\/p>\n","protected":false},"excerpt":{"rendered":"<p>Los avasallamientos a predios en Santa Cruz y en otras regiones del pa\u00eds a zonas productivas, pone en la mesa si hay seguridad jur\u00eddica para el desarrollo agropecuario juvenil. En el altiplano la situaci\u00f3n es diferente, ya que las comunidades frenan el avance de la producci\u00f3n agr\u00edcola masivamente. Para el t\u00e9cnico Regional Altiplano de la [&hellip;]<\/p>\n","protected":false},"author":1,"featured_media":324438,"comment_status":"closed","ping_status":"open","sticky":false,"template":"","format":"standard","meta":{"_acf_changed":false,"footnotes":""},"categories":[7],"tags":[],"class_list":["post-324437","post","type-post","status-publish","format-standard","has-post-thumbnail","category-economia"],"acf":{"antetitulo":""},"yoast_head":"<!-- This site is optimized with the Yoast SEO plugin v28.4 - https:\/\/yoast.com\/product\/yoast-seo-wordpress\/ -->\n<title>Piden seguridad jur\u00eddica para desarrollo agropecuario juvenil - El Diario - Bolivia<\/title>\n<meta name=\"robots\" content=\"index, follow, max-snippet:-1, max-image-preview:large, max-video-preview:-1\" \/>\n<link rel=\"canonical\" href=\"https:\/\/www.eldiario.net\/portal\/2025\/08\/16\/piden-seguridad-juridica-para-desarrollo-agropecuario-juvenil\/\" \/>\n<meta property=\"og:locale\" content=\"es_ES\" \/>\n<meta property=\"og:type\" content=\"article\" \/>\n<meta property=\"og:title\" content=\"Piden seguridad jur\u00eddica para desarrollo agropecuario juvenil - El Diario - Bolivia\" \/>\n<meta property=\"og:description\" content=\"Los avasallamientos a predios en Santa Cruz y en otras regiones del pa\u00eds a zonas productivas, pone en la mesa si hay seguridad jur\u00eddica para el desarrollo agropecuario juvenil. En el altiplano la situaci\u00f3n es diferente, ya que las comunidades frenan el avance de la producci\u00f3n agr\u00edcola masivamente. Para el t\u00e9cnico Regional Altiplano de la [&hellip;]\" \/>\n<meta property=\"og:url\" content=\"https:\/\/www.eldiario.net\/portal\/2025\/08\/16\/piden-seguridad-juridica-para-desarrollo-agropecuario-juvenil\/\" \/>\n<meta property=\"og:site_name\" content=\"El Diario - Bolivia\" \/>\n<meta property=\"article:publisher\" content=\"https:\/\/www.facebook.com\/eldiario.bolivia\/\" \/>\n<meta property=\"article:published_time\" content=\"2025-08-16T10:12:23+00:00\" \/>\n<meta property=\"og:image\" content=\"https:\/\/www.eldiario.net\/portal\/wp-content\/uploads\/2025\/08\/plan.webp\" \/>\n\t<meta property=\"og:image:width\" content=\"275\" \/>\n\t<meta property=\"og:image:height\" content=\"183\" \/>\n\t<meta property=\"og:image:type\" content=\"image\/webp\" \/>\n<meta name=\"author\" content=\"Jeanette\" \/>\n<meta name=\"twitter:card\" content=\"summary_large_image\" \/>\n<meta name=\"twitter:creator\" content=\"@eldiario_net\" \/>\n<meta name=\"twitter:site\" content=\"@eldiario_net\" \/>\n<meta name=\"twitter:label1\" content=\"Escrito por\" \/>\n\t<meta name=\"twitter:data1\" content=\"Jeanette\" \/>\n\t<meta name=\"twitter:label2\" content=\"Tiempo de lectura\" \/>\n\t<meta name=\"twitter:data2\" content=\"5 minutos\" \/>\n<script type=\"application\/ld+json\" class=\"yoast-schema-graph\">{\"@context\":\"https:\\\/\\\/schema.org\",\"@graph\":[{\"@type\":\"Article\",\"@id\":\"https:\\\/\\\/www.eldiario.net\\\/portal\\\/2025\\\/08\\\/16\\\/piden-seguridad-juridica-para-desarrollo-agropecuario-juvenil\\\/#article\",\"isPartOf\":{\"@id\":\"https:\\\/\\\/www.eldiario.net\\\/portal\\\/2025\\\/08\\\/16\\\/piden-seguridad-juridica-para-desarrollo-agropecuario-juvenil\\\/\"},\"author\":{\"name\":\"Jeanette\",\"@id\":\"https:\\\/\\\/www.eldiario.net\\\/portal\\\/#\\\/schema\\\/person\\\/f46445640444750d7d753ccd04ae01b7\"},\"headline\":\"Piden seguridad jur\u00eddica para desarrollo agropecuario juvenil\",\"datePublished\":\"2025-08-16T10:12:23+00:00\",\"mainEntityOfPage\":{\"@id\":\"https:\\\/\\\/www.eldiario.net\\\/portal\\\/2025\\\/08\\\/16\\\/piden-seguridad-juridica-para-desarrollo-agropecuario-juvenil\\\/\"},\"wordCount\":946,\"publisher\":{\"@id\":\"https:\\\/\\\/www.eldiario.net\\\/portal\\\/#organization\"},\"image\":{\"@id\":\"https:\\\/\\\/www.eldiario.net\\\/portal\\\/2025\\\/08\\\/16\\\/piden-seguridad-juridica-para-desarrollo-agropecuario-juvenil\\\/#primaryimage\"},\"thumbnailUrl\":\"https:\\\/\\\/www.eldiario.net\\\/portal\\\/wp-content\\\/uploads\\\/2025\\\/08\\\/plan.webp\",\"articleSection\":[\"Econom\u00eda\"],\"inLanguage\":\"es\"},{\"@type\":\"WebPage\",\"@id\":\"https:\\\/\\\/www.eldiario.net\\\/portal\\\/2025\\\/08\\\/16\\\/piden-seguridad-juridica-para-desarrollo-agropecuario-juvenil\\\/\",\"url\":\"https:\\\/\\\/www.eldiario.net\\\/portal\\\/2025\\\/08\\\/16\\\/piden-seguridad-juridica-para-desarrollo-agropecuario-juvenil\\\/\",\"name\":\"Piden seguridad jur\u00eddica para desarrollo agropecuario juvenil - El Diario - Bolivia\",\"isPartOf\":{\"@id\":\"https:\\\/\\\/www.eldiario.net\\\/portal\\\/#website\"},\"primaryImageOfPage\":{\"@id\":\"https:\\\/\\\/www.eldiario.net\\\/portal\\\/2025\\\/08\\\/16\\\/piden-seguridad-juridica-para-desarrollo-agropecuario-juvenil\\\/#primaryimage\"},\"image\":{\"@id\":\"https:\\\/\\\/www.eldiario.net\\\/portal\\\/2025\\\/08\\\/16\\\/piden-seguridad-juridica-para-desarrollo-agropecuario-juvenil\\\/#primaryimage\"},\"thumbnailUrl\":\"https:\\\/\\\/www.eldiario.net\\\/portal\\\/wp-content\\\/uploads\\\/2025\\\/08\\\/plan.webp\",\"datePublished\":\"2025-08-16T10:12:23+00:00\",\"breadcrumb\":{\"@id\":\"https:\\\/\\\/www.eldiario.net\\\/portal\\\/2025\\\/08\\\/16\\\/piden-seguridad-juridica-para-desarrollo-agropecuario-juvenil\\\/#breadcrumb\"},\"inLanguage\":\"es\",\"potentialAction\":[{\"@type\":\"ReadAction\",\"target\":[\"https:\\\/\\\/www.eldiario.net\\\/portal\\\/2025\\\/08\\\/16\\\/piden-seguridad-juridica-para-desarrollo-agropecuario-juvenil\\\/\"]}]},{\"@type\":\"ImageObject\",\"inLanguage\":\"es\",\"@id\":\"https:\\\/\\\/www.eldiario.net\\\/portal\\\/2025\\\/08\\\/16\\\/piden-seguridad-juridica-para-desarrollo-agropecuario-juvenil\\\/#primaryimage\",\"url\":\"https:\\\/\\\/www.eldiario.net\\\/portal\\\/wp-content\\\/uploads\\\/2025\\\/08\\\/plan.webp\",\"contentUrl\":\"https:\\\/\\\/www.eldiario.net\\\/portal\\\/wp-content\\\/uploads\\\/2025\\\/08\\\/plan.webp\",\"width\":275,\"height\":183},{\"@type\":\"BreadcrumbList\",\"@id\":\"https:\\\/\\\/www.eldiario.net\\\/portal\\\/2025\\\/08\\\/16\\\/piden-seguridad-juridica-para-desarrollo-agropecuario-juvenil\\\/#breadcrumb\",\"itemListElement\":[{\"@type\":\"ListItem\",\"position\":1,\"name\":\"Portada\",\"item\":\"https:\\\/\\\/www.eldiario.net\\\/portal\\\/\"},{\"@type\":\"ListItem\",\"position\":2,\"name\":\"Piden seguridad jur\u00eddica para desarrollo agropecuario juvenil\"}]},{\"@type\":\"WebSite\",\"@id\":\"https:\\\/\\\/www.eldiario.net\\\/portal\\\/#website\",\"url\":\"https:\\\/\\\/www.eldiario.net\\\/portal\\\/\",\"name\":\"El Diario - Decano de la prensa nacional\",\"description\":\"El Diario - Decano de la prensa nacional\",\"publisher\":{\"@id\":\"https:\\\/\\\/www.eldiario.net\\\/portal\\\/#organization\"},\"potentialAction\":[{\"@type\":\"SearchAction\",\"target\":{\"@type\":\"EntryPoint\",\"urlTemplate\":\"https:\\\/\\\/www.eldiario.net\\\/portal\\\/?s={search_term_string}\"},\"query-input\":{\"@type\":\"PropertyValueSpecification\",\"valueRequired\":true,\"valueName\":\"search_term_string\"}}],\"inLanguage\":\"es\"},{\"@type\":\"Organization\",\"@id\":\"https:\\\/\\\/www.eldiario.net\\\/portal\\\/#organization\",\"name\":\"El Diario - Decano de la prensa nacional\",\"url\":\"https:\\\/\\\/www.eldiario.net\\\/portal\\\/\",\"logo\":{\"@type\":\"ImageObject\",\"inLanguage\":\"es\",\"@id\":\"https:\\\/\\\/www.eldiario.net\\\/portal\\\/#\\\/schema\\\/logo\\\/image\\\/\",\"url\":\"https:\\\/\\\/www.eldiario.net\\\/portal\\\/wp-content\\\/uploads\\\/2023\\\/07\\\/logo_ED.jpg\",\"contentUrl\":\"https:\\\/\\\/www.eldiario.net\\\/portal\\\/wp-content\\\/uploads\\\/2023\\\/07\\\/logo_ED.jpg\",\"width\":272,\"height\":52,\"caption\":\"El Diario - Decano de la prensa nacional\"},\"image\":{\"@id\":\"https:\\\/\\\/www.eldiario.net\\\/portal\\\/#\\\/schema\\\/logo\\\/image\\\/\"},\"sameAs\":[\"https:\\\/\\\/www.facebook.com\\\/eldiario.bolivia\\\/\",\"https:\\\/\\\/x.com\\\/eldiario_net\"]},{\"@type\":\"Person\",\"@id\":\"https:\\\/\\\/www.eldiario.net\\\/portal\\\/#\\\/schema\\\/person\\\/f46445640444750d7d753ccd04ae01b7\",\"name\":\"Jeanette\",\"image\":{\"@type\":\"ImageObject\",\"inLanguage\":\"es\",\"@id\":\"https:\\\/\\\/secure.gravatar.com\\\/avatar\\\/3ea2118a5f7dad2b7138b1187a6b7ee55f160b9968b66013c3a3ef39dd7e5798?s=96&d=mm&r=g\",\"url\":\"https:\\\/\\\/secure.gravatar.com\\\/avatar\\\/3ea2118a5f7dad2b7138b1187a6b7ee55f160b9968b66013c3a3ef39dd7e5798?s=96&d=mm&r=g\",\"contentUrl\":\"https:\\\/\\\/secure.gravatar.com\\\/avatar\\\/3ea2118a5f7dad2b7138b1187a6b7ee55f160b9968b66013c3a3ef39dd7e5798?s=96&d=mm&r=g\",\"caption\":\"Jeanette\"},\"sameAs\":[\"https:\\\/\\\/www.eldiario.net\\\/portal\"],\"url\":\"https:\\\/\\\/www.eldiario.net\\\/portal\\\/author\\\/jeanette\\\/\"}]}<\/script>\n<!-- \/ Yoast SEO plugin. -->","yoast_head_json":{"title":"Piden seguridad jur\u00eddica para desarrollo agropecuario juvenil - El Diario - Bolivia","robots":{"index":"index","follow":"follow","max-snippet":"max-snippet:-1","max-image-preview":"max-image-preview:large","max-video-preview":"max-video-preview:-1"},"canonical":"https:\/\/www.eldiario.net\/portal\/2025\/08\/16\/piden-seguridad-juridica-para-desarrollo-agropecuario-juvenil\/","og_locale":"es_ES","og_type":"article","og_title":"Piden seguridad jur\u00eddica para desarrollo agropecuario juvenil - El Diario - Bolivia","og_description":"Los avasallamientos a predios en Santa Cruz y en otras regiones del pa\u00eds a zonas productivas, pone en la mesa si hay seguridad jur\u00eddica para el desarrollo agropecuario juvenil. En el altiplano la situaci\u00f3n es diferente, ya que las comunidades frenan el avance de la producci\u00f3n agr\u00edcola masivamente. Para el t\u00e9cnico Regional Altiplano de la [&hellip;]","og_url":"https:\/\/www.eldiario.net\/portal\/2025\/08\/16\/piden-seguridad-juridica-para-desarrollo-agropecuario-juvenil\/","og_site_name":"El Diario - Bolivia","article_publisher":"https:\/\/www.facebook.com\/eldiario.bolivia\/","article_published_time":"2025-08-16T10:12:23+00:00","og_image":[{"width":275,"height":183,"url":"https:\/\/www.eldiario.net\/portal\/wp-content\/uploads\/2025\/08\/plan.webp","type":"image\/webp"}],"author":"Jeanette","twitter_card":"summary_large_image","twitter_creator":"@eldiario_net","twitter_site":"@eldiario_net","twitter_misc":{"Escrito por":"Jeanette","Tiempo de lectura":"5 minutos"},"schema":{"@context":"https:\/\/schema.org","@graph":[{"@type":"Article","@id":"https:\/\/www.eldiario.net\/portal\/2025\/08\/16\/piden-seguridad-juridica-para-desarrollo-agropecuario-juvenil\/#article","isPartOf":{"@id":"https:\/\/www.eldiario.net\/portal\/2025\/08\/16\/piden-seguridad-juridica-para-desarrollo-agropecuario-juvenil\/"},"author":{"name":"Jeanette","@id":"https:\/\/www.eldiario.net\/portal\/#\/schema\/person\/f46445640444750d7d753ccd04ae01b7"},"headline":"Piden seguridad jur\u00eddica para desarrollo agropecuario juvenil","datePublished":"2025-08-16T10:12:23+00:00","mainEntityOfPage":{"@id":"https:\/\/www.eldiario.net\/portal\/2025\/08\/16\/piden-seguridad-juridica-para-desarrollo-agropecuario-juvenil\/"},"wordCount":946,"publisher":{"@id":"https:\/\/www.eldiario.net\/portal\/#organization"},"image":{"@id":"https:\/\/www.eldiario.net\/portal\/2025\/08\/16\/piden-seguridad-juridica-para-desarrollo-agropecuario-juvenil\/#primaryimage"},"thumbnailUrl":"https:\/\/www.eldiario.net\/portal\/wp-content\/uploads\/2025\/08\/plan.webp","articleSection":["Econom\u00eda"],"inLanguage":"es"},{"@type":"WebPage","@id":"https:\/\/www.eldiario.net\/portal\/2025\/08\/16\/piden-seguridad-juridica-para-desarrollo-agropecuario-juvenil\/","url":"https:\/\/www.eldiario.net\/portal\/2025\/08\/16\/piden-seguridad-juridica-para-desarrollo-agropecuario-juvenil\/","name":"Piden seguridad jur\u00eddica para desarrollo agropecuario juvenil - El Diario - Bolivia","isPartOf":{"@id":"https:\/\/www.eldiario.net\/portal\/#website"},"primaryImageOfPage":{"@id":"https:\/\/www.eldiario.net\/portal\/2025\/08\/16\/piden-seguridad-juridica-para-desarrollo-agropecuario-juvenil\/#primaryimage"},"image":{"@id":"https:\/\/www.eldiario.net\/portal\/2025\/08\/16\/piden-seguridad-juridica-para-desarrollo-agropecuario-juvenil\/#primaryimage"},"thumbnailUrl":"https:\/\/www.eldiario.net\/portal\/wp-content\/uploads\/2025\/08\/plan.webp","datePublished":"2025-08-16T10:12:23+00:00","breadcrumb":{"@id":"https:\/\/www.eldiario.net\/portal\/2025\/08\/16\/piden-seguridad-juridica-para-desarrollo-agropecuario-juvenil\/#breadcrumb"},"inLanguage":"es","potentialAction":[{"@type":"ReadAction","target":["https:\/\/www.eldiario.net\/portal\/2025\/08\/16\/piden-seguridad-juridica-para-desarrollo-agropecuario-juvenil\/"]}]},{"@type":"ImageObject","inLanguage":"es","@id":"https:\/\/www.eldiario.net\/portal\/2025\/08\/16\/piden-seguridad-juridica-para-desarrollo-agropecuario-juvenil\/#primaryimage","url":"https:\/\/www.eldiario.net\/portal\/wp-content\/uploads\/2025\/08\/plan.webp","contentUrl":"https:\/\/www.eldiario.net\/portal\/wp-content\/uploads\/2025\/08\/plan.webp","width":275,"height":183},{"@type":"BreadcrumbList","@id":"https:\/\/www.eldiario.net\/portal\/2025\/08\/16\/piden-seguridad-juridica-para-desarrollo-agropecuario-juvenil\/#breadcrumb","itemListElement":[{"@type":"ListItem","position":1,"name":"Portada","item":"https:\/\/www.eldiario.net\/portal\/"},{"@type":"ListItem","position":2,"name":"Piden seguridad jur\u00eddica para desarrollo agropecuario juvenil"}]},{"@type":"WebSite","@id":"https:\/\/www.eldiario.net\/portal\/#website","url":"https:\/\/www.eldiario.net\/portal\/","name":"El Diario - Decano de la prensa nacional","description":"El Diario - Decano de la prensa nacional","publisher":{"@id":"https:\/\/www.eldiario.net\/portal\/#organization"},"potentialAction":[{"@type":"SearchAction","target":{"@type":"EntryPoint","urlTemplate":"https:\/\/www.eldiario.net\/portal\/?s={search_term_string}"},"query-input":{"@type":"PropertyValueSpecification","valueRequired":true,"valueName":"search_term_string"}}],"inLanguage":"es"},{"@type":"Organization","@id":"https:\/\/www.eldiario.net\/portal\/#organization","name":"El Diario - Decano de la prensa nacional","url":"https:\/\/www.eldiario.net\/portal\/","logo":{"@type":"ImageObject","inLanguage":"es","@id":"https:\/\/www.eldiario.net\/portal\/#\/schema\/logo\/image\/","url":"https:\/\/www.eldiario.net\/portal\/wp-content\/uploads\/2023\/07\/logo_ED.jpg","contentUrl":"https:\/\/www.eldiario.net\/portal\/wp-content\/uploads\/2023\/07\/logo_ED.jpg","width":272,"height":52,"caption":"El Diario - Decano de la prensa nacional"},"image":{"@id":"https:\/\/www.eldiario.net\/portal\/#\/schema\/logo\/image\/"},"sameAs":["https:\/\/www.facebook.com\/eldiario.bolivia\/","https:\/\/x.com\/eldiario_net"]},{"@type":"Person","@id":"https:\/\/www.eldiario.net\/portal\/#\/schema\/person\/f46445640444750d7d753ccd04ae01b7","name":"Jeanette","image":{"@type":"ImageObject","inLanguage":"es","@id":"https:\/\/secure.gravatar.com\/avatar\/3ea2118a5f7dad2b7138b1187a6b7ee55f160b9968b66013c3a3ef39dd7e5798?s=96&d=mm&r=g","url":"https:\/\/secure.gravatar.com\/avatar\/3ea2118a5f7dad2b7138b1187a6b7ee55f160b9968b66013c3a3ef39dd7e5798?s=96&d=mm&r=g","contentUrl":"https:\/\/secure.gravatar.com\/avatar\/3ea2118a5f7dad2b7138b1187a6b7ee55f160b9968b66013c3a3ef39dd7e5798?s=96&d=mm&r=g","caption":"Jeanette"},"sameAs":["https:\/\/www.eldiario.net\/portal"],"url":"https:\/\/www.eldiario.net\/portal\/author\/jeanette\/"}]}},"_links":{"self":[{"href":"https:\/\/www.eldiario.net\/portal\/wp-json\/wp\/v2\/posts\/324437","targetHints":{"allow":["GET"]}}],"collection":[{"href":"https:\/\/www.eldiario.net\/portal\/wp-json\/wp\/v2\/posts"}],"about":[{"href":"https:\/\/www.eldiario.net\/portal\/wp-json\/wp\/v2\/types\/post"}],"author":[{"embeddable":true,"href":"https:\/\/www.eldiario.net\/portal\/wp-json\/wp\/v2\/users\/1"}],"replies":[{"embeddable":true,"href":"https:\/\/www.eldiario.net\/portal\/wp-json\/wp\/v2\/comments?post=324437"}],"version-history":[{"count":1,"href":"https:\/\/www.eldiario.net\/portal\/wp-json\/wp\/v2\/posts\/324437\/revisions"}],"predecessor-version":[{"id":324439,"href":"https:\/\/www.eldiario.net\/portal\/wp-json\/wp\/v2\/posts\/324437\/revisions\/324439"}],"wp:featuredmedia":[{"embeddable":true,"href":"https:\/\/www.eldiario.net\/portal\/wp-json\/wp\/v2\/media\/324438"}],"wp:attachment":[{"href":"https:\/\/www.eldiario.net\/portal\/wp-json\/wp\/v2\/media?parent=324437"}],"wp:term":[{"taxonomy":"category","embeddable":true,"href":"https:\/\/www.eldiario.net\/portal\/wp-json\/wp\/v2\/categories?post=324437"},{"taxonomy":"post_tag","embeddable":true,"href":"https:\/\/www.eldiario.net\/portal\/wp-json\/wp\/v2\/tags?post=324437"}],"curies":[{"name":"wp","href":"https:\/\/api.w.org\/{rel}","templated":true}]}}