{"id":324434,"date":"2025-08-16T06:11:30","date_gmt":"2025-08-16T10:11:30","guid":{"rendered":"https:\/\/www.eldiario.net\/portal\/?p=324434"},"modified":"2025-08-16T06:11:30","modified_gmt":"2025-08-16T10:11:30","slug":"anapo-inicia-un-ciclo-renovado-con-abraham-nogales-como-presidente","status":"publish","type":"post","link":"https:\/\/www.eldiario.net\/portal\/2025\/08\/16\/anapo-inicia-un-ciclo-renovado-con-abraham-nogales-como-presidente\/","title":{"rendered":"Anapo inicia un ciclo renovado con Abraham Nogales como presidente"},"content":{"rendered":"<p>Con un llamado a la unidad, a la defensa de la producci\u00f3n nacional y a la construcci\u00f3n de un pacto productivo por la soberan\u00eda alimentaria, Abraham Nogales Antelo asumi\u00f3 la presidencia de la Asociaci\u00f3n de Productores de Oleaginosas y Trigo (Anapo) para la gesti\u00f3n 2025-2026, cuyo acto de posesi\u00f3n se realiz\u00f3 el jueves pasado.<br \/>\nEn su discurso, Nogales plante\u00f3 una agenda clara para fortalecer el agro boliviano y garantizar la soberan\u00eda alimentaria, basada en cuatro ejes: seguridad jur\u00eddica para las tierras productivas, libre exportaci\u00f3n, acceso a biotecnolog\u00eda y provisi\u00f3n oportuna de di\u00e9sel.<br \/>\n\u201cSolicitamos condiciones b\u00e1sicas para trabajar; reglas claras y libertad para producir. Bolivia necesita abrirse a un di\u00e1logo sincero y constructivo, priorizando lo verdaderamente urgente: un pacto productivo que incluya seguridad jur\u00eddica para las tierras productivas, libre exportaci\u00f3n, acceso a biotecnolog\u00eda y provisi\u00f3n oportuna de di\u00e9sel\u201d, indic\u00f3.<br \/>\nEl nuevo presidente de Anapo subray\u00f3 que su gesti\u00f3n representar\u00e1 a peque\u00f1os, medianos y grandes productores, velando por la sostenibilidad del sector y la competitividad del agro boliviano.<br \/>\n\u201cAnapo es el coraz\u00f3n productivo de Bolivia y, como tal, debemos latir con fuerza, con unidad y con estrategia. Cada hect\u00e1rea sembrada y cada familia que vive del agro merece respeto, respaldo y resultados\u201d, puntualiz\u00f3.<br \/>\nNogales, empresario agropecuario con m\u00e1s de 20 a\u00f1os de experiencia en ganader\u00eda de ciclo completo y producci\u00f3n agr\u00edcola, ha sido director de Anapo en diversas gestiones y vicepresidente de Fegabeni (2009-2011). Su trayectoria combina liderazgo gremial, visi\u00f3n empresarial y compromiso con la sostenibilidad.<br \/>\nEl acto de posesi\u00f3n cont\u00f3 con autoridades, dirigentes gremiales, aliados estrat\u00e9gicos del agro y productores de todo el pa\u00eds. Durante la ceremonia, se entreg\u00f3 el reconocimiento \u201cGrano de Oro\u201d a Genaro Carre\u00f1o por su trayectoria y aporte al sector.<br \/>\nEl presidente saliente, Fernando Romero, destac\u00f3 los avances logrados en los \u00faltimos tres a\u00f1os en seguridad jur\u00eddica, biotecnolog\u00eda y sostenibilidad, y expres\u00f3 su respaldo a la nueva gesti\u00f3n.<br \/>\n\u201cLa total confianza, estimado Abraham, de que, junto a tu familia y tu directorio, continuar\u00e1s este camino con determinaci\u00f3n, ampliando las puertas que ya hemos abierto. Anapo est\u00e1 m\u00e1s fuerte, m\u00e1s unida y m\u00e1s preparada que nunca para enfrentar el futuro\u201d, concluy\u00f3 Romero.<br \/>\nEl nuevo directorio que acompa\u00f1ar\u00e1 a Nogales combina experiencia, representatividad y diversidad regional, e incluye a Gary Farell Paniagua como vicepresidente; Ad\u00e1n M\u00e9rida C\u00e1ceres, como secretario; y Shomara Ichazo Ramos, como tesorera. Adem\u00e1s, forman parte de la directiva los productores: Epifanio Zurita Encinas, Marcelo Traverso Viscarra, Walter Pucho Guzm\u00e1n, Yasuo Matsuzaki Barba, Yuken Nakamura Inamine, Joel Eyzaguirre C\u00e1rdenas, Juan Pablo Espinoza Paniagua, Hugo Flores Porco, Juan Yucra Cayo, Fidel Flores Ar\u00edzaga, Filipe de Araujo Barbieri, Eduardo Bedoya Corujo y Luis Alejandro Rea Queirolo. Este equipo refleja la pluralidad de perfiles y la capacidad t\u00e9cnica necesaria para enfrentar los retos productivos de los pr\u00f3ximos dos a\u00f1os.<\/p>\n","protected":false},"excerpt":{"rendered":"<p>Con un llamado a la unidad, a la defensa de la producci\u00f3n nacional y a la construcci\u00f3n de un pacto productivo por la soberan\u00eda alimentaria, Abraham Nogales Antelo asumi\u00f3 la presidencia de la Asociaci\u00f3n de Productores de Oleaginosas y Trigo (Anapo) para la gesti\u00f3n 2025-2026, cuyo acto de posesi\u00f3n se realiz\u00f3 el jueves pasado. En [&hellip;]<\/p>\n","protected":false},"author":1,"featured_media":324435,"comment_status":"closed","ping_status":"open","sticky":false,"template":"","format":"standard","meta":{"_acf_changed":false,"footnotes":""},"categories":[7],"tags":[],"class_list":["post-324434","post","type-post","status-publish","format-standard","has-post-thumbnail","category-economia"],"acf":{"antetitulo":""},"yoast_head":"<!-- This site is optimized with the Yoast SEO plugin v28.4 - https:\/\/yoast.com\/product\/yoast-seo-wordpress\/ -->\n<title>Anapo inicia un ciclo renovado con Abraham Nogales como presidente - El Diario - Bolivia<\/title>\n<meta name=\"robots\" content=\"index, follow, max-snippet:-1, max-image-preview:large, max-video-preview:-1\" \/>\n<link rel=\"canonical\" href=\"https:\/\/www.eldiario.net\/portal\/2025\/08\/16\/anapo-inicia-un-ciclo-renovado-con-abraham-nogales-como-presidente\/\" \/>\n<meta property=\"og:locale\" content=\"es_ES\" \/>\n<meta property=\"og:type\" content=\"article\" \/>\n<meta property=\"og:title\" content=\"Anapo inicia un ciclo renovado con Abraham Nogales como presidente - El Diario - Bolivia\" \/>\n<meta property=\"og:description\" content=\"Con un llamado a la unidad, a la defensa de la producci\u00f3n nacional y a la construcci\u00f3n de un pacto productivo por la soberan\u00eda alimentaria, Abraham Nogales Antelo asumi\u00f3 la presidencia de la Asociaci\u00f3n de Productores de Oleaginosas y Trigo (Anapo) para la gesti\u00f3n 2025-2026, cuyo acto de posesi\u00f3n se realiz\u00f3 el jueves pasado. En [&hellip;]\" \/>\n<meta property=\"og:url\" content=\"https:\/\/www.eldiario.net\/portal\/2025\/08\/16\/anapo-inicia-un-ciclo-renovado-con-abraham-nogales-como-presidente\/\" \/>\n<meta property=\"og:site_name\" content=\"El Diario - Bolivia\" \/>\n<meta property=\"article:publisher\" content=\"https:\/\/www.facebook.com\/eldiario.bolivia\/\" \/>\n<meta property=\"article:published_time\" content=\"2025-08-16T10:11:30+00:00\" \/>\n<meta property=\"og:image\" content=\"https:\/\/www.eldiario.net\/portal\/wp-content\/uploads\/2025\/08\/anapo.webp\" \/>\n\t<meta property=\"og:image:width\" content=\"1600\" \/>\n\t<meta property=\"og:image:height\" content=\"1154\" \/>\n\t<meta property=\"og:image:type\" content=\"image\/webp\" \/>\n<meta name=\"author\" content=\"Jeanette\" \/>\n<meta name=\"twitter:card\" content=\"summary_large_image\" \/>\n<meta name=\"twitter:creator\" content=\"@eldiario_net\" \/>\n<meta name=\"twitter:site\" content=\"@eldiario_net\" \/>\n<meta name=\"twitter:label1\" content=\"Escrito por\" \/>\n\t<meta name=\"twitter:data1\" content=\"Jeanette\" \/>\n\t<meta name=\"twitter:label2\" content=\"Tiempo de lectura\" \/>\n\t<meta name=\"twitter:data2\" content=\"3 minutos\" \/>\n<script type=\"application\/ld+json\" class=\"yoast-schema-graph\">{\"@context\":\"https:\\\/\\\/schema.org\",\"@graph\":[{\"@type\":\"Article\",\"@id\":\"https:\\\/\\\/www.eldiario.net\\\/portal\\\/2025\\\/08\\\/16\\\/anapo-inicia-un-ciclo-renovado-con-abraham-nogales-como-presidente\\\/#article\",\"isPartOf\":{\"@id\":\"https:\\\/\\\/www.eldiario.net\\\/portal\\\/2025\\\/08\\\/16\\\/anapo-inicia-un-ciclo-renovado-con-abraham-nogales-como-presidente\\\/\"},\"author\":{\"name\":\"Jeanette\",\"@id\":\"https:\\\/\\\/www.eldiario.net\\\/portal\\\/#\\\/schema\\\/person\\\/f46445640444750d7d753ccd04ae01b7\"},\"headline\":\"Anapo inicia un ciclo renovado con Abraham Nogales como presidente\",\"datePublished\":\"2025-08-16T10:11:30+00:00\",\"mainEntityOfPage\":{\"@id\":\"https:\\\/\\\/www.eldiario.net\\\/portal\\\/2025\\\/08\\\/16\\\/anapo-inicia-un-ciclo-renovado-con-abraham-nogales-como-presidente\\\/\"},\"wordCount\":521,\"publisher\":{\"@id\":\"https:\\\/\\\/www.eldiario.net\\\/portal\\\/#organization\"},\"image\":{\"@id\":\"https:\\\/\\\/www.eldiario.net\\\/portal\\\/2025\\\/08\\\/16\\\/anapo-inicia-un-ciclo-renovado-con-abraham-nogales-como-presidente\\\/#primaryimage\"},\"thumbnailUrl\":\"https:\\\/\\\/www.eldiario.net\\\/portal\\\/wp-content\\\/uploads\\\/2025\\\/08\\\/anapo.webp\",\"articleSection\":[\"Econom\u00eda\"],\"inLanguage\":\"es\"},{\"@type\":\"WebPage\",\"@id\":\"https:\\\/\\\/www.eldiario.net\\\/portal\\\/2025\\\/08\\\/16\\\/anapo-inicia-un-ciclo-renovado-con-abraham-nogales-como-presidente\\\/\",\"url\":\"https:\\\/\\\/www.eldiario.net\\\/portal\\\/2025\\\/08\\\/16\\\/anapo-inicia-un-ciclo-renovado-con-abraham-nogales-como-presidente\\\/\",\"name\":\"Anapo inicia un ciclo renovado con Abraham Nogales como presidente - El Diario - Bolivia\",\"isPartOf\":{\"@id\":\"https:\\\/\\\/www.eldiario.net\\\/portal\\\/#website\"},\"primaryImageOfPage\":{\"@id\":\"https:\\\/\\\/www.eldiario.net\\\/portal\\\/2025\\\/08\\\/16\\\/anapo-inicia-un-ciclo-renovado-con-abraham-nogales-como-presidente\\\/#primaryimage\"},\"image\":{\"@id\":\"https:\\\/\\\/www.eldiario.net\\\/portal\\\/2025\\\/08\\\/16\\\/anapo-inicia-un-ciclo-renovado-con-abraham-nogales-como-presidente\\\/#primaryimage\"},\"thumbnailUrl\":\"https:\\\/\\\/www.eldiario.net\\\/portal\\\/wp-content\\\/uploads\\\/2025\\\/08\\\/anapo.webp\",\"datePublished\":\"2025-08-16T10:11:30+00:00\",\"breadcrumb\":{\"@id\":\"https:\\\/\\\/www.eldiario.net\\\/portal\\\/2025\\\/08\\\/16\\\/anapo-inicia-un-ciclo-renovado-con-abraham-nogales-como-presidente\\\/#breadcrumb\"},\"inLanguage\":\"es\",\"potentialAction\":[{\"@type\":\"ReadAction\",\"target\":[\"https:\\\/\\\/www.eldiario.net\\\/portal\\\/2025\\\/08\\\/16\\\/anapo-inicia-un-ciclo-renovado-con-abraham-nogales-como-presidente\\\/\"]}]},{\"@type\":\"ImageObject\",\"inLanguage\":\"es\",\"@id\":\"https:\\\/\\\/www.eldiario.net\\\/portal\\\/2025\\\/08\\\/16\\\/anapo-inicia-un-ciclo-renovado-con-abraham-nogales-como-presidente\\\/#primaryimage\",\"url\":\"https:\\\/\\\/www.eldiario.net\\\/portal\\\/wp-content\\\/uploads\\\/2025\\\/08\\\/anapo.webp\",\"contentUrl\":\"https:\\\/\\\/www.eldiario.net\\\/portal\\\/wp-content\\\/uploads\\\/2025\\\/08\\\/anapo.webp\",\"width\":1600,\"height\":1154,\"caption\":\"Nuevo directorio de Anapo.\"},{\"@type\":\"BreadcrumbList\",\"@id\":\"https:\\\/\\\/www.eldiario.net\\\/portal\\\/2025\\\/08\\\/16\\\/anapo-inicia-un-ciclo-renovado-con-abraham-nogales-como-presidente\\\/#breadcrumb\",\"itemListElement\":[{\"@type\":\"ListItem\",\"position\":1,\"name\":\"Portada\",\"item\":\"https:\\\/\\\/www.eldiario.net\\\/portal\\\/\"},{\"@type\":\"ListItem\",\"position\":2,\"name\":\"Anapo inicia un ciclo renovado con Abraham Nogales como presidente\"}]},{\"@type\":\"WebSite\",\"@id\":\"https:\\\/\\\/www.eldiario.net\\\/portal\\\/#website\",\"url\":\"https:\\\/\\\/www.eldiario.net\\\/portal\\\/\",\"name\":\"El Diario - Decano de la prensa nacional\",\"description\":\"El Diario - Decano de la prensa nacional\",\"publisher\":{\"@id\":\"https:\\\/\\\/www.eldiario.net\\\/portal\\\/#organization\"},\"potentialAction\":[{\"@type\":\"SearchAction\",\"target\":{\"@type\":\"EntryPoint\",\"urlTemplate\":\"https:\\\/\\\/www.eldiario.net\\\/portal\\\/?s={search_term_string}\"},\"query-input\":{\"@type\":\"PropertyValueSpecification\",\"valueRequired\":true,\"valueName\":\"search_term_string\"}}],\"inLanguage\":\"es\"},{\"@type\":\"Organization\",\"@id\":\"https:\\\/\\\/www.eldiario.net\\\/portal\\\/#organization\",\"name\":\"El Diario - Decano de la prensa nacional\",\"url\":\"https:\\\/\\\/www.eldiario.net\\\/portal\\\/\",\"logo\":{\"@type\":\"ImageObject\",\"inLanguage\":\"es\",\"@id\":\"https:\\\/\\\/www.eldiario.net\\\/portal\\\/#\\\/schema\\\/logo\\\/image\\\/\",\"url\":\"https:\\\/\\\/www.eldiario.net\\\/portal\\\/wp-content\\\/uploads\\\/2023\\\/07\\\/logo_ED.jpg\",\"contentUrl\":\"https:\\\/\\\/www.eldiario.net\\\/portal\\\/wp-content\\\/uploads\\\/2023\\\/07\\\/logo_ED.jpg\",\"width\":272,\"height\":52,\"caption\":\"El Diario - Decano de la prensa nacional\"},\"image\":{\"@id\":\"https:\\\/\\\/www.eldiario.net\\\/portal\\\/#\\\/schema\\\/logo\\\/image\\\/\"},\"sameAs\":[\"https:\\\/\\\/www.facebook.com\\\/eldiario.bolivia\\\/\",\"https:\\\/\\\/x.com\\\/eldiario_net\"]},{\"@type\":\"Person\",\"@id\":\"https:\\\/\\\/www.eldiario.net\\\/portal\\\/#\\\/schema\\\/person\\\/f46445640444750d7d753ccd04ae01b7\",\"name\":\"Jeanette\",\"image\":{\"@type\":\"ImageObject\",\"inLanguage\":\"es\",\"@id\":\"https:\\\/\\\/secure.gravatar.com\\\/avatar\\\/3ea2118a5f7dad2b7138b1187a6b7ee55f160b9968b66013c3a3ef39dd7e5798?s=96&d=mm&r=g\",\"url\":\"https:\\\/\\\/secure.gravatar.com\\\/avatar\\\/3ea2118a5f7dad2b7138b1187a6b7ee55f160b9968b66013c3a3ef39dd7e5798?s=96&d=mm&r=g\",\"contentUrl\":\"https:\\\/\\\/secure.gravatar.com\\\/avatar\\\/3ea2118a5f7dad2b7138b1187a6b7ee55f160b9968b66013c3a3ef39dd7e5798?s=96&d=mm&r=g\",\"caption\":\"Jeanette\"},\"sameAs\":[\"https:\\\/\\\/www.eldiario.net\\\/portal\"],\"url\":\"https:\\\/\\\/www.eldiario.net\\\/portal\\\/author\\\/jeanette\\\/\"}]}<\/script>\n<!-- \/ Yoast SEO plugin. -->","yoast_head_json":{"title":"Anapo inicia un ciclo renovado con Abraham Nogales como presidente - El Diario - Bolivia","robots":{"index":"index","follow":"follow","max-snippet":"max-snippet:-1","max-image-preview":"max-image-preview:large","max-video-preview":"max-video-preview:-1"},"canonical":"https:\/\/www.eldiario.net\/portal\/2025\/08\/16\/anapo-inicia-un-ciclo-renovado-con-abraham-nogales-como-presidente\/","og_locale":"es_ES","og_type":"article","og_title":"Anapo inicia un ciclo renovado con Abraham Nogales como presidente - El Diario - Bolivia","og_description":"Con un llamado a la unidad, a la defensa de la producci\u00f3n nacional y a la construcci\u00f3n de un pacto productivo por la soberan\u00eda alimentaria, Abraham Nogales Antelo asumi\u00f3 la presidencia de la Asociaci\u00f3n de Productores de Oleaginosas y Trigo (Anapo) para la gesti\u00f3n 2025-2026, cuyo acto de posesi\u00f3n se realiz\u00f3 el jueves pasado. En [&hellip;]","og_url":"https:\/\/www.eldiario.net\/portal\/2025\/08\/16\/anapo-inicia-un-ciclo-renovado-con-abraham-nogales-como-presidente\/","og_site_name":"El Diario - Bolivia","article_publisher":"https:\/\/www.facebook.com\/eldiario.bolivia\/","article_published_time":"2025-08-16T10:11:30+00:00","og_image":[{"width":1600,"height":1154,"url":"https:\/\/www.eldiario.net\/portal\/wp-content\/uploads\/2025\/08\/anapo.webp","type":"image\/webp"}],"author":"Jeanette","twitter_card":"summary_large_image","twitter_creator":"@eldiario_net","twitter_site":"@eldiario_net","twitter_misc":{"Escrito por":"Jeanette","Tiempo de lectura":"3 minutos"},"schema":{"@context":"https:\/\/schema.org","@graph":[{"@type":"Article","@id":"https:\/\/www.eldiario.net\/portal\/2025\/08\/16\/anapo-inicia-un-ciclo-renovado-con-abraham-nogales-como-presidente\/#article","isPartOf":{"@id":"https:\/\/www.eldiario.net\/portal\/2025\/08\/16\/anapo-inicia-un-ciclo-renovado-con-abraham-nogales-como-presidente\/"},"author":{"name":"Jeanette","@id":"https:\/\/www.eldiario.net\/portal\/#\/schema\/person\/f46445640444750d7d753ccd04ae01b7"},"headline":"Anapo inicia un ciclo renovado con Abraham Nogales como presidente","datePublished":"2025-08-16T10:11:30+00:00","mainEntityOfPage":{"@id":"https:\/\/www.eldiario.net\/portal\/2025\/08\/16\/anapo-inicia-un-ciclo-renovado-con-abraham-nogales-como-presidente\/"},"wordCount":521,"publisher":{"@id":"https:\/\/www.eldiario.net\/portal\/#organization"},"image":{"@id":"https:\/\/www.eldiario.net\/portal\/2025\/08\/16\/anapo-inicia-un-ciclo-renovado-con-abraham-nogales-como-presidente\/#primaryimage"},"thumbnailUrl":"https:\/\/www.eldiario.net\/portal\/wp-content\/uploads\/2025\/08\/anapo.webp","articleSection":["Econom\u00eda"],"inLanguage":"es"},{"@type":"WebPage","@id":"https:\/\/www.eldiario.net\/portal\/2025\/08\/16\/anapo-inicia-un-ciclo-renovado-con-abraham-nogales-como-presidente\/","url":"https:\/\/www.eldiario.net\/portal\/2025\/08\/16\/anapo-inicia-un-ciclo-renovado-con-abraham-nogales-como-presidente\/","name":"Anapo inicia un ciclo renovado con Abraham Nogales como presidente - El Diario - Bolivia","isPartOf":{"@id":"https:\/\/www.eldiario.net\/portal\/#website"},"primaryImageOfPage":{"@id":"https:\/\/www.eldiario.net\/portal\/2025\/08\/16\/anapo-inicia-un-ciclo-renovado-con-abraham-nogales-como-presidente\/#primaryimage"},"image":{"@id":"https:\/\/www.eldiario.net\/portal\/2025\/08\/16\/anapo-inicia-un-ciclo-renovado-con-abraham-nogales-como-presidente\/#primaryimage"},"thumbnailUrl":"https:\/\/www.eldiario.net\/portal\/wp-content\/uploads\/2025\/08\/anapo.webp","datePublished":"2025-08-16T10:11:30+00:00","breadcrumb":{"@id":"https:\/\/www.eldiario.net\/portal\/2025\/08\/16\/anapo-inicia-un-ciclo-renovado-con-abraham-nogales-como-presidente\/#breadcrumb"},"inLanguage":"es","potentialAction":[{"@type":"ReadAction","target":["https:\/\/www.eldiario.net\/portal\/2025\/08\/16\/anapo-inicia-un-ciclo-renovado-con-abraham-nogales-como-presidente\/"]}]},{"@type":"ImageObject","inLanguage":"es","@id":"https:\/\/www.eldiario.net\/portal\/2025\/08\/16\/anapo-inicia-un-ciclo-renovado-con-abraham-nogales-como-presidente\/#primaryimage","url":"https:\/\/www.eldiario.net\/portal\/wp-content\/uploads\/2025\/08\/anapo.webp","contentUrl":"https:\/\/www.eldiario.net\/portal\/wp-content\/uploads\/2025\/08\/anapo.webp","width":1600,"height":1154,"caption":"Nuevo directorio de Anapo."},{"@type":"BreadcrumbList","@id":"https:\/\/www.eldiario.net\/portal\/2025\/08\/16\/anapo-inicia-un-ciclo-renovado-con-abraham-nogales-como-presidente\/#breadcrumb","itemListElement":[{"@type":"ListItem","position":1,"name":"Portada","item":"https:\/\/www.eldiario.net\/portal\/"},{"@type":"ListItem","position":2,"name":"Anapo inicia un ciclo renovado con Abraham Nogales como presidente"}]},{"@type":"WebSite","@id":"https:\/\/www.eldiario.net\/portal\/#website","url":"https:\/\/www.eldiario.net\/portal\/","name":"El Diario - Decano de la prensa nacional","description":"El Diario - Decano de la prensa nacional","publisher":{"@id":"https:\/\/www.eldiario.net\/portal\/#organization"},"potentialAction":[{"@type":"SearchAction","target":{"@type":"EntryPoint","urlTemplate":"https:\/\/www.eldiario.net\/portal\/?s={search_term_string}"},"query-input":{"@type":"PropertyValueSpecification","valueRequired":true,"valueName":"search_term_string"}}],"inLanguage":"es"},{"@type":"Organization","@id":"https:\/\/www.eldiario.net\/portal\/#organization","name":"El Diario - Decano de la prensa nacional","url":"https:\/\/www.eldiario.net\/portal\/","logo":{"@type":"ImageObject","inLanguage":"es","@id":"https:\/\/www.eldiario.net\/portal\/#\/schema\/logo\/image\/","url":"https:\/\/www.eldiario.net\/portal\/wp-content\/uploads\/2023\/07\/logo_ED.jpg","contentUrl":"https:\/\/www.eldiario.net\/portal\/wp-content\/uploads\/2023\/07\/logo_ED.jpg","width":272,"height":52,"caption":"El Diario - Decano de la prensa nacional"},"image":{"@id":"https:\/\/www.eldiario.net\/portal\/#\/schema\/logo\/image\/"},"sameAs":["https:\/\/www.facebook.com\/eldiario.bolivia\/","https:\/\/x.com\/eldiario_net"]},{"@type":"Person","@id":"https:\/\/www.eldiario.net\/portal\/#\/schema\/person\/f46445640444750d7d753ccd04ae01b7","name":"Jeanette","image":{"@type":"ImageObject","inLanguage":"es","@id":"https:\/\/secure.gravatar.com\/avatar\/3ea2118a5f7dad2b7138b1187a6b7ee55f160b9968b66013c3a3ef39dd7e5798?s=96&d=mm&r=g","url":"https:\/\/secure.gravatar.com\/avatar\/3ea2118a5f7dad2b7138b1187a6b7ee55f160b9968b66013c3a3ef39dd7e5798?s=96&d=mm&r=g","contentUrl":"https:\/\/secure.gravatar.com\/avatar\/3ea2118a5f7dad2b7138b1187a6b7ee55f160b9968b66013c3a3ef39dd7e5798?s=96&d=mm&r=g","caption":"Jeanette"},"sameAs":["https:\/\/www.eldiario.net\/portal"],"url":"https:\/\/www.eldiario.net\/portal\/author\/jeanette\/"}]}},"_links":{"self":[{"href":"https:\/\/www.eldiario.net\/portal\/wp-json\/wp\/v2\/posts\/324434","targetHints":{"allow":["GET"]}}],"collection":[{"href":"https:\/\/www.eldiario.net\/portal\/wp-json\/wp\/v2\/posts"}],"about":[{"href":"https:\/\/www.eldiario.net\/portal\/wp-json\/wp\/v2\/types\/post"}],"author":[{"embeddable":true,"href":"https:\/\/www.eldiario.net\/portal\/wp-json\/wp\/v2\/users\/1"}],"replies":[{"embeddable":true,"href":"https:\/\/www.eldiario.net\/portal\/wp-json\/wp\/v2\/comments?post=324434"}],"version-history":[{"count":1,"href":"https:\/\/www.eldiario.net\/portal\/wp-json\/wp\/v2\/posts\/324434\/revisions"}],"predecessor-version":[{"id":324436,"href":"https:\/\/www.eldiario.net\/portal\/wp-json\/wp\/v2\/posts\/324434\/revisions\/324436"}],"wp:featuredmedia":[{"embeddable":true,"href":"https:\/\/www.eldiario.net\/portal\/wp-json\/wp\/v2\/media\/324435"}],"wp:attachment":[{"href":"https:\/\/www.eldiario.net\/portal\/wp-json\/wp\/v2\/media?parent=324434"}],"wp:term":[{"taxonomy":"category","embeddable":true,"href":"https:\/\/www.eldiario.net\/portal\/wp-json\/wp\/v2\/categories?post=324434"},{"taxonomy":"post_tag","embeddable":true,"href":"https:\/\/www.eldiario.net\/portal\/wp-json\/wp\/v2\/tags?post=324434"}],"curies":[{"name":"wp","href":"https:\/\/api.w.org\/{rel}","templated":true}]}}