{"id":3243,"date":"2021-05-12T04:49:18","date_gmt":"2021-05-12T08:49:18","guid":{"rendered":"https:\/\/www.eldiario.net\/portal\/?p=3243"},"modified":"2021-05-12T04:49:18","modified_gmt":"2021-05-12T08:49:18","slug":"el-barcelona-empata-contra-el-levante-y-se-aleja-del-titulo-de-la-liga-espanola","status":"publish","type":"post","link":"https:\/\/www.eldiario.net\/portal\/2021\/05\/12\/el-barcelona-empata-contra-el-levante-y-se-aleja-del-titulo-de-la-liga-espanola\/","title":{"rendered":"El Barcelona empata contra el Levante y se aleja del t\u00edtulo de la Liga espa\u00f1ola"},"content":{"rendered":"<p>El Barcelona empat\u00f3 ayer ante el Levante (3-3) y dej\u00f3 escapar la posibilidad de subirse a lo m\u00e1s alto de la tabla. El cotejo se jug\u00f3 en el estadio Ciutat de Val\u00e8ncia. El conjunto azulgrana se aleja del t\u00edtulo de La Liga espa\u00f1ola.<br \/>\nLevante remont\u00f3 con goles de Gonzalo Melero (57 minutos) y Jos\u00e9 Luis Morales (59\u2019) los tantos de Leo Messi (25\u2019) y Pedri (34\u2019). Ousmane Demb\u00e9l\u00e9 volvi\u00f3 a adelantar al Bar\u00e7a (64\u2019), empero Sergio Le\u00f3n puso el empate 3-3 (83\u2019) final.<br \/>\nBarcelona queda en la segunda posici\u00f3n de la tabla (76), a un punto del Atl\u00e9tico, que tiene un partido menos. El Real Madrid que jugar\u00e1 ma\u00f1ana se ubica tercero (75), a uno del equipo azulgrana. (RPP NOTICIAS)<\/p>\n","protected":false},"excerpt":{"rendered":"<p>El Barcelona empat\u00f3 ayer ante el Levante (3-3) y dej\u00f3 escapar la posibilidad de subirse a lo m\u00e1s alto de la tabla. El cotejo se jug\u00f3 en el estadio Ciutat de Val\u00e8ncia. El conjunto azulgrana se aleja del t\u00edtulo de La Liga espa\u00f1ola. Levante remont\u00f3 con goles de Gonzalo Melero (57 minutos) y Jos\u00e9 Luis [&hellip;]<\/p>\n","protected":false},"author":1,"featured_media":3244,"comment_status":"closed","ping_status":"closed","sticky":false,"template":"","format":"standard","meta":{"_acf_changed":false,"footnotes":""},"categories":[6],"tags":[],"class_list":["post-3243","post","type-post","status-publish","format-standard","has-post-thumbnail","category-deportes"],"acf":{"antetitulo":""},"yoast_head":"<!-- This site is optimized with the Yoast SEO plugin v28.4 - https:\/\/yoast.com\/product\/yoast-seo-wordpress\/ -->\n<title>El Barcelona empata contra el Levante y se aleja del t\u00edtulo de la Liga espa\u00f1ola - El Diario - Bolivia<\/title>\n<meta name=\"robots\" content=\"index, follow, max-snippet:-1, max-image-preview:large, max-video-preview:-1\" \/>\n<link rel=\"canonical\" href=\"https:\/\/www.eldiario.net\/portal\/2021\/05\/12\/el-barcelona-empata-contra-el-levante-y-se-aleja-del-titulo-de-la-liga-espanola\/\" \/>\n<meta property=\"og:locale\" content=\"es_ES\" \/>\n<meta property=\"og:type\" content=\"article\" \/>\n<meta property=\"og:title\" content=\"El Barcelona empata contra el Levante y se aleja del t\u00edtulo de la Liga espa\u00f1ola - El Diario - Bolivia\" \/>\n<meta property=\"og:description\" content=\"El Barcelona empat\u00f3 ayer ante el Levante (3-3) y dej\u00f3 escapar la posibilidad de subirse a lo m\u00e1s alto de la tabla. El cotejo se jug\u00f3 en el estadio Ciutat de Val\u00e8ncia. El conjunto azulgrana se aleja del t\u00edtulo de La Liga espa\u00f1ola. Levante remont\u00f3 con goles de Gonzalo Melero (57 minutos) y Jos\u00e9 Luis [&hellip;]\" \/>\n<meta property=\"og:url\" content=\"https:\/\/www.eldiario.net\/portal\/2021\/05\/12\/el-barcelona-empata-contra-el-levante-y-se-aleja-del-titulo-de-la-liga-espanola\/\" \/>\n<meta property=\"og:site_name\" content=\"El Diario - Bolivia\" \/>\n<meta property=\"article:publisher\" content=\"https:\/\/www.facebook.com\/eldiario.bolivia\/\" \/>\n<meta property=\"article:published_time\" content=\"2021-05-12T08:49:18+00:00\" \/>\n<meta name=\"author\" content=\"Jeanette\" \/>\n<meta name=\"twitter:card\" content=\"summary_large_image\" \/>\n<meta name=\"twitter:creator\" content=\"@eldiario_net\" \/>\n<meta name=\"twitter:site\" content=\"@eldiario_net\" \/>\n<meta name=\"twitter:label1\" content=\"Escrito por\" \/>\n\t<meta name=\"twitter:data1\" content=\"Jeanette\" \/>\n\t<meta name=\"twitter:label2\" content=\"Tiempo de lectura\" \/>\n\t<meta name=\"twitter:data2\" content=\"1 minuto\" \/>\n<script type=\"application\/ld+json\" class=\"yoast-schema-graph\">{\"@context\":\"https:\\\/\\\/schema.org\",\"@graph\":[{\"@type\":\"Article\",\"@id\":\"https:\\\/\\\/www.eldiario.net\\\/portal\\\/2021\\\/05\\\/12\\\/el-barcelona-empata-contra-el-levante-y-se-aleja-del-titulo-de-la-liga-espanola\\\/#article\",\"isPartOf\":{\"@id\":\"https:\\\/\\\/www.eldiario.net\\\/portal\\\/2021\\\/05\\\/12\\\/el-barcelona-empata-contra-el-levante-y-se-aleja-del-titulo-de-la-liga-espanola\\\/\"},\"author\":{\"name\":\"Jeanette\",\"@id\":\"https:\\\/\\\/www.eldiario.net\\\/portal\\\/#\\\/schema\\\/person\\\/f46445640444750d7d753ccd04ae01b7\"},\"headline\":\"El Barcelona empata contra el Levante y se aleja del t\u00edtulo de la Liga espa\u00f1ola\",\"datePublished\":\"2021-05-12T08:49:18+00:00\",\"mainEntityOfPage\":{\"@id\":\"https:\\\/\\\/www.eldiario.net\\\/portal\\\/2021\\\/05\\\/12\\\/el-barcelona-empata-contra-el-levante-y-se-aleja-del-titulo-de-la-liga-espanola\\\/\"},\"wordCount\":139,\"publisher\":{\"@id\":\"https:\\\/\\\/www.eldiario.net\\\/portal\\\/#organization\"},\"image\":{\"@id\":\"https:\\\/\\\/www.eldiario.net\\\/portal\\\/2021\\\/05\\\/12\\\/el-barcelona-empata-contra-el-levante-y-se-aleja-del-titulo-de-la-liga-espanola\\\/#primaryimage\"},\"thumbnailUrl\":\"\",\"articleSection\":[\"Deportes\"],\"inLanguage\":\"es\"},{\"@type\":\"WebPage\",\"@id\":\"https:\\\/\\\/www.eldiario.net\\\/portal\\\/2021\\\/05\\\/12\\\/el-barcelona-empata-contra-el-levante-y-se-aleja-del-titulo-de-la-liga-espanola\\\/\",\"url\":\"https:\\\/\\\/www.eldiario.net\\\/portal\\\/2021\\\/05\\\/12\\\/el-barcelona-empata-contra-el-levante-y-se-aleja-del-titulo-de-la-liga-espanola\\\/\",\"name\":\"El Barcelona empata contra el Levante y se aleja del t\u00edtulo de la Liga espa\u00f1ola - El Diario - Bolivia\",\"isPartOf\":{\"@id\":\"https:\\\/\\\/www.eldiario.net\\\/portal\\\/#website\"},\"primaryImageOfPage\":{\"@id\":\"https:\\\/\\\/www.eldiario.net\\\/portal\\\/2021\\\/05\\\/12\\\/el-barcelona-empata-contra-el-levante-y-se-aleja-del-titulo-de-la-liga-espanola\\\/#primaryimage\"},\"image\":{\"@id\":\"https:\\\/\\\/www.eldiario.net\\\/portal\\\/2021\\\/05\\\/12\\\/el-barcelona-empata-contra-el-levante-y-se-aleja-del-titulo-de-la-liga-espanola\\\/#primaryimage\"},\"thumbnailUrl\":\"\",\"datePublished\":\"2021-05-12T08:49:18+00:00\",\"breadcrumb\":{\"@id\":\"https:\\\/\\\/www.eldiario.net\\\/portal\\\/2021\\\/05\\\/12\\\/el-barcelona-empata-contra-el-levante-y-se-aleja-del-titulo-de-la-liga-espanola\\\/#breadcrumb\"},\"inLanguage\":\"es\",\"potentialAction\":[{\"@type\":\"ReadAction\",\"target\":[\"https:\\\/\\\/www.eldiario.net\\\/portal\\\/2021\\\/05\\\/12\\\/el-barcelona-empata-contra-el-levante-y-se-aleja-del-titulo-de-la-liga-espanola\\\/\"]}]},{\"@type\":\"ImageObject\",\"inLanguage\":\"es\",\"@id\":\"https:\\\/\\\/www.eldiario.net\\\/portal\\\/2021\\\/05\\\/12\\\/el-barcelona-empata-contra-el-levante-y-se-aleja-del-titulo-de-la-liga-espanola\\\/#primaryimage\",\"url\":\"\",\"contentUrl\":\"\"},{\"@type\":\"BreadcrumbList\",\"@id\":\"https:\\\/\\\/www.eldiario.net\\\/portal\\\/2021\\\/05\\\/12\\\/el-barcelona-empata-contra-el-levante-y-se-aleja-del-titulo-de-la-liga-espanola\\\/#breadcrumb\",\"itemListElement\":[{\"@type\":\"ListItem\",\"position\":1,\"name\":\"Portada\",\"item\":\"https:\\\/\\\/www.eldiario.net\\\/portal\\\/\"},{\"@type\":\"ListItem\",\"position\":2,\"name\":\"El Barcelona empata contra el Levante y se aleja del t\u00edtulo de la Liga espa\u00f1ola\"}]},{\"@type\":\"WebSite\",\"@id\":\"https:\\\/\\\/www.eldiario.net\\\/portal\\\/#website\",\"url\":\"https:\\\/\\\/www.eldiario.net\\\/portal\\\/\",\"name\":\"El Diario - Decano de la prensa nacional\",\"description\":\"El Diario - Decano de la prensa nacional\",\"publisher\":{\"@id\":\"https:\\\/\\\/www.eldiario.net\\\/portal\\\/#organization\"},\"potentialAction\":[{\"@type\":\"SearchAction\",\"target\":{\"@type\":\"EntryPoint\",\"urlTemplate\":\"https:\\\/\\\/www.eldiario.net\\\/portal\\\/?s={search_term_string}\"},\"query-input\":{\"@type\":\"PropertyValueSpecification\",\"valueRequired\":true,\"valueName\":\"search_term_string\"}}],\"inLanguage\":\"es\"},{\"@type\":\"Organization\",\"@id\":\"https:\\\/\\\/www.eldiario.net\\\/portal\\\/#organization\",\"name\":\"El Diario - Decano de la prensa nacional\",\"url\":\"https:\\\/\\\/www.eldiario.net\\\/portal\\\/\",\"logo\":{\"@type\":\"ImageObject\",\"inLanguage\":\"es\",\"@id\":\"https:\\\/\\\/www.eldiario.net\\\/portal\\\/#\\\/schema\\\/logo\\\/image\\\/\",\"url\":\"https:\\\/\\\/www.eldiario.net\\\/portal\\\/wp-content\\\/uploads\\\/2023\\\/07\\\/logo_ED.jpg\",\"contentUrl\":\"https:\\\/\\\/www.eldiario.net\\\/portal\\\/wp-content\\\/uploads\\\/2023\\\/07\\\/logo_ED.jpg\",\"width\":272,\"height\":52,\"caption\":\"El Diario - Decano de la prensa nacional\"},\"image\":{\"@id\":\"https:\\\/\\\/www.eldiario.net\\\/portal\\\/#\\\/schema\\\/logo\\\/image\\\/\"},\"sameAs\":[\"https:\\\/\\\/www.facebook.com\\\/eldiario.bolivia\\\/\",\"https:\\\/\\\/x.com\\\/eldiario_net\"]},{\"@type\":\"Person\",\"@id\":\"https:\\\/\\\/www.eldiario.net\\\/portal\\\/#\\\/schema\\\/person\\\/f46445640444750d7d753ccd04ae01b7\",\"name\":\"Jeanette\",\"image\":{\"@type\":\"ImageObject\",\"inLanguage\":\"es\",\"@id\":\"https:\\\/\\\/secure.gravatar.com\\\/avatar\\\/3ea2118a5f7dad2b7138b1187a6b7ee55f160b9968b66013c3a3ef39dd7e5798?s=96&d=mm&r=g\",\"url\":\"https:\\\/\\\/secure.gravatar.com\\\/avatar\\\/3ea2118a5f7dad2b7138b1187a6b7ee55f160b9968b66013c3a3ef39dd7e5798?s=96&d=mm&r=g\",\"contentUrl\":\"https:\\\/\\\/secure.gravatar.com\\\/avatar\\\/3ea2118a5f7dad2b7138b1187a6b7ee55f160b9968b66013c3a3ef39dd7e5798?s=96&d=mm&r=g\",\"caption\":\"Jeanette\"},\"sameAs\":[\"https:\\\/\\\/www.eldiario.net\\\/portal\"],\"url\":\"https:\\\/\\\/www.eldiario.net\\\/portal\\\/author\\\/jeanette\\\/\"}]}<\/script>\n<!-- \/ Yoast SEO plugin. -->","yoast_head_json":{"title":"El Barcelona empata contra el Levante y se aleja del t\u00edtulo de la Liga espa\u00f1ola - El Diario - Bolivia","robots":{"index":"index","follow":"follow","max-snippet":"max-snippet:-1","max-image-preview":"max-image-preview:large","max-video-preview":"max-video-preview:-1"},"canonical":"https:\/\/www.eldiario.net\/portal\/2021\/05\/12\/el-barcelona-empata-contra-el-levante-y-se-aleja-del-titulo-de-la-liga-espanola\/","og_locale":"es_ES","og_type":"article","og_title":"El Barcelona empata contra el Levante y se aleja del t\u00edtulo de la Liga espa\u00f1ola - El Diario - Bolivia","og_description":"El Barcelona empat\u00f3 ayer ante el Levante (3-3) y dej\u00f3 escapar la posibilidad de subirse a lo m\u00e1s alto de la tabla. El cotejo se jug\u00f3 en el estadio Ciutat de Val\u00e8ncia. El conjunto azulgrana se aleja del t\u00edtulo de La Liga espa\u00f1ola. Levante remont\u00f3 con goles de Gonzalo Melero (57 minutos) y Jos\u00e9 Luis [&hellip;]","og_url":"https:\/\/www.eldiario.net\/portal\/2021\/05\/12\/el-barcelona-empata-contra-el-levante-y-se-aleja-del-titulo-de-la-liga-espanola\/","og_site_name":"El Diario - Bolivia","article_publisher":"https:\/\/www.facebook.com\/eldiario.bolivia\/","article_published_time":"2021-05-12T08:49:18+00:00","author":"Jeanette","twitter_card":"summary_large_image","twitter_creator":"@eldiario_net","twitter_site":"@eldiario_net","twitter_misc":{"Escrito por":"Jeanette","Tiempo de lectura":"1 minuto"},"schema":{"@context":"https:\/\/schema.org","@graph":[{"@type":"Article","@id":"https:\/\/www.eldiario.net\/portal\/2021\/05\/12\/el-barcelona-empata-contra-el-levante-y-se-aleja-del-titulo-de-la-liga-espanola\/#article","isPartOf":{"@id":"https:\/\/www.eldiario.net\/portal\/2021\/05\/12\/el-barcelona-empata-contra-el-levante-y-se-aleja-del-titulo-de-la-liga-espanola\/"},"author":{"name":"Jeanette","@id":"https:\/\/www.eldiario.net\/portal\/#\/schema\/person\/f46445640444750d7d753ccd04ae01b7"},"headline":"El Barcelona empata contra el Levante y se aleja del t\u00edtulo de la Liga espa\u00f1ola","datePublished":"2021-05-12T08:49:18+00:00","mainEntityOfPage":{"@id":"https:\/\/www.eldiario.net\/portal\/2021\/05\/12\/el-barcelona-empata-contra-el-levante-y-se-aleja-del-titulo-de-la-liga-espanola\/"},"wordCount":139,"publisher":{"@id":"https:\/\/www.eldiario.net\/portal\/#organization"},"image":{"@id":"https:\/\/www.eldiario.net\/portal\/2021\/05\/12\/el-barcelona-empata-contra-el-levante-y-se-aleja-del-titulo-de-la-liga-espanola\/#primaryimage"},"thumbnailUrl":"","articleSection":["Deportes"],"inLanguage":"es"},{"@type":"WebPage","@id":"https:\/\/www.eldiario.net\/portal\/2021\/05\/12\/el-barcelona-empata-contra-el-levante-y-se-aleja-del-titulo-de-la-liga-espanola\/","url":"https:\/\/www.eldiario.net\/portal\/2021\/05\/12\/el-barcelona-empata-contra-el-levante-y-se-aleja-del-titulo-de-la-liga-espanola\/","name":"El Barcelona empata contra el Levante y se aleja del t\u00edtulo de la Liga espa\u00f1ola - El Diario - Bolivia","isPartOf":{"@id":"https:\/\/www.eldiario.net\/portal\/#website"},"primaryImageOfPage":{"@id":"https:\/\/www.eldiario.net\/portal\/2021\/05\/12\/el-barcelona-empata-contra-el-levante-y-se-aleja-del-titulo-de-la-liga-espanola\/#primaryimage"},"image":{"@id":"https:\/\/www.eldiario.net\/portal\/2021\/05\/12\/el-barcelona-empata-contra-el-levante-y-se-aleja-del-titulo-de-la-liga-espanola\/#primaryimage"},"thumbnailUrl":"","datePublished":"2021-05-12T08:49:18+00:00","breadcrumb":{"@id":"https:\/\/www.eldiario.net\/portal\/2021\/05\/12\/el-barcelona-empata-contra-el-levante-y-se-aleja-del-titulo-de-la-liga-espanola\/#breadcrumb"},"inLanguage":"es","potentialAction":[{"@type":"ReadAction","target":["https:\/\/www.eldiario.net\/portal\/2021\/05\/12\/el-barcelona-empata-contra-el-levante-y-se-aleja-del-titulo-de-la-liga-espanola\/"]}]},{"@type":"ImageObject","inLanguage":"es","@id":"https:\/\/www.eldiario.net\/portal\/2021\/05\/12\/el-barcelona-empata-contra-el-levante-y-se-aleja-del-titulo-de-la-liga-espanola\/#primaryimage","url":"","contentUrl":""},{"@type":"BreadcrumbList","@id":"https:\/\/www.eldiario.net\/portal\/2021\/05\/12\/el-barcelona-empata-contra-el-levante-y-se-aleja-del-titulo-de-la-liga-espanola\/#breadcrumb","itemListElement":[{"@type":"ListItem","position":1,"name":"Portada","item":"https:\/\/www.eldiario.net\/portal\/"},{"@type":"ListItem","position":2,"name":"El Barcelona empata contra el Levante y se aleja del t\u00edtulo de la Liga espa\u00f1ola"}]},{"@type":"WebSite","@id":"https:\/\/www.eldiario.net\/portal\/#website","url":"https:\/\/www.eldiario.net\/portal\/","name":"El Diario - Decano de la prensa nacional","description":"El Diario - Decano de la prensa nacional","publisher":{"@id":"https:\/\/www.eldiario.net\/portal\/#organization"},"potentialAction":[{"@type":"SearchAction","target":{"@type":"EntryPoint","urlTemplate":"https:\/\/www.eldiario.net\/portal\/?s={search_term_string}"},"query-input":{"@type":"PropertyValueSpecification","valueRequired":true,"valueName":"search_term_string"}}],"inLanguage":"es"},{"@type":"Organization","@id":"https:\/\/www.eldiario.net\/portal\/#organization","name":"El Diario - Decano de la prensa nacional","url":"https:\/\/www.eldiario.net\/portal\/","logo":{"@type":"ImageObject","inLanguage":"es","@id":"https:\/\/www.eldiario.net\/portal\/#\/schema\/logo\/image\/","url":"https:\/\/www.eldiario.net\/portal\/wp-content\/uploads\/2023\/07\/logo_ED.jpg","contentUrl":"https:\/\/www.eldiario.net\/portal\/wp-content\/uploads\/2023\/07\/logo_ED.jpg","width":272,"height":52,"caption":"El Diario - Decano de la prensa nacional"},"image":{"@id":"https:\/\/www.eldiario.net\/portal\/#\/schema\/logo\/image\/"},"sameAs":["https:\/\/www.facebook.com\/eldiario.bolivia\/","https:\/\/x.com\/eldiario_net"]},{"@type":"Person","@id":"https:\/\/www.eldiario.net\/portal\/#\/schema\/person\/f46445640444750d7d753ccd04ae01b7","name":"Jeanette","image":{"@type":"ImageObject","inLanguage":"es","@id":"https:\/\/secure.gravatar.com\/avatar\/3ea2118a5f7dad2b7138b1187a6b7ee55f160b9968b66013c3a3ef39dd7e5798?s=96&d=mm&r=g","url":"https:\/\/secure.gravatar.com\/avatar\/3ea2118a5f7dad2b7138b1187a6b7ee55f160b9968b66013c3a3ef39dd7e5798?s=96&d=mm&r=g","contentUrl":"https:\/\/secure.gravatar.com\/avatar\/3ea2118a5f7dad2b7138b1187a6b7ee55f160b9968b66013c3a3ef39dd7e5798?s=96&d=mm&r=g","caption":"Jeanette"},"sameAs":["https:\/\/www.eldiario.net\/portal"],"url":"https:\/\/www.eldiario.net\/portal\/author\/jeanette\/"}]}},"_links":{"self":[{"href":"https:\/\/www.eldiario.net\/portal\/wp-json\/wp\/v2\/posts\/3243","targetHints":{"allow":["GET"]}}],"collection":[{"href":"https:\/\/www.eldiario.net\/portal\/wp-json\/wp\/v2\/posts"}],"about":[{"href":"https:\/\/www.eldiario.net\/portal\/wp-json\/wp\/v2\/types\/post"}],"author":[{"embeddable":true,"href":"https:\/\/www.eldiario.net\/portal\/wp-json\/wp\/v2\/users\/1"}],"replies":[{"embeddable":true,"href":"https:\/\/www.eldiario.net\/portal\/wp-json\/wp\/v2\/comments?post=3243"}],"version-history":[{"count":0,"href":"https:\/\/www.eldiario.net\/portal\/wp-json\/wp\/v2\/posts\/3243\/revisions"}],"wp:attachment":[{"href":"https:\/\/www.eldiario.net\/portal\/wp-json\/wp\/v2\/media?parent=3243"}],"wp:term":[{"taxonomy":"category","embeddable":true,"href":"https:\/\/www.eldiario.net\/portal\/wp-json\/wp\/v2\/categories?post=3243"},{"taxonomy":"post_tag","embeddable":true,"href":"https:\/\/www.eldiario.net\/portal\/wp-json\/wp\/v2\/tags?post=3243"}],"curies":[{"name":"wp","href":"https:\/\/api.w.org\/{rel}","templated":true}]}}