{"id":324025,"date":"2025-08-15T00:22:34","date_gmt":"2025-08-15T04:22:34","guid":{"rendered":"https:\/\/www.eldiario.net\/portal\/?p=324025"},"modified":"2025-08-14T22:23:21","modified_gmt":"2025-08-15T02:23:21","slug":"esgrima-mayer-pide-mas-apoyo-para-deportistas","status":"publish","type":"post","link":"https:\/\/www.eldiario.net\/portal\/2025\/08\/15\/esgrima-mayer-pide-mas-apoyo-para-deportistas\/","title":{"rendered":"Esgrima: Mayer pide m\u00e1s apoyo PARA deportistas"},"content":{"rendered":"<p>El esgrimista Esteban Gabriel Mayer Shepard, de 18 a\u00f1os, fue reconocido ayer por el Gobierno Aut\u00f3nomo Municipal de La Paz por la obtenci\u00f3n de la medalla de oro, en la modalidad de sable, en los II Juegos Panamericanos Junior Asunci\u00f3n 2025. El deportista recibi\u00f3 la distinci\u00f3n de manos del alcalde, Iv\u00e1n Arias.<br \/>\n\u201cQue esta medalla no sea s\u00f3lo una vez, que sea una constante. Pedirles a todos los bolivianos que cambien de mentalidad, ustedes pueden, porque son bolivianos\u201d, declar\u00f3 Mayer, quien regres\u00f3 a la ciudad de La Paz como campe\u00f3n panamericano, luego de una destacada actuaci\u00f3n en Asunci\u00f3n, el pasado fin de semana.<br \/>\nEn compa\u00f1\u00eda de su entrenador, el cubano Jos\u00e9 Luis Laverdeza y su madre Jenifer Shepard, Esteban recibi\u00f3 este reconocimiento de parte de la autoridad edil, todav\u00eda con la emoci\u00f3n por lograr la presea dorada y la clasificaci\u00f3n directa a los Juegos Panamericanos Lima 2027.<br \/>\n\u00abQue las empresas ayuden. Es necesario que se apoye, porque hasta cierto punto pueden colaborar los padres en el aspecto econ\u00f3mico y si no se apoya a deportistas como yo, lo que pasar\u00e1 es que no se logre el sue\u00f1o ol\u00edmpico; entonces, pido a las empresas privadas y p\u00fablicas que ayuden, que apoyen el deporte como se debe\u00bb, expres\u00f3 el atleta.<br \/>\n\u201cFelicitar a Esteban que puso su capacidad de entrenamiento, su dedicaci\u00f3n y ante todo humildad, que es algo que todos debemos aprender\u201d, declar\u00f3 el Alcalde de La Paz, quien conoce al esgrimista desde la infancia, por los lazos de amistad con los padres.<br \/>\nLa \u00fanica medalla para la delegaci\u00f3n boliviana, de momento en los Panamericanos de Asunci\u00f3n, vino por el esfuerzo de Mayer, quien destac\u00f3 en este deporte desde 2022, en las competencias juveniles, hasta lograr el primer puesto, siguiendo un proceso de preparaci\u00f3n que cont\u00f3 con el apoyo de sus familiares.<br \/>\n\u201cEsperamos m\u00e1s de \u00e9l (Esteban) y verlo en una final ol\u00edmpica\u201d, agreg\u00f3 Laverdeza, entrenador de Esteban, que le transmiti\u00f3 su experiencia y conocimientos. Laverdeza fue deportista ol\u00edmpico en su tiempo, llegando a ubicarse en la novena posici\u00f3n a nivel mundial. El cubano tambi\u00e9n fue reconocido por la Alcald\u00eda por el desempe\u00f1o que cumpli\u00f3.<\/p>\n<p><em>ERWIN QUISPE PERCA<\/em><\/p>\n","protected":false},"excerpt":{"rendered":"<p>El esgrimista Esteban Gabriel Mayer Shepard, de 18 a\u00f1os, fue reconocido ayer por el Gobierno Aut\u00f3nomo Municipal de La Paz por la obtenci\u00f3n de la medalla de oro, en la modalidad de sable, en los II Juegos Panamericanos Junior Asunci\u00f3n 2025. El deportista recibi\u00f3 la distinci\u00f3n de manos del alcalde, Iv\u00e1n Arias. \u201cQue esta medalla [&hellip;]<\/p>\n","protected":false},"author":1,"featured_media":324026,"comment_status":"closed","ping_status":"open","sticky":false,"template":"","format":"standard","meta":{"_acf_changed":false,"footnotes":""},"categories":[6],"tags":[],"class_list":["post-324025","post","type-post","status-publish","format-standard","has-post-thumbnail","category-deportes"],"acf":{"antetitulo":""},"yoast_head":"<!-- This site is optimized with the Yoast SEO plugin v28.3 - https:\/\/yoast.com\/product\/yoast-seo-wordpress\/ -->\n<title>Esgrima: Mayer pide m\u00e1s apoyo PARA deportistas - El Diario - Bolivia<\/title>\n<meta name=\"robots\" content=\"index, follow, max-snippet:-1, max-image-preview:large, max-video-preview:-1\" \/>\n<link rel=\"canonical\" href=\"https:\/\/www.eldiario.net\/portal\/2025\/08\/15\/esgrima-mayer-pide-mas-apoyo-para-deportistas\/\" \/>\n<meta property=\"og:locale\" content=\"es_ES\" \/>\n<meta property=\"og:type\" content=\"article\" \/>\n<meta property=\"og:title\" content=\"Esgrima: Mayer pide m\u00e1s apoyo PARA deportistas - El Diario - Bolivia\" \/>\n<meta property=\"og:description\" content=\"El esgrimista Esteban Gabriel Mayer Shepard, de 18 a\u00f1os, fue reconocido ayer por el Gobierno Aut\u00f3nomo Municipal de La Paz por la obtenci\u00f3n de la medalla de oro, en la modalidad de sable, en los II Juegos Panamericanos Junior Asunci\u00f3n 2025. El deportista recibi\u00f3 la distinci\u00f3n de manos del alcalde, Iv\u00e1n Arias. \u201cQue esta medalla [&hellip;]\" \/>\n<meta property=\"og:url\" content=\"https:\/\/www.eldiario.net\/portal\/2025\/08\/15\/esgrima-mayer-pide-mas-apoyo-para-deportistas\/\" \/>\n<meta property=\"og:site_name\" content=\"El Diario - Bolivia\" \/>\n<meta property=\"article:publisher\" content=\"https:\/\/www.facebook.com\/eldiario.bolivia\/\" \/>\n<meta property=\"article:published_time\" content=\"2025-08-15T04:22:34+00:00\" \/>\n<meta property=\"og:image\" content=\"https:\/\/www.eldiario.net\/portal\/wp-content\/uploads\/2025\/08\/Principal-6.webp\" \/>\n\t<meta property=\"og:image:width\" content=\"1200\" \/>\n\t<meta property=\"og:image:height\" content=\"800\" \/>\n\t<meta property=\"og:image:type\" content=\"image\/webp\" \/>\n<meta name=\"author\" content=\"Jeanette\" \/>\n<meta name=\"twitter:card\" content=\"summary_large_image\" \/>\n<meta name=\"twitter:creator\" content=\"@eldiario_net\" \/>\n<meta name=\"twitter:site\" content=\"@eldiario_net\" \/>\n<meta name=\"twitter:label1\" content=\"Escrito por\" \/>\n\t<meta name=\"twitter:data1\" content=\"Jeanette\" \/>\n\t<meta name=\"twitter:label2\" content=\"Tiempo de lectura\" \/>\n\t<meta name=\"twitter:data2\" content=\"2 minutos\" \/>\n<script type=\"application\/ld+json\" class=\"yoast-schema-graph\">{\"@context\":\"https:\\\/\\\/schema.org\",\"@graph\":[{\"@type\":\"Article\",\"@id\":\"https:\\\/\\\/www.eldiario.net\\\/portal\\\/2025\\\/08\\\/15\\\/esgrima-mayer-pide-mas-apoyo-para-deportistas\\\/#article\",\"isPartOf\":{\"@id\":\"https:\\\/\\\/www.eldiario.net\\\/portal\\\/2025\\\/08\\\/15\\\/esgrima-mayer-pide-mas-apoyo-para-deportistas\\\/\"},\"author\":{\"name\":\"Jeanette\",\"@id\":\"https:\\\/\\\/www.eldiario.net\\\/portal\\\/#\\\/schema\\\/person\\\/f46445640444750d7d753ccd04ae01b7\"},\"headline\":\"Esgrima: Mayer pide m\u00e1s apoyo PARA deportistas\",\"datePublished\":\"2025-08-15T04:22:34+00:00\",\"mainEntityOfPage\":{\"@id\":\"https:\\\/\\\/www.eldiario.net\\\/portal\\\/2025\\\/08\\\/15\\\/esgrima-mayer-pide-mas-apoyo-para-deportistas\\\/\"},\"wordCount\":389,\"publisher\":{\"@id\":\"https:\\\/\\\/www.eldiario.net\\\/portal\\\/#organization\"},\"image\":{\"@id\":\"https:\\\/\\\/www.eldiario.net\\\/portal\\\/2025\\\/08\\\/15\\\/esgrima-mayer-pide-mas-apoyo-para-deportistas\\\/#primaryimage\"},\"thumbnailUrl\":\"https:\\\/\\\/www.eldiario.net\\\/portal\\\/wp-content\\\/uploads\\\/2025\\\/08\\\/Principal-6.webp\",\"articleSection\":[\"Deportes\"],\"inLanguage\":\"es\"},{\"@type\":\"WebPage\",\"@id\":\"https:\\\/\\\/www.eldiario.net\\\/portal\\\/2025\\\/08\\\/15\\\/esgrima-mayer-pide-mas-apoyo-para-deportistas\\\/\",\"url\":\"https:\\\/\\\/www.eldiario.net\\\/portal\\\/2025\\\/08\\\/15\\\/esgrima-mayer-pide-mas-apoyo-para-deportistas\\\/\",\"name\":\"Esgrima: Mayer pide m\u00e1s apoyo PARA deportistas - El Diario - Bolivia\",\"isPartOf\":{\"@id\":\"https:\\\/\\\/www.eldiario.net\\\/portal\\\/#website\"},\"primaryImageOfPage\":{\"@id\":\"https:\\\/\\\/www.eldiario.net\\\/portal\\\/2025\\\/08\\\/15\\\/esgrima-mayer-pide-mas-apoyo-para-deportistas\\\/#primaryimage\"},\"image\":{\"@id\":\"https:\\\/\\\/www.eldiario.net\\\/portal\\\/2025\\\/08\\\/15\\\/esgrima-mayer-pide-mas-apoyo-para-deportistas\\\/#primaryimage\"},\"thumbnailUrl\":\"https:\\\/\\\/www.eldiario.net\\\/portal\\\/wp-content\\\/uploads\\\/2025\\\/08\\\/Principal-6.webp\",\"datePublished\":\"2025-08-15T04:22:34+00:00\",\"breadcrumb\":{\"@id\":\"https:\\\/\\\/www.eldiario.net\\\/portal\\\/2025\\\/08\\\/15\\\/esgrima-mayer-pide-mas-apoyo-para-deportistas\\\/#breadcrumb\"},\"inLanguage\":\"es\",\"potentialAction\":[{\"@type\":\"ReadAction\",\"target\":[\"https:\\\/\\\/www.eldiario.net\\\/portal\\\/2025\\\/08\\\/15\\\/esgrima-mayer-pide-mas-apoyo-para-deportistas\\\/\"]}]},{\"@type\":\"ImageObject\",\"inLanguage\":\"es\",\"@id\":\"https:\\\/\\\/www.eldiario.net\\\/portal\\\/2025\\\/08\\\/15\\\/esgrima-mayer-pide-mas-apoyo-para-deportistas\\\/#primaryimage\",\"url\":\"https:\\\/\\\/www.eldiario.net\\\/portal\\\/wp-content\\\/uploads\\\/2025\\\/08\\\/Principal-6.webp\",\"contentUrl\":\"https:\\\/\\\/www.eldiario.net\\\/portal\\\/wp-content\\\/uploads\\\/2025\\\/08\\\/Principal-6.webp\",\"width\":1200,\"height\":800},{\"@type\":\"BreadcrumbList\",\"@id\":\"https:\\\/\\\/www.eldiario.net\\\/portal\\\/2025\\\/08\\\/15\\\/esgrima-mayer-pide-mas-apoyo-para-deportistas\\\/#breadcrumb\",\"itemListElement\":[{\"@type\":\"ListItem\",\"position\":1,\"name\":\"Portada\",\"item\":\"https:\\\/\\\/www.eldiario.net\\\/portal\\\/\"},{\"@type\":\"ListItem\",\"position\":2,\"name\":\"Esgrima: Mayer pide m\u00e1s apoyo PARA deportistas\"}]},{\"@type\":\"WebSite\",\"@id\":\"https:\\\/\\\/www.eldiario.net\\\/portal\\\/#website\",\"url\":\"https:\\\/\\\/www.eldiario.net\\\/portal\\\/\",\"name\":\"El Diario - Decano de la prensa nacional\",\"description\":\"El Diario - Decano de la prensa nacional\",\"publisher\":{\"@id\":\"https:\\\/\\\/www.eldiario.net\\\/portal\\\/#organization\"},\"potentialAction\":[{\"@type\":\"SearchAction\",\"target\":{\"@type\":\"EntryPoint\",\"urlTemplate\":\"https:\\\/\\\/www.eldiario.net\\\/portal\\\/?s={search_term_string}\"},\"query-input\":{\"@type\":\"PropertyValueSpecification\",\"valueRequired\":true,\"valueName\":\"search_term_string\"}}],\"inLanguage\":\"es\"},{\"@type\":\"Organization\",\"@id\":\"https:\\\/\\\/www.eldiario.net\\\/portal\\\/#organization\",\"name\":\"El Diario - Decano de la prensa nacional\",\"url\":\"https:\\\/\\\/www.eldiario.net\\\/portal\\\/\",\"logo\":{\"@type\":\"ImageObject\",\"inLanguage\":\"es\",\"@id\":\"https:\\\/\\\/www.eldiario.net\\\/portal\\\/#\\\/schema\\\/logo\\\/image\\\/\",\"url\":\"https:\\\/\\\/www.eldiario.net\\\/portal\\\/wp-content\\\/uploads\\\/2023\\\/07\\\/logo_ED.jpg\",\"contentUrl\":\"https:\\\/\\\/www.eldiario.net\\\/portal\\\/wp-content\\\/uploads\\\/2023\\\/07\\\/logo_ED.jpg\",\"width\":272,\"height\":52,\"caption\":\"El Diario - Decano de la prensa nacional\"},\"image\":{\"@id\":\"https:\\\/\\\/www.eldiario.net\\\/portal\\\/#\\\/schema\\\/logo\\\/image\\\/\"},\"sameAs\":[\"https:\\\/\\\/www.facebook.com\\\/eldiario.bolivia\\\/\",\"https:\\\/\\\/x.com\\\/eldiario_net\"]},{\"@type\":\"Person\",\"@id\":\"https:\\\/\\\/www.eldiario.net\\\/portal\\\/#\\\/schema\\\/person\\\/f46445640444750d7d753ccd04ae01b7\",\"name\":\"Jeanette\",\"image\":{\"@type\":\"ImageObject\",\"inLanguage\":\"es\",\"@id\":\"https:\\\/\\\/secure.gravatar.com\\\/avatar\\\/3ea2118a5f7dad2b7138b1187a6b7ee55f160b9968b66013c3a3ef39dd7e5798?s=96&d=mm&r=g\",\"url\":\"https:\\\/\\\/secure.gravatar.com\\\/avatar\\\/3ea2118a5f7dad2b7138b1187a6b7ee55f160b9968b66013c3a3ef39dd7e5798?s=96&d=mm&r=g\",\"contentUrl\":\"https:\\\/\\\/secure.gravatar.com\\\/avatar\\\/3ea2118a5f7dad2b7138b1187a6b7ee55f160b9968b66013c3a3ef39dd7e5798?s=96&d=mm&r=g\",\"caption\":\"Jeanette\"},\"sameAs\":[\"https:\\\/\\\/www.eldiario.net\\\/portal\"],\"url\":\"https:\\\/\\\/www.eldiario.net\\\/portal\\\/author\\\/jeanette\\\/\"}]}<\/script>\n<!-- \/ Yoast SEO plugin. -->","yoast_head_json":{"title":"Esgrima: Mayer pide m\u00e1s apoyo PARA deportistas - El Diario - Bolivia","robots":{"index":"index","follow":"follow","max-snippet":"max-snippet:-1","max-image-preview":"max-image-preview:large","max-video-preview":"max-video-preview:-1"},"canonical":"https:\/\/www.eldiario.net\/portal\/2025\/08\/15\/esgrima-mayer-pide-mas-apoyo-para-deportistas\/","og_locale":"es_ES","og_type":"article","og_title":"Esgrima: Mayer pide m\u00e1s apoyo PARA deportistas - El Diario - Bolivia","og_description":"El esgrimista Esteban Gabriel Mayer Shepard, de 18 a\u00f1os, fue reconocido ayer por el Gobierno Aut\u00f3nomo Municipal de La Paz por la obtenci\u00f3n de la medalla de oro, en la modalidad de sable, en los II Juegos Panamericanos Junior Asunci\u00f3n 2025. El deportista recibi\u00f3 la distinci\u00f3n de manos del alcalde, Iv\u00e1n Arias. \u201cQue esta medalla [&hellip;]","og_url":"https:\/\/www.eldiario.net\/portal\/2025\/08\/15\/esgrima-mayer-pide-mas-apoyo-para-deportistas\/","og_site_name":"El Diario - Bolivia","article_publisher":"https:\/\/www.facebook.com\/eldiario.bolivia\/","article_published_time":"2025-08-15T04:22:34+00:00","og_image":[{"width":1200,"height":800,"url":"https:\/\/www.eldiario.net\/portal\/wp-content\/uploads\/2025\/08\/Principal-6.webp","type":"image\/webp"}],"author":"Jeanette","twitter_card":"summary_large_image","twitter_creator":"@eldiario_net","twitter_site":"@eldiario_net","twitter_misc":{"Escrito por":"Jeanette","Tiempo de lectura":"2 minutos"},"schema":{"@context":"https:\/\/schema.org","@graph":[{"@type":"Article","@id":"https:\/\/www.eldiario.net\/portal\/2025\/08\/15\/esgrima-mayer-pide-mas-apoyo-para-deportistas\/#article","isPartOf":{"@id":"https:\/\/www.eldiario.net\/portal\/2025\/08\/15\/esgrima-mayer-pide-mas-apoyo-para-deportistas\/"},"author":{"name":"Jeanette","@id":"https:\/\/www.eldiario.net\/portal\/#\/schema\/person\/f46445640444750d7d753ccd04ae01b7"},"headline":"Esgrima: Mayer pide m\u00e1s apoyo PARA deportistas","datePublished":"2025-08-15T04:22:34+00:00","mainEntityOfPage":{"@id":"https:\/\/www.eldiario.net\/portal\/2025\/08\/15\/esgrima-mayer-pide-mas-apoyo-para-deportistas\/"},"wordCount":389,"publisher":{"@id":"https:\/\/www.eldiario.net\/portal\/#organization"},"image":{"@id":"https:\/\/www.eldiario.net\/portal\/2025\/08\/15\/esgrima-mayer-pide-mas-apoyo-para-deportistas\/#primaryimage"},"thumbnailUrl":"https:\/\/www.eldiario.net\/portal\/wp-content\/uploads\/2025\/08\/Principal-6.webp","articleSection":["Deportes"],"inLanguage":"es"},{"@type":"WebPage","@id":"https:\/\/www.eldiario.net\/portal\/2025\/08\/15\/esgrima-mayer-pide-mas-apoyo-para-deportistas\/","url":"https:\/\/www.eldiario.net\/portal\/2025\/08\/15\/esgrima-mayer-pide-mas-apoyo-para-deportistas\/","name":"Esgrima: Mayer pide m\u00e1s apoyo PARA deportistas - El Diario - Bolivia","isPartOf":{"@id":"https:\/\/www.eldiario.net\/portal\/#website"},"primaryImageOfPage":{"@id":"https:\/\/www.eldiario.net\/portal\/2025\/08\/15\/esgrima-mayer-pide-mas-apoyo-para-deportistas\/#primaryimage"},"image":{"@id":"https:\/\/www.eldiario.net\/portal\/2025\/08\/15\/esgrima-mayer-pide-mas-apoyo-para-deportistas\/#primaryimage"},"thumbnailUrl":"https:\/\/www.eldiario.net\/portal\/wp-content\/uploads\/2025\/08\/Principal-6.webp","datePublished":"2025-08-15T04:22:34+00:00","breadcrumb":{"@id":"https:\/\/www.eldiario.net\/portal\/2025\/08\/15\/esgrima-mayer-pide-mas-apoyo-para-deportistas\/#breadcrumb"},"inLanguage":"es","potentialAction":[{"@type":"ReadAction","target":["https:\/\/www.eldiario.net\/portal\/2025\/08\/15\/esgrima-mayer-pide-mas-apoyo-para-deportistas\/"]}]},{"@type":"ImageObject","inLanguage":"es","@id":"https:\/\/www.eldiario.net\/portal\/2025\/08\/15\/esgrima-mayer-pide-mas-apoyo-para-deportistas\/#primaryimage","url":"https:\/\/www.eldiario.net\/portal\/wp-content\/uploads\/2025\/08\/Principal-6.webp","contentUrl":"https:\/\/www.eldiario.net\/portal\/wp-content\/uploads\/2025\/08\/Principal-6.webp","width":1200,"height":800},{"@type":"BreadcrumbList","@id":"https:\/\/www.eldiario.net\/portal\/2025\/08\/15\/esgrima-mayer-pide-mas-apoyo-para-deportistas\/#breadcrumb","itemListElement":[{"@type":"ListItem","position":1,"name":"Portada","item":"https:\/\/www.eldiario.net\/portal\/"},{"@type":"ListItem","position":2,"name":"Esgrima: Mayer pide m\u00e1s apoyo PARA deportistas"}]},{"@type":"WebSite","@id":"https:\/\/www.eldiario.net\/portal\/#website","url":"https:\/\/www.eldiario.net\/portal\/","name":"El Diario - Decano de la prensa nacional","description":"El Diario - Decano de la prensa nacional","publisher":{"@id":"https:\/\/www.eldiario.net\/portal\/#organization"},"potentialAction":[{"@type":"SearchAction","target":{"@type":"EntryPoint","urlTemplate":"https:\/\/www.eldiario.net\/portal\/?s={search_term_string}"},"query-input":{"@type":"PropertyValueSpecification","valueRequired":true,"valueName":"search_term_string"}}],"inLanguage":"es"},{"@type":"Organization","@id":"https:\/\/www.eldiario.net\/portal\/#organization","name":"El Diario - Decano de la prensa nacional","url":"https:\/\/www.eldiario.net\/portal\/","logo":{"@type":"ImageObject","inLanguage":"es","@id":"https:\/\/www.eldiario.net\/portal\/#\/schema\/logo\/image\/","url":"https:\/\/www.eldiario.net\/portal\/wp-content\/uploads\/2023\/07\/logo_ED.jpg","contentUrl":"https:\/\/www.eldiario.net\/portal\/wp-content\/uploads\/2023\/07\/logo_ED.jpg","width":272,"height":52,"caption":"El Diario - Decano de la prensa nacional"},"image":{"@id":"https:\/\/www.eldiario.net\/portal\/#\/schema\/logo\/image\/"},"sameAs":["https:\/\/www.facebook.com\/eldiario.bolivia\/","https:\/\/x.com\/eldiario_net"]},{"@type":"Person","@id":"https:\/\/www.eldiario.net\/portal\/#\/schema\/person\/f46445640444750d7d753ccd04ae01b7","name":"Jeanette","image":{"@type":"ImageObject","inLanguage":"es","@id":"https:\/\/secure.gravatar.com\/avatar\/3ea2118a5f7dad2b7138b1187a6b7ee55f160b9968b66013c3a3ef39dd7e5798?s=96&d=mm&r=g","url":"https:\/\/secure.gravatar.com\/avatar\/3ea2118a5f7dad2b7138b1187a6b7ee55f160b9968b66013c3a3ef39dd7e5798?s=96&d=mm&r=g","contentUrl":"https:\/\/secure.gravatar.com\/avatar\/3ea2118a5f7dad2b7138b1187a6b7ee55f160b9968b66013c3a3ef39dd7e5798?s=96&d=mm&r=g","caption":"Jeanette"},"sameAs":["https:\/\/www.eldiario.net\/portal"],"url":"https:\/\/www.eldiario.net\/portal\/author\/jeanette\/"}]}},"_links":{"self":[{"href":"https:\/\/www.eldiario.net\/portal\/wp-json\/wp\/v2\/posts\/324025","targetHints":{"allow":["GET"]}}],"collection":[{"href":"https:\/\/www.eldiario.net\/portal\/wp-json\/wp\/v2\/posts"}],"about":[{"href":"https:\/\/www.eldiario.net\/portal\/wp-json\/wp\/v2\/types\/post"}],"author":[{"embeddable":true,"href":"https:\/\/www.eldiario.net\/portal\/wp-json\/wp\/v2\/users\/1"}],"replies":[{"embeddable":true,"href":"https:\/\/www.eldiario.net\/portal\/wp-json\/wp\/v2\/comments?post=324025"}],"version-history":[{"count":1,"href":"https:\/\/www.eldiario.net\/portal\/wp-json\/wp\/v2\/posts\/324025\/revisions"}],"predecessor-version":[{"id":324027,"href":"https:\/\/www.eldiario.net\/portal\/wp-json\/wp\/v2\/posts\/324025\/revisions\/324027"}],"wp:featuredmedia":[{"embeddable":true,"href":"https:\/\/www.eldiario.net\/portal\/wp-json\/wp\/v2\/media\/324026"}],"wp:attachment":[{"href":"https:\/\/www.eldiario.net\/portal\/wp-json\/wp\/v2\/media?parent=324025"}],"wp:term":[{"taxonomy":"category","embeddable":true,"href":"https:\/\/www.eldiario.net\/portal\/wp-json\/wp\/v2\/categories?post=324025"},{"taxonomy":"post_tag","embeddable":true,"href":"https:\/\/www.eldiario.net\/portal\/wp-json\/wp\/v2\/tags?post=324025"}],"curies":[{"name":"wp","href":"https:\/\/api.w.org\/{rel}","templated":true}]}}