{"id":323963,"date":"2025-08-14T17:36:58","date_gmt":"2025-08-14T21:36:58","guid":{"rendered":"https:\/\/www.eldiario.net\/portal\/?p=323963"},"modified":"2025-08-14T17:36:58","modified_gmt":"2025-08-14T21:36:58","slug":"intensifican-vacunacion-y-control-del-sarampion-en-comunidades-menonitas-1735","status":"publish","type":"post","link":"https:\/\/www.eldiario.net\/portal\/2025\/08\/14\/intensifican-vacunacion-y-control-del-sarampion-en-comunidades-menonitas-1735\/","title":{"rendered":"Intensifican vacunaci\u00f3n y control del sarampi\u00f3n en comunidades menonitas (17:35)"},"content":{"rendered":"<p>El Ministerio de Salud y Deportes, junto al Programa Ampliado de Inmunizaciones (PAI) y el SEDES Santa Cruz, implement\u00f3 un plan integral de vigilancia y vacunaci\u00f3n en colonias menonitas, donde se concentra m\u00e1s del 50% de los casos de sarampi\u00f3n del departamento.<\/p>\n<p>Las brigadas t\u00e9cnicas visitaran las comunidades hasta este viernes, realizando censos poblacionales, seguimiento de contactos y b\u00fasqueda activa de nuevos casos<\/p>\n<p>Hasta la fecha, se registra 243 contagios de sarampi\u00f3n en ocho departamentos, con Santa Cruz liderando los casos con 204, de los cuales 121 se concentran en nueve municipios con colonias menonitas: Cabezas (18 casos), El Puente (12), San Ignacio de Velasco (21), Cuatro Ca\u00f1adas (14), Pail\u00f3n (27), San Miguel de Velasco (1), Charagua (15), San Jos\u00e9 de Chiquitos (12) y San Juli\u00e1n (1),<\/p>\n<p>El viceministro Max Enriquez explic\u00f3 que el plan se dise\u00f1\u00f3 en coordinaci\u00f3n con los l\u00edderes comunitarios para garantizar el acceso de brigadas de salud y reforzar la vacunaci\u00f3n, incluyendo bloqueos vacunales en zonas con casos positivos.<\/p>\n","protected":false},"excerpt":{"rendered":"<p>El Ministerio de Salud y Deportes, junto al Programa Ampliado de Inmunizaciones (PAI) y el SEDES Santa Cruz, implement\u00f3 un plan integral de vigilancia y vacunaci\u00f3n en colonias menonitas, donde se concentra m\u00e1s del 50% de los casos de sarampi\u00f3n del departamento. Las brigadas t\u00e9cnicas visitaran las comunidades hasta este viernes, realizando censos poblacionales, seguimiento [&hellip;]<\/p>\n","protected":false},"author":7,"featured_media":323964,"comment_status":"closed","ping_status":"open","sticky":false,"template":"","format":"standard","meta":{"_acf_changed":false,"footnotes":""},"categories":[51],"tags":[],"class_list":["post-323963","post","type-post","status-publish","format-standard","has-post-thumbnail","category-ultima-hora"],"acf":{"antetitulo":""},"yoast_head":"<!-- This site is optimized with the Yoast SEO plugin v28.3 - https:\/\/yoast.com\/product\/yoast-seo-wordpress\/ -->\n<title>Intensifican vacunaci\u00f3n y control del sarampi\u00f3n en comunidades menonitas (17:35) - El Diario - Bolivia<\/title>\n<meta name=\"robots\" content=\"index, follow, max-snippet:-1, max-image-preview:large, max-video-preview:-1\" \/>\n<link rel=\"canonical\" href=\"https:\/\/www.eldiario.net\/portal\/2025\/08\/14\/intensifican-vacunacion-y-control-del-sarampion-en-comunidades-menonitas-1735\/\" \/>\n<meta property=\"og:locale\" content=\"es_ES\" \/>\n<meta property=\"og:type\" content=\"article\" \/>\n<meta property=\"og:title\" content=\"Intensifican vacunaci\u00f3n y control del sarampi\u00f3n en comunidades menonitas (17:35) - El Diario - Bolivia\" \/>\n<meta property=\"og:description\" content=\"El Ministerio de Salud y Deportes, junto al Programa Ampliado de Inmunizaciones (PAI) y el SEDES Santa Cruz, implement\u00f3 un plan integral de vigilancia y vacunaci\u00f3n en colonias menonitas, donde se concentra m\u00e1s del 50% de los casos de sarampi\u00f3n del departamento. Las brigadas t\u00e9cnicas visitaran las comunidades hasta este viernes, realizando censos poblacionales, seguimiento [&hellip;]\" \/>\n<meta property=\"og:url\" content=\"https:\/\/www.eldiario.net\/portal\/2025\/08\/14\/intensifican-vacunacion-y-control-del-sarampion-en-comunidades-menonitas-1735\/\" \/>\n<meta property=\"og:site_name\" content=\"El Diario - Bolivia\" \/>\n<meta property=\"article:publisher\" content=\"https:\/\/www.facebook.com\/eldiario.bolivia\/\" \/>\n<meta property=\"article:published_time\" content=\"2025-08-14T21:36:58+00:00\" \/>\n<meta property=\"og:image\" content=\"https:\/\/www.eldiario.net\/portal\/wp-content\/uploads\/2025\/08\/vacunacion-menonita-e1755207374332.jpg\" \/>\n\t<meta property=\"og:image:width\" content=\"300\" \/>\n\t<meta property=\"og:image:height\" content=\"225\" \/>\n\t<meta property=\"og:image:type\" content=\"image\/jpeg\" \/>\n<meta name=\"author\" content=\"Viviana Monrroy\" \/>\n<meta name=\"twitter:card\" content=\"summary_large_image\" \/>\n<meta name=\"twitter:creator\" content=\"@eldiario_net\" \/>\n<meta name=\"twitter:site\" content=\"@eldiario_net\" \/>\n<meta name=\"twitter:label1\" content=\"Escrito por\" \/>\n\t<meta name=\"twitter:data1\" content=\"Viviana Monrroy\" \/>\n\t<meta name=\"twitter:label2\" content=\"Tiempo de lectura\" \/>\n\t<meta name=\"twitter:data2\" content=\"1 minuto\" \/>\n<script type=\"application\/ld+json\" class=\"yoast-schema-graph\">{\"@context\":\"https:\\\/\\\/schema.org\",\"@graph\":[{\"@type\":\"Article\",\"@id\":\"https:\\\/\\\/www.eldiario.net\\\/portal\\\/2025\\\/08\\\/14\\\/intensifican-vacunacion-y-control-del-sarampion-en-comunidades-menonitas-1735\\\/#article\",\"isPartOf\":{\"@id\":\"https:\\\/\\\/www.eldiario.net\\\/portal\\\/2025\\\/08\\\/14\\\/intensifican-vacunacion-y-control-del-sarampion-en-comunidades-menonitas-1735\\\/\"},\"author\":{\"name\":\"Viviana Monrroy\",\"@id\":\"https:\\\/\\\/www.eldiario.net\\\/portal\\\/#\\\/schema\\\/person\\\/ba370d92d160f4d3574381f6d9b78fab\"},\"headline\":\"Intensifican vacunaci\u00f3n y control del sarampi\u00f3n en comunidades menonitas (17:35)\",\"datePublished\":\"2025-08-14T21:36:58+00:00\",\"mainEntityOfPage\":{\"@id\":\"https:\\\/\\\/www.eldiario.net\\\/portal\\\/2025\\\/08\\\/14\\\/intensifican-vacunacion-y-control-del-sarampion-en-comunidades-menonitas-1735\\\/\"},\"wordCount\":173,\"publisher\":{\"@id\":\"https:\\\/\\\/www.eldiario.net\\\/portal\\\/#organization\"},\"image\":{\"@id\":\"https:\\\/\\\/www.eldiario.net\\\/portal\\\/2025\\\/08\\\/14\\\/intensifican-vacunacion-y-control-del-sarampion-en-comunidades-menonitas-1735\\\/#primaryimage\"},\"thumbnailUrl\":\"https:\\\/\\\/www.eldiario.net\\\/portal\\\/wp-content\\\/uploads\\\/2025\\\/08\\\/vacunacion-menonita-e1755207374332.jpg\",\"articleSection\":[\"\u00daltima Hora\"],\"inLanguage\":\"es\"},{\"@type\":\"WebPage\",\"@id\":\"https:\\\/\\\/www.eldiario.net\\\/portal\\\/2025\\\/08\\\/14\\\/intensifican-vacunacion-y-control-del-sarampion-en-comunidades-menonitas-1735\\\/\",\"url\":\"https:\\\/\\\/www.eldiario.net\\\/portal\\\/2025\\\/08\\\/14\\\/intensifican-vacunacion-y-control-del-sarampion-en-comunidades-menonitas-1735\\\/\",\"name\":\"Intensifican vacunaci\u00f3n y control del sarampi\u00f3n en comunidades menonitas (17:35) - El Diario - Bolivia\",\"isPartOf\":{\"@id\":\"https:\\\/\\\/www.eldiario.net\\\/portal\\\/#website\"},\"primaryImageOfPage\":{\"@id\":\"https:\\\/\\\/www.eldiario.net\\\/portal\\\/2025\\\/08\\\/14\\\/intensifican-vacunacion-y-control-del-sarampion-en-comunidades-menonitas-1735\\\/#primaryimage\"},\"image\":{\"@id\":\"https:\\\/\\\/www.eldiario.net\\\/portal\\\/2025\\\/08\\\/14\\\/intensifican-vacunacion-y-control-del-sarampion-en-comunidades-menonitas-1735\\\/#primaryimage\"},\"thumbnailUrl\":\"https:\\\/\\\/www.eldiario.net\\\/portal\\\/wp-content\\\/uploads\\\/2025\\\/08\\\/vacunacion-menonita-e1755207374332.jpg\",\"datePublished\":\"2025-08-14T21:36:58+00:00\",\"breadcrumb\":{\"@id\":\"https:\\\/\\\/www.eldiario.net\\\/portal\\\/2025\\\/08\\\/14\\\/intensifican-vacunacion-y-control-del-sarampion-en-comunidades-menonitas-1735\\\/#breadcrumb\"},\"inLanguage\":\"es\",\"potentialAction\":[{\"@type\":\"ReadAction\",\"target\":[\"https:\\\/\\\/www.eldiario.net\\\/portal\\\/2025\\\/08\\\/14\\\/intensifican-vacunacion-y-control-del-sarampion-en-comunidades-menonitas-1735\\\/\"]}]},{\"@type\":\"ImageObject\",\"inLanguage\":\"es\",\"@id\":\"https:\\\/\\\/www.eldiario.net\\\/portal\\\/2025\\\/08\\\/14\\\/intensifican-vacunacion-y-control-del-sarampion-en-comunidades-menonitas-1735\\\/#primaryimage\",\"url\":\"https:\\\/\\\/www.eldiario.net\\\/portal\\\/wp-content\\\/uploads\\\/2025\\\/08\\\/vacunacion-menonita-e1755207374332.jpg\",\"contentUrl\":\"https:\\\/\\\/www.eldiario.net\\\/portal\\\/wp-content\\\/uploads\\\/2025\\\/08\\\/vacunacion-menonita-e1755207374332.jpg\",\"width\":300,\"height\":225},{\"@type\":\"BreadcrumbList\",\"@id\":\"https:\\\/\\\/www.eldiario.net\\\/portal\\\/2025\\\/08\\\/14\\\/intensifican-vacunacion-y-control-del-sarampion-en-comunidades-menonitas-1735\\\/#breadcrumb\",\"itemListElement\":[{\"@type\":\"ListItem\",\"position\":1,\"name\":\"Portada\",\"item\":\"https:\\\/\\\/www.eldiario.net\\\/portal\\\/\"},{\"@type\":\"ListItem\",\"position\":2,\"name\":\"Intensifican vacunaci\u00f3n y control del sarampi\u00f3n en comunidades menonitas (17:35)\"}]},{\"@type\":\"WebSite\",\"@id\":\"https:\\\/\\\/www.eldiario.net\\\/portal\\\/#website\",\"url\":\"https:\\\/\\\/www.eldiario.net\\\/portal\\\/\",\"name\":\"El Diario - Decano de la prensa nacional\",\"description\":\"El Diario - Decano de la prensa nacional\",\"publisher\":{\"@id\":\"https:\\\/\\\/www.eldiario.net\\\/portal\\\/#organization\"},\"potentialAction\":[{\"@type\":\"SearchAction\",\"target\":{\"@type\":\"EntryPoint\",\"urlTemplate\":\"https:\\\/\\\/www.eldiario.net\\\/portal\\\/?s={search_term_string}\"},\"query-input\":{\"@type\":\"PropertyValueSpecification\",\"valueRequired\":true,\"valueName\":\"search_term_string\"}}],\"inLanguage\":\"es\"},{\"@type\":\"Organization\",\"@id\":\"https:\\\/\\\/www.eldiario.net\\\/portal\\\/#organization\",\"name\":\"El Diario - Decano de la prensa nacional\",\"url\":\"https:\\\/\\\/www.eldiario.net\\\/portal\\\/\",\"logo\":{\"@type\":\"ImageObject\",\"inLanguage\":\"es\",\"@id\":\"https:\\\/\\\/www.eldiario.net\\\/portal\\\/#\\\/schema\\\/logo\\\/image\\\/\",\"url\":\"https:\\\/\\\/www.eldiario.net\\\/portal\\\/wp-content\\\/uploads\\\/2023\\\/07\\\/logo_ED.jpg\",\"contentUrl\":\"https:\\\/\\\/www.eldiario.net\\\/portal\\\/wp-content\\\/uploads\\\/2023\\\/07\\\/logo_ED.jpg\",\"width\":272,\"height\":52,\"caption\":\"El Diario - Decano de la prensa nacional\"},\"image\":{\"@id\":\"https:\\\/\\\/www.eldiario.net\\\/portal\\\/#\\\/schema\\\/logo\\\/image\\\/\"},\"sameAs\":[\"https:\\\/\\\/www.facebook.com\\\/eldiario.bolivia\\\/\",\"https:\\\/\\\/x.com\\\/eldiario_net\"]},{\"@type\":\"Person\",\"@id\":\"https:\\\/\\\/www.eldiario.net\\\/portal\\\/#\\\/schema\\\/person\\\/ba370d92d160f4d3574381f6d9b78fab\",\"name\":\"Viviana Monrroy\",\"image\":{\"@type\":\"ImageObject\",\"inLanguage\":\"es\",\"@id\":\"https:\\\/\\\/secure.gravatar.com\\\/avatar\\\/dfd1611ed5600959a0e5a9754503b6c05d1dcf190010998e0363aee2ad98afca?s=96&d=mm&r=g\",\"url\":\"https:\\\/\\\/secure.gravatar.com\\\/avatar\\\/dfd1611ed5600959a0e5a9754503b6c05d1dcf190010998e0363aee2ad98afca?s=96&d=mm&r=g\",\"contentUrl\":\"https:\\\/\\\/secure.gravatar.com\\\/avatar\\\/dfd1611ed5600959a0e5a9754503b6c05d1dcf190010998e0363aee2ad98afca?s=96&d=mm&r=g\",\"caption\":\"Viviana Monrroy\"},\"sameAs\":[\"http:\\\/\\\/www.eldiario.net\"],\"url\":\"https:\\\/\\\/www.eldiario.net\\\/portal\\\/author\\\/vivianamonrroy\\\/\"}]}<\/script>\n<!-- \/ Yoast SEO plugin. -->","yoast_head_json":{"title":"Intensifican vacunaci\u00f3n y control del sarampi\u00f3n en comunidades menonitas (17:35) - El Diario - Bolivia","robots":{"index":"index","follow":"follow","max-snippet":"max-snippet:-1","max-image-preview":"max-image-preview:large","max-video-preview":"max-video-preview:-1"},"canonical":"https:\/\/www.eldiario.net\/portal\/2025\/08\/14\/intensifican-vacunacion-y-control-del-sarampion-en-comunidades-menonitas-1735\/","og_locale":"es_ES","og_type":"article","og_title":"Intensifican vacunaci\u00f3n y control del sarampi\u00f3n en comunidades menonitas (17:35) - El Diario - Bolivia","og_description":"El Ministerio de Salud y Deportes, junto al Programa Ampliado de Inmunizaciones (PAI) y el SEDES Santa Cruz, implement\u00f3 un plan integral de vigilancia y vacunaci\u00f3n en colonias menonitas, donde se concentra m\u00e1s del 50% de los casos de sarampi\u00f3n del departamento. Las brigadas t\u00e9cnicas visitaran las comunidades hasta este viernes, realizando censos poblacionales, seguimiento [&hellip;]","og_url":"https:\/\/www.eldiario.net\/portal\/2025\/08\/14\/intensifican-vacunacion-y-control-del-sarampion-en-comunidades-menonitas-1735\/","og_site_name":"El Diario - Bolivia","article_publisher":"https:\/\/www.facebook.com\/eldiario.bolivia\/","article_published_time":"2025-08-14T21:36:58+00:00","og_image":[{"width":300,"height":225,"url":"https:\/\/www.eldiario.net\/portal\/wp-content\/uploads\/2025\/08\/vacunacion-menonita-e1755207374332.jpg","type":"image\/jpeg"}],"author":"Viviana Monrroy","twitter_card":"summary_large_image","twitter_creator":"@eldiario_net","twitter_site":"@eldiario_net","twitter_misc":{"Escrito por":"Viviana Monrroy","Tiempo de lectura":"1 minuto"},"schema":{"@context":"https:\/\/schema.org","@graph":[{"@type":"Article","@id":"https:\/\/www.eldiario.net\/portal\/2025\/08\/14\/intensifican-vacunacion-y-control-del-sarampion-en-comunidades-menonitas-1735\/#article","isPartOf":{"@id":"https:\/\/www.eldiario.net\/portal\/2025\/08\/14\/intensifican-vacunacion-y-control-del-sarampion-en-comunidades-menonitas-1735\/"},"author":{"name":"Viviana Monrroy","@id":"https:\/\/www.eldiario.net\/portal\/#\/schema\/person\/ba370d92d160f4d3574381f6d9b78fab"},"headline":"Intensifican vacunaci\u00f3n y control del sarampi\u00f3n en comunidades menonitas (17:35)","datePublished":"2025-08-14T21:36:58+00:00","mainEntityOfPage":{"@id":"https:\/\/www.eldiario.net\/portal\/2025\/08\/14\/intensifican-vacunacion-y-control-del-sarampion-en-comunidades-menonitas-1735\/"},"wordCount":173,"publisher":{"@id":"https:\/\/www.eldiario.net\/portal\/#organization"},"image":{"@id":"https:\/\/www.eldiario.net\/portal\/2025\/08\/14\/intensifican-vacunacion-y-control-del-sarampion-en-comunidades-menonitas-1735\/#primaryimage"},"thumbnailUrl":"https:\/\/www.eldiario.net\/portal\/wp-content\/uploads\/2025\/08\/vacunacion-menonita-e1755207374332.jpg","articleSection":["\u00daltima Hora"],"inLanguage":"es"},{"@type":"WebPage","@id":"https:\/\/www.eldiario.net\/portal\/2025\/08\/14\/intensifican-vacunacion-y-control-del-sarampion-en-comunidades-menonitas-1735\/","url":"https:\/\/www.eldiario.net\/portal\/2025\/08\/14\/intensifican-vacunacion-y-control-del-sarampion-en-comunidades-menonitas-1735\/","name":"Intensifican vacunaci\u00f3n y control del sarampi\u00f3n en comunidades menonitas (17:35) - El Diario - Bolivia","isPartOf":{"@id":"https:\/\/www.eldiario.net\/portal\/#website"},"primaryImageOfPage":{"@id":"https:\/\/www.eldiario.net\/portal\/2025\/08\/14\/intensifican-vacunacion-y-control-del-sarampion-en-comunidades-menonitas-1735\/#primaryimage"},"image":{"@id":"https:\/\/www.eldiario.net\/portal\/2025\/08\/14\/intensifican-vacunacion-y-control-del-sarampion-en-comunidades-menonitas-1735\/#primaryimage"},"thumbnailUrl":"https:\/\/www.eldiario.net\/portal\/wp-content\/uploads\/2025\/08\/vacunacion-menonita-e1755207374332.jpg","datePublished":"2025-08-14T21:36:58+00:00","breadcrumb":{"@id":"https:\/\/www.eldiario.net\/portal\/2025\/08\/14\/intensifican-vacunacion-y-control-del-sarampion-en-comunidades-menonitas-1735\/#breadcrumb"},"inLanguage":"es","potentialAction":[{"@type":"ReadAction","target":["https:\/\/www.eldiario.net\/portal\/2025\/08\/14\/intensifican-vacunacion-y-control-del-sarampion-en-comunidades-menonitas-1735\/"]}]},{"@type":"ImageObject","inLanguage":"es","@id":"https:\/\/www.eldiario.net\/portal\/2025\/08\/14\/intensifican-vacunacion-y-control-del-sarampion-en-comunidades-menonitas-1735\/#primaryimage","url":"https:\/\/www.eldiario.net\/portal\/wp-content\/uploads\/2025\/08\/vacunacion-menonita-e1755207374332.jpg","contentUrl":"https:\/\/www.eldiario.net\/portal\/wp-content\/uploads\/2025\/08\/vacunacion-menonita-e1755207374332.jpg","width":300,"height":225},{"@type":"BreadcrumbList","@id":"https:\/\/www.eldiario.net\/portal\/2025\/08\/14\/intensifican-vacunacion-y-control-del-sarampion-en-comunidades-menonitas-1735\/#breadcrumb","itemListElement":[{"@type":"ListItem","position":1,"name":"Portada","item":"https:\/\/www.eldiario.net\/portal\/"},{"@type":"ListItem","position":2,"name":"Intensifican vacunaci\u00f3n y control del sarampi\u00f3n en comunidades menonitas (17:35)"}]},{"@type":"WebSite","@id":"https:\/\/www.eldiario.net\/portal\/#website","url":"https:\/\/www.eldiario.net\/portal\/","name":"El Diario - Decano de la prensa nacional","description":"El Diario - Decano de la prensa nacional","publisher":{"@id":"https:\/\/www.eldiario.net\/portal\/#organization"},"potentialAction":[{"@type":"SearchAction","target":{"@type":"EntryPoint","urlTemplate":"https:\/\/www.eldiario.net\/portal\/?s={search_term_string}"},"query-input":{"@type":"PropertyValueSpecification","valueRequired":true,"valueName":"search_term_string"}}],"inLanguage":"es"},{"@type":"Organization","@id":"https:\/\/www.eldiario.net\/portal\/#organization","name":"El Diario - Decano de la prensa nacional","url":"https:\/\/www.eldiario.net\/portal\/","logo":{"@type":"ImageObject","inLanguage":"es","@id":"https:\/\/www.eldiario.net\/portal\/#\/schema\/logo\/image\/","url":"https:\/\/www.eldiario.net\/portal\/wp-content\/uploads\/2023\/07\/logo_ED.jpg","contentUrl":"https:\/\/www.eldiario.net\/portal\/wp-content\/uploads\/2023\/07\/logo_ED.jpg","width":272,"height":52,"caption":"El Diario - Decano de la prensa nacional"},"image":{"@id":"https:\/\/www.eldiario.net\/portal\/#\/schema\/logo\/image\/"},"sameAs":["https:\/\/www.facebook.com\/eldiario.bolivia\/","https:\/\/x.com\/eldiario_net"]},{"@type":"Person","@id":"https:\/\/www.eldiario.net\/portal\/#\/schema\/person\/ba370d92d160f4d3574381f6d9b78fab","name":"Viviana Monrroy","image":{"@type":"ImageObject","inLanguage":"es","@id":"https:\/\/secure.gravatar.com\/avatar\/dfd1611ed5600959a0e5a9754503b6c05d1dcf190010998e0363aee2ad98afca?s=96&d=mm&r=g","url":"https:\/\/secure.gravatar.com\/avatar\/dfd1611ed5600959a0e5a9754503b6c05d1dcf190010998e0363aee2ad98afca?s=96&d=mm&r=g","contentUrl":"https:\/\/secure.gravatar.com\/avatar\/dfd1611ed5600959a0e5a9754503b6c05d1dcf190010998e0363aee2ad98afca?s=96&d=mm&r=g","caption":"Viviana Monrroy"},"sameAs":["http:\/\/www.eldiario.net"],"url":"https:\/\/www.eldiario.net\/portal\/author\/vivianamonrroy\/"}]}},"_links":{"self":[{"href":"https:\/\/www.eldiario.net\/portal\/wp-json\/wp\/v2\/posts\/323963","targetHints":{"allow":["GET"]}}],"collection":[{"href":"https:\/\/www.eldiario.net\/portal\/wp-json\/wp\/v2\/posts"}],"about":[{"href":"https:\/\/www.eldiario.net\/portal\/wp-json\/wp\/v2\/types\/post"}],"author":[{"embeddable":true,"href":"https:\/\/www.eldiario.net\/portal\/wp-json\/wp\/v2\/users\/7"}],"replies":[{"embeddable":true,"href":"https:\/\/www.eldiario.net\/portal\/wp-json\/wp\/v2\/comments?post=323963"}],"version-history":[{"count":1,"href":"https:\/\/www.eldiario.net\/portal\/wp-json\/wp\/v2\/posts\/323963\/revisions"}],"predecessor-version":[{"id":323965,"href":"https:\/\/www.eldiario.net\/portal\/wp-json\/wp\/v2\/posts\/323963\/revisions\/323965"}],"wp:featuredmedia":[{"embeddable":true,"href":"https:\/\/www.eldiario.net\/portal\/wp-json\/wp\/v2\/media\/323964"}],"wp:attachment":[{"href":"https:\/\/www.eldiario.net\/portal\/wp-json\/wp\/v2\/media?parent=323963"}],"wp:term":[{"taxonomy":"category","embeddable":true,"href":"https:\/\/www.eldiario.net\/portal\/wp-json\/wp\/v2\/categories?post=323963"},{"taxonomy":"post_tag","embeddable":true,"href":"https:\/\/www.eldiario.net\/portal\/wp-json\/wp\/v2\/tags?post=323963"}],"curies":[{"name":"wp","href":"https:\/\/api.w.org\/{rel}","templated":true}]}}