{"id":323537,"date":"2025-08-13T00:06:10","date_gmt":"2025-08-13T04:06:10","guid":{"rendered":"https:\/\/www.eldiario.net\/portal\/?p=323537"},"modified":"2025-08-12T22:08:46","modified_gmt":"2025-08-13T02:08:46","slug":"yuri-ortuno-cantara-en-eeuu-en-el-prestigioso-kennedy-center","status":"publish","type":"post","link":"https:\/\/www.eldiario.net\/portal\/2025\/08\/13\/yuri-ortuno-cantara-en-eeuu-en-el-prestigioso-kennedy-center\/","title":{"rendered":"Yuri Ortu\u00f1o cantar\u00e1 en EEUU en el prestigioso Kennedy Center"},"content":{"rendered":"<p>Como \u201cUn regalo de la divinidad\u201d, as\u00ed considera Yuri Ortu\u00f1o la actuaci\u00f3n que tendr\u00e1 este viernes 15 de agosto en el renombrado Kennedy Center, en Washington DC, Estados Unidos, donde presentar\u00e1 junto a La Nueva Proyecci\u00f3n un concierto lleno de m\u00fasica, tradici\u00f3n y sentimiento, en el marco de la celebraci\u00f3n del Bicentenario de Bolivia.<\/p>\n<p>El Centro John F. Kennedy para las Artes Esc\u00e9nicas, m\u00e1s conocido como el Kennedy Center, es un centro cultural ic\u00f3nico a nivel mundial. Es reconocido por su importancia en las artes esc\u00e9nicas, la educaci\u00f3n art\u00edstica y como un espacio para la celebraci\u00f3n de la cultura.<\/p>\n<p>A horas de esa memorable presentaci\u00f3n, que representa un orgullo para los bolivianos, La Gu\u00eda convers\u00f3 con Yuri y esto fue lo nos cont\u00f3 desde el pa\u00eds del norte.<\/p>\n<p><strong>LG: \u00bfQu\u00e9 significa para Yuri Ortu\u00f1o y La Nueva Proyecci\u00f3n cantar en el Kennedy Center?<\/strong><\/p>\n<p>Y: Sin duda alguna, es una oportunidad sin igual para nosotros, y para cualquier artista, poder mostrar su talento en tan importante espacio cultural, m\u00e1s a\u00fan cuando celebro los 50 a\u00f1os de actividad art\u00edstica.<\/p>\n<p><strong>LG: \u00bfQu\u00e9 sienten al ser el primer grupo boliviano en pisar tan prestigioso centro cultural y qu\u00e9 requisitos cumplieron?<\/strong><\/p>\n<p>Y: Soy el primer solista boliviano, antes hab\u00edan actuado Los Masis, y de hecho tuvieron que analizar nuestro curr\u00edculum y, como todo ente cultural de las caracter\u00edsticas del Kennedy Center, son fuertes las exigencias que debemos cumplir, pero lo bueno es que nos sentimos a la altura de poder hacerlo.<\/p>\n<p><strong>LG: \u00bfImaginaste celebrar tus 50 a\u00f1os de carrera musical en Estados Unidos y en especial en el Kennedy Center?<\/strong><\/p>\n<p>Y: Ni lo so\u00f1\u00e9, creo que es un regalo de la divinidad y, a la vez, un nuevo desaf\u00edo para seguir creciendo.<\/p>\n<p><strong>LG: \u00bfQu\u00e9 show presentar\u00e1n junto a La Nueva Proyecci\u00f3n?<\/strong><\/p>\n<p>Y: Trataremos de mostrar toda la riqueza y variedad de los ritmos ancestrales, sin dejar de lado el colorido de nuestras culturas e im\u00e1genes cautivadoras de Bolivia.<\/p>\n<p><strong>LG: \u00bfC\u00f3mo ser\u00e1 tu reencuentro y conexi\u00f3n con los residentes bolivianos en EEUU?<\/strong><\/p>\n<p>Y: De hecho, ya tuvimos un acercamiento con los residentes compatriotas en un par de actuaciones, lo cual siempre es un c\u00famulo nost\u00e1lgico. Pero en esta oportunidad no solo ser\u00e1 un reencuentro, sino el poder mostrarnos ante un p\u00fablico anglosaj\u00f3n y, por qu\u00e9 no, de todas las latitudes del mundo.<\/p>\n<p><strong>LG: \u00bfDespu\u00e9s de cu\u00e1nto tiempo vuelves a cantar en EEUU y qu\u00e9 sensaciones te dejaron tus anteriores giras?<\/strong><\/p>\n<p>Y: Vuelvo a escenarios del norte despu\u00e9s de dos a\u00f1os de ausencia y siempre es grato traer un poco de nuestra Bolivia a quienes a\u00f1oran el suelo patrio.<\/p>\n<p><strong>LG: \u00bfC\u00f3mo ya est\u00e1 tu salud?<\/strong><\/p>\n<p>Y: Me siento mucho mejor. Tengo una familia que est\u00e1 muy pendiente de mi salud y bienestar, y cuido cada d\u00eda de estar a la altura de mis actividades y compromisos art\u00edsticos.<\/p>\n<p><strong>LG: \u00bfQui\u00e9nes viajaron contigo? <\/strong><\/p>\n<p>Y: Estoy acompa\u00f1ado de La nueva Proyecci\u00f3n, mi esposa, adem\u00e1s de tres de mis cuatro hijos y cuatro de los once nietos que tenemos y dos de mis yernos que trabajan conmigo\u2026 somos un equipo numeroso.<\/p>\n<p><strong>LG: \u00bfQu\u00e9 se viene despu\u00e9s de tu gira por el pa\u00eds del norte?<\/strong><\/p>\n<p>Y: De aqu\u00ed nos vamos a cumplir unas presentaciones en Ecuador, para luego retornar al pa\u00eds a fines de agosto. Tengo pendiente el lanzamiento de dos discos, los cuales por motivo de mi salud se quedaron truncos, y el lanzamiento de mi nuevo libro de cuentos. Espero poder plasmar todo esto hasta fin de a\u00f1o, Dios mediante.<\/p>\n<p><strong>LG: \u00bfDeseas agregar algo?<\/strong><\/p>\n<p>Y: Mi agradecimiento a Dios por extender mis d\u00edas para disfrutar de los m\u00edos y mi arte, y al invaluable e innumerable grupo de seguidores que me alientan para seguir en este dif\u00edcil derrotero de la m\u00fasica, Dios los bendiga.<\/p>\n<p><strong>PARA RECORDAR<\/strong><\/p>\n<p>Yuri Ortu\u00f1o naci\u00f3 en Huanuni, Oruro, el 15 de junio de 1963. Inici\u00f3 su carrera art\u00edstica a los doce a\u00f1os de edad en 1975 junto a su hermano Ernesto, con el d\u00fao \u201cLos Hermanitos Ortu\u00f1o\u201d, en el 7\u00ba Festival Nacional de la Canci\u00f3n Boliviana.<\/p>\n<p>En 1979, bajo la direcci\u00f3n de Ulises Hermosa, Yuri junto a otros j\u00f3venes de entonces dejan nacer lo que inicialmente fuera Proyecci\u00f3n Kjarkas, para luego sellar y poner en alto al grupo Proyecci\u00f3n, del que fue director, vocalista y principal compositor hasta 1995, y el que gracias a su gran voz y talento tuvo mucho \u00e9xito.<\/p>\n<p>El prol\u00edfico cantautor orure\u00f1o tambi\u00e9n fue integrante del grupo Sukay, del D\u00fao Tal para Cual y luego del exitoso D\u00fao Sentimiento junto al guitarrista Rafael Arias Paz. Posteriormente se lanz\u00f3 como solista, conservando su propio estilo, y form\u00f3 la agrupaci\u00f3n La Nueva Proyecci\u00f3n, con la que viene recorriendo el interior y exterior del pa\u00eds.<\/p>\n<p>A lo largo de su vida art\u00edstica, ha obtenido importantes galardones, entre Discos de Oro, de Platino Doble\u00a0 y ser reconocido como la mejor voz de Bolivia, con la que sigue deleitando al p\u00fablico, con canciones como \u201cSecreto amor\u201d, \u201cNo vuelvo a amar\u201d, \u201cHay que salvar nuestro nido\u201d, \u201cTus desaires\u201d, \u201cNadie te ama como yo\u201d, \u201cPaloma del alma m\u00eda\u201d y \u201cMe prometiste\u201d.<\/p>\n<p>Este 2025 cumple cinco d\u00e9cadas de reconocida trayectoria musical. \u00a0\u201cSon cincuenta a\u00f1os de humilde aporte musical a la difusi\u00f3n del folclore boliviano y latinoamericano, con muchas desavenencias, pero con infinitas satisfacciones\u201d, afirm\u00f3 en marzo de este a\u00f1o a La Gu\u00eda.<\/p>\n<p>\u201cA la fecha ya son m\u00e1s de 40 los discos que grab\u00e9 y algo m\u00e1s de 300 composiciones m\u00edas grabadas, todo ello gracias al respaldo de un p\u00fablico que me impuls\u00f3 en cada momento\u201d, revel\u00f3.<\/p>\n<p>Yuri cont\u00f3 que lo mejor que le dio la m\u00fasica en estos 50 a\u00f1os de carrera fue \u201cla sensibilidad para ver las cosas desde la perspectiva del amor, el amor al pr\u00f3jimo, a la patria, a nuestras diferentes culturas y el amor a Dios, quien nos da la vida\u201d.<\/p>\n<p>Y el mayor logro que alcanz\u00f3 dijo que es \u201ces estar presente en los corazones de varias generaciones, esas que escuchan mis canciones cargadas de sentimientos varios\u201d.<\/p>\n\r\n                <style type=\"text\/css\">\r\n                    \r\n                    #tdi_1  .td-doubleSlider-2 .td-item1 {\r\n                        background: url(https:\/\/www.eldiario.net\/portal\/wp-content\/uploads\/2025\/08\/4-3-80x60.webp) 0 0 no-repeat;\r\n                    }\r\n                    #tdi_1  .td-doubleSlider-2 .td-item2 {\r\n                        background: url(https:\/\/www.eldiario.net\/portal\/wp-content\/uploads\/2025\/08\/1-PRINCIPAL-2-80x60.webp) 0 0 no-repeat;\r\n                    }\r\n                    #tdi_1  .td-doubleSlider-2 .td-item3 {\r\n                        background: url(https:\/\/www.eldiario.net\/portal\/wp-content\/uploads\/2025\/08\/2-3-80x60.webp) 0 0 no-repeat;\r\n                    }\r\n                    #tdi_1  .td-doubleSlider-2 .td-item4 {\r\n                        background: url(https:\/\/www.eldiario.net\/portal\/wp-content\/uploads\/2025\/08\/3-3-80x60.webp) 0 0 no-repeat;\r\n                    }\r\n                <\/style>\r\n\r\n                <div id=\"tdi_1\" class=\"td-gallery td-slide-on-2-columns\">\r\n                    <div class=\"post_td_gallery\">\r\n                        <div class=\"td-gallery-slide-top\">\r\n                           <div class=\"td-gallery-title\"><\/div>\r\n\r\n                            <div class=\"td-gallery-controls-wrapper\">\r\n                                <div class=\"td-gallery-slide-count\"><span class=\"td-gallery-slide-item-focus\">1<\/span> de 4<\/div>\r\n                                <div class=\"td-gallery-slide-prev-next-but\">\r\n                                    <i class = \"td-icon-left doubleSliderPrevButton\"><\/i>\r\n                                    <i class = \"td-icon-right doubleSliderNextButton\"><\/i>\r\n                                <\/div>\r\n                            <\/div>\r\n                        <\/div>\r\n\r\n                        <div class = \"td-doubleSlider-1 \">\r\n                            <div class = \"td-slider\">\r\n                                \r\n                    <div class = \"td-slide-item td-item1\">\r\n                        <figure class=\"td-slide-galery-figure td-slide-popup-gallery\">\r\n                            <a class=\"slide-gallery-image-link\" href=\"https:\/\/www.eldiario.net\/portal\/wp-content\/uploads\/2025\/08\/4-3.webp\" title=\"4\"  data-caption=\"\"  data-description=\"\">\r\n                                <img decoding=\"async\" src=\"https:\/\/www.eldiario.net\/portal\/wp-content\/uploads\/2025\/08\/4-3-801x420.webp\" srcset=\"https:\/\/www.eldiario.net\/portal\/wp-content\/uploads\/2025\/08\/4-3-801x420.webp 801w, https:\/\/www.eldiario.net\/portal\/wp-content\/uploads\/2025\/08\/4-3-300x157.webp 300w, https:\/\/www.eldiario.net\/portal\/wp-content\/uploads\/2025\/08\/4-3-1024x537.webp 1024w, https:\/\/www.eldiario.net\/portal\/wp-content\/uploads\/2025\/08\/4-3-768x403.webp 768w, https:\/\/www.eldiario.net\/portal\/wp-content\/uploads\/2025\/08\/4-3-150x79.webp 150w, https:\/\/www.eldiario.net\/portal\/wp-content\/uploads\/2025\/08\/4-3-696x365.webp 696w, https:\/\/www.eldiario.net\/portal\/wp-content\/uploads\/2025\/08\/4-3-1068x560.webp 1068w, https:\/\/www.eldiario.net\/portal\/wp-content\/uploads\/2025\/08\/4-3.webp 1200w\" sizes=\"(max-width: 801px) 100vw, 801px\" alt=\"\">\r\n                            <\/a>\r\n                            \r\n                        <\/figure>\r\n                    <\/div>\r\n                    <div class = \"td-slide-item td-item2\">\r\n                        <figure class=\"td-slide-galery-figure td-slide-popup-gallery\">\r\n                            <a class=\"slide-gallery-image-link\" href=\"https:\/\/www.eldiario.net\/portal\/wp-content\/uploads\/2025\/08\/1-PRINCIPAL-2.webp\" title=\"1-PRINCIPAL\"  data-caption=\"\"  data-description=\"\">\r\n                                <img decoding=\"async\" src=\"https:\/\/www.eldiario.net\/portal\/wp-content\/uploads\/2025\/08\/1-PRINCIPAL-2-280x420.webp\" srcset=\"https:\/\/www.eldiario.net\/portal\/wp-content\/uploads\/2025\/08\/1-PRINCIPAL-2-280x420.webp 280w, https:\/\/www.eldiario.net\/portal\/wp-content\/uploads\/2025\/08\/1-PRINCIPAL-2-200x300.webp 200w, https:\/\/www.eldiario.net\/portal\/wp-content\/uploads\/2025\/08\/1-PRINCIPAL-2-683x1024.webp 683w, https:\/\/www.eldiario.net\/portal\/wp-content\/uploads\/2025\/08\/1-PRINCIPAL-2-768x1151.webp 768w, https:\/\/www.eldiario.net\/portal\/wp-content\/uploads\/2025\/08\/1-PRINCIPAL-2-1025x1536.webp 1025w, https:\/\/www.eldiario.net\/portal\/wp-content\/uploads\/2025\/08\/1-PRINCIPAL-2-150x225.webp 150w, https:\/\/www.eldiario.net\/portal\/wp-content\/uploads\/2025\/08\/1-PRINCIPAL-2-300x450.webp 300w, https:\/\/www.eldiario.net\/portal\/wp-content\/uploads\/2025\/08\/1-PRINCIPAL-2-696x1043.webp 696w, https:\/\/www.eldiario.net\/portal\/wp-content\/uploads\/2025\/08\/1-PRINCIPAL-2-1068x1600.webp 1068w, https:\/\/www.eldiario.net\/portal\/wp-content\/uploads\/2025\/08\/1-PRINCIPAL-2.webp 1200w\" sizes=\"(max-width: 280px) 100vw, 280px\" alt=\"\">\r\n                            <\/a>\r\n                            \r\n                        <\/figure>\r\n                    <\/div>\r\n                    <div class = \"td-slide-item td-item3\">\r\n                        <figure class=\"td-slide-galery-figure td-slide-popup-gallery\">\r\n                            <a class=\"slide-gallery-image-link\" href=\"https:\/\/www.eldiario.net\/portal\/wp-content\/uploads\/2025\/08\/2-3.webp\" title=\"2\"  data-caption=\"\"  data-description=\"\">\r\n                                <img decoding=\"async\" src=\"https:\/\/www.eldiario.net\/portal\/wp-content\/uploads\/2025\/08\/2-3-800x420.webp\" srcset=\"https:\/\/www.eldiario.net\/portal\/wp-content\/uploads\/2025\/08\/2-3-800x420.webp 800w, https:\/\/www.eldiario.net\/portal\/wp-content\/uploads\/2025\/08\/2-3-300x158.webp 300w, https:\/\/www.eldiario.net\/portal\/wp-content\/uploads\/2025\/08\/2-3-1024x538.webp 1024w, https:\/\/www.eldiario.net\/portal\/wp-content\/uploads\/2025\/08\/2-3-768x403.webp 768w, https:\/\/www.eldiario.net\/portal\/wp-content\/uploads\/2025\/08\/2-3-150x79.webp 150w, https:\/\/www.eldiario.net\/portal\/wp-content\/uploads\/2025\/08\/2-3-696x365.webp 696w, https:\/\/www.eldiario.net\/portal\/wp-content\/uploads\/2025\/08\/2-3-1068x561.webp 1068w, https:\/\/www.eldiario.net\/portal\/wp-content\/uploads\/2025\/08\/2-3.webp 1200w\" sizes=\"(max-width: 800px) 100vw, 800px\" alt=\"\">\r\n                            <\/a>\r\n                            \r\n                        <\/figure>\r\n                    <\/div>\r\n                    <div class = \"td-slide-item td-item4\">\r\n                        <figure class=\"td-slide-galery-figure td-slide-popup-gallery\">\r\n                            <a class=\"slide-gallery-image-link\" href=\"https:\/\/www.eldiario.net\/portal\/wp-content\/uploads\/2025\/08\/3-3.webp\" title=\"3\"  data-caption=\"\"  data-description=\"\">\r\n                                <img decoding=\"async\" src=\"https:\/\/www.eldiario.net\/portal\/wp-content\/uploads\/2025\/08\/3-3-280x420.webp\" srcset=\"https:\/\/www.eldiario.net\/portal\/wp-content\/uploads\/2025\/08\/3-3-280x420.webp 280w, https:\/\/www.eldiario.net\/portal\/wp-content\/uploads\/2025\/08\/3-3-200x300.webp 200w, https:\/\/www.eldiario.net\/portal\/wp-content\/uploads\/2025\/08\/3-3-684x1024.webp 684w, https:\/\/www.eldiario.net\/portal\/wp-content\/uploads\/2025\/08\/3-3-768x1151.webp 768w, https:\/\/www.eldiario.net\/portal\/wp-content\/uploads\/2025\/08\/3-3-150x225.webp 150w, https:\/\/www.eldiario.net\/portal\/wp-content\/uploads\/2025\/08\/3-3-300x449.webp 300w, https:\/\/www.eldiario.net\/portal\/wp-content\/uploads\/2025\/08\/3-3-696x1043.webp 696w, https:\/\/www.eldiario.net\/portal\/wp-content\/uploads\/2025\/08\/3-3.webp 801w\" sizes=\"(max-width: 280px) 100vw, 280px\" alt=\"\">\r\n                            <\/a>\r\n                            \r\n                        <\/figure>\r\n                    <\/div>\r\n                            <\/div>\r\n                        <\/div>\r\n\r\n                        <div class = \"td-doubleSlider-2\">\r\n                            <div class = \"td-slider\">\r\n                                \r\n                    <div class = \"td-button td-item1\">\r\n                        <div class = \"td-border\"><\/div>\r\n                    <\/div>\r\n                    <div class = \"td-button td-item2\">\r\n                        <div class = \"td-border\"><\/div>\r\n                    <\/div>\r\n                    <div class = \"td-button td-item3\">\r\n                        <div class = \"td-border\"><\/div>\r\n                    <\/div>\r\n                    <div class = \"td-button td-item4\">\r\n                        <div class = \"td-border\"><\/div>\r\n                    <\/div>\r\n                            <\/div>\r\n                        <\/div>\r\n\r\n                    <\/div>\r\n\r\n                <\/div>\r\n                \n","protected":false},"excerpt":{"rendered":"<p>Como \u201cUn regalo de la divinidad\u201d, as\u00ed considera Yuri Ortu\u00f1o la actuaci\u00f3n que tendr\u00e1 este viernes 15 de agosto en el renombrado Kennedy Center, en Washington DC, Estados Unidos, donde presentar\u00e1 junto a La Nueva Proyecci\u00f3n un concierto lleno de m\u00fasica, tradici\u00f3n y sentimiento, en el marco de la celebraci\u00f3n del Bicentenario de Bolivia. El [&hellip;]<\/p>\n","protected":false},"author":1,"featured_media":323539,"comment_status":"closed","ping_status":"open","sticky":false,"template":"","format":"standard","meta":{"_acf_changed":false,"footnotes":""},"categories":[41],"tags":[],"class_list":["post-323537","post","type-post","status-publish","format-standard","has-post-thumbnail","category-la-guia"],"acf":{"antetitulo":""},"yoast_head":"<!-- This site is optimized with the Yoast SEO plugin v28.4 - https:\/\/yoast.com\/product\/yoast-seo-wordpress\/ -->\n<title>Yuri Ortu\u00f1o cantar\u00e1 en EEUU en el prestigioso Kennedy Center - El Diario - Bolivia<\/title>\n<meta name=\"robots\" content=\"index, follow, max-snippet:-1, max-image-preview:large, max-video-preview:-1\" \/>\n<link rel=\"canonical\" href=\"https:\/\/www.eldiario.net\/portal\/2025\/08\/13\/yuri-ortuno-cantara-en-eeuu-en-el-prestigioso-kennedy-center\/\" \/>\n<meta property=\"og:locale\" content=\"es_ES\" \/>\n<meta property=\"og:type\" content=\"article\" \/>\n<meta property=\"og:title\" content=\"Yuri Ortu\u00f1o cantar\u00e1 en EEUU en el prestigioso Kennedy Center - El Diario - Bolivia\" \/>\n<meta property=\"og:description\" content=\"Como \u201cUn regalo de la divinidad\u201d, as\u00ed considera Yuri Ortu\u00f1o la actuaci\u00f3n que tendr\u00e1 este viernes 15 de agosto en el renombrado Kennedy Center, en Washington DC, Estados Unidos, donde presentar\u00e1 junto a La Nueva Proyecci\u00f3n un concierto lleno de m\u00fasica, tradici\u00f3n y sentimiento, en el marco de la celebraci\u00f3n del Bicentenario de Bolivia. El [&hellip;]\" \/>\n<meta property=\"og:url\" content=\"https:\/\/www.eldiario.net\/portal\/2025\/08\/13\/yuri-ortuno-cantara-en-eeuu-en-el-prestigioso-kennedy-center\/\" \/>\n<meta property=\"og:site_name\" content=\"El Diario - Bolivia\" \/>\n<meta property=\"article:publisher\" content=\"https:\/\/www.facebook.com\/eldiario.bolivia\/\" \/>\n<meta property=\"article:published_time\" content=\"2025-08-13T04:06:10+00:00\" \/>\n<meta property=\"og:image\" content=\"https:\/\/www.eldiario.net\/portal\/wp-content\/uploads\/2025\/08\/1-PRINCIPAL-2.webp\" \/>\n\t<meta property=\"og:image:width\" content=\"1200\" \/>\n\t<meta property=\"og:image:height\" content=\"1798\" \/>\n\t<meta property=\"og:image:type\" content=\"image\/webp\" \/>\n<meta name=\"author\" content=\"Jeanette\" \/>\n<meta name=\"twitter:card\" content=\"summary_large_image\" \/>\n<meta name=\"twitter:creator\" content=\"@eldiario_net\" \/>\n<meta name=\"twitter:site\" content=\"@eldiario_net\" \/>\n<meta name=\"twitter:label1\" content=\"Escrito por\" \/>\n\t<meta name=\"twitter:data1\" content=\"Jeanette\" \/>\n\t<meta name=\"twitter:label2\" content=\"Tiempo de lectura\" \/>\n\t<meta name=\"twitter:data2\" content=\"5 minutos\" \/>\n<script type=\"application\/ld+json\" class=\"yoast-schema-graph\">{\"@context\":\"https:\\\/\\\/schema.org\",\"@graph\":[{\"@type\":\"Article\",\"@id\":\"https:\\\/\\\/www.eldiario.net\\\/portal\\\/2025\\\/08\\\/13\\\/yuri-ortuno-cantara-en-eeuu-en-el-prestigioso-kennedy-center\\\/#article\",\"isPartOf\":{\"@id\":\"https:\\\/\\\/www.eldiario.net\\\/portal\\\/2025\\\/08\\\/13\\\/yuri-ortuno-cantara-en-eeuu-en-el-prestigioso-kennedy-center\\\/\"},\"author\":{\"name\":\"Jeanette\",\"@id\":\"https:\\\/\\\/www.eldiario.net\\\/portal\\\/#\\\/schema\\\/person\\\/2c57cf2b7a7ae032e449e4c9b1019eac\"},\"headline\":\"Yuri Ortu\u00f1o cantar\u00e1 en EEUU en el prestigioso Kennedy Center\",\"datePublished\":\"2025-08-13T04:06:10+00:00\",\"mainEntityOfPage\":{\"@id\":\"https:\\\/\\\/www.eldiario.net\\\/portal\\\/2025\\\/08\\\/13\\\/yuri-ortuno-cantara-en-eeuu-en-el-prestigioso-kennedy-center\\\/\"},\"wordCount\":1089,\"publisher\":{\"@id\":\"https:\\\/\\\/www.eldiario.net\\\/portal\\\/#organization\"},\"image\":{\"@id\":\"https:\\\/\\\/www.eldiario.net\\\/portal\\\/2025\\\/08\\\/13\\\/yuri-ortuno-cantara-en-eeuu-en-el-prestigioso-kennedy-center\\\/#primaryimage\"},\"thumbnailUrl\":\"https:\\\/\\\/www.eldiario.net\\\/portal\\\/wp-content\\\/uploads\\\/2025\\\/08\\\/1-PRINCIPAL-2.webp\",\"articleSection\":[\"La Gu\u00eda\"],\"inLanguage\":\"es\"},{\"@type\":\"WebPage\",\"@id\":\"https:\\\/\\\/www.eldiario.net\\\/portal\\\/2025\\\/08\\\/13\\\/yuri-ortuno-cantara-en-eeuu-en-el-prestigioso-kennedy-center\\\/\",\"url\":\"https:\\\/\\\/www.eldiario.net\\\/portal\\\/2025\\\/08\\\/13\\\/yuri-ortuno-cantara-en-eeuu-en-el-prestigioso-kennedy-center\\\/\",\"name\":\"Yuri Ortu\u00f1o cantar\u00e1 en EEUU en el prestigioso Kennedy Center - El Diario - Bolivia\",\"isPartOf\":{\"@id\":\"https:\\\/\\\/www.eldiario.net\\\/portal\\\/#website\"},\"primaryImageOfPage\":{\"@id\":\"https:\\\/\\\/www.eldiario.net\\\/portal\\\/2025\\\/08\\\/13\\\/yuri-ortuno-cantara-en-eeuu-en-el-prestigioso-kennedy-center\\\/#primaryimage\"},\"image\":{\"@id\":\"https:\\\/\\\/www.eldiario.net\\\/portal\\\/2025\\\/08\\\/13\\\/yuri-ortuno-cantara-en-eeuu-en-el-prestigioso-kennedy-center\\\/#primaryimage\"},\"thumbnailUrl\":\"https:\\\/\\\/www.eldiario.net\\\/portal\\\/wp-content\\\/uploads\\\/2025\\\/08\\\/1-PRINCIPAL-2.webp\",\"datePublished\":\"2025-08-13T04:06:10+00:00\",\"breadcrumb\":{\"@id\":\"https:\\\/\\\/www.eldiario.net\\\/portal\\\/2025\\\/08\\\/13\\\/yuri-ortuno-cantara-en-eeuu-en-el-prestigioso-kennedy-center\\\/#breadcrumb\"},\"inLanguage\":\"es\",\"potentialAction\":[{\"@type\":\"ReadAction\",\"target\":[\"https:\\\/\\\/www.eldiario.net\\\/portal\\\/2025\\\/08\\\/13\\\/yuri-ortuno-cantara-en-eeuu-en-el-prestigioso-kennedy-center\\\/\"]}]},{\"@type\":\"ImageObject\",\"inLanguage\":\"es\",\"@id\":\"https:\\\/\\\/www.eldiario.net\\\/portal\\\/2025\\\/08\\\/13\\\/yuri-ortuno-cantara-en-eeuu-en-el-prestigioso-kennedy-center\\\/#primaryimage\",\"url\":\"https:\\\/\\\/www.eldiario.net\\\/portal\\\/wp-content\\\/uploads\\\/2025\\\/08\\\/1-PRINCIPAL-2.webp\",\"contentUrl\":\"https:\\\/\\\/www.eldiario.net\\\/portal\\\/wp-content\\\/uploads\\\/2025\\\/08\\\/1-PRINCIPAL-2.webp\",\"width\":1200,\"height\":1798},{\"@type\":\"BreadcrumbList\",\"@id\":\"https:\\\/\\\/www.eldiario.net\\\/portal\\\/2025\\\/08\\\/13\\\/yuri-ortuno-cantara-en-eeuu-en-el-prestigioso-kennedy-center\\\/#breadcrumb\",\"itemListElement\":[{\"@type\":\"ListItem\",\"position\":1,\"name\":\"Portada\",\"item\":\"https:\\\/\\\/www.eldiario.net\\\/portal\\\/\"},{\"@type\":\"ListItem\",\"position\":2,\"name\":\"Yuri Ortu\u00f1o cantar\u00e1 en EEUU en el prestigioso Kennedy Center\"}]},{\"@type\":\"WebSite\",\"@id\":\"https:\\\/\\\/www.eldiario.net\\\/portal\\\/#website\",\"url\":\"https:\\\/\\\/www.eldiario.net\\\/portal\\\/\",\"name\":\"El Diario - Decano de la prensa nacional\",\"description\":\"El Diario - Decano de la prensa nacional\",\"publisher\":{\"@id\":\"https:\\\/\\\/www.eldiario.net\\\/portal\\\/#organization\"},\"potentialAction\":[{\"@type\":\"SearchAction\",\"target\":{\"@type\":\"EntryPoint\",\"urlTemplate\":\"https:\\\/\\\/www.eldiario.net\\\/portal\\\/?s={search_term_string}\"},\"query-input\":{\"@type\":\"PropertyValueSpecification\",\"valueRequired\":true,\"valueName\":\"search_term_string\"}}],\"inLanguage\":\"es\"},{\"@type\":\"Organization\",\"@id\":\"https:\\\/\\\/www.eldiario.net\\\/portal\\\/#organization\",\"name\":\"El Diario - Decano de la prensa nacional\",\"url\":\"https:\\\/\\\/www.eldiario.net\\\/portal\\\/\",\"logo\":{\"@type\":\"ImageObject\",\"inLanguage\":\"es\",\"@id\":\"https:\\\/\\\/www.eldiario.net\\\/portal\\\/#\\\/schema\\\/logo\\\/image\\\/\",\"url\":\"https:\\\/\\\/www.eldiario.net\\\/portal\\\/wp-content\\\/uploads\\\/2023\\\/07\\\/logo_ED.jpg\",\"contentUrl\":\"https:\\\/\\\/www.eldiario.net\\\/portal\\\/wp-content\\\/uploads\\\/2023\\\/07\\\/logo_ED.jpg\",\"width\":272,\"height\":52,\"caption\":\"El Diario - Decano de la prensa nacional\"},\"image\":{\"@id\":\"https:\\\/\\\/www.eldiario.net\\\/portal\\\/#\\\/schema\\\/logo\\\/image\\\/\"},\"sameAs\":[\"https:\\\/\\\/www.facebook.com\\\/eldiario.bolivia\\\/\",\"https:\\\/\\\/x.com\\\/eldiario_net\"]},{\"@type\":\"Person\",\"@id\":\"https:\\\/\\\/www.eldiario.net\\\/portal\\\/#\\\/schema\\\/person\\\/2c57cf2b7a7ae032e449e4c9b1019eac\",\"name\":\"Jeanette\",\"image\":{\"@type\":\"ImageObject\",\"inLanguage\":\"es\",\"@id\":\"https:\\\/\\\/secure.gravatar.com\\\/avatar\\\/3ea2118a5f7dad2b7138b1187a6b7ee55f160b9968b66013c3a3ef39dd7e5798?s=96&d=mm&r=g\",\"url\":\"https:\\\/\\\/secure.gravatar.com\\\/avatar\\\/3ea2118a5f7dad2b7138b1187a6b7ee55f160b9968b66013c3a3ef39dd7e5798?s=96&d=mm&r=g\",\"contentUrl\":\"https:\\\/\\\/secure.gravatar.com\\\/avatar\\\/3ea2118a5f7dad2b7138b1187a6b7ee55f160b9968b66013c3a3ef39dd7e5798?s=96&d=mm&r=g\",\"caption\":\"Jeanette\"},\"sameAs\":[\"https:\\\/\\\/www.eldiario.net\\\/portal\"],\"url\":\"https:\\\/\\\/www.eldiario.net\\\/portal\\\/author\\\/jeanette\\\/\"}]}<\/script>\n<!-- \/ Yoast SEO plugin. -->","yoast_head_json":{"title":"Yuri Ortu\u00f1o cantar\u00e1 en EEUU en el prestigioso Kennedy Center - El Diario - Bolivia","robots":{"index":"index","follow":"follow","max-snippet":"max-snippet:-1","max-image-preview":"max-image-preview:large","max-video-preview":"max-video-preview:-1"},"canonical":"https:\/\/www.eldiario.net\/portal\/2025\/08\/13\/yuri-ortuno-cantara-en-eeuu-en-el-prestigioso-kennedy-center\/","og_locale":"es_ES","og_type":"article","og_title":"Yuri Ortu\u00f1o cantar\u00e1 en EEUU en el prestigioso Kennedy Center - El Diario - Bolivia","og_description":"Como \u201cUn regalo de la divinidad\u201d, as\u00ed considera Yuri Ortu\u00f1o la actuaci\u00f3n que tendr\u00e1 este viernes 15 de agosto en el renombrado Kennedy Center, en Washington DC, Estados Unidos, donde presentar\u00e1 junto a La Nueva Proyecci\u00f3n un concierto lleno de m\u00fasica, tradici\u00f3n y sentimiento, en el marco de la celebraci\u00f3n del Bicentenario de Bolivia. El [&hellip;]","og_url":"https:\/\/www.eldiario.net\/portal\/2025\/08\/13\/yuri-ortuno-cantara-en-eeuu-en-el-prestigioso-kennedy-center\/","og_site_name":"El Diario - Bolivia","article_publisher":"https:\/\/www.facebook.com\/eldiario.bolivia\/","article_published_time":"2025-08-13T04:06:10+00:00","og_image":[{"width":1200,"height":1798,"url":"https:\/\/www.eldiario.net\/portal\/wp-content\/uploads\/2025\/08\/1-PRINCIPAL-2.webp","type":"image\/webp"}],"author":"Jeanette","twitter_card":"summary_large_image","twitter_creator":"@eldiario_net","twitter_site":"@eldiario_net","twitter_misc":{"Escrito por":"Jeanette","Tiempo de lectura":"5 minutos"},"schema":{"@context":"https:\/\/schema.org","@graph":[{"@type":"Article","@id":"https:\/\/www.eldiario.net\/portal\/2025\/08\/13\/yuri-ortuno-cantara-en-eeuu-en-el-prestigioso-kennedy-center\/#article","isPartOf":{"@id":"https:\/\/www.eldiario.net\/portal\/2025\/08\/13\/yuri-ortuno-cantara-en-eeuu-en-el-prestigioso-kennedy-center\/"},"author":{"name":"Jeanette","@id":"https:\/\/www.eldiario.net\/portal\/#\/schema\/person\/2c57cf2b7a7ae032e449e4c9b1019eac"},"headline":"Yuri Ortu\u00f1o cantar\u00e1 en EEUU en el prestigioso Kennedy Center","datePublished":"2025-08-13T04:06:10+00:00","mainEntityOfPage":{"@id":"https:\/\/www.eldiario.net\/portal\/2025\/08\/13\/yuri-ortuno-cantara-en-eeuu-en-el-prestigioso-kennedy-center\/"},"wordCount":1089,"publisher":{"@id":"https:\/\/www.eldiario.net\/portal\/#organization"},"image":{"@id":"https:\/\/www.eldiario.net\/portal\/2025\/08\/13\/yuri-ortuno-cantara-en-eeuu-en-el-prestigioso-kennedy-center\/#primaryimage"},"thumbnailUrl":"https:\/\/www.eldiario.net\/portal\/wp-content\/uploads\/2025\/08\/1-PRINCIPAL-2.webp","articleSection":["La Gu\u00eda"],"inLanguage":"es"},{"@type":"WebPage","@id":"https:\/\/www.eldiario.net\/portal\/2025\/08\/13\/yuri-ortuno-cantara-en-eeuu-en-el-prestigioso-kennedy-center\/","url":"https:\/\/www.eldiario.net\/portal\/2025\/08\/13\/yuri-ortuno-cantara-en-eeuu-en-el-prestigioso-kennedy-center\/","name":"Yuri Ortu\u00f1o cantar\u00e1 en EEUU en el prestigioso Kennedy Center - El Diario - Bolivia","isPartOf":{"@id":"https:\/\/www.eldiario.net\/portal\/#website"},"primaryImageOfPage":{"@id":"https:\/\/www.eldiario.net\/portal\/2025\/08\/13\/yuri-ortuno-cantara-en-eeuu-en-el-prestigioso-kennedy-center\/#primaryimage"},"image":{"@id":"https:\/\/www.eldiario.net\/portal\/2025\/08\/13\/yuri-ortuno-cantara-en-eeuu-en-el-prestigioso-kennedy-center\/#primaryimage"},"thumbnailUrl":"https:\/\/www.eldiario.net\/portal\/wp-content\/uploads\/2025\/08\/1-PRINCIPAL-2.webp","datePublished":"2025-08-13T04:06:10+00:00","breadcrumb":{"@id":"https:\/\/www.eldiario.net\/portal\/2025\/08\/13\/yuri-ortuno-cantara-en-eeuu-en-el-prestigioso-kennedy-center\/#breadcrumb"},"inLanguage":"es","potentialAction":[{"@type":"ReadAction","target":["https:\/\/www.eldiario.net\/portal\/2025\/08\/13\/yuri-ortuno-cantara-en-eeuu-en-el-prestigioso-kennedy-center\/"]}]},{"@type":"ImageObject","inLanguage":"es","@id":"https:\/\/www.eldiario.net\/portal\/2025\/08\/13\/yuri-ortuno-cantara-en-eeuu-en-el-prestigioso-kennedy-center\/#primaryimage","url":"https:\/\/www.eldiario.net\/portal\/wp-content\/uploads\/2025\/08\/1-PRINCIPAL-2.webp","contentUrl":"https:\/\/www.eldiario.net\/portal\/wp-content\/uploads\/2025\/08\/1-PRINCIPAL-2.webp","width":1200,"height":1798},{"@type":"BreadcrumbList","@id":"https:\/\/www.eldiario.net\/portal\/2025\/08\/13\/yuri-ortuno-cantara-en-eeuu-en-el-prestigioso-kennedy-center\/#breadcrumb","itemListElement":[{"@type":"ListItem","position":1,"name":"Portada","item":"https:\/\/www.eldiario.net\/portal\/"},{"@type":"ListItem","position":2,"name":"Yuri Ortu\u00f1o cantar\u00e1 en EEUU en el prestigioso Kennedy Center"}]},{"@type":"WebSite","@id":"https:\/\/www.eldiario.net\/portal\/#website","url":"https:\/\/www.eldiario.net\/portal\/","name":"El Diario - Decano de la prensa nacional","description":"El Diario - Decano de la prensa nacional","publisher":{"@id":"https:\/\/www.eldiario.net\/portal\/#organization"},"potentialAction":[{"@type":"SearchAction","target":{"@type":"EntryPoint","urlTemplate":"https:\/\/www.eldiario.net\/portal\/?s={search_term_string}"},"query-input":{"@type":"PropertyValueSpecification","valueRequired":true,"valueName":"search_term_string"}}],"inLanguage":"es"},{"@type":"Organization","@id":"https:\/\/www.eldiario.net\/portal\/#organization","name":"El Diario - Decano de la prensa nacional","url":"https:\/\/www.eldiario.net\/portal\/","logo":{"@type":"ImageObject","inLanguage":"es","@id":"https:\/\/www.eldiario.net\/portal\/#\/schema\/logo\/image\/","url":"https:\/\/www.eldiario.net\/portal\/wp-content\/uploads\/2023\/07\/logo_ED.jpg","contentUrl":"https:\/\/www.eldiario.net\/portal\/wp-content\/uploads\/2023\/07\/logo_ED.jpg","width":272,"height":52,"caption":"El Diario - Decano de la prensa nacional"},"image":{"@id":"https:\/\/www.eldiario.net\/portal\/#\/schema\/logo\/image\/"},"sameAs":["https:\/\/www.facebook.com\/eldiario.bolivia\/","https:\/\/x.com\/eldiario_net"]},{"@type":"Person","@id":"https:\/\/www.eldiario.net\/portal\/#\/schema\/person\/2c57cf2b7a7ae032e449e4c9b1019eac","name":"Jeanette","image":{"@type":"ImageObject","inLanguage":"es","@id":"https:\/\/secure.gravatar.com\/avatar\/3ea2118a5f7dad2b7138b1187a6b7ee55f160b9968b66013c3a3ef39dd7e5798?s=96&d=mm&r=g","url":"https:\/\/secure.gravatar.com\/avatar\/3ea2118a5f7dad2b7138b1187a6b7ee55f160b9968b66013c3a3ef39dd7e5798?s=96&d=mm&r=g","contentUrl":"https:\/\/secure.gravatar.com\/avatar\/3ea2118a5f7dad2b7138b1187a6b7ee55f160b9968b66013c3a3ef39dd7e5798?s=96&d=mm&r=g","caption":"Jeanette"},"sameAs":["https:\/\/www.eldiario.net\/portal"],"url":"https:\/\/www.eldiario.net\/portal\/author\/jeanette\/"}]}},"_links":{"self":[{"href":"https:\/\/www.eldiario.net\/portal\/wp-json\/wp\/v2\/posts\/323537","targetHints":{"allow":["GET"]}}],"collection":[{"href":"https:\/\/www.eldiario.net\/portal\/wp-json\/wp\/v2\/posts"}],"about":[{"href":"https:\/\/www.eldiario.net\/portal\/wp-json\/wp\/v2\/types\/post"}],"author":[{"embeddable":true,"href":"https:\/\/www.eldiario.net\/portal\/wp-json\/wp\/v2\/users\/1"}],"replies":[{"embeddable":true,"href":"https:\/\/www.eldiario.net\/portal\/wp-json\/wp\/v2\/comments?post=323537"}],"version-history":[{"count":1,"href":"https:\/\/www.eldiario.net\/portal\/wp-json\/wp\/v2\/posts\/323537\/revisions"}],"predecessor-version":[{"id":323542,"href":"https:\/\/www.eldiario.net\/portal\/wp-json\/wp\/v2\/posts\/323537\/revisions\/323542"}],"wp:featuredmedia":[{"embeddable":true,"href":"https:\/\/www.eldiario.net\/portal\/wp-json\/wp\/v2\/media\/323539"}],"wp:attachment":[{"href":"https:\/\/www.eldiario.net\/portal\/wp-json\/wp\/v2\/media?parent=323537"}],"wp:term":[{"taxonomy":"category","embeddable":true,"href":"https:\/\/www.eldiario.net\/portal\/wp-json\/wp\/v2\/categories?post=323537"},{"taxonomy":"post_tag","embeddable":true,"href":"https:\/\/www.eldiario.net\/portal\/wp-json\/wp\/v2\/tags?post=323537"}],"curies":[{"name":"wp","href":"https:\/\/api.w.org\/{rel}","templated":true}]}}