{"id":3231,"date":"2021-05-12T04:46:26","date_gmt":"2021-05-12T08:46:26","guid":{"rendered":"https:\/\/www.eldiario.net\/portal\/?p=3231"},"modified":"2021-05-12T04:46:26","modified_gmt":"2021-05-12T08:46:26","slug":"con-garra-el-futbol-femenino-cobra-fuerza","status":"publish","type":"post","link":"https:\/\/www.eldiario.net\/portal\/2021\/05\/12\/con-garra-el-futbol-femenino-cobra-fuerza\/","title":{"rendered":"Con garra, el f\u00fatbol femenino cobra fuerza"},"content":{"rendered":"<p>El f\u00fatbol femenino en La Paz va cobrando mayor fuerza con la creaci\u00f3n de la Asociaci\u00f3n de F\u00fatbol Femenino de La Paz, quienes desarrollan un torneo muy competitivo, adem\u00e1s de grandes cantidades de goles en sus partidos. Se disputaron dos fechas y este torneo va creciendo en expectativa.<br \/>\nCon el \u00edmpetu de no dejar inactivas a las jugadoras de f\u00fatbol, Ana L\u00eda Barra cre\u00f3 junto a varios equipos la Asociaci\u00f3n de esta disciplina. Todos los equipos se movilizaron para ser reconocidos por la Federaci\u00f3n Boliviana de F\u00fatbol, algo que consiguieron hacerlo.<br \/>\nUn total de 15 equipos fueron anotados para este certamen, en la cual, participan equipos muy reconocidos como ABB, Bol\u00edvar, The Strongest, Always Ready, entre otros conjuntos.<br \/>\nBarra manifest\u00f3 que existe una posibilidad de que \u201cel n\u00famero de representantes por cada asociaci\u00f3n se eleve a dos, pero esa es una decisi\u00f3n que debe tomar la Federaci\u00f3n\u201d.<br \/>\nEl premio al campe\u00f3n e este certamen ser\u00e1 la participaci\u00f3n a la Copa Sim\u00f3n Bol\u00edvar, previsto a jugarse en agosto. De acuerdo a ello el ganador de este certamen ir\u00e1 a la Copa Libertadores de la rama femenina.<br \/>\nEl certamen ya da de qu\u00e9 hablar, en la segunda fecha se anotaron un total de 45 goles en los cotejos disputados el fin de semana.<br \/>\nVilla Adela gole\u00f3 por 6-0 a Emprender; Imperio cay\u00f3 ante ABB por 1-4; mientras que Caranavi venci\u00f3 por 3-0 a Eva Per\u00f3n. Basco, por su parte, perdi\u00f3 ante Jaguares por 1-3; mientras que Prodebol no pudo ante \u00c1guilas Negras al caer por 1-6.<br \/>\nAlways Ready hizo de las suyas en el encuentro contra Mac\u00edas, al vencerlo por 2-0. Empero, el resultado m\u00e1s abultado registrado fue el de The Strongest, que gole\u00f3 por 16 a 0 a Suma Wara.<br \/>\nEn la siguiente jornada, Emprender enfrentar\u00e1 a Jaguares; Bol\u00edvar, que tuvo descanso, jugar\u00e1 con \u00c1guilas Negras; Mac\u00edas lo har\u00e1 contra Suma Wara; Prodebol jugar\u00e1 contra Basco FC; ABB frente a Villa Adela; The Strongest vs Imperio y Caranavi se medir\u00e1 contra Always Ready.<\/p>\n<p><img loading=\"lazy\" decoding=\"async\" class=\"aligncenter size-full wp-image-3233\" src=\"https:\/\/www.eldiario.net\/portal\/wp-content\/uploads\/2021\/05\/FOTO-2-2.jpg\" alt=\"\" width=\"1280\" height=\"853\" \/><\/p>\n<p><img loading=\"lazy\" decoding=\"async\" class=\"aligncenter size-full wp-image-3234\" src=\"https:\/\/www.eldiario.net\/portal\/wp-content\/uploads\/2021\/05\/FOTO-3.jpg\" alt=\"\" width=\"1280\" height=\"853\" \/><\/p>\n<p><img loading=\"lazy\" decoding=\"async\" class=\"aligncenter size-full wp-image-3235\" src=\"https:\/\/www.eldiario.net\/portal\/wp-content\/uploads\/2021\/05\/FOTO-4.jpg\" alt=\"\" width=\"1280\" height=\"853\" \/><\/p>\n<p><img loading=\"lazy\" decoding=\"async\" class=\"aligncenter size-full wp-image-3236\" src=\"https:\/\/www.eldiario.net\/portal\/wp-content\/uploads\/2021\/05\/FOTO-5.jpg\" alt=\"\" width=\"1280\" height=\"853\" \/><\/p>\n","protected":false},"excerpt":{"rendered":"<p>El f\u00fatbol femenino en La Paz va cobrando mayor fuerza con la creaci\u00f3n de la Asociaci\u00f3n de F\u00fatbol Femenino de La Paz, quienes desarrollan un torneo muy competitivo, adem\u00e1s de grandes cantidades de goles en sus partidos. Se disputaron dos fechas y este torneo va creciendo en expectativa. Con el \u00edmpetu de no dejar inactivas [&hellip;]<\/p>\n","protected":false},"author":1,"featured_media":3232,"comment_status":"closed","ping_status":"closed","sticky":false,"template":"","format":"standard","meta":{"_acf_changed":false,"footnotes":""},"categories":[6],"tags":[],"class_list":["post-3231","post","type-post","status-publish","format-standard","has-post-thumbnail","category-deportes"],"acf":{"antetitulo":""},"yoast_head":"<!-- This site is optimized with the Yoast SEO plugin v28.4 - https:\/\/yoast.com\/product\/yoast-seo-wordpress\/ -->\n<title>Con garra, el f\u00fatbol femenino cobra fuerza - El Diario - Bolivia<\/title>\n<meta name=\"robots\" content=\"index, follow, max-snippet:-1, max-image-preview:large, max-video-preview:-1\" \/>\n<link rel=\"canonical\" href=\"https:\/\/www.eldiario.net\/portal\/2021\/05\/12\/con-garra-el-futbol-femenino-cobra-fuerza\/\" \/>\n<meta property=\"og:locale\" content=\"es_ES\" \/>\n<meta property=\"og:type\" content=\"article\" \/>\n<meta property=\"og:title\" content=\"Con garra, el f\u00fatbol femenino cobra fuerza - El Diario - Bolivia\" \/>\n<meta property=\"og:description\" content=\"El f\u00fatbol femenino en La Paz va cobrando mayor fuerza con la creaci\u00f3n de la Asociaci\u00f3n de F\u00fatbol Femenino de La Paz, quienes desarrollan un torneo muy competitivo, adem\u00e1s de grandes cantidades de goles en sus partidos. Se disputaron dos fechas y este torneo va creciendo en expectativa. Con el \u00edmpetu de no dejar inactivas [&hellip;]\" \/>\n<meta property=\"og:url\" content=\"https:\/\/www.eldiario.net\/portal\/2021\/05\/12\/con-garra-el-futbol-femenino-cobra-fuerza\/\" \/>\n<meta property=\"og:site_name\" content=\"El Diario - Bolivia\" \/>\n<meta property=\"article:publisher\" content=\"https:\/\/www.facebook.com\/eldiario.bolivia\/\" \/>\n<meta property=\"article:published_time\" content=\"2021-05-12T08:46:26+00:00\" \/>\n<meta name=\"author\" content=\"Jeanette\" \/>\n<meta name=\"twitter:card\" content=\"summary_large_image\" \/>\n<meta name=\"twitter:creator\" content=\"@eldiario_net\" \/>\n<meta name=\"twitter:site\" content=\"@eldiario_net\" \/>\n<meta name=\"twitter:label1\" content=\"Escrito por\" \/>\n\t<meta name=\"twitter:data1\" content=\"Jeanette\" \/>\n\t<meta name=\"twitter:label2\" content=\"Tiempo de lectura\" \/>\n\t<meta name=\"twitter:data2\" content=\"3 minutos\" \/>\n<script type=\"application\/ld+json\" class=\"yoast-schema-graph\">{\"@context\":\"https:\\\/\\\/schema.org\",\"@graph\":[{\"@type\":\"Article\",\"@id\":\"https:\\\/\\\/www.eldiario.net\\\/portal\\\/2021\\\/05\\\/12\\\/con-garra-el-futbol-femenino-cobra-fuerza\\\/#article\",\"isPartOf\":{\"@id\":\"https:\\\/\\\/www.eldiario.net\\\/portal\\\/2021\\\/05\\\/12\\\/con-garra-el-futbol-femenino-cobra-fuerza\\\/\"},\"author\":{\"name\":\"Jeanette\",\"@id\":\"https:\\\/\\\/www.eldiario.net\\\/portal\\\/#\\\/schema\\\/person\\\/f46445640444750d7d753ccd04ae01b7\"},\"headline\":\"Con garra, el f\u00fatbol femenino cobra fuerza\",\"datePublished\":\"2021-05-12T08:46:26+00:00\",\"mainEntityOfPage\":{\"@id\":\"https:\\\/\\\/www.eldiario.net\\\/portal\\\/2021\\\/05\\\/12\\\/con-garra-el-futbol-femenino-cobra-fuerza\\\/\"},\"wordCount\":360,\"publisher\":{\"@id\":\"https:\\\/\\\/www.eldiario.net\\\/portal\\\/#organization\"},\"image\":{\"@id\":\"https:\\\/\\\/www.eldiario.net\\\/portal\\\/2021\\\/05\\\/12\\\/con-garra-el-futbol-femenino-cobra-fuerza\\\/#primaryimage\"},\"thumbnailUrl\":\"\",\"articleSection\":[\"Deportes\"],\"inLanguage\":\"es\"},{\"@type\":\"WebPage\",\"@id\":\"https:\\\/\\\/www.eldiario.net\\\/portal\\\/2021\\\/05\\\/12\\\/con-garra-el-futbol-femenino-cobra-fuerza\\\/\",\"url\":\"https:\\\/\\\/www.eldiario.net\\\/portal\\\/2021\\\/05\\\/12\\\/con-garra-el-futbol-femenino-cobra-fuerza\\\/\",\"name\":\"Con garra, el f\u00fatbol femenino cobra fuerza - El Diario - Bolivia\",\"isPartOf\":{\"@id\":\"https:\\\/\\\/www.eldiario.net\\\/portal\\\/#website\"},\"primaryImageOfPage\":{\"@id\":\"https:\\\/\\\/www.eldiario.net\\\/portal\\\/2021\\\/05\\\/12\\\/con-garra-el-futbol-femenino-cobra-fuerza\\\/#primaryimage\"},\"image\":{\"@id\":\"https:\\\/\\\/www.eldiario.net\\\/portal\\\/2021\\\/05\\\/12\\\/con-garra-el-futbol-femenino-cobra-fuerza\\\/#primaryimage\"},\"thumbnailUrl\":\"\",\"datePublished\":\"2021-05-12T08:46:26+00:00\",\"breadcrumb\":{\"@id\":\"https:\\\/\\\/www.eldiario.net\\\/portal\\\/2021\\\/05\\\/12\\\/con-garra-el-futbol-femenino-cobra-fuerza\\\/#breadcrumb\"},\"inLanguage\":\"es\",\"potentialAction\":[{\"@type\":\"ReadAction\",\"target\":[\"https:\\\/\\\/www.eldiario.net\\\/portal\\\/2021\\\/05\\\/12\\\/con-garra-el-futbol-femenino-cobra-fuerza\\\/\"]}]},{\"@type\":\"ImageObject\",\"inLanguage\":\"es\",\"@id\":\"https:\\\/\\\/www.eldiario.net\\\/portal\\\/2021\\\/05\\\/12\\\/con-garra-el-futbol-femenino-cobra-fuerza\\\/#primaryimage\",\"url\":\"\",\"contentUrl\":\"\"},{\"@type\":\"BreadcrumbList\",\"@id\":\"https:\\\/\\\/www.eldiario.net\\\/portal\\\/2021\\\/05\\\/12\\\/con-garra-el-futbol-femenino-cobra-fuerza\\\/#breadcrumb\",\"itemListElement\":[{\"@type\":\"ListItem\",\"position\":1,\"name\":\"Portada\",\"item\":\"https:\\\/\\\/www.eldiario.net\\\/portal\\\/\"},{\"@type\":\"ListItem\",\"position\":2,\"name\":\"Con garra, el f\u00fatbol femenino cobra fuerza\"}]},{\"@type\":\"WebSite\",\"@id\":\"https:\\\/\\\/www.eldiario.net\\\/portal\\\/#website\",\"url\":\"https:\\\/\\\/www.eldiario.net\\\/portal\\\/\",\"name\":\"El Diario - Decano de la prensa nacional\",\"description\":\"El Diario - Decano de la prensa nacional\",\"publisher\":{\"@id\":\"https:\\\/\\\/www.eldiario.net\\\/portal\\\/#organization\"},\"potentialAction\":[{\"@type\":\"SearchAction\",\"target\":{\"@type\":\"EntryPoint\",\"urlTemplate\":\"https:\\\/\\\/www.eldiario.net\\\/portal\\\/?s={search_term_string}\"},\"query-input\":{\"@type\":\"PropertyValueSpecification\",\"valueRequired\":true,\"valueName\":\"search_term_string\"}}],\"inLanguage\":\"es\"},{\"@type\":\"Organization\",\"@id\":\"https:\\\/\\\/www.eldiario.net\\\/portal\\\/#organization\",\"name\":\"El Diario - Decano de la prensa nacional\",\"url\":\"https:\\\/\\\/www.eldiario.net\\\/portal\\\/\",\"logo\":{\"@type\":\"ImageObject\",\"inLanguage\":\"es\",\"@id\":\"https:\\\/\\\/www.eldiario.net\\\/portal\\\/#\\\/schema\\\/logo\\\/image\\\/\",\"url\":\"https:\\\/\\\/www.eldiario.net\\\/portal\\\/wp-content\\\/uploads\\\/2023\\\/07\\\/logo_ED.jpg\",\"contentUrl\":\"https:\\\/\\\/www.eldiario.net\\\/portal\\\/wp-content\\\/uploads\\\/2023\\\/07\\\/logo_ED.jpg\",\"width\":272,\"height\":52,\"caption\":\"El Diario - Decano de la prensa nacional\"},\"image\":{\"@id\":\"https:\\\/\\\/www.eldiario.net\\\/portal\\\/#\\\/schema\\\/logo\\\/image\\\/\"},\"sameAs\":[\"https:\\\/\\\/www.facebook.com\\\/eldiario.bolivia\\\/\",\"https:\\\/\\\/x.com\\\/eldiario_net\"]},{\"@type\":\"Person\",\"@id\":\"https:\\\/\\\/www.eldiario.net\\\/portal\\\/#\\\/schema\\\/person\\\/f46445640444750d7d753ccd04ae01b7\",\"name\":\"Jeanette\",\"image\":{\"@type\":\"ImageObject\",\"inLanguage\":\"es\",\"@id\":\"https:\\\/\\\/secure.gravatar.com\\\/avatar\\\/3ea2118a5f7dad2b7138b1187a6b7ee55f160b9968b66013c3a3ef39dd7e5798?s=96&d=mm&r=g\",\"url\":\"https:\\\/\\\/secure.gravatar.com\\\/avatar\\\/3ea2118a5f7dad2b7138b1187a6b7ee55f160b9968b66013c3a3ef39dd7e5798?s=96&d=mm&r=g\",\"contentUrl\":\"https:\\\/\\\/secure.gravatar.com\\\/avatar\\\/3ea2118a5f7dad2b7138b1187a6b7ee55f160b9968b66013c3a3ef39dd7e5798?s=96&d=mm&r=g\",\"caption\":\"Jeanette\"},\"sameAs\":[\"https:\\\/\\\/www.eldiario.net\\\/portal\"],\"url\":\"https:\\\/\\\/www.eldiario.net\\\/portal\\\/author\\\/jeanette\\\/\"}]}<\/script>\n<!-- \/ Yoast SEO plugin. -->","yoast_head_json":{"title":"Con garra, el f\u00fatbol femenino cobra fuerza - El Diario - Bolivia","robots":{"index":"index","follow":"follow","max-snippet":"max-snippet:-1","max-image-preview":"max-image-preview:large","max-video-preview":"max-video-preview:-1"},"canonical":"https:\/\/www.eldiario.net\/portal\/2021\/05\/12\/con-garra-el-futbol-femenino-cobra-fuerza\/","og_locale":"es_ES","og_type":"article","og_title":"Con garra, el f\u00fatbol femenino cobra fuerza - El Diario - Bolivia","og_description":"El f\u00fatbol femenino en La Paz va cobrando mayor fuerza con la creaci\u00f3n de la Asociaci\u00f3n de F\u00fatbol Femenino de La Paz, quienes desarrollan un torneo muy competitivo, adem\u00e1s de grandes cantidades de goles en sus partidos. Se disputaron dos fechas y este torneo va creciendo en expectativa. Con el \u00edmpetu de no dejar inactivas [&hellip;]","og_url":"https:\/\/www.eldiario.net\/portal\/2021\/05\/12\/con-garra-el-futbol-femenino-cobra-fuerza\/","og_site_name":"El Diario - Bolivia","article_publisher":"https:\/\/www.facebook.com\/eldiario.bolivia\/","article_published_time":"2021-05-12T08:46:26+00:00","author":"Jeanette","twitter_card":"summary_large_image","twitter_creator":"@eldiario_net","twitter_site":"@eldiario_net","twitter_misc":{"Escrito por":"Jeanette","Tiempo de lectura":"3 minutos"},"schema":{"@context":"https:\/\/schema.org","@graph":[{"@type":"Article","@id":"https:\/\/www.eldiario.net\/portal\/2021\/05\/12\/con-garra-el-futbol-femenino-cobra-fuerza\/#article","isPartOf":{"@id":"https:\/\/www.eldiario.net\/portal\/2021\/05\/12\/con-garra-el-futbol-femenino-cobra-fuerza\/"},"author":{"name":"Jeanette","@id":"https:\/\/www.eldiario.net\/portal\/#\/schema\/person\/f46445640444750d7d753ccd04ae01b7"},"headline":"Con garra, el f\u00fatbol femenino cobra fuerza","datePublished":"2021-05-12T08:46:26+00:00","mainEntityOfPage":{"@id":"https:\/\/www.eldiario.net\/portal\/2021\/05\/12\/con-garra-el-futbol-femenino-cobra-fuerza\/"},"wordCount":360,"publisher":{"@id":"https:\/\/www.eldiario.net\/portal\/#organization"},"image":{"@id":"https:\/\/www.eldiario.net\/portal\/2021\/05\/12\/con-garra-el-futbol-femenino-cobra-fuerza\/#primaryimage"},"thumbnailUrl":"","articleSection":["Deportes"],"inLanguage":"es"},{"@type":"WebPage","@id":"https:\/\/www.eldiario.net\/portal\/2021\/05\/12\/con-garra-el-futbol-femenino-cobra-fuerza\/","url":"https:\/\/www.eldiario.net\/portal\/2021\/05\/12\/con-garra-el-futbol-femenino-cobra-fuerza\/","name":"Con garra, el f\u00fatbol femenino cobra fuerza - El Diario - Bolivia","isPartOf":{"@id":"https:\/\/www.eldiario.net\/portal\/#website"},"primaryImageOfPage":{"@id":"https:\/\/www.eldiario.net\/portal\/2021\/05\/12\/con-garra-el-futbol-femenino-cobra-fuerza\/#primaryimage"},"image":{"@id":"https:\/\/www.eldiario.net\/portal\/2021\/05\/12\/con-garra-el-futbol-femenino-cobra-fuerza\/#primaryimage"},"thumbnailUrl":"","datePublished":"2021-05-12T08:46:26+00:00","breadcrumb":{"@id":"https:\/\/www.eldiario.net\/portal\/2021\/05\/12\/con-garra-el-futbol-femenino-cobra-fuerza\/#breadcrumb"},"inLanguage":"es","potentialAction":[{"@type":"ReadAction","target":["https:\/\/www.eldiario.net\/portal\/2021\/05\/12\/con-garra-el-futbol-femenino-cobra-fuerza\/"]}]},{"@type":"ImageObject","inLanguage":"es","@id":"https:\/\/www.eldiario.net\/portal\/2021\/05\/12\/con-garra-el-futbol-femenino-cobra-fuerza\/#primaryimage","url":"","contentUrl":""},{"@type":"BreadcrumbList","@id":"https:\/\/www.eldiario.net\/portal\/2021\/05\/12\/con-garra-el-futbol-femenino-cobra-fuerza\/#breadcrumb","itemListElement":[{"@type":"ListItem","position":1,"name":"Portada","item":"https:\/\/www.eldiario.net\/portal\/"},{"@type":"ListItem","position":2,"name":"Con garra, el f\u00fatbol femenino cobra fuerza"}]},{"@type":"WebSite","@id":"https:\/\/www.eldiario.net\/portal\/#website","url":"https:\/\/www.eldiario.net\/portal\/","name":"El Diario - Decano de la prensa nacional","description":"El Diario - Decano de la prensa nacional","publisher":{"@id":"https:\/\/www.eldiario.net\/portal\/#organization"},"potentialAction":[{"@type":"SearchAction","target":{"@type":"EntryPoint","urlTemplate":"https:\/\/www.eldiario.net\/portal\/?s={search_term_string}"},"query-input":{"@type":"PropertyValueSpecification","valueRequired":true,"valueName":"search_term_string"}}],"inLanguage":"es"},{"@type":"Organization","@id":"https:\/\/www.eldiario.net\/portal\/#organization","name":"El Diario - Decano de la prensa nacional","url":"https:\/\/www.eldiario.net\/portal\/","logo":{"@type":"ImageObject","inLanguage":"es","@id":"https:\/\/www.eldiario.net\/portal\/#\/schema\/logo\/image\/","url":"https:\/\/www.eldiario.net\/portal\/wp-content\/uploads\/2023\/07\/logo_ED.jpg","contentUrl":"https:\/\/www.eldiario.net\/portal\/wp-content\/uploads\/2023\/07\/logo_ED.jpg","width":272,"height":52,"caption":"El Diario - Decano de la prensa nacional"},"image":{"@id":"https:\/\/www.eldiario.net\/portal\/#\/schema\/logo\/image\/"},"sameAs":["https:\/\/www.facebook.com\/eldiario.bolivia\/","https:\/\/x.com\/eldiario_net"]},{"@type":"Person","@id":"https:\/\/www.eldiario.net\/portal\/#\/schema\/person\/f46445640444750d7d753ccd04ae01b7","name":"Jeanette","image":{"@type":"ImageObject","inLanguage":"es","@id":"https:\/\/secure.gravatar.com\/avatar\/3ea2118a5f7dad2b7138b1187a6b7ee55f160b9968b66013c3a3ef39dd7e5798?s=96&d=mm&r=g","url":"https:\/\/secure.gravatar.com\/avatar\/3ea2118a5f7dad2b7138b1187a6b7ee55f160b9968b66013c3a3ef39dd7e5798?s=96&d=mm&r=g","contentUrl":"https:\/\/secure.gravatar.com\/avatar\/3ea2118a5f7dad2b7138b1187a6b7ee55f160b9968b66013c3a3ef39dd7e5798?s=96&d=mm&r=g","caption":"Jeanette"},"sameAs":["https:\/\/www.eldiario.net\/portal"],"url":"https:\/\/www.eldiario.net\/portal\/author\/jeanette\/"}]}},"_links":{"self":[{"href":"https:\/\/www.eldiario.net\/portal\/wp-json\/wp\/v2\/posts\/3231","targetHints":{"allow":["GET"]}}],"collection":[{"href":"https:\/\/www.eldiario.net\/portal\/wp-json\/wp\/v2\/posts"}],"about":[{"href":"https:\/\/www.eldiario.net\/portal\/wp-json\/wp\/v2\/types\/post"}],"author":[{"embeddable":true,"href":"https:\/\/www.eldiario.net\/portal\/wp-json\/wp\/v2\/users\/1"}],"replies":[{"embeddable":true,"href":"https:\/\/www.eldiario.net\/portal\/wp-json\/wp\/v2\/comments?post=3231"}],"version-history":[{"count":0,"href":"https:\/\/www.eldiario.net\/portal\/wp-json\/wp\/v2\/posts\/3231\/revisions"}],"wp:attachment":[{"href":"https:\/\/www.eldiario.net\/portal\/wp-json\/wp\/v2\/media?parent=3231"}],"wp:term":[{"taxonomy":"category","embeddable":true,"href":"https:\/\/www.eldiario.net\/portal\/wp-json\/wp\/v2\/categories?post=3231"},{"taxonomy":"post_tag","embeddable":true,"href":"https:\/\/www.eldiario.net\/portal\/wp-json\/wp\/v2\/tags?post=3231"}],"curies":[{"name":"wp","href":"https:\/\/api.w.org\/{rel}","templated":true}]}}