{"id":323092,"date":"2025-08-11T00:16:17","date_gmt":"2025-08-11T04:16:17","guid":{"rendered":"https:\/\/www.eldiario.net\/portal\/?p=323092"},"modified":"2025-08-10T22:19:49","modified_gmt":"2025-08-11T02:19:49","slug":"pancara-rompe-esquemas-con-su-nuevo-sencillo-es-bolivia","status":"publish","type":"post","link":"https:\/\/www.eldiario.net\/portal\/2025\/08\/11\/pancara-rompe-esquemas-con-su-nuevo-sencillo-es-bolivia\/","title":{"rendered":"Pancara rompe esquemas con  su nuevo sencillo \u201cEs Bolivia\u201d"},"content":{"rendered":"<p>La artista boliviana Pancara lanza su nuevo sencillo \u201cEs Bolivia\u201d, una obra musical profundamente emotiva que conjuga folklore, poes\u00eda, identidad y evoluci\u00f3n sonora.<\/p>\n<p>Esta pieza, parte de su nuevo proyecto discogr\u00e1fico \u201cRa\u00edces\u201d, propone un viaje a trav\u00e9s del alma de Bolivia, vista desde los ojos de una artista que ha vivido gran parte de su vida fuera del pa\u00eds, pero que nunca dej\u00f3 de pertenecerle.<\/p>\n<p>Con una apertura conmovedora que reproduce el sonido del viento andino a trav\u00e9s de charangos y arreglos de grupos de vientos y quenachos, Pancara narra en m\u00fasica lo que fue su infancia en el altiplano y la mirada nost\u00e1lgica de quien admira su tierra desde la distancia.<\/p>\n<p>\u201cEs Bolivia\u201d no es solo una canci\u00f3n, es un homenaje a la riqueza cultural, a la fuerza del esp\u00edritu de su pueblo y a una naci\u00f3n cuya m\u00fasica sigue siendo un tesoro a\u00fan por ser descubierto plenamente en el mundo.<\/p>\n<p><strong>UNA PIEZA QUE CAMBIA LA VISI\u00d3N DE LA M\u00daSICA BOLIVIANA<\/strong><\/p>\n<p>Fiel a su estilo po\u00e9tico y vanguardista, Pancara rompe esquemas nuevamente con una producci\u00f3n moderna que mantiene la esencia de los instrumentos aut\u00f3ctonos y los eleva con una propuesta fresca, innovadora y emocionalmente potente. El resultado es un tema que invita a los bolivianos \u2014dentro y fuera del pa\u00eds\u2014 a reencontrarse con su tierra y a los oyentes de otros pa\u00edses a descubrir un universo musical cargado de belleza y autenticidad.<\/p>\n<p>\u201cEsta canci\u00f3n es una mirada luminosa sobre Bolivia, una visi\u00f3n generosa de su alma a trav\u00e9s del ritmo, del viento, de sus monta\u00f1as, su generosa cultura y su magnificencia. No es solo nostalgia, es esperanza, es celebraci\u00f3n\u201d, afirma Pancara.<\/p>\n<p><strong>LA ARTISTA<\/strong><\/p>\n<p>Pancara es una artista boliviana multidisciplinaria que fusiona m\u00fasica, danza, literatura y gesti\u00f3n cultural con un fuerte enfoque en identidad, ra\u00edces y conciencia social. Reconocida por su capacidad de conectar lo ancestral con lo contempor\u00e1neo, ha sabido trasladar la esencia del folklore boliviano a escenarios internacionales, reinvent\u00e1ndolo a trav\u00e9s de sonidos globales, poes\u00eda accesible y una est\u00e9tica profundamente personal.<\/p>\n<p><strong>UNA VOZ AUT\u00c9NTICA DEL FOLKLORE CONTEMPOR\u00c1NEO<\/strong><\/p>\n<p>Pancara ha logrado posicionarse como una de las artistas bolivianas m\u00e1s innovadoras, creando una fusi\u00f3n propia que ha denominado Rock Afro Boliviano. Con m\u00e1s de 200 composiciones registradas legalmente en EEUU, su m\u00fasica recorre el folklore andino, el pop-rock latino y ritmos afrodescendientes, con letras cargadas de sensibilidad po\u00e9tica.<\/p>\n<p>Su segundo \u00e1lbum, \u201cEl Carnaval del Amor\u201d, fue declarado Canci\u00f3n Oficial del Carnaval en Bolivia y distribuido a nivel internacional. Su sencillo \u201cEnamorado de m\u00ed\u201d se posicion\u00f3 en los Top 20 de pop en EEUU y fue seleccionado por Top 10 Music como canci\u00f3n destacada para el Mundial de Brasil 2014.<\/p>\n<p><strong>COLABORACIONES Y PRODUCCI\u00d3N INTERNACIONAL<\/strong><\/p>\n<p>La artista ha trabajado con destacados productores de la industria latina, incluyendo colaboradores de Carlos Vives, Ricky Martin, Bee Gees, Shakira, Cristian Castro y Luis Fonsi, adem\u00e1s de grabar en estudios ic\u00f3nicos como el de Armando Manzanero en Miami. En su m\u00e1s reciente producci\u00f3n cuenta con la participaci\u00f3n de Los Kjarkas, leyendas del folklore boliviano y sus mentores art\u00edsticos.<\/p>\n<p><strong>COMPROMISO LITERARIO Y MOVIMIENTO CULTURAL<\/strong><\/p>\n<p>Autora de cuatro poemarios, Pancara fund\u00f3 en el a\u00f1o 2000 el movimiento Poes\u00eda Para Todos, con el prop\u00f3sito de democratizar el acceso a la poes\u00eda. Su trabajo fue editado en varios pa\u00edses y presentado en formatos innovadores, como exposiciones fotogr\u00e1ficas y performances po\u00e9ticas.<\/p>\n<p>Su fuerza como escritora se demuestra desde sus tempranos a\u00f1os, en sus poemas plasmados en siete libros, entre algunos que han roto r\u00e9cord de ventas nacionales como \u201cYo tambi\u00e9n nac\u00ed desnudo\u201d.<\/p>\n<p><strong>EDUCACI\u00d3N Y GESTI\u00d3N CULTURAL<\/strong><\/p>\n<p>Graduada con honores Cum Laude M\u00e1ster en Comercio Internacional en Florida International University, Pancara combina su formaci\u00f3n empresarial con su trabajo creativo. Se especializ\u00f3 en Gesti\u00f3n Cultural y es Licenciada en Administraci\u00f3n de Empresas, promoviendo la profesionalizaci\u00f3n de las industrias creativas en Am\u00e9rica Latina. Fue invitada a crear un \u00e1rea acad\u00e9mica dedicada a esta disciplina en la Universidad Cat\u00f3lica Boliviana y gan\u00f3 una beca en Harvard Business School por su trabajo en su fundaci\u00f3n como l\u00edder.<\/p>\n<p><strong>TRAYECTORIA ESC\u00c9NICA Y PRIMEROS A\u00d1OS<\/strong><\/p>\n<p>Desde los cuatro a\u00f1os, Pancara mostr\u00f3 una fuerte vocaci\u00f3n esc\u00e9nica. Particip\u00f3 en obras de teatro para orfanatos y c\u00e1rceles de mujeres. Su formaci\u00f3n art\u00edstica comenz\u00f3 en el Teatro Col\u00f3n de Buenos Aires, influenciada por su t\u00eda, directora de \u00f3pera y escen\u00f3grafa. A los cinco a\u00f1os, debut\u00f3 como bailarina, y m\u00e1s tarde integr\u00f3 compa\u00f1\u00edas profesionales, incluyendo Los Kjarkas, como bailarina y core\u00f3grafa invitada.<\/p>\n<p>Sus presentaciones han recorrido importantes festivales internacionales y ferias mundiales, donde su dominio de cuatro idiomas le ha permitido trascender fronteras.<\/p>\n<p><strong>ACTIVISMO Y WORLD ANIMAL LIFE FOUNDATION<\/strong><\/p>\n<p>Pancara tambi\u00e9n es fundadora de la World Animal Life Foundation, una organizaci\u00f3n que promueve el respeto y la protecci\u00f3n de especies en peligro de extinci\u00f3n y a cambiar las pr\u00e1cticas de la sociedad que no respeten a los animales. Sus campa\u00f1as han tenido impacto medi\u00e1tico en m\u00e1s de 20 pa\u00edses y han impulsado pol\u00edticas de bienestar animal. Su enfoque humanitario tambi\u00e9n se refleja en sus letras, proyectos audiovisuales y acciones de activismo silencioso.<\/p>\n<p><strong>PREMIOS Y RECONOCIMIENTOS<\/strong><\/p>\n<ul>\n<li>Reconocida por la Academia de la Grabaci\u00f3n de los Grammy como miembro votante y convocada a representar a los compositores ante el Congreso de EEUU en defensa de derechos de autor.<\/li>\n<li>Elegida junto a Ricky Martin y Miss Universo como una de las<\/li>\n<\/ul>\n<p>personalidades m\u00e1s destacadas en los Latin Grammy 2010.<\/p>\n<ul>\n<li>Recibi\u00f3 reconocimientos en Bolivia y el extranjero por su trabajo a favor del arte, cultura y derechos de los animales.<\/li>\n<li>Fue invitada a realizar un homenaje musical con Bolivisi\u00f3n, con la canci\u00f3n \u00abEso que me ense\u00f1a a amar\u00bb, dedicada a quienes han partido y a la memoria colectiva durante la pandemia.<\/li>\n<\/ul>\n<p><strong>DISCOGRAF\u00cdA DESTACADA<\/strong><\/p>\n<ul>\n<li>\u201cEstamos Solos\u201d \u2013 \u00c1lbum debut en colaboraci\u00f3n con Elmer Hermosa (Los Kjarkas)<\/li>\n<li>\u201cEl Carnaval del Amor\u201d \u2013 N\u00famero 1 en radios bolivianas y canci\u00f3n oficial del Carnaval 2005<\/li>\n<li>\u201cTe Voy a Poner los Cuernos\u201d \u2013 Producci\u00f3n del maestro V\u00edctor Daniel (Celia Cruz, La India)<\/li>\n<li>\u201cPancara\u201d \u2013 \u00c1lbum grabado en Miami y Bolivia, con temas biling\u00fces en espa\u00f1ol y portugu\u00e9s para el Mundial Brasil 2014.<\/li>\n<li>\u201cRa\u00edces\u201d \u2013 su pr\u00f3ximo \u00e1lbum, programado para este 2025, con el lanzamiento del tema \u201cEs Bolivia\u201d.<\/li>\n<\/ul>\n<p><strong>M\u00c1S QUE UNA ARTISTA, UNA VISIONARIA CULTURAL<\/strong><\/p>\n<p>Su autenticidad, fuerza creativa y versatilidad la han convertido en una voz representativa de una generaci\u00f3n de artistas latinoamericanos comprometidos con su identidad, el arte transformador y el activismo. Pancara es, sin duda, una figura \u00fanica, cuyo legado art\u00edstico contin\u00faa creciendo con cada proyecto,<\/p>\n<p>canci\u00f3n y poema.<\/p>\n\r\n                <style type=\"text\/css\">\r\n                    \r\n                    #tdi_1  .td-doubleSlider-2 .td-item1 {\r\n                        background: url(https:\/\/www.eldiario.net\/portal\/wp-content\/uploads\/2025\/08\/1-PRINCIPAL-1-80x60.webp) 0 0 no-repeat;\r\n                    }\r\n                    #tdi_1  .td-doubleSlider-2 .td-item2 {\r\n                        background: url(https:\/\/www.eldiario.net\/portal\/wp-content\/uploads\/2025\/08\/2-2-80x60.webp) 0 0 no-repeat;\r\n                    }\r\n                    #tdi_1  .td-doubleSlider-2 .td-item3 {\r\n                        background: url(https:\/\/www.eldiario.net\/portal\/wp-content\/uploads\/2025\/08\/3-2-80x60.webp) 0 0 no-repeat;\r\n                    }\r\n                    #tdi_1  .td-doubleSlider-2 .td-item4 {\r\n                        background: url(https:\/\/www.eldiario.net\/portal\/wp-content\/uploads\/2025\/08\/4-2-80x60.webp) 0 0 no-repeat;\r\n                    }\r\n                    #tdi_1  .td-doubleSlider-2 .td-item5 {\r\n                        background: url(https:\/\/www.eldiario.net\/portal\/wp-content\/uploads\/2025\/08\/6-2-80x60.webp) 0 0 no-repeat;\r\n                    }\r\n                    #tdi_1  .td-doubleSlider-2 .td-item6 {\r\n                        background: url(https:\/\/www.eldiario.net\/portal\/wp-content\/uploads\/2025\/08\/5-2-80x60.webp) 0 0 no-repeat;\r\n                    }\r\n                <\/style>\r\n\r\n                <div id=\"tdi_1\" class=\"td-gallery td-slide-on-2-columns\">\r\n                    <div class=\"post_td_gallery\">\r\n                        <div class=\"td-gallery-slide-top\">\r\n                           <div class=\"td-gallery-title\"><\/div>\r\n\r\n                            <div class=\"td-gallery-controls-wrapper\">\r\n                                <div class=\"td-gallery-slide-count\"><span class=\"td-gallery-slide-item-focus\">1<\/span> de 6<\/div>\r\n                                <div class=\"td-gallery-slide-prev-next-but\">\r\n                                    <i class = \"td-icon-left doubleSliderPrevButton\"><\/i>\r\n                                    <i class = \"td-icon-right doubleSliderNextButton\"><\/i>\r\n                                <\/div>\r\n                            <\/div>\r\n                        <\/div>\r\n\r\n                        <div class = \"td-doubleSlider-1 \">\r\n                            <div class = \"td-slider\">\r\n                                \r\n                    <div class = \"td-slide-item td-item1\">\r\n                        <figure class=\"td-slide-galery-figure td-slide-popup-gallery\">\r\n                            <a class=\"slide-gallery-image-link\" href=\"https:\/\/www.eldiario.net\/portal\/wp-content\/uploads\/2025\/08\/1-PRINCIPAL-1.webp\" title=\"1-PRINCIPAL\"  data-caption=\"\"  data-description=\"\">\r\n                                <img decoding=\"async\" src=\"https:\/\/www.eldiario.net\/portal\/wp-content\/uploads\/2025\/08\/1-PRINCIPAL-1-417x420.webp\" srcset=\"https:\/\/www.eldiario.net\/portal\/wp-content\/uploads\/2025\/08\/1-PRINCIPAL-1-417x420.webp 417w, https:\/\/www.eldiario.net\/portal\/wp-content\/uploads\/2025\/08\/1-PRINCIPAL-1-298x300.webp 298w, https:\/\/www.eldiario.net\/portal\/wp-content\/uploads\/2025\/08\/1-PRINCIPAL-1-150x151.webp 150w, https:\/\/www.eldiario.net\/portal\/wp-content\/uploads\/2025\/08\/1-PRINCIPAL-1-300x302.webp 300w, https:\/\/www.eldiario.net\/portal\/wp-content\/uploads\/2025\/08\/1-PRINCIPAL-1-696x701.webp 696w, https:\/\/www.eldiario.net\/portal\/wp-content\/uploads\/2025\/08\/1-PRINCIPAL-1.webp 730w\" sizes=\"(max-width: 417px) 100vw, 417px\" alt=\"\">\r\n                            <\/a>\r\n                            \r\n                        <\/figure>\r\n                    <\/div>\r\n                    <div class = \"td-slide-item td-item2\">\r\n                        <figure class=\"td-slide-galery-figure td-slide-popup-gallery\">\r\n                            <a class=\"slide-gallery-image-link\" href=\"https:\/\/www.eldiario.net\/portal\/wp-content\/uploads\/2025\/08\/2-2.webp\" title=\"2\"  data-caption=\"\"  data-description=\"\">\r\n                                <img decoding=\"async\" src=\"https:\/\/www.eldiario.net\/portal\/wp-content\/uploads\/2025\/08\/2-2-369x420.webp\" srcset=\"https:\/\/www.eldiario.net\/portal\/wp-content\/uploads\/2025\/08\/2-2-369x420.webp 369w, https:\/\/www.eldiario.net\/portal\/wp-content\/uploads\/2025\/08\/2-2-263x300.webp 263w, https:\/\/www.eldiario.net\/portal\/wp-content\/uploads\/2025\/08\/2-2-768x875.webp 768w, https:\/\/www.eldiario.net\/portal\/wp-content\/uploads\/2025\/08\/2-2-150x171.webp 150w, https:\/\/www.eldiario.net\/portal\/wp-content\/uploads\/2025\/08\/2-2-300x342.webp 300w, https:\/\/www.eldiario.net\/portal\/wp-content\/uploads\/2025\/08\/2-2-696x793.webp 696w, https:\/\/www.eldiario.net\/portal\/wp-content\/uploads\/2025\/08\/2-2.webp 900w\" sizes=\"(max-width: 369px) 100vw, 369px\" alt=\"\">\r\n                            <\/a>\r\n                            \r\n                        <\/figure>\r\n                    <\/div>\r\n                    <div class = \"td-slide-item td-item3\">\r\n                        <figure class=\"td-slide-galery-figure td-slide-popup-gallery\">\r\n                            <a class=\"slide-gallery-image-link\" href=\"https:\/\/www.eldiario.net\/portal\/wp-content\/uploads\/2025\/08\/3-2.webp\" title=\"3\"  data-caption=\"\"  data-description=\"\">\r\n                                <img decoding=\"async\" src=\"https:\/\/www.eldiario.net\/portal\/wp-content\/uploads\/2025\/08\/3-2-297x420.webp\" srcset=\"https:\/\/www.eldiario.net\/portal\/wp-content\/uploads\/2025\/08\/3-2-297x420.webp 297w, https:\/\/www.eldiario.net\/portal\/wp-content\/uploads\/2025\/08\/3-2-212x300.webp 212w, https:\/\/www.eldiario.net\/portal\/wp-content\/uploads\/2025\/08\/3-2-150x212.webp 150w, https:\/\/www.eldiario.net\/portal\/wp-content\/uploads\/2025\/08\/3-2-300x424.webp 300w, https:\/\/www.eldiario.net\/portal\/wp-content\/uploads\/2025\/08\/3-2.webp 638w\" sizes=\"(max-width: 297px) 100vw, 297px\" alt=\"\">\r\n                            <\/a>\r\n                            \r\n                        <\/figure>\r\n                    <\/div>\r\n                    <div class = \"td-slide-item td-item4\">\r\n                        <figure class=\"td-slide-galery-figure td-slide-popup-gallery\">\r\n                            <a class=\"slide-gallery-image-link\" href=\"https:\/\/www.eldiario.net\/portal\/wp-content\/uploads\/2025\/08\/4-2.webp\" title=\"4\"  data-caption=\"\"  data-description=\"\">\r\n                                <img decoding=\"async\" src=\"https:\/\/www.eldiario.net\/portal\/wp-content\/uploads\/2025\/08\/4-2-535x420.webp\" srcset=\"https:\/\/www.eldiario.net\/portal\/wp-content\/uploads\/2025\/08\/4-2-535x420.webp 535w, https:\/\/www.eldiario.net\/portal\/wp-content\/uploads\/2025\/08\/4-2-300x235.webp 300w, https:\/\/www.eldiario.net\/portal\/wp-content\/uploads\/2025\/08\/4-2-768x602.webp 768w, https:\/\/www.eldiario.net\/portal\/wp-content\/uploads\/2025\/08\/4-2-150x118.webp 150w, https:\/\/www.eldiario.net\/portal\/wp-content\/uploads\/2025\/08\/4-2-696x546.webp 696w, https:\/\/www.eldiario.net\/portal\/wp-content\/uploads\/2025\/08\/4-2.webp 900w\" sizes=\"(max-width: 535px) 100vw, 535px\" alt=\"\">\r\n                            <\/a>\r\n                            \r\n                        <\/figure>\r\n                    <\/div>\r\n                    <div class = \"td-slide-item td-item5\">\r\n                        <figure class=\"td-slide-galery-figure td-slide-popup-gallery\">\r\n                            <a class=\"slide-gallery-image-link\" href=\"https:\/\/www.eldiario.net\/portal\/wp-content\/uploads\/2025\/08\/6-2.webp\" title=\"6\"  data-caption=\"\"  data-description=\"\">\r\n                                <img decoding=\"async\" src=\"https:\/\/www.eldiario.net\/portal\/wp-content\/uploads\/2025\/08\/6-2-494x420.webp\" srcset=\"https:\/\/www.eldiario.net\/portal\/wp-content\/uploads\/2025\/08\/6-2-494x420.webp 494w, https:\/\/www.eldiario.net\/portal\/wp-content\/uploads\/2025\/08\/6-2-300x255.webp 300w, https:\/\/www.eldiario.net\/portal\/wp-content\/uploads\/2025\/08\/6-2-1024x870.webp 1024w, https:\/\/www.eldiario.net\/portal\/wp-content\/uploads\/2025\/08\/6-2-768x653.webp 768w, https:\/\/www.eldiario.net\/portal\/wp-content\/uploads\/2025\/08\/6-2-150x128.webp 150w, https:\/\/www.eldiario.net\/portal\/wp-content\/uploads\/2025\/08\/6-2-696x592.webp 696w, https:\/\/www.eldiario.net\/portal\/wp-content\/uploads\/2025\/08\/6-2-1068x908.webp 1068w, https:\/\/www.eldiario.net\/portal\/wp-content\/uploads\/2025\/08\/6-2.webp 1200w\" sizes=\"(max-width: 494px) 100vw, 494px\" alt=\"\">\r\n                            <\/a>\r\n                            \r\n                        <\/figure>\r\n                    <\/div>\r\n                    <div class = \"td-slide-item td-item6\">\r\n                        <figure class=\"td-slide-galery-figure td-slide-popup-gallery\">\r\n                            <a class=\"slide-gallery-image-link\" href=\"https:\/\/www.eldiario.net\/portal\/wp-content\/uploads\/2025\/08\/5-2.webp\" title=\"5\"  data-caption=\"\"  data-description=\"\">\r\n                                <img decoding=\"async\" src=\"https:\/\/www.eldiario.net\/portal\/wp-content\/uploads\/2025\/08\/5-2-274x420.webp\" srcset=\"https:\/\/www.eldiario.net\/portal\/wp-content\/uploads\/2025\/08\/5-2-274x420.webp 274w, https:\/\/www.eldiario.net\/portal\/wp-content\/uploads\/2025\/08\/5-2-196x300.webp 196w, https:\/\/www.eldiario.net\/portal\/wp-content\/uploads\/2025\/08\/5-2-150x230.webp 150w, https:\/\/www.eldiario.net\/portal\/wp-content\/uploads\/2025\/08\/5-2-300x460.webp 300w, https:\/\/www.eldiario.net\/portal\/wp-content\/uploads\/2025\/08\/5-2.webp 399w\" sizes=\"(max-width: 274px) 100vw, 274px\" alt=\"\">\r\n                            <\/a>\r\n                            \r\n                        <\/figure>\r\n                    <\/div>\r\n                            <\/div>\r\n                        <\/div>\r\n\r\n                        <div class = \"td-doubleSlider-2\">\r\n                            <div class = \"td-slider\">\r\n                                \r\n                    <div class = \"td-button td-item1\">\r\n                        <div class = \"td-border\"><\/div>\r\n                    <\/div>\r\n                    <div class = \"td-button td-item2\">\r\n                        <div class = \"td-border\"><\/div>\r\n                    <\/div>\r\n                    <div class = \"td-button td-item3\">\r\n                        <div class = \"td-border\"><\/div>\r\n                    <\/div>\r\n                    <div class = \"td-button td-item4\">\r\n                        <div class = \"td-border\"><\/div>\r\n                    <\/div>\r\n                    <div class = \"td-button td-item5\">\r\n                        <div class = \"td-border\"><\/div>\r\n                    <\/div>\r\n                    <div class = \"td-button td-item6\">\r\n                        <div class = \"td-border\"><\/div>\r\n                    <\/div>\r\n                            <\/div>\r\n                        <\/div>\r\n\r\n                    <\/div>\r\n\r\n                <\/div>\r\n                \n","protected":false},"excerpt":{"rendered":"<p>La artista boliviana Pancara lanza su nuevo sencillo \u201cEs Bolivia\u201d, una obra musical profundamente emotiva que conjuga folklore, poes\u00eda, identidad y evoluci\u00f3n sonora. Esta pieza, parte de su nuevo proyecto discogr\u00e1fico \u201cRa\u00edces\u201d, propone un viaje a trav\u00e9s del alma de Bolivia, vista desde los ojos de una artista que ha vivido gran parte de su [&hellip;]<\/p>\n","protected":false},"author":1,"featured_media":323093,"comment_status":"closed","ping_status":"open","sticky":false,"template":"","format":"standard","meta":{"_acf_changed":false,"footnotes":""},"categories":[41],"tags":[],"class_list":["post-323092","post","type-post","status-publish","format-standard","has-post-thumbnail","category-la-guia"],"acf":{"antetitulo":""},"yoast_head":"<!-- This site is optimized with the Yoast SEO plugin v28.4 - https:\/\/yoast.com\/product\/yoast-seo-wordpress\/ -->\n<title>Pancara rompe esquemas con su nuevo sencillo \u201cEs Bolivia\u201d - El Diario - Bolivia<\/title>\n<meta name=\"robots\" content=\"index, follow, max-snippet:-1, max-image-preview:large, max-video-preview:-1\" \/>\n<link rel=\"canonical\" href=\"https:\/\/www.eldiario.net\/portal\/2025\/08\/11\/pancara-rompe-esquemas-con-su-nuevo-sencillo-es-bolivia\/\" \/>\n<meta property=\"og:locale\" content=\"es_ES\" \/>\n<meta property=\"og:type\" content=\"article\" \/>\n<meta property=\"og:title\" content=\"Pancara rompe esquemas con su nuevo sencillo \u201cEs Bolivia\u201d - El Diario - Bolivia\" \/>\n<meta property=\"og:description\" content=\"La artista boliviana Pancara lanza su nuevo sencillo \u201cEs Bolivia\u201d, una obra musical profundamente emotiva que conjuga folklore, poes\u00eda, identidad y evoluci\u00f3n sonora. Esta pieza, parte de su nuevo proyecto discogr\u00e1fico \u201cRa\u00edces\u201d, propone un viaje a trav\u00e9s del alma de Bolivia, vista desde los ojos de una artista que ha vivido gran parte de su [&hellip;]\" \/>\n<meta property=\"og:url\" content=\"https:\/\/www.eldiario.net\/portal\/2025\/08\/11\/pancara-rompe-esquemas-con-su-nuevo-sencillo-es-bolivia\/\" \/>\n<meta property=\"og:site_name\" content=\"El Diario - Bolivia\" \/>\n<meta property=\"article:publisher\" content=\"https:\/\/www.facebook.com\/eldiario.bolivia\/\" \/>\n<meta property=\"article:published_time\" content=\"2025-08-11T04:16:17+00:00\" \/>\n<meta property=\"og:image\" content=\"https:\/\/www.eldiario.net\/portal\/wp-content\/uploads\/2025\/08\/1-PRINCIPAL-1.webp\" \/>\n\t<meta property=\"og:image:width\" content=\"730\" \/>\n\t<meta property=\"og:image:height\" content=\"735\" \/>\n\t<meta property=\"og:image:type\" content=\"image\/webp\" \/>\n<meta name=\"author\" content=\"Jeanette\" \/>\n<meta name=\"twitter:card\" content=\"summary_large_image\" \/>\n<meta name=\"twitter:creator\" content=\"@eldiario_net\" \/>\n<meta name=\"twitter:site\" content=\"@eldiario_net\" \/>\n<meta name=\"twitter:label1\" content=\"Escrito por\" \/>\n\t<meta name=\"twitter:data1\" content=\"Jeanette\" \/>\n\t<meta name=\"twitter:label2\" content=\"Tiempo de lectura\" \/>\n\t<meta name=\"twitter:data2\" content=\"6 minutos\" \/>\n<script type=\"application\/ld+json\" class=\"yoast-schema-graph\">{\"@context\":\"https:\\\/\\\/schema.org\",\"@graph\":[{\"@type\":\"Article\",\"@id\":\"https:\\\/\\\/www.eldiario.net\\\/portal\\\/2025\\\/08\\\/11\\\/pancara-rompe-esquemas-con-su-nuevo-sencillo-es-bolivia\\\/#article\",\"isPartOf\":{\"@id\":\"https:\\\/\\\/www.eldiario.net\\\/portal\\\/2025\\\/08\\\/11\\\/pancara-rompe-esquemas-con-su-nuevo-sencillo-es-bolivia\\\/\"},\"author\":{\"name\":\"Jeanette\",\"@id\":\"https:\\\/\\\/www.eldiario.net\\\/portal\\\/#\\\/schema\\\/person\\\/2c57cf2b7a7ae032e449e4c9b1019eac\"},\"headline\":\"Pancara rompe esquemas con su nuevo sencillo \u201cEs Bolivia\u201d\",\"datePublished\":\"2025-08-11T04:16:17+00:00\",\"mainEntityOfPage\":{\"@id\":\"https:\\\/\\\/www.eldiario.net\\\/portal\\\/2025\\\/08\\\/11\\\/pancara-rompe-esquemas-con-su-nuevo-sencillo-es-bolivia\\\/\"},\"wordCount\":1190,\"publisher\":{\"@id\":\"https:\\\/\\\/www.eldiario.net\\\/portal\\\/#organization\"},\"image\":{\"@id\":\"https:\\\/\\\/www.eldiario.net\\\/portal\\\/2025\\\/08\\\/11\\\/pancara-rompe-esquemas-con-su-nuevo-sencillo-es-bolivia\\\/#primaryimage\"},\"thumbnailUrl\":\"https:\\\/\\\/www.eldiario.net\\\/portal\\\/wp-content\\\/uploads\\\/2025\\\/08\\\/1-PRINCIPAL-1.webp\",\"articleSection\":[\"La Gu\u00eda\"],\"inLanguage\":\"es\"},{\"@type\":\"WebPage\",\"@id\":\"https:\\\/\\\/www.eldiario.net\\\/portal\\\/2025\\\/08\\\/11\\\/pancara-rompe-esquemas-con-su-nuevo-sencillo-es-bolivia\\\/\",\"url\":\"https:\\\/\\\/www.eldiario.net\\\/portal\\\/2025\\\/08\\\/11\\\/pancara-rompe-esquemas-con-su-nuevo-sencillo-es-bolivia\\\/\",\"name\":\"Pancara rompe esquemas con su nuevo sencillo \u201cEs Bolivia\u201d - El Diario - Bolivia\",\"isPartOf\":{\"@id\":\"https:\\\/\\\/www.eldiario.net\\\/portal\\\/#website\"},\"primaryImageOfPage\":{\"@id\":\"https:\\\/\\\/www.eldiario.net\\\/portal\\\/2025\\\/08\\\/11\\\/pancara-rompe-esquemas-con-su-nuevo-sencillo-es-bolivia\\\/#primaryimage\"},\"image\":{\"@id\":\"https:\\\/\\\/www.eldiario.net\\\/portal\\\/2025\\\/08\\\/11\\\/pancara-rompe-esquemas-con-su-nuevo-sencillo-es-bolivia\\\/#primaryimage\"},\"thumbnailUrl\":\"https:\\\/\\\/www.eldiario.net\\\/portal\\\/wp-content\\\/uploads\\\/2025\\\/08\\\/1-PRINCIPAL-1.webp\",\"datePublished\":\"2025-08-11T04:16:17+00:00\",\"breadcrumb\":{\"@id\":\"https:\\\/\\\/www.eldiario.net\\\/portal\\\/2025\\\/08\\\/11\\\/pancara-rompe-esquemas-con-su-nuevo-sencillo-es-bolivia\\\/#breadcrumb\"},\"inLanguage\":\"es\",\"potentialAction\":[{\"@type\":\"ReadAction\",\"target\":[\"https:\\\/\\\/www.eldiario.net\\\/portal\\\/2025\\\/08\\\/11\\\/pancara-rompe-esquemas-con-su-nuevo-sencillo-es-bolivia\\\/\"]}]},{\"@type\":\"ImageObject\",\"inLanguage\":\"es\",\"@id\":\"https:\\\/\\\/www.eldiario.net\\\/portal\\\/2025\\\/08\\\/11\\\/pancara-rompe-esquemas-con-su-nuevo-sencillo-es-bolivia\\\/#primaryimage\",\"url\":\"https:\\\/\\\/www.eldiario.net\\\/portal\\\/wp-content\\\/uploads\\\/2025\\\/08\\\/1-PRINCIPAL-1.webp\",\"contentUrl\":\"https:\\\/\\\/www.eldiario.net\\\/portal\\\/wp-content\\\/uploads\\\/2025\\\/08\\\/1-PRINCIPAL-1.webp\",\"width\":730,\"height\":735},{\"@type\":\"BreadcrumbList\",\"@id\":\"https:\\\/\\\/www.eldiario.net\\\/portal\\\/2025\\\/08\\\/11\\\/pancara-rompe-esquemas-con-su-nuevo-sencillo-es-bolivia\\\/#breadcrumb\",\"itemListElement\":[{\"@type\":\"ListItem\",\"position\":1,\"name\":\"Portada\",\"item\":\"https:\\\/\\\/www.eldiario.net\\\/portal\\\/\"},{\"@type\":\"ListItem\",\"position\":2,\"name\":\"Pancara rompe esquemas con su nuevo sencillo \u201cEs Bolivia\u201d\"}]},{\"@type\":\"WebSite\",\"@id\":\"https:\\\/\\\/www.eldiario.net\\\/portal\\\/#website\",\"url\":\"https:\\\/\\\/www.eldiario.net\\\/portal\\\/\",\"name\":\"El Diario - Decano de la prensa nacional\",\"description\":\"El Diario - Decano de la prensa nacional\",\"publisher\":{\"@id\":\"https:\\\/\\\/www.eldiario.net\\\/portal\\\/#organization\"},\"potentialAction\":[{\"@type\":\"SearchAction\",\"target\":{\"@type\":\"EntryPoint\",\"urlTemplate\":\"https:\\\/\\\/www.eldiario.net\\\/portal\\\/?s={search_term_string}\"},\"query-input\":{\"@type\":\"PropertyValueSpecification\",\"valueRequired\":true,\"valueName\":\"search_term_string\"}}],\"inLanguage\":\"es\"},{\"@type\":\"Organization\",\"@id\":\"https:\\\/\\\/www.eldiario.net\\\/portal\\\/#organization\",\"name\":\"El Diario - Decano de la prensa nacional\",\"url\":\"https:\\\/\\\/www.eldiario.net\\\/portal\\\/\",\"logo\":{\"@type\":\"ImageObject\",\"inLanguage\":\"es\",\"@id\":\"https:\\\/\\\/www.eldiario.net\\\/portal\\\/#\\\/schema\\\/logo\\\/image\\\/\",\"url\":\"https:\\\/\\\/www.eldiario.net\\\/portal\\\/wp-content\\\/uploads\\\/2023\\\/07\\\/logo_ED.jpg\",\"contentUrl\":\"https:\\\/\\\/www.eldiario.net\\\/portal\\\/wp-content\\\/uploads\\\/2023\\\/07\\\/logo_ED.jpg\",\"width\":272,\"height\":52,\"caption\":\"El Diario - Decano de la prensa nacional\"},\"image\":{\"@id\":\"https:\\\/\\\/www.eldiario.net\\\/portal\\\/#\\\/schema\\\/logo\\\/image\\\/\"},\"sameAs\":[\"https:\\\/\\\/www.facebook.com\\\/eldiario.bolivia\\\/\",\"https:\\\/\\\/x.com\\\/eldiario_net\"]},{\"@type\":\"Person\",\"@id\":\"https:\\\/\\\/www.eldiario.net\\\/portal\\\/#\\\/schema\\\/person\\\/2c57cf2b7a7ae032e449e4c9b1019eac\",\"name\":\"Jeanette\",\"image\":{\"@type\":\"ImageObject\",\"inLanguage\":\"es\",\"@id\":\"https:\\\/\\\/secure.gravatar.com\\\/avatar\\\/3ea2118a5f7dad2b7138b1187a6b7ee55f160b9968b66013c3a3ef39dd7e5798?s=96&d=mm&r=g\",\"url\":\"https:\\\/\\\/secure.gravatar.com\\\/avatar\\\/3ea2118a5f7dad2b7138b1187a6b7ee55f160b9968b66013c3a3ef39dd7e5798?s=96&d=mm&r=g\",\"contentUrl\":\"https:\\\/\\\/secure.gravatar.com\\\/avatar\\\/3ea2118a5f7dad2b7138b1187a6b7ee55f160b9968b66013c3a3ef39dd7e5798?s=96&d=mm&r=g\",\"caption\":\"Jeanette\"},\"sameAs\":[\"https:\\\/\\\/www.eldiario.net\\\/portal\"],\"url\":\"https:\\\/\\\/www.eldiario.net\\\/portal\\\/author\\\/jeanette\\\/\"}]}<\/script>\n<!-- \/ Yoast SEO plugin. -->","yoast_head_json":{"title":"Pancara rompe esquemas con su nuevo sencillo \u201cEs Bolivia\u201d - El Diario - Bolivia","robots":{"index":"index","follow":"follow","max-snippet":"max-snippet:-1","max-image-preview":"max-image-preview:large","max-video-preview":"max-video-preview:-1"},"canonical":"https:\/\/www.eldiario.net\/portal\/2025\/08\/11\/pancara-rompe-esquemas-con-su-nuevo-sencillo-es-bolivia\/","og_locale":"es_ES","og_type":"article","og_title":"Pancara rompe esquemas con su nuevo sencillo \u201cEs Bolivia\u201d - El Diario - Bolivia","og_description":"La artista boliviana Pancara lanza su nuevo sencillo \u201cEs Bolivia\u201d, una obra musical profundamente emotiva que conjuga folklore, poes\u00eda, identidad y evoluci\u00f3n sonora. Esta pieza, parte de su nuevo proyecto discogr\u00e1fico \u201cRa\u00edces\u201d, propone un viaje a trav\u00e9s del alma de Bolivia, vista desde los ojos de una artista que ha vivido gran parte de su [&hellip;]","og_url":"https:\/\/www.eldiario.net\/portal\/2025\/08\/11\/pancara-rompe-esquemas-con-su-nuevo-sencillo-es-bolivia\/","og_site_name":"El Diario - Bolivia","article_publisher":"https:\/\/www.facebook.com\/eldiario.bolivia\/","article_published_time":"2025-08-11T04:16:17+00:00","og_image":[{"width":730,"height":735,"url":"https:\/\/www.eldiario.net\/portal\/wp-content\/uploads\/2025\/08\/1-PRINCIPAL-1.webp","type":"image\/webp"}],"author":"Jeanette","twitter_card":"summary_large_image","twitter_creator":"@eldiario_net","twitter_site":"@eldiario_net","twitter_misc":{"Escrito por":"Jeanette","Tiempo de lectura":"6 minutos"},"schema":{"@context":"https:\/\/schema.org","@graph":[{"@type":"Article","@id":"https:\/\/www.eldiario.net\/portal\/2025\/08\/11\/pancara-rompe-esquemas-con-su-nuevo-sencillo-es-bolivia\/#article","isPartOf":{"@id":"https:\/\/www.eldiario.net\/portal\/2025\/08\/11\/pancara-rompe-esquemas-con-su-nuevo-sencillo-es-bolivia\/"},"author":{"name":"Jeanette","@id":"https:\/\/www.eldiario.net\/portal\/#\/schema\/person\/2c57cf2b7a7ae032e449e4c9b1019eac"},"headline":"Pancara rompe esquemas con su nuevo sencillo \u201cEs Bolivia\u201d","datePublished":"2025-08-11T04:16:17+00:00","mainEntityOfPage":{"@id":"https:\/\/www.eldiario.net\/portal\/2025\/08\/11\/pancara-rompe-esquemas-con-su-nuevo-sencillo-es-bolivia\/"},"wordCount":1190,"publisher":{"@id":"https:\/\/www.eldiario.net\/portal\/#organization"},"image":{"@id":"https:\/\/www.eldiario.net\/portal\/2025\/08\/11\/pancara-rompe-esquemas-con-su-nuevo-sencillo-es-bolivia\/#primaryimage"},"thumbnailUrl":"https:\/\/www.eldiario.net\/portal\/wp-content\/uploads\/2025\/08\/1-PRINCIPAL-1.webp","articleSection":["La Gu\u00eda"],"inLanguage":"es"},{"@type":"WebPage","@id":"https:\/\/www.eldiario.net\/portal\/2025\/08\/11\/pancara-rompe-esquemas-con-su-nuevo-sencillo-es-bolivia\/","url":"https:\/\/www.eldiario.net\/portal\/2025\/08\/11\/pancara-rompe-esquemas-con-su-nuevo-sencillo-es-bolivia\/","name":"Pancara rompe esquemas con su nuevo sencillo \u201cEs Bolivia\u201d - El Diario - Bolivia","isPartOf":{"@id":"https:\/\/www.eldiario.net\/portal\/#website"},"primaryImageOfPage":{"@id":"https:\/\/www.eldiario.net\/portal\/2025\/08\/11\/pancara-rompe-esquemas-con-su-nuevo-sencillo-es-bolivia\/#primaryimage"},"image":{"@id":"https:\/\/www.eldiario.net\/portal\/2025\/08\/11\/pancara-rompe-esquemas-con-su-nuevo-sencillo-es-bolivia\/#primaryimage"},"thumbnailUrl":"https:\/\/www.eldiario.net\/portal\/wp-content\/uploads\/2025\/08\/1-PRINCIPAL-1.webp","datePublished":"2025-08-11T04:16:17+00:00","breadcrumb":{"@id":"https:\/\/www.eldiario.net\/portal\/2025\/08\/11\/pancara-rompe-esquemas-con-su-nuevo-sencillo-es-bolivia\/#breadcrumb"},"inLanguage":"es","potentialAction":[{"@type":"ReadAction","target":["https:\/\/www.eldiario.net\/portal\/2025\/08\/11\/pancara-rompe-esquemas-con-su-nuevo-sencillo-es-bolivia\/"]}]},{"@type":"ImageObject","inLanguage":"es","@id":"https:\/\/www.eldiario.net\/portal\/2025\/08\/11\/pancara-rompe-esquemas-con-su-nuevo-sencillo-es-bolivia\/#primaryimage","url":"https:\/\/www.eldiario.net\/portal\/wp-content\/uploads\/2025\/08\/1-PRINCIPAL-1.webp","contentUrl":"https:\/\/www.eldiario.net\/portal\/wp-content\/uploads\/2025\/08\/1-PRINCIPAL-1.webp","width":730,"height":735},{"@type":"BreadcrumbList","@id":"https:\/\/www.eldiario.net\/portal\/2025\/08\/11\/pancara-rompe-esquemas-con-su-nuevo-sencillo-es-bolivia\/#breadcrumb","itemListElement":[{"@type":"ListItem","position":1,"name":"Portada","item":"https:\/\/www.eldiario.net\/portal\/"},{"@type":"ListItem","position":2,"name":"Pancara rompe esquemas con su nuevo sencillo \u201cEs Bolivia\u201d"}]},{"@type":"WebSite","@id":"https:\/\/www.eldiario.net\/portal\/#website","url":"https:\/\/www.eldiario.net\/portal\/","name":"El Diario - Decano de la prensa nacional","description":"El Diario - Decano de la prensa nacional","publisher":{"@id":"https:\/\/www.eldiario.net\/portal\/#organization"},"potentialAction":[{"@type":"SearchAction","target":{"@type":"EntryPoint","urlTemplate":"https:\/\/www.eldiario.net\/portal\/?s={search_term_string}"},"query-input":{"@type":"PropertyValueSpecification","valueRequired":true,"valueName":"search_term_string"}}],"inLanguage":"es"},{"@type":"Organization","@id":"https:\/\/www.eldiario.net\/portal\/#organization","name":"El Diario - Decano de la prensa nacional","url":"https:\/\/www.eldiario.net\/portal\/","logo":{"@type":"ImageObject","inLanguage":"es","@id":"https:\/\/www.eldiario.net\/portal\/#\/schema\/logo\/image\/","url":"https:\/\/www.eldiario.net\/portal\/wp-content\/uploads\/2023\/07\/logo_ED.jpg","contentUrl":"https:\/\/www.eldiario.net\/portal\/wp-content\/uploads\/2023\/07\/logo_ED.jpg","width":272,"height":52,"caption":"El Diario - Decano de la prensa nacional"},"image":{"@id":"https:\/\/www.eldiario.net\/portal\/#\/schema\/logo\/image\/"},"sameAs":["https:\/\/www.facebook.com\/eldiario.bolivia\/","https:\/\/x.com\/eldiario_net"]},{"@type":"Person","@id":"https:\/\/www.eldiario.net\/portal\/#\/schema\/person\/2c57cf2b7a7ae032e449e4c9b1019eac","name":"Jeanette","image":{"@type":"ImageObject","inLanguage":"es","@id":"https:\/\/secure.gravatar.com\/avatar\/3ea2118a5f7dad2b7138b1187a6b7ee55f160b9968b66013c3a3ef39dd7e5798?s=96&d=mm&r=g","url":"https:\/\/secure.gravatar.com\/avatar\/3ea2118a5f7dad2b7138b1187a6b7ee55f160b9968b66013c3a3ef39dd7e5798?s=96&d=mm&r=g","contentUrl":"https:\/\/secure.gravatar.com\/avatar\/3ea2118a5f7dad2b7138b1187a6b7ee55f160b9968b66013c3a3ef39dd7e5798?s=96&d=mm&r=g","caption":"Jeanette"},"sameAs":["https:\/\/www.eldiario.net\/portal"],"url":"https:\/\/www.eldiario.net\/portal\/author\/jeanette\/"}]}},"_links":{"self":[{"href":"https:\/\/www.eldiario.net\/portal\/wp-json\/wp\/v2\/posts\/323092","targetHints":{"allow":["GET"]}}],"collection":[{"href":"https:\/\/www.eldiario.net\/portal\/wp-json\/wp\/v2\/posts"}],"about":[{"href":"https:\/\/www.eldiario.net\/portal\/wp-json\/wp\/v2\/types\/post"}],"author":[{"embeddable":true,"href":"https:\/\/www.eldiario.net\/portal\/wp-json\/wp\/v2\/users\/1"}],"replies":[{"embeddable":true,"href":"https:\/\/www.eldiario.net\/portal\/wp-json\/wp\/v2\/comments?post=323092"}],"version-history":[{"count":1,"href":"https:\/\/www.eldiario.net\/portal\/wp-json\/wp\/v2\/posts\/323092\/revisions"}],"predecessor-version":[{"id":323099,"href":"https:\/\/www.eldiario.net\/portal\/wp-json\/wp\/v2\/posts\/323092\/revisions\/323099"}],"wp:featuredmedia":[{"embeddable":true,"href":"https:\/\/www.eldiario.net\/portal\/wp-json\/wp\/v2\/media\/323093"}],"wp:attachment":[{"href":"https:\/\/www.eldiario.net\/portal\/wp-json\/wp\/v2\/media?parent=323092"}],"wp:term":[{"taxonomy":"category","embeddable":true,"href":"https:\/\/www.eldiario.net\/portal\/wp-json\/wp\/v2\/categories?post=323092"},{"taxonomy":"post_tag","embeddable":true,"href":"https:\/\/www.eldiario.net\/portal\/wp-json\/wp\/v2\/tags?post=323092"}],"curies":[{"name":"wp","href":"https:\/\/api.w.org\/{rel}","templated":true}]}}