{"id":323036,"date":"2025-08-11T00:26:09","date_gmt":"2025-08-11T04:26:09","guid":{"rendered":"https:\/\/www.eldiario.net\/portal\/?p=323036"},"modified":"2025-08-10T08:26:34","modified_gmt":"2025-08-10T12:26:34","slug":"instagram-establece-un-nuevo-requisito-para-realizar-transmisiones-en-vivo","status":"publish","type":"post","link":"https:\/\/www.eldiario.net\/portal\/2025\/08\/11\/instagram-establece-un-nuevo-requisito-para-realizar-transmisiones-en-vivo\/","title":{"rendered":"Instagram establece un nuevo requisito para realizar transmisiones en vivo"},"content":{"rendered":"<p>Meta ha introducido un cambio significativo en Instagram que afecta directamente a millones de usuarios: a partir de ahora, solo quienes tengan al menos 1.000 seguidores y una cuenta p\u00fablica podr\u00e1n iniciar transmisiones en vivo desde la aplicaci\u00f3n.<br \/>\n<strong>Un cambio que limita el acceso a Instagram Live<\/strong><\/p>\n<p>Hasta hace poco, cualquier usuario \u2014sin importar el n\u00famero de seguidores o el tipo de cuenta\u2014 pod\u00eda utilizar la funci\u00f3n de Instagram Live. Esto permit\u00eda una gran variedad de usos: desde sesiones de preguntas y respuestas hasta demostraciones de productos, charlas informales o tutoriales. Sin embargo, con la nueva pol\u00edtica, esta opci\u00f3n queda restringida a cuentas p\u00fablicas que superen los 1.000 seguidores.<\/p>\n<p>Al intentar iniciar una transmisi\u00f3n sin cumplir este requisito, los usuarios reciben un mensaje que indica:<br \/>\n<strong>\u201cTu cuenta ya no es elegible para LIVE. Cambiamos los requisitos para usar esta funci\u00f3n. S\u00f3lo las cuentas p\u00fablicas con 1.000 seguidores o m\u00e1s podr\u00e1n crear videos en vivo.\u201d<\/strong><br \/>\nEste cambio ya est\u00e1 activo y ha sido confirmado por Instagram, que ha actualizado su Centro de Ayuda para reflejar la nueva normativa.<\/p>\n<p><strong>Impacto en los peque\u00f1os creadores y comunidades emergentes<\/strong><\/p>\n<p>La decisi\u00f3n representa un obst\u00e1culo para creadores emergentes que han utilizado Instagram Live como una herramienta clave para conectar con sus audiencias. Cocineros caseros, m\u00fasicos independientes, emprendedores locales y educadores han encontrado en los directos una forma accesible y directa de compartir contenido y construir comunidad.<\/p>\n<p>Al restringir esta funci\u00f3n, Instagram limita una v\u00eda de interacci\u00f3n espont\u00e1nea que no puede ser reemplazada completamente por otras herramientas como Stories, Reels o publicaciones convencionales. Adem\u00e1s, reduce las oportunidades de descubrimiento que ofrec\u00eda el formato en vivo, especialmente para quienes trabajan con audiencias peque\u00f1as o en nichos espec\u00edficos.<\/p>\n<p>Muchos usuarios perciben esta medida como un giro hacia una plataforma donde el acceso a funciones clave depende del tama\u00f1o de la audiencia, m\u00e1s que de la creatividad o el prop\u00f3sito del contenido.<br \/>\n<strong><br \/>\n\u00bfSer\u00e1 una medida definitiva?<\/strong><\/p>\n<p>Por ahora, Instagram no ha confirmado si esta restricci\u00f3n ser\u00e1 permanente. Lo que s\u00ed est\u00e1 claro es que, para acceder a Instagram Live, los usuarios deber\u00e1n cumplir con dos condiciones: tener una cuenta p\u00fablica y superar los 1.000 seguidores.<\/p>\n<p>Aunque algunos podr\u00edan interpretar el cambio como una forma de mejorar la calidad de las transmisiones o reducir el contenido inapropiado, para muchos creadores representa una barrera que dificulta el crecimiento org\u00e1nico y la participaci\u00f3n activa en la plataforma.<\/p>\n<p>Este ajuste refleja una tendencia creciente en las redes sociales: el acceso a herramientas y visibilidad est\u00e1 cada vez m\u00e1s vinculado a m\u00e9tricas cuantitativas, lo que plantea nuevos desaf\u00edos para quienes est\u00e1n comenzando.<\/p>\n","protected":false},"excerpt":{"rendered":"<p>Meta ha introducido un cambio significativo en Instagram que afecta directamente a millones de usuarios: a partir de ahora, solo quienes tengan al menos 1.000 seguidores y una cuenta p\u00fablica podr\u00e1n iniciar transmisiones en vivo desde la aplicaci\u00f3n. Un cambio que limita el acceso a Instagram Live Hasta hace poco, cualquier usuario \u2014sin importar el [&hellip;]<\/p>\n","protected":false},"author":1,"featured_media":323037,"comment_status":"closed","ping_status":"open","sticky":false,"template":"","format":"standard","meta":{"_acf_changed":false,"footnotes":""},"categories":[46],"tags":[],"class_list":["post-323036","post","type-post","status-publish","format-standard","has-post-thumbnail","category-ciencia-computacion"],"acf":{"antetitulo":""},"yoast_head":"<!-- This site is optimized with the Yoast SEO plugin v28.4 - https:\/\/yoast.com\/product\/yoast-seo-wordpress\/ -->\n<title>Instagram establece un nuevo requisito para realizar transmisiones en vivo - El Diario - Bolivia<\/title>\n<meta name=\"robots\" content=\"index, follow, max-snippet:-1, max-image-preview:large, max-video-preview:-1\" \/>\n<link rel=\"canonical\" href=\"https:\/\/www.eldiario.net\/portal\/2025\/08\/11\/instagram-establece-un-nuevo-requisito-para-realizar-transmisiones-en-vivo\/\" \/>\n<meta property=\"og:locale\" content=\"es_ES\" \/>\n<meta property=\"og:type\" content=\"article\" \/>\n<meta property=\"og:title\" content=\"Instagram establece un nuevo requisito para realizar transmisiones en vivo - El Diario - Bolivia\" \/>\n<meta property=\"og:description\" content=\"Meta ha introducido un cambio significativo en Instagram que afecta directamente a millones de usuarios: a partir de ahora, solo quienes tengan al menos 1.000 seguidores y una cuenta p\u00fablica podr\u00e1n iniciar transmisiones en vivo desde la aplicaci\u00f3n. Un cambio que limita el acceso a Instagram Live Hasta hace poco, cualquier usuario \u2014sin importar el [&hellip;]\" \/>\n<meta property=\"og:url\" content=\"https:\/\/www.eldiario.net\/portal\/2025\/08\/11\/instagram-establece-un-nuevo-requisito-para-realizar-transmisiones-en-vivo\/\" \/>\n<meta property=\"og:site_name\" content=\"El Diario - Bolivia\" \/>\n<meta property=\"article:publisher\" content=\"https:\/\/www.facebook.com\/eldiario.bolivia\/\" \/>\n<meta property=\"article:published_time\" content=\"2025-08-11T04:26:09+00:00\" \/>\n<meta property=\"og:image\" content=\"https:\/\/www.eldiario.net\/portal\/wp-content\/uploads\/2025\/08\/7-B-1.webp\" \/>\n\t<meta property=\"og:image:width\" content=\"1001\" \/>\n\t<meta property=\"og:image:height\" content=\"586\" \/>\n\t<meta property=\"og:image:type\" content=\"image\/webp\" \/>\n<meta name=\"author\" content=\"Jeanette\" \/>\n<meta name=\"twitter:card\" content=\"summary_large_image\" \/>\n<meta name=\"twitter:creator\" content=\"@eldiario_net\" \/>\n<meta name=\"twitter:site\" content=\"@eldiario_net\" \/>\n<meta name=\"twitter:label1\" content=\"Escrito por\" \/>\n\t<meta name=\"twitter:data1\" content=\"Jeanette\" \/>\n\t<meta name=\"twitter:label2\" content=\"Tiempo de lectura\" \/>\n\t<meta name=\"twitter:data2\" content=\"3 minutos\" \/>\n<script type=\"application\/ld+json\" class=\"yoast-schema-graph\">{\"@context\":\"https:\\\/\\\/schema.org\",\"@graph\":[{\"@type\":\"Article\",\"@id\":\"https:\\\/\\\/www.eldiario.net\\\/portal\\\/2025\\\/08\\\/11\\\/instagram-establece-un-nuevo-requisito-para-realizar-transmisiones-en-vivo\\\/#article\",\"isPartOf\":{\"@id\":\"https:\\\/\\\/www.eldiario.net\\\/portal\\\/2025\\\/08\\\/11\\\/instagram-establece-un-nuevo-requisito-para-realizar-transmisiones-en-vivo\\\/\"},\"author\":{\"name\":\"Jeanette\",\"@id\":\"https:\\\/\\\/www.eldiario.net\\\/portal\\\/#\\\/schema\\\/person\\\/2c57cf2b7a7ae032e449e4c9b1019eac\"},\"headline\":\"Instagram establece un nuevo requisito para realizar transmisiones en vivo\",\"datePublished\":\"2025-08-11T04:26:09+00:00\",\"mainEntityOfPage\":{\"@id\":\"https:\\\/\\\/www.eldiario.net\\\/portal\\\/2025\\\/08\\\/11\\\/instagram-establece-un-nuevo-requisito-para-realizar-transmisiones-en-vivo\\\/\"},\"wordCount\":475,\"publisher\":{\"@id\":\"https:\\\/\\\/www.eldiario.net\\\/portal\\\/#organization\"},\"image\":{\"@id\":\"https:\\\/\\\/www.eldiario.net\\\/portal\\\/2025\\\/08\\\/11\\\/instagram-establece-un-nuevo-requisito-para-realizar-transmisiones-en-vivo\\\/#primaryimage\"},\"thumbnailUrl\":\"https:\\\/\\\/www.eldiario.net\\\/portal\\\/wp-content\\\/uploads\\\/2025\\\/08\\\/7-B-1.webp\",\"articleSection\":[\"Ciencia y Computaci\u00f3n\"],\"inLanguage\":\"es\"},{\"@type\":\"WebPage\",\"@id\":\"https:\\\/\\\/www.eldiario.net\\\/portal\\\/2025\\\/08\\\/11\\\/instagram-establece-un-nuevo-requisito-para-realizar-transmisiones-en-vivo\\\/\",\"url\":\"https:\\\/\\\/www.eldiario.net\\\/portal\\\/2025\\\/08\\\/11\\\/instagram-establece-un-nuevo-requisito-para-realizar-transmisiones-en-vivo\\\/\",\"name\":\"Instagram establece un nuevo requisito para realizar transmisiones en vivo - El Diario - Bolivia\",\"isPartOf\":{\"@id\":\"https:\\\/\\\/www.eldiario.net\\\/portal\\\/#website\"},\"primaryImageOfPage\":{\"@id\":\"https:\\\/\\\/www.eldiario.net\\\/portal\\\/2025\\\/08\\\/11\\\/instagram-establece-un-nuevo-requisito-para-realizar-transmisiones-en-vivo\\\/#primaryimage\"},\"image\":{\"@id\":\"https:\\\/\\\/www.eldiario.net\\\/portal\\\/2025\\\/08\\\/11\\\/instagram-establece-un-nuevo-requisito-para-realizar-transmisiones-en-vivo\\\/#primaryimage\"},\"thumbnailUrl\":\"https:\\\/\\\/www.eldiario.net\\\/portal\\\/wp-content\\\/uploads\\\/2025\\\/08\\\/7-B-1.webp\",\"datePublished\":\"2025-08-11T04:26:09+00:00\",\"breadcrumb\":{\"@id\":\"https:\\\/\\\/www.eldiario.net\\\/portal\\\/2025\\\/08\\\/11\\\/instagram-establece-un-nuevo-requisito-para-realizar-transmisiones-en-vivo\\\/#breadcrumb\"},\"inLanguage\":\"es\",\"potentialAction\":[{\"@type\":\"ReadAction\",\"target\":[\"https:\\\/\\\/www.eldiario.net\\\/portal\\\/2025\\\/08\\\/11\\\/instagram-establece-un-nuevo-requisito-para-realizar-transmisiones-en-vivo\\\/\"]}]},{\"@type\":\"ImageObject\",\"inLanguage\":\"es\",\"@id\":\"https:\\\/\\\/www.eldiario.net\\\/portal\\\/2025\\\/08\\\/11\\\/instagram-establece-un-nuevo-requisito-para-realizar-transmisiones-en-vivo\\\/#primaryimage\",\"url\":\"https:\\\/\\\/www.eldiario.net\\\/portal\\\/wp-content\\\/uploads\\\/2025\\\/08\\\/7-B-1.webp\",\"contentUrl\":\"https:\\\/\\\/www.eldiario.net\\\/portal\\\/wp-content\\\/uploads\\\/2025\\\/08\\\/7-B-1.webp\",\"width\":1001,\"height\":586},{\"@type\":\"BreadcrumbList\",\"@id\":\"https:\\\/\\\/www.eldiario.net\\\/portal\\\/2025\\\/08\\\/11\\\/instagram-establece-un-nuevo-requisito-para-realizar-transmisiones-en-vivo\\\/#breadcrumb\",\"itemListElement\":[{\"@type\":\"ListItem\",\"position\":1,\"name\":\"Portada\",\"item\":\"https:\\\/\\\/www.eldiario.net\\\/portal\\\/\"},{\"@type\":\"ListItem\",\"position\":2,\"name\":\"Instagram establece un nuevo requisito para realizar transmisiones en vivo\"}]},{\"@type\":\"WebSite\",\"@id\":\"https:\\\/\\\/www.eldiario.net\\\/portal\\\/#website\",\"url\":\"https:\\\/\\\/www.eldiario.net\\\/portal\\\/\",\"name\":\"El Diario - Decano de la prensa nacional\",\"description\":\"El Diario - Decano de la prensa nacional\",\"publisher\":{\"@id\":\"https:\\\/\\\/www.eldiario.net\\\/portal\\\/#organization\"},\"potentialAction\":[{\"@type\":\"SearchAction\",\"target\":{\"@type\":\"EntryPoint\",\"urlTemplate\":\"https:\\\/\\\/www.eldiario.net\\\/portal\\\/?s={search_term_string}\"},\"query-input\":{\"@type\":\"PropertyValueSpecification\",\"valueRequired\":true,\"valueName\":\"search_term_string\"}}],\"inLanguage\":\"es\"},{\"@type\":\"Organization\",\"@id\":\"https:\\\/\\\/www.eldiario.net\\\/portal\\\/#organization\",\"name\":\"El Diario - Decano de la prensa nacional\",\"url\":\"https:\\\/\\\/www.eldiario.net\\\/portal\\\/\",\"logo\":{\"@type\":\"ImageObject\",\"inLanguage\":\"es\",\"@id\":\"https:\\\/\\\/www.eldiario.net\\\/portal\\\/#\\\/schema\\\/logo\\\/image\\\/\",\"url\":\"https:\\\/\\\/www.eldiario.net\\\/portal\\\/wp-content\\\/uploads\\\/2023\\\/07\\\/logo_ED.jpg\",\"contentUrl\":\"https:\\\/\\\/www.eldiario.net\\\/portal\\\/wp-content\\\/uploads\\\/2023\\\/07\\\/logo_ED.jpg\",\"width\":272,\"height\":52,\"caption\":\"El Diario - Decano de la prensa nacional\"},\"image\":{\"@id\":\"https:\\\/\\\/www.eldiario.net\\\/portal\\\/#\\\/schema\\\/logo\\\/image\\\/\"},\"sameAs\":[\"https:\\\/\\\/www.facebook.com\\\/eldiario.bolivia\\\/\",\"https:\\\/\\\/x.com\\\/eldiario_net\"]},{\"@type\":\"Person\",\"@id\":\"https:\\\/\\\/www.eldiario.net\\\/portal\\\/#\\\/schema\\\/person\\\/2c57cf2b7a7ae032e449e4c9b1019eac\",\"name\":\"Jeanette\",\"image\":{\"@type\":\"ImageObject\",\"inLanguage\":\"es\",\"@id\":\"https:\\\/\\\/secure.gravatar.com\\\/avatar\\\/3ea2118a5f7dad2b7138b1187a6b7ee55f160b9968b66013c3a3ef39dd7e5798?s=96&d=mm&r=g\",\"url\":\"https:\\\/\\\/secure.gravatar.com\\\/avatar\\\/3ea2118a5f7dad2b7138b1187a6b7ee55f160b9968b66013c3a3ef39dd7e5798?s=96&d=mm&r=g\",\"contentUrl\":\"https:\\\/\\\/secure.gravatar.com\\\/avatar\\\/3ea2118a5f7dad2b7138b1187a6b7ee55f160b9968b66013c3a3ef39dd7e5798?s=96&d=mm&r=g\",\"caption\":\"Jeanette\"},\"sameAs\":[\"https:\\\/\\\/www.eldiario.net\\\/portal\"],\"url\":\"https:\\\/\\\/www.eldiario.net\\\/portal\\\/author\\\/jeanette\\\/\"}]}<\/script>\n<!-- \/ Yoast SEO plugin. -->","yoast_head_json":{"title":"Instagram establece un nuevo requisito para realizar transmisiones en vivo - El Diario - Bolivia","robots":{"index":"index","follow":"follow","max-snippet":"max-snippet:-1","max-image-preview":"max-image-preview:large","max-video-preview":"max-video-preview:-1"},"canonical":"https:\/\/www.eldiario.net\/portal\/2025\/08\/11\/instagram-establece-un-nuevo-requisito-para-realizar-transmisiones-en-vivo\/","og_locale":"es_ES","og_type":"article","og_title":"Instagram establece un nuevo requisito para realizar transmisiones en vivo - El Diario - Bolivia","og_description":"Meta ha introducido un cambio significativo en Instagram que afecta directamente a millones de usuarios: a partir de ahora, solo quienes tengan al menos 1.000 seguidores y una cuenta p\u00fablica podr\u00e1n iniciar transmisiones en vivo desde la aplicaci\u00f3n. Un cambio que limita el acceso a Instagram Live Hasta hace poco, cualquier usuario \u2014sin importar el [&hellip;]","og_url":"https:\/\/www.eldiario.net\/portal\/2025\/08\/11\/instagram-establece-un-nuevo-requisito-para-realizar-transmisiones-en-vivo\/","og_site_name":"El Diario - Bolivia","article_publisher":"https:\/\/www.facebook.com\/eldiario.bolivia\/","article_published_time":"2025-08-11T04:26:09+00:00","og_image":[{"width":1001,"height":586,"url":"https:\/\/www.eldiario.net\/portal\/wp-content\/uploads\/2025\/08\/7-B-1.webp","type":"image\/webp"}],"author":"Jeanette","twitter_card":"summary_large_image","twitter_creator":"@eldiario_net","twitter_site":"@eldiario_net","twitter_misc":{"Escrito por":"Jeanette","Tiempo de lectura":"3 minutos"},"schema":{"@context":"https:\/\/schema.org","@graph":[{"@type":"Article","@id":"https:\/\/www.eldiario.net\/portal\/2025\/08\/11\/instagram-establece-un-nuevo-requisito-para-realizar-transmisiones-en-vivo\/#article","isPartOf":{"@id":"https:\/\/www.eldiario.net\/portal\/2025\/08\/11\/instagram-establece-un-nuevo-requisito-para-realizar-transmisiones-en-vivo\/"},"author":{"name":"Jeanette","@id":"https:\/\/www.eldiario.net\/portal\/#\/schema\/person\/2c57cf2b7a7ae032e449e4c9b1019eac"},"headline":"Instagram establece un nuevo requisito para realizar transmisiones en vivo","datePublished":"2025-08-11T04:26:09+00:00","mainEntityOfPage":{"@id":"https:\/\/www.eldiario.net\/portal\/2025\/08\/11\/instagram-establece-un-nuevo-requisito-para-realizar-transmisiones-en-vivo\/"},"wordCount":475,"publisher":{"@id":"https:\/\/www.eldiario.net\/portal\/#organization"},"image":{"@id":"https:\/\/www.eldiario.net\/portal\/2025\/08\/11\/instagram-establece-un-nuevo-requisito-para-realizar-transmisiones-en-vivo\/#primaryimage"},"thumbnailUrl":"https:\/\/www.eldiario.net\/portal\/wp-content\/uploads\/2025\/08\/7-B-1.webp","articleSection":["Ciencia y Computaci\u00f3n"],"inLanguage":"es"},{"@type":"WebPage","@id":"https:\/\/www.eldiario.net\/portal\/2025\/08\/11\/instagram-establece-un-nuevo-requisito-para-realizar-transmisiones-en-vivo\/","url":"https:\/\/www.eldiario.net\/portal\/2025\/08\/11\/instagram-establece-un-nuevo-requisito-para-realizar-transmisiones-en-vivo\/","name":"Instagram establece un nuevo requisito para realizar transmisiones en vivo - El Diario - Bolivia","isPartOf":{"@id":"https:\/\/www.eldiario.net\/portal\/#website"},"primaryImageOfPage":{"@id":"https:\/\/www.eldiario.net\/portal\/2025\/08\/11\/instagram-establece-un-nuevo-requisito-para-realizar-transmisiones-en-vivo\/#primaryimage"},"image":{"@id":"https:\/\/www.eldiario.net\/portal\/2025\/08\/11\/instagram-establece-un-nuevo-requisito-para-realizar-transmisiones-en-vivo\/#primaryimage"},"thumbnailUrl":"https:\/\/www.eldiario.net\/portal\/wp-content\/uploads\/2025\/08\/7-B-1.webp","datePublished":"2025-08-11T04:26:09+00:00","breadcrumb":{"@id":"https:\/\/www.eldiario.net\/portal\/2025\/08\/11\/instagram-establece-un-nuevo-requisito-para-realizar-transmisiones-en-vivo\/#breadcrumb"},"inLanguage":"es","potentialAction":[{"@type":"ReadAction","target":["https:\/\/www.eldiario.net\/portal\/2025\/08\/11\/instagram-establece-un-nuevo-requisito-para-realizar-transmisiones-en-vivo\/"]}]},{"@type":"ImageObject","inLanguage":"es","@id":"https:\/\/www.eldiario.net\/portal\/2025\/08\/11\/instagram-establece-un-nuevo-requisito-para-realizar-transmisiones-en-vivo\/#primaryimage","url":"https:\/\/www.eldiario.net\/portal\/wp-content\/uploads\/2025\/08\/7-B-1.webp","contentUrl":"https:\/\/www.eldiario.net\/portal\/wp-content\/uploads\/2025\/08\/7-B-1.webp","width":1001,"height":586},{"@type":"BreadcrumbList","@id":"https:\/\/www.eldiario.net\/portal\/2025\/08\/11\/instagram-establece-un-nuevo-requisito-para-realizar-transmisiones-en-vivo\/#breadcrumb","itemListElement":[{"@type":"ListItem","position":1,"name":"Portada","item":"https:\/\/www.eldiario.net\/portal\/"},{"@type":"ListItem","position":2,"name":"Instagram establece un nuevo requisito para realizar transmisiones en vivo"}]},{"@type":"WebSite","@id":"https:\/\/www.eldiario.net\/portal\/#website","url":"https:\/\/www.eldiario.net\/portal\/","name":"El Diario - Decano de la prensa nacional","description":"El Diario - Decano de la prensa nacional","publisher":{"@id":"https:\/\/www.eldiario.net\/portal\/#organization"},"potentialAction":[{"@type":"SearchAction","target":{"@type":"EntryPoint","urlTemplate":"https:\/\/www.eldiario.net\/portal\/?s={search_term_string}"},"query-input":{"@type":"PropertyValueSpecification","valueRequired":true,"valueName":"search_term_string"}}],"inLanguage":"es"},{"@type":"Organization","@id":"https:\/\/www.eldiario.net\/portal\/#organization","name":"El Diario - Decano de la prensa nacional","url":"https:\/\/www.eldiario.net\/portal\/","logo":{"@type":"ImageObject","inLanguage":"es","@id":"https:\/\/www.eldiario.net\/portal\/#\/schema\/logo\/image\/","url":"https:\/\/www.eldiario.net\/portal\/wp-content\/uploads\/2023\/07\/logo_ED.jpg","contentUrl":"https:\/\/www.eldiario.net\/portal\/wp-content\/uploads\/2023\/07\/logo_ED.jpg","width":272,"height":52,"caption":"El Diario - Decano de la prensa nacional"},"image":{"@id":"https:\/\/www.eldiario.net\/portal\/#\/schema\/logo\/image\/"},"sameAs":["https:\/\/www.facebook.com\/eldiario.bolivia\/","https:\/\/x.com\/eldiario_net"]},{"@type":"Person","@id":"https:\/\/www.eldiario.net\/portal\/#\/schema\/person\/2c57cf2b7a7ae032e449e4c9b1019eac","name":"Jeanette","image":{"@type":"ImageObject","inLanguage":"es","@id":"https:\/\/secure.gravatar.com\/avatar\/3ea2118a5f7dad2b7138b1187a6b7ee55f160b9968b66013c3a3ef39dd7e5798?s=96&d=mm&r=g","url":"https:\/\/secure.gravatar.com\/avatar\/3ea2118a5f7dad2b7138b1187a6b7ee55f160b9968b66013c3a3ef39dd7e5798?s=96&d=mm&r=g","contentUrl":"https:\/\/secure.gravatar.com\/avatar\/3ea2118a5f7dad2b7138b1187a6b7ee55f160b9968b66013c3a3ef39dd7e5798?s=96&d=mm&r=g","caption":"Jeanette"},"sameAs":["https:\/\/www.eldiario.net\/portal"],"url":"https:\/\/www.eldiario.net\/portal\/author\/jeanette\/"}]}},"_links":{"self":[{"href":"https:\/\/www.eldiario.net\/portal\/wp-json\/wp\/v2\/posts\/323036","targetHints":{"allow":["GET"]}}],"collection":[{"href":"https:\/\/www.eldiario.net\/portal\/wp-json\/wp\/v2\/posts"}],"about":[{"href":"https:\/\/www.eldiario.net\/portal\/wp-json\/wp\/v2\/types\/post"}],"author":[{"embeddable":true,"href":"https:\/\/www.eldiario.net\/portal\/wp-json\/wp\/v2\/users\/1"}],"replies":[{"embeddable":true,"href":"https:\/\/www.eldiario.net\/portal\/wp-json\/wp\/v2\/comments?post=323036"}],"version-history":[{"count":1,"href":"https:\/\/www.eldiario.net\/portal\/wp-json\/wp\/v2\/posts\/323036\/revisions"}],"predecessor-version":[{"id":323038,"href":"https:\/\/www.eldiario.net\/portal\/wp-json\/wp\/v2\/posts\/323036\/revisions\/323038"}],"wp:featuredmedia":[{"embeddable":true,"href":"https:\/\/www.eldiario.net\/portal\/wp-json\/wp\/v2\/media\/323037"}],"wp:attachment":[{"href":"https:\/\/www.eldiario.net\/portal\/wp-json\/wp\/v2\/media?parent=323036"}],"wp:term":[{"taxonomy":"category","embeddable":true,"href":"https:\/\/www.eldiario.net\/portal\/wp-json\/wp\/v2\/categories?post=323036"},{"taxonomy":"post_tag","embeddable":true,"href":"https:\/\/www.eldiario.net\/portal\/wp-json\/wp\/v2\/tags?post=323036"}],"curies":[{"name":"wp","href":"https:\/\/api.w.org\/{rel}","templated":true}]}}