{"id":323033,"date":"2025-08-11T00:25:08","date_gmt":"2025-08-11T04:25:08","guid":{"rendered":"https:\/\/www.eldiario.net\/portal\/?p=323033"},"modified":"2025-08-10T08:25:42","modified_gmt":"2025-08-10T12:25:42","slug":"whatsapp-se-transforma-pronto-podras-chatear-sin-necesidad-de-tener-una-cuenta","status":"publish","type":"post","link":"https:\/\/www.eldiario.net\/portal\/2025\/08\/11\/whatsapp-se-transforma-pronto-podras-chatear-sin-necesidad-de-tener-una-cuenta\/","title":{"rendered":"WhatsApp se transforma: pronto podr\u00e1s chatear sin necesidad de tener una cuenta"},"content":{"rendered":"<p>WhatsApp est\u00e1 desarrollando una nueva funci\u00f3n que permitir\u00e1 a personas sin cuenta en la aplicaci\u00f3n, o que usen otras plataformas de mensajer\u00eda, comunicarse con usuarios de WhatsApp. Este cambio representa un paso importante hacia la interoperabilidad entre servicios, y podr\u00eda modificar para siempre la forma en que usamos la aplicaci\u00f3n.<br \/>\nUna evoluci\u00f3n en la mensajer\u00eda<\/p>\n<p>WhatsApp se ha consolidado como la herramienta de comunicaci\u00f3n m\u00e1s utilizada en Espa\u00f1a, gracias a su versatilidad. Adem\u00e1s de los mensajes de texto, permite realizar llamadas de voz, videollamadas, participar en salas de audio y crear encuestas en chats grupales.<\/p>\n<p>Ahora, la compa\u00f1\u00eda planea permitir que usuarios sin cuenta puedan interactuar en conversaciones, de forma similar a c\u00f3mo se accede a plataformas como YouTube o TikTok sin estar registrados. Esta modalidad funcionar\u00eda como un acceso en modo invitado.<br \/>\nComunicaci\u00f3n sin barreras<\/p>\n<p>La idea es que personas que utilicen otras aplicaciones, como Telegram u otras alternativas, puedan comunicarse con usuarios de WhatsApp. Esta interoperabilidad se podr\u00e1 activar o desactivar desde los ajustes, permitiendo a cada usuario configurar sus preferencias de comunicaci\u00f3n, siempre con garant\u00edas de privacidad y seguridad.<\/p>\n<p>Seg\u00fan filtraciones publicadas por WaBetaInfo, los usuarios sin cuenta utilizar\u00e1n un perfil de invitado, con acceso limitado a las funciones de WhatsApp. Para iniciar una conversaci\u00f3n, ser\u00e1 necesario generar un enlace de invitaci\u00f3n desde WhatsApp, que al abrirse llevar\u00e1 directamente a la pantalla del chat.<br \/>\nSeguridad garantizada<\/p>\n<p>Aunque los invitados no podr\u00e1n realizar llamadas, todos los mensajes estar\u00e1n cifrados de extremo a extremo, asegurando la protecci\u00f3n de la informaci\u00f3n. Adem\u00e1s, WhatsApp distinguir\u00e1 entre usuarios invitados y aquellos que accedan desde otras aplicaciones mediante interoperabilidad, lo que permitir\u00e1 a Meta gestionar ambas situaciones de forma eficiente.<br \/>\nUn cambio estrat\u00e9gico<\/p>\n<p>Esta nueva funci\u00f3n busca ampliar el alcance de WhatsApp y adaptarse a un entorno digital cada vez m\u00e1s conectado. Al permitir la comunicaci\u00f3n entre plataformas, Meta refuerza su compromiso con la accesibilidad y la experiencia del usuario, sin comprometer la seguridad.<\/p>\n<p>Aunque a\u00fan no hay fecha oficial de lanzamiento, esta evoluci\u00f3n podr\u00eda marcar un antes y un despu\u00e9s en la forma en que interactuamos a trav\u00e9s de aplicaciones de mensajer\u00eda.<\/p>\n","protected":false},"excerpt":{"rendered":"<p>WhatsApp est\u00e1 desarrollando una nueva funci\u00f3n que permitir\u00e1 a personas sin cuenta en la aplicaci\u00f3n, o que usen otras plataformas de mensajer\u00eda, comunicarse con usuarios de WhatsApp. Este cambio representa un paso importante hacia la interoperabilidad entre servicios, y podr\u00eda modificar para siempre la forma en que usamos la aplicaci\u00f3n. Una evoluci\u00f3n en la mensajer\u00eda [&hellip;]<\/p>\n","protected":false},"author":1,"featured_media":323034,"comment_status":"closed","ping_status":"open","sticky":false,"template":"","format":"standard","meta":{"_acf_changed":false,"footnotes":""},"categories":[46],"tags":[],"class_list":["post-323033","post","type-post","status-publish","format-standard","has-post-thumbnail","category-ciencia-computacion"],"acf":{"antetitulo":""},"yoast_head":"<!-- This site is optimized with the Yoast SEO plugin v28.4 - https:\/\/yoast.com\/product\/yoast-seo-wordpress\/ -->\n<title>WhatsApp se transforma: pronto podr\u00e1s chatear sin necesidad de tener una cuenta - El Diario - Bolivia<\/title>\n<meta name=\"robots\" content=\"index, follow, max-snippet:-1, max-image-preview:large, max-video-preview:-1\" \/>\n<link rel=\"canonical\" href=\"https:\/\/www.eldiario.net\/portal\/2025\/08\/11\/whatsapp-se-transforma-pronto-podras-chatear-sin-necesidad-de-tener-una-cuenta\/\" \/>\n<meta property=\"og:locale\" content=\"es_ES\" \/>\n<meta property=\"og:type\" content=\"article\" \/>\n<meta property=\"og:title\" content=\"WhatsApp se transforma: pronto podr\u00e1s chatear sin necesidad de tener una cuenta - El Diario - Bolivia\" \/>\n<meta property=\"og:description\" content=\"WhatsApp est\u00e1 desarrollando una nueva funci\u00f3n que permitir\u00e1 a personas sin cuenta en la aplicaci\u00f3n, o que usen otras plataformas de mensajer\u00eda, comunicarse con usuarios de WhatsApp. Este cambio representa un paso importante hacia la interoperabilidad entre servicios, y podr\u00eda modificar para siempre la forma en que usamos la aplicaci\u00f3n. Una evoluci\u00f3n en la mensajer\u00eda [&hellip;]\" \/>\n<meta property=\"og:url\" content=\"https:\/\/www.eldiario.net\/portal\/2025\/08\/11\/whatsapp-se-transforma-pronto-podras-chatear-sin-necesidad-de-tener-una-cuenta\/\" \/>\n<meta property=\"og:site_name\" content=\"El Diario - Bolivia\" \/>\n<meta property=\"article:publisher\" content=\"https:\/\/www.facebook.com\/eldiario.bolivia\/\" \/>\n<meta property=\"article:published_time\" content=\"2025-08-11T04:25:08+00:00\" \/>\n<meta property=\"og:image\" content=\"https:\/\/www.eldiario.net\/portal\/wp-content\/uploads\/2025\/08\/8-A.webp\" \/>\n\t<meta property=\"og:image:width\" content=\"1200\" \/>\n\t<meta property=\"og:image:height\" content=\"800\" \/>\n\t<meta property=\"og:image:type\" content=\"image\/webp\" \/>\n<meta name=\"author\" content=\"Jeanette\" \/>\n<meta name=\"twitter:card\" content=\"summary_large_image\" \/>\n<meta name=\"twitter:creator\" content=\"@eldiario_net\" \/>\n<meta name=\"twitter:site\" content=\"@eldiario_net\" \/>\n<meta name=\"twitter:label1\" content=\"Escrito por\" \/>\n\t<meta name=\"twitter:data1\" content=\"Jeanette\" \/>\n\t<meta name=\"twitter:label2\" content=\"Tiempo de lectura\" \/>\n\t<meta name=\"twitter:data2\" content=\"2 minutos\" \/>\n<script type=\"application\/ld+json\" class=\"yoast-schema-graph\">{\"@context\":\"https:\\\/\\\/schema.org\",\"@graph\":[{\"@type\":\"Article\",\"@id\":\"https:\\\/\\\/www.eldiario.net\\\/portal\\\/2025\\\/08\\\/11\\\/whatsapp-se-transforma-pronto-podras-chatear-sin-necesidad-de-tener-una-cuenta\\\/#article\",\"isPartOf\":{\"@id\":\"https:\\\/\\\/www.eldiario.net\\\/portal\\\/2025\\\/08\\\/11\\\/whatsapp-se-transforma-pronto-podras-chatear-sin-necesidad-de-tener-una-cuenta\\\/\"},\"author\":{\"name\":\"Jeanette\",\"@id\":\"https:\\\/\\\/www.eldiario.net\\\/portal\\\/#\\\/schema\\\/person\\\/2c57cf2b7a7ae032e449e4c9b1019eac\"},\"headline\":\"WhatsApp se transforma: pronto podr\u00e1s chatear sin necesidad de tener una cuenta\",\"datePublished\":\"2025-08-11T04:25:08+00:00\",\"mainEntityOfPage\":{\"@id\":\"https:\\\/\\\/www.eldiario.net\\\/portal\\\/2025\\\/08\\\/11\\\/whatsapp-se-transforma-pronto-podras-chatear-sin-necesidad-de-tener-una-cuenta\\\/\"},\"wordCount\":399,\"publisher\":{\"@id\":\"https:\\\/\\\/www.eldiario.net\\\/portal\\\/#organization\"},\"image\":{\"@id\":\"https:\\\/\\\/www.eldiario.net\\\/portal\\\/2025\\\/08\\\/11\\\/whatsapp-se-transforma-pronto-podras-chatear-sin-necesidad-de-tener-una-cuenta\\\/#primaryimage\"},\"thumbnailUrl\":\"https:\\\/\\\/www.eldiario.net\\\/portal\\\/wp-content\\\/uploads\\\/2025\\\/08\\\/8-A.webp\",\"articleSection\":[\"Ciencia y Computaci\u00f3n\"],\"inLanguage\":\"es\"},{\"@type\":\"WebPage\",\"@id\":\"https:\\\/\\\/www.eldiario.net\\\/portal\\\/2025\\\/08\\\/11\\\/whatsapp-se-transforma-pronto-podras-chatear-sin-necesidad-de-tener-una-cuenta\\\/\",\"url\":\"https:\\\/\\\/www.eldiario.net\\\/portal\\\/2025\\\/08\\\/11\\\/whatsapp-se-transforma-pronto-podras-chatear-sin-necesidad-de-tener-una-cuenta\\\/\",\"name\":\"WhatsApp se transforma: pronto podr\u00e1s chatear sin necesidad de tener una cuenta - El Diario - Bolivia\",\"isPartOf\":{\"@id\":\"https:\\\/\\\/www.eldiario.net\\\/portal\\\/#website\"},\"primaryImageOfPage\":{\"@id\":\"https:\\\/\\\/www.eldiario.net\\\/portal\\\/2025\\\/08\\\/11\\\/whatsapp-se-transforma-pronto-podras-chatear-sin-necesidad-de-tener-una-cuenta\\\/#primaryimage\"},\"image\":{\"@id\":\"https:\\\/\\\/www.eldiario.net\\\/portal\\\/2025\\\/08\\\/11\\\/whatsapp-se-transforma-pronto-podras-chatear-sin-necesidad-de-tener-una-cuenta\\\/#primaryimage\"},\"thumbnailUrl\":\"https:\\\/\\\/www.eldiario.net\\\/portal\\\/wp-content\\\/uploads\\\/2025\\\/08\\\/8-A.webp\",\"datePublished\":\"2025-08-11T04:25:08+00:00\",\"breadcrumb\":{\"@id\":\"https:\\\/\\\/www.eldiario.net\\\/portal\\\/2025\\\/08\\\/11\\\/whatsapp-se-transforma-pronto-podras-chatear-sin-necesidad-de-tener-una-cuenta\\\/#breadcrumb\"},\"inLanguage\":\"es\",\"potentialAction\":[{\"@type\":\"ReadAction\",\"target\":[\"https:\\\/\\\/www.eldiario.net\\\/portal\\\/2025\\\/08\\\/11\\\/whatsapp-se-transforma-pronto-podras-chatear-sin-necesidad-de-tener-una-cuenta\\\/\"]}]},{\"@type\":\"ImageObject\",\"inLanguage\":\"es\",\"@id\":\"https:\\\/\\\/www.eldiario.net\\\/portal\\\/2025\\\/08\\\/11\\\/whatsapp-se-transforma-pronto-podras-chatear-sin-necesidad-de-tener-una-cuenta\\\/#primaryimage\",\"url\":\"https:\\\/\\\/www.eldiario.net\\\/portal\\\/wp-content\\\/uploads\\\/2025\\\/08\\\/8-A.webp\",\"contentUrl\":\"https:\\\/\\\/www.eldiario.net\\\/portal\\\/wp-content\\\/uploads\\\/2025\\\/08\\\/8-A.webp\",\"width\":1200,\"height\":800},{\"@type\":\"BreadcrumbList\",\"@id\":\"https:\\\/\\\/www.eldiario.net\\\/portal\\\/2025\\\/08\\\/11\\\/whatsapp-se-transforma-pronto-podras-chatear-sin-necesidad-de-tener-una-cuenta\\\/#breadcrumb\",\"itemListElement\":[{\"@type\":\"ListItem\",\"position\":1,\"name\":\"Portada\",\"item\":\"https:\\\/\\\/www.eldiario.net\\\/portal\\\/\"},{\"@type\":\"ListItem\",\"position\":2,\"name\":\"WhatsApp se transforma: pronto podr\u00e1s chatear sin necesidad de tener una cuenta\"}]},{\"@type\":\"WebSite\",\"@id\":\"https:\\\/\\\/www.eldiario.net\\\/portal\\\/#website\",\"url\":\"https:\\\/\\\/www.eldiario.net\\\/portal\\\/\",\"name\":\"El Diario - Decano de la prensa nacional\",\"description\":\"El Diario - Decano de la prensa nacional\",\"publisher\":{\"@id\":\"https:\\\/\\\/www.eldiario.net\\\/portal\\\/#organization\"},\"potentialAction\":[{\"@type\":\"SearchAction\",\"target\":{\"@type\":\"EntryPoint\",\"urlTemplate\":\"https:\\\/\\\/www.eldiario.net\\\/portal\\\/?s={search_term_string}\"},\"query-input\":{\"@type\":\"PropertyValueSpecification\",\"valueRequired\":true,\"valueName\":\"search_term_string\"}}],\"inLanguage\":\"es\"},{\"@type\":\"Organization\",\"@id\":\"https:\\\/\\\/www.eldiario.net\\\/portal\\\/#organization\",\"name\":\"El Diario - Decano de la prensa nacional\",\"url\":\"https:\\\/\\\/www.eldiario.net\\\/portal\\\/\",\"logo\":{\"@type\":\"ImageObject\",\"inLanguage\":\"es\",\"@id\":\"https:\\\/\\\/www.eldiario.net\\\/portal\\\/#\\\/schema\\\/logo\\\/image\\\/\",\"url\":\"https:\\\/\\\/www.eldiario.net\\\/portal\\\/wp-content\\\/uploads\\\/2023\\\/07\\\/logo_ED.jpg\",\"contentUrl\":\"https:\\\/\\\/www.eldiario.net\\\/portal\\\/wp-content\\\/uploads\\\/2023\\\/07\\\/logo_ED.jpg\",\"width\":272,\"height\":52,\"caption\":\"El Diario - Decano de la prensa nacional\"},\"image\":{\"@id\":\"https:\\\/\\\/www.eldiario.net\\\/portal\\\/#\\\/schema\\\/logo\\\/image\\\/\"},\"sameAs\":[\"https:\\\/\\\/www.facebook.com\\\/eldiario.bolivia\\\/\",\"https:\\\/\\\/x.com\\\/eldiario_net\"]},{\"@type\":\"Person\",\"@id\":\"https:\\\/\\\/www.eldiario.net\\\/portal\\\/#\\\/schema\\\/person\\\/2c57cf2b7a7ae032e449e4c9b1019eac\",\"name\":\"Jeanette\",\"image\":{\"@type\":\"ImageObject\",\"inLanguage\":\"es\",\"@id\":\"https:\\\/\\\/secure.gravatar.com\\\/avatar\\\/3ea2118a5f7dad2b7138b1187a6b7ee55f160b9968b66013c3a3ef39dd7e5798?s=96&d=mm&r=g\",\"url\":\"https:\\\/\\\/secure.gravatar.com\\\/avatar\\\/3ea2118a5f7dad2b7138b1187a6b7ee55f160b9968b66013c3a3ef39dd7e5798?s=96&d=mm&r=g\",\"contentUrl\":\"https:\\\/\\\/secure.gravatar.com\\\/avatar\\\/3ea2118a5f7dad2b7138b1187a6b7ee55f160b9968b66013c3a3ef39dd7e5798?s=96&d=mm&r=g\",\"caption\":\"Jeanette\"},\"sameAs\":[\"https:\\\/\\\/www.eldiario.net\\\/portal\"],\"url\":\"https:\\\/\\\/www.eldiario.net\\\/portal\\\/author\\\/jeanette\\\/\"}]}<\/script>\n<!-- \/ Yoast SEO plugin. -->","yoast_head_json":{"title":"WhatsApp se transforma: pronto podr\u00e1s chatear sin necesidad de tener una cuenta - El Diario - Bolivia","robots":{"index":"index","follow":"follow","max-snippet":"max-snippet:-1","max-image-preview":"max-image-preview:large","max-video-preview":"max-video-preview:-1"},"canonical":"https:\/\/www.eldiario.net\/portal\/2025\/08\/11\/whatsapp-se-transforma-pronto-podras-chatear-sin-necesidad-de-tener-una-cuenta\/","og_locale":"es_ES","og_type":"article","og_title":"WhatsApp se transforma: pronto podr\u00e1s chatear sin necesidad de tener una cuenta - El Diario - Bolivia","og_description":"WhatsApp est\u00e1 desarrollando una nueva funci\u00f3n que permitir\u00e1 a personas sin cuenta en la aplicaci\u00f3n, o que usen otras plataformas de mensajer\u00eda, comunicarse con usuarios de WhatsApp. Este cambio representa un paso importante hacia la interoperabilidad entre servicios, y podr\u00eda modificar para siempre la forma en que usamos la aplicaci\u00f3n. Una evoluci\u00f3n en la mensajer\u00eda [&hellip;]","og_url":"https:\/\/www.eldiario.net\/portal\/2025\/08\/11\/whatsapp-se-transforma-pronto-podras-chatear-sin-necesidad-de-tener-una-cuenta\/","og_site_name":"El Diario - Bolivia","article_publisher":"https:\/\/www.facebook.com\/eldiario.bolivia\/","article_published_time":"2025-08-11T04:25:08+00:00","og_image":[{"width":1200,"height":800,"url":"https:\/\/www.eldiario.net\/portal\/wp-content\/uploads\/2025\/08\/8-A.webp","type":"image\/webp"}],"author":"Jeanette","twitter_card":"summary_large_image","twitter_creator":"@eldiario_net","twitter_site":"@eldiario_net","twitter_misc":{"Escrito por":"Jeanette","Tiempo de lectura":"2 minutos"},"schema":{"@context":"https:\/\/schema.org","@graph":[{"@type":"Article","@id":"https:\/\/www.eldiario.net\/portal\/2025\/08\/11\/whatsapp-se-transforma-pronto-podras-chatear-sin-necesidad-de-tener-una-cuenta\/#article","isPartOf":{"@id":"https:\/\/www.eldiario.net\/portal\/2025\/08\/11\/whatsapp-se-transforma-pronto-podras-chatear-sin-necesidad-de-tener-una-cuenta\/"},"author":{"name":"Jeanette","@id":"https:\/\/www.eldiario.net\/portal\/#\/schema\/person\/2c57cf2b7a7ae032e449e4c9b1019eac"},"headline":"WhatsApp se transforma: pronto podr\u00e1s chatear sin necesidad de tener una cuenta","datePublished":"2025-08-11T04:25:08+00:00","mainEntityOfPage":{"@id":"https:\/\/www.eldiario.net\/portal\/2025\/08\/11\/whatsapp-se-transforma-pronto-podras-chatear-sin-necesidad-de-tener-una-cuenta\/"},"wordCount":399,"publisher":{"@id":"https:\/\/www.eldiario.net\/portal\/#organization"},"image":{"@id":"https:\/\/www.eldiario.net\/portal\/2025\/08\/11\/whatsapp-se-transforma-pronto-podras-chatear-sin-necesidad-de-tener-una-cuenta\/#primaryimage"},"thumbnailUrl":"https:\/\/www.eldiario.net\/portal\/wp-content\/uploads\/2025\/08\/8-A.webp","articleSection":["Ciencia y Computaci\u00f3n"],"inLanguage":"es"},{"@type":"WebPage","@id":"https:\/\/www.eldiario.net\/portal\/2025\/08\/11\/whatsapp-se-transforma-pronto-podras-chatear-sin-necesidad-de-tener-una-cuenta\/","url":"https:\/\/www.eldiario.net\/portal\/2025\/08\/11\/whatsapp-se-transforma-pronto-podras-chatear-sin-necesidad-de-tener-una-cuenta\/","name":"WhatsApp se transforma: pronto podr\u00e1s chatear sin necesidad de tener una cuenta - El Diario - Bolivia","isPartOf":{"@id":"https:\/\/www.eldiario.net\/portal\/#website"},"primaryImageOfPage":{"@id":"https:\/\/www.eldiario.net\/portal\/2025\/08\/11\/whatsapp-se-transforma-pronto-podras-chatear-sin-necesidad-de-tener-una-cuenta\/#primaryimage"},"image":{"@id":"https:\/\/www.eldiario.net\/portal\/2025\/08\/11\/whatsapp-se-transforma-pronto-podras-chatear-sin-necesidad-de-tener-una-cuenta\/#primaryimage"},"thumbnailUrl":"https:\/\/www.eldiario.net\/portal\/wp-content\/uploads\/2025\/08\/8-A.webp","datePublished":"2025-08-11T04:25:08+00:00","breadcrumb":{"@id":"https:\/\/www.eldiario.net\/portal\/2025\/08\/11\/whatsapp-se-transforma-pronto-podras-chatear-sin-necesidad-de-tener-una-cuenta\/#breadcrumb"},"inLanguage":"es","potentialAction":[{"@type":"ReadAction","target":["https:\/\/www.eldiario.net\/portal\/2025\/08\/11\/whatsapp-se-transforma-pronto-podras-chatear-sin-necesidad-de-tener-una-cuenta\/"]}]},{"@type":"ImageObject","inLanguage":"es","@id":"https:\/\/www.eldiario.net\/portal\/2025\/08\/11\/whatsapp-se-transforma-pronto-podras-chatear-sin-necesidad-de-tener-una-cuenta\/#primaryimage","url":"https:\/\/www.eldiario.net\/portal\/wp-content\/uploads\/2025\/08\/8-A.webp","contentUrl":"https:\/\/www.eldiario.net\/portal\/wp-content\/uploads\/2025\/08\/8-A.webp","width":1200,"height":800},{"@type":"BreadcrumbList","@id":"https:\/\/www.eldiario.net\/portal\/2025\/08\/11\/whatsapp-se-transforma-pronto-podras-chatear-sin-necesidad-de-tener-una-cuenta\/#breadcrumb","itemListElement":[{"@type":"ListItem","position":1,"name":"Portada","item":"https:\/\/www.eldiario.net\/portal\/"},{"@type":"ListItem","position":2,"name":"WhatsApp se transforma: pronto podr\u00e1s chatear sin necesidad de tener una cuenta"}]},{"@type":"WebSite","@id":"https:\/\/www.eldiario.net\/portal\/#website","url":"https:\/\/www.eldiario.net\/portal\/","name":"El Diario - Decano de la prensa nacional","description":"El Diario - Decano de la prensa nacional","publisher":{"@id":"https:\/\/www.eldiario.net\/portal\/#organization"},"potentialAction":[{"@type":"SearchAction","target":{"@type":"EntryPoint","urlTemplate":"https:\/\/www.eldiario.net\/portal\/?s={search_term_string}"},"query-input":{"@type":"PropertyValueSpecification","valueRequired":true,"valueName":"search_term_string"}}],"inLanguage":"es"},{"@type":"Organization","@id":"https:\/\/www.eldiario.net\/portal\/#organization","name":"El Diario - Decano de la prensa nacional","url":"https:\/\/www.eldiario.net\/portal\/","logo":{"@type":"ImageObject","inLanguage":"es","@id":"https:\/\/www.eldiario.net\/portal\/#\/schema\/logo\/image\/","url":"https:\/\/www.eldiario.net\/portal\/wp-content\/uploads\/2023\/07\/logo_ED.jpg","contentUrl":"https:\/\/www.eldiario.net\/portal\/wp-content\/uploads\/2023\/07\/logo_ED.jpg","width":272,"height":52,"caption":"El Diario - Decano de la prensa nacional"},"image":{"@id":"https:\/\/www.eldiario.net\/portal\/#\/schema\/logo\/image\/"},"sameAs":["https:\/\/www.facebook.com\/eldiario.bolivia\/","https:\/\/x.com\/eldiario_net"]},{"@type":"Person","@id":"https:\/\/www.eldiario.net\/portal\/#\/schema\/person\/2c57cf2b7a7ae032e449e4c9b1019eac","name":"Jeanette","image":{"@type":"ImageObject","inLanguage":"es","@id":"https:\/\/secure.gravatar.com\/avatar\/3ea2118a5f7dad2b7138b1187a6b7ee55f160b9968b66013c3a3ef39dd7e5798?s=96&d=mm&r=g","url":"https:\/\/secure.gravatar.com\/avatar\/3ea2118a5f7dad2b7138b1187a6b7ee55f160b9968b66013c3a3ef39dd7e5798?s=96&d=mm&r=g","contentUrl":"https:\/\/secure.gravatar.com\/avatar\/3ea2118a5f7dad2b7138b1187a6b7ee55f160b9968b66013c3a3ef39dd7e5798?s=96&d=mm&r=g","caption":"Jeanette"},"sameAs":["https:\/\/www.eldiario.net\/portal"],"url":"https:\/\/www.eldiario.net\/portal\/author\/jeanette\/"}]}},"_links":{"self":[{"href":"https:\/\/www.eldiario.net\/portal\/wp-json\/wp\/v2\/posts\/323033","targetHints":{"allow":["GET"]}}],"collection":[{"href":"https:\/\/www.eldiario.net\/portal\/wp-json\/wp\/v2\/posts"}],"about":[{"href":"https:\/\/www.eldiario.net\/portal\/wp-json\/wp\/v2\/types\/post"}],"author":[{"embeddable":true,"href":"https:\/\/www.eldiario.net\/portal\/wp-json\/wp\/v2\/users\/1"}],"replies":[{"embeddable":true,"href":"https:\/\/www.eldiario.net\/portal\/wp-json\/wp\/v2\/comments?post=323033"}],"version-history":[{"count":1,"href":"https:\/\/www.eldiario.net\/portal\/wp-json\/wp\/v2\/posts\/323033\/revisions"}],"predecessor-version":[{"id":323035,"href":"https:\/\/www.eldiario.net\/portal\/wp-json\/wp\/v2\/posts\/323033\/revisions\/323035"}],"wp:featuredmedia":[{"embeddable":true,"href":"https:\/\/www.eldiario.net\/portal\/wp-json\/wp\/v2\/media\/323034"}],"wp:attachment":[{"href":"https:\/\/www.eldiario.net\/portal\/wp-json\/wp\/v2\/media?parent=323033"}],"wp:term":[{"taxonomy":"category","embeddable":true,"href":"https:\/\/www.eldiario.net\/portal\/wp-json\/wp\/v2\/categories?post=323033"},{"taxonomy":"post_tag","embeddable":true,"href":"https:\/\/www.eldiario.net\/portal\/wp-json\/wp\/v2\/tags?post=323033"}],"curies":[{"name":"wp","href":"https:\/\/api.w.org\/{rel}","templated":true}]}}