{"id":323030,"date":"2025-08-11T00:21:22","date_gmt":"2025-08-11T04:21:22","guid":{"rendered":"https:\/\/www.eldiario.net\/portal\/?p=323030"},"modified":"2025-08-10T08:24:55","modified_gmt":"2025-08-10T12:24:55","slug":"samsung-celebra-el-bicentenario-de-bolivia-con-combos-especiales-para-sus-smartphones-de-la-serie-galaxy-a","status":"publish","type":"post","link":"https:\/\/www.eldiario.net\/portal\/2025\/08\/11\/samsung-celebra-el-bicentenario-de-bolivia-con-combos-especiales-para-sus-smartphones-de-la-serie-galaxy-a\/","title":{"rendered":"Samsung celebra el Bicentenario de Bolivia con combos especiales para sus smartphones de la serie Galaxy A"},"content":{"rendered":"<p><strong>Agosto 2025 \u2013 <\/strong>En conmemoraci\u00f3n a los 200 a\u00f1os de la independencia de Bolivia, Samsung lanza el <strong>Combo Bicentenario<\/strong>, una campa\u00f1a especial que busca celebrar esta hist\u00f3rica fecha con tecnolog\u00eda accesible y beneficios especiales para sus usuarios.<\/p>\n<p>Esta propuesta est\u00e1 disponible hasta el 9 de agosto o hasta agotar stock, y aplica para la compra de los modelos <strong>Galaxy A05, A05s, A06 y A16<\/strong>. Cada combo incluye un art\u00edculo de la colecci\u00f3n <strong>Galaxy Rules<\/strong> a elecci\u00f3n (polera o manta de edici\u00f3n limitada) m\u00e1s un art\u00edculo sorpresa adicional, para que los usuarios puedan festejar con estilo el Bicentenario.<\/p>\n<p>\u201cBuscamos que los bolivianos celebren este a\u00f1o con tecnolog\u00eda de calidad y una experiencia Galaxy AI para todos\u201d, afirma la gerente de marketing de Samsung Bolivia, Stephani Berzain. \u201cEl Combo Bicentenario es una muestra concreta de nuestro compromiso con la innovaci\u00f3n inclusiva y cercana a las familias bolivianas\u201d.<\/p>\n<p><strong>Smartphones Galaxy A para cada necesidad y estilo<\/strong><\/p>\n<p>Entre los dispositivos incluidos en esta promoci\u00f3n destaca el <strong>Galaxy A16<\/strong>, con su pantalla Super AMOLED FHD+ de 6.7 pulgadas, sistema de c\u00e1maras m\u00faltiples de hasta 50 MP y una bater\u00eda de 5.000 mAh. Este modelo cuenta con el sistema de seguridad Samsung Knox Vault, ideal para quienes priorizan la protecci\u00f3n de datos personales.<\/p>\n<p>Por su parte, el <strong>Galaxy A06<\/strong> ofrece una experiencia visual envolvente con una pantalla de 6.7 pulgadas y dise\u00f1o elegante. Adem\u00e1s, incluye una c\u00e1mara frontal de 8 MP, sensor de huellas dactilares lateral, carga r\u00e1pida de 25W y funciones integradas como Google Meet, Samsung Health y Bienestar Digital para un estilo de vida saludable.<\/p>\n<p>Los modelos <strong>Galaxy A05 <\/strong>y<strong> A05s<\/strong> tambi\u00e9n forman parte del Combo Bicentenario, brindando pantallas amplias, potentes c\u00e1maras de 50 MP, bater\u00edas duraderas de 5.000 mAh y un dise\u00f1o moderno para quienes buscan eficiencia y buen precio.<\/p>\n<p>\u201cCon este combo queremos que m\u00e1s personas vivan la experiencia Galaxy: conectividad, dise\u00f1o y herramientas \u00fatiles para el d\u00eda a d\u00eda, desde los m\u00e1s j\u00f3venes hasta los adultos mayores\u201d, explica la ejecutiva de Samsung.<\/p>\n<p>El Combo Bicentenario est\u00e1 disponible en todo el pa\u00eds, en puntos de venta autorizados y tiendas Samsung.<\/p>\n<p><strong>M\u00e1s all\u00e1 de la tecnolog\u00eda: compromiso con Bolivia<\/strong><\/p>\n<p>Samsung complementa su trabajo en tecnolog\u00eda con un fuerte enfoque en responsabilidad social. A trav\u00e9s del programa <strong>Solve for Tomorrow (SFT)<\/strong>, impulsa la creatividad de estudiantes bolivianos para resolver desaf\u00edos locales mediante la metodolog\u00eda STEM (Ciencia, Tecnolog\u00eda, Ingenier\u00eda y Matem\u00e1ticas).<\/p>\n<p>En Bolivia, en apenas dos ediciones, SFT ha reunido m\u00e1s de 1.000 propuestas enfocadas en educaci\u00f3n, salud y medioambiente. Para este a\u00f1o, la empresa espera superar esa cifra.<\/p>\n<p>Adem\u00e1s, bajo la visi\u00f3n \u201c<strong>IA para todos<\/strong>\u201d, Samsung impulsa tres ejes en el pa\u00eds: la expansi\u00f3n del ecosistema Galaxy AI con funciones inteligentes y dispositivos conectados; el fortalecimiento del segmento de electrodom\u00e9sticos y televisores, con foco en eficiencia y conectividad; y el impulso a la educaci\u00f3n y sostenibilidad.<\/p>\n<p>\u201c8 de cada 10 hogares en Bolivia cuentan con un dispositivo Samsung. Esto nos compromete a seguir innovando y estar m\u00e1s cerca de los bolivianos (\u2026) Celebrar los 200 a\u00f1os de Bolivia es tambi\u00e9n celebrar el futuro: m\u00e1s conectado, m\u00e1s inclusivo y con m\u00e1s soluciones con Inteligencia artificial para todos\u201d, concluye el presidente de Samsung Bolivia, Agustin Park.<\/p>\n<p>&nbsp;<\/p>\n","protected":false},"excerpt":{"rendered":"<p>Agosto 2025 \u2013 En conmemoraci\u00f3n a los 200 a\u00f1os de la independencia de Bolivia, Samsung lanza el Combo Bicentenario, una campa\u00f1a especial que busca celebrar esta hist\u00f3rica fecha con tecnolog\u00eda accesible y beneficios especiales para sus usuarios. Esta propuesta est\u00e1 disponible hasta el 9 de agosto o hasta agotar stock, y aplica para la compra [&hellip;]<\/p>\n","protected":false},"author":1,"featured_media":323031,"comment_status":"closed","ping_status":"open","sticky":false,"template":"","format":"standard","meta":{"_acf_changed":false,"footnotes":""},"categories":[46],"tags":[],"class_list":["post-323030","post","type-post","status-publish","format-standard","has-post-thumbnail","category-ciencia-computacion"],"acf":{"antetitulo":""},"yoast_head":"<!-- This site is optimized with the Yoast SEO plugin v28.4 - https:\/\/yoast.com\/product\/yoast-seo-wordpress\/ -->\n<title>Samsung celebra el Bicentenario de Bolivia con combos especiales para sus smartphones de la serie Galaxy A - El Diario - Bolivia<\/title>\n<meta name=\"robots\" content=\"index, follow, max-snippet:-1, max-image-preview:large, max-video-preview:-1\" \/>\n<link rel=\"canonical\" href=\"https:\/\/www.eldiario.net\/portal\/2025\/08\/11\/samsung-celebra-el-bicentenario-de-bolivia-con-combos-especiales-para-sus-smartphones-de-la-serie-galaxy-a\/\" \/>\n<meta property=\"og:locale\" content=\"es_ES\" \/>\n<meta property=\"og:type\" content=\"article\" \/>\n<meta property=\"og:title\" content=\"Samsung celebra el Bicentenario de Bolivia con combos especiales para sus smartphones de la serie Galaxy A - El Diario - Bolivia\" \/>\n<meta property=\"og:description\" content=\"Agosto 2025 \u2013 En conmemoraci\u00f3n a los 200 a\u00f1os de la independencia de Bolivia, Samsung lanza el Combo Bicentenario, una campa\u00f1a especial que busca celebrar esta hist\u00f3rica fecha con tecnolog\u00eda accesible y beneficios especiales para sus usuarios. Esta propuesta est\u00e1 disponible hasta el 9 de agosto o hasta agotar stock, y aplica para la compra [&hellip;]\" \/>\n<meta property=\"og:url\" content=\"https:\/\/www.eldiario.net\/portal\/2025\/08\/11\/samsung-celebra-el-bicentenario-de-bolivia-con-combos-especiales-para-sus-smartphones-de-la-serie-galaxy-a\/\" \/>\n<meta property=\"og:site_name\" content=\"El Diario - Bolivia\" \/>\n<meta property=\"article:publisher\" content=\"https:\/\/www.facebook.com\/eldiario.bolivia\/\" \/>\n<meta property=\"article:published_time\" content=\"2025-08-11T04:21:22+00:00\" \/>\n<meta property=\"og:image\" content=\"https:\/\/www.eldiario.net\/portal\/wp-content\/uploads\/2025\/08\/8-B-1.webp\" \/>\n\t<meta property=\"og:image:width\" content=\"1200\" \/>\n\t<meta property=\"og:image:height\" content=\"771\" \/>\n\t<meta property=\"og:image:type\" content=\"image\/webp\" \/>\n<meta name=\"author\" content=\"Jeanette\" \/>\n<meta name=\"twitter:card\" content=\"summary_large_image\" \/>\n<meta name=\"twitter:creator\" content=\"@eldiario_net\" \/>\n<meta name=\"twitter:site\" content=\"@eldiario_net\" \/>\n<meta name=\"twitter:label1\" content=\"Escrito por\" \/>\n\t<meta name=\"twitter:data1\" content=\"Jeanette\" \/>\n\t<meta name=\"twitter:label2\" content=\"Tiempo de lectura\" \/>\n\t<meta name=\"twitter:data2\" content=\"3 minutos\" \/>\n<script type=\"application\/ld+json\" class=\"yoast-schema-graph\">{\"@context\":\"https:\\\/\\\/schema.org\",\"@graph\":[{\"@type\":\"Article\",\"@id\":\"https:\\\/\\\/www.eldiario.net\\\/portal\\\/2025\\\/08\\\/11\\\/samsung-celebra-el-bicentenario-de-bolivia-con-combos-especiales-para-sus-smartphones-de-la-serie-galaxy-a\\\/#article\",\"isPartOf\":{\"@id\":\"https:\\\/\\\/www.eldiario.net\\\/portal\\\/2025\\\/08\\\/11\\\/samsung-celebra-el-bicentenario-de-bolivia-con-combos-especiales-para-sus-smartphones-de-la-serie-galaxy-a\\\/\"},\"author\":{\"name\":\"Jeanette\",\"@id\":\"https:\\\/\\\/www.eldiario.net\\\/portal\\\/#\\\/schema\\\/person\\\/2c57cf2b7a7ae032e449e4c9b1019eac\"},\"headline\":\"Samsung celebra el Bicentenario de Bolivia con combos especiales para sus smartphones de la serie Galaxy A\",\"datePublished\":\"2025-08-11T04:21:22+00:00\",\"mainEntityOfPage\":{\"@id\":\"https:\\\/\\\/www.eldiario.net\\\/portal\\\/2025\\\/08\\\/11\\\/samsung-celebra-el-bicentenario-de-bolivia-con-combos-especiales-para-sus-smartphones-de-la-serie-galaxy-a\\\/\"},\"wordCount\":592,\"publisher\":{\"@id\":\"https:\\\/\\\/www.eldiario.net\\\/portal\\\/#organization\"},\"image\":{\"@id\":\"https:\\\/\\\/www.eldiario.net\\\/portal\\\/2025\\\/08\\\/11\\\/samsung-celebra-el-bicentenario-de-bolivia-con-combos-especiales-para-sus-smartphones-de-la-serie-galaxy-a\\\/#primaryimage\"},\"thumbnailUrl\":\"https:\\\/\\\/www.eldiario.net\\\/portal\\\/wp-content\\\/uploads\\\/2025\\\/08\\\/8-B-1.webp\",\"articleSection\":[\"Ciencia y Computaci\u00f3n\"],\"inLanguage\":\"es\"},{\"@type\":\"WebPage\",\"@id\":\"https:\\\/\\\/www.eldiario.net\\\/portal\\\/2025\\\/08\\\/11\\\/samsung-celebra-el-bicentenario-de-bolivia-con-combos-especiales-para-sus-smartphones-de-la-serie-galaxy-a\\\/\",\"url\":\"https:\\\/\\\/www.eldiario.net\\\/portal\\\/2025\\\/08\\\/11\\\/samsung-celebra-el-bicentenario-de-bolivia-con-combos-especiales-para-sus-smartphones-de-la-serie-galaxy-a\\\/\",\"name\":\"Samsung celebra el Bicentenario de Bolivia con combos especiales para sus smartphones de la serie Galaxy A - El Diario - Bolivia\",\"isPartOf\":{\"@id\":\"https:\\\/\\\/www.eldiario.net\\\/portal\\\/#website\"},\"primaryImageOfPage\":{\"@id\":\"https:\\\/\\\/www.eldiario.net\\\/portal\\\/2025\\\/08\\\/11\\\/samsung-celebra-el-bicentenario-de-bolivia-con-combos-especiales-para-sus-smartphones-de-la-serie-galaxy-a\\\/#primaryimage\"},\"image\":{\"@id\":\"https:\\\/\\\/www.eldiario.net\\\/portal\\\/2025\\\/08\\\/11\\\/samsung-celebra-el-bicentenario-de-bolivia-con-combos-especiales-para-sus-smartphones-de-la-serie-galaxy-a\\\/#primaryimage\"},\"thumbnailUrl\":\"https:\\\/\\\/www.eldiario.net\\\/portal\\\/wp-content\\\/uploads\\\/2025\\\/08\\\/8-B-1.webp\",\"datePublished\":\"2025-08-11T04:21:22+00:00\",\"breadcrumb\":{\"@id\":\"https:\\\/\\\/www.eldiario.net\\\/portal\\\/2025\\\/08\\\/11\\\/samsung-celebra-el-bicentenario-de-bolivia-con-combos-especiales-para-sus-smartphones-de-la-serie-galaxy-a\\\/#breadcrumb\"},\"inLanguage\":\"es\",\"potentialAction\":[{\"@type\":\"ReadAction\",\"target\":[\"https:\\\/\\\/www.eldiario.net\\\/portal\\\/2025\\\/08\\\/11\\\/samsung-celebra-el-bicentenario-de-bolivia-con-combos-especiales-para-sus-smartphones-de-la-serie-galaxy-a\\\/\"]}]},{\"@type\":\"ImageObject\",\"inLanguage\":\"es\",\"@id\":\"https:\\\/\\\/www.eldiario.net\\\/portal\\\/2025\\\/08\\\/11\\\/samsung-celebra-el-bicentenario-de-bolivia-con-combos-especiales-para-sus-smartphones-de-la-serie-galaxy-a\\\/#primaryimage\",\"url\":\"https:\\\/\\\/www.eldiario.net\\\/portal\\\/wp-content\\\/uploads\\\/2025\\\/08\\\/8-B-1.webp\",\"contentUrl\":\"https:\\\/\\\/www.eldiario.net\\\/portal\\\/wp-content\\\/uploads\\\/2025\\\/08\\\/8-B-1.webp\",\"width\":1200,\"height\":771},{\"@type\":\"BreadcrumbList\",\"@id\":\"https:\\\/\\\/www.eldiario.net\\\/portal\\\/2025\\\/08\\\/11\\\/samsung-celebra-el-bicentenario-de-bolivia-con-combos-especiales-para-sus-smartphones-de-la-serie-galaxy-a\\\/#breadcrumb\",\"itemListElement\":[{\"@type\":\"ListItem\",\"position\":1,\"name\":\"Portada\",\"item\":\"https:\\\/\\\/www.eldiario.net\\\/portal\\\/\"},{\"@type\":\"ListItem\",\"position\":2,\"name\":\"Samsung celebra el Bicentenario de Bolivia con combos especiales para sus smartphones de la serie Galaxy A\"}]},{\"@type\":\"WebSite\",\"@id\":\"https:\\\/\\\/www.eldiario.net\\\/portal\\\/#website\",\"url\":\"https:\\\/\\\/www.eldiario.net\\\/portal\\\/\",\"name\":\"El Diario - Decano de la prensa nacional\",\"description\":\"El Diario - Decano de la prensa nacional\",\"publisher\":{\"@id\":\"https:\\\/\\\/www.eldiario.net\\\/portal\\\/#organization\"},\"potentialAction\":[{\"@type\":\"SearchAction\",\"target\":{\"@type\":\"EntryPoint\",\"urlTemplate\":\"https:\\\/\\\/www.eldiario.net\\\/portal\\\/?s={search_term_string}\"},\"query-input\":{\"@type\":\"PropertyValueSpecification\",\"valueRequired\":true,\"valueName\":\"search_term_string\"}}],\"inLanguage\":\"es\"},{\"@type\":\"Organization\",\"@id\":\"https:\\\/\\\/www.eldiario.net\\\/portal\\\/#organization\",\"name\":\"El Diario - Decano de la prensa nacional\",\"url\":\"https:\\\/\\\/www.eldiario.net\\\/portal\\\/\",\"logo\":{\"@type\":\"ImageObject\",\"inLanguage\":\"es\",\"@id\":\"https:\\\/\\\/www.eldiario.net\\\/portal\\\/#\\\/schema\\\/logo\\\/image\\\/\",\"url\":\"https:\\\/\\\/www.eldiario.net\\\/portal\\\/wp-content\\\/uploads\\\/2023\\\/07\\\/logo_ED.jpg\",\"contentUrl\":\"https:\\\/\\\/www.eldiario.net\\\/portal\\\/wp-content\\\/uploads\\\/2023\\\/07\\\/logo_ED.jpg\",\"width\":272,\"height\":52,\"caption\":\"El Diario - Decano de la prensa nacional\"},\"image\":{\"@id\":\"https:\\\/\\\/www.eldiario.net\\\/portal\\\/#\\\/schema\\\/logo\\\/image\\\/\"},\"sameAs\":[\"https:\\\/\\\/www.facebook.com\\\/eldiario.bolivia\\\/\",\"https:\\\/\\\/x.com\\\/eldiario_net\"]},{\"@type\":\"Person\",\"@id\":\"https:\\\/\\\/www.eldiario.net\\\/portal\\\/#\\\/schema\\\/person\\\/2c57cf2b7a7ae032e449e4c9b1019eac\",\"name\":\"Jeanette\",\"image\":{\"@type\":\"ImageObject\",\"inLanguage\":\"es\",\"@id\":\"https:\\\/\\\/secure.gravatar.com\\\/avatar\\\/3ea2118a5f7dad2b7138b1187a6b7ee55f160b9968b66013c3a3ef39dd7e5798?s=96&d=mm&r=g\",\"url\":\"https:\\\/\\\/secure.gravatar.com\\\/avatar\\\/3ea2118a5f7dad2b7138b1187a6b7ee55f160b9968b66013c3a3ef39dd7e5798?s=96&d=mm&r=g\",\"contentUrl\":\"https:\\\/\\\/secure.gravatar.com\\\/avatar\\\/3ea2118a5f7dad2b7138b1187a6b7ee55f160b9968b66013c3a3ef39dd7e5798?s=96&d=mm&r=g\",\"caption\":\"Jeanette\"},\"sameAs\":[\"https:\\\/\\\/www.eldiario.net\\\/portal\"],\"url\":\"https:\\\/\\\/www.eldiario.net\\\/portal\\\/author\\\/jeanette\\\/\"}]}<\/script>\n<!-- \/ Yoast SEO plugin. -->","yoast_head_json":{"title":"Samsung celebra el Bicentenario de Bolivia con combos especiales para sus smartphones de la serie Galaxy A - El Diario - Bolivia","robots":{"index":"index","follow":"follow","max-snippet":"max-snippet:-1","max-image-preview":"max-image-preview:large","max-video-preview":"max-video-preview:-1"},"canonical":"https:\/\/www.eldiario.net\/portal\/2025\/08\/11\/samsung-celebra-el-bicentenario-de-bolivia-con-combos-especiales-para-sus-smartphones-de-la-serie-galaxy-a\/","og_locale":"es_ES","og_type":"article","og_title":"Samsung celebra el Bicentenario de Bolivia con combos especiales para sus smartphones de la serie Galaxy A - El Diario - Bolivia","og_description":"Agosto 2025 \u2013 En conmemoraci\u00f3n a los 200 a\u00f1os de la independencia de Bolivia, Samsung lanza el Combo Bicentenario, una campa\u00f1a especial que busca celebrar esta hist\u00f3rica fecha con tecnolog\u00eda accesible y beneficios especiales para sus usuarios. Esta propuesta est\u00e1 disponible hasta el 9 de agosto o hasta agotar stock, y aplica para la compra [&hellip;]","og_url":"https:\/\/www.eldiario.net\/portal\/2025\/08\/11\/samsung-celebra-el-bicentenario-de-bolivia-con-combos-especiales-para-sus-smartphones-de-la-serie-galaxy-a\/","og_site_name":"El Diario - Bolivia","article_publisher":"https:\/\/www.facebook.com\/eldiario.bolivia\/","article_published_time":"2025-08-11T04:21:22+00:00","og_image":[{"width":1200,"height":771,"url":"https:\/\/www.eldiario.net\/portal\/wp-content\/uploads\/2025\/08\/8-B-1.webp","type":"image\/webp"}],"author":"Jeanette","twitter_card":"summary_large_image","twitter_creator":"@eldiario_net","twitter_site":"@eldiario_net","twitter_misc":{"Escrito por":"Jeanette","Tiempo de lectura":"3 minutos"},"schema":{"@context":"https:\/\/schema.org","@graph":[{"@type":"Article","@id":"https:\/\/www.eldiario.net\/portal\/2025\/08\/11\/samsung-celebra-el-bicentenario-de-bolivia-con-combos-especiales-para-sus-smartphones-de-la-serie-galaxy-a\/#article","isPartOf":{"@id":"https:\/\/www.eldiario.net\/portal\/2025\/08\/11\/samsung-celebra-el-bicentenario-de-bolivia-con-combos-especiales-para-sus-smartphones-de-la-serie-galaxy-a\/"},"author":{"name":"Jeanette","@id":"https:\/\/www.eldiario.net\/portal\/#\/schema\/person\/2c57cf2b7a7ae032e449e4c9b1019eac"},"headline":"Samsung celebra el Bicentenario de Bolivia con combos especiales para sus smartphones de la serie Galaxy A","datePublished":"2025-08-11T04:21:22+00:00","mainEntityOfPage":{"@id":"https:\/\/www.eldiario.net\/portal\/2025\/08\/11\/samsung-celebra-el-bicentenario-de-bolivia-con-combos-especiales-para-sus-smartphones-de-la-serie-galaxy-a\/"},"wordCount":592,"publisher":{"@id":"https:\/\/www.eldiario.net\/portal\/#organization"},"image":{"@id":"https:\/\/www.eldiario.net\/portal\/2025\/08\/11\/samsung-celebra-el-bicentenario-de-bolivia-con-combos-especiales-para-sus-smartphones-de-la-serie-galaxy-a\/#primaryimage"},"thumbnailUrl":"https:\/\/www.eldiario.net\/portal\/wp-content\/uploads\/2025\/08\/8-B-1.webp","articleSection":["Ciencia y Computaci\u00f3n"],"inLanguage":"es"},{"@type":"WebPage","@id":"https:\/\/www.eldiario.net\/portal\/2025\/08\/11\/samsung-celebra-el-bicentenario-de-bolivia-con-combos-especiales-para-sus-smartphones-de-la-serie-galaxy-a\/","url":"https:\/\/www.eldiario.net\/portal\/2025\/08\/11\/samsung-celebra-el-bicentenario-de-bolivia-con-combos-especiales-para-sus-smartphones-de-la-serie-galaxy-a\/","name":"Samsung celebra el Bicentenario de Bolivia con combos especiales para sus smartphones de la serie Galaxy A - El Diario - Bolivia","isPartOf":{"@id":"https:\/\/www.eldiario.net\/portal\/#website"},"primaryImageOfPage":{"@id":"https:\/\/www.eldiario.net\/portal\/2025\/08\/11\/samsung-celebra-el-bicentenario-de-bolivia-con-combos-especiales-para-sus-smartphones-de-la-serie-galaxy-a\/#primaryimage"},"image":{"@id":"https:\/\/www.eldiario.net\/portal\/2025\/08\/11\/samsung-celebra-el-bicentenario-de-bolivia-con-combos-especiales-para-sus-smartphones-de-la-serie-galaxy-a\/#primaryimage"},"thumbnailUrl":"https:\/\/www.eldiario.net\/portal\/wp-content\/uploads\/2025\/08\/8-B-1.webp","datePublished":"2025-08-11T04:21:22+00:00","breadcrumb":{"@id":"https:\/\/www.eldiario.net\/portal\/2025\/08\/11\/samsung-celebra-el-bicentenario-de-bolivia-con-combos-especiales-para-sus-smartphones-de-la-serie-galaxy-a\/#breadcrumb"},"inLanguage":"es","potentialAction":[{"@type":"ReadAction","target":["https:\/\/www.eldiario.net\/portal\/2025\/08\/11\/samsung-celebra-el-bicentenario-de-bolivia-con-combos-especiales-para-sus-smartphones-de-la-serie-galaxy-a\/"]}]},{"@type":"ImageObject","inLanguage":"es","@id":"https:\/\/www.eldiario.net\/portal\/2025\/08\/11\/samsung-celebra-el-bicentenario-de-bolivia-con-combos-especiales-para-sus-smartphones-de-la-serie-galaxy-a\/#primaryimage","url":"https:\/\/www.eldiario.net\/portal\/wp-content\/uploads\/2025\/08\/8-B-1.webp","contentUrl":"https:\/\/www.eldiario.net\/portal\/wp-content\/uploads\/2025\/08\/8-B-1.webp","width":1200,"height":771},{"@type":"BreadcrumbList","@id":"https:\/\/www.eldiario.net\/portal\/2025\/08\/11\/samsung-celebra-el-bicentenario-de-bolivia-con-combos-especiales-para-sus-smartphones-de-la-serie-galaxy-a\/#breadcrumb","itemListElement":[{"@type":"ListItem","position":1,"name":"Portada","item":"https:\/\/www.eldiario.net\/portal\/"},{"@type":"ListItem","position":2,"name":"Samsung celebra el Bicentenario de Bolivia con combos especiales para sus smartphones de la serie Galaxy A"}]},{"@type":"WebSite","@id":"https:\/\/www.eldiario.net\/portal\/#website","url":"https:\/\/www.eldiario.net\/portal\/","name":"El Diario - Decano de la prensa nacional","description":"El Diario - Decano de la prensa nacional","publisher":{"@id":"https:\/\/www.eldiario.net\/portal\/#organization"},"potentialAction":[{"@type":"SearchAction","target":{"@type":"EntryPoint","urlTemplate":"https:\/\/www.eldiario.net\/portal\/?s={search_term_string}"},"query-input":{"@type":"PropertyValueSpecification","valueRequired":true,"valueName":"search_term_string"}}],"inLanguage":"es"},{"@type":"Organization","@id":"https:\/\/www.eldiario.net\/portal\/#organization","name":"El Diario - Decano de la prensa nacional","url":"https:\/\/www.eldiario.net\/portal\/","logo":{"@type":"ImageObject","inLanguage":"es","@id":"https:\/\/www.eldiario.net\/portal\/#\/schema\/logo\/image\/","url":"https:\/\/www.eldiario.net\/portal\/wp-content\/uploads\/2023\/07\/logo_ED.jpg","contentUrl":"https:\/\/www.eldiario.net\/portal\/wp-content\/uploads\/2023\/07\/logo_ED.jpg","width":272,"height":52,"caption":"El Diario - Decano de la prensa nacional"},"image":{"@id":"https:\/\/www.eldiario.net\/portal\/#\/schema\/logo\/image\/"},"sameAs":["https:\/\/www.facebook.com\/eldiario.bolivia\/","https:\/\/x.com\/eldiario_net"]},{"@type":"Person","@id":"https:\/\/www.eldiario.net\/portal\/#\/schema\/person\/2c57cf2b7a7ae032e449e4c9b1019eac","name":"Jeanette","image":{"@type":"ImageObject","inLanguage":"es","@id":"https:\/\/secure.gravatar.com\/avatar\/3ea2118a5f7dad2b7138b1187a6b7ee55f160b9968b66013c3a3ef39dd7e5798?s=96&d=mm&r=g","url":"https:\/\/secure.gravatar.com\/avatar\/3ea2118a5f7dad2b7138b1187a6b7ee55f160b9968b66013c3a3ef39dd7e5798?s=96&d=mm&r=g","contentUrl":"https:\/\/secure.gravatar.com\/avatar\/3ea2118a5f7dad2b7138b1187a6b7ee55f160b9968b66013c3a3ef39dd7e5798?s=96&d=mm&r=g","caption":"Jeanette"},"sameAs":["https:\/\/www.eldiario.net\/portal"],"url":"https:\/\/www.eldiario.net\/portal\/author\/jeanette\/"}]}},"_links":{"self":[{"href":"https:\/\/www.eldiario.net\/portal\/wp-json\/wp\/v2\/posts\/323030","targetHints":{"allow":["GET"]}}],"collection":[{"href":"https:\/\/www.eldiario.net\/portal\/wp-json\/wp\/v2\/posts"}],"about":[{"href":"https:\/\/www.eldiario.net\/portal\/wp-json\/wp\/v2\/types\/post"}],"author":[{"embeddable":true,"href":"https:\/\/www.eldiario.net\/portal\/wp-json\/wp\/v2\/users\/1"}],"replies":[{"embeddable":true,"href":"https:\/\/www.eldiario.net\/portal\/wp-json\/wp\/v2\/comments?post=323030"}],"version-history":[{"count":1,"href":"https:\/\/www.eldiario.net\/portal\/wp-json\/wp\/v2\/posts\/323030\/revisions"}],"predecessor-version":[{"id":323032,"href":"https:\/\/www.eldiario.net\/portal\/wp-json\/wp\/v2\/posts\/323030\/revisions\/323032"}],"wp:featuredmedia":[{"embeddable":true,"href":"https:\/\/www.eldiario.net\/portal\/wp-json\/wp\/v2\/media\/323031"}],"wp:attachment":[{"href":"https:\/\/www.eldiario.net\/portal\/wp-json\/wp\/v2\/media?parent=323030"}],"wp:term":[{"taxonomy":"category","embeddable":true,"href":"https:\/\/www.eldiario.net\/portal\/wp-json\/wp\/v2\/categories?post=323030"},{"taxonomy":"post_tag","embeddable":true,"href":"https:\/\/www.eldiario.net\/portal\/wp-json\/wp\/v2\/tags?post=323030"}],"curies":[{"name":"wp","href":"https:\/\/api.w.org\/{rel}","templated":true}]}}