{"id":322786,"date":"2025-08-09T06:18:49","date_gmt":"2025-08-09T10:18:49","guid":{"rendered":"https:\/\/www.eldiario.net\/portal\/?p=322786"},"modified":"2025-08-09T06:18:49","modified_gmt":"2025-08-09T10:18:49","slug":"como-encuentra-a-bolivia-el-ano-del-bicentenario-2","status":"publish","type":"post","link":"https:\/\/www.eldiario.net\/portal\/2025\/08\/09\/como-encuentra-a-bolivia-el-ano-del-bicentenario-2\/","title":{"rendered":"\u00bfC\u00f3mo encuentra a Bolivia el A\u00f1o del Bicentenario?"},"content":{"rendered":"<p>\u00a1Qu\u00e9 hermoso hubiera sido que el festejo de las Fiestas Patrias de este a\u00f1o tuviera una connotaci\u00f3n diferente para el pa\u00eds! \u00a1Que nos hallara a los bolivianos unidos, hermanados con una visi\u00f3n de progreso! \u00a1Qu\u00e9 emocionante hubiera sido cantar el himno a Bolivia a una sola voz y con un solo coraz\u00f3n, disfrutando su progreso! \u00a1Maravilloso hubiera sido que este tiempo de j\u00fabilo nos encontrara sin heridas, rebosantes de alegr\u00eda y con la fe puesta en un futuro cada vez mejor!<br \/>\nPero no, despu\u00e9s de tanto tiempo no hemos llegado a lo que pudimos ser: Un pa\u00eds pr\u00f3spero, en paz, sin corrupci\u00f3n, con estabilidad, un alto crecimiento y sostenibilidad que haya derrotado la pobreza con la actividad empresarial &#8211;productiva, comercial y de servicios&#8211; generadora de empleos dignos e ingresos seguros para mejorar la calidad de vida de los ciudadanos.<br \/>\nMucho tiempo ha pasado y duele el alma ver un pa\u00eds dividido, con hijos que se olvidaron de abrazarse o migraron al exterior buscando un mejor destino lejos de su casa, con gente que cambi\u00f3 el canto por el llanto y la alegr\u00eda por el dolor, lo que deber\u00eda hacernos entender que construir el porvenir solo depende de nosotros.<br \/>\nRecientemente escrib\u00ed que, as\u00ed como el tiempo pasa inexorable para el ser humano y llega el momento de cumplir a\u00f1os, de igual manera ocurre con los pa\u00edses, que celebran cada a\u00f1o su aniversario, para el caso, el 6 de Agosto de 2025 se conmemora el Bicentenario de la fundaci\u00f3n de la Rep\u00fablica de Bolivia: 200 a\u00f1os de vida, de una agitada historia, de logros y haza\u00f1as, pero tambi\u00e9n, de sue\u00f1os fallidos, de sufrimiento y de lecciones aprendidas que no acaban de asimilarse para forjar un mejor pa\u00eds.<br \/>\nMuchas han sido las buenas intenciones de las varias decenas de gobernantes que ha tenido Bolivia a lo largo de su historia, queriendo sacarla de su postraci\u00f3n econ\u00f3mica, intentando para ello diferentes formas de administrarla, pero, en ausencia de una visi\u00f3n coherente de largo plazo y de pol\u00edticas de Estado que trasciendan los intereses pol\u00edtico-partidarios y las consignas ideol\u00f3gicas, las estrategias de desarrollo se han fundamentado, la mayor parte de las veces, en la explotaci\u00f3n de los ingentes recursos naturales de los que dispone el pa\u00eds, sin que ello haya servido para provocar un verdadero y perdurable cambio en la calidad de vida de la gente, como objetivo central de la pol\u00edtica p\u00fablica.<br \/>\nBasar las posibilidades de desarrollo en la at\u00e1vica pr\u00e1ctica de explotaci\u00f3n y exportaci\u00f3n de recursos naturales extractivos, no renovables y sin valor agregado, lleva a transitar un sinuoso y esquivo camino, derivado de las altas y bajas de crecimiento asociadas a los ciclos econ\u00f3micos y al vaiv\u00e9n de los precios internacionales de las materias primas, llegando a la alta vulnerabilidad que producen los modelos extractivistas al depender del rentismo, como hist\u00f3ricamente ha ocurrido con el pa\u00eds a partir del oro, la plata, el esta\u00f1o y, contempor\u00e1neamente, otros pocos minerales, para luego variar hacia los hidrocarburos, a partir de los a\u00f1os 70, sin que nada de ello haya podido consagrar un virtuoso y perdurable cambio estructural en lo econ\u00f3mico y social.<br \/>\nEs bien sabido que los recursos extractivos no renovables, aparte de generar econom\u00edas de enclave, producen fugaces \u00e9xitos, pero tambi\u00e9n, prolongadas crisis que, en lugar de provocar un cambio profundo en la vida de las personas, a trav\u00e9s de la mejora sustancial de la educaci\u00f3n, la salud y el acceso a oportunidades de empleo digno, m\u00e1s bien, generan lo contrario, con graves derivaciones no solamente de orden econ\u00f3mico y social, sino, tambi\u00e9n, pol\u00edticas.<br \/>\nEs doloroso decirlo, el Bicentenario del 6 de agosto de 2025 encuentra a Bolivia en una delicada situaci\u00f3n que amerita una profunda reflexi\u00f3n sobre el devenir de su historia, pero adem\u00e1s, los desaf\u00edos que debe enfrentar en el futuro.<br \/>\nOjal\u00e1 que tan trascendental ocasi\u00f3n no se limite a celebraciones simb\u00f3licas, por el contrario, es de esperar que pase a ser un punto de inflexi\u00f3n para repensar las cosas en funci\u00f3n de forjar un pa\u00eds pr\u00f3spero y sostenible, donde el beneficiario principal y el primer actor del desarrollo sea el ser humano, en aras de superar las dificultades de hoy, cuya expresi\u00f3n principal son la pobreza, la inestabilidad, la alta informalidad, la precariedad del trabajo, el deficiente acceso a una buena educaci\u00f3n y salud, la inseguridad jur\u00eddica y la desuni\u00f3n entre los bolivianos.<br \/>\nNecesitamos un pa\u00eds donde, superando las limitaciones ideol\u00f3gicas, ni se sacralice al Estado ni se satanice al mercado, ambos tienen un adecuado rol por jugar. La ancestral y la reciente historia vivida debe llevar a reflexionar sobre qu\u00e9 se hizo bien, qu\u00e9 no se hizo, pudiendo haberlo hecho, y qu\u00e9 se hizo mal.<br \/>\nSolamente a partir del reconocimiento de los aciertos y errores se podr\u00e1 construir ese grandioso pa\u00eds con el que so\u00f1amos para nuestros hijos y los hijos de nuestros hijos: Una Bolivia digna, productiva, exportadora y soberana.<br \/>\n\u00a1\u00a1\u00a1Felicidades, Bolivia, te abrazamos y bendecimos en tus 200 a\u00f1os de vida!!!<\/p>\n<p>El autor es Economista y Mag\u00edster en Comercio Internacional.<\/p>\n","protected":false},"excerpt":{"rendered":"<p>\u00a1Qu\u00e9 hermoso hubiera sido que el festejo de las Fiestas Patrias de este a\u00f1o tuviera una connotaci\u00f3n diferente para el pa\u00eds! \u00a1Que nos hallara a los bolivianos unidos, hermanados con una visi\u00f3n de progreso! \u00a1Qu\u00e9 emocionante hubiera sido cantar el himno a Bolivia a una sola voz y con un solo coraz\u00f3n, disfrutando su progreso! [&hellip;]<\/p>\n","protected":false},"author":1,"featured_media":157466,"comment_status":"closed","ping_status":"open","sticky":false,"template":"","format":"standard","meta":{"_acf_changed":false,"footnotes":""},"categories":[9],"tags":[],"class_list":["post-322786","post","type-post","status-publish","format-standard","has-post-thumbnail","category-opinion"],"acf":{"antetitulo":"Buscando la verdad "},"yoast_head":"<!-- This site is optimized with the Yoast SEO plugin v28.3 - https:\/\/yoast.com\/product\/yoast-seo-wordpress\/ -->\n<title>\u00bfC\u00f3mo encuentra a Bolivia el A\u00f1o del Bicentenario? - El Diario - Bolivia<\/title>\n<meta name=\"robots\" content=\"index, follow, max-snippet:-1, max-image-preview:large, max-video-preview:-1\" \/>\n<link rel=\"canonical\" href=\"https:\/\/www.eldiario.net\/portal\/2025\/08\/09\/como-encuentra-a-bolivia-el-ano-del-bicentenario-2\/\" \/>\n<meta property=\"og:locale\" content=\"es_ES\" \/>\n<meta property=\"og:type\" content=\"article\" \/>\n<meta property=\"og:title\" content=\"\u00bfC\u00f3mo encuentra a Bolivia el A\u00f1o del Bicentenario? - El Diario - Bolivia\" \/>\n<meta property=\"og:description\" content=\"\u00a1Qu\u00e9 hermoso hubiera sido que el festejo de las Fiestas Patrias de este a\u00f1o tuviera una connotaci\u00f3n diferente para el pa\u00eds! \u00a1Que nos hallara a los bolivianos unidos, hermanados con una visi\u00f3n de progreso! \u00a1Qu\u00e9 emocionante hubiera sido cantar el himno a Bolivia a una sola voz y con un solo coraz\u00f3n, disfrutando su progreso! [&hellip;]\" \/>\n<meta property=\"og:url\" content=\"https:\/\/www.eldiario.net\/portal\/2025\/08\/09\/como-encuentra-a-bolivia-el-ano-del-bicentenario-2\/\" \/>\n<meta property=\"og:site_name\" content=\"El Diario - Bolivia\" \/>\n<meta property=\"article:publisher\" content=\"https:\/\/www.facebook.com\/eldiario.bolivia\/\" \/>\n<meta property=\"article:published_time\" content=\"2025-08-09T10:18:49+00:00\" \/>\n<meta property=\"og:image\" content=\"https:\/\/www.eldiario.net\/portal\/wp-content\/uploads\/2023\/06\/Gary-Antonio-Rodriguez-Alvarez.jpg\" \/>\n\t<meta property=\"og:image:width\" content=\"1200\" \/>\n\t<meta property=\"og:image:height\" content=\"628\" \/>\n\t<meta property=\"og:image:type\" content=\"image\/jpeg\" \/>\n<meta name=\"author\" content=\"Jeanette\" \/>\n<meta name=\"twitter:card\" content=\"summary_large_image\" \/>\n<meta name=\"twitter:creator\" content=\"@eldiario_net\" \/>\n<meta name=\"twitter:site\" content=\"@eldiario_net\" \/>\n<meta name=\"twitter:label1\" content=\"Escrito por\" \/>\n\t<meta name=\"twitter:data1\" content=\"Jeanette\" \/>\n\t<meta name=\"twitter:label2\" content=\"Tiempo de lectura\" \/>\n\t<meta name=\"twitter:data2\" content=\"4 minutos\" \/>\n<script type=\"application\/ld+json\" class=\"yoast-schema-graph\">{\"@context\":\"https:\\\/\\\/schema.org\",\"@graph\":[{\"@type\":\"Article\",\"@id\":\"https:\\\/\\\/www.eldiario.net\\\/portal\\\/2025\\\/08\\\/09\\\/como-encuentra-a-bolivia-el-ano-del-bicentenario-2\\\/#article\",\"isPartOf\":{\"@id\":\"https:\\\/\\\/www.eldiario.net\\\/portal\\\/2025\\\/08\\\/09\\\/como-encuentra-a-bolivia-el-ano-del-bicentenario-2\\\/\"},\"author\":{\"name\":\"Jeanette\",\"@id\":\"https:\\\/\\\/www.eldiario.net\\\/portal\\\/#\\\/schema\\\/person\\\/f46445640444750d7d753ccd04ae01b7\"},\"headline\":\"\u00bfC\u00f3mo encuentra a Bolivia el A\u00f1o del Bicentenario?\",\"datePublished\":\"2025-08-09T10:18:49+00:00\",\"mainEntityOfPage\":{\"@id\":\"https:\\\/\\\/www.eldiario.net\\\/portal\\\/2025\\\/08\\\/09\\\/como-encuentra-a-bolivia-el-ano-del-bicentenario-2\\\/\"},\"wordCount\":910,\"publisher\":{\"@id\":\"https:\\\/\\\/www.eldiario.net\\\/portal\\\/#organization\"},\"image\":{\"@id\":\"https:\\\/\\\/www.eldiario.net\\\/portal\\\/2025\\\/08\\\/09\\\/como-encuentra-a-bolivia-el-ano-del-bicentenario-2\\\/#primaryimage\"},\"thumbnailUrl\":\"https:\\\/\\\/www.eldiario.net\\\/portal\\\/wp-content\\\/uploads\\\/2023\\\/06\\\/Gary-Antonio-Rodriguez-Alvarez.jpg\",\"articleSection\":[\"Opini\u00f3n\"],\"inLanguage\":\"es\"},{\"@type\":\"WebPage\",\"@id\":\"https:\\\/\\\/www.eldiario.net\\\/portal\\\/2025\\\/08\\\/09\\\/como-encuentra-a-bolivia-el-ano-del-bicentenario-2\\\/\",\"url\":\"https:\\\/\\\/www.eldiario.net\\\/portal\\\/2025\\\/08\\\/09\\\/como-encuentra-a-bolivia-el-ano-del-bicentenario-2\\\/\",\"name\":\"\u00bfC\u00f3mo encuentra a Bolivia el A\u00f1o del Bicentenario? - El Diario - Bolivia\",\"isPartOf\":{\"@id\":\"https:\\\/\\\/www.eldiario.net\\\/portal\\\/#website\"},\"primaryImageOfPage\":{\"@id\":\"https:\\\/\\\/www.eldiario.net\\\/portal\\\/2025\\\/08\\\/09\\\/como-encuentra-a-bolivia-el-ano-del-bicentenario-2\\\/#primaryimage\"},\"image\":{\"@id\":\"https:\\\/\\\/www.eldiario.net\\\/portal\\\/2025\\\/08\\\/09\\\/como-encuentra-a-bolivia-el-ano-del-bicentenario-2\\\/#primaryimage\"},\"thumbnailUrl\":\"https:\\\/\\\/www.eldiario.net\\\/portal\\\/wp-content\\\/uploads\\\/2023\\\/06\\\/Gary-Antonio-Rodriguez-Alvarez.jpg\",\"datePublished\":\"2025-08-09T10:18:49+00:00\",\"breadcrumb\":{\"@id\":\"https:\\\/\\\/www.eldiario.net\\\/portal\\\/2025\\\/08\\\/09\\\/como-encuentra-a-bolivia-el-ano-del-bicentenario-2\\\/#breadcrumb\"},\"inLanguage\":\"es\",\"potentialAction\":[{\"@type\":\"ReadAction\",\"target\":[\"https:\\\/\\\/www.eldiario.net\\\/portal\\\/2025\\\/08\\\/09\\\/como-encuentra-a-bolivia-el-ano-del-bicentenario-2\\\/\"]}]},{\"@type\":\"ImageObject\",\"inLanguage\":\"es\",\"@id\":\"https:\\\/\\\/www.eldiario.net\\\/portal\\\/2025\\\/08\\\/09\\\/como-encuentra-a-bolivia-el-ano-del-bicentenario-2\\\/#primaryimage\",\"url\":\"https:\\\/\\\/www.eldiario.net\\\/portal\\\/wp-content\\\/uploads\\\/2023\\\/06\\\/Gary-Antonio-Rodriguez-Alvarez.jpg\",\"contentUrl\":\"https:\\\/\\\/www.eldiario.net\\\/portal\\\/wp-content\\\/uploads\\\/2023\\\/06\\\/Gary-Antonio-Rodriguez-Alvarez.jpg\",\"width\":1200,\"height\":628},{\"@type\":\"BreadcrumbList\",\"@id\":\"https:\\\/\\\/www.eldiario.net\\\/portal\\\/2025\\\/08\\\/09\\\/como-encuentra-a-bolivia-el-ano-del-bicentenario-2\\\/#breadcrumb\",\"itemListElement\":[{\"@type\":\"ListItem\",\"position\":1,\"name\":\"Portada\",\"item\":\"https:\\\/\\\/www.eldiario.net\\\/portal\\\/\"},{\"@type\":\"ListItem\",\"position\":2,\"name\":\"\u00bfC\u00f3mo encuentra a Bolivia el A\u00f1o del Bicentenario?\"}]},{\"@type\":\"WebSite\",\"@id\":\"https:\\\/\\\/www.eldiario.net\\\/portal\\\/#website\",\"url\":\"https:\\\/\\\/www.eldiario.net\\\/portal\\\/\",\"name\":\"El Diario - Decano de la prensa nacional\",\"description\":\"El Diario - Decano de la prensa nacional\",\"publisher\":{\"@id\":\"https:\\\/\\\/www.eldiario.net\\\/portal\\\/#organization\"},\"potentialAction\":[{\"@type\":\"SearchAction\",\"target\":{\"@type\":\"EntryPoint\",\"urlTemplate\":\"https:\\\/\\\/www.eldiario.net\\\/portal\\\/?s={search_term_string}\"},\"query-input\":{\"@type\":\"PropertyValueSpecification\",\"valueRequired\":true,\"valueName\":\"search_term_string\"}}],\"inLanguage\":\"es\"},{\"@type\":\"Organization\",\"@id\":\"https:\\\/\\\/www.eldiario.net\\\/portal\\\/#organization\",\"name\":\"El Diario - Decano de la prensa nacional\",\"url\":\"https:\\\/\\\/www.eldiario.net\\\/portal\\\/\",\"logo\":{\"@type\":\"ImageObject\",\"inLanguage\":\"es\",\"@id\":\"https:\\\/\\\/www.eldiario.net\\\/portal\\\/#\\\/schema\\\/logo\\\/image\\\/\",\"url\":\"https:\\\/\\\/www.eldiario.net\\\/portal\\\/wp-content\\\/uploads\\\/2023\\\/07\\\/logo_ED.jpg\",\"contentUrl\":\"https:\\\/\\\/www.eldiario.net\\\/portal\\\/wp-content\\\/uploads\\\/2023\\\/07\\\/logo_ED.jpg\",\"width\":272,\"height\":52,\"caption\":\"El Diario - Decano de la prensa nacional\"},\"image\":{\"@id\":\"https:\\\/\\\/www.eldiario.net\\\/portal\\\/#\\\/schema\\\/logo\\\/image\\\/\"},\"sameAs\":[\"https:\\\/\\\/www.facebook.com\\\/eldiario.bolivia\\\/\",\"https:\\\/\\\/x.com\\\/eldiario_net\"]},{\"@type\":\"Person\",\"@id\":\"https:\\\/\\\/www.eldiario.net\\\/portal\\\/#\\\/schema\\\/person\\\/f46445640444750d7d753ccd04ae01b7\",\"name\":\"Jeanette\",\"image\":{\"@type\":\"ImageObject\",\"inLanguage\":\"es\",\"@id\":\"https:\\\/\\\/secure.gravatar.com\\\/avatar\\\/3ea2118a5f7dad2b7138b1187a6b7ee55f160b9968b66013c3a3ef39dd7e5798?s=96&d=mm&r=g\",\"url\":\"https:\\\/\\\/secure.gravatar.com\\\/avatar\\\/3ea2118a5f7dad2b7138b1187a6b7ee55f160b9968b66013c3a3ef39dd7e5798?s=96&d=mm&r=g\",\"contentUrl\":\"https:\\\/\\\/secure.gravatar.com\\\/avatar\\\/3ea2118a5f7dad2b7138b1187a6b7ee55f160b9968b66013c3a3ef39dd7e5798?s=96&d=mm&r=g\",\"caption\":\"Jeanette\"},\"sameAs\":[\"https:\\\/\\\/www.eldiario.net\\\/portal\"],\"url\":\"https:\\\/\\\/www.eldiario.net\\\/portal\\\/author\\\/jeanette\\\/\"}]}<\/script>\n<!-- \/ Yoast SEO plugin. -->","yoast_head_json":{"title":"\u00bfC\u00f3mo encuentra a Bolivia el A\u00f1o del Bicentenario? - El Diario - Bolivia","robots":{"index":"index","follow":"follow","max-snippet":"max-snippet:-1","max-image-preview":"max-image-preview:large","max-video-preview":"max-video-preview:-1"},"canonical":"https:\/\/www.eldiario.net\/portal\/2025\/08\/09\/como-encuentra-a-bolivia-el-ano-del-bicentenario-2\/","og_locale":"es_ES","og_type":"article","og_title":"\u00bfC\u00f3mo encuentra a Bolivia el A\u00f1o del Bicentenario? - El Diario - Bolivia","og_description":"\u00a1Qu\u00e9 hermoso hubiera sido que el festejo de las Fiestas Patrias de este a\u00f1o tuviera una connotaci\u00f3n diferente para el pa\u00eds! \u00a1Que nos hallara a los bolivianos unidos, hermanados con una visi\u00f3n de progreso! \u00a1Qu\u00e9 emocionante hubiera sido cantar el himno a Bolivia a una sola voz y con un solo coraz\u00f3n, disfrutando su progreso! [&hellip;]","og_url":"https:\/\/www.eldiario.net\/portal\/2025\/08\/09\/como-encuentra-a-bolivia-el-ano-del-bicentenario-2\/","og_site_name":"El Diario - Bolivia","article_publisher":"https:\/\/www.facebook.com\/eldiario.bolivia\/","article_published_time":"2025-08-09T10:18:49+00:00","og_image":[{"width":1200,"height":628,"url":"https:\/\/www.eldiario.net\/portal\/wp-content\/uploads\/2023\/06\/Gary-Antonio-Rodriguez-Alvarez.jpg","type":"image\/jpeg"}],"author":"Jeanette","twitter_card":"summary_large_image","twitter_creator":"@eldiario_net","twitter_site":"@eldiario_net","twitter_misc":{"Escrito por":"Jeanette","Tiempo de lectura":"4 minutos"},"schema":{"@context":"https:\/\/schema.org","@graph":[{"@type":"Article","@id":"https:\/\/www.eldiario.net\/portal\/2025\/08\/09\/como-encuentra-a-bolivia-el-ano-del-bicentenario-2\/#article","isPartOf":{"@id":"https:\/\/www.eldiario.net\/portal\/2025\/08\/09\/como-encuentra-a-bolivia-el-ano-del-bicentenario-2\/"},"author":{"name":"Jeanette","@id":"https:\/\/www.eldiario.net\/portal\/#\/schema\/person\/f46445640444750d7d753ccd04ae01b7"},"headline":"\u00bfC\u00f3mo encuentra a Bolivia el A\u00f1o del Bicentenario?","datePublished":"2025-08-09T10:18:49+00:00","mainEntityOfPage":{"@id":"https:\/\/www.eldiario.net\/portal\/2025\/08\/09\/como-encuentra-a-bolivia-el-ano-del-bicentenario-2\/"},"wordCount":910,"publisher":{"@id":"https:\/\/www.eldiario.net\/portal\/#organization"},"image":{"@id":"https:\/\/www.eldiario.net\/portal\/2025\/08\/09\/como-encuentra-a-bolivia-el-ano-del-bicentenario-2\/#primaryimage"},"thumbnailUrl":"https:\/\/www.eldiario.net\/portal\/wp-content\/uploads\/2023\/06\/Gary-Antonio-Rodriguez-Alvarez.jpg","articleSection":["Opini\u00f3n"],"inLanguage":"es"},{"@type":"WebPage","@id":"https:\/\/www.eldiario.net\/portal\/2025\/08\/09\/como-encuentra-a-bolivia-el-ano-del-bicentenario-2\/","url":"https:\/\/www.eldiario.net\/portal\/2025\/08\/09\/como-encuentra-a-bolivia-el-ano-del-bicentenario-2\/","name":"\u00bfC\u00f3mo encuentra a Bolivia el A\u00f1o del Bicentenario? - El Diario - Bolivia","isPartOf":{"@id":"https:\/\/www.eldiario.net\/portal\/#website"},"primaryImageOfPage":{"@id":"https:\/\/www.eldiario.net\/portal\/2025\/08\/09\/como-encuentra-a-bolivia-el-ano-del-bicentenario-2\/#primaryimage"},"image":{"@id":"https:\/\/www.eldiario.net\/portal\/2025\/08\/09\/como-encuentra-a-bolivia-el-ano-del-bicentenario-2\/#primaryimage"},"thumbnailUrl":"https:\/\/www.eldiario.net\/portal\/wp-content\/uploads\/2023\/06\/Gary-Antonio-Rodriguez-Alvarez.jpg","datePublished":"2025-08-09T10:18:49+00:00","breadcrumb":{"@id":"https:\/\/www.eldiario.net\/portal\/2025\/08\/09\/como-encuentra-a-bolivia-el-ano-del-bicentenario-2\/#breadcrumb"},"inLanguage":"es","potentialAction":[{"@type":"ReadAction","target":["https:\/\/www.eldiario.net\/portal\/2025\/08\/09\/como-encuentra-a-bolivia-el-ano-del-bicentenario-2\/"]}]},{"@type":"ImageObject","inLanguage":"es","@id":"https:\/\/www.eldiario.net\/portal\/2025\/08\/09\/como-encuentra-a-bolivia-el-ano-del-bicentenario-2\/#primaryimage","url":"https:\/\/www.eldiario.net\/portal\/wp-content\/uploads\/2023\/06\/Gary-Antonio-Rodriguez-Alvarez.jpg","contentUrl":"https:\/\/www.eldiario.net\/portal\/wp-content\/uploads\/2023\/06\/Gary-Antonio-Rodriguez-Alvarez.jpg","width":1200,"height":628},{"@type":"BreadcrumbList","@id":"https:\/\/www.eldiario.net\/portal\/2025\/08\/09\/como-encuentra-a-bolivia-el-ano-del-bicentenario-2\/#breadcrumb","itemListElement":[{"@type":"ListItem","position":1,"name":"Portada","item":"https:\/\/www.eldiario.net\/portal\/"},{"@type":"ListItem","position":2,"name":"\u00bfC\u00f3mo encuentra a Bolivia el A\u00f1o del Bicentenario?"}]},{"@type":"WebSite","@id":"https:\/\/www.eldiario.net\/portal\/#website","url":"https:\/\/www.eldiario.net\/portal\/","name":"El Diario - Decano de la prensa nacional","description":"El Diario - Decano de la prensa nacional","publisher":{"@id":"https:\/\/www.eldiario.net\/portal\/#organization"},"potentialAction":[{"@type":"SearchAction","target":{"@type":"EntryPoint","urlTemplate":"https:\/\/www.eldiario.net\/portal\/?s={search_term_string}"},"query-input":{"@type":"PropertyValueSpecification","valueRequired":true,"valueName":"search_term_string"}}],"inLanguage":"es"},{"@type":"Organization","@id":"https:\/\/www.eldiario.net\/portal\/#organization","name":"El Diario - Decano de la prensa nacional","url":"https:\/\/www.eldiario.net\/portal\/","logo":{"@type":"ImageObject","inLanguage":"es","@id":"https:\/\/www.eldiario.net\/portal\/#\/schema\/logo\/image\/","url":"https:\/\/www.eldiario.net\/portal\/wp-content\/uploads\/2023\/07\/logo_ED.jpg","contentUrl":"https:\/\/www.eldiario.net\/portal\/wp-content\/uploads\/2023\/07\/logo_ED.jpg","width":272,"height":52,"caption":"El Diario - Decano de la prensa nacional"},"image":{"@id":"https:\/\/www.eldiario.net\/portal\/#\/schema\/logo\/image\/"},"sameAs":["https:\/\/www.facebook.com\/eldiario.bolivia\/","https:\/\/x.com\/eldiario_net"]},{"@type":"Person","@id":"https:\/\/www.eldiario.net\/portal\/#\/schema\/person\/f46445640444750d7d753ccd04ae01b7","name":"Jeanette","image":{"@type":"ImageObject","inLanguage":"es","@id":"https:\/\/secure.gravatar.com\/avatar\/3ea2118a5f7dad2b7138b1187a6b7ee55f160b9968b66013c3a3ef39dd7e5798?s=96&d=mm&r=g","url":"https:\/\/secure.gravatar.com\/avatar\/3ea2118a5f7dad2b7138b1187a6b7ee55f160b9968b66013c3a3ef39dd7e5798?s=96&d=mm&r=g","contentUrl":"https:\/\/secure.gravatar.com\/avatar\/3ea2118a5f7dad2b7138b1187a6b7ee55f160b9968b66013c3a3ef39dd7e5798?s=96&d=mm&r=g","caption":"Jeanette"},"sameAs":["https:\/\/www.eldiario.net\/portal"],"url":"https:\/\/www.eldiario.net\/portal\/author\/jeanette\/"}]}},"_links":{"self":[{"href":"https:\/\/www.eldiario.net\/portal\/wp-json\/wp\/v2\/posts\/322786","targetHints":{"allow":["GET"]}}],"collection":[{"href":"https:\/\/www.eldiario.net\/portal\/wp-json\/wp\/v2\/posts"}],"about":[{"href":"https:\/\/www.eldiario.net\/portal\/wp-json\/wp\/v2\/types\/post"}],"author":[{"embeddable":true,"href":"https:\/\/www.eldiario.net\/portal\/wp-json\/wp\/v2\/users\/1"}],"replies":[{"embeddable":true,"href":"https:\/\/www.eldiario.net\/portal\/wp-json\/wp\/v2\/comments?post=322786"}],"version-history":[{"count":1,"href":"https:\/\/www.eldiario.net\/portal\/wp-json\/wp\/v2\/posts\/322786\/revisions"}],"predecessor-version":[{"id":322787,"href":"https:\/\/www.eldiario.net\/portal\/wp-json\/wp\/v2\/posts\/322786\/revisions\/322787"}],"wp:featuredmedia":[{"embeddable":true,"href":"https:\/\/www.eldiario.net\/portal\/wp-json\/wp\/v2\/media\/157466"}],"wp:attachment":[{"href":"https:\/\/www.eldiario.net\/portal\/wp-json\/wp\/v2\/media?parent=322786"}],"wp:term":[{"taxonomy":"category","embeddable":true,"href":"https:\/\/www.eldiario.net\/portal\/wp-json\/wp\/v2\/categories?post=322786"},{"taxonomy":"post_tag","embeddable":true,"href":"https:\/\/www.eldiario.net\/portal\/wp-json\/wp\/v2\/tags?post=322786"}],"curies":[{"name":"wp","href":"https:\/\/api.w.org\/{rel}","templated":true}]}}