{"id":322784,"date":"2025-08-09T06:18:23","date_gmt":"2025-08-09T10:18:23","guid":{"rendered":"https:\/\/www.eldiario.net\/portal\/?p=322784"},"modified":"2025-08-09T06:18:23","modified_gmt":"2025-08-09T10:18:23","slug":"los-bolivianos-salvan-a-bolivia","status":"publish","type":"post","link":"https:\/\/www.eldiario.net\/portal\/2025\/08\/09\/los-bolivianos-salvan-a-bolivia\/","title":{"rendered":"Los bolivianos salvan a Bolivia"},"content":{"rendered":"<p>\u201cEstamos atribulados por todas partes, pero no abatidos; perplejos, pero no desesperados; perseguidos, pero no abandonados, derribados, pero no aniquilados\u201d. Me gusta citar esta frase de la segunda Ep\u00edstola de San Pablo a los Corintios, porque nos ense\u00f1a que aun en los momentos m\u00e1s duros nos salvan la fe y la esperanza. Padecemos sufrimientos en nuestro cuerpo de barro, pero estamos vivos.<br \/>\n\u00bfPor qu\u00e9 tener optimismo en el futuro de esta Patria, aunque estamos angustiados? \u00bfPodemos pensar que las actuales dudas e incertidumbres son las expresiones de los dolores de parto de un nuevo hijo? Lo imaginamos hermoso y sano, aunque al mismo tiempo tememos que nazca enfermo y defectuoso. Tememos que los m\u00e9dicos y o que las comadronas no sean capaces de cumplir la misi\u00f3n que les confiamos.<br \/>\nNo es casual que el Acta de Fundaci\u00f3n de Bolivia coincida con el fuerte y altivo signo de Leo y con el mes de la Pachamama, la madre que nos cobija, que nos da de comer y de beber; el mes de las ofrendas para dar gracias por todo lo recibido. Es igualmente la temporada de los vientos, la presencia del Esp\u00edritu, del mensajero Ankari como convocan los sabios kallawayas.<br \/>\nSon los intereses mezquinos los que transforman esa posibilidad de comer en pl\u00e1sticos y chatarras, en avasallamientos y en quemas, en especulaci\u00f3n de alimentos y en carencias.<br \/>\nSon los hijos malvados los que envenenan los r\u00edos con mercurio y desechos, desde centros de poder hasta expresiones de miseria.<br \/>\nSon los propios habitantes de la selva y de las llanuras, originarios y forasteros, los responsables de cortar \u00e1rboles y sembrar cemento transformando las brisas en huracanes, los soplidos en llamaradas. Los ajayus de las monta\u00f1as, de los arroyos citadinos, de los lugares sagrados en las campi\u00f1as, est\u00e1n enojados.<br \/>\nSin embargo, no estamos derribados.<br \/>\nLos bolivianos tenemos una gran capacidad de resiliencia porque convertimos la desesperaci\u00f3n en solidaridad, la tribulaci\u00f3n en hospitalidad, el apuro en creatividad.<br \/>\nLa escena del reciente incendio en un barrio pace\u00f1o es ilustrativa. Descuidos personales, falta de protocolos institucionales, provocaron el fuego. Llegaron los bomberos, polic\u00edas y voluntarios. Su af\u00e1n para combatir las llamas se enfrent\u00f3 con absurdos obst\u00e1culos porque los hidratantes no compatibilizaban con las mangueras. Gritos angustiados.<br \/>\nAlguien propuso suplir las fallas del Estado con la organizaci\u00f3n de la sociedad civil. Alguien dio la voz de mando. Hombres, mujeres, ni\u00f1os, de toda edad y condici\u00f3n llenaron con agua baldes, ollas, tazones, ba\u00f1adores. En pocos minutos la fila estaba ordenada y cumpli\u00f3 su objetivo. El incendio fue apagado en menos tiempo de lo que la altura de las flamas hac\u00eda temer.<br \/>\nEn este cumplea\u00f1os de la Patria, podemos estar seguros de que Bolivia no se nos muere. La moda de la polarizaci\u00f3n cede a los puentes m\u00faltiples, a los grises. El debate vence a los mercaderes de los bloqueos y cercos violentos. Algo se mueve; algo anuncia que los temores ser\u00e1n vencidos por la disciplinada pr\u00e1ctica del voto.<br \/>\n\u00bfEstar\u00e1n los m\u00e9dicos a la altura del parto que se aproxima?<br \/>\nNo lo sabemos.<br \/>\nLo seguro es que el tejido social boliviano, aun tan bombardeado en estos lustros, mantiene reservas de fortaleza, de pertenencia y de combatividad.<br \/>\nUn tejido social que abarca a un pa\u00eds que es m\u00e1s que Oriente y Occidente, es Norte y es Sur; es m\u00e1s que cordilleras y tierras altas y bajas porque los r\u00edos unen las regiones en sus infinitos recorridos, aun cuando cambien de nombre o reciban otros afluentes. Porque en todas partes hay hijos nacidos de diferentes sangres y diversas herencias.<br \/>\nUn territorio que tuvo en 1825 a Potos\u00ed como eje articulador, igual que en 1925. En 2025 es Potos\u00ed el espacio que se\u00f1ala caminos para la centuria, desde el litio al Salar, desde el extractivismo secular al turismo mundial.<br \/>\nBolivianos que a lo largo de doscientos a\u00f1os demostraron que su insignia m\u00e1s luminosa es el amor a la Libertad, ese amor desenfrenado que describi\u00f3 Sim\u00f3n Bol\u00edvar cuando nac\u00eda su hija predilecta.<\/p>\n","protected":false},"excerpt":{"rendered":"<p>\u201cEstamos atribulados por todas partes, pero no abatidos; perplejos, pero no desesperados; perseguidos, pero no abandonados, derribados, pero no aniquilados\u201d. Me gusta citar esta frase de la segunda Ep\u00edstola de San Pablo a los Corintios, porque nos ense\u00f1a que aun en los momentos m\u00e1s duros nos salvan la fe y la esperanza. Padecemos sufrimientos en [&hellip;]<\/p>\n","protected":false},"author":1,"featured_media":157862,"comment_status":"closed","ping_status":"open","sticky":false,"template":"","format":"standard","meta":{"_acf_changed":false,"footnotes":""},"categories":[9],"tags":[],"class_list":["post-322784","post","type-post","status-publish","format-standard","has-post-thumbnail","category-opinion"],"acf":{"antetitulo":"Desde la tierra"},"yoast_head":"<!-- This site is optimized with the Yoast SEO plugin v28.3 - https:\/\/yoast.com\/product\/yoast-seo-wordpress\/ -->\n<title>Los bolivianos salvan a Bolivia - El Diario - Bolivia<\/title>\n<meta name=\"robots\" content=\"index, follow, max-snippet:-1, max-image-preview:large, max-video-preview:-1\" \/>\n<link rel=\"canonical\" href=\"https:\/\/www.eldiario.net\/portal\/2025\/08\/09\/los-bolivianos-salvan-a-bolivia\/\" \/>\n<meta property=\"og:locale\" content=\"es_ES\" \/>\n<meta property=\"og:type\" content=\"article\" \/>\n<meta property=\"og:title\" content=\"Los bolivianos salvan a Bolivia - El Diario - Bolivia\" \/>\n<meta property=\"og:description\" content=\"\u201cEstamos atribulados por todas partes, pero no abatidos; perplejos, pero no desesperados; perseguidos, pero no abandonados, derribados, pero no aniquilados\u201d. Me gusta citar esta frase de la segunda Ep\u00edstola de San Pablo a los Corintios, porque nos ense\u00f1a que aun en los momentos m\u00e1s duros nos salvan la fe y la esperanza. Padecemos sufrimientos en [&hellip;]\" \/>\n<meta property=\"og:url\" content=\"https:\/\/www.eldiario.net\/portal\/2025\/08\/09\/los-bolivianos-salvan-a-bolivia\/\" \/>\n<meta property=\"og:site_name\" content=\"El Diario - Bolivia\" \/>\n<meta property=\"article:publisher\" content=\"https:\/\/www.facebook.com\/eldiario.bolivia\/\" \/>\n<meta property=\"article:published_time\" content=\"2025-08-09T10:18:23+00:00\" \/>\n<meta property=\"og:image\" content=\"https:\/\/www.eldiario.net\/portal\/wp-content\/uploads\/2023\/06\/Lupe-Cajias.jpg\" \/>\n\t<meta property=\"og:image:width\" content=\"1200\" \/>\n\t<meta property=\"og:image:height\" content=\"628\" \/>\n\t<meta property=\"og:image:type\" content=\"image\/jpeg\" \/>\n<meta name=\"author\" content=\"Jeanette\" \/>\n<meta name=\"twitter:card\" content=\"summary_large_image\" \/>\n<meta name=\"twitter:creator\" content=\"@eldiario_net\" \/>\n<meta name=\"twitter:site\" content=\"@eldiario_net\" \/>\n<meta name=\"twitter:label1\" content=\"Escrito por\" \/>\n\t<meta name=\"twitter:data1\" content=\"Jeanette\" \/>\n\t<meta name=\"twitter:label2\" content=\"Tiempo de lectura\" \/>\n\t<meta name=\"twitter:data2\" content=\"4 minutos\" \/>\n<script type=\"application\/ld+json\" class=\"yoast-schema-graph\">{\"@context\":\"https:\\\/\\\/schema.org\",\"@graph\":[{\"@type\":\"Article\",\"@id\":\"https:\\\/\\\/www.eldiario.net\\\/portal\\\/2025\\\/08\\\/09\\\/los-bolivianos-salvan-a-bolivia\\\/#article\",\"isPartOf\":{\"@id\":\"https:\\\/\\\/www.eldiario.net\\\/portal\\\/2025\\\/08\\\/09\\\/los-bolivianos-salvan-a-bolivia\\\/\"},\"author\":{\"name\":\"Jeanette\",\"@id\":\"https:\\\/\\\/www.eldiario.net\\\/portal\\\/#\\\/schema\\\/person\\\/f46445640444750d7d753ccd04ae01b7\"},\"headline\":\"Los bolivianos salvan a Bolivia\",\"datePublished\":\"2025-08-09T10:18:23+00:00\",\"mainEntityOfPage\":{\"@id\":\"https:\\\/\\\/www.eldiario.net\\\/portal\\\/2025\\\/08\\\/09\\\/los-bolivianos-salvan-a-bolivia\\\/\"},\"wordCount\":702,\"publisher\":{\"@id\":\"https:\\\/\\\/www.eldiario.net\\\/portal\\\/#organization\"},\"image\":{\"@id\":\"https:\\\/\\\/www.eldiario.net\\\/portal\\\/2025\\\/08\\\/09\\\/los-bolivianos-salvan-a-bolivia\\\/#primaryimage\"},\"thumbnailUrl\":\"https:\\\/\\\/www.eldiario.net\\\/portal\\\/wp-content\\\/uploads\\\/2023\\\/06\\\/Lupe-Cajias.jpg\",\"articleSection\":[\"Opini\u00f3n\"],\"inLanguage\":\"es\"},{\"@type\":\"WebPage\",\"@id\":\"https:\\\/\\\/www.eldiario.net\\\/portal\\\/2025\\\/08\\\/09\\\/los-bolivianos-salvan-a-bolivia\\\/\",\"url\":\"https:\\\/\\\/www.eldiario.net\\\/portal\\\/2025\\\/08\\\/09\\\/los-bolivianos-salvan-a-bolivia\\\/\",\"name\":\"Los bolivianos salvan a Bolivia - El Diario - Bolivia\",\"isPartOf\":{\"@id\":\"https:\\\/\\\/www.eldiario.net\\\/portal\\\/#website\"},\"primaryImageOfPage\":{\"@id\":\"https:\\\/\\\/www.eldiario.net\\\/portal\\\/2025\\\/08\\\/09\\\/los-bolivianos-salvan-a-bolivia\\\/#primaryimage\"},\"image\":{\"@id\":\"https:\\\/\\\/www.eldiario.net\\\/portal\\\/2025\\\/08\\\/09\\\/los-bolivianos-salvan-a-bolivia\\\/#primaryimage\"},\"thumbnailUrl\":\"https:\\\/\\\/www.eldiario.net\\\/portal\\\/wp-content\\\/uploads\\\/2023\\\/06\\\/Lupe-Cajias.jpg\",\"datePublished\":\"2025-08-09T10:18:23+00:00\",\"breadcrumb\":{\"@id\":\"https:\\\/\\\/www.eldiario.net\\\/portal\\\/2025\\\/08\\\/09\\\/los-bolivianos-salvan-a-bolivia\\\/#breadcrumb\"},\"inLanguage\":\"es\",\"potentialAction\":[{\"@type\":\"ReadAction\",\"target\":[\"https:\\\/\\\/www.eldiario.net\\\/portal\\\/2025\\\/08\\\/09\\\/los-bolivianos-salvan-a-bolivia\\\/\"]}]},{\"@type\":\"ImageObject\",\"inLanguage\":\"es\",\"@id\":\"https:\\\/\\\/www.eldiario.net\\\/portal\\\/2025\\\/08\\\/09\\\/los-bolivianos-salvan-a-bolivia\\\/#primaryimage\",\"url\":\"https:\\\/\\\/www.eldiario.net\\\/portal\\\/wp-content\\\/uploads\\\/2023\\\/06\\\/Lupe-Cajias.jpg\",\"contentUrl\":\"https:\\\/\\\/www.eldiario.net\\\/portal\\\/wp-content\\\/uploads\\\/2023\\\/06\\\/Lupe-Cajias.jpg\",\"width\":1200,\"height\":628,\"caption\":\"Lupe Caj\u00edas\"},{\"@type\":\"BreadcrumbList\",\"@id\":\"https:\\\/\\\/www.eldiario.net\\\/portal\\\/2025\\\/08\\\/09\\\/los-bolivianos-salvan-a-bolivia\\\/#breadcrumb\",\"itemListElement\":[{\"@type\":\"ListItem\",\"position\":1,\"name\":\"Portada\",\"item\":\"https:\\\/\\\/www.eldiario.net\\\/portal\\\/\"},{\"@type\":\"ListItem\",\"position\":2,\"name\":\"Los bolivianos salvan a Bolivia\"}]},{\"@type\":\"WebSite\",\"@id\":\"https:\\\/\\\/www.eldiario.net\\\/portal\\\/#website\",\"url\":\"https:\\\/\\\/www.eldiario.net\\\/portal\\\/\",\"name\":\"El Diario - Decano de la prensa nacional\",\"description\":\"El Diario - Decano de la prensa nacional\",\"publisher\":{\"@id\":\"https:\\\/\\\/www.eldiario.net\\\/portal\\\/#organization\"},\"potentialAction\":[{\"@type\":\"SearchAction\",\"target\":{\"@type\":\"EntryPoint\",\"urlTemplate\":\"https:\\\/\\\/www.eldiario.net\\\/portal\\\/?s={search_term_string}\"},\"query-input\":{\"@type\":\"PropertyValueSpecification\",\"valueRequired\":true,\"valueName\":\"search_term_string\"}}],\"inLanguage\":\"es\"},{\"@type\":\"Organization\",\"@id\":\"https:\\\/\\\/www.eldiario.net\\\/portal\\\/#organization\",\"name\":\"El Diario - Decano de la prensa nacional\",\"url\":\"https:\\\/\\\/www.eldiario.net\\\/portal\\\/\",\"logo\":{\"@type\":\"ImageObject\",\"inLanguage\":\"es\",\"@id\":\"https:\\\/\\\/www.eldiario.net\\\/portal\\\/#\\\/schema\\\/logo\\\/image\\\/\",\"url\":\"https:\\\/\\\/www.eldiario.net\\\/portal\\\/wp-content\\\/uploads\\\/2023\\\/07\\\/logo_ED.jpg\",\"contentUrl\":\"https:\\\/\\\/www.eldiario.net\\\/portal\\\/wp-content\\\/uploads\\\/2023\\\/07\\\/logo_ED.jpg\",\"width\":272,\"height\":52,\"caption\":\"El Diario - Decano de la prensa nacional\"},\"image\":{\"@id\":\"https:\\\/\\\/www.eldiario.net\\\/portal\\\/#\\\/schema\\\/logo\\\/image\\\/\"},\"sameAs\":[\"https:\\\/\\\/www.facebook.com\\\/eldiario.bolivia\\\/\",\"https:\\\/\\\/x.com\\\/eldiario_net\"]},{\"@type\":\"Person\",\"@id\":\"https:\\\/\\\/www.eldiario.net\\\/portal\\\/#\\\/schema\\\/person\\\/f46445640444750d7d753ccd04ae01b7\",\"name\":\"Jeanette\",\"image\":{\"@type\":\"ImageObject\",\"inLanguage\":\"es\",\"@id\":\"https:\\\/\\\/secure.gravatar.com\\\/avatar\\\/3ea2118a5f7dad2b7138b1187a6b7ee55f160b9968b66013c3a3ef39dd7e5798?s=96&d=mm&r=g\",\"url\":\"https:\\\/\\\/secure.gravatar.com\\\/avatar\\\/3ea2118a5f7dad2b7138b1187a6b7ee55f160b9968b66013c3a3ef39dd7e5798?s=96&d=mm&r=g\",\"contentUrl\":\"https:\\\/\\\/secure.gravatar.com\\\/avatar\\\/3ea2118a5f7dad2b7138b1187a6b7ee55f160b9968b66013c3a3ef39dd7e5798?s=96&d=mm&r=g\",\"caption\":\"Jeanette\"},\"sameAs\":[\"https:\\\/\\\/www.eldiario.net\\\/portal\"],\"url\":\"https:\\\/\\\/www.eldiario.net\\\/portal\\\/author\\\/jeanette\\\/\"}]}<\/script>\n<!-- \/ Yoast SEO plugin. -->","yoast_head_json":{"title":"Los bolivianos salvan a Bolivia - El Diario - Bolivia","robots":{"index":"index","follow":"follow","max-snippet":"max-snippet:-1","max-image-preview":"max-image-preview:large","max-video-preview":"max-video-preview:-1"},"canonical":"https:\/\/www.eldiario.net\/portal\/2025\/08\/09\/los-bolivianos-salvan-a-bolivia\/","og_locale":"es_ES","og_type":"article","og_title":"Los bolivianos salvan a Bolivia - El Diario - Bolivia","og_description":"\u201cEstamos atribulados por todas partes, pero no abatidos; perplejos, pero no desesperados; perseguidos, pero no abandonados, derribados, pero no aniquilados\u201d. Me gusta citar esta frase de la segunda Ep\u00edstola de San Pablo a los Corintios, porque nos ense\u00f1a que aun en los momentos m\u00e1s duros nos salvan la fe y la esperanza. Padecemos sufrimientos en [&hellip;]","og_url":"https:\/\/www.eldiario.net\/portal\/2025\/08\/09\/los-bolivianos-salvan-a-bolivia\/","og_site_name":"El Diario - Bolivia","article_publisher":"https:\/\/www.facebook.com\/eldiario.bolivia\/","article_published_time":"2025-08-09T10:18:23+00:00","og_image":[{"width":1200,"height":628,"url":"https:\/\/www.eldiario.net\/portal\/wp-content\/uploads\/2023\/06\/Lupe-Cajias.jpg","type":"image\/jpeg"}],"author":"Jeanette","twitter_card":"summary_large_image","twitter_creator":"@eldiario_net","twitter_site":"@eldiario_net","twitter_misc":{"Escrito por":"Jeanette","Tiempo de lectura":"4 minutos"},"schema":{"@context":"https:\/\/schema.org","@graph":[{"@type":"Article","@id":"https:\/\/www.eldiario.net\/portal\/2025\/08\/09\/los-bolivianos-salvan-a-bolivia\/#article","isPartOf":{"@id":"https:\/\/www.eldiario.net\/portal\/2025\/08\/09\/los-bolivianos-salvan-a-bolivia\/"},"author":{"name":"Jeanette","@id":"https:\/\/www.eldiario.net\/portal\/#\/schema\/person\/f46445640444750d7d753ccd04ae01b7"},"headline":"Los bolivianos salvan a Bolivia","datePublished":"2025-08-09T10:18:23+00:00","mainEntityOfPage":{"@id":"https:\/\/www.eldiario.net\/portal\/2025\/08\/09\/los-bolivianos-salvan-a-bolivia\/"},"wordCount":702,"publisher":{"@id":"https:\/\/www.eldiario.net\/portal\/#organization"},"image":{"@id":"https:\/\/www.eldiario.net\/portal\/2025\/08\/09\/los-bolivianos-salvan-a-bolivia\/#primaryimage"},"thumbnailUrl":"https:\/\/www.eldiario.net\/portal\/wp-content\/uploads\/2023\/06\/Lupe-Cajias.jpg","articleSection":["Opini\u00f3n"],"inLanguage":"es"},{"@type":"WebPage","@id":"https:\/\/www.eldiario.net\/portal\/2025\/08\/09\/los-bolivianos-salvan-a-bolivia\/","url":"https:\/\/www.eldiario.net\/portal\/2025\/08\/09\/los-bolivianos-salvan-a-bolivia\/","name":"Los bolivianos salvan a Bolivia - El Diario - Bolivia","isPartOf":{"@id":"https:\/\/www.eldiario.net\/portal\/#website"},"primaryImageOfPage":{"@id":"https:\/\/www.eldiario.net\/portal\/2025\/08\/09\/los-bolivianos-salvan-a-bolivia\/#primaryimage"},"image":{"@id":"https:\/\/www.eldiario.net\/portal\/2025\/08\/09\/los-bolivianos-salvan-a-bolivia\/#primaryimage"},"thumbnailUrl":"https:\/\/www.eldiario.net\/portal\/wp-content\/uploads\/2023\/06\/Lupe-Cajias.jpg","datePublished":"2025-08-09T10:18:23+00:00","breadcrumb":{"@id":"https:\/\/www.eldiario.net\/portal\/2025\/08\/09\/los-bolivianos-salvan-a-bolivia\/#breadcrumb"},"inLanguage":"es","potentialAction":[{"@type":"ReadAction","target":["https:\/\/www.eldiario.net\/portal\/2025\/08\/09\/los-bolivianos-salvan-a-bolivia\/"]}]},{"@type":"ImageObject","inLanguage":"es","@id":"https:\/\/www.eldiario.net\/portal\/2025\/08\/09\/los-bolivianos-salvan-a-bolivia\/#primaryimage","url":"https:\/\/www.eldiario.net\/portal\/wp-content\/uploads\/2023\/06\/Lupe-Cajias.jpg","contentUrl":"https:\/\/www.eldiario.net\/portal\/wp-content\/uploads\/2023\/06\/Lupe-Cajias.jpg","width":1200,"height":628,"caption":"Lupe Caj\u00edas"},{"@type":"BreadcrumbList","@id":"https:\/\/www.eldiario.net\/portal\/2025\/08\/09\/los-bolivianos-salvan-a-bolivia\/#breadcrumb","itemListElement":[{"@type":"ListItem","position":1,"name":"Portada","item":"https:\/\/www.eldiario.net\/portal\/"},{"@type":"ListItem","position":2,"name":"Los bolivianos salvan a Bolivia"}]},{"@type":"WebSite","@id":"https:\/\/www.eldiario.net\/portal\/#website","url":"https:\/\/www.eldiario.net\/portal\/","name":"El Diario - Decano de la prensa nacional","description":"El Diario - Decano de la prensa nacional","publisher":{"@id":"https:\/\/www.eldiario.net\/portal\/#organization"},"potentialAction":[{"@type":"SearchAction","target":{"@type":"EntryPoint","urlTemplate":"https:\/\/www.eldiario.net\/portal\/?s={search_term_string}"},"query-input":{"@type":"PropertyValueSpecification","valueRequired":true,"valueName":"search_term_string"}}],"inLanguage":"es"},{"@type":"Organization","@id":"https:\/\/www.eldiario.net\/portal\/#organization","name":"El Diario - Decano de la prensa nacional","url":"https:\/\/www.eldiario.net\/portal\/","logo":{"@type":"ImageObject","inLanguage":"es","@id":"https:\/\/www.eldiario.net\/portal\/#\/schema\/logo\/image\/","url":"https:\/\/www.eldiario.net\/portal\/wp-content\/uploads\/2023\/07\/logo_ED.jpg","contentUrl":"https:\/\/www.eldiario.net\/portal\/wp-content\/uploads\/2023\/07\/logo_ED.jpg","width":272,"height":52,"caption":"El Diario - Decano de la prensa nacional"},"image":{"@id":"https:\/\/www.eldiario.net\/portal\/#\/schema\/logo\/image\/"},"sameAs":["https:\/\/www.facebook.com\/eldiario.bolivia\/","https:\/\/x.com\/eldiario_net"]},{"@type":"Person","@id":"https:\/\/www.eldiario.net\/portal\/#\/schema\/person\/f46445640444750d7d753ccd04ae01b7","name":"Jeanette","image":{"@type":"ImageObject","inLanguage":"es","@id":"https:\/\/secure.gravatar.com\/avatar\/3ea2118a5f7dad2b7138b1187a6b7ee55f160b9968b66013c3a3ef39dd7e5798?s=96&d=mm&r=g","url":"https:\/\/secure.gravatar.com\/avatar\/3ea2118a5f7dad2b7138b1187a6b7ee55f160b9968b66013c3a3ef39dd7e5798?s=96&d=mm&r=g","contentUrl":"https:\/\/secure.gravatar.com\/avatar\/3ea2118a5f7dad2b7138b1187a6b7ee55f160b9968b66013c3a3ef39dd7e5798?s=96&d=mm&r=g","caption":"Jeanette"},"sameAs":["https:\/\/www.eldiario.net\/portal"],"url":"https:\/\/www.eldiario.net\/portal\/author\/jeanette\/"}]}},"_links":{"self":[{"href":"https:\/\/www.eldiario.net\/portal\/wp-json\/wp\/v2\/posts\/322784","targetHints":{"allow":["GET"]}}],"collection":[{"href":"https:\/\/www.eldiario.net\/portal\/wp-json\/wp\/v2\/posts"}],"about":[{"href":"https:\/\/www.eldiario.net\/portal\/wp-json\/wp\/v2\/types\/post"}],"author":[{"embeddable":true,"href":"https:\/\/www.eldiario.net\/portal\/wp-json\/wp\/v2\/users\/1"}],"replies":[{"embeddable":true,"href":"https:\/\/www.eldiario.net\/portal\/wp-json\/wp\/v2\/comments?post=322784"}],"version-history":[{"count":1,"href":"https:\/\/www.eldiario.net\/portal\/wp-json\/wp\/v2\/posts\/322784\/revisions"}],"predecessor-version":[{"id":322785,"href":"https:\/\/www.eldiario.net\/portal\/wp-json\/wp\/v2\/posts\/322784\/revisions\/322785"}],"wp:featuredmedia":[{"embeddable":true,"href":"https:\/\/www.eldiario.net\/portal\/wp-json\/wp\/v2\/media\/157862"}],"wp:attachment":[{"href":"https:\/\/www.eldiario.net\/portal\/wp-json\/wp\/v2\/media?parent=322784"}],"wp:term":[{"taxonomy":"category","embeddable":true,"href":"https:\/\/www.eldiario.net\/portal\/wp-json\/wp\/v2\/categories?post=322784"},{"taxonomy":"post_tag","embeddable":true,"href":"https:\/\/www.eldiario.net\/portal\/wp-json\/wp\/v2\/tags?post=322784"}],"curies":[{"name":"wp","href":"https:\/\/api.w.org\/{rel}","templated":true}]}}