{"id":322603,"date":"2025-08-09T00:07:04","date_gmt":"2025-08-09T04:07:04","guid":{"rendered":"https:\/\/www.eldiario.net\/portal\/?p=322603"},"modified":"2025-08-08T22:09:53","modified_gmt":"2025-08-09T02:09:53","slug":"natura-y-mapaizo-golf-club-celebran-la-fuerza-femenina-y-el-bienestar","status":"publish","type":"post","link":"https:\/\/www.eldiario.net\/portal\/2025\/08\/09\/natura-y-mapaizo-golf-club-celebran-la-fuerza-femenina-y-el-bienestar\/","title":{"rendered":"Natura y Mapaizo Golf Club celebran la fuerza femenina y el bienestar"},"content":{"rendered":"<p>Natura y Mapaizo Golf Club se unieron para celebrar el Torneo de Damas Senior en la ciudad de Santa Cruz, un evento que fue mucho m\u00e1s que una competencia deportiva. En un ambiente que celebraba la fuerza femenina y el bienestar, las golfistas disfrutaron de una jornada de deporte y cuidado personal.<br \/>\nNatura Bolivia, con su l\u00ednea Ekos, ofreci\u00f3 un espacio de pausa y regeneraci\u00f3n. Con productos elaborados a partir de ingredientes amaz\u00f3nicos, la marca invit\u00f3 a las participantes a reconectar con la naturaleza y a dedicarse un momento de autocuidado entre los partidos.<br \/>\nM\u00f3nica Nakada, presidenta del club, resalt\u00f3 la importancia de tomarse tiempo para uno mismo. Por su parte, Valentina Forno, gerente de marketing de Natura, afirm\u00f3 que el bienestar es una forma de habitar el presente, y destac\u00f3 la energ\u00eda de las mujeres que eligen una vida activa y consciente.<br \/>\nEl encuentro deportivo reafirm\u00f3 el compromiso de Natura con el bienestar integral, el empoderamiento femenino y la conexi\u00f3n con la naturaleza, valores que definen la esencia de la marca.<\/p>\n\r\n                <style type=\"text\/css\">\r\n                    \r\n                    #tdi_1  .td-doubleSlider-2 .td-item1 {\r\n                        background: url(https:\/\/www.eldiario.net\/portal\/wp-content\/uploads\/2025\/08\/Andrea-Canelas-y-Valentina-Forno-gerente-de-marketing-de-Natura-Bolivia-80x60.webp) 0 0 no-repeat;\r\n                    }\r\n                    #tdi_1  .td-doubleSlider-2 .td-item2 {\r\n                        background: url(https:\/\/www.eldiario.net\/portal\/wp-content\/uploads\/2025\/08\/Cecilia-Alejandra-Garcia-80x60.webp) 0 0 no-repeat;\r\n                    }\r\n                    #tdi_1  .td-doubleSlider-2 .td-item3 {\r\n                        background: url(https:\/\/www.eldiario.net\/portal\/wp-content\/uploads\/2025\/08\/Fernanda-Quiroga-y-Daniela-Mejia-80x60.webp) 0 0 no-repeat;\r\n                    }\r\n                    #tdi_1  .td-doubleSlider-2 .td-item4 {\r\n                        background: url(https:\/\/www.eldiario.net\/portal\/wp-content\/uploads\/2025\/08\/Maria-Eugenia-Rodriguez-Yoshyko-Sasaki-Fernanda-Quiroga-y-Veronica-Unzueta-80x60.webp) 0 0 no-repeat;\r\n                    }\r\n                    #tdi_1  .td-doubleSlider-2 .td-item5 {\r\n                        background: url(https:\/\/www.eldiario.net\/portal\/wp-content\/uploads\/2025\/08\/Marlene-Semo-y-Teresa-Rosales-80x60.webp) 0 0 no-repeat;\r\n                    }\r\n                    #tdi_1  .td-doubleSlider-2 .td-item6 {\r\n                        background: url(https:\/\/www.eldiario.net\/portal\/wp-content\/uploads\/2025\/08\/Monica-Nakada-Valentina-Forno-Teresa-Rosales-Marlene-Semo-Lenny-Morales-y-Sandra-Anez-80x60.webp) 0 0 no-repeat;\r\n                    }\r\n                    #tdi_1  .td-doubleSlider-2 .td-item7 {\r\n                        background: url(https:\/\/www.eldiario.net\/portal\/wp-content\/uploads\/2025\/08\/Participantes-del-Torneo-de-Damas-Senior-80x60.webp) 0 0 no-repeat;\r\n                    }\r\n                    #tdi_1  .td-doubleSlider-2 .td-item8 {\r\n                        background: url(https:\/\/www.eldiario.net\/portal\/wp-content\/uploads\/2025\/08\/Torneo-de-Damas-Senior-80x60.webp) 0 0 no-repeat;\r\n                    }\r\n                <\/style>\r\n\r\n                <div id=\"tdi_1\" class=\"td-gallery td-slide-on-2-columns\">\r\n                    <div class=\"post_td_gallery\">\r\n                        <div class=\"td-gallery-slide-top\">\r\n                           <div class=\"td-gallery-title\"><\/div>\r\n\r\n                            <div class=\"td-gallery-controls-wrapper\">\r\n                                <div class=\"td-gallery-slide-count\"><span class=\"td-gallery-slide-item-focus\">1<\/span> de 8<\/div>\r\n                                <div class=\"td-gallery-slide-prev-next-but\">\r\n                                    <i class = \"td-icon-left doubleSliderPrevButton\"><\/i>\r\n                                    <i class = \"td-icon-right doubleSliderNextButton\"><\/i>\r\n                                <\/div>\r\n                            <\/div>\r\n                        <\/div>\r\n\r\n                        <div class = \"td-doubleSlider-1 \">\r\n                            <div class = \"td-slider\">\r\n                                \r\n                    <div class = \"td-slide-item td-item1\">\r\n                        <figure class=\"td-slide-galery-figure td-slide-popup-gallery\">\r\n                            <a class=\"slide-gallery-image-link\" href=\"https:\/\/www.eldiario.net\/portal\/wp-content\/uploads\/2025\/08\/Andrea-Canelas-y-Valentina-Forno-gerente-de-marketing-de-Natura-Bolivia.webp\" title=\"Andrea-Canelas-y-Valentina-Forno,-gerente-de-marketing-de-Natura-Bolivia\"  data-caption=\" ANDREA CANELAS Y VALENTINA FORNO, GERENTE DE MARKETING DE NATURA BOLIVIA.\"  data-description=\"\">\r\n                                <img decoding=\"async\" src=\"https:\/\/www.eldiario.net\/portal\/wp-content\/uploads\/2025\/08\/Andrea-Canelas-y-Valentina-Forno-gerente-de-marketing-de-Natura-Bolivia-630x420.webp\" srcset=\"https:\/\/www.eldiario.net\/portal\/wp-content\/uploads\/2025\/08\/Andrea-Canelas-y-Valentina-Forno-gerente-de-marketing-de-Natura-Bolivia-630x420.webp 630w, https:\/\/www.eldiario.net\/portal\/wp-content\/uploads\/2025\/08\/Andrea-Canelas-y-Valentina-Forno-gerente-de-marketing-de-Natura-Bolivia-300x200.webp 300w, https:\/\/www.eldiario.net\/portal\/wp-content\/uploads\/2025\/08\/Andrea-Canelas-y-Valentina-Forno-gerente-de-marketing-de-Natura-Bolivia-1024x683.webp 1024w, https:\/\/www.eldiario.net\/portal\/wp-content\/uploads\/2025\/08\/Andrea-Canelas-y-Valentina-Forno-gerente-de-marketing-de-Natura-Bolivia-768x512.webp 768w, https:\/\/www.eldiario.net\/portal\/wp-content\/uploads\/2025\/08\/Andrea-Canelas-y-Valentina-Forno-gerente-de-marketing-de-Natura-Bolivia-150x100.webp 150w, https:\/\/www.eldiario.net\/portal\/wp-content\/uploads\/2025\/08\/Andrea-Canelas-y-Valentina-Forno-gerente-de-marketing-de-Natura-Bolivia-696x464.webp 696w, https:\/\/www.eldiario.net\/portal\/wp-content\/uploads\/2025\/08\/Andrea-Canelas-y-Valentina-Forno-gerente-de-marketing-de-Natura-Bolivia-1068x712.webp 1068w, https:\/\/www.eldiario.net\/portal\/wp-content\/uploads\/2025\/08\/Andrea-Canelas-y-Valentina-Forno-gerente-de-marketing-de-Natura-Bolivia.webp 1200w\" sizes=\"(max-width: 630px) 100vw, 630px\" alt=\"\">\r\n                            <\/a>\r\n                            <figcaption class = \"td-slide-caption td-gallery-slide-content\"><div class = \"td-gallery-slide-copywrite\"> ANDREA CANELAS Y VALENTINA FORNO, GERENTE DE MARKETING DE NATURA BOLIVIA.<\/div><\/figcaption>\r\n                        <\/figure>\r\n                    <\/div>\r\n                    <div class = \"td-slide-item td-item2\">\r\n                        <figure class=\"td-slide-galery-figure td-slide-popup-gallery\">\r\n                            <a class=\"slide-gallery-image-link\" href=\"https:\/\/www.eldiario.net\/portal\/wp-content\/uploads\/2025\/08\/Cecilia-Alejandra-Garcia.webp\" title=\"Cecilia-Alejandra-Garc\u00eda\"  data-caption=\"CECILIA ALEJANDRA GARC\u00cdA.\"  data-description=\"\">\r\n                                <img decoding=\"async\" src=\"https:\/\/www.eldiario.net\/portal\/wp-content\/uploads\/2025\/08\/Cecilia-Alejandra-Garcia-630x420.webp\" srcset=\"https:\/\/www.eldiario.net\/portal\/wp-content\/uploads\/2025\/08\/Cecilia-Alejandra-Garcia-630x420.webp 630w, https:\/\/www.eldiario.net\/portal\/wp-content\/uploads\/2025\/08\/Cecilia-Alejandra-Garcia-300x200.webp 300w, https:\/\/www.eldiario.net\/portal\/wp-content\/uploads\/2025\/08\/Cecilia-Alejandra-Garcia-1024x683.webp 1024w, https:\/\/www.eldiario.net\/portal\/wp-content\/uploads\/2025\/08\/Cecilia-Alejandra-Garcia-768x512.webp 768w, https:\/\/www.eldiario.net\/portal\/wp-content\/uploads\/2025\/08\/Cecilia-Alejandra-Garcia-150x100.webp 150w, https:\/\/www.eldiario.net\/portal\/wp-content\/uploads\/2025\/08\/Cecilia-Alejandra-Garcia-696x464.webp 696w, https:\/\/www.eldiario.net\/portal\/wp-content\/uploads\/2025\/08\/Cecilia-Alejandra-Garcia-1068x712.webp 1068w, https:\/\/www.eldiario.net\/portal\/wp-content\/uploads\/2025\/08\/Cecilia-Alejandra-Garcia.webp 1200w\" sizes=\"(max-width: 630px) 100vw, 630px\" alt=\"\">\r\n                            <\/a>\r\n                            <figcaption class = \"td-slide-caption td-gallery-slide-content\"><div class = \"td-gallery-slide-copywrite\">CECILIA ALEJANDRA GARC\u00cdA.<\/div><\/figcaption>\r\n                        <\/figure>\r\n                    <\/div>\r\n                    <div class = \"td-slide-item td-item3\">\r\n                        <figure class=\"td-slide-galery-figure td-slide-popup-gallery\">\r\n                            <a class=\"slide-gallery-image-link\" href=\"https:\/\/www.eldiario.net\/portal\/wp-content\/uploads\/2025\/08\/Fernanda-Quiroga-y-Daniela-Mejia.webp\" title=\"Fernanda-Quiroga-y-Daniela-Mej\u00eda\"  data-caption=\"FERNANDA QUIROGA Y DANIELA  MEJ\u00cdA.\"  data-description=\"\">\r\n                                <img decoding=\"async\" src=\"https:\/\/www.eldiario.net\/portal\/wp-content\/uploads\/2025\/08\/Fernanda-Quiroga-y-Daniela-Mejia-630x420.webp\" srcset=\"https:\/\/www.eldiario.net\/portal\/wp-content\/uploads\/2025\/08\/Fernanda-Quiroga-y-Daniela-Mejia-630x420.webp 630w, https:\/\/www.eldiario.net\/portal\/wp-content\/uploads\/2025\/08\/Fernanda-Quiroga-y-Daniela-Mejia-300x200.webp 300w, https:\/\/www.eldiario.net\/portal\/wp-content\/uploads\/2025\/08\/Fernanda-Quiroga-y-Daniela-Mejia-1024x683.webp 1024w, https:\/\/www.eldiario.net\/portal\/wp-content\/uploads\/2025\/08\/Fernanda-Quiroga-y-Daniela-Mejia-768x512.webp 768w, https:\/\/www.eldiario.net\/portal\/wp-content\/uploads\/2025\/08\/Fernanda-Quiroga-y-Daniela-Mejia-150x100.webp 150w, https:\/\/www.eldiario.net\/portal\/wp-content\/uploads\/2025\/08\/Fernanda-Quiroga-y-Daniela-Mejia-696x464.webp 696w, https:\/\/www.eldiario.net\/portal\/wp-content\/uploads\/2025\/08\/Fernanda-Quiroga-y-Daniela-Mejia-1068x712.webp 1068w, https:\/\/www.eldiario.net\/portal\/wp-content\/uploads\/2025\/08\/Fernanda-Quiroga-y-Daniela-Mejia.webp 1200w\" sizes=\"(max-width: 630px) 100vw, 630px\" alt=\"\">\r\n                            <\/a>\r\n                            <figcaption class = \"td-slide-caption td-gallery-slide-content\"><div class = \"td-gallery-slide-copywrite\">FERNANDA QUIROGA Y DANIELA  MEJ\u00cdA.<\/div><\/figcaption>\r\n                        <\/figure>\r\n                    <\/div>\r\n                    <div class = \"td-slide-item td-item4\">\r\n                        <figure class=\"td-slide-galery-figure td-slide-popup-gallery\">\r\n                            <a class=\"slide-gallery-image-link\" href=\"https:\/\/www.eldiario.net\/portal\/wp-content\/uploads\/2025\/08\/Maria-Eugenia-Rodriguez-Yoshyko-Sasaki-Fernanda-Quiroga-y-Veronica-Unzueta.webp\" title=\"Mar\u00eda-Eugenia-Rodr\u00edguez,-Yoshyko-Sasaki,-Fernanda-Quiroga-y-Ver\u00f3nica-Unzueta\"  data-caption=\"MAR\u00cdA EUGENIA RODR\u00cdGUEZ, YOSHYKO SASAKI, FERNANDA QUIROGA Y VER\u00d3NICA UNZUETA.\"  data-description=\"\">\r\n                                <img decoding=\"async\" src=\"https:\/\/www.eldiario.net\/portal\/wp-content\/uploads\/2025\/08\/Maria-Eugenia-Rodriguez-Yoshyko-Sasaki-Fernanda-Quiroga-y-Veronica-Unzueta-630x420.webp\" srcset=\"https:\/\/www.eldiario.net\/portal\/wp-content\/uploads\/2025\/08\/Maria-Eugenia-Rodriguez-Yoshyko-Sasaki-Fernanda-Quiroga-y-Veronica-Unzueta-630x420.webp 630w, https:\/\/www.eldiario.net\/portal\/wp-content\/uploads\/2025\/08\/Maria-Eugenia-Rodriguez-Yoshyko-Sasaki-Fernanda-Quiroga-y-Veronica-Unzueta-300x200.webp 300w, https:\/\/www.eldiario.net\/portal\/wp-content\/uploads\/2025\/08\/Maria-Eugenia-Rodriguez-Yoshyko-Sasaki-Fernanda-Quiroga-y-Veronica-Unzueta-1024x683.webp 1024w, https:\/\/www.eldiario.net\/portal\/wp-content\/uploads\/2025\/08\/Maria-Eugenia-Rodriguez-Yoshyko-Sasaki-Fernanda-Quiroga-y-Veronica-Unzueta-768x512.webp 768w, https:\/\/www.eldiario.net\/portal\/wp-content\/uploads\/2025\/08\/Maria-Eugenia-Rodriguez-Yoshyko-Sasaki-Fernanda-Quiroga-y-Veronica-Unzueta-150x100.webp 150w, https:\/\/www.eldiario.net\/portal\/wp-content\/uploads\/2025\/08\/Maria-Eugenia-Rodriguez-Yoshyko-Sasaki-Fernanda-Quiroga-y-Veronica-Unzueta-696x464.webp 696w, https:\/\/www.eldiario.net\/portal\/wp-content\/uploads\/2025\/08\/Maria-Eugenia-Rodriguez-Yoshyko-Sasaki-Fernanda-Quiroga-y-Veronica-Unzueta-1068x712.webp 1068w, https:\/\/www.eldiario.net\/portal\/wp-content\/uploads\/2025\/08\/Maria-Eugenia-Rodriguez-Yoshyko-Sasaki-Fernanda-Quiroga-y-Veronica-Unzueta.webp 1200w\" sizes=\"(max-width: 630px) 100vw, 630px\" alt=\"\">\r\n                            <\/a>\r\n                            <figcaption class = \"td-slide-caption td-gallery-slide-content\"><div class = \"td-gallery-slide-copywrite\">MAR\u00cdA EUGENIA RODR\u00cdGUEZ, YOSHYKO SASAKI, FERNANDA QUIROGA Y VER\u00d3NICA UNZUETA.<\/div><\/figcaption>\r\n                        <\/figure>\r\n                    <\/div>\r\n                    <div class = \"td-slide-item td-item5\">\r\n                        <figure class=\"td-slide-galery-figure td-slide-popup-gallery\">\r\n                            <a class=\"slide-gallery-image-link\" href=\"https:\/\/www.eldiario.net\/portal\/wp-content\/uploads\/2025\/08\/Marlene-Semo-y-Teresa-Rosales.webp\" title=\"Marlene-Semo-y-Teresa-Rosales\"  data-caption=\" MARLENE SEMO Y TERESA ROSALES.\"  data-description=\"\">\r\n                                <img decoding=\"async\" src=\"https:\/\/www.eldiario.net\/portal\/wp-content\/uploads\/2025\/08\/Marlene-Semo-y-Teresa-Rosales-630x420.webp\" srcset=\"https:\/\/www.eldiario.net\/portal\/wp-content\/uploads\/2025\/08\/Marlene-Semo-y-Teresa-Rosales-630x420.webp 630w, https:\/\/www.eldiario.net\/portal\/wp-content\/uploads\/2025\/08\/Marlene-Semo-y-Teresa-Rosales-300x200.webp 300w, https:\/\/www.eldiario.net\/portal\/wp-content\/uploads\/2025\/08\/Marlene-Semo-y-Teresa-Rosales-1024x683.webp 1024w, https:\/\/www.eldiario.net\/portal\/wp-content\/uploads\/2025\/08\/Marlene-Semo-y-Teresa-Rosales-768x512.webp 768w, https:\/\/www.eldiario.net\/portal\/wp-content\/uploads\/2025\/08\/Marlene-Semo-y-Teresa-Rosales-150x100.webp 150w, https:\/\/www.eldiario.net\/portal\/wp-content\/uploads\/2025\/08\/Marlene-Semo-y-Teresa-Rosales-696x464.webp 696w, https:\/\/www.eldiario.net\/portal\/wp-content\/uploads\/2025\/08\/Marlene-Semo-y-Teresa-Rosales-1068x712.webp 1068w, https:\/\/www.eldiario.net\/portal\/wp-content\/uploads\/2025\/08\/Marlene-Semo-y-Teresa-Rosales.webp 1200w\" sizes=\"(max-width: 630px) 100vw, 630px\" alt=\"\">\r\n                            <\/a>\r\n                            <figcaption class = \"td-slide-caption td-gallery-slide-content\"><div class = \"td-gallery-slide-copywrite\"> MARLENE SEMO Y TERESA ROSALES.<\/div><\/figcaption>\r\n                        <\/figure>\r\n                    <\/div>\r\n                    <div class = \"td-slide-item td-item6\">\r\n                        <figure class=\"td-slide-galery-figure td-slide-popup-gallery\">\r\n                            <a class=\"slide-gallery-image-link\" href=\"https:\/\/www.eldiario.net\/portal\/wp-content\/uploads\/2025\/08\/Monica-Nakada-Valentina-Forno-Teresa-Rosales-Marlene-Semo-Lenny-Morales-y-Sandra-Anez.webp\" title=\"M\u00f3nica-Nakada,-Valentina-Forno-,-Teresa-Rosales,-Marlene-Semo,-Lenny-Morales-y-Sandra-A\u00f1ez\"  data-caption=\"M\u00d3NICA NAKADA, VALENTINA FORNO , TERESA ROSALES, MARLENE SEMO, LENNY MORALES Y SANDRA A\u00d1EZ.\"  data-description=\"\">\r\n                                <img decoding=\"async\" src=\"https:\/\/www.eldiario.net\/portal\/wp-content\/uploads\/2025\/08\/Monica-Nakada-Valentina-Forno-Teresa-Rosales-Marlene-Semo-Lenny-Morales-y-Sandra-Anez-630x420.webp\" srcset=\"https:\/\/www.eldiario.net\/portal\/wp-content\/uploads\/2025\/08\/Monica-Nakada-Valentina-Forno-Teresa-Rosales-Marlene-Semo-Lenny-Morales-y-Sandra-Anez-630x420.webp 630w, https:\/\/www.eldiario.net\/portal\/wp-content\/uploads\/2025\/08\/Monica-Nakada-Valentina-Forno-Teresa-Rosales-Marlene-Semo-Lenny-Morales-y-Sandra-Anez-300x200.webp 300w, https:\/\/www.eldiario.net\/portal\/wp-content\/uploads\/2025\/08\/Monica-Nakada-Valentina-Forno-Teresa-Rosales-Marlene-Semo-Lenny-Morales-y-Sandra-Anez-1024x683.webp 1024w, https:\/\/www.eldiario.net\/portal\/wp-content\/uploads\/2025\/08\/Monica-Nakada-Valentina-Forno-Teresa-Rosales-Marlene-Semo-Lenny-Morales-y-Sandra-Anez-768x512.webp 768w, https:\/\/www.eldiario.net\/portal\/wp-content\/uploads\/2025\/08\/Monica-Nakada-Valentina-Forno-Teresa-Rosales-Marlene-Semo-Lenny-Morales-y-Sandra-Anez-150x100.webp 150w, https:\/\/www.eldiario.net\/portal\/wp-content\/uploads\/2025\/08\/Monica-Nakada-Valentina-Forno-Teresa-Rosales-Marlene-Semo-Lenny-Morales-y-Sandra-Anez-696x464.webp 696w, https:\/\/www.eldiario.net\/portal\/wp-content\/uploads\/2025\/08\/Monica-Nakada-Valentina-Forno-Teresa-Rosales-Marlene-Semo-Lenny-Morales-y-Sandra-Anez-1068x712.webp 1068w, https:\/\/www.eldiario.net\/portal\/wp-content\/uploads\/2025\/08\/Monica-Nakada-Valentina-Forno-Teresa-Rosales-Marlene-Semo-Lenny-Morales-y-Sandra-Anez.webp 1200w\" sizes=\"(max-width: 630px) 100vw, 630px\" alt=\"\">\r\n                            <\/a>\r\n                            <figcaption class = \"td-slide-caption td-gallery-slide-content\"><div class = \"td-gallery-slide-copywrite\">M\u00d3NICA NAKADA, VALENTINA FORNO , TERESA ROSALES, MARLENE SEMO, LENNY MORALES Y SANDRA A\u00d1EZ.<\/div><\/figcaption>\r\n                        <\/figure>\r\n                    <\/div>\r\n                    <div class = \"td-slide-item td-item7\">\r\n                        <figure class=\"td-slide-galery-figure td-slide-popup-gallery\">\r\n                            <a class=\"slide-gallery-image-link\" href=\"https:\/\/www.eldiario.net\/portal\/wp-content\/uploads\/2025\/08\/Participantes-del-Torneo-de-Damas-Senior.webp\" title=\"Participantes-del-Torneo-de-Damas-Senior\"  data-caption=\"PARTICIPANTES DEL TORNEO DE DAMAS SENIOR.\"  data-description=\"\">\r\n                                <img decoding=\"async\" src=\"https:\/\/www.eldiario.net\/portal\/wp-content\/uploads\/2025\/08\/Participantes-del-Torneo-de-Damas-Senior-747x420.webp\" srcset=\"https:\/\/www.eldiario.net\/portal\/wp-content\/uploads\/2025\/08\/Participantes-del-Torneo-de-Damas-Senior-747x420.webp 747w, https:\/\/www.eldiario.net\/portal\/wp-content\/uploads\/2025\/08\/Participantes-del-Torneo-de-Damas-Senior-300x169.webp 300w, https:\/\/www.eldiario.net\/portal\/wp-content\/uploads\/2025\/08\/Participantes-del-Torneo-de-Damas-Senior-1024x576.webp 1024w, https:\/\/www.eldiario.net\/portal\/wp-content\/uploads\/2025\/08\/Participantes-del-Torneo-de-Damas-Senior-768x432.webp 768w, https:\/\/www.eldiario.net\/portal\/wp-content\/uploads\/2025\/08\/Participantes-del-Torneo-de-Damas-Senior-150x84.webp 150w, https:\/\/www.eldiario.net\/portal\/wp-content\/uploads\/2025\/08\/Participantes-del-Torneo-de-Damas-Senior-696x392.webp 696w, https:\/\/www.eldiario.net\/portal\/wp-content\/uploads\/2025\/08\/Participantes-del-Torneo-de-Damas-Senior-1068x601.webp 1068w, https:\/\/www.eldiario.net\/portal\/wp-content\/uploads\/2025\/08\/Participantes-del-Torneo-de-Damas-Senior.webp 1200w\" sizes=\"(max-width: 747px) 100vw, 747px\" alt=\"\">\r\n                            <\/a>\r\n                            <figcaption class = \"td-slide-caption td-gallery-slide-content\"><div class = \"td-gallery-slide-copywrite\">PARTICIPANTES DEL TORNEO DE DAMAS SENIOR.<\/div><\/figcaption>\r\n                        <\/figure>\r\n                    <\/div>\r\n                    <div class = \"td-slide-item td-item8\">\r\n                        <figure class=\"td-slide-galery-figure td-slide-popup-gallery\">\r\n                            <a class=\"slide-gallery-image-link\" href=\"https:\/\/www.eldiario.net\/portal\/wp-content\/uploads\/2025\/08\/Torneo-de-Damas-Senior.webp\" title=\"Torneo-de-Damas-Senior\"  data-caption=\" EL EVENTO COMBIN\u00d3 LA PASI\u00d3N POR EL GOLF CON UN ENFOQUE EN EL CUIDADO PERSONAL Y EL BIENESTAR .\"  data-description=\"\">\r\n                                <img decoding=\"async\" src=\"https:\/\/www.eldiario.net\/portal\/wp-content\/uploads\/2025\/08\/Torneo-de-Damas-Senior-630x420.webp\" srcset=\"https:\/\/www.eldiario.net\/portal\/wp-content\/uploads\/2025\/08\/Torneo-de-Damas-Senior-630x420.webp 630w, https:\/\/www.eldiario.net\/portal\/wp-content\/uploads\/2025\/08\/Torneo-de-Damas-Senior-300x200.webp 300w, https:\/\/www.eldiario.net\/portal\/wp-content\/uploads\/2025\/08\/Torneo-de-Damas-Senior-1024x683.webp 1024w, https:\/\/www.eldiario.net\/portal\/wp-content\/uploads\/2025\/08\/Torneo-de-Damas-Senior-768x512.webp 768w, https:\/\/www.eldiario.net\/portal\/wp-content\/uploads\/2025\/08\/Torneo-de-Damas-Senior-150x100.webp 150w, https:\/\/www.eldiario.net\/portal\/wp-content\/uploads\/2025\/08\/Torneo-de-Damas-Senior-696x464.webp 696w, https:\/\/www.eldiario.net\/portal\/wp-content\/uploads\/2025\/08\/Torneo-de-Damas-Senior-1068x712.webp 1068w, https:\/\/www.eldiario.net\/portal\/wp-content\/uploads\/2025\/08\/Torneo-de-Damas-Senior.webp 1200w\" sizes=\"(max-width: 630px) 100vw, 630px\" alt=\"\">\r\n                            <\/a>\r\n                            <figcaption class = \"td-slide-caption td-gallery-slide-content\"><div class = \"td-gallery-slide-copywrite\"> EL EVENTO COMBIN\u00d3 LA PASI\u00d3N POR EL GOLF CON UN ENFOQUE EN EL CUIDADO PERSONAL Y EL BIENESTAR .<\/div><\/figcaption>\r\n                        <\/figure>\r\n                    <\/div>\r\n                            <\/div>\r\n                        <\/div>\r\n\r\n                        <div class = \"td-doubleSlider-2\">\r\n                            <div class = \"td-slider\">\r\n                                \r\n                    <div class = \"td-button td-item1\">\r\n                        <div class = \"td-border\"><\/div>\r\n                    <\/div>\r\n                    <div class = \"td-button td-item2\">\r\n                        <div class = \"td-border\"><\/div>\r\n                    <\/div>\r\n                    <div class = \"td-button td-item3\">\r\n                        <div class = \"td-border\"><\/div>\r\n                    <\/div>\r\n                    <div class = \"td-button td-item4\">\r\n                        <div class = \"td-border\"><\/div>\r\n                    <\/div>\r\n                    <div class = \"td-button td-item5\">\r\n                        <div class = \"td-border\"><\/div>\r\n                    <\/div>\r\n                    <div class = \"td-button td-item6\">\r\n                        <div class = \"td-border\"><\/div>\r\n                    <\/div>\r\n                    <div class = \"td-button td-item7\">\r\n                        <div class = \"td-border\"><\/div>\r\n                    <\/div>\r\n                    <div class = \"td-button td-item8\">\r\n                        <div class = \"td-border\"><\/div>\r\n                    <\/div>\r\n                            <\/div>\r\n                        <\/div>\r\n\r\n                    <\/div>\r\n\r\n                <\/div>\r\n                \n","protected":false},"excerpt":{"rendered":"<p>Natura y Mapaizo Golf Club se unieron para celebrar el Torneo de Damas Senior en la ciudad de Santa Cruz, un evento que fue mucho m\u00e1s que una competencia deportiva. En un ambiente que celebraba la fuerza femenina y el bienestar, las golfistas disfrutaron de una jornada de deporte y cuidado personal. Natura Bolivia, con [&hellip;]<\/p>\n","protected":false},"author":1,"featured_media":322610,"comment_status":"closed","ping_status":"open","sticky":false,"template":"","format":"standard","meta":{"_acf_changed":false,"footnotes":""},"categories":[40],"tags":[],"class_list":["post-322603","post","type-post","status-publish","format-standard","has-post-thumbnail","category-sociales"],"acf":{"antetitulo":""},"yoast_head":"<!-- This site is optimized with the Yoast SEO plugin v28.4 - https:\/\/yoast.com\/product\/yoast-seo-wordpress\/ -->\n<title>Natura y Mapaizo Golf Club celebran la fuerza femenina y el bienestar - El Diario - Bolivia<\/title>\n<meta name=\"robots\" content=\"index, follow, max-snippet:-1, max-image-preview:large, max-video-preview:-1\" \/>\n<link rel=\"canonical\" href=\"https:\/\/www.eldiario.net\/portal\/2025\/08\/09\/natura-y-mapaizo-golf-club-celebran-la-fuerza-femenina-y-el-bienestar\/\" \/>\n<meta property=\"og:locale\" content=\"es_ES\" \/>\n<meta property=\"og:type\" content=\"article\" \/>\n<meta property=\"og:title\" content=\"Natura y Mapaizo Golf Club celebran la fuerza femenina y el bienestar - El Diario - Bolivia\" \/>\n<meta property=\"og:description\" content=\"Natura y Mapaizo Golf Club se unieron para celebrar el Torneo de Damas Senior en la ciudad de Santa Cruz, un evento que fue mucho m\u00e1s que una competencia deportiva. En un ambiente que celebraba la fuerza femenina y el bienestar, las golfistas disfrutaron de una jornada de deporte y cuidado personal. Natura Bolivia, con [&hellip;]\" \/>\n<meta property=\"og:url\" content=\"https:\/\/www.eldiario.net\/portal\/2025\/08\/09\/natura-y-mapaizo-golf-club-celebran-la-fuerza-femenina-y-el-bienestar\/\" \/>\n<meta property=\"og:site_name\" content=\"El Diario - Bolivia\" \/>\n<meta property=\"article:publisher\" content=\"https:\/\/www.facebook.com\/eldiario.bolivia\/\" \/>\n<meta property=\"article:published_time\" content=\"2025-08-09T04:07:04+00:00\" \/>\n<meta property=\"og:image\" content=\"https:\/\/www.eldiario.net\/portal\/wp-content\/uploads\/2025\/08\/Participantes-del-Torneo-de-Damas-Senior.webp\" \/>\n\t<meta property=\"og:image:width\" content=\"1200\" \/>\n\t<meta property=\"og:image:height\" content=\"675\" \/>\n\t<meta property=\"og:image:type\" content=\"image\/webp\" \/>\n<meta name=\"author\" content=\"Jeanette\" \/>\n<meta name=\"twitter:card\" content=\"summary_large_image\" \/>\n<meta name=\"twitter:creator\" content=\"@eldiario_net\" \/>\n<meta name=\"twitter:site\" content=\"@eldiario_net\" \/>\n<meta name=\"twitter:label1\" content=\"Escrito por\" \/>\n\t<meta name=\"twitter:data1\" content=\"Jeanette\" \/>\n\t<meta name=\"twitter:label2\" content=\"Tiempo de lectura\" \/>\n\t<meta name=\"twitter:data2\" content=\"2 minutos\" \/>\n<script type=\"application\/ld+json\" class=\"yoast-schema-graph\">{\"@context\":\"https:\\\/\\\/schema.org\",\"@graph\":[{\"@type\":\"Article\",\"@id\":\"https:\\\/\\\/www.eldiario.net\\\/portal\\\/2025\\\/08\\\/09\\\/natura-y-mapaizo-golf-club-celebran-la-fuerza-femenina-y-el-bienestar\\\/#article\",\"isPartOf\":{\"@id\":\"https:\\\/\\\/www.eldiario.net\\\/portal\\\/2025\\\/08\\\/09\\\/natura-y-mapaizo-golf-club-celebran-la-fuerza-femenina-y-el-bienestar\\\/\"},\"author\":{\"name\":\"Jeanette\",\"@id\":\"https:\\\/\\\/www.eldiario.net\\\/portal\\\/#\\\/schema\\\/person\\\/2c57cf2b7a7ae032e449e4c9b1019eac\"},\"headline\":\"Natura y Mapaizo Golf Club celebran la fuerza femenina y el bienestar\",\"datePublished\":\"2025-08-09T04:07:04+00:00\",\"mainEntityOfPage\":{\"@id\":\"https:\\\/\\\/www.eldiario.net\\\/portal\\\/2025\\\/08\\\/09\\\/natura-y-mapaizo-golf-club-celebran-la-fuerza-femenina-y-el-bienestar\\\/\"},\"wordCount\":200,\"publisher\":{\"@id\":\"https:\\\/\\\/www.eldiario.net\\\/portal\\\/#organization\"},\"image\":{\"@id\":\"https:\\\/\\\/www.eldiario.net\\\/portal\\\/2025\\\/08\\\/09\\\/natura-y-mapaizo-golf-club-celebran-la-fuerza-femenina-y-el-bienestar\\\/#primaryimage\"},\"thumbnailUrl\":\"https:\\\/\\\/www.eldiario.net\\\/portal\\\/wp-content\\\/uploads\\\/2025\\\/08\\\/Participantes-del-Torneo-de-Damas-Senior.webp\",\"articleSection\":[\"Sociales\"],\"inLanguage\":\"es\"},{\"@type\":\"WebPage\",\"@id\":\"https:\\\/\\\/www.eldiario.net\\\/portal\\\/2025\\\/08\\\/09\\\/natura-y-mapaizo-golf-club-celebran-la-fuerza-femenina-y-el-bienestar\\\/\",\"url\":\"https:\\\/\\\/www.eldiario.net\\\/portal\\\/2025\\\/08\\\/09\\\/natura-y-mapaizo-golf-club-celebran-la-fuerza-femenina-y-el-bienestar\\\/\",\"name\":\"Natura y Mapaizo Golf Club celebran la fuerza femenina y el bienestar - El Diario - Bolivia\",\"isPartOf\":{\"@id\":\"https:\\\/\\\/www.eldiario.net\\\/portal\\\/#website\"},\"primaryImageOfPage\":{\"@id\":\"https:\\\/\\\/www.eldiario.net\\\/portal\\\/2025\\\/08\\\/09\\\/natura-y-mapaizo-golf-club-celebran-la-fuerza-femenina-y-el-bienestar\\\/#primaryimage\"},\"image\":{\"@id\":\"https:\\\/\\\/www.eldiario.net\\\/portal\\\/2025\\\/08\\\/09\\\/natura-y-mapaizo-golf-club-celebran-la-fuerza-femenina-y-el-bienestar\\\/#primaryimage\"},\"thumbnailUrl\":\"https:\\\/\\\/www.eldiario.net\\\/portal\\\/wp-content\\\/uploads\\\/2025\\\/08\\\/Participantes-del-Torneo-de-Damas-Senior.webp\",\"datePublished\":\"2025-08-09T04:07:04+00:00\",\"breadcrumb\":{\"@id\":\"https:\\\/\\\/www.eldiario.net\\\/portal\\\/2025\\\/08\\\/09\\\/natura-y-mapaizo-golf-club-celebran-la-fuerza-femenina-y-el-bienestar\\\/#breadcrumb\"},\"inLanguage\":\"es\",\"potentialAction\":[{\"@type\":\"ReadAction\",\"target\":[\"https:\\\/\\\/www.eldiario.net\\\/portal\\\/2025\\\/08\\\/09\\\/natura-y-mapaizo-golf-club-celebran-la-fuerza-femenina-y-el-bienestar\\\/\"]}]},{\"@type\":\"ImageObject\",\"inLanguage\":\"es\",\"@id\":\"https:\\\/\\\/www.eldiario.net\\\/portal\\\/2025\\\/08\\\/09\\\/natura-y-mapaizo-golf-club-celebran-la-fuerza-femenina-y-el-bienestar\\\/#primaryimage\",\"url\":\"https:\\\/\\\/www.eldiario.net\\\/portal\\\/wp-content\\\/uploads\\\/2025\\\/08\\\/Participantes-del-Torneo-de-Damas-Senior.webp\",\"contentUrl\":\"https:\\\/\\\/www.eldiario.net\\\/portal\\\/wp-content\\\/uploads\\\/2025\\\/08\\\/Participantes-del-Torneo-de-Damas-Senior.webp\",\"width\":1200,\"height\":675,\"caption\":\"PARTICIPANTES DEL TORNEO DE DAMAS SENIOR.\"},{\"@type\":\"BreadcrumbList\",\"@id\":\"https:\\\/\\\/www.eldiario.net\\\/portal\\\/2025\\\/08\\\/09\\\/natura-y-mapaizo-golf-club-celebran-la-fuerza-femenina-y-el-bienestar\\\/#breadcrumb\",\"itemListElement\":[{\"@type\":\"ListItem\",\"position\":1,\"name\":\"Portada\",\"item\":\"https:\\\/\\\/www.eldiario.net\\\/portal\\\/\"},{\"@type\":\"ListItem\",\"position\":2,\"name\":\"Natura y Mapaizo Golf Club celebran la fuerza femenina y el bienestar\"}]},{\"@type\":\"WebSite\",\"@id\":\"https:\\\/\\\/www.eldiario.net\\\/portal\\\/#website\",\"url\":\"https:\\\/\\\/www.eldiario.net\\\/portal\\\/\",\"name\":\"El Diario - Decano de la prensa nacional\",\"description\":\"El Diario - Decano de la prensa nacional\",\"publisher\":{\"@id\":\"https:\\\/\\\/www.eldiario.net\\\/portal\\\/#organization\"},\"potentialAction\":[{\"@type\":\"SearchAction\",\"target\":{\"@type\":\"EntryPoint\",\"urlTemplate\":\"https:\\\/\\\/www.eldiario.net\\\/portal\\\/?s={search_term_string}\"},\"query-input\":{\"@type\":\"PropertyValueSpecification\",\"valueRequired\":true,\"valueName\":\"search_term_string\"}}],\"inLanguage\":\"es\"},{\"@type\":\"Organization\",\"@id\":\"https:\\\/\\\/www.eldiario.net\\\/portal\\\/#organization\",\"name\":\"El Diario - Decano de la prensa nacional\",\"url\":\"https:\\\/\\\/www.eldiario.net\\\/portal\\\/\",\"logo\":{\"@type\":\"ImageObject\",\"inLanguage\":\"es\",\"@id\":\"https:\\\/\\\/www.eldiario.net\\\/portal\\\/#\\\/schema\\\/logo\\\/image\\\/\",\"url\":\"https:\\\/\\\/www.eldiario.net\\\/portal\\\/wp-content\\\/uploads\\\/2023\\\/07\\\/logo_ED.jpg\",\"contentUrl\":\"https:\\\/\\\/www.eldiario.net\\\/portal\\\/wp-content\\\/uploads\\\/2023\\\/07\\\/logo_ED.jpg\",\"width\":272,\"height\":52,\"caption\":\"El Diario - Decano de la prensa nacional\"},\"image\":{\"@id\":\"https:\\\/\\\/www.eldiario.net\\\/portal\\\/#\\\/schema\\\/logo\\\/image\\\/\"},\"sameAs\":[\"https:\\\/\\\/www.facebook.com\\\/eldiario.bolivia\\\/\",\"https:\\\/\\\/x.com\\\/eldiario_net\"]},{\"@type\":\"Person\",\"@id\":\"https:\\\/\\\/www.eldiario.net\\\/portal\\\/#\\\/schema\\\/person\\\/2c57cf2b7a7ae032e449e4c9b1019eac\",\"name\":\"Jeanette\",\"image\":{\"@type\":\"ImageObject\",\"inLanguage\":\"es\",\"@id\":\"https:\\\/\\\/secure.gravatar.com\\\/avatar\\\/3ea2118a5f7dad2b7138b1187a6b7ee55f160b9968b66013c3a3ef39dd7e5798?s=96&d=mm&r=g\",\"url\":\"https:\\\/\\\/secure.gravatar.com\\\/avatar\\\/3ea2118a5f7dad2b7138b1187a6b7ee55f160b9968b66013c3a3ef39dd7e5798?s=96&d=mm&r=g\",\"contentUrl\":\"https:\\\/\\\/secure.gravatar.com\\\/avatar\\\/3ea2118a5f7dad2b7138b1187a6b7ee55f160b9968b66013c3a3ef39dd7e5798?s=96&d=mm&r=g\",\"caption\":\"Jeanette\"},\"sameAs\":[\"https:\\\/\\\/www.eldiario.net\\\/portal\"],\"url\":\"https:\\\/\\\/www.eldiario.net\\\/portal\\\/author\\\/jeanette\\\/\"}]}<\/script>\n<!-- \/ Yoast SEO plugin. -->","yoast_head_json":{"title":"Natura y Mapaizo Golf Club celebran la fuerza femenina y el bienestar - El Diario - Bolivia","robots":{"index":"index","follow":"follow","max-snippet":"max-snippet:-1","max-image-preview":"max-image-preview:large","max-video-preview":"max-video-preview:-1"},"canonical":"https:\/\/www.eldiario.net\/portal\/2025\/08\/09\/natura-y-mapaizo-golf-club-celebran-la-fuerza-femenina-y-el-bienestar\/","og_locale":"es_ES","og_type":"article","og_title":"Natura y Mapaizo Golf Club celebran la fuerza femenina y el bienestar - El Diario - Bolivia","og_description":"Natura y Mapaizo Golf Club se unieron para celebrar el Torneo de Damas Senior en la ciudad de Santa Cruz, un evento que fue mucho m\u00e1s que una competencia deportiva. En un ambiente que celebraba la fuerza femenina y el bienestar, las golfistas disfrutaron de una jornada de deporte y cuidado personal. Natura Bolivia, con [&hellip;]","og_url":"https:\/\/www.eldiario.net\/portal\/2025\/08\/09\/natura-y-mapaizo-golf-club-celebran-la-fuerza-femenina-y-el-bienestar\/","og_site_name":"El Diario - Bolivia","article_publisher":"https:\/\/www.facebook.com\/eldiario.bolivia\/","article_published_time":"2025-08-09T04:07:04+00:00","og_image":[{"width":1200,"height":675,"url":"https:\/\/www.eldiario.net\/portal\/wp-content\/uploads\/2025\/08\/Participantes-del-Torneo-de-Damas-Senior.webp","type":"image\/webp"}],"author":"Jeanette","twitter_card":"summary_large_image","twitter_creator":"@eldiario_net","twitter_site":"@eldiario_net","twitter_misc":{"Escrito por":"Jeanette","Tiempo de lectura":"2 minutos"},"schema":{"@context":"https:\/\/schema.org","@graph":[{"@type":"Article","@id":"https:\/\/www.eldiario.net\/portal\/2025\/08\/09\/natura-y-mapaizo-golf-club-celebran-la-fuerza-femenina-y-el-bienestar\/#article","isPartOf":{"@id":"https:\/\/www.eldiario.net\/portal\/2025\/08\/09\/natura-y-mapaizo-golf-club-celebran-la-fuerza-femenina-y-el-bienestar\/"},"author":{"name":"Jeanette","@id":"https:\/\/www.eldiario.net\/portal\/#\/schema\/person\/2c57cf2b7a7ae032e449e4c9b1019eac"},"headline":"Natura y Mapaizo Golf Club celebran la fuerza femenina y el bienestar","datePublished":"2025-08-09T04:07:04+00:00","mainEntityOfPage":{"@id":"https:\/\/www.eldiario.net\/portal\/2025\/08\/09\/natura-y-mapaizo-golf-club-celebran-la-fuerza-femenina-y-el-bienestar\/"},"wordCount":200,"publisher":{"@id":"https:\/\/www.eldiario.net\/portal\/#organization"},"image":{"@id":"https:\/\/www.eldiario.net\/portal\/2025\/08\/09\/natura-y-mapaizo-golf-club-celebran-la-fuerza-femenina-y-el-bienestar\/#primaryimage"},"thumbnailUrl":"https:\/\/www.eldiario.net\/portal\/wp-content\/uploads\/2025\/08\/Participantes-del-Torneo-de-Damas-Senior.webp","articleSection":["Sociales"],"inLanguage":"es"},{"@type":"WebPage","@id":"https:\/\/www.eldiario.net\/portal\/2025\/08\/09\/natura-y-mapaizo-golf-club-celebran-la-fuerza-femenina-y-el-bienestar\/","url":"https:\/\/www.eldiario.net\/portal\/2025\/08\/09\/natura-y-mapaizo-golf-club-celebran-la-fuerza-femenina-y-el-bienestar\/","name":"Natura y Mapaizo Golf Club celebran la fuerza femenina y el bienestar - El Diario - Bolivia","isPartOf":{"@id":"https:\/\/www.eldiario.net\/portal\/#website"},"primaryImageOfPage":{"@id":"https:\/\/www.eldiario.net\/portal\/2025\/08\/09\/natura-y-mapaizo-golf-club-celebran-la-fuerza-femenina-y-el-bienestar\/#primaryimage"},"image":{"@id":"https:\/\/www.eldiario.net\/portal\/2025\/08\/09\/natura-y-mapaizo-golf-club-celebran-la-fuerza-femenina-y-el-bienestar\/#primaryimage"},"thumbnailUrl":"https:\/\/www.eldiario.net\/portal\/wp-content\/uploads\/2025\/08\/Participantes-del-Torneo-de-Damas-Senior.webp","datePublished":"2025-08-09T04:07:04+00:00","breadcrumb":{"@id":"https:\/\/www.eldiario.net\/portal\/2025\/08\/09\/natura-y-mapaizo-golf-club-celebran-la-fuerza-femenina-y-el-bienestar\/#breadcrumb"},"inLanguage":"es","potentialAction":[{"@type":"ReadAction","target":["https:\/\/www.eldiario.net\/portal\/2025\/08\/09\/natura-y-mapaizo-golf-club-celebran-la-fuerza-femenina-y-el-bienestar\/"]}]},{"@type":"ImageObject","inLanguage":"es","@id":"https:\/\/www.eldiario.net\/portal\/2025\/08\/09\/natura-y-mapaizo-golf-club-celebran-la-fuerza-femenina-y-el-bienestar\/#primaryimage","url":"https:\/\/www.eldiario.net\/portal\/wp-content\/uploads\/2025\/08\/Participantes-del-Torneo-de-Damas-Senior.webp","contentUrl":"https:\/\/www.eldiario.net\/portal\/wp-content\/uploads\/2025\/08\/Participantes-del-Torneo-de-Damas-Senior.webp","width":1200,"height":675,"caption":"PARTICIPANTES DEL TORNEO DE DAMAS SENIOR."},{"@type":"BreadcrumbList","@id":"https:\/\/www.eldiario.net\/portal\/2025\/08\/09\/natura-y-mapaizo-golf-club-celebran-la-fuerza-femenina-y-el-bienestar\/#breadcrumb","itemListElement":[{"@type":"ListItem","position":1,"name":"Portada","item":"https:\/\/www.eldiario.net\/portal\/"},{"@type":"ListItem","position":2,"name":"Natura y Mapaizo Golf Club celebran la fuerza femenina y el bienestar"}]},{"@type":"WebSite","@id":"https:\/\/www.eldiario.net\/portal\/#website","url":"https:\/\/www.eldiario.net\/portal\/","name":"El Diario - Decano de la prensa nacional","description":"El Diario - Decano de la prensa nacional","publisher":{"@id":"https:\/\/www.eldiario.net\/portal\/#organization"},"potentialAction":[{"@type":"SearchAction","target":{"@type":"EntryPoint","urlTemplate":"https:\/\/www.eldiario.net\/portal\/?s={search_term_string}"},"query-input":{"@type":"PropertyValueSpecification","valueRequired":true,"valueName":"search_term_string"}}],"inLanguage":"es"},{"@type":"Organization","@id":"https:\/\/www.eldiario.net\/portal\/#organization","name":"El Diario - Decano de la prensa nacional","url":"https:\/\/www.eldiario.net\/portal\/","logo":{"@type":"ImageObject","inLanguage":"es","@id":"https:\/\/www.eldiario.net\/portal\/#\/schema\/logo\/image\/","url":"https:\/\/www.eldiario.net\/portal\/wp-content\/uploads\/2023\/07\/logo_ED.jpg","contentUrl":"https:\/\/www.eldiario.net\/portal\/wp-content\/uploads\/2023\/07\/logo_ED.jpg","width":272,"height":52,"caption":"El Diario - Decano de la prensa nacional"},"image":{"@id":"https:\/\/www.eldiario.net\/portal\/#\/schema\/logo\/image\/"},"sameAs":["https:\/\/www.facebook.com\/eldiario.bolivia\/","https:\/\/x.com\/eldiario_net"]},{"@type":"Person","@id":"https:\/\/www.eldiario.net\/portal\/#\/schema\/person\/2c57cf2b7a7ae032e449e4c9b1019eac","name":"Jeanette","image":{"@type":"ImageObject","inLanguage":"es","@id":"https:\/\/secure.gravatar.com\/avatar\/3ea2118a5f7dad2b7138b1187a6b7ee55f160b9968b66013c3a3ef39dd7e5798?s=96&d=mm&r=g","url":"https:\/\/secure.gravatar.com\/avatar\/3ea2118a5f7dad2b7138b1187a6b7ee55f160b9968b66013c3a3ef39dd7e5798?s=96&d=mm&r=g","contentUrl":"https:\/\/secure.gravatar.com\/avatar\/3ea2118a5f7dad2b7138b1187a6b7ee55f160b9968b66013c3a3ef39dd7e5798?s=96&d=mm&r=g","caption":"Jeanette"},"sameAs":["https:\/\/www.eldiario.net\/portal"],"url":"https:\/\/www.eldiario.net\/portal\/author\/jeanette\/"}]}},"_links":{"self":[{"href":"https:\/\/www.eldiario.net\/portal\/wp-json\/wp\/v2\/posts\/322603","targetHints":{"allow":["GET"]}}],"collection":[{"href":"https:\/\/www.eldiario.net\/portal\/wp-json\/wp\/v2\/posts"}],"about":[{"href":"https:\/\/www.eldiario.net\/portal\/wp-json\/wp\/v2\/types\/post"}],"author":[{"embeddable":true,"href":"https:\/\/www.eldiario.net\/portal\/wp-json\/wp\/v2\/users\/1"}],"replies":[{"embeddable":true,"href":"https:\/\/www.eldiario.net\/portal\/wp-json\/wp\/v2\/comments?post=322603"}],"version-history":[{"count":1,"href":"https:\/\/www.eldiario.net\/portal\/wp-json\/wp\/v2\/posts\/322603\/revisions"}],"predecessor-version":[{"id":322612,"href":"https:\/\/www.eldiario.net\/portal\/wp-json\/wp\/v2\/posts\/322603\/revisions\/322612"}],"wp:featuredmedia":[{"embeddable":true,"href":"https:\/\/www.eldiario.net\/portal\/wp-json\/wp\/v2\/media\/322610"}],"wp:attachment":[{"href":"https:\/\/www.eldiario.net\/portal\/wp-json\/wp\/v2\/media?parent=322603"}],"wp:term":[{"taxonomy":"category","embeddable":true,"href":"https:\/\/www.eldiario.net\/portal\/wp-json\/wp\/v2\/categories?post=322603"},{"taxonomy":"post_tag","embeddable":true,"href":"https:\/\/www.eldiario.net\/portal\/wp-json\/wp\/v2\/tags?post=322603"}],"curies":[{"name":"wp","href":"https:\/\/api.w.org\/{rel}","templated":true}]}}