{"id":322599,"date":"2025-08-08T19:26:40","date_gmt":"2025-08-08T23:26:40","guid":{"rendered":"https:\/\/www.eldiario.net\/portal\/?p=322599"},"modified":"2025-08-08T19:26:40","modified_gmt":"2025-08-08T23:26:40","slug":"muere-jim-lovell-el-legendario-comandante-del-apolo-13-1928","status":"publish","type":"post","link":"https:\/\/www.eldiario.net\/portal\/2025\/08\/08\/muere-jim-lovell-el-legendario-comandante-del-apolo-13-1928\/","title":{"rendered":"Muere Jim Lovell, el legendario comandante del Apolo 13 (19:28)"},"content":{"rendered":"<p>El astronauta estadounidense Jim Lovell, c\u00e9lebre por comandar la misi\u00f3n Apolo 13, falleci\u00f3 ayer mi\u00e9rcoles en Lake Forest, Illinois, a los 97 a\u00f1os, inform\u00f3 la NASA.<\/p>\n<p>Reconocido por su liderazgo durante el \u201cfracaso exitoso\u201d que salv\u00f3 la vida de su tripulaci\u00f3n tras una explosi\u00f3n en pleno vuelo hacia la Luna en 1970, Lovell tambi\u00e9n particip\u00f3 en las misiones Gemini 7, Gemini 12 y Apolo 8.<\/p>\n<p>Aunque nunca pis\u00f3 la superficie lunar, fue el primer humano en viajar dos veces alrededor de la Luna y acumul\u00f3 m\u00e1s de 715 horas en el espacio.<\/p>\n<p>Figura clave en la historia de la exploraci\u00f3n espacial, Lovell fue condecorado con la Medalla Presidencial de la Libertad y la Medalla de Honor Espacial del Congreso, adem\u00e1s de inspirar la pel\u00edcula *Apolo 13*, en la que fue interpretado por Tom Hanks.<\/p>\n<p>Recordado por su templanza bajo presi\u00f3n y su visi\u00f3n de la Tierra como \u201cun planeta peque\u00f1o y fr\u00e1gil\u201d, Lovell deja un legado de valent\u00eda, innovaci\u00f3n y esperanza en tiempos de crisis, que marc\u00f3 a la NASA y a toda una generaci\u00f3n. (Agencias)<\/p>\n","protected":false},"excerpt":{"rendered":"<p>El astronauta estadounidense Jim Lovell, c\u00e9lebre por comandar la misi\u00f3n Apolo 13, falleci\u00f3 ayer mi\u00e9rcoles en Lake Forest, Illinois, a los 97 a\u00f1os, inform\u00f3 la NASA. Reconocido por su liderazgo durante el \u201cfracaso exitoso\u201d que salv\u00f3 la vida de su tripulaci\u00f3n tras una explosi\u00f3n en pleno vuelo hacia la Luna en 1970, Lovell tambi\u00e9n particip\u00f3 [&hellip;]<\/p>\n","protected":false},"author":7,"featured_media":322600,"comment_status":"closed","ping_status":"open","sticky":false,"template":"","format":"standard","meta":{"_acf_changed":false,"footnotes":""},"categories":[51],"tags":[],"class_list":["post-322599","post","type-post","status-publish","format-standard","has-post-thumbnail","category-ultima-hora"],"acf":{"antetitulo":""},"yoast_head":"<!-- This site is optimized with the Yoast SEO plugin v28.4 - https:\/\/yoast.com\/product\/yoast-seo-wordpress\/ -->\n<title>Muere Jim Lovell, el legendario comandante del Apolo 13 (19:28) - El Diario - Bolivia<\/title>\n<meta name=\"robots\" content=\"index, follow, max-snippet:-1, max-image-preview:large, max-video-preview:-1\" \/>\n<link rel=\"canonical\" href=\"https:\/\/www.eldiario.net\/portal\/2025\/08\/08\/muere-jim-lovell-el-legendario-comandante-del-apolo-13-1928\/\" \/>\n<meta property=\"og:locale\" content=\"es_ES\" \/>\n<meta property=\"og:type\" content=\"article\" \/>\n<meta property=\"og:title\" content=\"Muere Jim Lovell, el legendario comandante del Apolo 13 (19:28) - El Diario - Bolivia\" \/>\n<meta property=\"og:description\" content=\"El astronauta estadounidense Jim Lovell, c\u00e9lebre por comandar la misi\u00f3n Apolo 13, falleci\u00f3 ayer mi\u00e9rcoles en Lake Forest, Illinois, a los 97 a\u00f1os, inform\u00f3 la NASA. Reconocido por su liderazgo durante el \u201cfracaso exitoso\u201d que salv\u00f3 la vida de su tripulaci\u00f3n tras una explosi\u00f3n en pleno vuelo hacia la Luna en 1970, Lovell tambi\u00e9n particip\u00f3 [&hellip;]\" \/>\n<meta property=\"og:url\" content=\"https:\/\/www.eldiario.net\/portal\/2025\/08\/08\/muere-jim-lovell-el-legendario-comandante-del-apolo-13-1928\/\" \/>\n<meta property=\"og:site_name\" content=\"El Diario - Bolivia\" \/>\n<meta property=\"article:publisher\" content=\"https:\/\/www.facebook.com\/eldiario.bolivia\/\" \/>\n<meta property=\"article:published_time\" content=\"2025-08-08T23:26:40+00:00\" \/>\n<meta property=\"og:image\" content=\"https:\/\/www.eldiario.net\/portal\/wp-content\/uploads\/2025\/08\/Jim-Lovell-astronauta-e1754695461506.png\" \/>\n\t<meta property=\"og:image:width\" content=\"300\" \/>\n\t<meta property=\"og:image:height\" content=\"341\" \/>\n\t<meta property=\"og:image:type\" content=\"image\/png\" \/>\n<meta name=\"author\" content=\"Viviana Monrroy\" \/>\n<meta name=\"twitter:card\" content=\"summary_large_image\" \/>\n<meta name=\"twitter:creator\" content=\"@eldiario_net\" \/>\n<meta name=\"twitter:site\" content=\"@eldiario_net\" \/>\n<meta name=\"twitter:label1\" content=\"Escrito por\" \/>\n\t<meta name=\"twitter:data1\" content=\"Viviana Monrroy\" \/>\n\t<meta name=\"twitter:label2\" content=\"Tiempo de lectura\" \/>\n\t<meta name=\"twitter:data2\" content=\"2 minutos\" \/>\n<script type=\"application\/ld+json\" class=\"yoast-schema-graph\">{\"@context\":\"https:\\\/\\\/schema.org\",\"@graph\":[{\"@type\":\"Article\",\"@id\":\"https:\\\/\\\/www.eldiario.net\\\/portal\\\/2025\\\/08\\\/08\\\/muere-jim-lovell-el-legendario-comandante-del-apolo-13-1928\\\/#article\",\"isPartOf\":{\"@id\":\"https:\\\/\\\/www.eldiario.net\\\/portal\\\/2025\\\/08\\\/08\\\/muere-jim-lovell-el-legendario-comandante-del-apolo-13-1928\\\/\"},\"author\":{\"name\":\"Viviana Monrroy\",\"@id\":\"https:\\\/\\\/www.eldiario.net\\\/portal\\\/#\\\/schema\\\/person\\\/32cc89e801dfcbad3a54f91da7f2ea06\"},\"headline\":\"Muere Jim Lovell, el legendario comandante del Apolo 13 (19:28)\",\"datePublished\":\"2025-08-08T23:26:40+00:00\",\"mainEntityOfPage\":{\"@id\":\"https:\\\/\\\/www.eldiario.net\\\/portal\\\/2025\\\/08\\\/08\\\/muere-jim-lovell-el-legendario-comandante-del-apolo-13-1928\\\/\"},\"wordCount\":194,\"publisher\":{\"@id\":\"https:\\\/\\\/www.eldiario.net\\\/portal\\\/#organization\"},\"image\":{\"@id\":\"https:\\\/\\\/www.eldiario.net\\\/portal\\\/2025\\\/08\\\/08\\\/muere-jim-lovell-el-legendario-comandante-del-apolo-13-1928\\\/#primaryimage\"},\"thumbnailUrl\":\"https:\\\/\\\/www.eldiario.net\\\/portal\\\/wp-content\\\/uploads\\\/2025\\\/08\\\/Jim-Lovell-astronauta-e1754695461506.png\",\"articleSection\":[\"\u00daltima Hora\"],\"inLanguage\":\"es\"},{\"@type\":\"WebPage\",\"@id\":\"https:\\\/\\\/www.eldiario.net\\\/portal\\\/2025\\\/08\\\/08\\\/muere-jim-lovell-el-legendario-comandante-del-apolo-13-1928\\\/\",\"url\":\"https:\\\/\\\/www.eldiario.net\\\/portal\\\/2025\\\/08\\\/08\\\/muere-jim-lovell-el-legendario-comandante-del-apolo-13-1928\\\/\",\"name\":\"Muere Jim Lovell, el legendario comandante del Apolo 13 (19:28) - El Diario - Bolivia\",\"isPartOf\":{\"@id\":\"https:\\\/\\\/www.eldiario.net\\\/portal\\\/#website\"},\"primaryImageOfPage\":{\"@id\":\"https:\\\/\\\/www.eldiario.net\\\/portal\\\/2025\\\/08\\\/08\\\/muere-jim-lovell-el-legendario-comandante-del-apolo-13-1928\\\/#primaryimage\"},\"image\":{\"@id\":\"https:\\\/\\\/www.eldiario.net\\\/portal\\\/2025\\\/08\\\/08\\\/muere-jim-lovell-el-legendario-comandante-del-apolo-13-1928\\\/#primaryimage\"},\"thumbnailUrl\":\"https:\\\/\\\/www.eldiario.net\\\/portal\\\/wp-content\\\/uploads\\\/2025\\\/08\\\/Jim-Lovell-astronauta-e1754695461506.png\",\"datePublished\":\"2025-08-08T23:26:40+00:00\",\"breadcrumb\":{\"@id\":\"https:\\\/\\\/www.eldiario.net\\\/portal\\\/2025\\\/08\\\/08\\\/muere-jim-lovell-el-legendario-comandante-del-apolo-13-1928\\\/#breadcrumb\"},\"inLanguage\":\"es\",\"potentialAction\":[{\"@type\":\"ReadAction\",\"target\":[\"https:\\\/\\\/www.eldiario.net\\\/portal\\\/2025\\\/08\\\/08\\\/muere-jim-lovell-el-legendario-comandante-del-apolo-13-1928\\\/\"]}]},{\"@type\":\"ImageObject\",\"inLanguage\":\"es\",\"@id\":\"https:\\\/\\\/www.eldiario.net\\\/portal\\\/2025\\\/08\\\/08\\\/muere-jim-lovell-el-legendario-comandante-del-apolo-13-1928\\\/#primaryimage\",\"url\":\"https:\\\/\\\/www.eldiario.net\\\/portal\\\/wp-content\\\/uploads\\\/2025\\\/08\\\/Jim-Lovell-astronauta-e1754695461506.png\",\"contentUrl\":\"https:\\\/\\\/www.eldiario.net\\\/portal\\\/wp-content\\\/uploads\\\/2025\\\/08\\\/Jim-Lovell-astronauta-e1754695461506.png\",\"width\":300,\"height\":341,\"caption\":\"Foto: Jim Lovell (RR.SS.)\"},{\"@type\":\"BreadcrumbList\",\"@id\":\"https:\\\/\\\/www.eldiario.net\\\/portal\\\/2025\\\/08\\\/08\\\/muere-jim-lovell-el-legendario-comandante-del-apolo-13-1928\\\/#breadcrumb\",\"itemListElement\":[{\"@type\":\"ListItem\",\"position\":1,\"name\":\"Portada\",\"item\":\"https:\\\/\\\/www.eldiario.net\\\/portal\\\/\"},{\"@type\":\"ListItem\",\"position\":2,\"name\":\"Muere Jim Lovell, el legendario comandante del Apolo 13 (19:28)\"}]},{\"@type\":\"WebSite\",\"@id\":\"https:\\\/\\\/www.eldiario.net\\\/portal\\\/#website\",\"url\":\"https:\\\/\\\/www.eldiario.net\\\/portal\\\/\",\"name\":\"El Diario - Decano de la prensa nacional\",\"description\":\"El Diario - Decano de la prensa nacional\",\"publisher\":{\"@id\":\"https:\\\/\\\/www.eldiario.net\\\/portal\\\/#organization\"},\"potentialAction\":[{\"@type\":\"SearchAction\",\"target\":{\"@type\":\"EntryPoint\",\"urlTemplate\":\"https:\\\/\\\/www.eldiario.net\\\/portal\\\/?s={search_term_string}\"},\"query-input\":{\"@type\":\"PropertyValueSpecification\",\"valueRequired\":true,\"valueName\":\"search_term_string\"}}],\"inLanguage\":\"es\"},{\"@type\":\"Organization\",\"@id\":\"https:\\\/\\\/www.eldiario.net\\\/portal\\\/#organization\",\"name\":\"El Diario - Decano de la prensa nacional\",\"url\":\"https:\\\/\\\/www.eldiario.net\\\/portal\\\/\",\"logo\":{\"@type\":\"ImageObject\",\"inLanguage\":\"es\",\"@id\":\"https:\\\/\\\/www.eldiario.net\\\/portal\\\/#\\\/schema\\\/logo\\\/image\\\/\",\"url\":\"https:\\\/\\\/www.eldiario.net\\\/portal\\\/wp-content\\\/uploads\\\/2023\\\/07\\\/logo_ED.jpg\",\"contentUrl\":\"https:\\\/\\\/www.eldiario.net\\\/portal\\\/wp-content\\\/uploads\\\/2023\\\/07\\\/logo_ED.jpg\",\"width\":272,\"height\":52,\"caption\":\"El Diario - Decano de la prensa nacional\"},\"image\":{\"@id\":\"https:\\\/\\\/www.eldiario.net\\\/portal\\\/#\\\/schema\\\/logo\\\/image\\\/\"},\"sameAs\":[\"https:\\\/\\\/www.facebook.com\\\/eldiario.bolivia\\\/\",\"https:\\\/\\\/x.com\\\/eldiario_net\"]},{\"@type\":\"Person\",\"@id\":\"https:\\\/\\\/www.eldiario.net\\\/portal\\\/#\\\/schema\\\/person\\\/32cc89e801dfcbad3a54f91da7f2ea06\",\"name\":\"Viviana Monrroy\",\"image\":{\"@type\":\"ImageObject\",\"inLanguage\":\"es\",\"@id\":\"https:\\\/\\\/secure.gravatar.com\\\/avatar\\\/dfd1611ed5600959a0e5a9754503b6c05d1dcf190010998e0363aee2ad98afca?s=96&d=mm&r=g\",\"url\":\"https:\\\/\\\/secure.gravatar.com\\\/avatar\\\/dfd1611ed5600959a0e5a9754503b6c05d1dcf190010998e0363aee2ad98afca?s=96&d=mm&r=g\",\"contentUrl\":\"https:\\\/\\\/secure.gravatar.com\\\/avatar\\\/dfd1611ed5600959a0e5a9754503b6c05d1dcf190010998e0363aee2ad98afca?s=96&d=mm&r=g\",\"caption\":\"Viviana Monrroy\"},\"sameAs\":[\"http:\\\/\\\/www.eldiario.net\"],\"url\":\"https:\\\/\\\/www.eldiario.net\\\/portal\\\/author\\\/vivianamonrroy\\\/\"}]}<\/script>\n<!-- \/ Yoast SEO plugin. -->","yoast_head_json":{"title":"Muere Jim Lovell, el legendario comandante del Apolo 13 (19:28) - El Diario - Bolivia","robots":{"index":"index","follow":"follow","max-snippet":"max-snippet:-1","max-image-preview":"max-image-preview:large","max-video-preview":"max-video-preview:-1"},"canonical":"https:\/\/www.eldiario.net\/portal\/2025\/08\/08\/muere-jim-lovell-el-legendario-comandante-del-apolo-13-1928\/","og_locale":"es_ES","og_type":"article","og_title":"Muere Jim Lovell, el legendario comandante del Apolo 13 (19:28) - El Diario - Bolivia","og_description":"El astronauta estadounidense Jim Lovell, c\u00e9lebre por comandar la misi\u00f3n Apolo 13, falleci\u00f3 ayer mi\u00e9rcoles en Lake Forest, Illinois, a los 97 a\u00f1os, inform\u00f3 la NASA. Reconocido por su liderazgo durante el \u201cfracaso exitoso\u201d que salv\u00f3 la vida de su tripulaci\u00f3n tras una explosi\u00f3n en pleno vuelo hacia la Luna en 1970, Lovell tambi\u00e9n particip\u00f3 [&hellip;]","og_url":"https:\/\/www.eldiario.net\/portal\/2025\/08\/08\/muere-jim-lovell-el-legendario-comandante-del-apolo-13-1928\/","og_site_name":"El Diario - Bolivia","article_publisher":"https:\/\/www.facebook.com\/eldiario.bolivia\/","article_published_time":"2025-08-08T23:26:40+00:00","og_image":[{"width":300,"height":341,"url":"https:\/\/www.eldiario.net\/portal\/wp-content\/uploads\/2025\/08\/Jim-Lovell-astronauta-e1754695461506.png","type":"image\/png"}],"author":"Viviana Monrroy","twitter_card":"summary_large_image","twitter_creator":"@eldiario_net","twitter_site":"@eldiario_net","twitter_misc":{"Escrito por":"Viviana Monrroy","Tiempo de lectura":"2 minutos"},"schema":{"@context":"https:\/\/schema.org","@graph":[{"@type":"Article","@id":"https:\/\/www.eldiario.net\/portal\/2025\/08\/08\/muere-jim-lovell-el-legendario-comandante-del-apolo-13-1928\/#article","isPartOf":{"@id":"https:\/\/www.eldiario.net\/portal\/2025\/08\/08\/muere-jim-lovell-el-legendario-comandante-del-apolo-13-1928\/"},"author":{"name":"Viviana Monrroy","@id":"https:\/\/www.eldiario.net\/portal\/#\/schema\/person\/32cc89e801dfcbad3a54f91da7f2ea06"},"headline":"Muere Jim Lovell, el legendario comandante del Apolo 13 (19:28)","datePublished":"2025-08-08T23:26:40+00:00","mainEntityOfPage":{"@id":"https:\/\/www.eldiario.net\/portal\/2025\/08\/08\/muere-jim-lovell-el-legendario-comandante-del-apolo-13-1928\/"},"wordCount":194,"publisher":{"@id":"https:\/\/www.eldiario.net\/portal\/#organization"},"image":{"@id":"https:\/\/www.eldiario.net\/portal\/2025\/08\/08\/muere-jim-lovell-el-legendario-comandante-del-apolo-13-1928\/#primaryimage"},"thumbnailUrl":"https:\/\/www.eldiario.net\/portal\/wp-content\/uploads\/2025\/08\/Jim-Lovell-astronauta-e1754695461506.png","articleSection":["\u00daltima Hora"],"inLanguage":"es"},{"@type":"WebPage","@id":"https:\/\/www.eldiario.net\/portal\/2025\/08\/08\/muere-jim-lovell-el-legendario-comandante-del-apolo-13-1928\/","url":"https:\/\/www.eldiario.net\/portal\/2025\/08\/08\/muere-jim-lovell-el-legendario-comandante-del-apolo-13-1928\/","name":"Muere Jim Lovell, el legendario comandante del Apolo 13 (19:28) - El Diario - Bolivia","isPartOf":{"@id":"https:\/\/www.eldiario.net\/portal\/#website"},"primaryImageOfPage":{"@id":"https:\/\/www.eldiario.net\/portal\/2025\/08\/08\/muere-jim-lovell-el-legendario-comandante-del-apolo-13-1928\/#primaryimage"},"image":{"@id":"https:\/\/www.eldiario.net\/portal\/2025\/08\/08\/muere-jim-lovell-el-legendario-comandante-del-apolo-13-1928\/#primaryimage"},"thumbnailUrl":"https:\/\/www.eldiario.net\/portal\/wp-content\/uploads\/2025\/08\/Jim-Lovell-astronauta-e1754695461506.png","datePublished":"2025-08-08T23:26:40+00:00","breadcrumb":{"@id":"https:\/\/www.eldiario.net\/portal\/2025\/08\/08\/muere-jim-lovell-el-legendario-comandante-del-apolo-13-1928\/#breadcrumb"},"inLanguage":"es","potentialAction":[{"@type":"ReadAction","target":["https:\/\/www.eldiario.net\/portal\/2025\/08\/08\/muere-jim-lovell-el-legendario-comandante-del-apolo-13-1928\/"]}]},{"@type":"ImageObject","inLanguage":"es","@id":"https:\/\/www.eldiario.net\/portal\/2025\/08\/08\/muere-jim-lovell-el-legendario-comandante-del-apolo-13-1928\/#primaryimage","url":"https:\/\/www.eldiario.net\/portal\/wp-content\/uploads\/2025\/08\/Jim-Lovell-astronauta-e1754695461506.png","contentUrl":"https:\/\/www.eldiario.net\/portal\/wp-content\/uploads\/2025\/08\/Jim-Lovell-astronauta-e1754695461506.png","width":300,"height":341,"caption":"Foto: Jim Lovell (RR.SS.)"},{"@type":"BreadcrumbList","@id":"https:\/\/www.eldiario.net\/portal\/2025\/08\/08\/muere-jim-lovell-el-legendario-comandante-del-apolo-13-1928\/#breadcrumb","itemListElement":[{"@type":"ListItem","position":1,"name":"Portada","item":"https:\/\/www.eldiario.net\/portal\/"},{"@type":"ListItem","position":2,"name":"Muere Jim Lovell, el legendario comandante del Apolo 13 (19:28)"}]},{"@type":"WebSite","@id":"https:\/\/www.eldiario.net\/portal\/#website","url":"https:\/\/www.eldiario.net\/portal\/","name":"El Diario - Decano de la prensa nacional","description":"El Diario - Decano de la prensa nacional","publisher":{"@id":"https:\/\/www.eldiario.net\/portal\/#organization"},"potentialAction":[{"@type":"SearchAction","target":{"@type":"EntryPoint","urlTemplate":"https:\/\/www.eldiario.net\/portal\/?s={search_term_string}"},"query-input":{"@type":"PropertyValueSpecification","valueRequired":true,"valueName":"search_term_string"}}],"inLanguage":"es"},{"@type":"Organization","@id":"https:\/\/www.eldiario.net\/portal\/#organization","name":"El Diario - Decano de la prensa nacional","url":"https:\/\/www.eldiario.net\/portal\/","logo":{"@type":"ImageObject","inLanguage":"es","@id":"https:\/\/www.eldiario.net\/portal\/#\/schema\/logo\/image\/","url":"https:\/\/www.eldiario.net\/portal\/wp-content\/uploads\/2023\/07\/logo_ED.jpg","contentUrl":"https:\/\/www.eldiario.net\/portal\/wp-content\/uploads\/2023\/07\/logo_ED.jpg","width":272,"height":52,"caption":"El Diario - Decano de la prensa nacional"},"image":{"@id":"https:\/\/www.eldiario.net\/portal\/#\/schema\/logo\/image\/"},"sameAs":["https:\/\/www.facebook.com\/eldiario.bolivia\/","https:\/\/x.com\/eldiario_net"]},{"@type":"Person","@id":"https:\/\/www.eldiario.net\/portal\/#\/schema\/person\/32cc89e801dfcbad3a54f91da7f2ea06","name":"Viviana Monrroy","image":{"@type":"ImageObject","inLanguage":"es","@id":"https:\/\/secure.gravatar.com\/avatar\/dfd1611ed5600959a0e5a9754503b6c05d1dcf190010998e0363aee2ad98afca?s=96&d=mm&r=g","url":"https:\/\/secure.gravatar.com\/avatar\/dfd1611ed5600959a0e5a9754503b6c05d1dcf190010998e0363aee2ad98afca?s=96&d=mm&r=g","contentUrl":"https:\/\/secure.gravatar.com\/avatar\/dfd1611ed5600959a0e5a9754503b6c05d1dcf190010998e0363aee2ad98afca?s=96&d=mm&r=g","caption":"Viviana Monrroy"},"sameAs":["http:\/\/www.eldiario.net"],"url":"https:\/\/www.eldiario.net\/portal\/author\/vivianamonrroy\/"}]}},"_links":{"self":[{"href":"https:\/\/www.eldiario.net\/portal\/wp-json\/wp\/v2\/posts\/322599","targetHints":{"allow":["GET"]}}],"collection":[{"href":"https:\/\/www.eldiario.net\/portal\/wp-json\/wp\/v2\/posts"}],"about":[{"href":"https:\/\/www.eldiario.net\/portal\/wp-json\/wp\/v2\/types\/post"}],"author":[{"embeddable":true,"href":"https:\/\/www.eldiario.net\/portal\/wp-json\/wp\/v2\/users\/7"}],"replies":[{"embeddable":true,"href":"https:\/\/www.eldiario.net\/portal\/wp-json\/wp\/v2\/comments?post=322599"}],"version-history":[{"count":1,"href":"https:\/\/www.eldiario.net\/portal\/wp-json\/wp\/v2\/posts\/322599\/revisions"}],"predecessor-version":[{"id":322601,"href":"https:\/\/www.eldiario.net\/portal\/wp-json\/wp\/v2\/posts\/322599\/revisions\/322601"}],"wp:featuredmedia":[{"embeddable":true,"href":"https:\/\/www.eldiario.net\/portal\/wp-json\/wp\/v2\/media\/322600"}],"wp:attachment":[{"href":"https:\/\/www.eldiario.net\/portal\/wp-json\/wp\/v2\/media?parent=322599"}],"wp:term":[{"taxonomy":"category","embeddable":true,"href":"https:\/\/www.eldiario.net\/portal\/wp-json\/wp\/v2\/categories?post=322599"},{"taxonomy":"post_tag","embeddable":true,"href":"https:\/\/www.eldiario.net\/portal\/wp-json\/wp\/v2\/tags?post=322599"}],"curies":[{"name":"wp","href":"https:\/\/api.w.org\/{rel}","templated":true}]}}