{"id":322411,"date":"2025-08-08T00:00:45","date_gmt":"2025-08-08T04:00:45","guid":{"rendered":"https:\/\/www.eldiario.net\/portal\/?p=322411"},"modified":"2025-08-07T21:03:23","modified_gmt":"2025-08-08T01:03:23","slug":"mau-montero-y-gabo-guzman-en-un-gran-encuentro-de-guitarras-bolivianas","status":"publish","type":"post","link":"https:\/\/www.eldiario.net\/portal\/2025\/08\/08\/mau-montero-y-gabo-guzman-en-un-gran-encuentro-de-guitarras-bolivianas\/","title":{"rendered":"Mau Montero y Gabo  Guzm\u00e1n en un gran encuentro de guitarras bolivianas"},"content":{"rendered":"<p>Hemos tenido notables artistas ejecutantes de la guitarra ac\u00fastica criolla e int\u00e9rpretes de la m\u00fasica popular en Bolivia, como Alfredo Dom\u00ednguez, Rafael Arias, Augusto Bleichner y Fernando Arduz, entre muchos otros.<\/p>\n<p>La m\u00fasica instrumental a trav\u00e9s de la guitarra popular es fundamental dentro de la historia cultural de muchos pa\u00edses, por su capacidad y caracter\u00edstica sonora para expresar emociones, contar historias y por su presencia en el mundo musical; lo que hace a la guitarra ac\u00fastica un instrumento important\u00edsimo tanto para la composici\u00f3n como para la interpretaci\u00f3n.<\/p>\n<p>En el pa\u00eds la guitarra ac\u00fastica tiene un alto potencial como instrumento solista.<\/p>\n<p>Dos artistas con amplia trayectoria, conocidos y muy queridos int\u00e9rpretes, compositores y ejecutantes de la guitarra boliviana, son, sin duda, Gabo Guzm\u00e1n y Mau Montero. Ellos se encontrar\u00e1n por primera vez en un escenario que priorizar\u00e1 el sonido de la cuerda pulsada y nos ofrecer\u00e1n una muestra del abanico de posibilidades que nos brinda este tan querido instrumento.<\/p>\n<p>Dos caminos que se citan en un punto, el 9 de agosto, tendr\u00e1n la posibilidad de ser distintos para confluir en un mismo lugar, la m\u00fasica boliviana y su peregrina m\u00e1s preciada, la guitarra boliviana, de Andaluc\u00eda a Tupiza.<\/p>\n<p>Mau Montero y Gabo Guzm\u00e1n propician este encuentro para celebrar la diferencia de beber en fuentes que acunan el fuego y la fiesta hecha de unas cuerdas de ac\u00e1 cerquita, proyectadas al mundo.<\/p>\n<p>A la fiesta de la guitarra boliviana se sumar\u00e1n dos voces con sello propio en nuestra m\u00fasica: Tere Morales y Wilson Molina.<\/p>\n<p>\u201cUn Encuentro para celebrar y recordar que la guitarra es parte de nuestra historia Bicentenaria y de nuestra historia larga.<\/p>\n<p>Ser\u00e1 un gusto y un disfrute al que los invitamos con todo cari\u00f1o. Creo que nos vamos a sorprender\u201d, menciona la nota de prensa de Producciones R.<\/p>\n<p>La cita es este s\u00e1bado 9 de agosto, desde las 20:00 horas, en el Teatro Nuna, que queda ubicado en la Calle 21 de Calacoto, zona sur de la ciudad de La Paz, justo en la parada del PumaKatari.<\/p>\n<p>Las entradas est\u00e1n disponibles en la p\u00e1gina web del mismo teatro:\/\/www.nunaespacioarte.com y en boleter\u00eda, de 16:30 a 20:30 horas.<\/p>\n<p>+Info: 77274927<\/p>\n<p><strong>MAU MONTERO (M\u00fasico\/Guitarrista)<\/strong><\/p>\n<p>Guitarrista virtuoso, compositor y productor musical. Con m\u00e1s de 20 a\u00f1os de oficio de artista en la ciudad de La Paz, Mau Montero es fundador del reconocido grupo Entre 2 Aguas, del Colectivo de Cantautores Guitarra en Mano en Bolivia y la agrupaci\u00f3n Chola-Chal\u00e1. Fue director musical del evento Rock Forever, del Especial de Mercedes Sosa en La Paz (con Tere Morales) y del Proyecto Internacional Sal de tu Guarida Bolivia-Per\u00fa (Entre 2 Aguas y Negro y Blanco). Particip\u00f3 en la direcci\u00f3n musical y como protagonista en el musical \u201cHoy no me puedo levantar Bolivia\u201d (Mecano), entre muchos otros proyectos musicales importantes en Bolivia. Fue invitado tambi\u00e9n a participar como m\u00fasico y compositor en eventos como el Festijazz (Menescal de los Andes) y el Festibossa (Menescal de los Andes) en La Paz, el Festival Internacional de la Cultura en Sucre y en Potos\u00ed, entre muchos otros eventos. Internacionalmente fue invitado a dos versiones del Festival Internacional de Guitarra en Arequipa, Per\u00fa, al Festival de la Canci\u00f3n Latinoamericana en Chile, al Festival Trovadictos en Per\u00fa y al Festival Cervantino de la Canci\u00f3n en M\u00e9xico.<\/p>\n<p>Es compositor de la m\u00fasica de las pel\u00edculas bolivianas <em>Cuando los hombres quedan solos<\/em>, dirigida por Fernando Mart\u00ednez, y <em>Un abrazo en el Chaco<\/em>, dirigida por Marisol Paz Sold\u00e1n.<\/p>\n<p>Llev\u00f3 su m\u00fasica por Per\u00fa, Venezuela, Ecuador, Colombia, Chile, M\u00e9xico, Paraguay, Francia y B\u00e9lgica. Recorri\u00f3 las nueve ciudades capitales de Bolivia.<\/p>\n<p>Fue profesor y director del \u00c1rea de Guitarra en la Universidad Mayor de San Andr\u00e9s en el \u00c1rea de Formaci\u00f3n Art\u00edstica.<\/p>\n<p>Ha recibido varios reconocimientos por su trabajo como compositor y trayectoria art\u00edstica por la Secretar\u00eda Municipal de Culturas de La Paz, por CICOMBOL (C\u00edrculo de Comunicadores de M\u00fasica Folkl\u00f3rica de Bolivia) y por la C\u00e1mara de Senadores del Estado Plurinacional de Bolivia.<\/p>\n<p><strong>GABO GUZM\u00c1N (M\u00fasico\/Guitarrista)<\/strong><\/p>\n<p>Boliviano. Estudi\u00f3 en el Conservatorio Nacional de M\u00fasica de La Paz, donde fue docente por siete a\u00f1os. Gabo Guzm\u00e1n es graduado de la c\u00e1tedra de Guitarra en la Escuela Nacional de M\u00fasica de La Habana, Cuba.<\/p>\n<p>Ha grabado materiales discogr\u00e1ficos con las agrupaciones TallerTak\u00e1 (tres discos) y Sobrevigencia (dos discos). Tiene tres producciones como solista: Destrenzas (2011), Lalay (2020) y Revolv\u00ed (2024).<\/p>\n<p>Como guitarrista acompa\u00f1\u00f3 a las reconocidas cantantes bolivianas Luzmila Carpio y Teresa Morales. Tambi\u00e9n ha escrito m\u00fasica para teatro y ha compartido escenario con importantes m\u00fasicos bolivianos, como Luzmila Carpio, Manuel Monroy, Luis Rico, \u00c1lvaro Montenegro, Luis Guti\u00e9rrez, Emma Junaro, Julio Godoy (Los Jairas), Juan Carlos Cordero, Ra\u00fal Chac\u00f3n (Bolivia Manta\/Rupay), Omar Baldiviezo, C\u00e9sar Junaro, Oscar Garc\u00eda, David Portillo, Grillo Villegas, Omar Gonzales, Panchi Maldonado, Vadik, Entre 2 Aguas, Antezana, Mellizos Gonzales, Kabra, Tincho Castillo y Quimbando.<\/p>\n<p>Ha tocado en escenarios de varias ciudades de Bolivia y ha visitado con su m\u00fasica Argentina, Francia, Suiza, Espa\u00f1a, Polonia, Eslovenia, B\u00e9lgica y Cuba.<\/p>\n<p>Despu\u00e9s de vivir por m\u00e1s de cinco a\u00f1os en Suiza, haciendo y ense\u00f1ando m\u00fasica, retorn\u00f3 al pa\u00eds para reencontrarse con su p\u00fablico, con su tierra, con sus ra\u00edces.<\/p>\n<p>Cree en una cierta bastard\u00eda luminosa que ha de salvar alguno de los sue\u00f1os humanos gracias a la m\u00fasica.<\/p>\n<p>Revolv\u00ed, su m\u00e1s reciente \u00e1lbum, dice que \u201ces un disco que pretende ser una cr\u00f3nica de un regreso, una cr\u00f3nica que nadie pidi\u00f3, ni siquiera el regreso mismo\u201d. Es un disco que contiene diez temas, entre composiciones propias de Gabo Guzm\u00e1n y el rescate de m\u00fasica popular de nuestro continente, como del pa\u00eds.<\/p>\n\r\n                <style type=\"text\/css\">\r\n                    \r\n                    #tdi_1  .td-doubleSlider-2 .td-item1 {\r\n                        background: url(https:\/\/www.eldiario.net\/portal\/wp-content\/uploads\/2025\/08\/5-1-80x60.webp) 0 0 no-repeat;\r\n                    }\r\n                    #tdi_1  .td-doubleSlider-2 .td-item2 {\r\n                        background: url(https:\/\/www.eldiario.net\/portal\/wp-content\/uploads\/2025\/08\/1-1-80x60.webp) 0 0 no-repeat;\r\n                    }\r\n                    #tdi_1  .td-doubleSlider-2 .td-item3 {\r\n                        background: url(https:\/\/www.eldiario.net\/portal\/wp-content\/uploads\/2025\/08\/2-1-80x60.webp) 0 0 no-repeat;\r\n                    }\r\n                    #tdi_1  .td-doubleSlider-2 .td-item4 {\r\n                        background: url(https:\/\/www.eldiario.net\/portal\/wp-content\/uploads\/2025\/08\/3-1-80x60.webp) 0 0 no-repeat;\r\n                    }\r\n                    #tdi_1  .td-doubleSlider-2 .td-item5 {\r\n                        background: url(https:\/\/www.eldiario.net\/portal\/wp-content\/uploads\/2025\/08\/4-1-80x60.webp) 0 0 no-repeat;\r\n                    }\r\n                <\/style>\r\n\r\n                <div id=\"tdi_1\" class=\"td-gallery td-slide-on-2-columns\">\r\n                    <div class=\"post_td_gallery\">\r\n                        <div class=\"td-gallery-slide-top\">\r\n                           <div class=\"td-gallery-title\"><\/div>\r\n\r\n                            <div class=\"td-gallery-controls-wrapper\">\r\n                                <div class=\"td-gallery-slide-count\"><span class=\"td-gallery-slide-item-focus\">1<\/span> de 5<\/div>\r\n                                <div class=\"td-gallery-slide-prev-next-but\">\r\n                                    <i class = \"td-icon-left doubleSliderPrevButton\"><\/i>\r\n                                    <i class = \"td-icon-right doubleSliderNextButton\"><\/i>\r\n                                <\/div>\r\n                            <\/div>\r\n                        <\/div>\r\n\r\n                        <div class = \"td-doubleSlider-1 \">\r\n                            <div class = \"td-slider\">\r\n                                \r\n                    <div class = \"td-slide-item td-item1\">\r\n                        <figure class=\"td-slide-galery-figure td-slide-popup-gallery\">\r\n                            <a class=\"slide-gallery-image-link\" href=\"https:\/\/www.eldiario.net\/portal\/wp-content\/uploads\/2025\/08\/5-1.webp\" title=\"5\"  data-caption=\"\"  data-description=\"\">\r\n                                <img decoding=\"async\" src=\"https:\/\/www.eldiario.net\/portal\/wp-content\/uploads\/2025\/08\/5-1-280x420.webp\" srcset=\"https:\/\/www.eldiario.net\/portal\/wp-content\/uploads\/2025\/08\/5-1-280x420.webp 280w, https:\/\/www.eldiario.net\/portal\/wp-content\/uploads\/2025\/08\/5-1-200x300.webp 200w, https:\/\/www.eldiario.net\/portal\/wp-content\/uploads\/2025\/08\/5-1-683x1024.webp 683w, https:\/\/www.eldiario.net\/portal\/wp-content\/uploads\/2025\/08\/5-1-768x1152.webp 768w, https:\/\/www.eldiario.net\/portal\/wp-content\/uploads\/2025\/08\/5-1-1024x1536.webp 1024w, https:\/\/www.eldiario.net\/portal\/wp-content\/uploads\/2025\/08\/5-1-150x225.webp 150w, https:\/\/www.eldiario.net\/portal\/wp-content\/uploads\/2025\/08\/5-1-300x450.webp 300w, https:\/\/www.eldiario.net\/portal\/wp-content\/uploads\/2025\/08\/5-1-696x1044.webp 696w, https:\/\/www.eldiario.net\/portal\/wp-content\/uploads\/2025\/08\/5-1-1068x1602.webp 1068w, https:\/\/www.eldiario.net\/portal\/wp-content\/uploads\/2025\/08\/5-1.webp 1200w\" sizes=\"(max-width: 280px) 100vw, 280px\" alt=\"\">\r\n                            <\/a>\r\n                            \r\n                        <\/figure>\r\n                    <\/div>\r\n                    <div class = \"td-slide-item td-item2\">\r\n                        <figure class=\"td-slide-galery-figure td-slide-popup-gallery\">\r\n                            <a class=\"slide-gallery-image-link\" href=\"https:\/\/www.eldiario.net\/portal\/wp-content\/uploads\/2025\/08\/1-1.webp\" title=\"1\"  data-caption=\"\"  data-description=\"\">\r\n                                <img decoding=\"async\" src=\"https:\/\/www.eldiario.net\/portal\/wp-content\/uploads\/2025\/08\/1-1-706x420.webp\" srcset=\"https:\/\/www.eldiario.net\/portal\/wp-content\/uploads\/2025\/08\/1-1-706x420.webp 706w, https:\/\/www.eldiario.net\/portal\/wp-content\/uploads\/2025\/08\/1-1-300x179.webp 300w, https:\/\/www.eldiario.net\/portal\/wp-content\/uploads\/2025\/08\/1-1-1024x609.webp 1024w, https:\/\/www.eldiario.net\/portal\/wp-content\/uploads\/2025\/08\/1-1-768x457.webp 768w, https:\/\/www.eldiario.net\/portal\/wp-content\/uploads\/2025\/08\/1-1-150x89.webp 150w, https:\/\/www.eldiario.net\/portal\/wp-content\/uploads\/2025\/08\/1-1-696x414.webp 696w, https:\/\/www.eldiario.net\/portal\/wp-content\/uploads\/2025\/08\/1-1-1068x635.webp 1068w, https:\/\/www.eldiario.net\/portal\/wp-content\/uploads\/2025\/08\/1-1.webp 1200w\" sizes=\"(max-width: 706px) 100vw, 706px\" alt=\"\">\r\n                            <\/a>\r\n                            \r\n                        <\/figure>\r\n                    <\/div>\r\n                    <div class = \"td-slide-item td-item3\">\r\n                        <figure class=\"td-slide-galery-figure td-slide-popup-gallery\">\r\n                            <a class=\"slide-gallery-image-link\" href=\"https:\/\/www.eldiario.net\/portal\/wp-content\/uploads\/2025\/08\/2-1.webp\" title=\"2\"  data-caption=\"\"  data-description=\"\">\r\n                                <img decoding=\"async\" src=\"https:\/\/www.eldiario.net\/portal\/wp-content\/uploads\/2025\/08\/2-1-630x420.webp\" srcset=\"https:\/\/www.eldiario.net\/portal\/wp-content\/uploads\/2025\/08\/2-1-630x420.webp 630w, https:\/\/www.eldiario.net\/portal\/wp-content\/uploads\/2025\/08\/2-1-300x200.webp 300w, https:\/\/www.eldiario.net\/portal\/wp-content\/uploads\/2025\/08\/2-1-1024x683.webp 1024w, https:\/\/www.eldiario.net\/portal\/wp-content\/uploads\/2025\/08\/2-1-768x512.webp 768w, https:\/\/www.eldiario.net\/portal\/wp-content\/uploads\/2025\/08\/2-1-150x100.webp 150w, https:\/\/www.eldiario.net\/portal\/wp-content\/uploads\/2025\/08\/2-1-696x464.webp 696w, https:\/\/www.eldiario.net\/portal\/wp-content\/uploads\/2025\/08\/2-1-1068x712.webp 1068w, https:\/\/www.eldiario.net\/portal\/wp-content\/uploads\/2025\/08\/2-1.webp 1200w\" sizes=\"(max-width: 630px) 100vw, 630px\" alt=\"\">\r\n                            <\/a>\r\n                            \r\n                        <\/figure>\r\n                    <\/div>\r\n                    <div class = \"td-slide-item td-item4\">\r\n                        <figure class=\"td-slide-galery-figure td-slide-popup-gallery\">\r\n                            <a class=\"slide-gallery-image-link\" href=\"https:\/\/www.eldiario.net\/portal\/wp-content\/uploads\/2025\/08\/3-1.webp\" title=\"3\"  data-caption=\"\"  data-description=\"\">\r\n                                <img decoding=\"async\" src=\"https:\/\/www.eldiario.net\/portal\/wp-content\/uploads\/2025\/08\/3-1-630x420.webp\" srcset=\"https:\/\/www.eldiario.net\/portal\/wp-content\/uploads\/2025\/08\/3-1-630x420.webp 630w, https:\/\/www.eldiario.net\/portal\/wp-content\/uploads\/2025\/08\/3-1-300x200.webp 300w, https:\/\/www.eldiario.net\/portal\/wp-content\/uploads\/2025\/08\/3-1-1024x683.webp 1024w, https:\/\/www.eldiario.net\/portal\/wp-content\/uploads\/2025\/08\/3-1-768x512.webp 768w, https:\/\/www.eldiario.net\/portal\/wp-content\/uploads\/2025\/08\/3-1-150x100.webp 150w, https:\/\/www.eldiario.net\/portal\/wp-content\/uploads\/2025\/08\/3-1-696x464.webp 696w, https:\/\/www.eldiario.net\/portal\/wp-content\/uploads\/2025\/08\/3-1-1068x712.webp 1068w, https:\/\/www.eldiario.net\/portal\/wp-content\/uploads\/2025\/08\/3-1.webp 1200w\" sizes=\"(max-width: 630px) 100vw, 630px\" alt=\"\">\r\n                            <\/a>\r\n                            \r\n                        <\/figure>\r\n                    <\/div>\r\n                    <div class = \"td-slide-item td-item5\">\r\n                        <figure class=\"td-slide-galery-figure td-slide-popup-gallery\">\r\n                            <a class=\"slide-gallery-image-link\" href=\"https:\/\/www.eldiario.net\/portal\/wp-content\/uploads\/2025\/08\/4-1.webp\" title=\"4\"  data-caption=\"\"  data-description=\"\">\r\n                                <img decoding=\"async\" src=\"https:\/\/www.eldiario.net\/portal\/wp-content\/uploads\/2025\/08\/4-1-399x420.webp\" srcset=\"https:\/\/www.eldiario.net\/portal\/wp-content\/uploads\/2025\/08\/4-1-399x420.webp 399w, https:\/\/www.eldiario.net\/portal\/wp-content\/uploads\/2025\/08\/4-1-285x300.webp 285w, https:\/\/www.eldiario.net\/portal\/wp-content\/uploads\/2025\/08\/4-1-150x158.webp 150w, https:\/\/www.eldiario.net\/portal\/wp-content\/uploads\/2025\/08\/4-1-300x316.webp 300w, https:\/\/www.eldiario.net\/portal\/wp-content\/uploads\/2025\/08\/4-1.webp 486w\" sizes=\"(max-width: 399px) 100vw, 399px\" alt=\"\">\r\n                            <\/a>\r\n                            \r\n                        <\/figure>\r\n                    <\/div>\r\n                            <\/div>\r\n                        <\/div>\r\n\r\n                        <div class = \"td-doubleSlider-2\">\r\n                            <div class = \"td-slider\">\r\n                                \r\n                    <div class = \"td-button td-item1\">\r\n                        <div class = \"td-border\"><\/div>\r\n                    <\/div>\r\n                    <div class = \"td-button td-item2\">\r\n                        <div class = \"td-border\"><\/div>\r\n                    <\/div>\r\n                    <div class = \"td-button td-item3\">\r\n                        <div class = \"td-border\"><\/div>\r\n                    <\/div>\r\n                    <div class = \"td-button td-item4\">\r\n                        <div class = \"td-border\"><\/div>\r\n                    <\/div>\r\n                    <div class = \"td-button td-item5\">\r\n                        <div class = \"td-border\"><\/div>\r\n                    <\/div>\r\n                            <\/div>\r\n                        <\/div>\r\n\r\n                    <\/div>\r\n\r\n                <\/div>\r\n                \n","protected":false},"excerpt":{"rendered":"<p>Hemos tenido notables artistas ejecutantes de la guitarra ac\u00fastica criolla e int\u00e9rpretes de la m\u00fasica popular en Bolivia, como Alfredo Dom\u00ednguez, Rafael Arias, Augusto Bleichner y Fernando Arduz, entre muchos otros. La m\u00fasica instrumental a trav\u00e9s de la guitarra popular es fundamental dentro de la historia cultural de muchos pa\u00edses, por su capacidad y caracter\u00edstica [&hellip;]<\/p>\n","protected":false},"author":1,"featured_media":322413,"comment_status":"closed","ping_status":"open","sticky":false,"template":"","format":"standard","meta":{"_acf_changed":false,"footnotes":""},"categories":[41],"tags":[],"class_list":["post-322411","post","type-post","status-publish","format-standard","has-post-thumbnail","category-la-guia"],"acf":{"antetitulo":""},"yoast_head":"<!-- This site is optimized with the Yoast SEO plugin v28.4 - https:\/\/yoast.com\/product\/yoast-seo-wordpress\/ -->\n<title>Mau Montero y Gabo Guzm\u00e1n en un gran encuentro de guitarras bolivianas - El Diario - Bolivia<\/title>\n<meta name=\"robots\" content=\"index, follow, max-snippet:-1, max-image-preview:large, max-video-preview:-1\" \/>\n<link rel=\"canonical\" href=\"https:\/\/www.eldiario.net\/portal\/2025\/08\/08\/mau-montero-y-gabo-guzman-en-un-gran-encuentro-de-guitarras-bolivianas\/\" \/>\n<meta property=\"og:locale\" content=\"es_ES\" \/>\n<meta property=\"og:type\" content=\"article\" \/>\n<meta property=\"og:title\" content=\"Mau Montero y Gabo Guzm\u00e1n en un gran encuentro de guitarras bolivianas - El Diario - Bolivia\" \/>\n<meta property=\"og:description\" content=\"Hemos tenido notables artistas ejecutantes de la guitarra ac\u00fastica criolla e int\u00e9rpretes de la m\u00fasica popular en Bolivia, como Alfredo Dom\u00ednguez, Rafael Arias, Augusto Bleichner y Fernando Arduz, entre muchos otros. La m\u00fasica instrumental a trav\u00e9s de la guitarra popular es fundamental dentro de la historia cultural de muchos pa\u00edses, por su capacidad y caracter\u00edstica [&hellip;]\" \/>\n<meta property=\"og:url\" content=\"https:\/\/www.eldiario.net\/portal\/2025\/08\/08\/mau-montero-y-gabo-guzman-en-un-gran-encuentro-de-guitarras-bolivianas\/\" \/>\n<meta property=\"og:site_name\" content=\"El Diario - Bolivia\" \/>\n<meta property=\"article:publisher\" content=\"https:\/\/www.facebook.com\/eldiario.bolivia\/\" \/>\n<meta property=\"article:published_time\" content=\"2025-08-08T04:00:45+00:00\" \/>\n<meta property=\"og:image\" content=\"https:\/\/www.eldiario.net\/portal\/wp-content\/uploads\/2025\/08\/1-1.webp\" \/>\n\t<meta property=\"og:image:width\" content=\"1200\" \/>\n\t<meta property=\"og:image:height\" content=\"714\" \/>\n\t<meta property=\"og:image:type\" content=\"image\/webp\" \/>\n<meta name=\"author\" content=\"Jeanette\" \/>\n<meta name=\"twitter:card\" content=\"summary_large_image\" \/>\n<meta name=\"twitter:creator\" content=\"@eldiario_net\" \/>\n<meta name=\"twitter:site\" content=\"@eldiario_net\" \/>\n<meta name=\"twitter:label1\" content=\"Escrito por\" \/>\n\t<meta name=\"twitter:data1\" content=\"Jeanette\" \/>\n\t<meta name=\"twitter:label2\" content=\"Tiempo de lectura\" \/>\n\t<meta name=\"twitter:data2\" content=\"5 minutos\" \/>\n<script type=\"application\/ld+json\" class=\"yoast-schema-graph\">{\"@context\":\"https:\\\/\\\/schema.org\",\"@graph\":[{\"@type\":\"Article\",\"@id\":\"https:\\\/\\\/www.eldiario.net\\\/portal\\\/2025\\\/08\\\/08\\\/mau-montero-y-gabo-guzman-en-un-gran-encuentro-de-guitarras-bolivianas\\\/#article\",\"isPartOf\":{\"@id\":\"https:\\\/\\\/www.eldiario.net\\\/portal\\\/2025\\\/08\\\/08\\\/mau-montero-y-gabo-guzman-en-un-gran-encuentro-de-guitarras-bolivianas\\\/\"},\"author\":{\"name\":\"Jeanette\",\"@id\":\"https:\\\/\\\/www.eldiario.net\\\/portal\\\/#\\\/schema\\\/person\\\/2c57cf2b7a7ae032e449e4c9b1019eac\"},\"headline\":\"Mau Montero y Gabo Guzm\u00e1n en un gran encuentro de guitarras bolivianas\",\"datePublished\":\"2025-08-08T04:00:45+00:00\",\"mainEntityOfPage\":{\"@id\":\"https:\\\/\\\/www.eldiario.net\\\/portal\\\/2025\\\/08\\\/08\\\/mau-montero-y-gabo-guzman-en-un-gran-encuentro-de-guitarras-bolivianas\\\/\"},\"wordCount\":1030,\"publisher\":{\"@id\":\"https:\\\/\\\/www.eldiario.net\\\/portal\\\/#organization\"},\"image\":{\"@id\":\"https:\\\/\\\/www.eldiario.net\\\/portal\\\/2025\\\/08\\\/08\\\/mau-montero-y-gabo-guzman-en-un-gran-encuentro-de-guitarras-bolivianas\\\/#primaryimage\"},\"thumbnailUrl\":\"https:\\\/\\\/www.eldiario.net\\\/portal\\\/wp-content\\\/uploads\\\/2025\\\/08\\\/1-1.webp\",\"articleSection\":[\"La Gu\u00eda\"],\"inLanguage\":\"es\"},{\"@type\":\"WebPage\",\"@id\":\"https:\\\/\\\/www.eldiario.net\\\/portal\\\/2025\\\/08\\\/08\\\/mau-montero-y-gabo-guzman-en-un-gran-encuentro-de-guitarras-bolivianas\\\/\",\"url\":\"https:\\\/\\\/www.eldiario.net\\\/portal\\\/2025\\\/08\\\/08\\\/mau-montero-y-gabo-guzman-en-un-gran-encuentro-de-guitarras-bolivianas\\\/\",\"name\":\"Mau Montero y Gabo Guzm\u00e1n en un gran encuentro de guitarras bolivianas - El Diario - Bolivia\",\"isPartOf\":{\"@id\":\"https:\\\/\\\/www.eldiario.net\\\/portal\\\/#website\"},\"primaryImageOfPage\":{\"@id\":\"https:\\\/\\\/www.eldiario.net\\\/portal\\\/2025\\\/08\\\/08\\\/mau-montero-y-gabo-guzman-en-un-gran-encuentro-de-guitarras-bolivianas\\\/#primaryimage\"},\"image\":{\"@id\":\"https:\\\/\\\/www.eldiario.net\\\/portal\\\/2025\\\/08\\\/08\\\/mau-montero-y-gabo-guzman-en-un-gran-encuentro-de-guitarras-bolivianas\\\/#primaryimage\"},\"thumbnailUrl\":\"https:\\\/\\\/www.eldiario.net\\\/portal\\\/wp-content\\\/uploads\\\/2025\\\/08\\\/1-1.webp\",\"datePublished\":\"2025-08-08T04:00:45+00:00\",\"breadcrumb\":{\"@id\":\"https:\\\/\\\/www.eldiario.net\\\/portal\\\/2025\\\/08\\\/08\\\/mau-montero-y-gabo-guzman-en-un-gran-encuentro-de-guitarras-bolivianas\\\/#breadcrumb\"},\"inLanguage\":\"es\",\"potentialAction\":[{\"@type\":\"ReadAction\",\"target\":[\"https:\\\/\\\/www.eldiario.net\\\/portal\\\/2025\\\/08\\\/08\\\/mau-montero-y-gabo-guzman-en-un-gran-encuentro-de-guitarras-bolivianas\\\/\"]}]},{\"@type\":\"ImageObject\",\"inLanguage\":\"es\",\"@id\":\"https:\\\/\\\/www.eldiario.net\\\/portal\\\/2025\\\/08\\\/08\\\/mau-montero-y-gabo-guzman-en-un-gran-encuentro-de-guitarras-bolivianas\\\/#primaryimage\",\"url\":\"https:\\\/\\\/www.eldiario.net\\\/portal\\\/wp-content\\\/uploads\\\/2025\\\/08\\\/1-1.webp\",\"contentUrl\":\"https:\\\/\\\/www.eldiario.net\\\/portal\\\/wp-content\\\/uploads\\\/2025\\\/08\\\/1-1.webp\",\"width\":1200,\"height\":714},{\"@type\":\"BreadcrumbList\",\"@id\":\"https:\\\/\\\/www.eldiario.net\\\/portal\\\/2025\\\/08\\\/08\\\/mau-montero-y-gabo-guzman-en-un-gran-encuentro-de-guitarras-bolivianas\\\/#breadcrumb\",\"itemListElement\":[{\"@type\":\"ListItem\",\"position\":1,\"name\":\"Portada\",\"item\":\"https:\\\/\\\/www.eldiario.net\\\/portal\\\/\"},{\"@type\":\"ListItem\",\"position\":2,\"name\":\"Mau Montero y Gabo Guzm\u00e1n en un gran encuentro de guitarras bolivianas\"}]},{\"@type\":\"WebSite\",\"@id\":\"https:\\\/\\\/www.eldiario.net\\\/portal\\\/#website\",\"url\":\"https:\\\/\\\/www.eldiario.net\\\/portal\\\/\",\"name\":\"El Diario - Decano de la prensa nacional\",\"description\":\"El Diario - Decano de la prensa nacional\",\"publisher\":{\"@id\":\"https:\\\/\\\/www.eldiario.net\\\/portal\\\/#organization\"},\"potentialAction\":[{\"@type\":\"SearchAction\",\"target\":{\"@type\":\"EntryPoint\",\"urlTemplate\":\"https:\\\/\\\/www.eldiario.net\\\/portal\\\/?s={search_term_string}\"},\"query-input\":{\"@type\":\"PropertyValueSpecification\",\"valueRequired\":true,\"valueName\":\"search_term_string\"}}],\"inLanguage\":\"es\"},{\"@type\":\"Organization\",\"@id\":\"https:\\\/\\\/www.eldiario.net\\\/portal\\\/#organization\",\"name\":\"El Diario - Decano de la prensa nacional\",\"url\":\"https:\\\/\\\/www.eldiario.net\\\/portal\\\/\",\"logo\":{\"@type\":\"ImageObject\",\"inLanguage\":\"es\",\"@id\":\"https:\\\/\\\/www.eldiario.net\\\/portal\\\/#\\\/schema\\\/logo\\\/image\\\/\",\"url\":\"https:\\\/\\\/www.eldiario.net\\\/portal\\\/wp-content\\\/uploads\\\/2023\\\/07\\\/logo_ED.jpg\",\"contentUrl\":\"https:\\\/\\\/www.eldiario.net\\\/portal\\\/wp-content\\\/uploads\\\/2023\\\/07\\\/logo_ED.jpg\",\"width\":272,\"height\":52,\"caption\":\"El Diario - Decano de la prensa nacional\"},\"image\":{\"@id\":\"https:\\\/\\\/www.eldiario.net\\\/portal\\\/#\\\/schema\\\/logo\\\/image\\\/\"},\"sameAs\":[\"https:\\\/\\\/www.facebook.com\\\/eldiario.bolivia\\\/\",\"https:\\\/\\\/x.com\\\/eldiario_net\"]},{\"@type\":\"Person\",\"@id\":\"https:\\\/\\\/www.eldiario.net\\\/portal\\\/#\\\/schema\\\/person\\\/2c57cf2b7a7ae032e449e4c9b1019eac\",\"name\":\"Jeanette\",\"image\":{\"@type\":\"ImageObject\",\"inLanguage\":\"es\",\"@id\":\"https:\\\/\\\/secure.gravatar.com\\\/avatar\\\/3ea2118a5f7dad2b7138b1187a6b7ee55f160b9968b66013c3a3ef39dd7e5798?s=96&d=mm&r=g\",\"url\":\"https:\\\/\\\/secure.gravatar.com\\\/avatar\\\/3ea2118a5f7dad2b7138b1187a6b7ee55f160b9968b66013c3a3ef39dd7e5798?s=96&d=mm&r=g\",\"contentUrl\":\"https:\\\/\\\/secure.gravatar.com\\\/avatar\\\/3ea2118a5f7dad2b7138b1187a6b7ee55f160b9968b66013c3a3ef39dd7e5798?s=96&d=mm&r=g\",\"caption\":\"Jeanette\"},\"sameAs\":[\"https:\\\/\\\/www.eldiario.net\\\/portal\"],\"url\":\"https:\\\/\\\/www.eldiario.net\\\/portal\\\/author\\\/jeanette\\\/\"}]}<\/script>\n<!-- \/ Yoast SEO plugin. -->","yoast_head_json":{"title":"Mau Montero y Gabo Guzm\u00e1n en un gran encuentro de guitarras bolivianas - El Diario - Bolivia","robots":{"index":"index","follow":"follow","max-snippet":"max-snippet:-1","max-image-preview":"max-image-preview:large","max-video-preview":"max-video-preview:-1"},"canonical":"https:\/\/www.eldiario.net\/portal\/2025\/08\/08\/mau-montero-y-gabo-guzman-en-un-gran-encuentro-de-guitarras-bolivianas\/","og_locale":"es_ES","og_type":"article","og_title":"Mau Montero y Gabo Guzm\u00e1n en un gran encuentro de guitarras bolivianas - El Diario - Bolivia","og_description":"Hemos tenido notables artistas ejecutantes de la guitarra ac\u00fastica criolla e int\u00e9rpretes de la m\u00fasica popular en Bolivia, como Alfredo Dom\u00ednguez, Rafael Arias, Augusto Bleichner y Fernando Arduz, entre muchos otros. La m\u00fasica instrumental a trav\u00e9s de la guitarra popular es fundamental dentro de la historia cultural de muchos pa\u00edses, por su capacidad y caracter\u00edstica [&hellip;]","og_url":"https:\/\/www.eldiario.net\/portal\/2025\/08\/08\/mau-montero-y-gabo-guzman-en-un-gran-encuentro-de-guitarras-bolivianas\/","og_site_name":"El Diario - Bolivia","article_publisher":"https:\/\/www.facebook.com\/eldiario.bolivia\/","article_published_time":"2025-08-08T04:00:45+00:00","og_image":[{"width":1200,"height":714,"url":"https:\/\/www.eldiario.net\/portal\/wp-content\/uploads\/2025\/08\/1-1.webp","type":"image\/webp"}],"author":"Jeanette","twitter_card":"summary_large_image","twitter_creator":"@eldiario_net","twitter_site":"@eldiario_net","twitter_misc":{"Escrito por":"Jeanette","Tiempo de lectura":"5 minutos"},"schema":{"@context":"https:\/\/schema.org","@graph":[{"@type":"Article","@id":"https:\/\/www.eldiario.net\/portal\/2025\/08\/08\/mau-montero-y-gabo-guzman-en-un-gran-encuentro-de-guitarras-bolivianas\/#article","isPartOf":{"@id":"https:\/\/www.eldiario.net\/portal\/2025\/08\/08\/mau-montero-y-gabo-guzman-en-un-gran-encuentro-de-guitarras-bolivianas\/"},"author":{"name":"Jeanette","@id":"https:\/\/www.eldiario.net\/portal\/#\/schema\/person\/2c57cf2b7a7ae032e449e4c9b1019eac"},"headline":"Mau Montero y Gabo Guzm\u00e1n en un gran encuentro de guitarras bolivianas","datePublished":"2025-08-08T04:00:45+00:00","mainEntityOfPage":{"@id":"https:\/\/www.eldiario.net\/portal\/2025\/08\/08\/mau-montero-y-gabo-guzman-en-un-gran-encuentro-de-guitarras-bolivianas\/"},"wordCount":1030,"publisher":{"@id":"https:\/\/www.eldiario.net\/portal\/#organization"},"image":{"@id":"https:\/\/www.eldiario.net\/portal\/2025\/08\/08\/mau-montero-y-gabo-guzman-en-un-gran-encuentro-de-guitarras-bolivianas\/#primaryimage"},"thumbnailUrl":"https:\/\/www.eldiario.net\/portal\/wp-content\/uploads\/2025\/08\/1-1.webp","articleSection":["La Gu\u00eda"],"inLanguage":"es"},{"@type":"WebPage","@id":"https:\/\/www.eldiario.net\/portal\/2025\/08\/08\/mau-montero-y-gabo-guzman-en-un-gran-encuentro-de-guitarras-bolivianas\/","url":"https:\/\/www.eldiario.net\/portal\/2025\/08\/08\/mau-montero-y-gabo-guzman-en-un-gran-encuentro-de-guitarras-bolivianas\/","name":"Mau Montero y Gabo Guzm\u00e1n en un gran encuentro de guitarras bolivianas - El Diario - Bolivia","isPartOf":{"@id":"https:\/\/www.eldiario.net\/portal\/#website"},"primaryImageOfPage":{"@id":"https:\/\/www.eldiario.net\/portal\/2025\/08\/08\/mau-montero-y-gabo-guzman-en-un-gran-encuentro-de-guitarras-bolivianas\/#primaryimage"},"image":{"@id":"https:\/\/www.eldiario.net\/portal\/2025\/08\/08\/mau-montero-y-gabo-guzman-en-un-gran-encuentro-de-guitarras-bolivianas\/#primaryimage"},"thumbnailUrl":"https:\/\/www.eldiario.net\/portal\/wp-content\/uploads\/2025\/08\/1-1.webp","datePublished":"2025-08-08T04:00:45+00:00","breadcrumb":{"@id":"https:\/\/www.eldiario.net\/portal\/2025\/08\/08\/mau-montero-y-gabo-guzman-en-un-gran-encuentro-de-guitarras-bolivianas\/#breadcrumb"},"inLanguage":"es","potentialAction":[{"@type":"ReadAction","target":["https:\/\/www.eldiario.net\/portal\/2025\/08\/08\/mau-montero-y-gabo-guzman-en-un-gran-encuentro-de-guitarras-bolivianas\/"]}]},{"@type":"ImageObject","inLanguage":"es","@id":"https:\/\/www.eldiario.net\/portal\/2025\/08\/08\/mau-montero-y-gabo-guzman-en-un-gran-encuentro-de-guitarras-bolivianas\/#primaryimage","url":"https:\/\/www.eldiario.net\/portal\/wp-content\/uploads\/2025\/08\/1-1.webp","contentUrl":"https:\/\/www.eldiario.net\/portal\/wp-content\/uploads\/2025\/08\/1-1.webp","width":1200,"height":714},{"@type":"BreadcrumbList","@id":"https:\/\/www.eldiario.net\/portal\/2025\/08\/08\/mau-montero-y-gabo-guzman-en-un-gran-encuentro-de-guitarras-bolivianas\/#breadcrumb","itemListElement":[{"@type":"ListItem","position":1,"name":"Portada","item":"https:\/\/www.eldiario.net\/portal\/"},{"@type":"ListItem","position":2,"name":"Mau Montero y Gabo Guzm\u00e1n en un gran encuentro de guitarras bolivianas"}]},{"@type":"WebSite","@id":"https:\/\/www.eldiario.net\/portal\/#website","url":"https:\/\/www.eldiario.net\/portal\/","name":"El Diario - Decano de la prensa nacional","description":"El Diario - Decano de la prensa nacional","publisher":{"@id":"https:\/\/www.eldiario.net\/portal\/#organization"},"potentialAction":[{"@type":"SearchAction","target":{"@type":"EntryPoint","urlTemplate":"https:\/\/www.eldiario.net\/portal\/?s={search_term_string}"},"query-input":{"@type":"PropertyValueSpecification","valueRequired":true,"valueName":"search_term_string"}}],"inLanguage":"es"},{"@type":"Organization","@id":"https:\/\/www.eldiario.net\/portal\/#organization","name":"El Diario - Decano de la prensa nacional","url":"https:\/\/www.eldiario.net\/portal\/","logo":{"@type":"ImageObject","inLanguage":"es","@id":"https:\/\/www.eldiario.net\/portal\/#\/schema\/logo\/image\/","url":"https:\/\/www.eldiario.net\/portal\/wp-content\/uploads\/2023\/07\/logo_ED.jpg","contentUrl":"https:\/\/www.eldiario.net\/portal\/wp-content\/uploads\/2023\/07\/logo_ED.jpg","width":272,"height":52,"caption":"El Diario - Decano de la prensa nacional"},"image":{"@id":"https:\/\/www.eldiario.net\/portal\/#\/schema\/logo\/image\/"},"sameAs":["https:\/\/www.facebook.com\/eldiario.bolivia\/","https:\/\/x.com\/eldiario_net"]},{"@type":"Person","@id":"https:\/\/www.eldiario.net\/portal\/#\/schema\/person\/2c57cf2b7a7ae032e449e4c9b1019eac","name":"Jeanette","image":{"@type":"ImageObject","inLanguage":"es","@id":"https:\/\/secure.gravatar.com\/avatar\/3ea2118a5f7dad2b7138b1187a6b7ee55f160b9968b66013c3a3ef39dd7e5798?s=96&d=mm&r=g","url":"https:\/\/secure.gravatar.com\/avatar\/3ea2118a5f7dad2b7138b1187a6b7ee55f160b9968b66013c3a3ef39dd7e5798?s=96&d=mm&r=g","contentUrl":"https:\/\/secure.gravatar.com\/avatar\/3ea2118a5f7dad2b7138b1187a6b7ee55f160b9968b66013c3a3ef39dd7e5798?s=96&d=mm&r=g","caption":"Jeanette"},"sameAs":["https:\/\/www.eldiario.net\/portal"],"url":"https:\/\/www.eldiario.net\/portal\/author\/jeanette\/"}]}},"_links":{"self":[{"href":"https:\/\/www.eldiario.net\/portal\/wp-json\/wp\/v2\/posts\/322411","targetHints":{"allow":["GET"]}}],"collection":[{"href":"https:\/\/www.eldiario.net\/portal\/wp-json\/wp\/v2\/posts"}],"about":[{"href":"https:\/\/www.eldiario.net\/portal\/wp-json\/wp\/v2\/types\/post"}],"author":[{"embeddable":true,"href":"https:\/\/www.eldiario.net\/portal\/wp-json\/wp\/v2\/users\/1"}],"replies":[{"embeddable":true,"href":"https:\/\/www.eldiario.net\/portal\/wp-json\/wp\/v2\/comments?post=322411"}],"version-history":[{"count":1,"href":"https:\/\/www.eldiario.net\/portal\/wp-json\/wp\/v2\/posts\/322411\/revisions"}],"predecessor-version":[{"id":322417,"href":"https:\/\/www.eldiario.net\/portal\/wp-json\/wp\/v2\/posts\/322411\/revisions\/322417"}],"wp:featuredmedia":[{"embeddable":true,"href":"https:\/\/www.eldiario.net\/portal\/wp-json\/wp\/v2\/media\/322413"}],"wp:attachment":[{"href":"https:\/\/www.eldiario.net\/portal\/wp-json\/wp\/v2\/media?parent=322411"}],"wp:term":[{"taxonomy":"category","embeddable":true,"href":"https:\/\/www.eldiario.net\/portal\/wp-json\/wp\/v2\/categories?post=322411"},{"taxonomy":"post_tag","embeddable":true,"href":"https:\/\/www.eldiario.net\/portal\/wp-json\/wp\/v2\/tags?post=322411"}],"curies":[{"name":"wp","href":"https:\/\/api.w.org\/{rel}","templated":true}]}}