{"id":322123,"date":"2025-08-06T06:56:29","date_gmt":"2025-08-06T10:56:29","guid":{"rendered":"https:\/\/www.eldiario.net\/portal\/?p=322123"},"modified":"2025-08-06T06:56:29","modified_gmt":"2025-08-06T10:56:29","slug":"reconocen-talento-y-trayectoria-internacional-de-camila-soruco","status":"publish","type":"post","link":"https:\/\/www.eldiario.net\/portal\/2025\/08\/06\/reconocen-talento-y-trayectoria-internacional-de-camila-soruco\/","title":{"rendered":"Reconocen talento y trayectoria internacional de Camila Soruco"},"content":{"rendered":"<p>El Gobierno de Estados Unidos ha concedido oficialmente la residencia permanente \u2014conocida como Green Card\u2014 a la cantante boliviana Camila Soruco, como reconocimiento a su talento extraordinario y su sobresaliente trayectoria internacional en el \u00e1mbito musical.<\/p>\n<p>La distinci\u00f3n fue otorgada bajo la prestigiosa categor\u00eda de visa EB-1A, reservada \u00fanicamente para individuos que han demostrado logros excepcionales y un reconocimiento sostenido a nivel nacional e internacional.<\/p>\n<p>Este logro consolida el lugar de Camila Soruco no solo como una de las artistas m\u00e1s destacadas de Bolivia, sino tambi\u00e9n como una figura respetada en la escena musical internacional. La residencia permanente bajo esta categor\u00eda representa uno de los m\u00e1s altos honores migratorios que otorga el Gobierno de Estados Unidos a artistas cuyo trabajo se considera de relevancia e impacto a nivel global.<\/p>\n<p>\u201cEste es un sue\u00f1o hecho realidad\u201d, expres\u00f3 Soruco al conocer la noticia. \u201cHan sido a\u00f1os de trabajo incansable, de respeto por los procesos legales y art\u00edsticos, de crecimiento personal y profesional. Estoy profundamente agradecida por este reconocimiento que valida no solo mi carrera, sino tambi\u00e9n el camino correcto de hacerlo todo con integridad, paso a paso\u201d, dijo.<\/p>\n<p><strong>UN CAMINO DE EXCELENCIA<\/strong><\/p>\n<p>Para calificar a la visa EB-1A, se requiere cumplir con al menos tres de los diez criterios establecidos por el Servicio de Ciudadan\u00eda e Inmigraci\u00f3n de los Estados Unidos (USCIS), entre los que se incluyen haber recibido premios reconocidos internacionalmente, haber sido protagonista en producciones de renombre, contar con publicaciones o art\u00edculos sobre el trabajo del solicitante y demostrar una influencia significativa en su campo art\u00edstico.<\/p>\n<p>Camila Soruco logr\u00f3 superar este riguroso filtro gracias a su impresionante trayectoria, la cual incluye presentaciones en escenarios internacionales, colaboraciones con artistas de renombre y un impacto evidente en la proyecci\u00f3n de la m\u00fasica boliviana fuera de sus fronteras. Su voz, carisma y disciplina art\u00edstica han sido aplaudidos tanto por el p\u00fablico como por cr\u00edticos especializados.<\/p>\n<p><strong>RECONOCIMIENTO AL TALENTO BOLIVIANO<\/strong><\/p>\n<p>La concesi\u00f3n de la Green Card a Camila Soruco no solo marca un logro personal, sino que representa tambi\u00e9n un motivo de orgullo para Bolivia. En un contexto migratorio cada vez m\u00e1s exigente, que valora \u00fanicamente a los perfiles m\u00e1s calificados y reconocidos, este tipo de aprobaciones confirma el valor y la fuerza del talento latinoamericano cuando se combina con esfuerzo, perseverancia y excelencia.<\/p>\n<p>\u201cEl proceso fue largo, detallado y exigente, como debe ser cuando se trata de una categor\u00eda tan exclusiva. Pero el haberlo enfrentado con transparencia, con toda la documentaci\u00f3n, reconocimientos y m\u00e9ritos en orden, hace que este logro tenga un sabor a\u00fan m\u00e1s especial\u201d, agreg\u00f3 la artista.<\/p>\n<p><strong>UN NUEVO CAP\u00cdTULO<\/strong><\/p>\n<p>Con la residencia permanente en mano, Camila Soruco inicia una nueva etapa en su carrera, con proyectos que apuntan a consolidar su presencia en Estados Unidos y ampliar su alcance global. Nuevos lanzamientos, giras y colaboraciones internacionales ya se encuentran en planificaci\u00f3n.<\/p>\n<p>Este reconocimiento internacional a su trayectoria no solo abrir\u00e1 puertas a nivel art\u00edstico, sino tambi\u00e9n servir\u00e1 como inspiraci\u00f3n para nuevas generaciones de m\u00fasicos y artistas bolivianos que sue\u00f1an con llegar lejos sin renunciar a sus ra\u00edces.<\/p>\n<p>\u201cLo importante es nunca dejar de creer, pero tambi\u00e9n prepararse, formarse, respetar los procesos y dar lo mejor de uno mismo en cada escenario. Si hay algo que he aprendido en este camino, es que el talento abre puertas, pero la disciplina las mantiene abiertas\u201d, concluy\u00f3.<\/p>\n<p>Camila Soruco se une as\u00ed a la exclusiva lista de artistas que han logrado obtener la Green Card por talento extraordinario, dejando en alto el nombre de Bolivia y reafirmando que el arte, cuando se cultiva con pasi\u00f3n y compromiso, no conoce fronteras.<\/p>\n<p><strong>PARA RECORDAR<\/strong><\/p>\n<p>Camila Soruco naci\u00f3 en Santa Cruz. Estudi\u00f3 artes musicales, danza, ballet, bailes de sal\u00f3n y auditor\u00eda p\u00fablica. Descubri\u00f3 su pasi\u00f3n musical a los tres a\u00f1os. \u201cGracias a mi pap\u00e1 que tocaba la guitarra y cantaba conmigo sentada en su falda, de esa manera fui desarrollando mi o\u00eddo musical y luego yo sola comenc\u00e9 a cantar con los peines de mi mam\u00e1 (sonr\u00ede) frente al espejo o cuando pon\u00eda a todas mis mu\u00f1ecas como p\u00fablico y les cantaba\u201d, record\u00f3 \u00a0sobre sus inicios la cantante en una anterior entrevista con La Gu\u00eda.<\/p>\n<p>Profesionalmente Camila canta desde los 17 a\u00f1os. Desde ese momento ha cantado de todo y para todo p\u00fablico. \u201cEn todo momento tuve claro mi objetivo principal, crecer de manera integral, y la \u00fanica manera de aprender era probando diferentes g\u00e9neros y estilos y eso hice\u201d, rememor\u00f3.<\/p>\n<p>Camila es due\u00f1a de una voz grave, potente y sentimental, pero ella prefiere decir que simplemente \u201ccanta con el alma\u201d.<\/p>\n<p>\u201cLa m\u00fasica es mi vida, es la forma de c\u00f3mo logro sentirme libre, plena y apasionada, es donde yo pertenec\u00ed siempre, es mi pasi\u00f3n y lo que me hace feliz\u201d, expresaba esta sobresaliente cantante boliviana que a lo largo de su carrera ha obtenido varios premios internacionales a la calidad art\u00edstica.<\/p>\n<p>Hoy es una artista que sigue trabajando en pro de alcanzar sus metas y por ello tiene grandes aspiraciones para la m\u00fasica boliviana a nivel internacional.<\/p>\n\r\n                <style type=\"text\/css\">\r\n                    \r\n                    #tdi_1  .td-doubleSlider-2 .td-item1 {\r\n                        background: url(https:\/\/www.eldiario.net\/portal\/wp-content\/uploads\/2025\/08\/6-80x60.webp) 0 0 no-repeat;\r\n                    }\r\n                    #tdi_1  .td-doubleSlider-2 .td-item2 {\r\n                        background: url(https:\/\/www.eldiario.net\/portal\/wp-content\/uploads\/2025\/08\/1-PRINCIPAL-80x60.webp) 0 0 no-repeat;\r\n                    }\r\n                    #tdi_1  .td-doubleSlider-2 .td-item3 {\r\n                        background: url(https:\/\/www.eldiario.net\/portal\/wp-content\/uploads\/2025\/08\/2-80x60.webp) 0 0 no-repeat;\r\n                    }\r\n                    #tdi_1  .td-doubleSlider-2 .td-item4 {\r\n                        background: url(https:\/\/www.eldiario.net\/portal\/wp-content\/uploads\/2025\/08\/3-80x60.webp) 0 0 no-repeat;\r\n                    }\r\n                    #tdi_1  .td-doubleSlider-2 .td-item5 {\r\n                        background: url(https:\/\/www.eldiario.net\/portal\/wp-content\/uploads\/2025\/08\/4-80x60.webp) 0 0 no-repeat;\r\n                    }\r\n                    #tdi_1  .td-doubleSlider-2 .td-item6 {\r\n                        background: url(https:\/\/www.eldiario.net\/portal\/wp-content\/uploads\/2025\/08\/5-80x60.webp) 0 0 no-repeat;\r\n                    }\r\n                <\/style>\r\n\r\n                <div id=\"tdi_1\" class=\"td-gallery td-slide-on-2-columns\">\r\n                    <div class=\"post_td_gallery\">\r\n                        <div class=\"td-gallery-slide-top\">\r\n                           <div class=\"td-gallery-title\"><\/div>\r\n\r\n                            <div class=\"td-gallery-controls-wrapper\">\r\n                                <div class=\"td-gallery-slide-count\"><span class=\"td-gallery-slide-item-focus\">1<\/span> de 6<\/div>\r\n                                <div class=\"td-gallery-slide-prev-next-but\">\r\n                                    <i class = \"td-icon-left doubleSliderPrevButton\"><\/i>\r\n                                    <i class = \"td-icon-right doubleSliderNextButton\"><\/i>\r\n                                <\/div>\r\n                            <\/div>\r\n                        <\/div>\r\n\r\n                        <div class = \"td-doubleSlider-1 \">\r\n                            <div class = \"td-slider\">\r\n                                \r\n                    <div class = \"td-slide-item td-item1\">\r\n                        <figure class=\"td-slide-galery-figure td-slide-popup-gallery\">\r\n                            <a class=\"slide-gallery-image-link\" href=\"https:\/\/www.eldiario.net\/portal\/wp-content\/uploads\/2025\/08\/6.webp\" title=\"6\"  data-caption=\"\"  data-description=\"\">\r\n                                <img decoding=\"async\" src=\"https:\/\/www.eldiario.net\/portal\/wp-content\/uploads\/2025\/08\/6-280x420.webp\" srcset=\"https:\/\/www.eldiario.net\/portal\/wp-content\/uploads\/2025\/08\/6-280x420.webp 280w, https:\/\/www.eldiario.net\/portal\/wp-content\/uploads\/2025\/08\/6-200x300.webp 200w, https:\/\/www.eldiario.net\/portal\/wp-content\/uploads\/2025\/08\/6-683x1024.webp 683w, https:\/\/www.eldiario.net\/portal\/wp-content\/uploads\/2025\/08\/6-768x1152.webp 768w, https:\/\/www.eldiario.net\/portal\/wp-content\/uploads\/2025\/08\/6-1024x1536.webp 1024w, https:\/\/www.eldiario.net\/portal\/wp-content\/uploads\/2025\/08\/6-150x225.webp 150w, https:\/\/www.eldiario.net\/portal\/wp-content\/uploads\/2025\/08\/6-300x450.webp 300w, https:\/\/www.eldiario.net\/portal\/wp-content\/uploads\/2025\/08\/6-696x1044.webp 696w, https:\/\/www.eldiario.net\/portal\/wp-content\/uploads\/2025\/08\/6-1068x1602.webp 1068w, https:\/\/www.eldiario.net\/portal\/wp-content\/uploads\/2025\/08\/6.webp 1200w\" sizes=\"(max-width: 280px) 100vw, 280px\" alt=\"\">\r\n                            <\/a>\r\n                            \r\n                        <\/figure>\r\n                    <\/div>\r\n                    <div class = \"td-slide-item td-item2\">\r\n                        <figure class=\"td-slide-galery-figure td-slide-popup-gallery\">\r\n                            <a class=\"slide-gallery-image-link\" href=\"https:\/\/www.eldiario.net\/portal\/wp-content\/uploads\/2025\/08\/1-PRINCIPAL.webp\" title=\"1-PRINCIPAL\"  data-caption=\"\"  data-description=\"\">\r\n                                <img decoding=\"async\" src=\"https:\/\/www.eldiario.net\/portal\/wp-content\/uploads\/2025\/08\/1-PRINCIPAL-280x420.webp\" srcset=\"https:\/\/www.eldiario.net\/portal\/wp-content\/uploads\/2025\/08\/1-PRINCIPAL-280x420.webp 280w, https:\/\/www.eldiario.net\/portal\/wp-content\/uploads\/2025\/08\/1-PRINCIPAL-200x300.webp 200w, https:\/\/www.eldiario.net\/portal\/wp-content\/uploads\/2025\/08\/1-PRINCIPAL-683x1024.webp 683w, https:\/\/www.eldiario.net\/portal\/wp-content\/uploads\/2025\/08\/1-PRINCIPAL-768x1151.webp 768w, https:\/\/www.eldiario.net\/portal\/wp-content\/uploads\/2025\/08\/1-PRINCIPAL-1025x1536.webp 1025w, https:\/\/www.eldiario.net\/portal\/wp-content\/uploads\/2025\/08\/1-PRINCIPAL-150x225.webp 150w, https:\/\/www.eldiario.net\/portal\/wp-content\/uploads\/2025\/08\/1-PRINCIPAL-300x450.webp 300w, https:\/\/www.eldiario.net\/portal\/wp-content\/uploads\/2025\/08\/1-PRINCIPAL-696x1043.webp 696w, https:\/\/www.eldiario.net\/portal\/wp-content\/uploads\/2025\/08\/1-PRINCIPAL-1068x1600.webp 1068w, https:\/\/www.eldiario.net\/portal\/wp-content\/uploads\/2025\/08\/1-PRINCIPAL.webp 1200w\" sizes=\"(max-width: 280px) 100vw, 280px\" alt=\"\">\r\n                            <\/a>\r\n                            \r\n                        <\/figure>\r\n                    <\/div>\r\n                    <div class = \"td-slide-item td-item3\">\r\n                        <figure class=\"td-slide-galery-figure td-slide-popup-gallery\">\r\n                            <a class=\"slide-gallery-image-link\" href=\"https:\/\/www.eldiario.net\/portal\/wp-content\/uploads\/2025\/08\/2.webp\" title=\"2\"  data-caption=\"\"  data-description=\"\">\r\n                                <img decoding=\"async\" src=\"https:\/\/www.eldiario.net\/portal\/wp-content\/uploads\/2025\/08\/2-280x420.webp\" srcset=\"https:\/\/www.eldiario.net\/portal\/wp-content\/uploads\/2025\/08\/2-280x420.webp 280w, https:\/\/www.eldiario.net\/portal\/wp-content\/uploads\/2025\/08\/2-200x300.webp 200w, https:\/\/www.eldiario.net\/portal\/wp-content\/uploads\/2025\/08\/2-683x1024.webp 683w, https:\/\/www.eldiario.net\/portal\/wp-content\/uploads\/2025\/08\/2-768x1152.webp 768w, https:\/\/www.eldiario.net\/portal\/wp-content\/uploads\/2025\/08\/2-1024x1536.webp 1024w, https:\/\/www.eldiario.net\/portal\/wp-content\/uploads\/2025\/08\/2-150x225.webp 150w, https:\/\/www.eldiario.net\/portal\/wp-content\/uploads\/2025\/08\/2-300x450.webp 300w, https:\/\/www.eldiario.net\/portal\/wp-content\/uploads\/2025\/08\/2-696x1044.webp 696w, https:\/\/www.eldiario.net\/portal\/wp-content\/uploads\/2025\/08\/2-1068x1602.webp 1068w, https:\/\/www.eldiario.net\/portal\/wp-content\/uploads\/2025\/08\/2.webp 1200w\" sizes=\"(max-width: 280px) 100vw, 280px\" alt=\"\">\r\n                            <\/a>\r\n                            \r\n                        <\/figure>\r\n                    <\/div>\r\n                    <div class = \"td-slide-item td-item4\">\r\n                        <figure class=\"td-slide-galery-figure td-slide-popup-gallery\">\r\n                            <a class=\"slide-gallery-image-link\" href=\"https:\/\/www.eldiario.net\/portal\/wp-content\/uploads\/2025\/08\/3.webp\" title=\"3\"  data-caption=\"\"  data-description=\"\">\r\n                                <img decoding=\"async\" src=\"https:\/\/www.eldiario.net\/portal\/wp-content\/uploads\/2025\/08\/3-392x420.webp\" srcset=\"https:\/\/www.eldiario.net\/portal\/wp-content\/uploads\/2025\/08\/3-392x420.webp 392w, https:\/\/www.eldiario.net\/portal\/wp-content\/uploads\/2025\/08\/3-280x300.webp 280w, https:\/\/www.eldiario.net\/portal\/wp-content\/uploads\/2025\/08\/3-956x1024.webp 956w, https:\/\/www.eldiario.net\/portal\/wp-content\/uploads\/2025\/08\/3-768x823.webp 768w, https:\/\/www.eldiario.net\/portal\/wp-content\/uploads\/2025\/08\/3-150x161.webp 150w, https:\/\/www.eldiario.net\/portal\/wp-content\/uploads\/2025\/08\/3-300x322.webp 300w, https:\/\/www.eldiario.net\/portal\/wp-content\/uploads\/2025\/08\/3-696x746.webp 696w, https:\/\/www.eldiario.net\/portal\/wp-content\/uploads\/2025\/08\/3-1068x1145.webp 1068w, https:\/\/www.eldiario.net\/portal\/wp-content\/uploads\/2025\/08\/3.webp 1200w\" sizes=\"(max-width: 392px) 100vw, 392px\" alt=\"\">\r\n                            <\/a>\r\n                            \r\n                        <\/figure>\r\n                    <\/div>\r\n                    <div class = \"td-slide-item td-item5\">\r\n                        <figure class=\"td-slide-galery-figure td-slide-popup-gallery\">\r\n                            <a class=\"slide-gallery-image-link\" href=\"https:\/\/www.eldiario.net\/portal\/wp-content\/uploads\/2025\/08\/4.webp\" title=\"4\"  data-caption=\"\"  data-description=\"\">\r\n                                <img decoding=\"async\" src=\"https:\/\/www.eldiario.net\/portal\/wp-content\/uploads\/2025\/08\/4-364x420.webp\" srcset=\"https:\/\/www.eldiario.net\/portal\/wp-content\/uploads\/2025\/08\/4-364x420.webp 364w, https:\/\/www.eldiario.net\/portal\/wp-content\/uploads\/2025\/08\/4-260x300.webp 260w, https:\/\/www.eldiario.net\/portal\/wp-content\/uploads\/2025\/08\/4-887x1024.webp 887w, https:\/\/www.eldiario.net\/portal\/wp-content\/uploads\/2025\/08\/4-768x887.webp 768w, https:\/\/www.eldiario.net\/portal\/wp-content\/uploads\/2025\/08\/4-150x173.webp 150w, https:\/\/www.eldiario.net\/portal\/wp-content\/uploads\/2025\/08\/4-300x347.webp 300w, https:\/\/www.eldiario.net\/portal\/wp-content\/uploads\/2025\/08\/4-696x804.webp 696w, https:\/\/www.eldiario.net\/portal\/wp-content\/uploads\/2025\/08\/4-1068x1234.webp 1068w, https:\/\/www.eldiario.net\/portal\/wp-content\/uploads\/2025\/08\/4.webp 1200w\" sizes=\"(max-width: 364px) 100vw, 364px\" alt=\"\">\r\n                            <\/a>\r\n                            \r\n                        <\/figure>\r\n                    <\/div>\r\n                    <div class = \"td-slide-item td-item6\">\r\n                        <figure class=\"td-slide-galery-figure td-slide-popup-gallery\">\r\n                            <a class=\"slide-gallery-image-link\" href=\"https:\/\/www.eldiario.net\/portal\/wp-content\/uploads\/2025\/08\/5.webp\" title=\"5\"  data-caption=\"\"  data-description=\"\">\r\n                                <img decoding=\"async\" src=\"https:\/\/www.eldiario.net\/portal\/wp-content\/uploads\/2025\/08\/5-280x420.webp\" srcset=\"https:\/\/www.eldiario.net\/portal\/wp-content\/uploads\/2025\/08\/5-280x420.webp 280w, https:\/\/www.eldiario.net\/portal\/wp-content\/uploads\/2025\/08\/5-200x300.webp 200w, https:\/\/www.eldiario.net\/portal\/wp-content\/uploads\/2025\/08\/5-683x1024.webp 683w, https:\/\/www.eldiario.net\/portal\/wp-content\/uploads\/2025\/08\/5-768x1152.webp 768w, https:\/\/www.eldiario.net\/portal\/wp-content\/uploads\/2025\/08\/5-1024x1536.webp 1024w, https:\/\/www.eldiario.net\/portal\/wp-content\/uploads\/2025\/08\/5-150x225.webp 150w, https:\/\/www.eldiario.net\/portal\/wp-content\/uploads\/2025\/08\/5-300x450.webp 300w, https:\/\/www.eldiario.net\/portal\/wp-content\/uploads\/2025\/08\/5-696x1044.webp 696w, https:\/\/www.eldiario.net\/portal\/wp-content\/uploads\/2025\/08\/5-1068x1602.webp 1068w, https:\/\/www.eldiario.net\/portal\/wp-content\/uploads\/2025\/08\/5.webp 1200w\" sizes=\"(max-width: 280px) 100vw, 280px\" alt=\"\">\r\n                            <\/a>\r\n                            \r\n                        <\/figure>\r\n                    <\/div>\r\n                            <\/div>\r\n                        <\/div>\r\n\r\n                        <div class = \"td-doubleSlider-2\">\r\n                            <div class = \"td-slider\">\r\n                                \r\n                    <div class = \"td-button td-item1\">\r\n                        <div class = \"td-border\"><\/div>\r\n                    <\/div>\r\n                    <div class = \"td-button td-item2\">\r\n                        <div class = \"td-border\"><\/div>\r\n                    <\/div>\r\n                    <div class = \"td-button td-item3\">\r\n                        <div class = \"td-border\"><\/div>\r\n                    <\/div>\r\n                    <div class = \"td-button td-item4\">\r\n                        <div class = \"td-border\"><\/div>\r\n                    <\/div>\r\n                    <div class = \"td-button td-item5\">\r\n                        <div class = \"td-border\"><\/div>\r\n                    <\/div>\r\n                    <div class = \"td-button td-item6\">\r\n                        <div class = \"td-border\"><\/div>\r\n                    <\/div>\r\n                            <\/div>\r\n                        <\/div>\r\n\r\n                    <\/div>\r\n\r\n                <\/div>\r\n                \n","protected":false},"excerpt":{"rendered":"<p>El Gobierno de Estados Unidos ha concedido oficialmente la residencia permanente \u2014conocida como Green Card\u2014 a la cantante boliviana Camila Soruco, como reconocimiento a su talento extraordinario y su sobresaliente trayectoria internacional en el \u00e1mbito musical. La distinci\u00f3n fue otorgada bajo la prestigiosa categor\u00eda de visa EB-1A, reservada \u00fanicamente para individuos que han demostrado logros [&hellip;]<\/p>\n","protected":false},"author":1,"featured_media":322125,"comment_status":"closed","ping_status":"open","sticky":false,"template":"","format":"standard","meta":{"_acf_changed":false,"footnotes":""},"categories":[41],"tags":[],"class_list":["post-322123","post","type-post","status-publish","format-standard","has-post-thumbnail","category-la-guia"],"acf":{"antetitulo":""},"yoast_head":"<!-- This site is optimized with the Yoast SEO plugin v28.4 - https:\/\/yoast.com\/product\/yoast-seo-wordpress\/ -->\n<title>Reconocen talento y trayectoria internacional de Camila Soruco - El Diario - Bolivia<\/title>\n<meta name=\"robots\" content=\"index, follow, max-snippet:-1, max-image-preview:large, max-video-preview:-1\" \/>\n<link rel=\"canonical\" href=\"https:\/\/www.eldiario.net\/portal\/2025\/08\/06\/reconocen-talento-y-trayectoria-internacional-de-camila-soruco\/\" \/>\n<meta property=\"og:locale\" content=\"es_ES\" \/>\n<meta property=\"og:type\" content=\"article\" \/>\n<meta property=\"og:title\" content=\"Reconocen talento y trayectoria internacional de Camila Soruco - El Diario - Bolivia\" \/>\n<meta property=\"og:description\" content=\"El Gobierno de Estados Unidos ha concedido oficialmente la residencia permanente \u2014conocida como Green Card\u2014 a la cantante boliviana Camila Soruco, como reconocimiento a su talento extraordinario y su sobresaliente trayectoria internacional en el \u00e1mbito musical. La distinci\u00f3n fue otorgada bajo la prestigiosa categor\u00eda de visa EB-1A, reservada \u00fanicamente para individuos que han demostrado logros [&hellip;]\" \/>\n<meta property=\"og:url\" content=\"https:\/\/www.eldiario.net\/portal\/2025\/08\/06\/reconocen-talento-y-trayectoria-internacional-de-camila-soruco\/\" \/>\n<meta property=\"og:site_name\" content=\"El Diario - Bolivia\" \/>\n<meta property=\"article:publisher\" content=\"https:\/\/www.facebook.com\/eldiario.bolivia\/\" \/>\n<meta property=\"article:published_time\" content=\"2025-08-06T10:56:29+00:00\" \/>\n<meta property=\"og:image\" content=\"https:\/\/www.eldiario.net\/portal\/wp-content\/uploads\/2025\/08\/1-PRINCIPAL.webp\" \/>\n\t<meta property=\"og:image:width\" content=\"1200\" \/>\n\t<meta property=\"og:image:height\" content=\"1798\" \/>\n\t<meta property=\"og:image:type\" content=\"image\/webp\" \/>\n<meta name=\"author\" content=\"Jeanette\" \/>\n<meta name=\"twitter:card\" content=\"summary_large_image\" \/>\n<meta name=\"twitter:creator\" content=\"@eldiario_net\" \/>\n<meta name=\"twitter:site\" content=\"@eldiario_net\" \/>\n<meta name=\"twitter:label1\" content=\"Escrito por\" \/>\n\t<meta name=\"twitter:data1\" content=\"Jeanette\" \/>\n\t<meta name=\"twitter:label2\" content=\"Tiempo de lectura\" \/>\n\t<meta name=\"twitter:data2\" content=\"5 minutos\" \/>\n<script type=\"application\/ld+json\" class=\"yoast-schema-graph\">{\"@context\":\"https:\\\/\\\/schema.org\",\"@graph\":[{\"@type\":\"Article\",\"@id\":\"https:\\\/\\\/www.eldiario.net\\\/portal\\\/2025\\\/08\\\/06\\\/reconocen-talento-y-trayectoria-internacional-de-camila-soruco\\\/#article\",\"isPartOf\":{\"@id\":\"https:\\\/\\\/www.eldiario.net\\\/portal\\\/2025\\\/08\\\/06\\\/reconocen-talento-y-trayectoria-internacional-de-camila-soruco\\\/\"},\"author\":{\"name\":\"Jeanette\",\"@id\":\"https:\\\/\\\/www.eldiario.net\\\/portal\\\/#\\\/schema\\\/person\\\/2c57cf2b7a7ae032e449e4c9b1019eac\"},\"headline\":\"Reconocen talento y trayectoria internacional de Camila Soruco\",\"datePublished\":\"2025-08-06T10:56:29+00:00\",\"mainEntityOfPage\":{\"@id\":\"https:\\\/\\\/www.eldiario.net\\\/portal\\\/2025\\\/08\\\/06\\\/reconocen-talento-y-trayectoria-internacional-de-camila-soruco\\\/\"},\"wordCount\":907,\"publisher\":{\"@id\":\"https:\\\/\\\/www.eldiario.net\\\/portal\\\/#organization\"},\"image\":{\"@id\":\"https:\\\/\\\/www.eldiario.net\\\/portal\\\/2025\\\/08\\\/06\\\/reconocen-talento-y-trayectoria-internacional-de-camila-soruco\\\/#primaryimage\"},\"thumbnailUrl\":\"https:\\\/\\\/www.eldiario.net\\\/portal\\\/wp-content\\\/uploads\\\/2025\\\/08\\\/1-PRINCIPAL.webp\",\"articleSection\":[\"La Gu\u00eda\"],\"inLanguage\":\"es\"},{\"@type\":\"WebPage\",\"@id\":\"https:\\\/\\\/www.eldiario.net\\\/portal\\\/2025\\\/08\\\/06\\\/reconocen-talento-y-trayectoria-internacional-de-camila-soruco\\\/\",\"url\":\"https:\\\/\\\/www.eldiario.net\\\/portal\\\/2025\\\/08\\\/06\\\/reconocen-talento-y-trayectoria-internacional-de-camila-soruco\\\/\",\"name\":\"Reconocen talento y trayectoria internacional de Camila Soruco - El Diario - Bolivia\",\"isPartOf\":{\"@id\":\"https:\\\/\\\/www.eldiario.net\\\/portal\\\/#website\"},\"primaryImageOfPage\":{\"@id\":\"https:\\\/\\\/www.eldiario.net\\\/portal\\\/2025\\\/08\\\/06\\\/reconocen-talento-y-trayectoria-internacional-de-camila-soruco\\\/#primaryimage\"},\"image\":{\"@id\":\"https:\\\/\\\/www.eldiario.net\\\/portal\\\/2025\\\/08\\\/06\\\/reconocen-talento-y-trayectoria-internacional-de-camila-soruco\\\/#primaryimage\"},\"thumbnailUrl\":\"https:\\\/\\\/www.eldiario.net\\\/portal\\\/wp-content\\\/uploads\\\/2025\\\/08\\\/1-PRINCIPAL.webp\",\"datePublished\":\"2025-08-06T10:56:29+00:00\",\"breadcrumb\":{\"@id\":\"https:\\\/\\\/www.eldiario.net\\\/portal\\\/2025\\\/08\\\/06\\\/reconocen-talento-y-trayectoria-internacional-de-camila-soruco\\\/#breadcrumb\"},\"inLanguage\":\"es\",\"potentialAction\":[{\"@type\":\"ReadAction\",\"target\":[\"https:\\\/\\\/www.eldiario.net\\\/portal\\\/2025\\\/08\\\/06\\\/reconocen-talento-y-trayectoria-internacional-de-camila-soruco\\\/\"]}]},{\"@type\":\"ImageObject\",\"inLanguage\":\"es\",\"@id\":\"https:\\\/\\\/www.eldiario.net\\\/portal\\\/2025\\\/08\\\/06\\\/reconocen-talento-y-trayectoria-internacional-de-camila-soruco\\\/#primaryimage\",\"url\":\"https:\\\/\\\/www.eldiario.net\\\/portal\\\/wp-content\\\/uploads\\\/2025\\\/08\\\/1-PRINCIPAL.webp\",\"contentUrl\":\"https:\\\/\\\/www.eldiario.net\\\/portal\\\/wp-content\\\/uploads\\\/2025\\\/08\\\/1-PRINCIPAL.webp\",\"width\":1200,\"height\":1798},{\"@type\":\"BreadcrumbList\",\"@id\":\"https:\\\/\\\/www.eldiario.net\\\/portal\\\/2025\\\/08\\\/06\\\/reconocen-talento-y-trayectoria-internacional-de-camila-soruco\\\/#breadcrumb\",\"itemListElement\":[{\"@type\":\"ListItem\",\"position\":1,\"name\":\"Portada\",\"item\":\"https:\\\/\\\/www.eldiario.net\\\/portal\\\/\"},{\"@type\":\"ListItem\",\"position\":2,\"name\":\"Reconocen talento y trayectoria internacional de Camila Soruco\"}]},{\"@type\":\"WebSite\",\"@id\":\"https:\\\/\\\/www.eldiario.net\\\/portal\\\/#website\",\"url\":\"https:\\\/\\\/www.eldiario.net\\\/portal\\\/\",\"name\":\"El Diario - Decano de la prensa nacional\",\"description\":\"El Diario - Decano de la prensa nacional\",\"publisher\":{\"@id\":\"https:\\\/\\\/www.eldiario.net\\\/portal\\\/#organization\"},\"potentialAction\":[{\"@type\":\"SearchAction\",\"target\":{\"@type\":\"EntryPoint\",\"urlTemplate\":\"https:\\\/\\\/www.eldiario.net\\\/portal\\\/?s={search_term_string}\"},\"query-input\":{\"@type\":\"PropertyValueSpecification\",\"valueRequired\":true,\"valueName\":\"search_term_string\"}}],\"inLanguage\":\"es\"},{\"@type\":\"Organization\",\"@id\":\"https:\\\/\\\/www.eldiario.net\\\/portal\\\/#organization\",\"name\":\"El Diario - Decano de la prensa nacional\",\"url\":\"https:\\\/\\\/www.eldiario.net\\\/portal\\\/\",\"logo\":{\"@type\":\"ImageObject\",\"inLanguage\":\"es\",\"@id\":\"https:\\\/\\\/www.eldiario.net\\\/portal\\\/#\\\/schema\\\/logo\\\/image\\\/\",\"url\":\"https:\\\/\\\/www.eldiario.net\\\/portal\\\/wp-content\\\/uploads\\\/2023\\\/07\\\/logo_ED.jpg\",\"contentUrl\":\"https:\\\/\\\/www.eldiario.net\\\/portal\\\/wp-content\\\/uploads\\\/2023\\\/07\\\/logo_ED.jpg\",\"width\":272,\"height\":52,\"caption\":\"El Diario - Decano de la prensa nacional\"},\"image\":{\"@id\":\"https:\\\/\\\/www.eldiario.net\\\/portal\\\/#\\\/schema\\\/logo\\\/image\\\/\"},\"sameAs\":[\"https:\\\/\\\/www.facebook.com\\\/eldiario.bolivia\\\/\",\"https:\\\/\\\/x.com\\\/eldiario_net\"]},{\"@type\":\"Person\",\"@id\":\"https:\\\/\\\/www.eldiario.net\\\/portal\\\/#\\\/schema\\\/person\\\/2c57cf2b7a7ae032e449e4c9b1019eac\",\"name\":\"Jeanette\",\"image\":{\"@type\":\"ImageObject\",\"inLanguage\":\"es\",\"@id\":\"https:\\\/\\\/secure.gravatar.com\\\/avatar\\\/3ea2118a5f7dad2b7138b1187a6b7ee55f160b9968b66013c3a3ef39dd7e5798?s=96&d=mm&r=g\",\"url\":\"https:\\\/\\\/secure.gravatar.com\\\/avatar\\\/3ea2118a5f7dad2b7138b1187a6b7ee55f160b9968b66013c3a3ef39dd7e5798?s=96&d=mm&r=g\",\"contentUrl\":\"https:\\\/\\\/secure.gravatar.com\\\/avatar\\\/3ea2118a5f7dad2b7138b1187a6b7ee55f160b9968b66013c3a3ef39dd7e5798?s=96&d=mm&r=g\",\"caption\":\"Jeanette\"},\"sameAs\":[\"https:\\\/\\\/www.eldiario.net\\\/portal\"],\"url\":\"https:\\\/\\\/www.eldiario.net\\\/portal\\\/author\\\/jeanette\\\/\"}]}<\/script>\n<!-- \/ Yoast SEO plugin. -->","yoast_head_json":{"title":"Reconocen talento y trayectoria internacional de Camila Soruco - El Diario - Bolivia","robots":{"index":"index","follow":"follow","max-snippet":"max-snippet:-1","max-image-preview":"max-image-preview:large","max-video-preview":"max-video-preview:-1"},"canonical":"https:\/\/www.eldiario.net\/portal\/2025\/08\/06\/reconocen-talento-y-trayectoria-internacional-de-camila-soruco\/","og_locale":"es_ES","og_type":"article","og_title":"Reconocen talento y trayectoria internacional de Camila Soruco - El Diario - Bolivia","og_description":"El Gobierno de Estados Unidos ha concedido oficialmente la residencia permanente \u2014conocida como Green Card\u2014 a la cantante boliviana Camila Soruco, como reconocimiento a su talento extraordinario y su sobresaliente trayectoria internacional en el \u00e1mbito musical. La distinci\u00f3n fue otorgada bajo la prestigiosa categor\u00eda de visa EB-1A, reservada \u00fanicamente para individuos que han demostrado logros [&hellip;]","og_url":"https:\/\/www.eldiario.net\/portal\/2025\/08\/06\/reconocen-talento-y-trayectoria-internacional-de-camila-soruco\/","og_site_name":"El Diario - Bolivia","article_publisher":"https:\/\/www.facebook.com\/eldiario.bolivia\/","article_published_time":"2025-08-06T10:56:29+00:00","og_image":[{"width":1200,"height":1798,"url":"https:\/\/www.eldiario.net\/portal\/wp-content\/uploads\/2025\/08\/1-PRINCIPAL.webp","type":"image\/webp"}],"author":"Jeanette","twitter_card":"summary_large_image","twitter_creator":"@eldiario_net","twitter_site":"@eldiario_net","twitter_misc":{"Escrito por":"Jeanette","Tiempo de lectura":"5 minutos"},"schema":{"@context":"https:\/\/schema.org","@graph":[{"@type":"Article","@id":"https:\/\/www.eldiario.net\/portal\/2025\/08\/06\/reconocen-talento-y-trayectoria-internacional-de-camila-soruco\/#article","isPartOf":{"@id":"https:\/\/www.eldiario.net\/portal\/2025\/08\/06\/reconocen-talento-y-trayectoria-internacional-de-camila-soruco\/"},"author":{"name":"Jeanette","@id":"https:\/\/www.eldiario.net\/portal\/#\/schema\/person\/2c57cf2b7a7ae032e449e4c9b1019eac"},"headline":"Reconocen talento y trayectoria internacional de Camila Soruco","datePublished":"2025-08-06T10:56:29+00:00","mainEntityOfPage":{"@id":"https:\/\/www.eldiario.net\/portal\/2025\/08\/06\/reconocen-talento-y-trayectoria-internacional-de-camila-soruco\/"},"wordCount":907,"publisher":{"@id":"https:\/\/www.eldiario.net\/portal\/#organization"},"image":{"@id":"https:\/\/www.eldiario.net\/portal\/2025\/08\/06\/reconocen-talento-y-trayectoria-internacional-de-camila-soruco\/#primaryimage"},"thumbnailUrl":"https:\/\/www.eldiario.net\/portal\/wp-content\/uploads\/2025\/08\/1-PRINCIPAL.webp","articleSection":["La Gu\u00eda"],"inLanguage":"es"},{"@type":"WebPage","@id":"https:\/\/www.eldiario.net\/portal\/2025\/08\/06\/reconocen-talento-y-trayectoria-internacional-de-camila-soruco\/","url":"https:\/\/www.eldiario.net\/portal\/2025\/08\/06\/reconocen-talento-y-trayectoria-internacional-de-camila-soruco\/","name":"Reconocen talento y trayectoria internacional de Camila Soruco - El Diario - Bolivia","isPartOf":{"@id":"https:\/\/www.eldiario.net\/portal\/#website"},"primaryImageOfPage":{"@id":"https:\/\/www.eldiario.net\/portal\/2025\/08\/06\/reconocen-talento-y-trayectoria-internacional-de-camila-soruco\/#primaryimage"},"image":{"@id":"https:\/\/www.eldiario.net\/portal\/2025\/08\/06\/reconocen-talento-y-trayectoria-internacional-de-camila-soruco\/#primaryimage"},"thumbnailUrl":"https:\/\/www.eldiario.net\/portal\/wp-content\/uploads\/2025\/08\/1-PRINCIPAL.webp","datePublished":"2025-08-06T10:56:29+00:00","breadcrumb":{"@id":"https:\/\/www.eldiario.net\/portal\/2025\/08\/06\/reconocen-talento-y-trayectoria-internacional-de-camila-soruco\/#breadcrumb"},"inLanguage":"es","potentialAction":[{"@type":"ReadAction","target":["https:\/\/www.eldiario.net\/portal\/2025\/08\/06\/reconocen-talento-y-trayectoria-internacional-de-camila-soruco\/"]}]},{"@type":"ImageObject","inLanguage":"es","@id":"https:\/\/www.eldiario.net\/portal\/2025\/08\/06\/reconocen-talento-y-trayectoria-internacional-de-camila-soruco\/#primaryimage","url":"https:\/\/www.eldiario.net\/portal\/wp-content\/uploads\/2025\/08\/1-PRINCIPAL.webp","contentUrl":"https:\/\/www.eldiario.net\/portal\/wp-content\/uploads\/2025\/08\/1-PRINCIPAL.webp","width":1200,"height":1798},{"@type":"BreadcrumbList","@id":"https:\/\/www.eldiario.net\/portal\/2025\/08\/06\/reconocen-talento-y-trayectoria-internacional-de-camila-soruco\/#breadcrumb","itemListElement":[{"@type":"ListItem","position":1,"name":"Portada","item":"https:\/\/www.eldiario.net\/portal\/"},{"@type":"ListItem","position":2,"name":"Reconocen talento y trayectoria internacional de Camila Soruco"}]},{"@type":"WebSite","@id":"https:\/\/www.eldiario.net\/portal\/#website","url":"https:\/\/www.eldiario.net\/portal\/","name":"El Diario - Decano de la prensa nacional","description":"El Diario - Decano de la prensa nacional","publisher":{"@id":"https:\/\/www.eldiario.net\/portal\/#organization"},"potentialAction":[{"@type":"SearchAction","target":{"@type":"EntryPoint","urlTemplate":"https:\/\/www.eldiario.net\/portal\/?s={search_term_string}"},"query-input":{"@type":"PropertyValueSpecification","valueRequired":true,"valueName":"search_term_string"}}],"inLanguage":"es"},{"@type":"Organization","@id":"https:\/\/www.eldiario.net\/portal\/#organization","name":"El Diario - Decano de la prensa nacional","url":"https:\/\/www.eldiario.net\/portal\/","logo":{"@type":"ImageObject","inLanguage":"es","@id":"https:\/\/www.eldiario.net\/portal\/#\/schema\/logo\/image\/","url":"https:\/\/www.eldiario.net\/portal\/wp-content\/uploads\/2023\/07\/logo_ED.jpg","contentUrl":"https:\/\/www.eldiario.net\/portal\/wp-content\/uploads\/2023\/07\/logo_ED.jpg","width":272,"height":52,"caption":"El Diario - Decano de la prensa nacional"},"image":{"@id":"https:\/\/www.eldiario.net\/portal\/#\/schema\/logo\/image\/"},"sameAs":["https:\/\/www.facebook.com\/eldiario.bolivia\/","https:\/\/x.com\/eldiario_net"]},{"@type":"Person","@id":"https:\/\/www.eldiario.net\/portal\/#\/schema\/person\/2c57cf2b7a7ae032e449e4c9b1019eac","name":"Jeanette","image":{"@type":"ImageObject","inLanguage":"es","@id":"https:\/\/secure.gravatar.com\/avatar\/3ea2118a5f7dad2b7138b1187a6b7ee55f160b9968b66013c3a3ef39dd7e5798?s=96&d=mm&r=g","url":"https:\/\/secure.gravatar.com\/avatar\/3ea2118a5f7dad2b7138b1187a6b7ee55f160b9968b66013c3a3ef39dd7e5798?s=96&d=mm&r=g","contentUrl":"https:\/\/secure.gravatar.com\/avatar\/3ea2118a5f7dad2b7138b1187a6b7ee55f160b9968b66013c3a3ef39dd7e5798?s=96&d=mm&r=g","caption":"Jeanette"},"sameAs":["https:\/\/www.eldiario.net\/portal"],"url":"https:\/\/www.eldiario.net\/portal\/author\/jeanette\/"}]}},"_links":{"self":[{"href":"https:\/\/www.eldiario.net\/portal\/wp-json\/wp\/v2\/posts\/322123","targetHints":{"allow":["GET"]}}],"collection":[{"href":"https:\/\/www.eldiario.net\/portal\/wp-json\/wp\/v2\/posts"}],"about":[{"href":"https:\/\/www.eldiario.net\/portal\/wp-json\/wp\/v2\/types\/post"}],"author":[{"embeddable":true,"href":"https:\/\/www.eldiario.net\/portal\/wp-json\/wp\/v2\/users\/1"}],"replies":[{"embeddable":true,"href":"https:\/\/www.eldiario.net\/portal\/wp-json\/wp\/v2\/comments?post=322123"}],"version-history":[{"count":1,"href":"https:\/\/www.eldiario.net\/portal\/wp-json\/wp\/v2\/posts\/322123\/revisions"}],"predecessor-version":[{"id":322130,"href":"https:\/\/www.eldiario.net\/portal\/wp-json\/wp\/v2\/posts\/322123\/revisions\/322130"}],"wp:featuredmedia":[{"embeddable":true,"href":"https:\/\/www.eldiario.net\/portal\/wp-json\/wp\/v2\/media\/322125"}],"wp:attachment":[{"href":"https:\/\/www.eldiario.net\/portal\/wp-json\/wp\/v2\/media?parent=322123"}],"wp:term":[{"taxonomy":"category","embeddable":true,"href":"https:\/\/www.eldiario.net\/portal\/wp-json\/wp\/v2\/categories?post=322123"},{"taxonomy":"post_tag","embeddable":true,"href":"https:\/\/www.eldiario.net\/portal\/wp-json\/wp\/v2\/tags?post=322123"}],"curies":[{"name":"wp","href":"https:\/\/api.w.org\/{rel}","templated":true}]}}