{"id":322119,"date":"2025-08-06T06:51:11","date_gmt":"2025-08-06T10:51:11","guid":{"rendered":"https:\/\/www.eldiario.net\/portal\/?p=322119"},"modified":"2025-08-06T06:51:11","modified_gmt":"2025-08-06T10:51:11","slug":"viva-bolivia-2","status":"publish","type":"post","link":"https:\/\/www.eldiario.net\/portal\/2025\/08\/06\/viva-bolivia-2\/","title":{"rendered":"\u00a1VIVA BOLIVIA!"},"content":{"rendered":"<p>Bolivia celebra 200 a\u00f1os de historia, donde tambi\u00e9n el deporte fue parte con alegr\u00edas que unieron a todos los bolivianos. Momentos hist\u00f3ricos, con leyendas que marcaron hito a lo largo del bicentenario, dan muestra de que Bolivia esperanza por mejores resultados y un futuro m\u00e1s exitoso.<br \/>\nHay pocos momentos gloriosos, pero son memorables dentro de la historia del pa\u00eds. Bolivia, que naci\u00f3 en 1825, tuvo baluartes dentro del deporte, traspasando fronteras y llevando en alto la bandera nacional.<br \/>\nHechos como ganar la Copa Am\u00e9rica en 1963, fueron algunos de los puntos m\u00e1s altos de la selecci\u00f3n nacional.<br \/>\nFue hace 62 a\u00f1os, 31 de marzo de 1963, Bolivia logr\u00f3 el mayor hito en la historia de su f\u00fatbol al coronarse campe\u00f3n del Campeonato Sudamericano, hoy conocido como Copa Am\u00e9rica. En el estadio F\u00e9lix Capriles de Cochabamba, la Verde venci\u00f3 5-4 a Brasil en un partido lleno de emociones, sellando un torneo impecable en el que termin\u00f3 invicta. Aquel t\u00edtulo sigue siendo el \u00fanico a nivel de selecciones mayores en la historia del pa\u00eds. Leyendas como V\u00edctor Agust\u00edn Ugarte, Ramiro Blacut, Wilfredo Camacho y Ausberto Garc\u00eda, fueron parte de esta potente selecci\u00f3n. Adem\u00e1s, suma el subcampeonato continental en 1997.<br \/>\nEl 17 de junio de 1994, hace 31 a\u00f1os, la selecci\u00f3n de Bolivia debutaba en el Mundial de Estados Unidos 1994. Era la primera vez que jugaba por m\u00e9rito propio y lo hac\u00eda nada menos que frente al \u00faltimo campe\u00f3n del mundo, la poderosa Alemania.<br \/>\nLa tricolor boliviana y el ritmo de los caporales estuvieron presentes en la previa al partido, en la ceremonia inaugural, que se desarroll\u00f3 en el estadio Soldier Field de Chicago ante la presencia de 66 mil personas.<br \/>\nCarlos Trucco en el arco; Carlos Borja, Miguel \u00c1ngel Rimba, Gustavo Quinteros, Marco Sandy y Luis Cristaldo en la defensa; Vladimir Soria, Milton Melgar, Julio C\u00e9sar Baldivieso y Erwin S\u00e1nchez en el medio sector; William Ramallo en el ataque, fue el elenco titular. Cabe mencionar a leyendas como Marco Antonio Etcheverry y Jaime Moreno, fueron parte.<br \/>\nY no s\u00f3lo el f\u00fatbol fue presente en la historia del deporte boliviano. El r\u00e1quetbol es la disciplina donde los bolivianos sacan la cara, pese a contar con pocos recursos. Actualmente siguen presentes sus figuras como Conrrado Moscoso, Carlos y Ronald Keller, Ang\u00e9lica Barrios; adem\u00e1s de varios deportistas que, pese a defender otros colores, nacieron en el pa\u00eds y brillan en el exterior.<br \/>\nEl tenis, desde Mario Mart\u00ednez hasta hoy con Hugo Dellien, dieron la cara por el pa\u00eds en torneos de gran talla. En el atletismo, se recuerda a grandes deportistas como Ricardo Condori hasta actualmente a fondistas como H\u00e9ctor Garibay. En el ajedrez a Nicole Mollo, como una figura emergente; en la nataci\u00f3n a la recordada Karen Torrez; en el B\u00e1squetbol al Ingavi como baluarte de este deporte; la lucha libre con Walter \u201cTataque\u201d Quisbert\u2026 en s\u00ed, varios deportistas que unieron al pa\u00eds y sellaron su huella en la historia de estos 200 a\u00f1os de Bolivia.<br \/>\nDe parte de Deportes El Diario, el mayor de los festejos al pa\u00eds y a todos nuestros lectores.<\/p>\n<p><em>ERWIN QUISPE PERCA<\/em><\/p>\n<p><img loading=\"lazy\" decoding=\"async\" class=\"alignleft size-full wp-image-322121\" src=\"https:\/\/www.eldiario.net\/portal\/wp-content\/uploads\/2025\/08\/principal-1.webp\" alt=\"\" width=\"640\" height=\"408\" srcset=\"https:\/\/www.eldiario.net\/portal\/wp-content\/uploads\/2025\/08\/principal-1.webp 640w, https:\/\/www.eldiario.net\/portal\/wp-content\/uploads\/2025\/08\/principal-1-300x191.webp 300w, https:\/\/www.eldiario.net\/portal\/wp-content\/uploads\/2025\/08\/principal-1-150x96.webp 150w\" sizes=\"auto, (max-width: 640px) 100vw, 640px\" \/><\/p>\n","protected":false},"excerpt":{"rendered":"<p>Bolivia celebra 200 a\u00f1os de historia, donde tambi\u00e9n el deporte fue parte con alegr\u00edas que unieron a todos los bolivianos. Momentos hist\u00f3ricos, con leyendas que marcaron hito a lo largo del bicentenario, dan muestra de que Bolivia esperanza por mejores resultados y un futuro m\u00e1s exitoso. Hay pocos momentos gloriosos, pero son memorables dentro de [&hellip;]<\/p>\n","protected":false},"author":1,"featured_media":322120,"comment_status":"closed","ping_status":"open","sticky":false,"template":"","format":"standard","meta":{"_acf_changed":false,"footnotes":""},"categories":[6],"tags":[],"class_list":["post-322119","post","type-post","status-publish","format-standard","has-post-thumbnail","category-deportes"],"acf":{"antetitulo":""},"yoast_head":"<!-- This site is optimized with the Yoast SEO plugin v28.4 - https:\/\/yoast.com\/product\/yoast-seo-wordpress\/ -->\n<title>\u00a1VIVA BOLIVIA! - El Diario - Bolivia<\/title>\n<meta name=\"robots\" content=\"index, follow, max-snippet:-1, max-image-preview:large, max-video-preview:-1\" \/>\n<link rel=\"canonical\" href=\"https:\/\/www.eldiario.net\/portal\/2025\/08\/06\/viva-bolivia-2\/\" \/>\n<meta property=\"og:locale\" content=\"es_ES\" \/>\n<meta property=\"og:type\" content=\"article\" \/>\n<meta property=\"og:title\" content=\"\u00a1VIVA BOLIVIA! - El Diario - Bolivia\" \/>\n<meta property=\"og:description\" content=\"Bolivia celebra 200 a\u00f1os de historia, donde tambi\u00e9n el deporte fue parte con alegr\u00edas que unieron a todos los bolivianos. Momentos hist\u00f3ricos, con leyendas que marcaron hito a lo largo del bicentenario, dan muestra de que Bolivia esperanza por mejores resultados y un futuro m\u00e1s exitoso. Hay pocos momentos gloriosos, pero son memorables dentro de [&hellip;]\" \/>\n<meta property=\"og:url\" content=\"https:\/\/www.eldiario.net\/portal\/2025\/08\/06\/viva-bolivia-2\/\" \/>\n<meta property=\"og:site_name\" content=\"El Diario - Bolivia\" \/>\n<meta property=\"article:publisher\" content=\"https:\/\/www.facebook.com\/eldiario.bolivia\/\" \/>\n<meta property=\"article:published_time\" content=\"2025-08-06T10:51:11+00:00\" \/>\n<meta property=\"og:image\" content=\"https:\/\/www.eldiario.net\/portal\/wp-content\/uploads\/2025\/08\/principal-2.webp\" \/>\n\t<meta property=\"og:image:width\" content=\"770\" \/>\n\t<meta property=\"og:image:height\" content=\"540\" \/>\n\t<meta property=\"og:image:type\" content=\"image\/webp\" \/>\n<meta name=\"author\" content=\"Jeanette\" \/>\n<meta name=\"twitter:card\" content=\"summary_large_image\" \/>\n<meta name=\"twitter:creator\" content=\"@eldiario_net\" \/>\n<meta name=\"twitter:site\" content=\"@eldiario_net\" \/>\n<meta name=\"twitter:label1\" content=\"Escrito por\" \/>\n\t<meta name=\"twitter:data1\" content=\"Jeanette\" \/>\n\t<meta name=\"twitter:label2\" content=\"Tiempo de lectura\" \/>\n\t<meta name=\"twitter:data2\" content=\"3 minutos\" \/>\n<script type=\"application\/ld+json\" class=\"yoast-schema-graph\">{\"@context\":\"https:\\\/\\\/schema.org\",\"@graph\":[{\"@type\":\"Article\",\"@id\":\"https:\\\/\\\/www.eldiario.net\\\/portal\\\/2025\\\/08\\\/06\\\/viva-bolivia-2\\\/#article\",\"isPartOf\":{\"@id\":\"https:\\\/\\\/www.eldiario.net\\\/portal\\\/2025\\\/08\\\/06\\\/viva-bolivia-2\\\/\"},\"author\":{\"name\":\"Jeanette\",\"@id\":\"https:\\\/\\\/www.eldiario.net\\\/portal\\\/#\\\/schema\\\/person\\\/2c57cf2b7a7ae032e449e4c9b1019eac\"},\"headline\":\"\u00a1VIVA BOLIVIA!\",\"datePublished\":\"2025-08-06T10:51:11+00:00\",\"mainEntityOfPage\":{\"@id\":\"https:\\\/\\\/www.eldiario.net\\\/portal\\\/2025\\\/08\\\/06\\\/viva-bolivia-2\\\/\"},\"wordCount\":545,\"publisher\":{\"@id\":\"https:\\\/\\\/www.eldiario.net\\\/portal\\\/#organization\"},\"image\":{\"@id\":\"https:\\\/\\\/www.eldiario.net\\\/portal\\\/2025\\\/08\\\/06\\\/viva-bolivia-2\\\/#primaryimage\"},\"thumbnailUrl\":\"https:\\\/\\\/www.eldiario.net\\\/portal\\\/wp-content\\\/uploads\\\/2025\\\/08\\\/principal-2.webp\",\"articleSection\":[\"Deportes\"],\"inLanguage\":\"es\"},{\"@type\":\"WebPage\",\"@id\":\"https:\\\/\\\/www.eldiario.net\\\/portal\\\/2025\\\/08\\\/06\\\/viva-bolivia-2\\\/\",\"url\":\"https:\\\/\\\/www.eldiario.net\\\/portal\\\/2025\\\/08\\\/06\\\/viva-bolivia-2\\\/\",\"name\":\"\u00a1VIVA BOLIVIA! - El Diario - Bolivia\",\"isPartOf\":{\"@id\":\"https:\\\/\\\/www.eldiario.net\\\/portal\\\/#website\"},\"primaryImageOfPage\":{\"@id\":\"https:\\\/\\\/www.eldiario.net\\\/portal\\\/2025\\\/08\\\/06\\\/viva-bolivia-2\\\/#primaryimage\"},\"image\":{\"@id\":\"https:\\\/\\\/www.eldiario.net\\\/portal\\\/2025\\\/08\\\/06\\\/viva-bolivia-2\\\/#primaryimage\"},\"thumbnailUrl\":\"https:\\\/\\\/www.eldiario.net\\\/portal\\\/wp-content\\\/uploads\\\/2025\\\/08\\\/principal-2.webp\",\"datePublished\":\"2025-08-06T10:51:11+00:00\",\"breadcrumb\":{\"@id\":\"https:\\\/\\\/www.eldiario.net\\\/portal\\\/2025\\\/08\\\/06\\\/viva-bolivia-2\\\/#breadcrumb\"},\"inLanguage\":\"es\",\"potentialAction\":[{\"@type\":\"ReadAction\",\"target\":[\"https:\\\/\\\/www.eldiario.net\\\/portal\\\/2025\\\/08\\\/06\\\/viva-bolivia-2\\\/\"]}]},{\"@type\":\"ImageObject\",\"inLanguage\":\"es\",\"@id\":\"https:\\\/\\\/www.eldiario.net\\\/portal\\\/2025\\\/08\\\/06\\\/viva-bolivia-2\\\/#primaryimage\",\"url\":\"https:\\\/\\\/www.eldiario.net\\\/portal\\\/wp-content\\\/uploads\\\/2025\\\/08\\\/principal-2.webp\",\"contentUrl\":\"https:\\\/\\\/www.eldiario.net\\\/portal\\\/wp-content\\\/uploads\\\/2025\\\/08\\\/principal-2.webp\",\"width\":770,\"height\":540},{\"@type\":\"BreadcrumbList\",\"@id\":\"https:\\\/\\\/www.eldiario.net\\\/portal\\\/2025\\\/08\\\/06\\\/viva-bolivia-2\\\/#breadcrumb\",\"itemListElement\":[{\"@type\":\"ListItem\",\"position\":1,\"name\":\"Portada\",\"item\":\"https:\\\/\\\/www.eldiario.net\\\/portal\\\/\"},{\"@type\":\"ListItem\",\"position\":2,\"name\":\"\u00a1VIVA BOLIVIA!\"}]},{\"@type\":\"WebSite\",\"@id\":\"https:\\\/\\\/www.eldiario.net\\\/portal\\\/#website\",\"url\":\"https:\\\/\\\/www.eldiario.net\\\/portal\\\/\",\"name\":\"El Diario - Decano de la prensa nacional\",\"description\":\"El Diario - Decano de la prensa nacional\",\"publisher\":{\"@id\":\"https:\\\/\\\/www.eldiario.net\\\/portal\\\/#organization\"},\"potentialAction\":[{\"@type\":\"SearchAction\",\"target\":{\"@type\":\"EntryPoint\",\"urlTemplate\":\"https:\\\/\\\/www.eldiario.net\\\/portal\\\/?s={search_term_string}\"},\"query-input\":{\"@type\":\"PropertyValueSpecification\",\"valueRequired\":true,\"valueName\":\"search_term_string\"}}],\"inLanguage\":\"es\"},{\"@type\":\"Organization\",\"@id\":\"https:\\\/\\\/www.eldiario.net\\\/portal\\\/#organization\",\"name\":\"El Diario - Decano de la prensa nacional\",\"url\":\"https:\\\/\\\/www.eldiario.net\\\/portal\\\/\",\"logo\":{\"@type\":\"ImageObject\",\"inLanguage\":\"es\",\"@id\":\"https:\\\/\\\/www.eldiario.net\\\/portal\\\/#\\\/schema\\\/logo\\\/image\\\/\",\"url\":\"https:\\\/\\\/www.eldiario.net\\\/portal\\\/wp-content\\\/uploads\\\/2023\\\/07\\\/logo_ED.jpg\",\"contentUrl\":\"https:\\\/\\\/www.eldiario.net\\\/portal\\\/wp-content\\\/uploads\\\/2023\\\/07\\\/logo_ED.jpg\",\"width\":272,\"height\":52,\"caption\":\"El Diario - Decano de la prensa nacional\"},\"image\":{\"@id\":\"https:\\\/\\\/www.eldiario.net\\\/portal\\\/#\\\/schema\\\/logo\\\/image\\\/\"},\"sameAs\":[\"https:\\\/\\\/www.facebook.com\\\/eldiario.bolivia\\\/\",\"https:\\\/\\\/x.com\\\/eldiario_net\"]},{\"@type\":\"Person\",\"@id\":\"https:\\\/\\\/www.eldiario.net\\\/portal\\\/#\\\/schema\\\/person\\\/2c57cf2b7a7ae032e449e4c9b1019eac\",\"name\":\"Jeanette\",\"image\":{\"@type\":\"ImageObject\",\"inLanguage\":\"es\",\"@id\":\"https:\\\/\\\/secure.gravatar.com\\\/avatar\\\/3ea2118a5f7dad2b7138b1187a6b7ee55f160b9968b66013c3a3ef39dd7e5798?s=96&d=mm&r=g\",\"url\":\"https:\\\/\\\/secure.gravatar.com\\\/avatar\\\/3ea2118a5f7dad2b7138b1187a6b7ee55f160b9968b66013c3a3ef39dd7e5798?s=96&d=mm&r=g\",\"contentUrl\":\"https:\\\/\\\/secure.gravatar.com\\\/avatar\\\/3ea2118a5f7dad2b7138b1187a6b7ee55f160b9968b66013c3a3ef39dd7e5798?s=96&d=mm&r=g\",\"caption\":\"Jeanette\"},\"sameAs\":[\"https:\\\/\\\/www.eldiario.net\\\/portal\"],\"url\":\"https:\\\/\\\/www.eldiario.net\\\/portal\\\/author\\\/jeanette\\\/\"}]}<\/script>\n<!-- \/ Yoast SEO plugin. -->","yoast_head_json":{"title":"\u00a1VIVA BOLIVIA! - El Diario - Bolivia","robots":{"index":"index","follow":"follow","max-snippet":"max-snippet:-1","max-image-preview":"max-image-preview:large","max-video-preview":"max-video-preview:-1"},"canonical":"https:\/\/www.eldiario.net\/portal\/2025\/08\/06\/viva-bolivia-2\/","og_locale":"es_ES","og_type":"article","og_title":"\u00a1VIVA BOLIVIA! - El Diario - Bolivia","og_description":"Bolivia celebra 200 a\u00f1os de historia, donde tambi\u00e9n el deporte fue parte con alegr\u00edas que unieron a todos los bolivianos. Momentos hist\u00f3ricos, con leyendas que marcaron hito a lo largo del bicentenario, dan muestra de que Bolivia esperanza por mejores resultados y un futuro m\u00e1s exitoso. Hay pocos momentos gloriosos, pero son memorables dentro de [&hellip;]","og_url":"https:\/\/www.eldiario.net\/portal\/2025\/08\/06\/viva-bolivia-2\/","og_site_name":"El Diario - Bolivia","article_publisher":"https:\/\/www.facebook.com\/eldiario.bolivia\/","article_published_time":"2025-08-06T10:51:11+00:00","og_image":[{"width":770,"height":540,"url":"https:\/\/www.eldiario.net\/portal\/wp-content\/uploads\/2025\/08\/principal-2.webp","type":"image\/webp"}],"author":"Jeanette","twitter_card":"summary_large_image","twitter_creator":"@eldiario_net","twitter_site":"@eldiario_net","twitter_misc":{"Escrito por":"Jeanette","Tiempo de lectura":"3 minutos"},"schema":{"@context":"https:\/\/schema.org","@graph":[{"@type":"Article","@id":"https:\/\/www.eldiario.net\/portal\/2025\/08\/06\/viva-bolivia-2\/#article","isPartOf":{"@id":"https:\/\/www.eldiario.net\/portal\/2025\/08\/06\/viva-bolivia-2\/"},"author":{"name":"Jeanette","@id":"https:\/\/www.eldiario.net\/portal\/#\/schema\/person\/2c57cf2b7a7ae032e449e4c9b1019eac"},"headline":"\u00a1VIVA BOLIVIA!","datePublished":"2025-08-06T10:51:11+00:00","mainEntityOfPage":{"@id":"https:\/\/www.eldiario.net\/portal\/2025\/08\/06\/viva-bolivia-2\/"},"wordCount":545,"publisher":{"@id":"https:\/\/www.eldiario.net\/portal\/#organization"},"image":{"@id":"https:\/\/www.eldiario.net\/portal\/2025\/08\/06\/viva-bolivia-2\/#primaryimage"},"thumbnailUrl":"https:\/\/www.eldiario.net\/portal\/wp-content\/uploads\/2025\/08\/principal-2.webp","articleSection":["Deportes"],"inLanguage":"es"},{"@type":"WebPage","@id":"https:\/\/www.eldiario.net\/portal\/2025\/08\/06\/viva-bolivia-2\/","url":"https:\/\/www.eldiario.net\/portal\/2025\/08\/06\/viva-bolivia-2\/","name":"\u00a1VIVA BOLIVIA! - El Diario - Bolivia","isPartOf":{"@id":"https:\/\/www.eldiario.net\/portal\/#website"},"primaryImageOfPage":{"@id":"https:\/\/www.eldiario.net\/portal\/2025\/08\/06\/viva-bolivia-2\/#primaryimage"},"image":{"@id":"https:\/\/www.eldiario.net\/portal\/2025\/08\/06\/viva-bolivia-2\/#primaryimage"},"thumbnailUrl":"https:\/\/www.eldiario.net\/portal\/wp-content\/uploads\/2025\/08\/principal-2.webp","datePublished":"2025-08-06T10:51:11+00:00","breadcrumb":{"@id":"https:\/\/www.eldiario.net\/portal\/2025\/08\/06\/viva-bolivia-2\/#breadcrumb"},"inLanguage":"es","potentialAction":[{"@type":"ReadAction","target":["https:\/\/www.eldiario.net\/portal\/2025\/08\/06\/viva-bolivia-2\/"]}]},{"@type":"ImageObject","inLanguage":"es","@id":"https:\/\/www.eldiario.net\/portal\/2025\/08\/06\/viva-bolivia-2\/#primaryimage","url":"https:\/\/www.eldiario.net\/portal\/wp-content\/uploads\/2025\/08\/principal-2.webp","contentUrl":"https:\/\/www.eldiario.net\/portal\/wp-content\/uploads\/2025\/08\/principal-2.webp","width":770,"height":540},{"@type":"BreadcrumbList","@id":"https:\/\/www.eldiario.net\/portal\/2025\/08\/06\/viva-bolivia-2\/#breadcrumb","itemListElement":[{"@type":"ListItem","position":1,"name":"Portada","item":"https:\/\/www.eldiario.net\/portal\/"},{"@type":"ListItem","position":2,"name":"\u00a1VIVA BOLIVIA!"}]},{"@type":"WebSite","@id":"https:\/\/www.eldiario.net\/portal\/#website","url":"https:\/\/www.eldiario.net\/portal\/","name":"El Diario - Decano de la prensa nacional","description":"El Diario - Decano de la prensa nacional","publisher":{"@id":"https:\/\/www.eldiario.net\/portal\/#organization"},"potentialAction":[{"@type":"SearchAction","target":{"@type":"EntryPoint","urlTemplate":"https:\/\/www.eldiario.net\/portal\/?s={search_term_string}"},"query-input":{"@type":"PropertyValueSpecification","valueRequired":true,"valueName":"search_term_string"}}],"inLanguage":"es"},{"@type":"Organization","@id":"https:\/\/www.eldiario.net\/portal\/#organization","name":"El Diario - Decano de la prensa nacional","url":"https:\/\/www.eldiario.net\/portal\/","logo":{"@type":"ImageObject","inLanguage":"es","@id":"https:\/\/www.eldiario.net\/portal\/#\/schema\/logo\/image\/","url":"https:\/\/www.eldiario.net\/portal\/wp-content\/uploads\/2023\/07\/logo_ED.jpg","contentUrl":"https:\/\/www.eldiario.net\/portal\/wp-content\/uploads\/2023\/07\/logo_ED.jpg","width":272,"height":52,"caption":"El Diario - Decano de la prensa nacional"},"image":{"@id":"https:\/\/www.eldiario.net\/portal\/#\/schema\/logo\/image\/"},"sameAs":["https:\/\/www.facebook.com\/eldiario.bolivia\/","https:\/\/x.com\/eldiario_net"]},{"@type":"Person","@id":"https:\/\/www.eldiario.net\/portal\/#\/schema\/person\/2c57cf2b7a7ae032e449e4c9b1019eac","name":"Jeanette","image":{"@type":"ImageObject","inLanguage":"es","@id":"https:\/\/secure.gravatar.com\/avatar\/3ea2118a5f7dad2b7138b1187a6b7ee55f160b9968b66013c3a3ef39dd7e5798?s=96&d=mm&r=g","url":"https:\/\/secure.gravatar.com\/avatar\/3ea2118a5f7dad2b7138b1187a6b7ee55f160b9968b66013c3a3ef39dd7e5798?s=96&d=mm&r=g","contentUrl":"https:\/\/secure.gravatar.com\/avatar\/3ea2118a5f7dad2b7138b1187a6b7ee55f160b9968b66013c3a3ef39dd7e5798?s=96&d=mm&r=g","caption":"Jeanette"},"sameAs":["https:\/\/www.eldiario.net\/portal"],"url":"https:\/\/www.eldiario.net\/portal\/author\/jeanette\/"}]}},"_links":{"self":[{"href":"https:\/\/www.eldiario.net\/portal\/wp-json\/wp\/v2\/posts\/322119","targetHints":{"allow":["GET"]}}],"collection":[{"href":"https:\/\/www.eldiario.net\/portal\/wp-json\/wp\/v2\/posts"}],"about":[{"href":"https:\/\/www.eldiario.net\/portal\/wp-json\/wp\/v2\/types\/post"}],"author":[{"embeddable":true,"href":"https:\/\/www.eldiario.net\/portal\/wp-json\/wp\/v2\/users\/1"}],"replies":[{"embeddable":true,"href":"https:\/\/www.eldiario.net\/portal\/wp-json\/wp\/v2\/comments?post=322119"}],"version-history":[{"count":1,"href":"https:\/\/www.eldiario.net\/portal\/wp-json\/wp\/v2\/posts\/322119\/revisions"}],"predecessor-version":[{"id":322122,"href":"https:\/\/www.eldiario.net\/portal\/wp-json\/wp\/v2\/posts\/322119\/revisions\/322122"}],"wp:featuredmedia":[{"embeddable":true,"href":"https:\/\/www.eldiario.net\/portal\/wp-json\/wp\/v2\/media\/322120"}],"wp:attachment":[{"href":"https:\/\/www.eldiario.net\/portal\/wp-json\/wp\/v2\/media?parent=322119"}],"wp:term":[{"taxonomy":"category","embeddable":true,"href":"https:\/\/www.eldiario.net\/portal\/wp-json\/wp\/v2\/categories?post=322119"},{"taxonomy":"post_tag","embeddable":true,"href":"https:\/\/www.eldiario.net\/portal\/wp-json\/wp\/v2\/tags?post=322119"}],"curies":[{"name":"wp","href":"https:\/\/api.w.org\/{rel}","templated":true}]}}