{"id":321909,"date":"2025-08-05T08:36:09","date_gmt":"2025-08-05T12:36:09","guid":{"rendered":"https:\/\/www.eldiario.net\/portal\/?p=321909"},"modified":"2025-08-05T08:36:09","modified_gmt":"2025-08-05T12:36:09","slug":"la-paz-cierres-de-vias-por-desfiles-escolares-en-tres-macrodistritos-835","status":"publish","type":"post","link":"https:\/\/www.eldiario.net\/portal\/2025\/08\/05\/la-paz-cierres-de-vias-por-desfiles-escolares-en-tres-macrodistritos-835\/","title":{"rendered":"La Paz: Cierres de v\u00edas por desfiles escolares en tres macrodistritos (8:35)"},"content":{"rendered":"<p>Con motivo de los actos c\u00edvicos por el Bicentenario de Bolivia, este martes se cerrar\u00e1n varias calles al tr\u00e1fico vehicular en los macrodistritos Centro, Max Paredes y San Antonio de la ciudad de La Paz, inform\u00f3 la Alcald\u00eda.<\/p>\n<p>Los desfiles escolares se desarrollar\u00e1n en distintos horarios y zonas, por lo que se recomienda a la poblaci\u00f3n tomar previsiones.<\/p>\n<p>En el Centro, el corte se aplicar\u00e1 de 09:00 a 17:00 en el carril de bajada de la avenida Mariscal Santa Cruz, desde plaza San Francisco hasta plaza del Estudiante.<\/p>\n<p>Las rutas alternas habilitadas son la avenida Camacho, el carril de subida de la misma Mariscal, la avenida 20 de Octubre y la calle Ca\u00f1ada Strongest.<\/p>\n<p>En Max Paredes, el cierre ser\u00e1 de 08:30 a 14:00 desde el Cementerio General hasta la calle Chorolque, con desv\u00edos por las avenidas Apumalla y Entre R\u00edos.<\/p>\n<p>Finalmente, en San Antonio, desde las 08:15 horas se cortar\u00e1 el paso desde la plaza Luis Ur\u00eda, pasando por la avenida Tito Yupanqui hasta la calle Fray Bartolom\u00e9 de las Casas; las movilidades podr\u00e1n ingresar por Bajo San Antonio hacia Pampahasi y otras zonas aleda\u00f1as.<\/p>\n","protected":false},"excerpt":{"rendered":"<p>Con motivo de los actos c\u00edvicos por el Bicentenario de Bolivia, este martes se cerrar\u00e1n varias calles al tr\u00e1fico vehicular en los macrodistritos Centro, Max Paredes y San Antonio de la ciudad de La Paz, inform\u00f3 la Alcald\u00eda. Los desfiles escolares se desarrollar\u00e1n en distintos horarios y zonas, por lo que se recomienda a la [&hellip;]<\/p>\n","protected":false},"author":7,"featured_media":321910,"comment_status":"closed","ping_status":"open","sticky":false,"template":"","format":"standard","meta":{"_acf_changed":false,"footnotes":""},"categories":[51],"tags":[],"class_list":["post-321909","post","type-post","status-publish","format-standard","has-post-thumbnail","category-ultima-hora"],"acf":{"antetitulo":""},"yoast_head":"<!-- This site is optimized with the Yoast SEO plugin v28.4 - https:\/\/yoast.com\/product\/yoast-seo-wordpress\/ -->\n<title>La Paz: Cierres de v\u00edas por desfiles escolares en tres macrodistritos (8:35) - El Diario - Bolivia<\/title>\n<meta name=\"robots\" content=\"index, follow, max-snippet:-1, max-image-preview:large, max-video-preview:-1\" \/>\n<link rel=\"canonical\" href=\"https:\/\/www.eldiario.net\/portal\/2025\/08\/05\/la-paz-cierres-de-vias-por-desfiles-escolares-en-tres-macrodistritos-835\/\" \/>\n<meta property=\"og:locale\" content=\"es_ES\" \/>\n<meta property=\"og:type\" content=\"article\" \/>\n<meta property=\"og:title\" content=\"La Paz: Cierres de v\u00edas por desfiles escolares en tres macrodistritos (8:35) - El Diario - Bolivia\" \/>\n<meta property=\"og:description\" content=\"Con motivo de los actos c\u00edvicos por el Bicentenario de Bolivia, este martes se cerrar\u00e1n varias calles al tr\u00e1fico vehicular en los macrodistritos Centro, Max Paredes y San Antonio de la ciudad de La Paz, inform\u00f3 la Alcald\u00eda. Los desfiles escolares se desarrollar\u00e1n en distintos horarios y zonas, por lo que se recomienda a la [&hellip;]\" \/>\n<meta property=\"og:url\" content=\"https:\/\/www.eldiario.net\/portal\/2025\/08\/05\/la-paz-cierres-de-vias-por-desfiles-escolares-en-tres-macrodistritos-835\/\" \/>\n<meta property=\"og:site_name\" content=\"El Diario - Bolivia\" \/>\n<meta property=\"article:publisher\" content=\"https:\/\/www.facebook.com\/eldiario.bolivia\/\" \/>\n<meta property=\"article:published_time\" content=\"2025-08-05T12:36:09+00:00\" \/>\n<meta property=\"og:image\" content=\"https:\/\/www.eldiario.net\/portal\/wp-content\/uploads\/2025\/08\/desfile-05.08.25-e1754397334268.png\" \/>\n\t<meta property=\"og:image:width\" content=\"300\" \/>\n\t<meta property=\"og:image:height\" content=\"244\" \/>\n\t<meta property=\"og:image:type\" content=\"image\/png\" \/>\n<meta name=\"author\" content=\"Viviana Monrroy\" \/>\n<meta name=\"twitter:card\" content=\"summary_large_image\" \/>\n<meta name=\"twitter:creator\" content=\"@eldiario_net\" \/>\n<meta name=\"twitter:site\" content=\"@eldiario_net\" \/>\n<meta name=\"twitter:label1\" content=\"Escrito por\" \/>\n\t<meta name=\"twitter:data1\" content=\"Viviana Monrroy\" \/>\n\t<meta name=\"twitter:label2\" content=\"Tiempo de lectura\" \/>\n\t<meta name=\"twitter:data2\" content=\"2 minutos\" \/>\n<script type=\"application\/ld+json\" class=\"yoast-schema-graph\">{\"@context\":\"https:\\\/\\\/schema.org\",\"@graph\":[{\"@type\":\"Article\",\"@id\":\"https:\\\/\\\/www.eldiario.net\\\/portal\\\/2025\\\/08\\\/05\\\/la-paz-cierres-de-vias-por-desfiles-escolares-en-tres-macrodistritos-835\\\/#article\",\"isPartOf\":{\"@id\":\"https:\\\/\\\/www.eldiario.net\\\/portal\\\/2025\\\/08\\\/05\\\/la-paz-cierres-de-vias-por-desfiles-escolares-en-tres-macrodistritos-835\\\/\"},\"author\":{\"name\":\"Viviana Monrroy\",\"@id\":\"https:\\\/\\\/www.eldiario.net\\\/portal\\\/#\\\/schema\\\/person\\\/32cc89e801dfcbad3a54f91da7f2ea06\"},\"headline\":\"La Paz: Cierres de v\u00edas por desfiles escolares en tres macrodistritos (8:35)\",\"datePublished\":\"2025-08-05T12:36:09+00:00\",\"mainEntityOfPage\":{\"@id\":\"https:\\\/\\\/www.eldiario.net\\\/portal\\\/2025\\\/08\\\/05\\\/la-paz-cierres-de-vias-por-desfiles-escolares-en-tres-macrodistritos-835\\\/\"},\"wordCount\":204,\"publisher\":{\"@id\":\"https:\\\/\\\/www.eldiario.net\\\/portal\\\/#organization\"},\"image\":{\"@id\":\"https:\\\/\\\/www.eldiario.net\\\/portal\\\/2025\\\/08\\\/05\\\/la-paz-cierres-de-vias-por-desfiles-escolares-en-tres-macrodistritos-835\\\/#primaryimage\"},\"thumbnailUrl\":\"https:\\\/\\\/www.eldiario.net\\\/portal\\\/wp-content\\\/uploads\\\/2025\\\/08\\\/desfile-05.08.25-e1754397334268.png\",\"articleSection\":[\"\u00daltima Hora\"],\"inLanguage\":\"es\"},{\"@type\":\"WebPage\",\"@id\":\"https:\\\/\\\/www.eldiario.net\\\/portal\\\/2025\\\/08\\\/05\\\/la-paz-cierres-de-vias-por-desfiles-escolares-en-tres-macrodistritos-835\\\/\",\"url\":\"https:\\\/\\\/www.eldiario.net\\\/portal\\\/2025\\\/08\\\/05\\\/la-paz-cierres-de-vias-por-desfiles-escolares-en-tres-macrodistritos-835\\\/\",\"name\":\"La Paz: Cierres de v\u00edas por desfiles escolares en tres macrodistritos (8:35) - El Diario - Bolivia\",\"isPartOf\":{\"@id\":\"https:\\\/\\\/www.eldiario.net\\\/portal\\\/#website\"},\"primaryImageOfPage\":{\"@id\":\"https:\\\/\\\/www.eldiario.net\\\/portal\\\/2025\\\/08\\\/05\\\/la-paz-cierres-de-vias-por-desfiles-escolares-en-tres-macrodistritos-835\\\/#primaryimage\"},\"image\":{\"@id\":\"https:\\\/\\\/www.eldiario.net\\\/portal\\\/2025\\\/08\\\/05\\\/la-paz-cierres-de-vias-por-desfiles-escolares-en-tres-macrodistritos-835\\\/#primaryimage\"},\"thumbnailUrl\":\"https:\\\/\\\/www.eldiario.net\\\/portal\\\/wp-content\\\/uploads\\\/2025\\\/08\\\/desfile-05.08.25-e1754397334268.png\",\"datePublished\":\"2025-08-05T12:36:09+00:00\",\"breadcrumb\":{\"@id\":\"https:\\\/\\\/www.eldiario.net\\\/portal\\\/2025\\\/08\\\/05\\\/la-paz-cierres-de-vias-por-desfiles-escolares-en-tres-macrodistritos-835\\\/#breadcrumb\"},\"inLanguage\":\"es\",\"potentialAction\":[{\"@type\":\"ReadAction\",\"target\":[\"https:\\\/\\\/www.eldiario.net\\\/portal\\\/2025\\\/08\\\/05\\\/la-paz-cierres-de-vias-por-desfiles-escolares-en-tres-macrodistritos-835\\\/\"]}]},{\"@type\":\"ImageObject\",\"inLanguage\":\"es\",\"@id\":\"https:\\\/\\\/www.eldiario.net\\\/portal\\\/2025\\\/08\\\/05\\\/la-paz-cierres-de-vias-por-desfiles-escolares-en-tres-macrodistritos-835\\\/#primaryimage\",\"url\":\"https:\\\/\\\/www.eldiario.net\\\/portal\\\/wp-content\\\/uploads\\\/2025\\\/08\\\/desfile-05.08.25-e1754397334268.png\",\"contentUrl\":\"https:\\\/\\\/www.eldiario.net\\\/portal\\\/wp-content\\\/uploads\\\/2025\\\/08\\\/desfile-05.08.25-e1754397334268.png\",\"width\":300,\"height\":244,\"caption\":\"Foto: El Diario\"},{\"@type\":\"BreadcrumbList\",\"@id\":\"https:\\\/\\\/www.eldiario.net\\\/portal\\\/2025\\\/08\\\/05\\\/la-paz-cierres-de-vias-por-desfiles-escolares-en-tres-macrodistritos-835\\\/#breadcrumb\",\"itemListElement\":[{\"@type\":\"ListItem\",\"position\":1,\"name\":\"Portada\",\"item\":\"https:\\\/\\\/www.eldiario.net\\\/portal\\\/\"},{\"@type\":\"ListItem\",\"position\":2,\"name\":\"La Paz: Cierres de v\u00edas por desfiles escolares en tres macrodistritos (8:35)\"}]},{\"@type\":\"WebSite\",\"@id\":\"https:\\\/\\\/www.eldiario.net\\\/portal\\\/#website\",\"url\":\"https:\\\/\\\/www.eldiario.net\\\/portal\\\/\",\"name\":\"El Diario - Decano de la prensa nacional\",\"description\":\"El Diario - Decano de la prensa nacional\",\"publisher\":{\"@id\":\"https:\\\/\\\/www.eldiario.net\\\/portal\\\/#organization\"},\"potentialAction\":[{\"@type\":\"SearchAction\",\"target\":{\"@type\":\"EntryPoint\",\"urlTemplate\":\"https:\\\/\\\/www.eldiario.net\\\/portal\\\/?s={search_term_string}\"},\"query-input\":{\"@type\":\"PropertyValueSpecification\",\"valueRequired\":true,\"valueName\":\"search_term_string\"}}],\"inLanguage\":\"es\"},{\"@type\":\"Organization\",\"@id\":\"https:\\\/\\\/www.eldiario.net\\\/portal\\\/#organization\",\"name\":\"El Diario - Decano de la prensa nacional\",\"url\":\"https:\\\/\\\/www.eldiario.net\\\/portal\\\/\",\"logo\":{\"@type\":\"ImageObject\",\"inLanguage\":\"es\",\"@id\":\"https:\\\/\\\/www.eldiario.net\\\/portal\\\/#\\\/schema\\\/logo\\\/image\\\/\",\"url\":\"https:\\\/\\\/www.eldiario.net\\\/portal\\\/wp-content\\\/uploads\\\/2023\\\/07\\\/logo_ED.jpg\",\"contentUrl\":\"https:\\\/\\\/www.eldiario.net\\\/portal\\\/wp-content\\\/uploads\\\/2023\\\/07\\\/logo_ED.jpg\",\"width\":272,\"height\":52,\"caption\":\"El Diario - Decano de la prensa nacional\"},\"image\":{\"@id\":\"https:\\\/\\\/www.eldiario.net\\\/portal\\\/#\\\/schema\\\/logo\\\/image\\\/\"},\"sameAs\":[\"https:\\\/\\\/www.facebook.com\\\/eldiario.bolivia\\\/\",\"https:\\\/\\\/x.com\\\/eldiario_net\"]},{\"@type\":\"Person\",\"@id\":\"https:\\\/\\\/www.eldiario.net\\\/portal\\\/#\\\/schema\\\/person\\\/32cc89e801dfcbad3a54f91da7f2ea06\",\"name\":\"Viviana Monrroy\",\"image\":{\"@type\":\"ImageObject\",\"inLanguage\":\"es\",\"@id\":\"https:\\\/\\\/secure.gravatar.com\\\/avatar\\\/dfd1611ed5600959a0e5a9754503b6c05d1dcf190010998e0363aee2ad98afca?s=96&d=mm&r=g\",\"url\":\"https:\\\/\\\/secure.gravatar.com\\\/avatar\\\/dfd1611ed5600959a0e5a9754503b6c05d1dcf190010998e0363aee2ad98afca?s=96&d=mm&r=g\",\"contentUrl\":\"https:\\\/\\\/secure.gravatar.com\\\/avatar\\\/dfd1611ed5600959a0e5a9754503b6c05d1dcf190010998e0363aee2ad98afca?s=96&d=mm&r=g\",\"caption\":\"Viviana Monrroy\"},\"sameAs\":[\"http:\\\/\\\/www.eldiario.net\"],\"url\":\"https:\\\/\\\/www.eldiario.net\\\/portal\\\/author\\\/vivianamonrroy\\\/\"}]}<\/script>\n<!-- \/ Yoast SEO plugin. -->","yoast_head_json":{"title":"La Paz: Cierres de v\u00edas por desfiles escolares en tres macrodistritos (8:35) - El Diario - Bolivia","robots":{"index":"index","follow":"follow","max-snippet":"max-snippet:-1","max-image-preview":"max-image-preview:large","max-video-preview":"max-video-preview:-1"},"canonical":"https:\/\/www.eldiario.net\/portal\/2025\/08\/05\/la-paz-cierres-de-vias-por-desfiles-escolares-en-tres-macrodistritos-835\/","og_locale":"es_ES","og_type":"article","og_title":"La Paz: Cierres de v\u00edas por desfiles escolares en tres macrodistritos (8:35) - El Diario - Bolivia","og_description":"Con motivo de los actos c\u00edvicos por el Bicentenario de Bolivia, este martes se cerrar\u00e1n varias calles al tr\u00e1fico vehicular en los macrodistritos Centro, Max Paredes y San Antonio de la ciudad de La Paz, inform\u00f3 la Alcald\u00eda. Los desfiles escolares se desarrollar\u00e1n en distintos horarios y zonas, por lo que se recomienda a la [&hellip;]","og_url":"https:\/\/www.eldiario.net\/portal\/2025\/08\/05\/la-paz-cierres-de-vias-por-desfiles-escolares-en-tres-macrodistritos-835\/","og_site_name":"El Diario - Bolivia","article_publisher":"https:\/\/www.facebook.com\/eldiario.bolivia\/","article_published_time":"2025-08-05T12:36:09+00:00","og_image":[{"width":300,"height":244,"url":"https:\/\/www.eldiario.net\/portal\/wp-content\/uploads\/2025\/08\/desfile-05.08.25-e1754397334268.png","type":"image\/png"}],"author":"Viviana Monrroy","twitter_card":"summary_large_image","twitter_creator":"@eldiario_net","twitter_site":"@eldiario_net","twitter_misc":{"Escrito por":"Viviana Monrroy","Tiempo de lectura":"2 minutos"},"schema":{"@context":"https:\/\/schema.org","@graph":[{"@type":"Article","@id":"https:\/\/www.eldiario.net\/portal\/2025\/08\/05\/la-paz-cierres-de-vias-por-desfiles-escolares-en-tres-macrodistritos-835\/#article","isPartOf":{"@id":"https:\/\/www.eldiario.net\/portal\/2025\/08\/05\/la-paz-cierres-de-vias-por-desfiles-escolares-en-tres-macrodistritos-835\/"},"author":{"name":"Viviana Monrroy","@id":"https:\/\/www.eldiario.net\/portal\/#\/schema\/person\/32cc89e801dfcbad3a54f91da7f2ea06"},"headline":"La Paz: Cierres de v\u00edas por desfiles escolares en tres macrodistritos (8:35)","datePublished":"2025-08-05T12:36:09+00:00","mainEntityOfPage":{"@id":"https:\/\/www.eldiario.net\/portal\/2025\/08\/05\/la-paz-cierres-de-vias-por-desfiles-escolares-en-tres-macrodistritos-835\/"},"wordCount":204,"publisher":{"@id":"https:\/\/www.eldiario.net\/portal\/#organization"},"image":{"@id":"https:\/\/www.eldiario.net\/portal\/2025\/08\/05\/la-paz-cierres-de-vias-por-desfiles-escolares-en-tres-macrodistritos-835\/#primaryimage"},"thumbnailUrl":"https:\/\/www.eldiario.net\/portal\/wp-content\/uploads\/2025\/08\/desfile-05.08.25-e1754397334268.png","articleSection":["\u00daltima Hora"],"inLanguage":"es"},{"@type":"WebPage","@id":"https:\/\/www.eldiario.net\/portal\/2025\/08\/05\/la-paz-cierres-de-vias-por-desfiles-escolares-en-tres-macrodistritos-835\/","url":"https:\/\/www.eldiario.net\/portal\/2025\/08\/05\/la-paz-cierres-de-vias-por-desfiles-escolares-en-tres-macrodistritos-835\/","name":"La Paz: Cierres de v\u00edas por desfiles escolares en tres macrodistritos (8:35) - El Diario - Bolivia","isPartOf":{"@id":"https:\/\/www.eldiario.net\/portal\/#website"},"primaryImageOfPage":{"@id":"https:\/\/www.eldiario.net\/portal\/2025\/08\/05\/la-paz-cierres-de-vias-por-desfiles-escolares-en-tres-macrodistritos-835\/#primaryimage"},"image":{"@id":"https:\/\/www.eldiario.net\/portal\/2025\/08\/05\/la-paz-cierres-de-vias-por-desfiles-escolares-en-tres-macrodistritos-835\/#primaryimage"},"thumbnailUrl":"https:\/\/www.eldiario.net\/portal\/wp-content\/uploads\/2025\/08\/desfile-05.08.25-e1754397334268.png","datePublished":"2025-08-05T12:36:09+00:00","breadcrumb":{"@id":"https:\/\/www.eldiario.net\/portal\/2025\/08\/05\/la-paz-cierres-de-vias-por-desfiles-escolares-en-tres-macrodistritos-835\/#breadcrumb"},"inLanguage":"es","potentialAction":[{"@type":"ReadAction","target":["https:\/\/www.eldiario.net\/portal\/2025\/08\/05\/la-paz-cierres-de-vias-por-desfiles-escolares-en-tres-macrodistritos-835\/"]}]},{"@type":"ImageObject","inLanguage":"es","@id":"https:\/\/www.eldiario.net\/portal\/2025\/08\/05\/la-paz-cierres-de-vias-por-desfiles-escolares-en-tres-macrodistritos-835\/#primaryimage","url":"https:\/\/www.eldiario.net\/portal\/wp-content\/uploads\/2025\/08\/desfile-05.08.25-e1754397334268.png","contentUrl":"https:\/\/www.eldiario.net\/portal\/wp-content\/uploads\/2025\/08\/desfile-05.08.25-e1754397334268.png","width":300,"height":244,"caption":"Foto: El Diario"},{"@type":"BreadcrumbList","@id":"https:\/\/www.eldiario.net\/portal\/2025\/08\/05\/la-paz-cierres-de-vias-por-desfiles-escolares-en-tres-macrodistritos-835\/#breadcrumb","itemListElement":[{"@type":"ListItem","position":1,"name":"Portada","item":"https:\/\/www.eldiario.net\/portal\/"},{"@type":"ListItem","position":2,"name":"La Paz: Cierres de v\u00edas por desfiles escolares en tres macrodistritos (8:35)"}]},{"@type":"WebSite","@id":"https:\/\/www.eldiario.net\/portal\/#website","url":"https:\/\/www.eldiario.net\/portal\/","name":"El Diario - Decano de la prensa nacional","description":"El Diario - Decano de la prensa nacional","publisher":{"@id":"https:\/\/www.eldiario.net\/portal\/#organization"},"potentialAction":[{"@type":"SearchAction","target":{"@type":"EntryPoint","urlTemplate":"https:\/\/www.eldiario.net\/portal\/?s={search_term_string}"},"query-input":{"@type":"PropertyValueSpecification","valueRequired":true,"valueName":"search_term_string"}}],"inLanguage":"es"},{"@type":"Organization","@id":"https:\/\/www.eldiario.net\/portal\/#organization","name":"El Diario - Decano de la prensa nacional","url":"https:\/\/www.eldiario.net\/portal\/","logo":{"@type":"ImageObject","inLanguage":"es","@id":"https:\/\/www.eldiario.net\/portal\/#\/schema\/logo\/image\/","url":"https:\/\/www.eldiario.net\/portal\/wp-content\/uploads\/2023\/07\/logo_ED.jpg","contentUrl":"https:\/\/www.eldiario.net\/portal\/wp-content\/uploads\/2023\/07\/logo_ED.jpg","width":272,"height":52,"caption":"El Diario - Decano de la prensa nacional"},"image":{"@id":"https:\/\/www.eldiario.net\/portal\/#\/schema\/logo\/image\/"},"sameAs":["https:\/\/www.facebook.com\/eldiario.bolivia\/","https:\/\/x.com\/eldiario_net"]},{"@type":"Person","@id":"https:\/\/www.eldiario.net\/portal\/#\/schema\/person\/32cc89e801dfcbad3a54f91da7f2ea06","name":"Viviana Monrroy","image":{"@type":"ImageObject","inLanguage":"es","@id":"https:\/\/secure.gravatar.com\/avatar\/dfd1611ed5600959a0e5a9754503b6c05d1dcf190010998e0363aee2ad98afca?s=96&d=mm&r=g","url":"https:\/\/secure.gravatar.com\/avatar\/dfd1611ed5600959a0e5a9754503b6c05d1dcf190010998e0363aee2ad98afca?s=96&d=mm&r=g","contentUrl":"https:\/\/secure.gravatar.com\/avatar\/dfd1611ed5600959a0e5a9754503b6c05d1dcf190010998e0363aee2ad98afca?s=96&d=mm&r=g","caption":"Viviana Monrroy"},"sameAs":["http:\/\/www.eldiario.net"],"url":"https:\/\/www.eldiario.net\/portal\/author\/vivianamonrroy\/"}]}},"_links":{"self":[{"href":"https:\/\/www.eldiario.net\/portal\/wp-json\/wp\/v2\/posts\/321909","targetHints":{"allow":["GET"]}}],"collection":[{"href":"https:\/\/www.eldiario.net\/portal\/wp-json\/wp\/v2\/posts"}],"about":[{"href":"https:\/\/www.eldiario.net\/portal\/wp-json\/wp\/v2\/types\/post"}],"author":[{"embeddable":true,"href":"https:\/\/www.eldiario.net\/portal\/wp-json\/wp\/v2\/users\/7"}],"replies":[{"embeddable":true,"href":"https:\/\/www.eldiario.net\/portal\/wp-json\/wp\/v2\/comments?post=321909"}],"version-history":[{"count":1,"href":"https:\/\/www.eldiario.net\/portal\/wp-json\/wp\/v2\/posts\/321909\/revisions"}],"predecessor-version":[{"id":321911,"href":"https:\/\/www.eldiario.net\/portal\/wp-json\/wp\/v2\/posts\/321909\/revisions\/321911"}],"wp:featuredmedia":[{"embeddable":true,"href":"https:\/\/www.eldiario.net\/portal\/wp-json\/wp\/v2\/media\/321910"}],"wp:attachment":[{"href":"https:\/\/www.eldiario.net\/portal\/wp-json\/wp\/v2\/media?parent=321909"}],"wp:term":[{"taxonomy":"category","embeddable":true,"href":"https:\/\/www.eldiario.net\/portal\/wp-json\/wp\/v2\/categories?post=321909"},{"taxonomy":"post_tag","embeddable":true,"href":"https:\/\/www.eldiario.net\/portal\/wp-json\/wp\/v2\/tags?post=321909"}],"curies":[{"name":"wp","href":"https:\/\/api.w.org\/{rel}","templated":true}]}}