{"id":321902,"date":"2025-08-05T06:43:22","date_gmt":"2025-08-05T10:43:22","guid":{"rendered":"https:\/\/www.eldiario.net\/portal\/?p=321902"},"modified":"2025-08-05T06:43:22","modified_gmt":"2025-08-05T10:43:22","slug":"the-strongest-dara-de-baja-398-tigres-de-oro-a-integrantes-de-la-barra-brava-de-la-ultra-sur","status":"publish","type":"post","link":"https:\/\/www.eldiario.net\/portal\/2025\/08\/05\/the-strongest-dara-de-baja-398-tigres-de-oro-a-integrantes-de-la-barra-brava-de-la-ultra-sur\/","title":{"rendered":"The Strongest dar\u00e1 de baja 398 Tigres de Oro a integrantes de la barra brava de la Ultra Sur"},"content":{"rendered":"<p>Como una de las primeras medidas para frenar los excesos y la violencia de parte de los integrantes de la barra brava de La Gloriosa Ultra Sur, el abogado del club The Strongest, Jos\u00e9 Gudi\u00f1o, anunci\u00f3 que se dar\u00e1 de baja 398 Tigres de Oro a este grupo para evitar que ingresen a los partidos del equipo.<\/p>\n<p>\u201cEsos beneficios se acabaron\u201d, declar\u00f3 Gudi\u00f1o, la tarde de este lunes, explicando que en la gesti\u00f3n de H\u00e9ctor Montes y Ronald Crespo se entregaron Tigres de Oro a un grupo de integrantes de la Ultra Sur para que puedan votar a favor de uno de estos dirigentes en la b\u00fasqueda de la presidencia.<\/p>\n<p>Adem\u00e1s del incidente con el uso de juegos pirot\u00e9cnicos, lanzados por la Ultra Sur, contra jugadores de The Strongest y Blooming (3-2), la noche del domingo, fue s\u00f3lo uno de los perjuicios que carga la entidad, ya que Gudi\u00f1o agreg\u00f3 que, producto de esta dotaci\u00f3n, hubo un da\u00f1o de 119 mil bolivianos a la instituci\u00f3n, porque \u201cesos Tigres de Oro han sido facturados, pero el dinero no ha ingresado al club, aparecen como si hubieran sido cancelados, cuando no fue as\u00ed\u201d.<\/p>\n<p>Tanto el futbolista Juan Godoy como el club pace\u00f1o presentaron una denuncia contra los hinchas que lanzaron los fuegos artificiales. Pero no ser\u00eda los \u00fanicos, ya que efectivos policiales se sumaron a este proceso por ser v\u00edctimas de agresi\u00f3n f\u00edsica de parte de los hinchas que fueron detenidos la noche del domingo.<\/p>\n<p>\u201cEn su momento la Ultra Sur particip\u00f3 en las elecciones y dijeron que iban a trabajar con esta plancha, pero cuando no est\u00e1n de acuerdo con algo, ocurren estos incidentes\u201d, indic\u00f3 el abogado del club de Achumani.<\/p>\n<p>&nbsp;<\/p>\n<p>GODOY<\/p>\n<p>El delantero Juan Godoy recibi\u00f3 el impacto de un artefacto pirot\u00e9cnico, en tiempo de adici\u00f3n del partido del domingo. El jugador fue atendido, llegando a concluir el encuentro, pero el examen m\u00e9dico del d\u00eda siguiente revel\u00f3 que sufri\u00f3 un desgarro de grado uno en el muslo derecho y sufri\u00f3 una inflamaci\u00f3n del test\u00edculo derecho. El atacante paraguayo estar\u00e1 bajo revisi\u00f3n m\u00e9dico en esta semana.<\/p>\n<p>&nbsp;<\/p>\n<p>(APG)<\/p>\n","protected":false},"excerpt":{"rendered":"<p>Como una de las primeras medidas para frenar los excesos y la violencia de parte de los integrantes de la barra brava de La Gloriosa Ultra Sur, el abogado del club The Strongest, Jos\u00e9 Gudi\u00f1o, anunci\u00f3 que se dar\u00e1 de baja 398 Tigres de Oro a este grupo para evitar que ingresen a los partidos [&hellip;]<\/p>\n","protected":false},"author":1,"featured_media":321903,"comment_status":"closed","ping_status":"open","sticky":false,"template":"","format":"standard","meta":{"_acf_changed":false,"footnotes":""},"categories":[6],"tags":[],"class_list":["post-321902","post","type-post","status-publish","format-standard","has-post-thumbnail","category-deportes"],"acf":{"antetitulo":""},"yoast_head":"<!-- This site is optimized with the Yoast SEO plugin v28.4 - https:\/\/yoast.com\/product\/yoast-seo-wordpress\/ -->\n<title>The Strongest dar\u00e1 de baja 398 Tigres de Oro a integrantes de la barra brava de la Ultra Sur - El Diario - Bolivia<\/title>\n<meta name=\"robots\" content=\"index, follow, max-snippet:-1, max-image-preview:large, max-video-preview:-1\" \/>\n<link rel=\"canonical\" href=\"https:\/\/www.eldiario.net\/portal\/2025\/08\/05\/the-strongest-dara-de-baja-398-tigres-de-oro-a-integrantes-de-la-barra-brava-de-la-ultra-sur\/\" \/>\n<meta property=\"og:locale\" content=\"es_ES\" \/>\n<meta property=\"og:type\" content=\"article\" \/>\n<meta property=\"og:title\" content=\"The Strongest dar\u00e1 de baja 398 Tigres de Oro a integrantes de la barra brava de la Ultra Sur - El Diario - Bolivia\" \/>\n<meta property=\"og:description\" content=\"Como una de las primeras medidas para frenar los excesos y la violencia de parte de los integrantes de la barra brava de La Gloriosa Ultra Sur, el abogado del club The Strongest, Jos\u00e9 Gudi\u00f1o, anunci\u00f3 que se dar\u00e1 de baja 398 Tigres de Oro a este grupo para evitar que ingresen a los partidos [&hellip;]\" \/>\n<meta property=\"og:url\" content=\"https:\/\/www.eldiario.net\/portal\/2025\/08\/05\/the-strongest-dara-de-baja-398-tigres-de-oro-a-integrantes-de-la-barra-brava-de-la-ultra-sur\/\" \/>\n<meta property=\"og:site_name\" content=\"El Diario - Bolivia\" \/>\n<meta property=\"article:publisher\" content=\"https:\/\/www.facebook.com\/eldiario.bolivia\/\" \/>\n<meta property=\"article:published_time\" content=\"2025-08-05T10:43:22+00:00\" \/>\n<meta property=\"og:image\" content=\"https:\/\/www.eldiario.net\/portal\/wp-content\/uploads\/2025\/08\/Tigre-04.webp\" \/>\n\t<meta property=\"og:image:width\" content=\"1200\" \/>\n\t<meta property=\"og:image:height\" content=\"802\" \/>\n\t<meta property=\"og:image:type\" content=\"image\/webp\" \/>\n<meta name=\"author\" content=\"Jeanette\" \/>\n<meta name=\"twitter:card\" content=\"summary_large_image\" \/>\n<meta name=\"twitter:creator\" content=\"@eldiario_net\" \/>\n<meta name=\"twitter:site\" content=\"@eldiario_net\" \/>\n<meta name=\"twitter:label1\" content=\"Escrito por\" \/>\n\t<meta name=\"twitter:data1\" content=\"Jeanette\" \/>\n\t<meta name=\"twitter:label2\" content=\"Tiempo de lectura\" \/>\n\t<meta name=\"twitter:data2\" content=\"2 minutos\" \/>\n<script type=\"application\/ld+json\" class=\"yoast-schema-graph\">{\"@context\":\"https:\\\/\\\/schema.org\",\"@graph\":[{\"@type\":\"Article\",\"@id\":\"https:\\\/\\\/www.eldiario.net\\\/portal\\\/2025\\\/08\\\/05\\\/the-strongest-dara-de-baja-398-tigres-de-oro-a-integrantes-de-la-barra-brava-de-la-ultra-sur\\\/#article\",\"isPartOf\":{\"@id\":\"https:\\\/\\\/www.eldiario.net\\\/portal\\\/2025\\\/08\\\/05\\\/the-strongest-dara-de-baja-398-tigres-de-oro-a-integrantes-de-la-barra-brava-de-la-ultra-sur\\\/\"},\"author\":{\"name\":\"Jeanette\",\"@id\":\"https:\\\/\\\/www.eldiario.net\\\/portal\\\/#\\\/schema\\\/person\\\/2c57cf2b7a7ae032e449e4c9b1019eac\"},\"headline\":\"The Strongest dar\u00e1 de baja 398 Tigres de Oro a integrantes de la barra brava de la Ultra Sur\",\"datePublished\":\"2025-08-05T10:43:22+00:00\",\"mainEntityOfPage\":{\"@id\":\"https:\\\/\\\/www.eldiario.net\\\/portal\\\/2025\\\/08\\\/05\\\/the-strongest-dara-de-baja-398-tigres-de-oro-a-integrantes-de-la-barra-brava-de-la-ultra-sur\\\/\"},\"wordCount\":390,\"publisher\":{\"@id\":\"https:\\\/\\\/www.eldiario.net\\\/portal\\\/#organization\"},\"image\":{\"@id\":\"https:\\\/\\\/www.eldiario.net\\\/portal\\\/2025\\\/08\\\/05\\\/the-strongest-dara-de-baja-398-tigres-de-oro-a-integrantes-de-la-barra-brava-de-la-ultra-sur\\\/#primaryimage\"},\"thumbnailUrl\":\"https:\\\/\\\/www.eldiario.net\\\/portal\\\/wp-content\\\/uploads\\\/2025\\\/08\\\/Tigre-04.webp\",\"articleSection\":[\"Deportes\"],\"inLanguage\":\"es\"},{\"@type\":\"WebPage\",\"@id\":\"https:\\\/\\\/www.eldiario.net\\\/portal\\\/2025\\\/08\\\/05\\\/the-strongest-dara-de-baja-398-tigres-de-oro-a-integrantes-de-la-barra-brava-de-la-ultra-sur\\\/\",\"url\":\"https:\\\/\\\/www.eldiario.net\\\/portal\\\/2025\\\/08\\\/05\\\/the-strongest-dara-de-baja-398-tigres-de-oro-a-integrantes-de-la-barra-brava-de-la-ultra-sur\\\/\",\"name\":\"The Strongest dar\u00e1 de baja 398 Tigres de Oro a integrantes de la barra brava de la Ultra Sur - El Diario - Bolivia\",\"isPartOf\":{\"@id\":\"https:\\\/\\\/www.eldiario.net\\\/portal\\\/#website\"},\"primaryImageOfPage\":{\"@id\":\"https:\\\/\\\/www.eldiario.net\\\/portal\\\/2025\\\/08\\\/05\\\/the-strongest-dara-de-baja-398-tigres-de-oro-a-integrantes-de-la-barra-brava-de-la-ultra-sur\\\/#primaryimage\"},\"image\":{\"@id\":\"https:\\\/\\\/www.eldiario.net\\\/portal\\\/2025\\\/08\\\/05\\\/the-strongest-dara-de-baja-398-tigres-de-oro-a-integrantes-de-la-barra-brava-de-la-ultra-sur\\\/#primaryimage\"},\"thumbnailUrl\":\"https:\\\/\\\/www.eldiario.net\\\/portal\\\/wp-content\\\/uploads\\\/2025\\\/08\\\/Tigre-04.webp\",\"datePublished\":\"2025-08-05T10:43:22+00:00\",\"breadcrumb\":{\"@id\":\"https:\\\/\\\/www.eldiario.net\\\/portal\\\/2025\\\/08\\\/05\\\/the-strongest-dara-de-baja-398-tigres-de-oro-a-integrantes-de-la-barra-brava-de-la-ultra-sur\\\/#breadcrumb\"},\"inLanguage\":\"es\",\"potentialAction\":[{\"@type\":\"ReadAction\",\"target\":[\"https:\\\/\\\/www.eldiario.net\\\/portal\\\/2025\\\/08\\\/05\\\/the-strongest-dara-de-baja-398-tigres-de-oro-a-integrantes-de-la-barra-brava-de-la-ultra-sur\\\/\"]}]},{\"@type\":\"ImageObject\",\"inLanguage\":\"es\",\"@id\":\"https:\\\/\\\/www.eldiario.net\\\/portal\\\/2025\\\/08\\\/05\\\/the-strongest-dara-de-baja-398-tigres-de-oro-a-integrantes-de-la-barra-brava-de-la-ultra-sur\\\/#primaryimage\",\"url\":\"https:\\\/\\\/www.eldiario.net\\\/portal\\\/wp-content\\\/uploads\\\/2025\\\/08\\\/Tigre-04.webp\",\"contentUrl\":\"https:\\\/\\\/www.eldiario.net\\\/portal\\\/wp-content\\\/uploads\\\/2025\\\/08\\\/Tigre-04.webp\",\"width\":1200,\"height\":802},{\"@type\":\"BreadcrumbList\",\"@id\":\"https:\\\/\\\/www.eldiario.net\\\/portal\\\/2025\\\/08\\\/05\\\/the-strongest-dara-de-baja-398-tigres-de-oro-a-integrantes-de-la-barra-brava-de-la-ultra-sur\\\/#breadcrumb\",\"itemListElement\":[{\"@type\":\"ListItem\",\"position\":1,\"name\":\"Portada\",\"item\":\"https:\\\/\\\/www.eldiario.net\\\/portal\\\/\"},{\"@type\":\"ListItem\",\"position\":2,\"name\":\"The Strongest dar\u00e1 de baja 398 Tigres de Oro a integrantes de la barra brava de la Ultra Sur\"}]},{\"@type\":\"WebSite\",\"@id\":\"https:\\\/\\\/www.eldiario.net\\\/portal\\\/#website\",\"url\":\"https:\\\/\\\/www.eldiario.net\\\/portal\\\/\",\"name\":\"El Diario - Decano de la prensa nacional\",\"description\":\"El Diario - Decano de la prensa nacional\",\"publisher\":{\"@id\":\"https:\\\/\\\/www.eldiario.net\\\/portal\\\/#organization\"},\"potentialAction\":[{\"@type\":\"SearchAction\",\"target\":{\"@type\":\"EntryPoint\",\"urlTemplate\":\"https:\\\/\\\/www.eldiario.net\\\/portal\\\/?s={search_term_string}\"},\"query-input\":{\"@type\":\"PropertyValueSpecification\",\"valueRequired\":true,\"valueName\":\"search_term_string\"}}],\"inLanguage\":\"es\"},{\"@type\":\"Organization\",\"@id\":\"https:\\\/\\\/www.eldiario.net\\\/portal\\\/#organization\",\"name\":\"El Diario - Decano de la prensa nacional\",\"url\":\"https:\\\/\\\/www.eldiario.net\\\/portal\\\/\",\"logo\":{\"@type\":\"ImageObject\",\"inLanguage\":\"es\",\"@id\":\"https:\\\/\\\/www.eldiario.net\\\/portal\\\/#\\\/schema\\\/logo\\\/image\\\/\",\"url\":\"https:\\\/\\\/www.eldiario.net\\\/portal\\\/wp-content\\\/uploads\\\/2023\\\/07\\\/logo_ED.jpg\",\"contentUrl\":\"https:\\\/\\\/www.eldiario.net\\\/portal\\\/wp-content\\\/uploads\\\/2023\\\/07\\\/logo_ED.jpg\",\"width\":272,\"height\":52,\"caption\":\"El Diario - Decano de la prensa nacional\"},\"image\":{\"@id\":\"https:\\\/\\\/www.eldiario.net\\\/portal\\\/#\\\/schema\\\/logo\\\/image\\\/\"},\"sameAs\":[\"https:\\\/\\\/www.facebook.com\\\/eldiario.bolivia\\\/\",\"https:\\\/\\\/x.com\\\/eldiario_net\"]},{\"@type\":\"Person\",\"@id\":\"https:\\\/\\\/www.eldiario.net\\\/portal\\\/#\\\/schema\\\/person\\\/2c57cf2b7a7ae032e449e4c9b1019eac\",\"name\":\"Jeanette\",\"image\":{\"@type\":\"ImageObject\",\"inLanguage\":\"es\",\"@id\":\"https:\\\/\\\/secure.gravatar.com\\\/avatar\\\/3ea2118a5f7dad2b7138b1187a6b7ee55f160b9968b66013c3a3ef39dd7e5798?s=96&d=mm&r=g\",\"url\":\"https:\\\/\\\/secure.gravatar.com\\\/avatar\\\/3ea2118a5f7dad2b7138b1187a6b7ee55f160b9968b66013c3a3ef39dd7e5798?s=96&d=mm&r=g\",\"contentUrl\":\"https:\\\/\\\/secure.gravatar.com\\\/avatar\\\/3ea2118a5f7dad2b7138b1187a6b7ee55f160b9968b66013c3a3ef39dd7e5798?s=96&d=mm&r=g\",\"caption\":\"Jeanette\"},\"sameAs\":[\"https:\\\/\\\/www.eldiario.net\\\/portal\"],\"url\":\"https:\\\/\\\/www.eldiario.net\\\/portal\\\/author\\\/jeanette\\\/\"}]}<\/script>\n<!-- \/ Yoast SEO plugin. -->","yoast_head_json":{"title":"The Strongest dar\u00e1 de baja 398 Tigres de Oro a integrantes de la barra brava de la Ultra Sur - El Diario - Bolivia","robots":{"index":"index","follow":"follow","max-snippet":"max-snippet:-1","max-image-preview":"max-image-preview:large","max-video-preview":"max-video-preview:-1"},"canonical":"https:\/\/www.eldiario.net\/portal\/2025\/08\/05\/the-strongest-dara-de-baja-398-tigres-de-oro-a-integrantes-de-la-barra-brava-de-la-ultra-sur\/","og_locale":"es_ES","og_type":"article","og_title":"The Strongest dar\u00e1 de baja 398 Tigres de Oro a integrantes de la barra brava de la Ultra Sur - El Diario - Bolivia","og_description":"Como una de las primeras medidas para frenar los excesos y la violencia de parte de los integrantes de la barra brava de La Gloriosa Ultra Sur, el abogado del club The Strongest, Jos\u00e9 Gudi\u00f1o, anunci\u00f3 que se dar\u00e1 de baja 398 Tigres de Oro a este grupo para evitar que ingresen a los partidos [&hellip;]","og_url":"https:\/\/www.eldiario.net\/portal\/2025\/08\/05\/the-strongest-dara-de-baja-398-tigres-de-oro-a-integrantes-de-la-barra-brava-de-la-ultra-sur\/","og_site_name":"El Diario - Bolivia","article_publisher":"https:\/\/www.facebook.com\/eldiario.bolivia\/","article_published_time":"2025-08-05T10:43:22+00:00","og_image":[{"width":1200,"height":802,"url":"https:\/\/www.eldiario.net\/portal\/wp-content\/uploads\/2025\/08\/Tigre-04.webp","type":"image\/webp"}],"author":"Jeanette","twitter_card":"summary_large_image","twitter_creator":"@eldiario_net","twitter_site":"@eldiario_net","twitter_misc":{"Escrito por":"Jeanette","Tiempo de lectura":"2 minutos"},"schema":{"@context":"https:\/\/schema.org","@graph":[{"@type":"Article","@id":"https:\/\/www.eldiario.net\/portal\/2025\/08\/05\/the-strongest-dara-de-baja-398-tigres-de-oro-a-integrantes-de-la-barra-brava-de-la-ultra-sur\/#article","isPartOf":{"@id":"https:\/\/www.eldiario.net\/portal\/2025\/08\/05\/the-strongest-dara-de-baja-398-tigres-de-oro-a-integrantes-de-la-barra-brava-de-la-ultra-sur\/"},"author":{"name":"Jeanette","@id":"https:\/\/www.eldiario.net\/portal\/#\/schema\/person\/2c57cf2b7a7ae032e449e4c9b1019eac"},"headline":"The Strongest dar\u00e1 de baja 398 Tigres de Oro a integrantes de la barra brava de la Ultra Sur","datePublished":"2025-08-05T10:43:22+00:00","mainEntityOfPage":{"@id":"https:\/\/www.eldiario.net\/portal\/2025\/08\/05\/the-strongest-dara-de-baja-398-tigres-de-oro-a-integrantes-de-la-barra-brava-de-la-ultra-sur\/"},"wordCount":390,"publisher":{"@id":"https:\/\/www.eldiario.net\/portal\/#organization"},"image":{"@id":"https:\/\/www.eldiario.net\/portal\/2025\/08\/05\/the-strongest-dara-de-baja-398-tigres-de-oro-a-integrantes-de-la-barra-brava-de-la-ultra-sur\/#primaryimage"},"thumbnailUrl":"https:\/\/www.eldiario.net\/portal\/wp-content\/uploads\/2025\/08\/Tigre-04.webp","articleSection":["Deportes"],"inLanguage":"es"},{"@type":"WebPage","@id":"https:\/\/www.eldiario.net\/portal\/2025\/08\/05\/the-strongest-dara-de-baja-398-tigres-de-oro-a-integrantes-de-la-barra-brava-de-la-ultra-sur\/","url":"https:\/\/www.eldiario.net\/portal\/2025\/08\/05\/the-strongest-dara-de-baja-398-tigres-de-oro-a-integrantes-de-la-barra-brava-de-la-ultra-sur\/","name":"The Strongest dar\u00e1 de baja 398 Tigres de Oro a integrantes de la barra brava de la Ultra Sur - El Diario - Bolivia","isPartOf":{"@id":"https:\/\/www.eldiario.net\/portal\/#website"},"primaryImageOfPage":{"@id":"https:\/\/www.eldiario.net\/portal\/2025\/08\/05\/the-strongest-dara-de-baja-398-tigres-de-oro-a-integrantes-de-la-barra-brava-de-la-ultra-sur\/#primaryimage"},"image":{"@id":"https:\/\/www.eldiario.net\/portal\/2025\/08\/05\/the-strongest-dara-de-baja-398-tigres-de-oro-a-integrantes-de-la-barra-brava-de-la-ultra-sur\/#primaryimage"},"thumbnailUrl":"https:\/\/www.eldiario.net\/portal\/wp-content\/uploads\/2025\/08\/Tigre-04.webp","datePublished":"2025-08-05T10:43:22+00:00","breadcrumb":{"@id":"https:\/\/www.eldiario.net\/portal\/2025\/08\/05\/the-strongest-dara-de-baja-398-tigres-de-oro-a-integrantes-de-la-barra-brava-de-la-ultra-sur\/#breadcrumb"},"inLanguage":"es","potentialAction":[{"@type":"ReadAction","target":["https:\/\/www.eldiario.net\/portal\/2025\/08\/05\/the-strongest-dara-de-baja-398-tigres-de-oro-a-integrantes-de-la-barra-brava-de-la-ultra-sur\/"]}]},{"@type":"ImageObject","inLanguage":"es","@id":"https:\/\/www.eldiario.net\/portal\/2025\/08\/05\/the-strongest-dara-de-baja-398-tigres-de-oro-a-integrantes-de-la-barra-brava-de-la-ultra-sur\/#primaryimage","url":"https:\/\/www.eldiario.net\/portal\/wp-content\/uploads\/2025\/08\/Tigre-04.webp","contentUrl":"https:\/\/www.eldiario.net\/portal\/wp-content\/uploads\/2025\/08\/Tigre-04.webp","width":1200,"height":802},{"@type":"BreadcrumbList","@id":"https:\/\/www.eldiario.net\/portal\/2025\/08\/05\/the-strongest-dara-de-baja-398-tigres-de-oro-a-integrantes-de-la-barra-brava-de-la-ultra-sur\/#breadcrumb","itemListElement":[{"@type":"ListItem","position":1,"name":"Portada","item":"https:\/\/www.eldiario.net\/portal\/"},{"@type":"ListItem","position":2,"name":"The Strongest dar\u00e1 de baja 398 Tigres de Oro a integrantes de la barra brava de la Ultra Sur"}]},{"@type":"WebSite","@id":"https:\/\/www.eldiario.net\/portal\/#website","url":"https:\/\/www.eldiario.net\/portal\/","name":"El Diario - Decano de la prensa nacional","description":"El Diario - Decano de la prensa nacional","publisher":{"@id":"https:\/\/www.eldiario.net\/portal\/#organization"},"potentialAction":[{"@type":"SearchAction","target":{"@type":"EntryPoint","urlTemplate":"https:\/\/www.eldiario.net\/portal\/?s={search_term_string}"},"query-input":{"@type":"PropertyValueSpecification","valueRequired":true,"valueName":"search_term_string"}}],"inLanguage":"es"},{"@type":"Organization","@id":"https:\/\/www.eldiario.net\/portal\/#organization","name":"El Diario - Decano de la prensa nacional","url":"https:\/\/www.eldiario.net\/portal\/","logo":{"@type":"ImageObject","inLanguage":"es","@id":"https:\/\/www.eldiario.net\/portal\/#\/schema\/logo\/image\/","url":"https:\/\/www.eldiario.net\/portal\/wp-content\/uploads\/2023\/07\/logo_ED.jpg","contentUrl":"https:\/\/www.eldiario.net\/portal\/wp-content\/uploads\/2023\/07\/logo_ED.jpg","width":272,"height":52,"caption":"El Diario - Decano de la prensa nacional"},"image":{"@id":"https:\/\/www.eldiario.net\/portal\/#\/schema\/logo\/image\/"},"sameAs":["https:\/\/www.facebook.com\/eldiario.bolivia\/","https:\/\/x.com\/eldiario_net"]},{"@type":"Person","@id":"https:\/\/www.eldiario.net\/portal\/#\/schema\/person\/2c57cf2b7a7ae032e449e4c9b1019eac","name":"Jeanette","image":{"@type":"ImageObject","inLanguage":"es","@id":"https:\/\/secure.gravatar.com\/avatar\/3ea2118a5f7dad2b7138b1187a6b7ee55f160b9968b66013c3a3ef39dd7e5798?s=96&d=mm&r=g","url":"https:\/\/secure.gravatar.com\/avatar\/3ea2118a5f7dad2b7138b1187a6b7ee55f160b9968b66013c3a3ef39dd7e5798?s=96&d=mm&r=g","contentUrl":"https:\/\/secure.gravatar.com\/avatar\/3ea2118a5f7dad2b7138b1187a6b7ee55f160b9968b66013c3a3ef39dd7e5798?s=96&d=mm&r=g","caption":"Jeanette"},"sameAs":["https:\/\/www.eldiario.net\/portal"],"url":"https:\/\/www.eldiario.net\/portal\/author\/jeanette\/"}]}},"_links":{"self":[{"href":"https:\/\/www.eldiario.net\/portal\/wp-json\/wp\/v2\/posts\/321902","targetHints":{"allow":["GET"]}}],"collection":[{"href":"https:\/\/www.eldiario.net\/portal\/wp-json\/wp\/v2\/posts"}],"about":[{"href":"https:\/\/www.eldiario.net\/portal\/wp-json\/wp\/v2\/types\/post"}],"author":[{"embeddable":true,"href":"https:\/\/www.eldiario.net\/portal\/wp-json\/wp\/v2\/users\/1"}],"replies":[{"embeddable":true,"href":"https:\/\/www.eldiario.net\/portal\/wp-json\/wp\/v2\/comments?post=321902"}],"version-history":[{"count":1,"href":"https:\/\/www.eldiario.net\/portal\/wp-json\/wp\/v2\/posts\/321902\/revisions"}],"predecessor-version":[{"id":321904,"href":"https:\/\/www.eldiario.net\/portal\/wp-json\/wp\/v2\/posts\/321902\/revisions\/321904"}],"wp:featuredmedia":[{"embeddable":true,"href":"https:\/\/www.eldiario.net\/portal\/wp-json\/wp\/v2\/media\/321903"}],"wp:attachment":[{"href":"https:\/\/www.eldiario.net\/portal\/wp-json\/wp\/v2\/media?parent=321902"}],"wp:term":[{"taxonomy":"category","embeddable":true,"href":"https:\/\/www.eldiario.net\/portal\/wp-json\/wp\/v2\/categories?post=321902"},{"taxonomy":"post_tag","embeddable":true,"href":"https:\/\/www.eldiario.net\/portal\/wp-json\/wp\/v2\/tags?post=321902"}],"curies":[{"name":"wp","href":"https:\/\/api.w.org\/{rel}","templated":true}]}}