{"id":321899,"date":"2025-08-05T06:42:34","date_gmt":"2025-08-05T10:42:34","guid":{"rendered":"https:\/\/www.eldiario.net\/portal\/?p=321899"},"modified":"2025-08-05T06:42:34","modified_gmt":"2025-08-05T10:42:34","slug":"presidente-de-fbf-afirma-que-hay-ratificacion-de-conmebol-para-el-estadio-ramon-tahuichi-aguilera","status":"publish","type":"post","link":"https:\/\/www.eldiario.net\/portal\/2025\/08\/05\/presidente-de-fbf-afirma-que-hay-ratificacion-de-conmebol-para-el-estadio-ramon-tahuichi-aguilera\/","title":{"rendered":"Presidente de FBF afirma que hay ratificaci\u00f3n de CONMEBOL para el estadio Ram\u00f3n \u2018Tahuichi\u2019 Aguilera"},"content":{"rendered":"<p>SANTA CRUZ.- Fernando Costa manifest\u00f3 que existe \u201cpredisposici\u00f3n y ratificaci\u00f3n\u201d por parte del ente organizador del torneo para que la final de la Copa Sudamericana 2025 se dispute en Santa Cruz, como estaba previsto.<\/p>\n<p>Por primera vez el presidente de la Federaci\u00f3n Boliviana de F\u00fatbol, Fernando Costa, habl\u00f3 de las dudas que existen si el estadio Tahuichi Aguilera seguir\u00e1 siendo sede de la final de la Copa Sudamericana 2025. El mandam\u00e1s el balompi\u00e9 nacional manifest\u00f3 que existe \u201cpredisposici\u00f3n y ratificaci\u00f3n\u201d por parte de CONMEBOL para que el evento se realice en Santa Cruz de la Sierra.<\/p>\n<p>\u201cHay toda predisposici\u00f3n y ratificaci\u00f3n de que la final \u00fanica Sudamericana 2025 se juegue en el Tahuichi Aguilera, me estoy dirigiendo a la Gobernaci\u00f3n para transmitir todo lo conversado con las autoridades de CONMEBOL\u201d, dijo Costa este lunes en Santa Cruz.<\/p>\n<p>Costa estuvo presente en la final de la Copa Am\u00e9rica femenina en Ecuador, donde pudo conversar con personal de Conmebol sobre la preocupaci\u00f3n que existe en el ente sudamericano por la demora en las obras de remodelaci\u00f3n en el estadio cruce\u00f1o.<\/p>\n<p>El plazo que puso la Confederaci\u00f3n Sudamericana de F\u00fatbol para que el Comit\u00e9 Organizador Local env\u00ede la nueva planificaci\u00f3n sobre los avances en el estadio Tahuichi Aguilera venci\u00f3 el 31 de julio.<\/p>\n<p>(ATD)<\/p>\n","protected":false},"excerpt":{"rendered":"<p>SANTA CRUZ.- Fernando Costa manifest\u00f3 que existe \u201cpredisposici\u00f3n y ratificaci\u00f3n\u201d por parte del ente organizador del torneo para que la final de la Copa Sudamericana 2025 se dispute en Santa Cruz, como estaba previsto. Por primera vez el presidente de la Federaci\u00f3n Boliviana de F\u00fatbol, Fernando Costa, habl\u00f3 de las dudas que existen si el [&hellip;]<\/p>\n","protected":false},"author":1,"featured_media":321900,"comment_status":"closed","ping_status":"open","sticky":false,"template":"","format":"standard","meta":{"_acf_changed":false,"footnotes":""},"categories":[6],"tags":[],"class_list":["post-321899","post","type-post","status-publish","format-standard","has-post-thumbnail","category-deportes"],"acf":{"antetitulo":"FINAL DE LA COPA SUDAMERICANA"},"yoast_head":"<!-- This site is optimized with the Yoast SEO plugin v28.4 - https:\/\/yoast.com\/product\/yoast-seo-wordpress\/ -->\n<title>Presidente de FBF afirma que hay ratificaci\u00f3n de CONMEBOL para el estadio Ram\u00f3n \u2018Tahuichi\u2019 Aguilera - El Diario - Bolivia<\/title>\n<meta name=\"robots\" content=\"index, follow, max-snippet:-1, max-image-preview:large, max-video-preview:-1\" \/>\n<link rel=\"canonical\" href=\"https:\/\/www.eldiario.net\/portal\/2025\/08\/05\/presidente-de-fbf-afirma-que-hay-ratificacion-de-conmebol-para-el-estadio-ramon-tahuichi-aguilera\/\" \/>\n<meta property=\"og:locale\" content=\"es_ES\" \/>\n<meta property=\"og:type\" content=\"article\" \/>\n<meta property=\"og:title\" content=\"Presidente de FBF afirma que hay ratificaci\u00f3n de CONMEBOL para el estadio Ram\u00f3n \u2018Tahuichi\u2019 Aguilera - El Diario - Bolivia\" \/>\n<meta property=\"og:description\" content=\"SANTA CRUZ.- Fernando Costa manifest\u00f3 que existe \u201cpredisposici\u00f3n y ratificaci\u00f3n\u201d por parte del ente organizador del torneo para que la final de la Copa Sudamericana 2025 se dispute en Santa Cruz, como estaba previsto. Por primera vez el presidente de la Federaci\u00f3n Boliviana de F\u00fatbol, Fernando Costa, habl\u00f3 de las dudas que existen si el [&hellip;]\" \/>\n<meta property=\"og:url\" content=\"https:\/\/www.eldiario.net\/portal\/2025\/08\/05\/presidente-de-fbf-afirma-que-hay-ratificacion-de-conmebol-para-el-estadio-ramon-tahuichi-aguilera\/\" \/>\n<meta property=\"og:site_name\" content=\"El Diario - Bolivia\" \/>\n<meta property=\"article:publisher\" content=\"https:\/\/www.facebook.com\/eldiario.bolivia\/\" \/>\n<meta property=\"article:published_time\" content=\"2025-08-05T10:42:34+00:00\" \/>\n<meta property=\"og:image\" content=\"https:\/\/www.eldiario.net\/portal\/wp-content\/uploads\/2025\/08\/Tahichi-04.webp\" \/>\n\t<meta property=\"og:image:width\" content=\"560\" \/>\n\t<meta property=\"og:image:height\" content=\"663\" \/>\n\t<meta property=\"og:image:type\" content=\"image\/webp\" \/>\n<meta name=\"author\" content=\"Jeanette\" \/>\n<meta name=\"twitter:card\" content=\"summary_large_image\" \/>\n<meta name=\"twitter:creator\" content=\"@eldiario_net\" \/>\n<meta name=\"twitter:site\" content=\"@eldiario_net\" \/>\n<meta name=\"twitter:label1\" content=\"Escrito por\" \/>\n\t<meta name=\"twitter:data1\" content=\"Jeanette\" \/>\n\t<meta name=\"twitter:label2\" content=\"Tiempo de lectura\" \/>\n\t<meta name=\"twitter:data2\" content=\"2 minutos\" \/>\n<script type=\"application\/ld+json\" class=\"yoast-schema-graph\">{\"@context\":\"https:\\\/\\\/schema.org\",\"@graph\":[{\"@type\":\"Article\",\"@id\":\"https:\\\/\\\/www.eldiario.net\\\/portal\\\/2025\\\/08\\\/05\\\/presidente-de-fbf-afirma-que-hay-ratificacion-de-conmebol-para-el-estadio-ramon-tahuichi-aguilera\\\/#article\",\"isPartOf\":{\"@id\":\"https:\\\/\\\/www.eldiario.net\\\/portal\\\/2025\\\/08\\\/05\\\/presidente-de-fbf-afirma-que-hay-ratificacion-de-conmebol-para-el-estadio-ramon-tahuichi-aguilera\\\/\"},\"author\":{\"name\":\"Jeanette\",\"@id\":\"https:\\\/\\\/www.eldiario.net\\\/portal\\\/#\\\/schema\\\/person\\\/2c57cf2b7a7ae032e449e4c9b1019eac\"},\"headline\":\"Presidente de FBF afirma que hay ratificaci\u00f3n de CONMEBOL para el estadio Ram\u00f3n \u2018Tahuichi\u2019 Aguilera\",\"datePublished\":\"2025-08-05T10:42:34+00:00\",\"mainEntityOfPage\":{\"@id\":\"https:\\\/\\\/www.eldiario.net\\\/portal\\\/2025\\\/08\\\/05\\\/presidente-de-fbf-afirma-que-hay-ratificacion-de-conmebol-para-el-estadio-ramon-tahuichi-aguilera\\\/\"},\"wordCount\":243,\"publisher\":{\"@id\":\"https:\\\/\\\/www.eldiario.net\\\/portal\\\/#organization\"},\"image\":{\"@id\":\"https:\\\/\\\/www.eldiario.net\\\/portal\\\/2025\\\/08\\\/05\\\/presidente-de-fbf-afirma-que-hay-ratificacion-de-conmebol-para-el-estadio-ramon-tahuichi-aguilera\\\/#primaryimage\"},\"thumbnailUrl\":\"https:\\\/\\\/www.eldiario.net\\\/portal\\\/wp-content\\\/uploads\\\/2025\\\/08\\\/Tahichi-04.webp\",\"articleSection\":[\"Deportes\"],\"inLanguage\":\"es\"},{\"@type\":\"WebPage\",\"@id\":\"https:\\\/\\\/www.eldiario.net\\\/portal\\\/2025\\\/08\\\/05\\\/presidente-de-fbf-afirma-que-hay-ratificacion-de-conmebol-para-el-estadio-ramon-tahuichi-aguilera\\\/\",\"url\":\"https:\\\/\\\/www.eldiario.net\\\/portal\\\/2025\\\/08\\\/05\\\/presidente-de-fbf-afirma-que-hay-ratificacion-de-conmebol-para-el-estadio-ramon-tahuichi-aguilera\\\/\",\"name\":\"Presidente de FBF afirma que hay ratificaci\u00f3n de CONMEBOL para el estadio Ram\u00f3n \u2018Tahuichi\u2019 Aguilera - El Diario - Bolivia\",\"isPartOf\":{\"@id\":\"https:\\\/\\\/www.eldiario.net\\\/portal\\\/#website\"},\"primaryImageOfPage\":{\"@id\":\"https:\\\/\\\/www.eldiario.net\\\/portal\\\/2025\\\/08\\\/05\\\/presidente-de-fbf-afirma-que-hay-ratificacion-de-conmebol-para-el-estadio-ramon-tahuichi-aguilera\\\/#primaryimage\"},\"image\":{\"@id\":\"https:\\\/\\\/www.eldiario.net\\\/portal\\\/2025\\\/08\\\/05\\\/presidente-de-fbf-afirma-que-hay-ratificacion-de-conmebol-para-el-estadio-ramon-tahuichi-aguilera\\\/#primaryimage\"},\"thumbnailUrl\":\"https:\\\/\\\/www.eldiario.net\\\/portal\\\/wp-content\\\/uploads\\\/2025\\\/08\\\/Tahichi-04.webp\",\"datePublished\":\"2025-08-05T10:42:34+00:00\",\"breadcrumb\":{\"@id\":\"https:\\\/\\\/www.eldiario.net\\\/portal\\\/2025\\\/08\\\/05\\\/presidente-de-fbf-afirma-que-hay-ratificacion-de-conmebol-para-el-estadio-ramon-tahuichi-aguilera\\\/#breadcrumb\"},\"inLanguage\":\"es\",\"potentialAction\":[{\"@type\":\"ReadAction\",\"target\":[\"https:\\\/\\\/www.eldiario.net\\\/portal\\\/2025\\\/08\\\/05\\\/presidente-de-fbf-afirma-que-hay-ratificacion-de-conmebol-para-el-estadio-ramon-tahuichi-aguilera\\\/\"]}]},{\"@type\":\"ImageObject\",\"inLanguage\":\"es\",\"@id\":\"https:\\\/\\\/www.eldiario.net\\\/portal\\\/2025\\\/08\\\/05\\\/presidente-de-fbf-afirma-que-hay-ratificacion-de-conmebol-para-el-estadio-ramon-tahuichi-aguilera\\\/#primaryimage\",\"url\":\"https:\\\/\\\/www.eldiario.net\\\/portal\\\/wp-content\\\/uploads\\\/2025\\\/08\\\/Tahichi-04.webp\",\"contentUrl\":\"https:\\\/\\\/www.eldiario.net\\\/portal\\\/wp-content\\\/uploads\\\/2025\\\/08\\\/Tahichi-04.webp\",\"width\":560,\"height\":663},{\"@type\":\"BreadcrumbList\",\"@id\":\"https:\\\/\\\/www.eldiario.net\\\/portal\\\/2025\\\/08\\\/05\\\/presidente-de-fbf-afirma-que-hay-ratificacion-de-conmebol-para-el-estadio-ramon-tahuichi-aguilera\\\/#breadcrumb\",\"itemListElement\":[{\"@type\":\"ListItem\",\"position\":1,\"name\":\"Portada\",\"item\":\"https:\\\/\\\/www.eldiario.net\\\/portal\\\/\"},{\"@type\":\"ListItem\",\"position\":2,\"name\":\"Presidente de FBF afirma que hay ratificaci\u00f3n de CONMEBOL para el estadio Ram\u00f3n \u2018Tahuichi\u2019 Aguilera\"}]},{\"@type\":\"WebSite\",\"@id\":\"https:\\\/\\\/www.eldiario.net\\\/portal\\\/#website\",\"url\":\"https:\\\/\\\/www.eldiario.net\\\/portal\\\/\",\"name\":\"El Diario - Decano de la prensa nacional\",\"description\":\"El Diario - Decano de la prensa nacional\",\"publisher\":{\"@id\":\"https:\\\/\\\/www.eldiario.net\\\/portal\\\/#organization\"},\"potentialAction\":[{\"@type\":\"SearchAction\",\"target\":{\"@type\":\"EntryPoint\",\"urlTemplate\":\"https:\\\/\\\/www.eldiario.net\\\/portal\\\/?s={search_term_string}\"},\"query-input\":{\"@type\":\"PropertyValueSpecification\",\"valueRequired\":true,\"valueName\":\"search_term_string\"}}],\"inLanguage\":\"es\"},{\"@type\":\"Organization\",\"@id\":\"https:\\\/\\\/www.eldiario.net\\\/portal\\\/#organization\",\"name\":\"El Diario - Decano de la prensa nacional\",\"url\":\"https:\\\/\\\/www.eldiario.net\\\/portal\\\/\",\"logo\":{\"@type\":\"ImageObject\",\"inLanguage\":\"es\",\"@id\":\"https:\\\/\\\/www.eldiario.net\\\/portal\\\/#\\\/schema\\\/logo\\\/image\\\/\",\"url\":\"https:\\\/\\\/www.eldiario.net\\\/portal\\\/wp-content\\\/uploads\\\/2023\\\/07\\\/logo_ED.jpg\",\"contentUrl\":\"https:\\\/\\\/www.eldiario.net\\\/portal\\\/wp-content\\\/uploads\\\/2023\\\/07\\\/logo_ED.jpg\",\"width\":272,\"height\":52,\"caption\":\"El Diario - Decano de la prensa nacional\"},\"image\":{\"@id\":\"https:\\\/\\\/www.eldiario.net\\\/portal\\\/#\\\/schema\\\/logo\\\/image\\\/\"},\"sameAs\":[\"https:\\\/\\\/www.facebook.com\\\/eldiario.bolivia\\\/\",\"https:\\\/\\\/x.com\\\/eldiario_net\"]},{\"@type\":\"Person\",\"@id\":\"https:\\\/\\\/www.eldiario.net\\\/portal\\\/#\\\/schema\\\/person\\\/2c57cf2b7a7ae032e449e4c9b1019eac\",\"name\":\"Jeanette\",\"image\":{\"@type\":\"ImageObject\",\"inLanguage\":\"es\",\"@id\":\"https:\\\/\\\/secure.gravatar.com\\\/avatar\\\/3ea2118a5f7dad2b7138b1187a6b7ee55f160b9968b66013c3a3ef39dd7e5798?s=96&d=mm&r=g\",\"url\":\"https:\\\/\\\/secure.gravatar.com\\\/avatar\\\/3ea2118a5f7dad2b7138b1187a6b7ee55f160b9968b66013c3a3ef39dd7e5798?s=96&d=mm&r=g\",\"contentUrl\":\"https:\\\/\\\/secure.gravatar.com\\\/avatar\\\/3ea2118a5f7dad2b7138b1187a6b7ee55f160b9968b66013c3a3ef39dd7e5798?s=96&d=mm&r=g\",\"caption\":\"Jeanette\"},\"sameAs\":[\"https:\\\/\\\/www.eldiario.net\\\/portal\"],\"url\":\"https:\\\/\\\/www.eldiario.net\\\/portal\\\/author\\\/jeanette\\\/\"}]}<\/script>\n<!-- \/ Yoast SEO plugin. -->","yoast_head_json":{"title":"Presidente de FBF afirma que hay ratificaci\u00f3n de CONMEBOL para el estadio Ram\u00f3n \u2018Tahuichi\u2019 Aguilera - El Diario - Bolivia","robots":{"index":"index","follow":"follow","max-snippet":"max-snippet:-1","max-image-preview":"max-image-preview:large","max-video-preview":"max-video-preview:-1"},"canonical":"https:\/\/www.eldiario.net\/portal\/2025\/08\/05\/presidente-de-fbf-afirma-que-hay-ratificacion-de-conmebol-para-el-estadio-ramon-tahuichi-aguilera\/","og_locale":"es_ES","og_type":"article","og_title":"Presidente de FBF afirma que hay ratificaci\u00f3n de CONMEBOL para el estadio Ram\u00f3n \u2018Tahuichi\u2019 Aguilera - El Diario - Bolivia","og_description":"SANTA CRUZ.- Fernando Costa manifest\u00f3 que existe \u201cpredisposici\u00f3n y ratificaci\u00f3n\u201d por parte del ente organizador del torneo para que la final de la Copa Sudamericana 2025 se dispute en Santa Cruz, como estaba previsto. Por primera vez el presidente de la Federaci\u00f3n Boliviana de F\u00fatbol, Fernando Costa, habl\u00f3 de las dudas que existen si el [&hellip;]","og_url":"https:\/\/www.eldiario.net\/portal\/2025\/08\/05\/presidente-de-fbf-afirma-que-hay-ratificacion-de-conmebol-para-el-estadio-ramon-tahuichi-aguilera\/","og_site_name":"El Diario - Bolivia","article_publisher":"https:\/\/www.facebook.com\/eldiario.bolivia\/","article_published_time":"2025-08-05T10:42:34+00:00","og_image":[{"width":560,"height":663,"url":"https:\/\/www.eldiario.net\/portal\/wp-content\/uploads\/2025\/08\/Tahichi-04.webp","type":"image\/webp"}],"author":"Jeanette","twitter_card":"summary_large_image","twitter_creator":"@eldiario_net","twitter_site":"@eldiario_net","twitter_misc":{"Escrito por":"Jeanette","Tiempo de lectura":"2 minutos"},"schema":{"@context":"https:\/\/schema.org","@graph":[{"@type":"Article","@id":"https:\/\/www.eldiario.net\/portal\/2025\/08\/05\/presidente-de-fbf-afirma-que-hay-ratificacion-de-conmebol-para-el-estadio-ramon-tahuichi-aguilera\/#article","isPartOf":{"@id":"https:\/\/www.eldiario.net\/portal\/2025\/08\/05\/presidente-de-fbf-afirma-que-hay-ratificacion-de-conmebol-para-el-estadio-ramon-tahuichi-aguilera\/"},"author":{"name":"Jeanette","@id":"https:\/\/www.eldiario.net\/portal\/#\/schema\/person\/2c57cf2b7a7ae032e449e4c9b1019eac"},"headline":"Presidente de FBF afirma que hay ratificaci\u00f3n de CONMEBOL para el estadio Ram\u00f3n \u2018Tahuichi\u2019 Aguilera","datePublished":"2025-08-05T10:42:34+00:00","mainEntityOfPage":{"@id":"https:\/\/www.eldiario.net\/portal\/2025\/08\/05\/presidente-de-fbf-afirma-que-hay-ratificacion-de-conmebol-para-el-estadio-ramon-tahuichi-aguilera\/"},"wordCount":243,"publisher":{"@id":"https:\/\/www.eldiario.net\/portal\/#organization"},"image":{"@id":"https:\/\/www.eldiario.net\/portal\/2025\/08\/05\/presidente-de-fbf-afirma-que-hay-ratificacion-de-conmebol-para-el-estadio-ramon-tahuichi-aguilera\/#primaryimage"},"thumbnailUrl":"https:\/\/www.eldiario.net\/portal\/wp-content\/uploads\/2025\/08\/Tahichi-04.webp","articleSection":["Deportes"],"inLanguage":"es"},{"@type":"WebPage","@id":"https:\/\/www.eldiario.net\/portal\/2025\/08\/05\/presidente-de-fbf-afirma-que-hay-ratificacion-de-conmebol-para-el-estadio-ramon-tahuichi-aguilera\/","url":"https:\/\/www.eldiario.net\/portal\/2025\/08\/05\/presidente-de-fbf-afirma-que-hay-ratificacion-de-conmebol-para-el-estadio-ramon-tahuichi-aguilera\/","name":"Presidente de FBF afirma que hay ratificaci\u00f3n de CONMEBOL para el estadio Ram\u00f3n \u2018Tahuichi\u2019 Aguilera - El Diario - Bolivia","isPartOf":{"@id":"https:\/\/www.eldiario.net\/portal\/#website"},"primaryImageOfPage":{"@id":"https:\/\/www.eldiario.net\/portal\/2025\/08\/05\/presidente-de-fbf-afirma-que-hay-ratificacion-de-conmebol-para-el-estadio-ramon-tahuichi-aguilera\/#primaryimage"},"image":{"@id":"https:\/\/www.eldiario.net\/portal\/2025\/08\/05\/presidente-de-fbf-afirma-que-hay-ratificacion-de-conmebol-para-el-estadio-ramon-tahuichi-aguilera\/#primaryimage"},"thumbnailUrl":"https:\/\/www.eldiario.net\/portal\/wp-content\/uploads\/2025\/08\/Tahichi-04.webp","datePublished":"2025-08-05T10:42:34+00:00","breadcrumb":{"@id":"https:\/\/www.eldiario.net\/portal\/2025\/08\/05\/presidente-de-fbf-afirma-que-hay-ratificacion-de-conmebol-para-el-estadio-ramon-tahuichi-aguilera\/#breadcrumb"},"inLanguage":"es","potentialAction":[{"@type":"ReadAction","target":["https:\/\/www.eldiario.net\/portal\/2025\/08\/05\/presidente-de-fbf-afirma-que-hay-ratificacion-de-conmebol-para-el-estadio-ramon-tahuichi-aguilera\/"]}]},{"@type":"ImageObject","inLanguage":"es","@id":"https:\/\/www.eldiario.net\/portal\/2025\/08\/05\/presidente-de-fbf-afirma-que-hay-ratificacion-de-conmebol-para-el-estadio-ramon-tahuichi-aguilera\/#primaryimage","url":"https:\/\/www.eldiario.net\/portal\/wp-content\/uploads\/2025\/08\/Tahichi-04.webp","contentUrl":"https:\/\/www.eldiario.net\/portal\/wp-content\/uploads\/2025\/08\/Tahichi-04.webp","width":560,"height":663},{"@type":"BreadcrumbList","@id":"https:\/\/www.eldiario.net\/portal\/2025\/08\/05\/presidente-de-fbf-afirma-que-hay-ratificacion-de-conmebol-para-el-estadio-ramon-tahuichi-aguilera\/#breadcrumb","itemListElement":[{"@type":"ListItem","position":1,"name":"Portada","item":"https:\/\/www.eldiario.net\/portal\/"},{"@type":"ListItem","position":2,"name":"Presidente de FBF afirma que hay ratificaci\u00f3n de CONMEBOL para el estadio Ram\u00f3n \u2018Tahuichi\u2019 Aguilera"}]},{"@type":"WebSite","@id":"https:\/\/www.eldiario.net\/portal\/#website","url":"https:\/\/www.eldiario.net\/portal\/","name":"El Diario - Decano de la prensa nacional","description":"El Diario - Decano de la prensa nacional","publisher":{"@id":"https:\/\/www.eldiario.net\/portal\/#organization"},"potentialAction":[{"@type":"SearchAction","target":{"@type":"EntryPoint","urlTemplate":"https:\/\/www.eldiario.net\/portal\/?s={search_term_string}"},"query-input":{"@type":"PropertyValueSpecification","valueRequired":true,"valueName":"search_term_string"}}],"inLanguage":"es"},{"@type":"Organization","@id":"https:\/\/www.eldiario.net\/portal\/#organization","name":"El Diario - Decano de la prensa nacional","url":"https:\/\/www.eldiario.net\/portal\/","logo":{"@type":"ImageObject","inLanguage":"es","@id":"https:\/\/www.eldiario.net\/portal\/#\/schema\/logo\/image\/","url":"https:\/\/www.eldiario.net\/portal\/wp-content\/uploads\/2023\/07\/logo_ED.jpg","contentUrl":"https:\/\/www.eldiario.net\/portal\/wp-content\/uploads\/2023\/07\/logo_ED.jpg","width":272,"height":52,"caption":"El Diario - Decano de la prensa nacional"},"image":{"@id":"https:\/\/www.eldiario.net\/portal\/#\/schema\/logo\/image\/"},"sameAs":["https:\/\/www.facebook.com\/eldiario.bolivia\/","https:\/\/x.com\/eldiario_net"]},{"@type":"Person","@id":"https:\/\/www.eldiario.net\/portal\/#\/schema\/person\/2c57cf2b7a7ae032e449e4c9b1019eac","name":"Jeanette","image":{"@type":"ImageObject","inLanguage":"es","@id":"https:\/\/secure.gravatar.com\/avatar\/3ea2118a5f7dad2b7138b1187a6b7ee55f160b9968b66013c3a3ef39dd7e5798?s=96&d=mm&r=g","url":"https:\/\/secure.gravatar.com\/avatar\/3ea2118a5f7dad2b7138b1187a6b7ee55f160b9968b66013c3a3ef39dd7e5798?s=96&d=mm&r=g","contentUrl":"https:\/\/secure.gravatar.com\/avatar\/3ea2118a5f7dad2b7138b1187a6b7ee55f160b9968b66013c3a3ef39dd7e5798?s=96&d=mm&r=g","caption":"Jeanette"},"sameAs":["https:\/\/www.eldiario.net\/portal"],"url":"https:\/\/www.eldiario.net\/portal\/author\/jeanette\/"}]}},"_links":{"self":[{"href":"https:\/\/www.eldiario.net\/portal\/wp-json\/wp\/v2\/posts\/321899","targetHints":{"allow":["GET"]}}],"collection":[{"href":"https:\/\/www.eldiario.net\/portal\/wp-json\/wp\/v2\/posts"}],"about":[{"href":"https:\/\/www.eldiario.net\/portal\/wp-json\/wp\/v2\/types\/post"}],"author":[{"embeddable":true,"href":"https:\/\/www.eldiario.net\/portal\/wp-json\/wp\/v2\/users\/1"}],"replies":[{"embeddable":true,"href":"https:\/\/www.eldiario.net\/portal\/wp-json\/wp\/v2\/comments?post=321899"}],"version-history":[{"count":1,"href":"https:\/\/www.eldiario.net\/portal\/wp-json\/wp\/v2\/posts\/321899\/revisions"}],"predecessor-version":[{"id":321901,"href":"https:\/\/www.eldiario.net\/portal\/wp-json\/wp\/v2\/posts\/321899\/revisions\/321901"}],"wp:featuredmedia":[{"embeddable":true,"href":"https:\/\/www.eldiario.net\/portal\/wp-json\/wp\/v2\/media\/321900"}],"wp:attachment":[{"href":"https:\/\/www.eldiario.net\/portal\/wp-json\/wp\/v2\/media?parent=321899"}],"wp:term":[{"taxonomy":"category","embeddable":true,"href":"https:\/\/www.eldiario.net\/portal\/wp-json\/wp\/v2\/categories?post=321899"},{"taxonomy":"post_tag","embeddable":true,"href":"https:\/\/www.eldiario.net\/portal\/wp-json\/wp\/v2\/tags?post=321899"}],"curies":[{"name":"wp","href":"https:\/\/api.w.org\/{rel}","templated":true}]}}