{"id":321681,"date":"2025-08-04T06:30:29","date_gmt":"2025-08-04T10:30:29","guid":{"rendered":"https:\/\/www.eldiario.net\/portal\/?p=321681"},"modified":"2025-08-04T06:30:29","modified_gmt":"2025-08-04T10:30:29","slug":"aceleran-operativos-por-aire-ante-incendio-en-la-serrania-de-sama","status":"publish","type":"post","link":"https:\/\/www.eldiario.net\/portal\/2025\/08\/04\/aceleran-operativos-por-aire-ante-incendio-en-la-serrania-de-sama\/","title":{"rendered":"Aceleran operativos por aire ante incendio en la serran\u00eda de Sama"},"content":{"rendered":"<p>El 80% del incendio forestal en la serran\u00eda de Sama fue controlado y el restante 20% se lo har\u00e1 hasta el lunes, principalmente, con dos helic\u00f3pteros equipados con Bambi Bucket, porque se encuentra en la parte alta y ca\u00f1adones de dif\u00edcil acceso, y que representan riesgos para un trabajo por tierra, inform\u00f3 el viceministro de Defensa Civil, Juan Carlos Calvimontes.<br \/>\n\u201cTomando en cuenta que el fuego ya pr\u00e1cticamente ha sido controlado y sofocado en los lugares cr\u00edticos, ya no hay riesgo de que el municipio de Cercado, especialmente su centro poblado, pueda sufrir alg\u00fan da\u00f1o. El fuego se ha trasladado a la parte alta y a los ca\u00f1adones, ah\u00ed es dif\u00edcil y ser\u00eda mucha imprudencia mover bomberos por tierra\u201d, explic\u00f3 la autoridad.<br \/>\nM\u00e1s de 350 bomberos de las Fuerzas Armadas (Comandado Operacional Conjunto) fueron desplazados en tierra para sofocar el incendio forestal en la serran\u00eda de Sama, que empez\u00f3 el jueves y se extendi\u00f3 por una amplia zona. Estuvieron apoyados por un helic\u00f3ptero, ayer se sum\u00f3 una segunda aeronave.<br \/>\nCalvimontes detall\u00f3 que las operaciones inmediatas y el desplazamiento de equipamiento fueron algunas de las medidas que permitieron resultados positivos en corto tiempo, sobre todo, tomando en cuenta la magnitud del siniestro.<br \/>\nEn un avi\u00f3n H\u00e9rcules se traslad\u00f3 el viernes a Tarija, desde San Ignacio de Velasco, un batall\u00f3n de bomberos de las Fuerzas Armadas, que est\u00e1n capacitados para intervenciones de esta naturaleza.<br \/>\nEl presidente Luis Arce Catacora estuvo el viernes en Tarija y sobrevol\u00f3 el \u00e1rea del siniestro, para luego instruir la movilizaci\u00f3n de mayor n\u00famero de bomberos y aeronaves, con el fin de controlar y apagar en el menor tiempo posible el incendio forestal.<br \/>\nPor el momento, como parte de las medidas de prevenci\u00f3n, se desarrolla un monitoreo permanente de los focos de calor, para intervenir ante situaciones de riesgo. Seg\u00fan un informe oficial, actualmente se tienen 183 focos de calor en Bolivia, de los que 92 est\u00e1n en Santa Cruz, 90 en Tarija y 1 en el departamento del Beni.<br \/>\n\u201cLos focos de calor que refleja Tarija, que son 90, son producto del fuego activo que se encuentra y producto de que en algunas zonas todav\u00eda existe un incremento sustancial de la temperatura\u201d, indic\u00f3. (ABI)<\/p>\n","protected":false},"excerpt":{"rendered":"<p>El 80% del incendio forestal en la serran\u00eda de Sama fue controlado y el restante 20% se lo har\u00e1 hasta el lunes, principalmente, con dos helic\u00f3pteros equipados con Bambi Bucket, porque se encuentra en la parte alta y ca\u00f1adones de dif\u00edcil acceso, y que representan riesgos para un trabajo por tierra, inform\u00f3 el viceministro de [&hellip;]<\/p>\n","protected":false},"author":1,"featured_media":321682,"comment_status":"closed","ping_status":"open","sticky":false,"template":"","format":"standard","meta":{"_acf_changed":false,"footnotes":""},"categories":[12],"tags":[],"class_list":["post-321681","post","type-post","status-publish","format-standard","has-post-thumbnail","category-nacional"],"acf":{"antetitulo":"Contin\u00faa 20% del fuego sin control"},"yoast_head":"<!-- This site is optimized with the Yoast SEO plugin v28.4 - https:\/\/yoast.com\/product\/yoast-seo-wordpress\/ -->\n<title>Aceleran operativos por aire ante incendio en la serran\u00eda de Sama - El Diario - Bolivia<\/title>\n<meta name=\"robots\" content=\"index, follow, max-snippet:-1, max-image-preview:large, max-video-preview:-1\" \/>\n<link rel=\"canonical\" href=\"https:\/\/www.eldiario.net\/portal\/2025\/08\/04\/aceleran-operativos-por-aire-ante-incendio-en-la-serrania-de-sama\/\" \/>\n<meta property=\"og:locale\" content=\"es_ES\" \/>\n<meta property=\"og:type\" content=\"article\" \/>\n<meta property=\"og:title\" content=\"Aceleran operativos por aire ante incendio en la serran\u00eda de Sama - El Diario - Bolivia\" \/>\n<meta property=\"og:description\" content=\"El 80% del incendio forestal en la serran\u00eda de Sama fue controlado y el restante 20% se lo har\u00e1 hasta el lunes, principalmente, con dos helic\u00f3pteros equipados con Bambi Bucket, porque se encuentra en la parte alta y ca\u00f1adones de dif\u00edcil acceso, y que representan riesgos para un trabajo por tierra, inform\u00f3 el viceministro de [&hellip;]\" \/>\n<meta property=\"og:url\" content=\"https:\/\/www.eldiario.net\/portal\/2025\/08\/04\/aceleran-operativos-por-aire-ante-incendio-en-la-serrania-de-sama\/\" \/>\n<meta property=\"og:site_name\" content=\"El Diario - Bolivia\" \/>\n<meta property=\"article:publisher\" content=\"https:\/\/www.facebook.com\/eldiario.bolivia\/\" \/>\n<meta property=\"article:published_time\" content=\"2025-08-04T10:30:29+00:00\" \/>\n<meta property=\"og:image\" content=\"https:\/\/www.eldiario.net\/portal\/wp-content\/uploads\/2025\/08\/incendio-apg.webp\" \/>\n\t<meta property=\"og:image:width\" content=\"1200\" \/>\n\t<meta property=\"og:image:height\" content=\"883\" \/>\n\t<meta property=\"og:image:type\" content=\"image\/webp\" \/>\n<meta name=\"author\" content=\"Jeanette\" \/>\n<meta name=\"twitter:card\" content=\"summary_large_image\" \/>\n<meta name=\"twitter:creator\" content=\"@eldiario_net\" \/>\n<meta name=\"twitter:site\" content=\"@eldiario_net\" \/>\n<meta name=\"twitter:label1\" content=\"Escrito por\" \/>\n\t<meta name=\"twitter:data1\" content=\"Jeanette\" \/>\n\t<meta name=\"twitter:label2\" content=\"Tiempo de lectura\" \/>\n\t<meta name=\"twitter:data2\" content=\"2 minutos\" \/>\n<script type=\"application\/ld+json\" class=\"yoast-schema-graph\">{\"@context\":\"https:\\\/\\\/schema.org\",\"@graph\":[{\"@type\":\"Article\",\"@id\":\"https:\\\/\\\/www.eldiario.net\\\/portal\\\/2025\\\/08\\\/04\\\/aceleran-operativos-por-aire-ante-incendio-en-la-serrania-de-sama\\\/#article\",\"isPartOf\":{\"@id\":\"https:\\\/\\\/www.eldiario.net\\\/portal\\\/2025\\\/08\\\/04\\\/aceleran-operativos-por-aire-ante-incendio-en-la-serrania-de-sama\\\/\"},\"author\":{\"name\":\"Jeanette\",\"@id\":\"https:\\\/\\\/www.eldiario.net\\\/portal\\\/#\\\/schema\\\/person\\\/2c57cf2b7a7ae032e449e4c9b1019eac\"},\"headline\":\"Aceleran operativos por aire ante incendio en la serran\u00eda de Sama\",\"datePublished\":\"2025-08-04T10:30:29+00:00\",\"mainEntityOfPage\":{\"@id\":\"https:\\\/\\\/www.eldiario.net\\\/portal\\\/2025\\\/08\\\/04\\\/aceleran-operativos-por-aire-ante-incendio-en-la-serrania-de-sama\\\/\"},\"wordCount\":395,\"publisher\":{\"@id\":\"https:\\\/\\\/www.eldiario.net\\\/portal\\\/#organization\"},\"image\":{\"@id\":\"https:\\\/\\\/www.eldiario.net\\\/portal\\\/2025\\\/08\\\/04\\\/aceleran-operativos-por-aire-ante-incendio-en-la-serrania-de-sama\\\/#primaryimage\"},\"thumbnailUrl\":\"https:\\\/\\\/www.eldiario.net\\\/portal\\\/wp-content\\\/uploads\\\/2025\\\/08\\\/incendio-apg.webp\",\"articleSection\":[\"Nacional\"],\"inLanguage\":\"es\"},{\"@type\":\"WebPage\",\"@id\":\"https:\\\/\\\/www.eldiario.net\\\/portal\\\/2025\\\/08\\\/04\\\/aceleran-operativos-por-aire-ante-incendio-en-la-serrania-de-sama\\\/\",\"url\":\"https:\\\/\\\/www.eldiario.net\\\/portal\\\/2025\\\/08\\\/04\\\/aceleran-operativos-por-aire-ante-incendio-en-la-serrania-de-sama\\\/\",\"name\":\"Aceleran operativos por aire ante incendio en la serran\u00eda de Sama - El Diario - Bolivia\",\"isPartOf\":{\"@id\":\"https:\\\/\\\/www.eldiario.net\\\/portal\\\/#website\"},\"primaryImageOfPage\":{\"@id\":\"https:\\\/\\\/www.eldiario.net\\\/portal\\\/2025\\\/08\\\/04\\\/aceleran-operativos-por-aire-ante-incendio-en-la-serrania-de-sama\\\/#primaryimage\"},\"image\":{\"@id\":\"https:\\\/\\\/www.eldiario.net\\\/portal\\\/2025\\\/08\\\/04\\\/aceleran-operativos-por-aire-ante-incendio-en-la-serrania-de-sama\\\/#primaryimage\"},\"thumbnailUrl\":\"https:\\\/\\\/www.eldiario.net\\\/portal\\\/wp-content\\\/uploads\\\/2025\\\/08\\\/incendio-apg.webp\",\"datePublished\":\"2025-08-04T10:30:29+00:00\",\"breadcrumb\":{\"@id\":\"https:\\\/\\\/www.eldiario.net\\\/portal\\\/2025\\\/08\\\/04\\\/aceleran-operativos-por-aire-ante-incendio-en-la-serrania-de-sama\\\/#breadcrumb\"},\"inLanguage\":\"es\",\"potentialAction\":[{\"@type\":\"ReadAction\",\"target\":[\"https:\\\/\\\/www.eldiario.net\\\/portal\\\/2025\\\/08\\\/04\\\/aceleran-operativos-por-aire-ante-incendio-en-la-serrania-de-sama\\\/\"]}]},{\"@type\":\"ImageObject\",\"inLanguage\":\"es\",\"@id\":\"https:\\\/\\\/www.eldiario.net\\\/portal\\\/2025\\\/08\\\/04\\\/aceleran-operativos-por-aire-ante-incendio-en-la-serrania-de-sama\\\/#primaryimage\",\"url\":\"https:\\\/\\\/www.eldiario.net\\\/portal\\\/wp-content\\\/uploads\\\/2025\\\/08\\\/incendio-apg.webp\",\"contentUrl\":\"https:\\\/\\\/www.eldiario.net\\\/portal\\\/wp-content\\\/uploads\\\/2025\\\/08\\\/incendio-apg.webp\",\"width\":1200,\"height\":883,\"caption\":\"Intensifican operativos para sofocar el fuego restante en la serran\u00eda de Sama.\"},{\"@type\":\"BreadcrumbList\",\"@id\":\"https:\\\/\\\/www.eldiario.net\\\/portal\\\/2025\\\/08\\\/04\\\/aceleran-operativos-por-aire-ante-incendio-en-la-serrania-de-sama\\\/#breadcrumb\",\"itemListElement\":[{\"@type\":\"ListItem\",\"position\":1,\"name\":\"Portada\",\"item\":\"https:\\\/\\\/www.eldiario.net\\\/portal\\\/\"},{\"@type\":\"ListItem\",\"position\":2,\"name\":\"Aceleran operativos por aire ante incendio en la serran\u00eda de Sama\"}]},{\"@type\":\"WebSite\",\"@id\":\"https:\\\/\\\/www.eldiario.net\\\/portal\\\/#website\",\"url\":\"https:\\\/\\\/www.eldiario.net\\\/portal\\\/\",\"name\":\"El Diario - Decano de la prensa nacional\",\"description\":\"El Diario - Decano de la prensa nacional\",\"publisher\":{\"@id\":\"https:\\\/\\\/www.eldiario.net\\\/portal\\\/#organization\"},\"potentialAction\":[{\"@type\":\"SearchAction\",\"target\":{\"@type\":\"EntryPoint\",\"urlTemplate\":\"https:\\\/\\\/www.eldiario.net\\\/portal\\\/?s={search_term_string}\"},\"query-input\":{\"@type\":\"PropertyValueSpecification\",\"valueRequired\":true,\"valueName\":\"search_term_string\"}}],\"inLanguage\":\"es\"},{\"@type\":\"Organization\",\"@id\":\"https:\\\/\\\/www.eldiario.net\\\/portal\\\/#organization\",\"name\":\"El Diario - Decano de la prensa nacional\",\"url\":\"https:\\\/\\\/www.eldiario.net\\\/portal\\\/\",\"logo\":{\"@type\":\"ImageObject\",\"inLanguage\":\"es\",\"@id\":\"https:\\\/\\\/www.eldiario.net\\\/portal\\\/#\\\/schema\\\/logo\\\/image\\\/\",\"url\":\"https:\\\/\\\/www.eldiario.net\\\/portal\\\/wp-content\\\/uploads\\\/2023\\\/07\\\/logo_ED.jpg\",\"contentUrl\":\"https:\\\/\\\/www.eldiario.net\\\/portal\\\/wp-content\\\/uploads\\\/2023\\\/07\\\/logo_ED.jpg\",\"width\":272,\"height\":52,\"caption\":\"El Diario - Decano de la prensa nacional\"},\"image\":{\"@id\":\"https:\\\/\\\/www.eldiario.net\\\/portal\\\/#\\\/schema\\\/logo\\\/image\\\/\"},\"sameAs\":[\"https:\\\/\\\/www.facebook.com\\\/eldiario.bolivia\\\/\",\"https:\\\/\\\/x.com\\\/eldiario_net\"]},{\"@type\":\"Person\",\"@id\":\"https:\\\/\\\/www.eldiario.net\\\/portal\\\/#\\\/schema\\\/person\\\/2c57cf2b7a7ae032e449e4c9b1019eac\",\"name\":\"Jeanette\",\"image\":{\"@type\":\"ImageObject\",\"inLanguage\":\"es\",\"@id\":\"https:\\\/\\\/secure.gravatar.com\\\/avatar\\\/3ea2118a5f7dad2b7138b1187a6b7ee55f160b9968b66013c3a3ef39dd7e5798?s=96&d=mm&r=g\",\"url\":\"https:\\\/\\\/secure.gravatar.com\\\/avatar\\\/3ea2118a5f7dad2b7138b1187a6b7ee55f160b9968b66013c3a3ef39dd7e5798?s=96&d=mm&r=g\",\"contentUrl\":\"https:\\\/\\\/secure.gravatar.com\\\/avatar\\\/3ea2118a5f7dad2b7138b1187a6b7ee55f160b9968b66013c3a3ef39dd7e5798?s=96&d=mm&r=g\",\"caption\":\"Jeanette\"},\"sameAs\":[\"https:\\\/\\\/www.eldiario.net\\\/portal\"],\"url\":\"https:\\\/\\\/www.eldiario.net\\\/portal\\\/author\\\/jeanette\\\/\"}]}<\/script>\n<!-- \/ Yoast SEO plugin. -->","yoast_head_json":{"title":"Aceleran operativos por aire ante incendio en la serran\u00eda de Sama - El Diario - Bolivia","robots":{"index":"index","follow":"follow","max-snippet":"max-snippet:-1","max-image-preview":"max-image-preview:large","max-video-preview":"max-video-preview:-1"},"canonical":"https:\/\/www.eldiario.net\/portal\/2025\/08\/04\/aceleran-operativos-por-aire-ante-incendio-en-la-serrania-de-sama\/","og_locale":"es_ES","og_type":"article","og_title":"Aceleran operativos por aire ante incendio en la serran\u00eda de Sama - El Diario - Bolivia","og_description":"El 80% del incendio forestal en la serran\u00eda de Sama fue controlado y el restante 20% se lo har\u00e1 hasta el lunes, principalmente, con dos helic\u00f3pteros equipados con Bambi Bucket, porque se encuentra en la parte alta y ca\u00f1adones de dif\u00edcil acceso, y que representan riesgos para un trabajo por tierra, inform\u00f3 el viceministro de [&hellip;]","og_url":"https:\/\/www.eldiario.net\/portal\/2025\/08\/04\/aceleran-operativos-por-aire-ante-incendio-en-la-serrania-de-sama\/","og_site_name":"El Diario - Bolivia","article_publisher":"https:\/\/www.facebook.com\/eldiario.bolivia\/","article_published_time":"2025-08-04T10:30:29+00:00","og_image":[{"width":1200,"height":883,"url":"https:\/\/www.eldiario.net\/portal\/wp-content\/uploads\/2025\/08\/incendio-apg.webp","type":"image\/webp"}],"author":"Jeanette","twitter_card":"summary_large_image","twitter_creator":"@eldiario_net","twitter_site":"@eldiario_net","twitter_misc":{"Escrito por":"Jeanette","Tiempo de lectura":"2 minutos"},"schema":{"@context":"https:\/\/schema.org","@graph":[{"@type":"Article","@id":"https:\/\/www.eldiario.net\/portal\/2025\/08\/04\/aceleran-operativos-por-aire-ante-incendio-en-la-serrania-de-sama\/#article","isPartOf":{"@id":"https:\/\/www.eldiario.net\/portal\/2025\/08\/04\/aceleran-operativos-por-aire-ante-incendio-en-la-serrania-de-sama\/"},"author":{"name":"Jeanette","@id":"https:\/\/www.eldiario.net\/portal\/#\/schema\/person\/2c57cf2b7a7ae032e449e4c9b1019eac"},"headline":"Aceleran operativos por aire ante incendio en la serran\u00eda de Sama","datePublished":"2025-08-04T10:30:29+00:00","mainEntityOfPage":{"@id":"https:\/\/www.eldiario.net\/portal\/2025\/08\/04\/aceleran-operativos-por-aire-ante-incendio-en-la-serrania-de-sama\/"},"wordCount":395,"publisher":{"@id":"https:\/\/www.eldiario.net\/portal\/#organization"},"image":{"@id":"https:\/\/www.eldiario.net\/portal\/2025\/08\/04\/aceleran-operativos-por-aire-ante-incendio-en-la-serrania-de-sama\/#primaryimage"},"thumbnailUrl":"https:\/\/www.eldiario.net\/portal\/wp-content\/uploads\/2025\/08\/incendio-apg.webp","articleSection":["Nacional"],"inLanguage":"es"},{"@type":"WebPage","@id":"https:\/\/www.eldiario.net\/portal\/2025\/08\/04\/aceleran-operativos-por-aire-ante-incendio-en-la-serrania-de-sama\/","url":"https:\/\/www.eldiario.net\/portal\/2025\/08\/04\/aceleran-operativos-por-aire-ante-incendio-en-la-serrania-de-sama\/","name":"Aceleran operativos por aire ante incendio en la serran\u00eda de Sama - El Diario - Bolivia","isPartOf":{"@id":"https:\/\/www.eldiario.net\/portal\/#website"},"primaryImageOfPage":{"@id":"https:\/\/www.eldiario.net\/portal\/2025\/08\/04\/aceleran-operativos-por-aire-ante-incendio-en-la-serrania-de-sama\/#primaryimage"},"image":{"@id":"https:\/\/www.eldiario.net\/portal\/2025\/08\/04\/aceleran-operativos-por-aire-ante-incendio-en-la-serrania-de-sama\/#primaryimage"},"thumbnailUrl":"https:\/\/www.eldiario.net\/portal\/wp-content\/uploads\/2025\/08\/incendio-apg.webp","datePublished":"2025-08-04T10:30:29+00:00","breadcrumb":{"@id":"https:\/\/www.eldiario.net\/portal\/2025\/08\/04\/aceleran-operativos-por-aire-ante-incendio-en-la-serrania-de-sama\/#breadcrumb"},"inLanguage":"es","potentialAction":[{"@type":"ReadAction","target":["https:\/\/www.eldiario.net\/portal\/2025\/08\/04\/aceleran-operativos-por-aire-ante-incendio-en-la-serrania-de-sama\/"]}]},{"@type":"ImageObject","inLanguage":"es","@id":"https:\/\/www.eldiario.net\/portal\/2025\/08\/04\/aceleran-operativos-por-aire-ante-incendio-en-la-serrania-de-sama\/#primaryimage","url":"https:\/\/www.eldiario.net\/portal\/wp-content\/uploads\/2025\/08\/incendio-apg.webp","contentUrl":"https:\/\/www.eldiario.net\/portal\/wp-content\/uploads\/2025\/08\/incendio-apg.webp","width":1200,"height":883,"caption":"Intensifican operativos para sofocar el fuego restante en la serran\u00eda de Sama."},{"@type":"BreadcrumbList","@id":"https:\/\/www.eldiario.net\/portal\/2025\/08\/04\/aceleran-operativos-por-aire-ante-incendio-en-la-serrania-de-sama\/#breadcrumb","itemListElement":[{"@type":"ListItem","position":1,"name":"Portada","item":"https:\/\/www.eldiario.net\/portal\/"},{"@type":"ListItem","position":2,"name":"Aceleran operativos por aire ante incendio en la serran\u00eda de Sama"}]},{"@type":"WebSite","@id":"https:\/\/www.eldiario.net\/portal\/#website","url":"https:\/\/www.eldiario.net\/portal\/","name":"El Diario - Decano de la prensa nacional","description":"El Diario - Decano de la prensa nacional","publisher":{"@id":"https:\/\/www.eldiario.net\/portal\/#organization"},"potentialAction":[{"@type":"SearchAction","target":{"@type":"EntryPoint","urlTemplate":"https:\/\/www.eldiario.net\/portal\/?s={search_term_string}"},"query-input":{"@type":"PropertyValueSpecification","valueRequired":true,"valueName":"search_term_string"}}],"inLanguage":"es"},{"@type":"Organization","@id":"https:\/\/www.eldiario.net\/portal\/#organization","name":"El Diario - Decano de la prensa nacional","url":"https:\/\/www.eldiario.net\/portal\/","logo":{"@type":"ImageObject","inLanguage":"es","@id":"https:\/\/www.eldiario.net\/portal\/#\/schema\/logo\/image\/","url":"https:\/\/www.eldiario.net\/portal\/wp-content\/uploads\/2023\/07\/logo_ED.jpg","contentUrl":"https:\/\/www.eldiario.net\/portal\/wp-content\/uploads\/2023\/07\/logo_ED.jpg","width":272,"height":52,"caption":"El Diario - Decano de la prensa nacional"},"image":{"@id":"https:\/\/www.eldiario.net\/portal\/#\/schema\/logo\/image\/"},"sameAs":["https:\/\/www.facebook.com\/eldiario.bolivia\/","https:\/\/x.com\/eldiario_net"]},{"@type":"Person","@id":"https:\/\/www.eldiario.net\/portal\/#\/schema\/person\/2c57cf2b7a7ae032e449e4c9b1019eac","name":"Jeanette","image":{"@type":"ImageObject","inLanguage":"es","@id":"https:\/\/secure.gravatar.com\/avatar\/3ea2118a5f7dad2b7138b1187a6b7ee55f160b9968b66013c3a3ef39dd7e5798?s=96&d=mm&r=g","url":"https:\/\/secure.gravatar.com\/avatar\/3ea2118a5f7dad2b7138b1187a6b7ee55f160b9968b66013c3a3ef39dd7e5798?s=96&d=mm&r=g","contentUrl":"https:\/\/secure.gravatar.com\/avatar\/3ea2118a5f7dad2b7138b1187a6b7ee55f160b9968b66013c3a3ef39dd7e5798?s=96&d=mm&r=g","caption":"Jeanette"},"sameAs":["https:\/\/www.eldiario.net\/portal"],"url":"https:\/\/www.eldiario.net\/portal\/author\/jeanette\/"}]}},"_links":{"self":[{"href":"https:\/\/www.eldiario.net\/portal\/wp-json\/wp\/v2\/posts\/321681","targetHints":{"allow":["GET"]}}],"collection":[{"href":"https:\/\/www.eldiario.net\/portal\/wp-json\/wp\/v2\/posts"}],"about":[{"href":"https:\/\/www.eldiario.net\/portal\/wp-json\/wp\/v2\/types\/post"}],"author":[{"embeddable":true,"href":"https:\/\/www.eldiario.net\/portal\/wp-json\/wp\/v2\/users\/1"}],"replies":[{"embeddable":true,"href":"https:\/\/www.eldiario.net\/portal\/wp-json\/wp\/v2\/comments?post=321681"}],"version-history":[{"count":1,"href":"https:\/\/www.eldiario.net\/portal\/wp-json\/wp\/v2\/posts\/321681\/revisions"}],"predecessor-version":[{"id":321683,"href":"https:\/\/www.eldiario.net\/portal\/wp-json\/wp\/v2\/posts\/321681\/revisions\/321683"}],"wp:featuredmedia":[{"embeddable":true,"href":"https:\/\/www.eldiario.net\/portal\/wp-json\/wp\/v2\/media\/321682"}],"wp:attachment":[{"href":"https:\/\/www.eldiario.net\/portal\/wp-json\/wp\/v2\/media?parent=321681"}],"wp:term":[{"taxonomy":"category","embeddable":true,"href":"https:\/\/www.eldiario.net\/portal\/wp-json\/wp\/v2\/categories?post=321681"},{"taxonomy":"post_tag","embeddable":true,"href":"https:\/\/www.eldiario.net\/portal\/wp-json\/wp\/v2\/tags?post=321681"}],"curies":[{"name":"wp","href":"https:\/\/api.w.org\/{rel}","templated":true}]}}