{"id":321671,"date":"2025-08-04T06:25:37","date_gmt":"2025-08-04T10:25:37","guid":{"rendered":"https:\/\/www.eldiario.net\/portal\/?p=321671"},"modified":"2025-08-04T06:25:37","modified_gmt":"2025-08-04T10:25:37","slug":"estado-fallido-diplomaticamente-incorrecto-pero-reflexion-obligada","status":"publish","type":"post","link":"https:\/\/www.eldiario.net\/portal\/2025\/08\/04\/estado-fallido-diplomaticamente-incorrecto-pero-reflexion-obligada\/","title":{"rendered":"\u00bfEstado fallido: diplom\u00e1ticamente incorrecto, pero reflexi\u00f3n obligada"},"content":{"rendered":"<p>Aunque la presidenta peruana, Dina Boluarte, tild\u00f3 a Bolivia de ser un \u201cEstado fallido\u201d y esto gener\u00f3 una ola de reacciones centradas en descalificar a la emisora que en examinar el fondo del mensaje, para el economista Windsor Hernani, m\u00e1s all\u00e1 del error diplom\u00e1tico, la frase plantea una oportunidad para la autocr\u00edtica, toda vez que Bolivia atraviesa una situaci\u00f3n preocupante que amerita ser analizada con madurez y no con nacionalismos defensivos.<\/p>\n<p>Aunque rechaza el uso del t\u00e9rmino \u201cEstado fallido\u201d, Hernani se\u00f1ala que Bolivia enfrenta signos alarmantes de deterioro institucional, aislamiento internacional y debilidad econ\u00f3mica. \u201cNo somos un Estado fallido, pero caminamos al borde del precipicio; consecuentemente es hora de asumir con madurez nuestros errores y enmendarlos\u201d, se\u00f1al\u00f3 en un art\u00edculo de opini\u00f3n del portal Rimay Pampa.<\/p>\n<p>Hernani recalc\u00f3 que, mientras Per\u00fa logr\u00f3 diversificar su econom\u00eda, preservar la autonom\u00eda de su banco central y atraer inversi\u00f3n extranjera, Bolivia mostr\u00f3 una evoluci\u00f3n err\u00e1tica marcada por nacionalizaciones, inseguridad jur\u00eddica y una ca\u00edda dr\u00e1stica de las reservas, a pesar de que ambos pa\u00edses enfrentaron situaciones cr\u00edticas a fines del siglo pasado.<\/p>\n<p>Como ejemplo, se\u00f1ala que el PIB per c\u00e1pita en Per\u00fa asciende a casi 8.000 d\u00f3lares, mientras que en Bolivia apenas llega a 3.700. Sin embargo, para el analista el problema no se limita a lo econ\u00f3mico, pues Bolivia presenta un modelo pol\u00edtico caracterizado por la concentraci\u00f3n del poder, la falta de renovaci\u00f3n democr\u00e1tica y la polarizaci\u00f3n, donde el pa\u00eds \u201cha demolido su institucionalidad\u201d.<\/p>\n<p>Hernani plante\u00f3 que, lejos de responder diplom\u00e1ticamente a la defensiva, Bolivia deber\u00eda aprovechar la actual coyuntura para reevaluar su futuro: \u201cLas decisiones estrat\u00e9gicas en materia econ\u00f3mica, pol\u00edtica e internacional, explican el rumbo distinto que han tomado ambos pa\u00edses\u201d.<\/p>\n","protected":false},"excerpt":{"rendered":"<p>Aunque la presidenta peruana, Dina Boluarte, tild\u00f3 a Bolivia de ser un \u201cEstado fallido\u201d y esto gener\u00f3 una ola de reacciones centradas en descalificar a la emisora que en examinar el fondo del mensaje, para el economista Windsor Hernani, m\u00e1s all\u00e1 del error diplom\u00e1tico, la frase plantea una oportunidad para la autocr\u00edtica, toda vez que [&hellip;]<\/p>\n","protected":false},"author":1,"featured_media":321672,"comment_status":"closed","ping_status":"open","sticky":false,"template":"","format":"standard","meta":{"_acf_changed":false,"footnotes":""},"categories":[7],"tags":[],"class_list":["post-321671","post","type-post","status-publish","format-standard","has-post-thumbnail","category-economia"],"acf":{"antetitulo":"Economista Windsor Hernani"},"yoast_head":"<!-- This site is optimized with the Yoast SEO plugin v28.4 - https:\/\/yoast.com\/product\/yoast-seo-wordpress\/ -->\n<title>\u00bfEstado fallido: diplom\u00e1ticamente incorrecto, pero reflexi\u00f3n obligada - El Diario - Bolivia<\/title>\n<meta name=\"robots\" content=\"index, follow, max-snippet:-1, max-image-preview:large, max-video-preview:-1\" \/>\n<link rel=\"canonical\" href=\"https:\/\/www.eldiario.net\/portal\/2025\/08\/04\/estado-fallido-diplomaticamente-incorrecto-pero-reflexion-obligada\/\" \/>\n<meta property=\"og:locale\" content=\"es_ES\" \/>\n<meta property=\"og:type\" content=\"article\" \/>\n<meta property=\"og:title\" content=\"\u00bfEstado fallido: diplom\u00e1ticamente incorrecto, pero reflexi\u00f3n obligada - El Diario - Bolivia\" \/>\n<meta property=\"og:description\" content=\"Aunque la presidenta peruana, Dina Boluarte, tild\u00f3 a Bolivia de ser un \u201cEstado fallido\u201d y esto gener\u00f3 una ola de reacciones centradas en descalificar a la emisora que en examinar el fondo del mensaje, para el economista Windsor Hernani, m\u00e1s all\u00e1 del error diplom\u00e1tico, la frase plantea una oportunidad para la autocr\u00edtica, toda vez que [&hellip;]\" \/>\n<meta property=\"og:url\" content=\"https:\/\/www.eldiario.net\/portal\/2025\/08\/04\/estado-fallido-diplomaticamente-incorrecto-pero-reflexion-obligada\/\" \/>\n<meta property=\"og:site_name\" content=\"El Diario - Bolivia\" \/>\n<meta property=\"article:publisher\" content=\"https:\/\/www.facebook.com\/eldiario.bolivia\/\" \/>\n<meta property=\"article:published_time\" content=\"2025-08-04T10:25:37+00:00\" \/>\n<meta property=\"og:image\" content=\"https:\/\/www.eldiario.net\/portal\/wp-content\/uploads\/2025\/08\/4-PERU.webp\" \/>\n\t<meta property=\"og:image:width\" content=\"1200\" \/>\n\t<meta property=\"og:image:height\" content=\"675\" \/>\n\t<meta property=\"og:image:type\" content=\"image\/webp\" \/>\n<meta name=\"author\" content=\"Jeanette\" \/>\n<meta name=\"twitter:card\" content=\"summary_large_image\" \/>\n<meta name=\"twitter:creator\" content=\"@eldiario_net\" \/>\n<meta name=\"twitter:site\" content=\"@eldiario_net\" \/>\n<meta name=\"twitter:label1\" content=\"Escrito por\" \/>\n\t<meta name=\"twitter:data1\" content=\"Jeanette\" \/>\n\t<meta name=\"twitter:label2\" content=\"Tiempo de lectura\" \/>\n\t<meta name=\"twitter:data2\" content=\"2 minutos\" \/>\n<script type=\"application\/ld+json\" class=\"yoast-schema-graph\">{\"@context\":\"https:\\\/\\\/schema.org\",\"@graph\":[{\"@type\":\"Article\",\"@id\":\"https:\\\/\\\/www.eldiario.net\\\/portal\\\/2025\\\/08\\\/04\\\/estado-fallido-diplomaticamente-incorrecto-pero-reflexion-obligada\\\/#article\",\"isPartOf\":{\"@id\":\"https:\\\/\\\/www.eldiario.net\\\/portal\\\/2025\\\/08\\\/04\\\/estado-fallido-diplomaticamente-incorrecto-pero-reflexion-obligada\\\/\"},\"author\":{\"name\":\"Jeanette\",\"@id\":\"https:\\\/\\\/www.eldiario.net\\\/portal\\\/#\\\/schema\\\/person\\\/2c57cf2b7a7ae032e449e4c9b1019eac\"},\"headline\":\"\u00bfEstado fallido: diplom\u00e1ticamente incorrecto, pero reflexi\u00f3n obligada\",\"datePublished\":\"2025-08-04T10:25:37+00:00\",\"mainEntityOfPage\":{\"@id\":\"https:\\\/\\\/www.eldiario.net\\\/portal\\\/2025\\\/08\\\/04\\\/estado-fallido-diplomaticamente-incorrecto-pero-reflexion-obligada\\\/\"},\"wordCount\":321,\"publisher\":{\"@id\":\"https:\\\/\\\/www.eldiario.net\\\/portal\\\/#organization\"},\"image\":{\"@id\":\"https:\\\/\\\/www.eldiario.net\\\/portal\\\/2025\\\/08\\\/04\\\/estado-fallido-diplomaticamente-incorrecto-pero-reflexion-obligada\\\/#primaryimage\"},\"thumbnailUrl\":\"https:\\\/\\\/www.eldiario.net\\\/portal\\\/wp-content\\\/uploads\\\/2025\\\/08\\\/4-PERU.webp\",\"articleSection\":[\"Econom\u00eda\"],\"inLanguage\":\"es\"},{\"@type\":\"WebPage\",\"@id\":\"https:\\\/\\\/www.eldiario.net\\\/portal\\\/2025\\\/08\\\/04\\\/estado-fallido-diplomaticamente-incorrecto-pero-reflexion-obligada\\\/\",\"url\":\"https:\\\/\\\/www.eldiario.net\\\/portal\\\/2025\\\/08\\\/04\\\/estado-fallido-diplomaticamente-incorrecto-pero-reflexion-obligada\\\/\",\"name\":\"\u00bfEstado fallido: diplom\u00e1ticamente incorrecto, pero reflexi\u00f3n obligada - El Diario - Bolivia\",\"isPartOf\":{\"@id\":\"https:\\\/\\\/www.eldiario.net\\\/portal\\\/#website\"},\"primaryImageOfPage\":{\"@id\":\"https:\\\/\\\/www.eldiario.net\\\/portal\\\/2025\\\/08\\\/04\\\/estado-fallido-diplomaticamente-incorrecto-pero-reflexion-obligada\\\/#primaryimage\"},\"image\":{\"@id\":\"https:\\\/\\\/www.eldiario.net\\\/portal\\\/2025\\\/08\\\/04\\\/estado-fallido-diplomaticamente-incorrecto-pero-reflexion-obligada\\\/#primaryimage\"},\"thumbnailUrl\":\"https:\\\/\\\/www.eldiario.net\\\/portal\\\/wp-content\\\/uploads\\\/2025\\\/08\\\/4-PERU.webp\",\"datePublished\":\"2025-08-04T10:25:37+00:00\",\"breadcrumb\":{\"@id\":\"https:\\\/\\\/www.eldiario.net\\\/portal\\\/2025\\\/08\\\/04\\\/estado-fallido-diplomaticamente-incorrecto-pero-reflexion-obligada\\\/#breadcrumb\"},\"inLanguage\":\"es\",\"potentialAction\":[{\"@type\":\"ReadAction\",\"target\":[\"https:\\\/\\\/www.eldiario.net\\\/portal\\\/2025\\\/08\\\/04\\\/estado-fallido-diplomaticamente-incorrecto-pero-reflexion-obligada\\\/\"]}]},{\"@type\":\"ImageObject\",\"inLanguage\":\"es\",\"@id\":\"https:\\\/\\\/www.eldiario.net\\\/portal\\\/2025\\\/08\\\/04\\\/estado-fallido-diplomaticamente-incorrecto-pero-reflexion-obligada\\\/#primaryimage\",\"url\":\"https:\\\/\\\/www.eldiario.net\\\/portal\\\/wp-content\\\/uploads\\\/2025\\\/08\\\/4-PERU.webp\",\"contentUrl\":\"https:\\\/\\\/www.eldiario.net\\\/portal\\\/wp-content\\\/uploads\\\/2025\\\/08\\\/4-PERU.webp\",\"width\":1200,\"height\":675,\"caption\":\"Imagen referencial de divisas nacionales y peruanas. Foto: Internet\"},{\"@type\":\"BreadcrumbList\",\"@id\":\"https:\\\/\\\/www.eldiario.net\\\/portal\\\/2025\\\/08\\\/04\\\/estado-fallido-diplomaticamente-incorrecto-pero-reflexion-obligada\\\/#breadcrumb\",\"itemListElement\":[{\"@type\":\"ListItem\",\"position\":1,\"name\":\"Portada\",\"item\":\"https:\\\/\\\/www.eldiario.net\\\/portal\\\/\"},{\"@type\":\"ListItem\",\"position\":2,\"name\":\"\u00bfEstado fallido: diplom\u00e1ticamente incorrecto, pero reflexi\u00f3n obligada\"}]},{\"@type\":\"WebSite\",\"@id\":\"https:\\\/\\\/www.eldiario.net\\\/portal\\\/#website\",\"url\":\"https:\\\/\\\/www.eldiario.net\\\/portal\\\/\",\"name\":\"El Diario - Decano de la prensa nacional\",\"description\":\"El Diario - Decano de la prensa nacional\",\"publisher\":{\"@id\":\"https:\\\/\\\/www.eldiario.net\\\/portal\\\/#organization\"},\"potentialAction\":[{\"@type\":\"SearchAction\",\"target\":{\"@type\":\"EntryPoint\",\"urlTemplate\":\"https:\\\/\\\/www.eldiario.net\\\/portal\\\/?s={search_term_string}\"},\"query-input\":{\"@type\":\"PropertyValueSpecification\",\"valueRequired\":true,\"valueName\":\"search_term_string\"}}],\"inLanguage\":\"es\"},{\"@type\":\"Organization\",\"@id\":\"https:\\\/\\\/www.eldiario.net\\\/portal\\\/#organization\",\"name\":\"El Diario - Decano de la prensa nacional\",\"url\":\"https:\\\/\\\/www.eldiario.net\\\/portal\\\/\",\"logo\":{\"@type\":\"ImageObject\",\"inLanguage\":\"es\",\"@id\":\"https:\\\/\\\/www.eldiario.net\\\/portal\\\/#\\\/schema\\\/logo\\\/image\\\/\",\"url\":\"https:\\\/\\\/www.eldiario.net\\\/portal\\\/wp-content\\\/uploads\\\/2023\\\/07\\\/logo_ED.jpg\",\"contentUrl\":\"https:\\\/\\\/www.eldiario.net\\\/portal\\\/wp-content\\\/uploads\\\/2023\\\/07\\\/logo_ED.jpg\",\"width\":272,\"height\":52,\"caption\":\"El Diario - Decano de la prensa nacional\"},\"image\":{\"@id\":\"https:\\\/\\\/www.eldiario.net\\\/portal\\\/#\\\/schema\\\/logo\\\/image\\\/\"},\"sameAs\":[\"https:\\\/\\\/www.facebook.com\\\/eldiario.bolivia\\\/\",\"https:\\\/\\\/x.com\\\/eldiario_net\"]},{\"@type\":\"Person\",\"@id\":\"https:\\\/\\\/www.eldiario.net\\\/portal\\\/#\\\/schema\\\/person\\\/2c57cf2b7a7ae032e449e4c9b1019eac\",\"name\":\"Jeanette\",\"image\":{\"@type\":\"ImageObject\",\"inLanguage\":\"es\",\"@id\":\"https:\\\/\\\/secure.gravatar.com\\\/avatar\\\/3ea2118a5f7dad2b7138b1187a6b7ee55f160b9968b66013c3a3ef39dd7e5798?s=96&d=mm&r=g\",\"url\":\"https:\\\/\\\/secure.gravatar.com\\\/avatar\\\/3ea2118a5f7dad2b7138b1187a6b7ee55f160b9968b66013c3a3ef39dd7e5798?s=96&d=mm&r=g\",\"contentUrl\":\"https:\\\/\\\/secure.gravatar.com\\\/avatar\\\/3ea2118a5f7dad2b7138b1187a6b7ee55f160b9968b66013c3a3ef39dd7e5798?s=96&d=mm&r=g\",\"caption\":\"Jeanette\"},\"sameAs\":[\"https:\\\/\\\/www.eldiario.net\\\/portal\"],\"url\":\"https:\\\/\\\/www.eldiario.net\\\/portal\\\/author\\\/jeanette\\\/\"}]}<\/script>\n<!-- \/ Yoast SEO plugin. -->","yoast_head_json":{"title":"\u00bfEstado fallido: diplom\u00e1ticamente incorrecto, pero reflexi\u00f3n obligada - El Diario - Bolivia","robots":{"index":"index","follow":"follow","max-snippet":"max-snippet:-1","max-image-preview":"max-image-preview:large","max-video-preview":"max-video-preview:-1"},"canonical":"https:\/\/www.eldiario.net\/portal\/2025\/08\/04\/estado-fallido-diplomaticamente-incorrecto-pero-reflexion-obligada\/","og_locale":"es_ES","og_type":"article","og_title":"\u00bfEstado fallido: diplom\u00e1ticamente incorrecto, pero reflexi\u00f3n obligada - El Diario - Bolivia","og_description":"Aunque la presidenta peruana, Dina Boluarte, tild\u00f3 a Bolivia de ser un \u201cEstado fallido\u201d y esto gener\u00f3 una ola de reacciones centradas en descalificar a la emisora que en examinar el fondo del mensaje, para el economista Windsor Hernani, m\u00e1s all\u00e1 del error diplom\u00e1tico, la frase plantea una oportunidad para la autocr\u00edtica, toda vez que [&hellip;]","og_url":"https:\/\/www.eldiario.net\/portal\/2025\/08\/04\/estado-fallido-diplomaticamente-incorrecto-pero-reflexion-obligada\/","og_site_name":"El Diario - Bolivia","article_publisher":"https:\/\/www.facebook.com\/eldiario.bolivia\/","article_published_time":"2025-08-04T10:25:37+00:00","og_image":[{"width":1200,"height":675,"url":"https:\/\/www.eldiario.net\/portal\/wp-content\/uploads\/2025\/08\/4-PERU.webp","type":"image\/webp"}],"author":"Jeanette","twitter_card":"summary_large_image","twitter_creator":"@eldiario_net","twitter_site":"@eldiario_net","twitter_misc":{"Escrito por":"Jeanette","Tiempo de lectura":"2 minutos"},"schema":{"@context":"https:\/\/schema.org","@graph":[{"@type":"Article","@id":"https:\/\/www.eldiario.net\/portal\/2025\/08\/04\/estado-fallido-diplomaticamente-incorrecto-pero-reflexion-obligada\/#article","isPartOf":{"@id":"https:\/\/www.eldiario.net\/portal\/2025\/08\/04\/estado-fallido-diplomaticamente-incorrecto-pero-reflexion-obligada\/"},"author":{"name":"Jeanette","@id":"https:\/\/www.eldiario.net\/portal\/#\/schema\/person\/2c57cf2b7a7ae032e449e4c9b1019eac"},"headline":"\u00bfEstado fallido: diplom\u00e1ticamente incorrecto, pero reflexi\u00f3n obligada","datePublished":"2025-08-04T10:25:37+00:00","mainEntityOfPage":{"@id":"https:\/\/www.eldiario.net\/portal\/2025\/08\/04\/estado-fallido-diplomaticamente-incorrecto-pero-reflexion-obligada\/"},"wordCount":321,"publisher":{"@id":"https:\/\/www.eldiario.net\/portal\/#organization"},"image":{"@id":"https:\/\/www.eldiario.net\/portal\/2025\/08\/04\/estado-fallido-diplomaticamente-incorrecto-pero-reflexion-obligada\/#primaryimage"},"thumbnailUrl":"https:\/\/www.eldiario.net\/portal\/wp-content\/uploads\/2025\/08\/4-PERU.webp","articleSection":["Econom\u00eda"],"inLanguage":"es"},{"@type":"WebPage","@id":"https:\/\/www.eldiario.net\/portal\/2025\/08\/04\/estado-fallido-diplomaticamente-incorrecto-pero-reflexion-obligada\/","url":"https:\/\/www.eldiario.net\/portal\/2025\/08\/04\/estado-fallido-diplomaticamente-incorrecto-pero-reflexion-obligada\/","name":"\u00bfEstado fallido: diplom\u00e1ticamente incorrecto, pero reflexi\u00f3n obligada - El Diario - Bolivia","isPartOf":{"@id":"https:\/\/www.eldiario.net\/portal\/#website"},"primaryImageOfPage":{"@id":"https:\/\/www.eldiario.net\/portal\/2025\/08\/04\/estado-fallido-diplomaticamente-incorrecto-pero-reflexion-obligada\/#primaryimage"},"image":{"@id":"https:\/\/www.eldiario.net\/portal\/2025\/08\/04\/estado-fallido-diplomaticamente-incorrecto-pero-reflexion-obligada\/#primaryimage"},"thumbnailUrl":"https:\/\/www.eldiario.net\/portal\/wp-content\/uploads\/2025\/08\/4-PERU.webp","datePublished":"2025-08-04T10:25:37+00:00","breadcrumb":{"@id":"https:\/\/www.eldiario.net\/portal\/2025\/08\/04\/estado-fallido-diplomaticamente-incorrecto-pero-reflexion-obligada\/#breadcrumb"},"inLanguage":"es","potentialAction":[{"@type":"ReadAction","target":["https:\/\/www.eldiario.net\/portal\/2025\/08\/04\/estado-fallido-diplomaticamente-incorrecto-pero-reflexion-obligada\/"]}]},{"@type":"ImageObject","inLanguage":"es","@id":"https:\/\/www.eldiario.net\/portal\/2025\/08\/04\/estado-fallido-diplomaticamente-incorrecto-pero-reflexion-obligada\/#primaryimage","url":"https:\/\/www.eldiario.net\/portal\/wp-content\/uploads\/2025\/08\/4-PERU.webp","contentUrl":"https:\/\/www.eldiario.net\/portal\/wp-content\/uploads\/2025\/08\/4-PERU.webp","width":1200,"height":675,"caption":"Imagen referencial de divisas nacionales y peruanas. Foto: Internet"},{"@type":"BreadcrumbList","@id":"https:\/\/www.eldiario.net\/portal\/2025\/08\/04\/estado-fallido-diplomaticamente-incorrecto-pero-reflexion-obligada\/#breadcrumb","itemListElement":[{"@type":"ListItem","position":1,"name":"Portada","item":"https:\/\/www.eldiario.net\/portal\/"},{"@type":"ListItem","position":2,"name":"\u00bfEstado fallido: diplom\u00e1ticamente incorrecto, pero reflexi\u00f3n obligada"}]},{"@type":"WebSite","@id":"https:\/\/www.eldiario.net\/portal\/#website","url":"https:\/\/www.eldiario.net\/portal\/","name":"El Diario - Decano de la prensa nacional","description":"El Diario - Decano de la prensa nacional","publisher":{"@id":"https:\/\/www.eldiario.net\/portal\/#organization"},"potentialAction":[{"@type":"SearchAction","target":{"@type":"EntryPoint","urlTemplate":"https:\/\/www.eldiario.net\/portal\/?s={search_term_string}"},"query-input":{"@type":"PropertyValueSpecification","valueRequired":true,"valueName":"search_term_string"}}],"inLanguage":"es"},{"@type":"Organization","@id":"https:\/\/www.eldiario.net\/portal\/#organization","name":"El Diario - Decano de la prensa nacional","url":"https:\/\/www.eldiario.net\/portal\/","logo":{"@type":"ImageObject","inLanguage":"es","@id":"https:\/\/www.eldiario.net\/portal\/#\/schema\/logo\/image\/","url":"https:\/\/www.eldiario.net\/portal\/wp-content\/uploads\/2023\/07\/logo_ED.jpg","contentUrl":"https:\/\/www.eldiario.net\/portal\/wp-content\/uploads\/2023\/07\/logo_ED.jpg","width":272,"height":52,"caption":"El Diario - Decano de la prensa nacional"},"image":{"@id":"https:\/\/www.eldiario.net\/portal\/#\/schema\/logo\/image\/"},"sameAs":["https:\/\/www.facebook.com\/eldiario.bolivia\/","https:\/\/x.com\/eldiario_net"]},{"@type":"Person","@id":"https:\/\/www.eldiario.net\/portal\/#\/schema\/person\/2c57cf2b7a7ae032e449e4c9b1019eac","name":"Jeanette","image":{"@type":"ImageObject","inLanguage":"es","@id":"https:\/\/secure.gravatar.com\/avatar\/3ea2118a5f7dad2b7138b1187a6b7ee55f160b9968b66013c3a3ef39dd7e5798?s=96&d=mm&r=g","url":"https:\/\/secure.gravatar.com\/avatar\/3ea2118a5f7dad2b7138b1187a6b7ee55f160b9968b66013c3a3ef39dd7e5798?s=96&d=mm&r=g","contentUrl":"https:\/\/secure.gravatar.com\/avatar\/3ea2118a5f7dad2b7138b1187a6b7ee55f160b9968b66013c3a3ef39dd7e5798?s=96&d=mm&r=g","caption":"Jeanette"},"sameAs":["https:\/\/www.eldiario.net\/portal"],"url":"https:\/\/www.eldiario.net\/portal\/author\/jeanette\/"}]}},"_links":{"self":[{"href":"https:\/\/www.eldiario.net\/portal\/wp-json\/wp\/v2\/posts\/321671","targetHints":{"allow":["GET"]}}],"collection":[{"href":"https:\/\/www.eldiario.net\/portal\/wp-json\/wp\/v2\/posts"}],"about":[{"href":"https:\/\/www.eldiario.net\/portal\/wp-json\/wp\/v2\/types\/post"}],"author":[{"embeddable":true,"href":"https:\/\/www.eldiario.net\/portal\/wp-json\/wp\/v2\/users\/1"}],"replies":[{"embeddable":true,"href":"https:\/\/www.eldiario.net\/portal\/wp-json\/wp\/v2\/comments?post=321671"}],"version-history":[{"count":1,"href":"https:\/\/www.eldiario.net\/portal\/wp-json\/wp\/v2\/posts\/321671\/revisions"}],"predecessor-version":[{"id":321673,"href":"https:\/\/www.eldiario.net\/portal\/wp-json\/wp\/v2\/posts\/321671\/revisions\/321673"}],"wp:featuredmedia":[{"embeddable":true,"href":"https:\/\/www.eldiario.net\/portal\/wp-json\/wp\/v2\/media\/321672"}],"wp:attachment":[{"href":"https:\/\/www.eldiario.net\/portal\/wp-json\/wp\/v2\/media?parent=321671"}],"wp:term":[{"taxonomy":"category","embeddable":true,"href":"https:\/\/www.eldiario.net\/portal\/wp-json\/wp\/v2\/categories?post=321671"},{"taxonomy":"post_tag","embeddable":true,"href":"https:\/\/www.eldiario.net\/portal\/wp-json\/wp\/v2\/tags?post=321671"}],"curies":[{"name":"wp","href":"https:\/\/api.w.org\/{rel}","templated":true}]}}