{"id":321667,"date":"2025-08-04T06:25:03","date_gmt":"2025-08-04T10:25:03","guid":{"rendered":"https:\/\/www.eldiario.net\/portal\/?p=321667"},"modified":"2025-08-04T06:25:03","modified_gmt":"2025-08-04T10:25:03","slug":"mineria-gran-ausente-en-propuestas-de-candidatos","status":"publish","type":"post","link":"https:\/\/www.eldiario.net\/portal\/2025\/08\/04\/mineria-gran-ausente-en-propuestas-de-candidatos\/","title":{"rendered":"Miner\u00eda, gran ausente en propuestas de candidatos"},"content":{"rendered":"<p>Pese a ser el principal motor econ\u00f3mico de Bolivia y fuente del 52% de las divisas del pa\u00eds, la miner\u00eda fue relegada en los programas de gobierno de los candidatos presidenciales. En un contexto internacional favorable por los altos precios de los minerales y con reservas estrat\u00e9gicas como el litio y el oro, la falta de propuestas s\u00f3lidas evidencia \u201cuna alarmante ceguera estrat\u00e9gica\u201d de la clase pol\u00edtica, seg\u00fan el abogado experto, Jaime Cu\u00e9llar.<\/p>\n<p>En plena crisis estructural del sector minero \u2013con la expansi\u00f3n de la miner\u00eda ilegal, el creciente poder de las cooperativas que operan con m\u00ednima fiscalizaci\u00f3n y bajos impuestos, el colapso ambiental por el uso de mercurio y una institucionalidad debilitada\u2013 los planes de gobierno de los principales candidatos a la presidencia no presentan medidas concretas frente a estos desaf\u00edos, seg\u00fan un an\u00e1lisis de planes de gobierno realizado por Erbol, pues la mayor\u00eda menciona objetivos gen\u00e9ricos como incentivar inversiones, reformar la Ley Minera o industrializar el litio, sin detallar c\u00f3mo se alcanzar\u00e1n estos logros.<\/p>\n<p>El an\u00e1lisis sugiere que la clase pol\u00edtica evita enfrentar con firmeza a las cooperativas mineras, cuya informalidad e impacto ambiental son abordadas de manera \u201ctangencial\u201d o eludidas deliberadamente.<\/p>\n<p>En cuanto al litio, aunque cada partido promete un desarrollo del sector, sus enfoques difieren desde auditor\u00edas a los contratos actuales hasta propuestas de leyes espec\u00edficas o alianzas estrat\u00e9gicas, aspecto que tambi\u00e9n revela una escasa claridad sobre los plazos a cumplir, la tecnolog\u00eda a emplear o los mecanismos de transparencia.<\/p>\n<p>Para Cu\u00e9llar, la transformaci\u00f3n urgente del modelo minero debe incluir una trazabilidad del oro, control territorial, reformas de la Ley 535, regulaci\u00f3n de minerales estrat\u00e9gicos y reconstrucci\u00f3n institucional con enfoque ambiental, social y tecnol\u00f3gico.<\/p>\n\r\n                <style type=\"text\/css\">\r\n                    \r\n                    #tdi_1  .td-doubleSlider-2 .td-item1 {\r\n                        background: url(https:\/\/www.eldiario.net\/portal\/wp-content\/uploads\/2025\/08\/4-MINA-1-80x60.webp) 0 0 no-repeat;\r\n                    }\r\n                    #tdi_1  .td-doubleSlider-2 .td-item2 {\r\n                        background: url(https:\/\/www.eldiario.net\/portal\/wp-content\/uploads\/2025\/08\/4-MINA-2-80x60.webp) 0 0 no-repeat;\r\n                    }\r\n                <\/style>\r\n\r\n                <div id=\"tdi_1\" class=\"td-gallery td-slide-on-2-columns\">\r\n                    <div class=\"post_td_gallery\">\r\n                        <div class=\"td-gallery-slide-top\">\r\n                           <div class=\"td-gallery-title\"><\/div>\r\n\r\n                            <div class=\"td-gallery-controls-wrapper\">\r\n                                <div class=\"td-gallery-slide-count\"><span class=\"td-gallery-slide-item-focus\">1<\/span> de 2<\/div>\r\n                                <div class=\"td-gallery-slide-prev-next-but\">\r\n                                    <i class = \"td-icon-left doubleSliderPrevButton\"><\/i>\r\n                                    <i class = \"td-icon-right doubleSliderNextButton\"><\/i>\r\n                                <\/div>\r\n                            <\/div>\r\n                        <\/div>\r\n\r\n                        <div class = \"td-doubleSlider-1 \">\r\n                            <div class = \"td-slider\">\r\n                                \r\n                    <div class = \"td-slide-item td-item1\">\r\n                        <figure class=\"td-slide-galery-figure td-slide-popup-gallery\">\r\n                            <a class=\"slide-gallery-image-link\" href=\"https:\/\/www.eldiario.net\/portal\/wp-content\/uploads\/2025\/08\/4-MINA-1.webp\" title=\"4 MINA 1\"  data-caption=\"Imagen referencial. Foto: Archivo Erbol\"  data-description=\"\">\r\n                                <img decoding=\"async\" src=\"https:\/\/www.eldiario.net\/portal\/wp-content\/uploads\/2025\/08\/4-MINA-1-677x420.webp\" srcset=\"https:\/\/www.eldiario.net\/portal\/wp-content\/uploads\/2025\/08\/4-MINA-1-677x420.webp 677w, https:\/\/www.eldiario.net\/portal\/wp-content\/uploads\/2025\/08\/4-MINA-1-300x186.webp 300w, https:\/\/www.eldiario.net\/portal\/wp-content\/uploads\/2025\/08\/4-MINA-1-150x93.webp 150w, https:\/\/www.eldiario.net\/portal\/wp-content\/uploads\/2025\/08\/4-MINA-1-696x432.webp 696w, https:\/\/www.eldiario.net\/portal\/wp-content\/uploads\/2025\/08\/4-MINA-1.webp 700w\" sizes=\"(max-width: 677px) 100vw, 677px\" alt=\"\">\r\n                            <\/a>\r\n                            <figcaption class = \"td-slide-caption td-gallery-slide-content\"><div class = \"td-gallery-slide-copywrite\">Imagen referencial. Foto: Archivo Erbol<\/div><\/figcaption>\r\n                        <\/figure>\r\n                    <\/div>\r\n                    <div class = \"td-slide-item td-item2\">\r\n                        <figure class=\"td-slide-galery-figure td-slide-popup-gallery\">\r\n                            <a class=\"slide-gallery-image-link\" href=\"https:\/\/www.eldiario.net\/portal\/wp-content\/uploads\/2025\/08\/4-MINA-2.webp\" title=\"4 MINA 2\"  data-caption=\"Abogado experto en miner\u00eda, Jaime Cu\u00e9llar. Foto: Archivo La Patria\"  data-description=\"\">\r\n                                <img decoding=\"async\" src=\"https:\/\/www.eldiario.net\/portal\/wp-content\/uploads\/2025\/08\/4-MINA-2-647x420.webp\" srcset=\"https:\/\/www.eldiario.net\/portal\/wp-content\/uploads\/2025\/08\/4-MINA-2-647x420.webp 647w, https:\/\/www.eldiario.net\/portal\/wp-content\/uploads\/2025\/08\/4-MINA-2-300x195.webp 300w, https:\/\/www.eldiario.net\/portal\/wp-content\/uploads\/2025\/08\/4-MINA-2-768x499.webp 768w, https:\/\/www.eldiario.net\/portal\/wp-content\/uploads\/2025\/08\/4-MINA-2-150x97.webp 150w, https:\/\/www.eldiario.net\/portal\/wp-content\/uploads\/2025\/08\/4-MINA-2-696x452.webp 696w, https:\/\/www.eldiario.net\/portal\/wp-content\/uploads\/2025\/08\/4-MINA-2.webp 858w\" sizes=\"(max-width: 647px) 100vw, 647px\" alt=\"\">\r\n                            <\/a>\r\n                            <figcaption class = \"td-slide-caption td-gallery-slide-content\"><div class = \"td-gallery-slide-copywrite\">Abogado experto en miner\u00eda, Jaime Cu\u00e9llar. Foto: Archivo La Patria<\/div><\/figcaption>\r\n                        <\/figure>\r\n                    <\/div>\r\n                            <\/div>\r\n                        <\/div>\r\n\r\n                        <div class = \"td-doubleSlider-2\">\r\n                            <div class = \"td-slider\">\r\n                                \r\n                    <div class = \"td-button td-item1\">\r\n                        <div class = \"td-border\"><\/div>\r\n                    <\/div>\r\n                    <div class = \"td-button td-item2\">\r\n                        <div class = \"td-border\"><\/div>\r\n                    <\/div>\r\n                            <\/div>\r\n                        <\/div>\r\n\r\n                    <\/div>\r\n\r\n                <\/div>\r\n                \n","protected":false},"excerpt":{"rendered":"<p>Pese a ser el principal motor econ\u00f3mico de Bolivia y fuente del 52% de las divisas del pa\u00eds, la miner\u00eda fue relegada en los programas de gobierno de los candidatos presidenciales. En un contexto internacional favorable por los altos precios de los minerales y con reservas estrat\u00e9gicas como el litio y el oro, la falta [&hellip;]<\/p>\n","protected":false},"author":1,"featured_media":321668,"comment_status":"closed","ping_status":"open","sticky":false,"template":"","format":"standard","meta":{"_acf_changed":false,"footnotes":""},"categories":[7],"tags":[],"class_list":["post-321667","post","type-post","status-publish","format-standard","has-post-thumbnail","category-economia"],"acf":{"antetitulo":"Afirma Jaime Cu\u00e9llar"},"yoast_head":"<!-- This site is optimized with the Yoast SEO plugin v28.4 - https:\/\/yoast.com\/product\/yoast-seo-wordpress\/ -->\n<title>Miner\u00eda, gran ausente en propuestas de candidatos - El Diario - Bolivia<\/title>\n<meta name=\"robots\" content=\"index, follow, max-snippet:-1, max-image-preview:large, max-video-preview:-1\" \/>\n<link rel=\"canonical\" href=\"https:\/\/www.eldiario.net\/portal\/2025\/08\/04\/mineria-gran-ausente-en-propuestas-de-candidatos\/\" \/>\n<meta property=\"og:locale\" content=\"es_ES\" \/>\n<meta property=\"og:type\" content=\"article\" \/>\n<meta property=\"og:title\" content=\"Miner\u00eda, gran ausente en propuestas de candidatos - El Diario - Bolivia\" \/>\n<meta property=\"og:description\" content=\"Pese a ser el principal motor econ\u00f3mico de Bolivia y fuente del 52% de las divisas del pa\u00eds, la miner\u00eda fue relegada en los programas de gobierno de los candidatos presidenciales. En un contexto internacional favorable por los altos precios de los minerales y con reservas estrat\u00e9gicas como el litio y el oro, la falta [&hellip;]\" \/>\n<meta property=\"og:url\" content=\"https:\/\/www.eldiario.net\/portal\/2025\/08\/04\/mineria-gran-ausente-en-propuestas-de-candidatos\/\" \/>\n<meta property=\"og:site_name\" content=\"El Diario - Bolivia\" \/>\n<meta property=\"article:publisher\" content=\"https:\/\/www.facebook.com\/eldiario.bolivia\/\" \/>\n<meta property=\"article:published_time\" content=\"2025-08-04T10:25:03+00:00\" \/>\n<meta property=\"og:image\" content=\"https:\/\/www.eldiario.net\/portal\/wp-content\/uploads\/2025\/08\/4-MINA-1.webp\" \/>\n\t<meta property=\"og:image:width\" content=\"700\" \/>\n\t<meta property=\"og:image:height\" content=\"434\" \/>\n\t<meta property=\"og:image:type\" content=\"image\/webp\" \/>\n<meta name=\"author\" content=\"Jeanette\" \/>\n<meta name=\"twitter:card\" content=\"summary_large_image\" \/>\n<meta name=\"twitter:creator\" content=\"@eldiario_net\" \/>\n<meta name=\"twitter:site\" content=\"@eldiario_net\" \/>\n<meta name=\"twitter:label1\" content=\"Escrito por\" \/>\n\t<meta name=\"twitter:data1\" content=\"Jeanette\" \/>\n\t<meta name=\"twitter:label2\" content=\"Tiempo de lectura\" \/>\n\t<meta name=\"twitter:data2\" content=\"2 minutos\" \/>\n<script type=\"application\/ld+json\" class=\"yoast-schema-graph\">{\"@context\":\"https:\\\/\\\/schema.org\",\"@graph\":[{\"@type\":\"Article\",\"@id\":\"https:\\\/\\\/www.eldiario.net\\\/portal\\\/2025\\\/08\\\/04\\\/mineria-gran-ausente-en-propuestas-de-candidatos\\\/#article\",\"isPartOf\":{\"@id\":\"https:\\\/\\\/www.eldiario.net\\\/portal\\\/2025\\\/08\\\/04\\\/mineria-gran-ausente-en-propuestas-de-candidatos\\\/\"},\"author\":{\"name\":\"Jeanette\",\"@id\":\"https:\\\/\\\/www.eldiario.net\\\/portal\\\/#\\\/schema\\\/person\\\/2c57cf2b7a7ae032e449e4c9b1019eac\"},\"headline\":\"Miner\u00eda, gran ausente en propuestas de candidatos\",\"datePublished\":\"2025-08-04T10:25:03+00:00\",\"mainEntityOfPage\":{\"@id\":\"https:\\\/\\\/www.eldiario.net\\\/portal\\\/2025\\\/08\\\/04\\\/mineria-gran-ausente-en-propuestas-de-candidatos\\\/\"},\"wordCount\":326,\"publisher\":{\"@id\":\"https:\\\/\\\/www.eldiario.net\\\/portal\\\/#organization\"},\"image\":{\"@id\":\"https:\\\/\\\/www.eldiario.net\\\/portal\\\/2025\\\/08\\\/04\\\/mineria-gran-ausente-en-propuestas-de-candidatos\\\/#primaryimage\"},\"thumbnailUrl\":\"https:\\\/\\\/www.eldiario.net\\\/portal\\\/wp-content\\\/uploads\\\/2025\\\/08\\\/4-MINA-1.webp\",\"articleSection\":[\"Econom\u00eda\"],\"inLanguage\":\"es\"},{\"@type\":\"WebPage\",\"@id\":\"https:\\\/\\\/www.eldiario.net\\\/portal\\\/2025\\\/08\\\/04\\\/mineria-gran-ausente-en-propuestas-de-candidatos\\\/\",\"url\":\"https:\\\/\\\/www.eldiario.net\\\/portal\\\/2025\\\/08\\\/04\\\/mineria-gran-ausente-en-propuestas-de-candidatos\\\/\",\"name\":\"Miner\u00eda, gran ausente en propuestas de candidatos - El Diario - Bolivia\",\"isPartOf\":{\"@id\":\"https:\\\/\\\/www.eldiario.net\\\/portal\\\/#website\"},\"primaryImageOfPage\":{\"@id\":\"https:\\\/\\\/www.eldiario.net\\\/portal\\\/2025\\\/08\\\/04\\\/mineria-gran-ausente-en-propuestas-de-candidatos\\\/#primaryimage\"},\"image\":{\"@id\":\"https:\\\/\\\/www.eldiario.net\\\/portal\\\/2025\\\/08\\\/04\\\/mineria-gran-ausente-en-propuestas-de-candidatos\\\/#primaryimage\"},\"thumbnailUrl\":\"https:\\\/\\\/www.eldiario.net\\\/portal\\\/wp-content\\\/uploads\\\/2025\\\/08\\\/4-MINA-1.webp\",\"datePublished\":\"2025-08-04T10:25:03+00:00\",\"breadcrumb\":{\"@id\":\"https:\\\/\\\/www.eldiario.net\\\/portal\\\/2025\\\/08\\\/04\\\/mineria-gran-ausente-en-propuestas-de-candidatos\\\/#breadcrumb\"},\"inLanguage\":\"es\",\"potentialAction\":[{\"@type\":\"ReadAction\",\"target\":[\"https:\\\/\\\/www.eldiario.net\\\/portal\\\/2025\\\/08\\\/04\\\/mineria-gran-ausente-en-propuestas-de-candidatos\\\/\"]}]},{\"@type\":\"ImageObject\",\"inLanguage\":\"es\",\"@id\":\"https:\\\/\\\/www.eldiario.net\\\/portal\\\/2025\\\/08\\\/04\\\/mineria-gran-ausente-en-propuestas-de-candidatos\\\/#primaryimage\",\"url\":\"https:\\\/\\\/www.eldiario.net\\\/portal\\\/wp-content\\\/uploads\\\/2025\\\/08\\\/4-MINA-1.webp\",\"contentUrl\":\"https:\\\/\\\/www.eldiario.net\\\/portal\\\/wp-content\\\/uploads\\\/2025\\\/08\\\/4-MINA-1.webp\",\"width\":700,\"height\":434,\"caption\":\"Imagen referencial. Foto: Archivo Erbol\"},{\"@type\":\"BreadcrumbList\",\"@id\":\"https:\\\/\\\/www.eldiario.net\\\/portal\\\/2025\\\/08\\\/04\\\/mineria-gran-ausente-en-propuestas-de-candidatos\\\/#breadcrumb\",\"itemListElement\":[{\"@type\":\"ListItem\",\"position\":1,\"name\":\"Portada\",\"item\":\"https:\\\/\\\/www.eldiario.net\\\/portal\\\/\"},{\"@type\":\"ListItem\",\"position\":2,\"name\":\"Miner\u00eda, gran ausente en propuestas de candidatos\"}]},{\"@type\":\"WebSite\",\"@id\":\"https:\\\/\\\/www.eldiario.net\\\/portal\\\/#website\",\"url\":\"https:\\\/\\\/www.eldiario.net\\\/portal\\\/\",\"name\":\"El Diario - Decano de la prensa nacional\",\"description\":\"El Diario - Decano de la prensa nacional\",\"publisher\":{\"@id\":\"https:\\\/\\\/www.eldiario.net\\\/portal\\\/#organization\"},\"potentialAction\":[{\"@type\":\"SearchAction\",\"target\":{\"@type\":\"EntryPoint\",\"urlTemplate\":\"https:\\\/\\\/www.eldiario.net\\\/portal\\\/?s={search_term_string}\"},\"query-input\":{\"@type\":\"PropertyValueSpecification\",\"valueRequired\":true,\"valueName\":\"search_term_string\"}}],\"inLanguage\":\"es\"},{\"@type\":\"Organization\",\"@id\":\"https:\\\/\\\/www.eldiario.net\\\/portal\\\/#organization\",\"name\":\"El Diario - Decano de la prensa nacional\",\"url\":\"https:\\\/\\\/www.eldiario.net\\\/portal\\\/\",\"logo\":{\"@type\":\"ImageObject\",\"inLanguage\":\"es\",\"@id\":\"https:\\\/\\\/www.eldiario.net\\\/portal\\\/#\\\/schema\\\/logo\\\/image\\\/\",\"url\":\"https:\\\/\\\/www.eldiario.net\\\/portal\\\/wp-content\\\/uploads\\\/2023\\\/07\\\/logo_ED.jpg\",\"contentUrl\":\"https:\\\/\\\/www.eldiario.net\\\/portal\\\/wp-content\\\/uploads\\\/2023\\\/07\\\/logo_ED.jpg\",\"width\":272,\"height\":52,\"caption\":\"El Diario - Decano de la prensa nacional\"},\"image\":{\"@id\":\"https:\\\/\\\/www.eldiario.net\\\/portal\\\/#\\\/schema\\\/logo\\\/image\\\/\"},\"sameAs\":[\"https:\\\/\\\/www.facebook.com\\\/eldiario.bolivia\\\/\",\"https:\\\/\\\/x.com\\\/eldiario_net\"]},{\"@type\":\"Person\",\"@id\":\"https:\\\/\\\/www.eldiario.net\\\/portal\\\/#\\\/schema\\\/person\\\/2c57cf2b7a7ae032e449e4c9b1019eac\",\"name\":\"Jeanette\",\"image\":{\"@type\":\"ImageObject\",\"inLanguage\":\"es\",\"@id\":\"https:\\\/\\\/secure.gravatar.com\\\/avatar\\\/3ea2118a5f7dad2b7138b1187a6b7ee55f160b9968b66013c3a3ef39dd7e5798?s=96&d=mm&r=g\",\"url\":\"https:\\\/\\\/secure.gravatar.com\\\/avatar\\\/3ea2118a5f7dad2b7138b1187a6b7ee55f160b9968b66013c3a3ef39dd7e5798?s=96&d=mm&r=g\",\"contentUrl\":\"https:\\\/\\\/secure.gravatar.com\\\/avatar\\\/3ea2118a5f7dad2b7138b1187a6b7ee55f160b9968b66013c3a3ef39dd7e5798?s=96&d=mm&r=g\",\"caption\":\"Jeanette\"},\"sameAs\":[\"https:\\\/\\\/www.eldiario.net\\\/portal\"],\"url\":\"https:\\\/\\\/www.eldiario.net\\\/portal\\\/author\\\/jeanette\\\/\"}]}<\/script>\n<!-- \/ Yoast SEO plugin. -->","yoast_head_json":{"title":"Miner\u00eda, gran ausente en propuestas de candidatos - El Diario - Bolivia","robots":{"index":"index","follow":"follow","max-snippet":"max-snippet:-1","max-image-preview":"max-image-preview:large","max-video-preview":"max-video-preview:-1"},"canonical":"https:\/\/www.eldiario.net\/portal\/2025\/08\/04\/mineria-gran-ausente-en-propuestas-de-candidatos\/","og_locale":"es_ES","og_type":"article","og_title":"Miner\u00eda, gran ausente en propuestas de candidatos - El Diario - Bolivia","og_description":"Pese a ser el principal motor econ\u00f3mico de Bolivia y fuente del 52% de las divisas del pa\u00eds, la miner\u00eda fue relegada en los programas de gobierno de los candidatos presidenciales. En un contexto internacional favorable por los altos precios de los minerales y con reservas estrat\u00e9gicas como el litio y el oro, la falta [&hellip;]","og_url":"https:\/\/www.eldiario.net\/portal\/2025\/08\/04\/mineria-gran-ausente-en-propuestas-de-candidatos\/","og_site_name":"El Diario - Bolivia","article_publisher":"https:\/\/www.facebook.com\/eldiario.bolivia\/","article_published_time":"2025-08-04T10:25:03+00:00","og_image":[{"width":700,"height":434,"url":"https:\/\/www.eldiario.net\/portal\/wp-content\/uploads\/2025\/08\/4-MINA-1.webp","type":"image\/webp"}],"author":"Jeanette","twitter_card":"summary_large_image","twitter_creator":"@eldiario_net","twitter_site":"@eldiario_net","twitter_misc":{"Escrito por":"Jeanette","Tiempo de lectura":"2 minutos"},"schema":{"@context":"https:\/\/schema.org","@graph":[{"@type":"Article","@id":"https:\/\/www.eldiario.net\/portal\/2025\/08\/04\/mineria-gran-ausente-en-propuestas-de-candidatos\/#article","isPartOf":{"@id":"https:\/\/www.eldiario.net\/portal\/2025\/08\/04\/mineria-gran-ausente-en-propuestas-de-candidatos\/"},"author":{"name":"Jeanette","@id":"https:\/\/www.eldiario.net\/portal\/#\/schema\/person\/2c57cf2b7a7ae032e449e4c9b1019eac"},"headline":"Miner\u00eda, gran ausente en propuestas de candidatos","datePublished":"2025-08-04T10:25:03+00:00","mainEntityOfPage":{"@id":"https:\/\/www.eldiario.net\/portal\/2025\/08\/04\/mineria-gran-ausente-en-propuestas-de-candidatos\/"},"wordCount":326,"publisher":{"@id":"https:\/\/www.eldiario.net\/portal\/#organization"},"image":{"@id":"https:\/\/www.eldiario.net\/portal\/2025\/08\/04\/mineria-gran-ausente-en-propuestas-de-candidatos\/#primaryimage"},"thumbnailUrl":"https:\/\/www.eldiario.net\/portal\/wp-content\/uploads\/2025\/08\/4-MINA-1.webp","articleSection":["Econom\u00eda"],"inLanguage":"es"},{"@type":"WebPage","@id":"https:\/\/www.eldiario.net\/portal\/2025\/08\/04\/mineria-gran-ausente-en-propuestas-de-candidatos\/","url":"https:\/\/www.eldiario.net\/portal\/2025\/08\/04\/mineria-gran-ausente-en-propuestas-de-candidatos\/","name":"Miner\u00eda, gran ausente en propuestas de candidatos - El Diario - Bolivia","isPartOf":{"@id":"https:\/\/www.eldiario.net\/portal\/#website"},"primaryImageOfPage":{"@id":"https:\/\/www.eldiario.net\/portal\/2025\/08\/04\/mineria-gran-ausente-en-propuestas-de-candidatos\/#primaryimage"},"image":{"@id":"https:\/\/www.eldiario.net\/portal\/2025\/08\/04\/mineria-gran-ausente-en-propuestas-de-candidatos\/#primaryimage"},"thumbnailUrl":"https:\/\/www.eldiario.net\/portal\/wp-content\/uploads\/2025\/08\/4-MINA-1.webp","datePublished":"2025-08-04T10:25:03+00:00","breadcrumb":{"@id":"https:\/\/www.eldiario.net\/portal\/2025\/08\/04\/mineria-gran-ausente-en-propuestas-de-candidatos\/#breadcrumb"},"inLanguage":"es","potentialAction":[{"@type":"ReadAction","target":["https:\/\/www.eldiario.net\/portal\/2025\/08\/04\/mineria-gran-ausente-en-propuestas-de-candidatos\/"]}]},{"@type":"ImageObject","inLanguage":"es","@id":"https:\/\/www.eldiario.net\/portal\/2025\/08\/04\/mineria-gran-ausente-en-propuestas-de-candidatos\/#primaryimage","url":"https:\/\/www.eldiario.net\/portal\/wp-content\/uploads\/2025\/08\/4-MINA-1.webp","contentUrl":"https:\/\/www.eldiario.net\/portal\/wp-content\/uploads\/2025\/08\/4-MINA-1.webp","width":700,"height":434,"caption":"Imagen referencial. Foto: Archivo Erbol"},{"@type":"BreadcrumbList","@id":"https:\/\/www.eldiario.net\/portal\/2025\/08\/04\/mineria-gran-ausente-en-propuestas-de-candidatos\/#breadcrumb","itemListElement":[{"@type":"ListItem","position":1,"name":"Portada","item":"https:\/\/www.eldiario.net\/portal\/"},{"@type":"ListItem","position":2,"name":"Miner\u00eda, gran ausente en propuestas de candidatos"}]},{"@type":"WebSite","@id":"https:\/\/www.eldiario.net\/portal\/#website","url":"https:\/\/www.eldiario.net\/portal\/","name":"El Diario - Decano de la prensa nacional","description":"El Diario - Decano de la prensa nacional","publisher":{"@id":"https:\/\/www.eldiario.net\/portal\/#organization"},"potentialAction":[{"@type":"SearchAction","target":{"@type":"EntryPoint","urlTemplate":"https:\/\/www.eldiario.net\/portal\/?s={search_term_string}"},"query-input":{"@type":"PropertyValueSpecification","valueRequired":true,"valueName":"search_term_string"}}],"inLanguage":"es"},{"@type":"Organization","@id":"https:\/\/www.eldiario.net\/portal\/#organization","name":"El Diario - Decano de la prensa nacional","url":"https:\/\/www.eldiario.net\/portal\/","logo":{"@type":"ImageObject","inLanguage":"es","@id":"https:\/\/www.eldiario.net\/portal\/#\/schema\/logo\/image\/","url":"https:\/\/www.eldiario.net\/portal\/wp-content\/uploads\/2023\/07\/logo_ED.jpg","contentUrl":"https:\/\/www.eldiario.net\/portal\/wp-content\/uploads\/2023\/07\/logo_ED.jpg","width":272,"height":52,"caption":"El Diario - Decano de la prensa nacional"},"image":{"@id":"https:\/\/www.eldiario.net\/portal\/#\/schema\/logo\/image\/"},"sameAs":["https:\/\/www.facebook.com\/eldiario.bolivia\/","https:\/\/x.com\/eldiario_net"]},{"@type":"Person","@id":"https:\/\/www.eldiario.net\/portal\/#\/schema\/person\/2c57cf2b7a7ae032e449e4c9b1019eac","name":"Jeanette","image":{"@type":"ImageObject","inLanguage":"es","@id":"https:\/\/secure.gravatar.com\/avatar\/3ea2118a5f7dad2b7138b1187a6b7ee55f160b9968b66013c3a3ef39dd7e5798?s=96&d=mm&r=g","url":"https:\/\/secure.gravatar.com\/avatar\/3ea2118a5f7dad2b7138b1187a6b7ee55f160b9968b66013c3a3ef39dd7e5798?s=96&d=mm&r=g","contentUrl":"https:\/\/secure.gravatar.com\/avatar\/3ea2118a5f7dad2b7138b1187a6b7ee55f160b9968b66013c3a3ef39dd7e5798?s=96&d=mm&r=g","caption":"Jeanette"},"sameAs":["https:\/\/www.eldiario.net\/portal"],"url":"https:\/\/www.eldiario.net\/portal\/author\/jeanette\/"}]}},"_links":{"self":[{"href":"https:\/\/www.eldiario.net\/portal\/wp-json\/wp\/v2\/posts\/321667","targetHints":{"allow":["GET"]}}],"collection":[{"href":"https:\/\/www.eldiario.net\/portal\/wp-json\/wp\/v2\/posts"}],"about":[{"href":"https:\/\/www.eldiario.net\/portal\/wp-json\/wp\/v2\/types\/post"}],"author":[{"embeddable":true,"href":"https:\/\/www.eldiario.net\/portal\/wp-json\/wp\/v2\/users\/1"}],"replies":[{"embeddable":true,"href":"https:\/\/www.eldiario.net\/portal\/wp-json\/wp\/v2\/comments?post=321667"}],"version-history":[{"count":1,"href":"https:\/\/www.eldiario.net\/portal\/wp-json\/wp\/v2\/posts\/321667\/revisions"}],"predecessor-version":[{"id":321670,"href":"https:\/\/www.eldiario.net\/portal\/wp-json\/wp\/v2\/posts\/321667\/revisions\/321670"}],"wp:featuredmedia":[{"embeddable":true,"href":"https:\/\/www.eldiario.net\/portal\/wp-json\/wp\/v2\/media\/321668"}],"wp:attachment":[{"href":"https:\/\/www.eldiario.net\/portal\/wp-json\/wp\/v2\/media?parent=321667"}],"wp:term":[{"taxonomy":"category","embeddable":true,"href":"https:\/\/www.eldiario.net\/portal\/wp-json\/wp\/v2\/categories?post=321667"},{"taxonomy":"post_tag","embeddable":true,"href":"https:\/\/www.eldiario.net\/portal\/wp-json\/wp\/v2\/tags?post=321667"}],"curies":[{"name":"wp","href":"https:\/\/api.w.org\/{rel}","templated":true}]}}