{"id":321546,"date":"2025-08-04T00:55:11","date_gmt":"2025-08-04T04:55:11","guid":{"rendered":"https:\/\/www.eldiario.net\/portal\/?p=321546"},"modified":"2025-08-03T23:55:52","modified_gmt":"2025-08-04T03:55:52","slug":"tania-peredo-lanza-la-cancion-despierta-bolivia","status":"publish","type":"post","link":"https:\/\/www.eldiario.net\/portal\/2025\/08\/04\/tania-peredo-lanza-la-cancion-despierta-bolivia\/","title":{"rendered":"Tania Peredo lanza la  canci\u00f3n \u201cDespierta Bolivia\u201d"},"content":{"rendered":"<p>La concertista en instrumentos de viento y cantautora boliviana Tania Peredo acaba de lanzar al mercado la canci\u00f3n \u201cDespierta Bolivia\u201d.<\/p>\n<p>\u201cAnte la impotencia por la actual situaci\u00f3n que vive nuestro pa\u00eds, donde pr\u00e1cticamente ya vivimos una inflaci\u00f3n, con largas filas para cargar gasolina, no hay d\u00f3lares y tantos factores m\u00e1s, nace \u201cDespierta Bolivia\u201d, que solo narra entre l\u00edneas y melod\u00edas el vivir y sentir de cada boliviano. Vi con preocupaci\u00f3n c\u00f3mo a veces nuestros gobernantes por angurria de poder se olvidan de lo m\u00e1s importante: Vivir para servir. Esta canci\u00f3n llama a la reflexi\u00f3n a muchos de ellos\u2026y estoy segura que identificar\u00e1 a miles de bolivianos ac\u00e1 en Bolivia y m\u00e1s all\u00e1 de nuestras fronteras. No es una canci\u00f3n pol\u00edtica, mas al contrario, es apol\u00edtica y solo llama, como su nombre lo indica, a que despierte cada boliviano, porque se viene un evento muy importante, emitir nuestro voto con responsabilidad el 17 de agosto. El voto debe ser responsable, no emocional, porque est\u00e1 de por medio el futuro de Bolivia\u201d, expres\u00f3 la artista orure\u00f1a.<\/p>\n<p>La grabaci\u00f3n de la canci\u00f3n se realiz\u00f3 en DC Studios y el video en TP Producciones, a cargo de Tatiana Tantachucho.<\/p>\n<p>\u201cEl video est\u00e1 matizado con im\u00e1genes de apoyo de la realidad que se vivi\u00f3 y se vive en Bolivia. En la parte central hay un fragmento muy especial, donde son usados colores. Pretendemos que se vuelva un trend y ser una tendencia en Tik Tok. Tambi\u00e9n se trabaj\u00f3 con IA para mostrar un video diferente, con otro enfoque\u201d, coment\u00f3.<\/p>\n<p>Adem\u00e1s de la promoci\u00f3n de \u201cDespierta Bolivia\u201d, Peredo adelant\u00f3 que este 2025 esperar lanzar su nuevo disco, el cual ya tiene un 80% de avance en su grabaci\u00f3n, y luego presentarlo en varias ciudades de Bolivia.<\/p>\n<p>\u201cPosteriormente, en octubre me voy a M\u00e9xico a realizar actividades culturales y a finales de noviembre estar\u00e9 en Per\u00fa. Y tambi\u00e9n seguir\u00e9 con la ense\u00f1anza de la quena, tanto a nivel nacional como internacional a trav\u00e9s de la virtualidad\u201d, anunci\u00f3.<\/p>\n<p><strong>LA ARTISTA<\/strong><\/p>\n<p>Tania Peredo comenz\u00f3 su carrera art\u00edstica en 1992, conformando los grupos femeninos Antawara y Claridad Andina. Luego fue parte de Voces Morenas, agrupaci\u00f3n en la que estuvo 12 a\u00f1os, grabando varias placas discogr\u00e1ficas y visitando diversos pa\u00edses en giras art\u00edsticas.<\/p>\n<p>Desde el a\u00f1o 2008 da clases de instrumentos aer\u00f3fonos, especialmente quena y zampo\u00f1a. En 2018 edit\u00f3 el libro did\u00e1ctico \u201cManual de Aprendizaje de Quena\u201d versi\u00f3n espa\u00f1ol-ingl\u00e9s. Actualmente tiene su instituci\u00f3n de aprendizaje de aer\u00f3fonos andinos, que lleva el nombre de Artes Musicales \u201cVientos sin Fronteras Bolivia\u201d, y desde la pandemia, en 2020, dicta clases virtuales a alumnos de varios pa\u00edses.<\/p>\n<p>Es parte de SOBODAYCOM (Sociedad Boliviana de Autores y Compositores) y tambi\u00e9n cuenta con el Registro Plurinacional de Artistas de Bolivia MDCyT2015I-6705.<\/p>\n<p>Fue invitada a cinco Encuentros Internacionales de Quenistas representando a Bolivia, realizados en Per\u00fa, M\u00e9xico, Francia, Argentina y Chile.<\/p>\n<p>En mayo de 2022, la Asamblea Legislativa Plurinacional de Bolivia, a trav\u00e9s de la Brigada Parlamentaria de Oruro, le otorg\u00f3 un reconocimiento por su trayectoria art\u00edstica e invaluable labor a favor de la cultura boliviana.<\/p>\n<p>En 2023 visit\u00f3 nuevamente M\u00e9xico y Argentina para realizar actividades culturales. Posteriormente, el Estado Plurinacional de Bolivia le entreg\u00f3 el certificado de competencias como \u201cM\u00fasico Folcl\u00f3rico de Instrumentos Aut\u00f3ctonos de Viento\u201d.<\/p>\n<p>En noviembre de 2024 inici\u00f3 la grabaci\u00f3n de su tercera placa discogr\u00e1fica, con un 50% de composiciones propias, la cual ser\u00e1 lanzada este a\u00f1o.<\/p>\n<p>La caracter\u00edstica de Tania en sus composiciones es mostrar la vida cotidiana, como lo hizo en anteriores composiciones: \u201cMinero Boliviano\u201d y \u201cLa tierra\u201d. Ella dice que los m\u00fasicos tienen una enorme responsabilidad con la sociedad, por lo que deben mostrar en sus composiciones la realidad que viven los bolivianos.<\/p>\n\r\n                <style type=\"text\/css\">\r\n                    \r\n                    #tdi_1  .td-doubleSlider-2 .td-item1 {\r\n                        background: url(https:\/\/www.eldiario.net\/portal\/wp-content\/uploads\/2025\/08\/A-tania--80x60.webp) 0 0 no-repeat;\r\n                    }\r\n                    #tdi_1  .td-doubleSlider-2 .td-item2 {\r\n                        background: url(https:\/\/www.eldiario.net\/portal\/wp-content\/uploads\/2025\/08\/B-tania-80x60.webp) 0 0 no-repeat;\r\n                    }\r\n                <\/style>\r\n\r\n                <div id=\"tdi_1\" class=\"td-gallery td-slide-on-2-columns\">\r\n                    <div class=\"post_td_gallery\">\r\n                        <div class=\"td-gallery-slide-top\">\r\n                           <div class=\"td-gallery-title\"><\/div>\r\n\r\n                            <div class=\"td-gallery-controls-wrapper\">\r\n                                <div class=\"td-gallery-slide-count\"><span class=\"td-gallery-slide-item-focus\">1<\/span> de 2<\/div>\r\n                                <div class=\"td-gallery-slide-prev-next-but\">\r\n                                    <i class = \"td-icon-left doubleSliderPrevButton\"><\/i>\r\n                                    <i class = \"td-icon-right doubleSliderNextButton\"><\/i>\r\n                                <\/div>\r\n                            <\/div>\r\n                        <\/div>\r\n\r\n                        <div class = \"td-doubleSlider-1 \">\r\n                            <div class = \"td-slider\">\r\n                                \r\n                    <div class = \"td-slide-item td-item1\">\r\n                        <figure class=\"td-slide-galery-figure td-slide-popup-gallery\">\r\n                            <a class=\"slide-gallery-image-link\" href=\"https:\/\/www.eldiario.net\/portal\/wp-content\/uploads\/2025\/08\/A-tania-.webp\" title=\"A--tania-\"  data-caption=\"\"  data-description=\"\">\r\n                                <img decoding=\"async\" src=\"https:\/\/www.eldiario.net\/portal\/wp-content\/uploads\/2025\/08\/A-tania--372x420.webp\" srcset=\"https:\/\/www.eldiario.net\/portal\/wp-content\/uploads\/2025\/08\/A-tania--372x420.webp 372w, https:\/\/www.eldiario.net\/portal\/wp-content\/uploads\/2025\/08\/A-tania--266x300.webp 266w, https:\/\/www.eldiario.net\/portal\/wp-content\/uploads\/2025\/08\/A-tania--150x169.webp 150w, https:\/\/www.eldiario.net\/portal\/wp-content\/uploads\/2025\/08\/A-tania--300x339.webp 300w, https:\/\/www.eldiario.net\/portal\/wp-content\/uploads\/2025\/08\/A-tania--696x786.webp 696w, https:\/\/www.eldiario.net\/portal\/wp-content\/uploads\/2025\/08\/A-tania-.webp 752w\" sizes=\"(max-width: 372px) 100vw, 372px\" alt=\"\">\r\n                            <\/a>\r\n                            \r\n                        <\/figure>\r\n                    <\/div>\r\n                    <div class = \"td-slide-item td-item2\">\r\n                        <figure class=\"td-slide-galery-figure td-slide-popup-gallery\">\r\n                            <a class=\"slide-gallery-image-link\" href=\"https:\/\/www.eldiario.net\/portal\/wp-content\/uploads\/2025\/08\/B-tania.webp\" title=\"B-tania\"  data-caption=\"\"  data-description=\"\">\r\n                                <img decoding=\"async\" src=\"https:\/\/www.eldiario.net\/portal\/wp-content\/uploads\/2025\/08\/B-tania.webp\" srcset=\"https:\/\/www.eldiario.net\/portal\/wp-content\/uploads\/2025\/08\/B-tania.webp 332w, https:\/\/www.eldiario.net\/portal\/wp-content\/uploads\/2025\/08\/B-tania-241x300.webp 241w, https:\/\/www.eldiario.net\/portal\/wp-content\/uploads\/2025\/08\/B-tania-150x187.webp 150w, https:\/\/www.eldiario.net\/portal\/wp-content\/uploads\/2025\/08\/B-tania-300x374.webp 300w\" sizes=\"(max-width: 332px) 100vw, 332px\" alt=\"\">\r\n                            <\/a>\r\n                            \r\n                        <\/figure>\r\n                    <\/div>\r\n                            <\/div>\r\n                        <\/div>\r\n\r\n                        <div class = \"td-doubleSlider-2\">\r\n                            <div class = \"td-slider\">\r\n                                \r\n                    <div class = \"td-button td-item1\">\r\n                        <div class = \"td-border\"><\/div>\r\n                    <\/div>\r\n                    <div class = \"td-button td-item2\">\r\n                        <div class = \"td-border\"><\/div>\r\n                    <\/div>\r\n                            <\/div>\r\n                        <\/div>\r\n\r\n                    <\/div>\r\n\r\n                <\/div>\r\n                \n","protected":false},"excerpt":{"rendered":"<p>La concertista en instrumentos de viento y cantautora boliviana Tania Peredo acaba de lanzar al mercado la canci\u00f3n \u201cDespierta Bolivia\u201d. \u201cAnte la impotencia por la actual situaci\u00f3n que vive nuestro pa\u00eds, donde pr\u00e1cticamente ya vivimos una inflaci\u00f3n, con largas filas para cargar gasolina, no hay d\u00f3lares y tantos factores m\u00e1s, nace \u201cDespierta Bolivia\u201d, que solo [&hellip;]<\/p>\n","protected":false},"author":1,"featured_media":321547,"comment_status":"closed","ping_status":"open","sticky":false,"template":"","format":"standard","meta":{"_acf_changed":false,"footnotes":""},"categories":[41],"tags":[],"class_list":["post-321546","post","type-post","status-publish","format-standard","has-post-thumbnail","category-la-guia"],"acf":{"antetitulo":""},"yoast_head":"<!-- This site is optimized with the Yoast SEO plugin v28.4 - https:\/\/yoast.com\/product\/yoast-seo-wordpress\/ -->\n<title>Tania Peredo lanza la canci\u00f3n \u201cDespierta Bolivia\u201d - El Diario - Bolivia<\/title>\n<meta name=\"robots\" content=\"index, follow, max-snippet:-1, max-image-preview:large, max-video-preview:-1\" \/>\n<link rel=\"canonical\" href=\"https:\/\/www.eldiario.net\/portal\/2025\/08\/04\/tania-peredo-lanza-la-cancion-despierta-bolivia\/\" \/>\n<meta property=\"og:locale\" content=\"es_ES\" \/>\n<meta property=\"og:type\" content=\"article\" \/>\n<meta property=\"og:title\" content=\"Tania Peredo lanza la canci\u00f3n \u201cDespierta Bolivia\u201d - El Diario - Bolivia\" \/>\n<meta property=\"og:description\" content=\"La concertista en instrumentos de viento y cantautora boliviana Tania Peredo acaba de lanzar al mercado la canci\u00f3n \u201cDespierta Bolivia\u201d. \u201cAnte la impotencia por la actual situaci\u00f3n que vive nuestro pa\u00eds, donde pr\u00e1cticamente ya vivimos una inflaci\u00f3n, con largas filas para cargar gasolina, no hay d\u00f3lares y tantos factores m\u00e1s, nace \u201cDespierta Bolivia\u201d, que solo [&hellip;]\" \/>\n<meta property=\"og:url\" content=\"https:\/\/www.eldiario.net\/portal\/2025\/08\/04\/tania-peredo-lanza-la-cancion-despierta-bolivia\/\" \/>\n<meta property=\"og:site_name\" content=\"El Diario - Bolivia\" \/>\n<meta property=\"article:publisher\" content=\"https:\/\/www.facebook.com\/eldiario.bolivia\/\" \/>\n<meta property=\"article:published_time\" content=\"2025-08-04T04:55:11+00:00\" \/>\n<meta property=\"og:image\" content=\"https:\/\/www.eldiario.net\/portal\/wp-content\/uploads\/2025\/08\/A-tania-.webp\" \/>\n\t<meta property=\"og:image:width\" content=\"752\" \/>\n\t<meta property=\"og:image:height\" content=\"849\" \/>\n\t<meta property=\"og:image:type\" content=\"image\/webp\" \/>\n<meta name=\"author\" content=\"Jeanette\" \/>\n<meta name=\"twitter:card\" content=\"summary_large_image\" \/>\n<meta name=\"twitter:creator\" content=\"@eldiario_net\" \/>\n<meta name=\"twitter:site\" content=\"@eldiario_net\" \/>\n<meta name=\"twitter:label1\" content=\"Escrito por\" \/>\n\t<meta name=\"twitter:data1\" content=\"Jeanette\" \/>\n\t<meta name=\"twitter:label2\" content=\"Tiempo de lectura\" \/>\n\t<meta name=\"twitter:data2\" content=\"4 minutos\" \/>\n<script type=\"application\/ld+json\" class=\"yoast-schema-graph\">{\"@context\":\"https:\\\/\\\/schema.org\",\"@graph\":[{\"@type\":\"Article\",\"@id\":\"https:\\\/\\\/www.eldiario.net\\\/portal\\\/2025\\\/08\\\/04\\\/tania-peredo-lanza-la-cancion-despierta-bolivia\\\/#article\",\"isPartOf\":{\"@id\":\"https:\\\/\\\/www.eldiario.net\\\/portal\\\/2025\\\/08\\\/04\\\/tania-peredo-lanza-la-cancion-despierta-bolivia\\\/\"},\"author\":{\"name\":\"Jeanette\",\"@id\":\"https:\\\/\\\/www.eldiario.net\\\/portal\\\/#\\\/schema\\\/person\\\/2c57cf2b7a7ae032e449e4c9b1019eac\"},\"headline\":\"Tania Peredo lanza la canci\u00f3n \u201cDespierta Bolivia\u201d\",\"datePublished\":\"2025-08-04T04:55:11+00:00\",\"mainEntityOfPage\":{\"@id\":\"https:\\\/\\\/www.eldiario.net\\\/portal\\\/2025\\\/08\\\/04\\\/tania-peredo-lanza-la-cancion-despierta-bolivia\\\/\"},\"wordCount\":678,\"publisher\":{\"@id\":\"https:\\\/\\\/www.eldiario.net\\\/portal\\\/#organization\"},\"image\":{\"@id\":\"https:\\\/\\\/www.eldiario.net\\\/portal\\\/2025\\\/08\\\/04\\\/tania-peredo-lanza-la-cancion-despierta-bolivia\\\/#primaryimage\"},\"thumbnailUrl\":\"https:\\\/\\\/www.eldiario.net\\\/portal\\\/wp-content\\\/uploads\\\/2025\\\/08\\\/A-tania-.webp\",\"articleSection\":[\"La Gu\u00eda\"],\"inLanguage\":\"es\"},{\"@type\":\"WebPage\",\"@id\":\"https:\\\/\\\/www.eldiario.net\\\/portal\\\/2025\\\/08\\\/04\\\/tania-peredo-lanza-la-cancion-despierta-bolivia\\\/\",\"url\":\"https:\\\/\\\/www.eldiario.net\\\/portal\\\/2025\\\/08\\\/04\\\/tania-peredo-lanza-la-cancion-despierta-bolivia\\\/\",\"name\":\"Tania Peredo lanza la canci\u00f3n \u201cDespierta Bolivia\u201d - El Diario - Bolivia\",\"isPartOf\":{\"@id\":\"https:\\\/\\\/www.eldiario.net\\\/portal\\\/#website\"},\"primaryImageOfPage\":{\"@id\":\"https:\\\/\\\/www.eldiario.net\\\/portal\\\/2025\\\/08\\\/04\\\/tania-peredo-lanza-la-cancion-despierta-bolivia\\\/#primaryimage\"},\"image\":{\"@id\":\"https:\\\/\\\/www.eldiario.net\\\/portal\\\/2025\\\/08\\\/04\\\/tania-peredo-lanza-la-cancion-despierta-bolivia\\\/#primaryimage\"},\"thumbnailUrl\":\"https:\\\/\\\/www.eldiario.net\\\/portal\\\/wp-content\\\/uploads\\\/2025\\\/08\\\/A-tania-.webp\",\"datePublished\":\"2025-08-04T04:55:11+00:00\",\"breadcrumb\":{\"@id\":\"https:\\\/\\\/www.eldiario.net\\\/portal\\\/2025\\\/08\\\/04\\\/tania-peredo-lanza-la-cancion-despierta-bolivia\\\/#breadcrumb\"},\"inLanguage\":\"es\",\"potentialAction\":[{\"@type\":\"ReadAction\",\"target\":[\"https:\\\/\\\/www.eldiario.net\\\/portal\\\/2025\\\/08\\\/04\\\/tania-peredo-lanza-la-cancion-despierta-bolivia\\\/\"]}]},{\"@type\":\"ImageObject\",\"inLanguage\":\"es\",\"@id\":\"https:\\\/\\\/www.eldiario.net\\\/portal\\\/2025\\\/08\\\/04\\\/tania-peredo-lanza-la-cancion-despierta-bolivia\\\/#primaryimage\",\"url\":\"https:\\\/\\\/www.eldiario.net\\\/portal\\\/wp-content\\\/uploads\\\/2025\\\/08\\\/A-tania-.webp\",\"contentUrl\":\"https:\\\/\\\/www.eldiario.net\\\/portal\\\/wp-content\\\/uploads\\\/2025\\\/08\\\/A-tania-.webp\",\"width\":752,\"height\":849},{\"@type\":\"BreadcrumbList\",\"@id\":\"https:\\\/\\\/www.eldiario.net\\\/portal\\\/2025\\\/08\\\/04\\\/tania-peredo-lanza-la-cancion-despierta-bolivia\\\/#breadcrumb\",\"itemListElement\":[{\"@type\":\"ListItem\",\"position\":1,\"name\":\"Portada\",\"item\":\"https:\\\/\\\/www.eldiario.net\\\/portal\\\/\"},{\"@type\":\"ListItem\",\"position\":2,\"name\":\"Tania Peredo lanza la canci\u00f3n \u201cDespierta Bolivia\u201d\"}]},{\"@type\":\"WebSite\",\"@id\":\"https:\\\/\\\/www.eldiario.net\\\/portal\\\/#website\",\"url\":\"https:\\\/\\\/www.eldiario.net\\\/portal\\\/\",\"name\":\"El Diario - Decano de la prensa nacional\",\"description\":\"El Diario - Decano de la prensa nacional\",\"publisher\":{\"@id\":\"https:\\\/\\\/www.eldiario.net\\\/portal\\\/#organization\"},\"potentialAction\":[{\"@type\":\"SearchAction\",\"target\":{\"@type\":\"EntryPoint\",\"urlTemplate\":\"https:\\\/\\\/www.eldiario.net\\\/portal\\\/?s={search_term_string}\"},\"query-input\":{\"@type\":\"PropertyValueSpecification\",\"valueRequired\":true,\"valueName\":\"search_term_string\"}}],\"inLanguage\":\"es\"},{\"@type\":\"Organization\",\"@id\":\"https:\\\/\\\/www.eldiario.net\\\/portal\\\/#organization\",\"name\":\"El Diario - Decano de la prensa nacional\",\"url\":\"https:\\\/\\\/www.eldiario.net\\\/portal\\\/\",\"logo\":{\"@type\":\"ImageObject\",\"inLanguage\":\"es\",\"@id\":\"https:\\\/\\\/www.eldiario.net\\\/portal\\\/#\\\/schema\\\/logo\\\/image\\\/\",\"url\":\"https:\\\/\\\/www.eldiario.net\\\/portal\\\/wp-content\\\/uploads\\\/2023\\\/07\\\/logo_ED.jpg\",\"contentUrl\":\"https:\\\/\\\/www.eldiario.net\\\/portal\\\/wp-content\\\/uploads\\\/2023\\\/07\\\/logo_ED.jpg\",\"width\":272,\"height\":52,\"caption\":\"El Diario - Decano de la prensa nacional\"},\"image\":{\"@id\":\"https:\\\/\\\/www.eldiario.net\\\/portal\\\/#\\\/schema\\\/logo\\\/image\\\/\"},\"sameAs\":[\"https:\\\/\\\/www.facebook.com\\\/eldiario.bolivia\\\/\",\"https:\\\/\\\/x.com\\\/eldiario_net\"]},{\"@type\":\"Person\",\"@id\":\"https:\\\/\\\/www.eldiario.net\\\/portal\\\/#\\\/schema\\\/person\\\/2c57cf2b7a7ae032e449e4c9b1019eac\",\"name\":\"Jeanette\",\"image\":{\"@type\":\"ImageObject\",\"inLanguage\":\"es\",\"@id\":\"https:\\\/\\\/secure.gravatar.com\\\/avatar\\\/3ea2118a5f7dad2b7138b1187a6b7ee55f160b9968b66013c3a3ef39dd7e5798?s=96&d=mm&r=g\",\"url\":\"https:\\\/\\\/secure.gravatar.com\\\/avatar\\\/3ea2118a5f7dad2b7138b1187a6b7ee55f160b9968b66013c3a3ef39dd7e5798?s=96&d=mm&r=g\",\"contentUrl\":\"https:\\\/\\\/secure.gravatar.com\\\/avatar\\\/3ea2118a5f7dad2b7138b1187a6b7ee55f160b9968b66013c3a3ef39dd7e5798?s=96&d=mm&r=g\",\"caption\":\"Jeanette\"},\"sameAs\":[\"https:\\\/\\\/www.eldiario.net\\\/portal\"],\"url\":\"https:\\\/\\\/www.eldiario.net\\\/portal\\\/author\\\/jeanette\\\/\"}]}<\/script>\n<!-- \/ Yoast SEO plugin. -->","yoast_head_json":{"title":"Tania Peredo lanza la canci\u00f3n \u201cDespierta Bolivia\u201d - El Diario - Bolivia","robots":{"index":"index","follow":"follow","max-snippet":"max-snippet:-1","max-image-preview":"max-image-preview:large","max-video-preview":"max-video-preview:-1"},"canonical":"https:\/\/www.eldiario.net\/portal\/2025\/08\/04\/tania-peredo-lanza-la-cancion-despierta-bolivia\/","og_locale":"es_ES","og_type":"article","og_title":"Tania Peredo lanza la canci\u00f3n \u201cDespierta Bolivia\u201d - El Diario - Bolivia","og_description":"La concertista en instrumentos de viento y cantautora boliviana Tania Peredo acaba de lanzar al mercado la canci\u00f3n \u201cDespierta Bolivia\u201d. \u201cAnte la impotencia por la actual situaci\u00f3n que vive nuestro pa\u00eds, donde pr\u00e1cticamente ya vivimos una inflaci\u00f3n, con largas filas para cargar gasolina, no hay d\u00f3lares y tantos factores m\u00e1s, nace \u201cDespierta Bolivia\u201d, que solo [&hellip;]","og_url":"https:\/\/www.eldiario.net\/portal\/2025\/08\/04\/tania-peredo-lanza-la-cancion-despierta-bolivia\/","og_site_name":"El Diario - Bolivia","article_publisher":"https:\/\/www.facebook.com\/eldiario.bolivia\/","article_published_time":"2025-08-04T04:55:11+00:00","og_image":[{"width":752,"height":849,"url":"https:\/\/www.eldiario.net\/portal\/wp-content\/uploads\/2025\/08\/A-tania-.webp","type":"image\/webp"}],"author":"Jeanette","twitter_card":"summary_large_image","twitter_creator":"@eldiario_net","twitter_site":"@eldiario_net","twitter_misc":{"Escrito por":"Jeanette","Tiempo de lectura":"4 minutos"},"schema":{"@context":"https:\/\/schema.org","@graph":[{"@type":"Article","@id":"https:\/\/www.eldiario.net\/portal\/2025\/08\/04\/tania-peredo-lanza-la-cancion-despierta-bolivia\/#article","isPartOf":{"@id":"https:\/\/www.eldiario.net\/portal\/2025\/08\/04\/tania-peredo-lanza-la-cancion-despierta-bolivia\/"},"author":{"name":"Jeanette","@id":"https:\/\/www.eldiario.net\/portal\/#\/schema\/person\/2c57cf2b7a7ae032e449e4c9b1019eac"},"headline":"Tania Peredo lanza la canci\u00f3n \u201cDespierta Bolivia\u201d","datePublished":"2025-08-04T04:55:11+00:00","mainEntityOfPage":{"@id":"https:\/\/www.eldiario.net\/portal\/2025\/08\/04\/tania-peredo-lanza-la-cancion-despierta-bolivia\/"},"wordCount":678,"publisher":{"@id":"https:\/\/www.eldiario.net\/portal\/#organization"},"image":{"@id":"https:\/\/www.eldiario.net\/portal\/2025\/08\/04\/tania-peredo-lanza-la-cancion-despierta-bolivia\/#primaryimage"},"thumbnailUrl":"https:\/\/www.eldiario.net\/portal\/wp-content\/uploads\/2025\/08\/A-tania-.webp","articleSection":["La Gu\u00eda"],"inLanguage":"es"},{"@type":"WebPage","@id":"https:\/\/www.eldiario.net\/portal\/2025\/08\/04\/tania-peredo-lanza-la-cancion-despierta-bolivia\/","url":"https:\/\/www.eldiario.net\/portal\/2025\/08\/04\/tania-peredo-lanza-la-cancion-despierta-bolivia\/","name":"Tania Peredo lanza la canci\u00f3n \u201cDespierta Bolivia\u201d - El Diario - Bolivia","isPartOf":{"@id":"https:\/\/www.eldiario.net\/portal\/#website"},"primaryImageOfPage":{"@id":"https:\/\/www.eldiario.net\/portal\/2025\/08\/04\/tania-peredo-lanza-la-cancion-despierta-bolivia\/#primaryimage"},"image":{"@id":"https:\/\/www.eldiario.net\/portal\/2025\/08\/04\/tania-peredo-lanza-la-cancion-despierta-bolivia\/#primaryimage"},"thumbnailUrl":"https:\/\/www.eldiario.net\/portal\/wp-content\/uploads\/2025\/08\/A-tania-.webp","datePublished":"2025-08-04T04:55:11+00:00","breadcrumb":{"@id":"https:\/\/www.eldiario.net\/portal\/2025\/08\/04\/tania-peredo-lanza-la-cancion-despierta-bolivia\/#breadcrumb"},"inLanguage":"es","potentialAction":[{"@type":"ReadAction","target":["https:\/\/www.eldiario.net\/portal\/2025\/08\/04\/tania-peredo-lanza-la-cancion-despierta-bolivia\/"]}]},{"@type":"ImageObject","inLanguage":"es","@id":"https:\/\/www.eldiario.net\/portal\/2025\/08\/04\/tania-peredo-lanza-la-cancion-despierta-bolivia\/#primaryimage","url":"https:\/\/www.eldiario.net\/portal\/wp-content\/uploads\/2025\/08\/A-tania-.webp","contentUrl":"https:\/\/www.eldiario.net\/portal\/wp-content\/uploads\/2025\/08\/A-tania-.webp","width":752,"height":849},{"@type":"BreadcrumbList","@id":"https:\/\/www.eldiario.net\/portal\/2025\/08\/04\/tania-peredo-lanza-la-cancion-despierta-bolivia\/#breadcrumb","itemListElement":[{"@type":"ListItem","position":1,"name":"Portada","item":"https:\/\/www.eldiario.net\/portal\/"},{"@type":"ListItem","position":2,"name":"Tania Peredo lanza la canci\u00f3n \u201cDespierta Bolivia\u201d"}]},{"@type":"WebSite","@id":"https:\/\/www.eldiario.net\/portal\/#website","url":"https:\/\/www.eldiario.net\/portal\/","name":"El Diario - Decano de la prensa nacional","description":"El Diario - Decano de la prensa nacional","publisher":{"@id":"https:\/\/www.eldiario.net\/portal\/#organization"},"potentialAction":[{"@type":"SearchAction","target":{"@type":"EntryPoint","urlTemplate":"https:\/\/www.eldiario.net\/portal\/?s={search_term_string}"},"query-input":{"@type":"PropertyValueSpecification","valueRequired":true,"valueName":"search_term_string"}}],"inLanguage":"es"},{"@type":"Organization","@id":"https:\/\/www.eldiario.net\/portal\/#organization","name":"El Diario - Decano de la prensa nacional","url":"https:\/\/www.eldiario.net\/portal\/","logo":{"@type":"ImageObject","inLanguage":"es","@id":"https:\/\/www.eldiario.net\/portal\/#\/schema\/logo\/image\/","url":"https:\/\/www.eldiario.net\/portal\/wp-content\/uploads\/2023\/07\/logo_ED.jpg","contentUrl":"https:\/\/www.eldiario.net\/portal\/wp-content\/uploads\/2023\/07\/logo_ED.jpg","width":272,"height":52,"caption":"El Diario - Decano de la prensa nacional"},"image":{"@id":"https:\/\/www.eldiario.net\/portal\/#\/schema\/logo\/image\/"},"sameAs":["https:\/\/www.facebook.com\/eldiario.bolivia\/","https:\/\/x.com\/eldiario_net"]},{"@type":"Person","@id":"https:\/\/www.eldiario.net\/portal\/#\/schema\/person\/2c57cf2b7a7ae032e449e4c9b1019eac","name":"Jeanette","image":{"@type":"ImageObject","inLanguage":"es","@id":"https:\/\/secure.gravatar.com\/avatar\/3ea2118a5f7dad2b7138b1187a6b7ee55f160b9968b66013c3a3ef39dd7e5798?s=96&d=mm&r=g","url":"https:\/\/secure.gravatar.com\/avatar\/3ea2118a5f7dad2b7138b1187a6b7ee55f160b9968b66013c3a3ef39dd7e5798?s=96&d=mm&r=g","contentUrl":"https:\/\/secure.gravatar.com\/avatar\/3ea2118a5f7dad2b7138b1187a6b7ee55f160b9968b66013c3a3ef39dd7e5798?s=96&d=mm&r=g","caption":"Jeanette"},"sameAs":["https:\/\/www.eldiario.net\/portal"],"url":"https:\/\/www.eldiario.net\/portal\/author\/jeanette\/"}]}},"_links":{"self":[{"href":"https:\/\/www.eldiario.net\/portal\/wp-json\/wp\/v2\/posts\/321546","targetHints":{"allow":["GET"]}}],"collection":[{"href":"https:\/\/www.eldiario.net\/portal\/wp-json\/wp\/v2\/posts"}],"about":[{"href":"https:\/\/www.eldiario.net\/portal\/wp-json\/wp\/v2\/types\/post"}],"author":[{"embeddable":true,"href":"https:\/\/www.eldiario.net\/portal\/wp-json\/wp\/v2\/users\/1"}],"replies":[{"embeddable":true,"href":"https:\/\/www.eldiario.net\/portal\/wp-json\/wp\/v2\/comments?post=321546"}],"version-history":[{"count":1,"href":"https:\/\/www.eldiario.net\/portal\/wp-json\/wp\/v2\/posts\/321546\/revisions"}],"predecessor-version":[{"id":321549,"href":"https:\/\/www.eldiario.net\/portal\/wp-json\/wp\/v2\/posts\/321546\/revisions\/321549"}],"wp:featuredmedia":[{"embeddable":true,"href":"https:\/\/www.eldiario.net\/portal\/wp-json\/wp\/v2\/media\/321547"}],"wp:attachment":[{"href":"https:\/\/www.eldiario.net\/portal\/wp-json\/wp\/v2\/media?parent=321546"}],"wp:term":[{"taxonomy":"category","embeddable":true,"href":"https:\/\/www.eldiario.net\/portal\/wp-json\/wp\/v2\/categories?post=321546"},{"taxonomy":"post_tag","embeddable":true,"href":"https:\/\/www.eldiario.net\/portal\/wp-json\/wp\/v2\/tags?post=321546"}],"curies":[{"name":"wp","href":"https:\/\/api.w.org\/{rel}","templated":true}]}}