{"id":321538,"date":"2025-08-04T00:51:16","date_gmt":"2025-08-04T04:51:16","guid":{"rendered":"https:\/\/www.eldiario.net\/portal\/?p=321538"},"modified":"2025-08-03T23:54:42","modified_gmt":"2025-08-04T03:54:42","slug":"danzando-alrededor-del-mundo-vuelve-a-escena-a-pedido-del-publico","status":"publish","type":"post","link":"https:\/\/www.eldiario.net\/portal\/2025\/08\/04\/danzando-alrededor-del-mundo-vuelve-a-escena-a-pedido-del-publico\/","title":{"rendered":"\u201cDanzando alrededor del mundo\u201d  vuelve a escena a pedido del p\u00fablico"},"content":{"rendered":"<p>\u201cDanzando alrededor del mundo\u201d vuelve a escena a pedido del p\u00fablico. El espect\u00e1culo del Estudio Dance Mariela Gonz\u00e1les ser\u00e1 presentado el s\u00e1bado 9 de agosto, a partir de las 18:00 horas, en el Teatro Espacio Kuu Inti. (El Bosque Boulevard, Calle 15, Calacoto, zona sur de la ciudad).<\/p>\n<p>\u201cNos complace anunciar que el ballet <em>Danzando alrededor del mundo<\/em> regresa a los escenarios a pedido del p\u00fablico y debido al \u00e9xito rotundo de su primera presentaci\u00f3n del a\u00f1o.<\/p>\n<p>Este montaje celebra la riqueza cultural del mundo a trav\u00e9s de la danza cl\u00e1sica, representando a diferentes pa\u00edses con vestuario, m\u00fasica y coreograf\u00edas inspiradas en sus tradiciones. Fue una verdadera fiesta para los sentidos, llena de emoci\u00f3n, mostrando el talento, versatilidad \u00a0y pasi\u00f3n de nuestros bailarines\u201d, coment\u00f3 la maestra Mariela Gonz\u00e1les, directora del Estudio Dance.<\/p>\n<p>Esta obra tan aplaudida por su creatividad, calidad art\u00edstica y mensaje de uni\u00f3n entre culturas regresa a los escenarios, en \u00fanica funci\u00f3n el s\u00e1bado 9 de agosto, a las 18:00 horas, en el Teatro Espacio Kuu Inti.<\/p>\n<p>\u201cInvitamos a toda La Paz a acompa\u00f1arnos nuevamente en este recorrido por los ritmos del mundo, donde cada paso es un puente entre culturas y cada aplauso, un impulso para seguir bailando\u201d, resalt\u00f3.<\/p>\n<p><strong>FICHA T\u00c9CNICA<\/strong><\/p>\n<p>Direcci\u00f3n General: Mariela Gonz\u00e1les<\/p>\n<p>Direcci\u00f3n Art\u00edstica: Vera Zuazo<\/p>\n<p>Fotograf\u00eda: Alberto Schwartzberg<\/p>\n<p>\u201cDanzando alrededor del mundo\u201d es una obra llena de danza y diversidad que fue estrenada en junio de este a\u00f1o en el Campo Ferial Chuquiago Marka.<\/p>\n<p>El espect\u00e1culo muestra la ductilidad de los bailarines del Estudio Dance Mariela Gonz\u00e1les mediante el lenguaje de la danza, en un viaje so\u00f1ado y m\u00e1gico por todo el mundo.<\/p>\n<p>La direcci\u00f3n general est\u00e1 a cargo de la maestra Mariela Gonz\u00e1les, ex primera bailarina de Bolivia y ganadora del Premio Maya 2024.<\/p>\n<p>El Estudio Dance Mariela Gonz\u00e1les ya lleva 32 a\u00f1os de labor en la formaci\u00f3n art\u00edstica profesional, dejando una significativa huella en la escena de la danza.<\/p>\n\r\n                <style type=\"text\/css\">\r\n                    \r\n                    #tdi_1  .td-doubleSlider-2 .td-item1 {\r\n                        background: url(https:\/\/www.eldiario.net\/portal\/wp-content\/uploads\/2025\/08\/1.-danza-PRINCIPAL-80x60.webp) 0 0 no-repeat;\r\n                    }\r\n                    #tdi_1  .td-doubleSlider-2 .td-item2 {\r\n                        background: url(https:\/\/www.eldiario.net\/portal\/wp-content\/uploads\/2025\/08\/2.-danza-80x60.webp) 0 0 no-repeat;\r\n                    }\r\n                    #tdi_1  .td-doubleSlider-2 .td-item3 {\r\n                        background: url(https:\/\/www.eldiario.net\/portal\/wp-content\/uploads\/2025\/08\/3-danza--80x60.webp) 0 0 no-repeat;\r\n                    }\r\n                    #tdi_1  .td-doubleSlider-2 .td-item4 {\r\n                        background: url(https:\/\/www.eldiario.net\/portal\/wp-content\/uploads\/2025\/08\/4.-danza--80x60.webp) 0 0 no-repeat;\r\n                    }\r\n                    #tdi_1  .td-doubleSlider-2 .td-item5 {\r\n                        background: url(https:\/\/www.eldiario.net\/portal\/wp-content\/uploads\/2025\/08\/5-danza-80x60.webp) 0 0 no-repeat;\r\n                    }\r\n                    #tdi_1  .td-doubleSlider-2 .td-item6 {\r\n                        background: url(https:\/\/www.eldiario.net\/portal\/wp-content\/uploads\/2025\/08\/6-danza--80x60.webp) 0 0 no-repeat;\r\n                    }\r\n                <\/style>\r\n\r\n                <div id=\"tdi_1\" class=\"td-gallery td-slide-on-2-columns\">\r\n                    <div class=\"post_td_gallery\">\r\n                        <div class=\"td-gallery-slide-top\">\r\n                           <div class=\"td-gallery-title\"><\/div>\r\n\r\n                            <div class=\"td-gallery-controls-wrapper\">\r\n                                <div class=\"td-gallery-slide-count\"><span class=\"td-gallery-slide-item-focus\">1<\/span> de 6<\/div>\r\n                                <div class=\"td-gallery-slide-prev-next-but\">\r\n                                    <i class = \"td-icon-left doubleSliderPrevButton\"><\/i>\r\n                                    <i class = \"td-icon-right doubleSliderNextButton\"><\/i>\r\n                                <\/div>\r\n                            <\/div>\r\n                        <\/div>\r\n\r\n                        <div class = \"td-doubleSlider-1 \">\r\n                            <div class = \"td-slider\">\r\n                                \r\n                    <div class = \"td-slide-item td-item1\">\r\n                        <figure class=\"td-slide-galery-figure td-slide-popup-gallery\">\r\n                            <a class=\"slide-gallery-image-link\" href=\"https:\/\/www.eldiario.net\/portal\/wp-content\/uploads\/2025\/08\/1.-danza-PRINCIPAL.webp\" title=\"1.-danza-PRINCIPAL\"  data-caption=\"\"  data-description=\"\">\r\n                                <img decoding=\"async\" src=\"https:\/\/www.eldiario.net\/portal\/wp-content\/uploads\/2025\/08\/1.-danza-PRINCIPAL-630x420.webp\" srcset=\"https:\/\/www.eldiario.net\/portal\/wp-content\/uploads\/2025\/08\/1.-danza-PRINCIPAL-630x420.webp 630w, https:\/\/www.eldiario.net\/portal\/wp-content\/uploads\/2025\/08\/1.-danza-PRINCIPAL-300x200.webp 300w, https:\/\/www.eldiario.net\/portal\/wp-content\/uploads\/2025\/08\/1.-danza-PRINCIPAL-1024x683.webp 1024w, https:\/\/www.eldiario.net\/portal\/wp-content\/uploads\/2025\/08\/1.-danza-PRINCIPAL-768x512.webp 768w, https:\/\/www.eldiario.net\/portal\/wp-content\/uploads\/2025\/08\/1.-danza-PRINCIPAL-1536x1024.webp 1536w, https:\/\/www.eldiario.net\/portal\/wp-content\/uploads\/2025\/08\/1.-danza-PRINCIPAL-2048x1366.webp 2048w, https:\/\/www.eldiario.net\/portal\/wp-content\/uploads\/2025\/08\/1.-danza-PRINCIPAL-150x100.webp 150w, https:\/\/www.eldiario.net\/portal\/wp-content\/uploads\/2025\/08\/1.-danza-PRINCIPAL-696x464.webp 696w, https:\/\/www.eldiario.net\/portal\/wp-content\/uploads\/2025\/08\/1.-danza-PRINCIPAL-1068x712.webp 1068w, https:\/\/www.eldiario.net\/portal\/wp-content\/uploads\/2025\/08\/1.-danza-PRINCIPAL-1920x1281.webp 1920w\" sizes=\"(max-width: 630px) 100vw, 630px\" alt=\"\">\r\n                            <\/a>\r\n                            \r\n                        <\/figure>\r\n                    <\/div>\r\n                    <div class = \"td-slide-item td-item2\">\r\n                        <figure class=\"td-slide-galery-figure td-slide-popup-gallery\">\r\n                            <a class=\"slide-gallery-image-link\" href=\"https:\/\/www.eldiario.net\/portal\/wp-content\/uploads\/2025\/08\/2.-danza.webp\" title=\"2.-danza\"  data-caption=\"\"  data-description=\"\">\r\n                                <img decoding=\"async\" src=\"https:\/\/www.eldiario.net\/portal\/wp-content\/uploads\/2025\/08\/2.-danza-630x420.webp\" srcset=\"https:\/\/www.eldiario.net\/portal\/wp-content\/uploads\/2025\/08\/2.-danza-630x420.webp 630w, https:\/\/www.eldiario.net\/portal\/wp-content\/uploads\/2025\/08\/2.-danza-300x200.webp 300w, https:\/\/www.eldiario.net\/portal\/wp-content\/uploads\/2025\/08\/2.-danza-1024x683.webp 1024w, https:\/\/www.eldiario.net\/portal\/wp-content\/uploads\/2025\/08\/2.-danza-768x512.webp 768w, https:\/\/www.eldiario.net\/portal\/wp-content\/uploads\/2025\/08\/2.-danza-1536x1024.webp 1536w, https:\/\/www.eldiario.net\/portal\/wp-content\/uploads\/2025\/08\/2.-danza-2048x1366.webp 2048w, https:\/\/www.eldiario.net\/portal\/wp-content\/uploads\/2025\/08\/2.-danza-150x100.webp 150w, https:\/\/www.eldiario.net\/portal\/wp-content\/uploads\/2025\/08\/2.-danza-696x464.webp 696w, https:\/\/www.eldiario.net\/portal\/wp-content\/uploads\/2025\/08\/2.-danza-1068x712.webp 1068w, https:\/\/www.eldiario.net\/portal\/wp-content\/uploads\/2025\/08\/2.-danza-1920x1281.webp 1920w\" sizes=\"(max-width: 630px) 100vw, 630px\" alt=\"\">\r\n                            <\/a>\r\n                            \r\n                        <\/figure>\r\n                    <\/div>\r\n                    <div class = \"td-slide-item td-item3\">\r\n                        <figure class=\"td-slide-galery-figure td-slide-popup-gallery\">\r\n                            <a class=\"slide-gallery-image-link\" href=\"https:\/\/www.eldiario.net\/portal\/wp-content\/uploads\/2025\/08\/3-danza-.webp\" title=\"3-danza-\"  data-caption=\"\"  data-description=\"\">\r\n                                <img decoding=\"async\" src=\"https:\/\/www.eldiario.net\/portal\/wp-content\/uploads\/2025\/08\/3-danza--630x420.webp\" srcset=\"https:\/\/www.eldiario.net\/portal\/wp-content\/uploads\/2025\/08\/3-danza--630x420.webp 630w, https:\/\/www.eldiario.net\/portal\/wp-content\/uploads\/2025\/08\/3-danza--300x200.webp 300w, https:\/\/www.eldiario.net\/portal\/wp-content\/uploads\/2025\/08\/3-danza--1024x683.webp 1024w, https:\/\/www.eldiario.net\/portal\/wp-content\/uploads\/2025\/08\/3-danza--768x512.webp 768w, https:\/\/www.eldiario.net\/portal\/wp-content\/uploads\/2025\/08\/3-danza--1536x1024.webp 1536w, https:\/\/www.eldiario.net\/portal\/wp-content\/uploads\/2025\/08\/3-danza--2048x1366.webp 2048w, https:\/\/www.eldiario.net\/portal\/wp-content\/uploads\/2025\/08\/3-danza--150x100.webp 150w, https:\/\/www.eldiario.net\/portal\/wp-content\/uploads\/2025\/08\/3-danza--696x464.webp 696w, https:\/\/www.eldiario.net\/portal\/wp-content\/uploads\/2025\/08\/3-danza--1068x712.webp 1068w, https:\/\/www.eldiario.net\/portal\/wp-content\/uploads\/2025\/08\/3-danza--1920x1281.webp 1920w\" sizes=\"(max-width: 630px) 100vw, 630px\" alt=\"\">\r\n                            <\/a>\r\n                            \r\n                        <\/figure>\r\n                    <\/div>\r\n                    <div class = \"td-slide-item td-item4\">\r\n                        <figure class=\"td-slide-galery-figure td-slide-popup-gallery\">\r\n                            <a class=\"slide-gallery-image-link\" href=\"https:\/\/www.eldiario.net\/portal\/wp-content\/uploads\/2025\/08\/4.-danza-.webp\" title=\"4.-danza-\"  data-caption=\"\"  data-description=\"\">\r\n                                <img decoding=\"async\" src=\"https:\/\/www.eldiario.net\/portal\/wp-content\/uploads\/2025\/08\/4.-danza--630x420.webp\" srcset=\"https:\/\/www.eldiario.net\/portal\/wp-content\/uploads\/2025\/08\/4.-danza--630x420.webp 630w, https:\/\/www.eldiario.net\/portal\/wp-content\/uploads\/2025\/08\/4.-danza--300x200.webp 300w, https:\/\/www.eldiario.net\/portal\/wp-content\/uploads\/2025\/08\/4.-danza--1024x683.webp 1024w, https:\/\/www.eldiario.net\/portal\/wp-content\/uploads\/2025\/08\/4.-danza--768x512.webp 768w, https:\/\/www.eldiario.net\/portal\/wp-content\/uploads\/2025\/08\/4.-danza--1536x1024.webp 1536w, https:\/\/www.eldiario.net\/portal\/wp-content\/uploads\/2025\/08\/4.-danza--2048x1366.webp 2048w, https:\/\/www.eldiario.net\/portal\/wp-content\/uploads\/2025\/08\/4.-danza--150x100.webp 150w, https:\/\/www.eldiario.net\/portal\/wp-content\/uploads\/2025\/08\/4.-danza--696x464.webp 696w, https:\/\/www.eldiario.net\/portal\/wp-content\/uploads\/2025\/08\/4.-danza--1068x712.webp 1068w, https:\/\/www.eldiario.net\/portal\/wp-content\/uploads\/2025\/08\/4.-danza--1920x1281.webp 1920w\" sizes=\"(max-width: 630px) 100vw, 630px\" alt=\"\">\r\n                            <\/a>\r\n                            \r\n                        <\/figure>\r\n                    <\/div>\r\n                    <div class = \"td-slide-item td-item5\">\r\n                        <figure class=\"td-slide-galery-figure td-slide-popup-gallery\">\r\n                            <a class=\"slide-gallery-image-link\" href=\"https:\/\/www.eldiario.net\/portal\/wp-content\/uploads\/2025\/08\/5-danza.webp\" title=\"5-danza\"  data-caption=\"\"  data-description=\"\">\r\n                                <img decoding=\"async\" src=\"https:\/\/www.eldiario.net\/portal\/wp-content\/uploads\/2025\/08\/5-danza-630x420.webp\" srcset=\"https:\/\/www.eldiario.net\/portal\/wp-content\/uploads\/2025\/08\/5-danza-630x420.webp 630w, https:\/\/www.eldiario.net\/portal\/wp-content\/uploads\/2025\/08\/5-danza-300x200.webp 300w, https:\/\/www.eldiario.net\/portal\/wp-content\/uploads\/2025\/08\/5-danza-1024x683.webp 1024w, https:\/\/www.eldiario.net\/portal\/wp-content\/uploads\/2025\/08\/5-danza-768x512.webp 768w, https:\/\/www.eldiario.net\/portal\/wp-content\/uploads\/2025\/08\/5-danza-1536x1024.webp 1536w, https:\/\/www.eldiario.net\/portal\/wp-content\/uploads\/2025\/08\/5-danza-2048x1366.webp 2048w, https:\/\/www.eldiario.net\/portal\/wp-content\/uploads\/2025\/08\/5-danza-150x100.webp 150w, https:\/\/www.eldiario.net\/portal\/wp-content\/uploads\/2025\/08\/5-danza-696x464.webp 696w, https:\/\/www.eldiario.net\/portal\/wp-content\/uploads\/2025\/08\/5-danza-1068x712.webp 1068w, https:\/\/www.eldiario.net\/portal\/wp-content\/uploads\/2025\/08\/5-danza-1920x1281.webp 1920w\" sizes=\"(max-width: 630px) 100vw, 630px\" alt=\"\">\r\n                            <\/a>\r\n                            \r\n                        <\/figure>\r\n                    <\/div>\r\n                    <div class = \"td-slide-item td-item6\">\r\n                        <figure class=\"td-slide-galery-figure td-slide-popup-gallery\">\r\n                            <a class=\"slide-gallery-image-link\" href=\"https:\/\/www.eldiario.net\/portal\/wp-content\/uploads\/2025\/08\/6-danza-.webp\" title=\"6-danza-\"  data-caption=\"\"  data-description=\"\">\r\n                                <img decoding=\"async\" src=\"https:\/\/www.eldiario.net\/portal\/wp-content\/uploads\/2025\/08\/6-danza--630x420.webp\" srcset=\"https:\/\/www.eldiario.net\/portal\/wp-content\/uploads\/2025\/08\/6-danza--630x420.webp 630w, https:\/\/www.eldiario.net\/portal\/wp-content\/uploads\/2025\/08\/6-danza--300x200.webp 300w, https:\/\/www.eldiario.net\/portal\/wp-content\/uploads\/2025\/08\/6-danza--1024x683.webp 1024w, https:\/\/www.eldiario.net\/portal\/wp-content\/uploads\/2025\/08\/6-danza--768x512.webp 768w, https:\/\/www.eldiario.net\/portal\/wp-content\/uploads\/2025\/08\/6-danza--1536x1024.webp 1536w, https:\/\/www.eldiario.net\/portal\/wp-content\/uploads\/2025\/08\/6-danza--2048x1366.webp 2048w, https:\/\/www.eldiario.net\/portal\/wp-content\/uploads\/2025\/08\/6-danza--150x100.webp 150w, https:\/\/www.eldiario.net\/portal\/wp-content\/uploads\/2025\/08\/6-danza--696x464.webp 696w, https:\/\/www.eldiario.net\/portal\/wp-content\/uploads\/2025\/08\/6-danza--1068x712.webp 1068w, https:\/\/www.eldiario.net\/portal\/wp-content\/uploads\/2025\/08\/6-danza--1920x1281.webp 1920w\" sizes=\"(max-width: 630px) 100vw, 630px\" alt=\"\">\r\n                            <\/a>\r\n                            \r\n                        <\/figure>\r\n                    <\/div>\r\n                            <\/div>\r\n                        <\/div>\r\n\r\n                        <div class = \"td-doubleSlider-2\">\r\n                            <div class = \"td-slider\">\r\n                                \r\n                    <div class = \"td-button td-item1\">\r\n                        <div class = \"td-border\"><\/div>\r\n                    <\/div>\r\n                    <div class = \"td-button td-item2\">\r\n                        <div class = \"td-border\"><\/div>\r\n                    <\/div>\r\n                    <div class = \"td-button td-item3\">\r\n                        <div class = \"td-border\"><\/div>\r\n                    <\/div>\r\n                    <div class = \"td-button td-item4\">\r\n                        <div class = \"td-border\"><\/div>\r\n                    <\/div>\r\n                    <div class = \"td-button td-item5\">\r\n                        <div class = \"td-border\"><\/div>\r\n                    <\/div>\r\n                    <div class = \"td-button td-item6\">\r\n                        <div class = \"td-border\"><\/div>\r\n                    <\/div>\r\n                            <\/div>\r\n                        <\/div>\r\n\r\n                    <\/div>\r\n\r\n                <\/div>\r\n                \n","protected":false},"excerpt":{"rendered":"<p>\u201cDanzando alrededor del mundo\u201d vuelve a escena a pedido del p\u00fablico. El espect\u00e1culo del Estudio Dance Mariela Gonz\u00e1les ser\u00e1 presentado el s\u00e1bado 9 de agosto, a partir de las 18:00 horas, en el Teatro Espacio Kuu Inti. (El Bosque Boulevard, Calle 15, Calacoto, zona sur de la ciudad). \u201cNos complace anunciar que el ballet Danzando [&hellip;]<\/p>\n","protected":false},"author":1,"featured_media":321539,"comment_status":"closed","ping_status":"open","sticky":false,"template":"","format":"standard","meta":{"_acf_changed":false,"footnotes":""},"categories":[41],"tags":[],"class_list":["post-321538","post","type-post","status-publish","format-standard","has-post-thumbnail","category-la-guia"],"acf":{"antetitulo":""},"yoast_head":"<!-- This site is optimized with the Yoast SEO plugin v28.4 - https:\/\/yoast.com\/product\/yoast-seo-wordpress\/ -->\n<title>\u201cDanzando alrededor del mundo\u201d vuelve a escena a pedido del p\u00fablico - El Diario - Bolivia<\/title>\n<meta name=\"robots\" content=\"index, follow, max-snippet:-1, max-image-preview:large, max-video-preview:-1\" \/>\n<link rel=\"canonical\" href=\"https:\/\/www.eldiario.net\/portal\/2025\/08\/04\/danzando-alrededor-del-mundo-vuelve-a-escena-a-pedido-del-publico\/\" \/>\n<meta property=\"og:locale\" content=\"es_ES\" \/>\n<meta property=\"og:type\" content=\"article\" \/>\n<meta property=\"og:title\" content=\"\u201cDanzando alrededor del mundo\u201d vuelve a escena a pedido del p\u00fablico - El Diario - Bolivia\" \/>\n<meta property=\"og:description\" content=\"\u201cDanzando alrededor del mundo\u201d vuelve a escena a pedido del p\u00fablico. El espect\u00e1culo del Estudio Dance Mariela Gonz\u00e1les ser\u00e1 presentado el s\u00e1bado 9 de agosto, a partir de las 18:00 horas, en el Teatro Espacio Kuu Inti. (El Bosque Boulevard, Calle 15, Calacoto, zona sur de la ciudad). \u201cNos complace anunciar que el ballet Danzando [&hellip;]\" \/>\n<meta property=\"og:url\" content=\"https:\/\/www.eldiario.net\/portal\/2025\/08\/04\/danzando-alrededor-del-mundo-vuelve-a-escena-a-pedido-del-publico\/\" \/>\n<meta property=\"og:site_name\" content=\"El Diario - Bolivia\" \/>\n<meta property=\"article:publisher\" content=\"https:\/\/www.facebook.com\/eldiario.bolivia\/\" \/>\n<meta property=\"article:published_time\" content=\"2025-08-04T04:51:16+00:00\" \/>\n<meta property=\"og:image\" content=\"https:\/\/www.eldiario.net\/portal\/wp-content\/uploads\/2025\/08\/1.-danza-PRINCIPAL.webp\" \/>\n\t<meta property=\"og:image:width\" content=\"2126\" \/>\n\t<meta property=\"og:image:height\" content=\"1418\" \/>\n\t<meta property=\"og:image:type\" content=\"image\/webp\" \/>\n<meta name=\"author\" content=\"Jeanette\" \/>\n<meta name=\"twitter:card\" content=\"summary_large_image\" \/>\n<meta name=\"twitter:creator\" content=\"@eldiario_net\" \/>\n<meta name=\"twitter:site\" content=\"@eldiario_net\" \/>\n<meta name=\"twitter:label1\" content=\"Escrito por\" \/>\n\t<meta name=\"twitter:data1\" content=\"Jeanette\" \/>\n\t<meta name=\"twitter:label2\" content=\"Tiempo de lectura\" \/>\n\t<meta name=\"twitter:data2\" content=\"2 minutos\" \/>\n<script type=\"application\/ld+json\" class=\"yoast-schema-graph\">{\"@context\":\"https:\\\/\\\/schema.org\",\"@graph\":[{\"@type\":\"Article\",\"@id\":\"https:\\\/\\\/www.eldiario.net\\\/portal\\\/2025\\\/08\\\/04\\\/danzando-alrededor-del-mundo-vuelve-a-escena-a-pedido-del-publico\\\/#article\",\"isPartOf\":{\"@id\":\"https:\\\/\\\/www.eldiario.net\\\/portal\\\/2025\\\/08\\\/04\\\/danzando-alrededor-del-mundo-vuelve-a-escena-a-pedido-del-publico\\\/\"},\"author\":{\"name\":\"Jeanette\",\"@id\":\"https:\\\/\\\/www.eldiario.net\\\/portal\\\/#\\\/schema\\\/person\\\/2c57cf2b7a7ae032e449e4c9b1019eac\"},\"headline\":\"\u201cDanzando alrededor del mundo\u201d vuelve a escena a pedido del p\u00fablico\",\"datePublished\":\"2025-08-04T04:51:16+00:00\",\"mainEntityOfPage\":{\"@id\":\"https:\\\/\\\/www.eldiario.net\\\/portal\\\/2025\\\/08\\\/04\\\/danzando-alrededor-del-mundo-vuelve-a-escena-a-pedido-del-publico\\\/\"},\"wordCount\":369,\"publisher\":{\"@id\":\"https:\\\/\\\/www.eldiario.net\\\/portal\\\/#organization\"},\"image\":{\"@id\":\"https:\\\/\\\/www.eldiario.net\\\/portal\\\/2025\\\/08\\\/04\\\/danzando-alrededor-del-mundo-vuelve-a-escena-a-pedido-del-publico\\\/#primaryimage\"},\"thumbnailUrl\":\"https:\\\/\\\/www.eldiario.net\\\/portal\\\/wp-content\\\/uploads\\\/2025\\\/08\\\/1.-danza-PRINCIPAL.webp\",\"articleSection\":[\"La Gu\u00eda\"],\"inLanguage\":\"es\"},{\"@type\":\"WebPage\",\"@id\":\"https:\\\/\\\/www.eldiario.net\\\/portal\\\/2025\\\/08\\\/04\\\/danzando-alrededor-del-mundo-vuelve-a-escena-a-pedido-del-publico\\\/\",\"url\":\"https:\\\/\\\/www.eldiario.net\\\/portal\\\/2025\\\/08\\\/04\\\/danzando-alrededor-del-mundo-vuelve-a-escena-a-pedido-del-publico\\\/\",\"name\":\"\u201cDanzando alrededor del mundo\u201d vuelve a escena a pedido del p\u00fablico - El Diario - Bolivia\",\"isPartOf\":{\"@id\":\"https:\\\/\\\/www.eldiario.net\\\/portal\\\/#website\"},\"primaryImageOfPage\":{\"@id\":\"https:\\\/\\\/www.eldiario.net\\\/portal\\\/2025\\\/08\\\/04\\\/danzando-alrededor-del-mundo-vuelve-a-escena-a-pedido-del-publico\\\/#primaryimage\"},\"image\":{\"@id\":\"https:\\\/\\\/www.eldiario.net\\\/portal\\\/2025\\\/08\\\/04\\\/danzando-alrededor-del-mundo-vuelve-a-escena-a-pedido-del-publico\\\/#primaryimage\"},\"thumbnailUrl\":\"https:\\\/\\\/www.eldiario.net\\\/portal\\\/wp-content\\\/uploads\\\/2025\\\/08\\\/1.-danza-PRINCIPAL.webp\",\"datePublished\":\"2025-08-04T04:51:16+00:00\",\"breadcrumb\":{\"@id\":\"https:\\\/\\\/www.eldiario.net\\\/portal\\\/2025\\\/08\\\/04\\\/danzando-alrededor-del-mundo-vuelve-a-escena-a-pedido-del-publico\\\/#breadcrumb\"},\"inLanguage\":\"es\",\"potentialAction\":[{\"@type\":\"ReadAction\",\"target\":[\"https:\\\/\\\/www.eldiario.net\\\/portal\\\/2025\\\/08\\\/04\\\/danzando-alrededor-del-mundo-vuelve-a-escena-a-pedido-del-publico\\\/\"]}]},{\"@type\":\"ImageObject\",\"inLanguage\":\"es\",\"@id\":\"https:\\\/\\\/www.eldiario.net\\\/portal\\\/2025\\\/08\\\/04\\\/danzando-alrededor-del-mundo-vuelve-a-escena-a-pedido-del-publico\\\/#primaryimage\",\"url\":\"https:\\\/\\\/www.eldiario.net\\\/portal\\\/wp-content\\\/uploads\\\/2025\\\/08\\\/1.-danza-PRINCIPAL.webp\",\"contentUrl\":\"https:\\\/\\\/www.eldiario.net\\\/portal\\\/wp-content\\\/uploads\\\/2025\\\/08\\\/1.-danza-PRINCIPAL.webp\",\"width\":2126,\"height\":1418},{\"@type\":\"BreadcrumbList\",\"@id\":\"https:\\\/\\\/www.eldiario.net\\\/portal\\\/2025\\\/08\\\/04\\\/danzando-alrededor-del-mundo-vuelve-a-escena-a-pedido-del-publico\\\/#breadcrumb\",\"itemListElement\":[{\"@type\":\"ListItem\",\"position\":1,\"name\":\"Portada\",\"item\":\"https:\\\/\\\/www.eldiario.net\\\/portal\\\/\"},{\"@type\":\"ListItem\",\"position\":2,\"name\":\"\u201cDanzando alrededor del mundo\u201d vuelve a escena a pedido del p\u00fablico\"}]},{\"@type\":\"WebSite\",\"@id\":\"https:\\\/\\\/www.eldiario.net\\\/portal\\\/#website\",\"url\":\"https:\\\/\\\/www.eldiario.net\\\/portal\\\/\",\"name\":\"El Diario - Decano de la prensa nacional\",\"description\":\"El Diario - Decano de la prensa nacional\",\"publisher\":{\"@id\":\"https:\\\/\\\/www.eldiario.net\\\/portal\\\/#organization\"},\"potentialAction\":[{\"@type\":\"SearchAction\",\"target\":{\"@type\":\"EntryPoint\",\"urlTemplate\":\"https:\\\/\\\/www.eldiario.net\\\/portal\\\/?s={search_term_string}\"},\"query-input\":{\"@type\":\"PropertyValueSpecification\",\"valueRequired\":true,\"valueName\":\"search_term_string\"}}],\"inLanguage\":\"es\"},{\"@type\":\"Organization\",\"@id\":\"https:\\\/\\\/www.eldiario.net\\\/portal\\\/#organization\",\"name\":\"El Diario - Decano de la prensa nacional\",\"url\":\"https:\\\/\\\/www.eldiario.net\\\/portal\\\/\",\"logo\":{\"@type\":\"ImageObject\",\"inLanguage\":\"es\",\"@id\":\"https:\\\/\\\/www.eldiario.net\\\/portal\\\/#\\\/schema\\\/logo\\\/image\\\/\",\"url\":\"https:\\\/\\\/www.eldiario.net\\\/portal\\\/wp-content\\\/uploads\\\/2023\\\/07\\\/logo_ED.jpg\",\"contentUrl\":\"https:\\\/\\\/www.eldiario.net\\\/portal\\\/wp-content\\\/uploads\\\/2023\\\/07\\\/logo_ED.jpg\",\"width\":272,\"height\":52,\"caption\":\"El Diario - Decano de la prensa nacional\"},\"image\":{\"@id\":\"https:\\\/\\\/www.eldiario.net\\\/portal\\\/#\\\/schema\\\/logo\\\/image\\\/\"},\"sameAs\":[\"https:\\\/\\\/www.facebook.com\\\/eldiario.bolivia\\\/\",\"https:\\\/\\\/x.com\\\/eldiario_net\"]},{\"@type\":\"Person\",\"@id\":\"https:\\\/\\\/www.eldiario.net\\\/portal\\\/#\\\/schema\\\/person\\\/2c57cf2b7a7ae032e449e4c9b1019eac\",\"name\":\"Jeanette\",\"image\":{\"@type\":\"ImageObject\",\"inLanguage\":\"es\",\"@id\":\"https:\\\/\\\/secure.gravatar.com\\\/avatar\\\/3ea2118a5f7dad2b7138b1187a6b7ee55f160b9968b66013c3a3ef39dd7e5798?s=96&d=mm&r=g\",\"url\":\"https:\\\/\\\/secure.gravatar.com\\\/avatar\\\/3ea2118a5f7dad2b7138b1187a6b7ee55f160b9968b66013c3a3ef39dd7e5798?s=96&d=mm&r=g\",\"contentUrl\":\"https:\\\/\\\/secure.gravatar.com\\\/avatar\\\/3ea2118a5f7dad2b7138b1187a6b7ee55f160b9968b66013c3a3ef39dd7e5798?s=96&d=mm&r=g\",\"caption\":\"Jeanette\"},\"sameAs\":[\"https:\\\/\\\/www.eldiario.net\\\/portal\"],\"url\":\"https:\\\/\\\/www.eldiario.net\\\/portal\\\/author\\\/jeanette\\\/\"}]}<\/script>\n<!-- \/ Yoast SEO plugin. -->","yoast_head_json":{"title":"\u201cDanzando alrededor del mundo\u201d vuelve a escena a pedido del p\u00fablico - El Diario - Bolivia","robots":{"index":"index","follow":"follow","max-snippet":"max-snippet:-1","max-image-preview":"max-image-preview:large","max-video-preview":"max-video-preview:-1"},"canonical":"https:\/\/www.eldiario.net\/portal\/2025\/08\/04\/danzando-alrededor-del-mundo-vuelve-a-escena-a-pedido-del-publico\/","og_locale":"es_ES","og_type":"article","og_title":"\u201cDanzando alrededor del mundo\u201d vuelve a escena a pedido del p\u00fablico - El Diario - Bolivia","og_description":"\u201cDanzando alrededor del mundo\u201d vuelve a escena a pedido del p\u00fablico. El espect\u00e1culo del Estudio Dance Mariela Gonz\u00e1les ser\u00e1 presentado el s\u00e1bado 9 de agosto, a partir de las 18:00 horas, en el Teatro Espacio Kuu Inti. (El Bosque Boulevard, Calle 15, Calacoto, zona sur de la ciudad). \u201cNos complace anunciar que el ballet Danzando [&hellip;]","og_url":"https:\/\/www.eldiario.net\/portal\/2025\/08\/04\/danzando-alrededor-del-mundo-vuelve-a-escena-a-pedido-del-publico\/","og_site_name":"El Diario - Bolivia","article_publisher":"https:\/\/www.facebook.com\/eldiario.bolivia\/","article_published_time":"2025-08-04T04:51:16+00:00","og_image":[{"width":2126,"height":1418,"url":"https:\/\/www.eldiario.net\/portal\/wp-content\/uploads\/2025\/08\/1.-danza-PRINCIPAL.webp","type":"image\/webp"}],"author":"Jeanette","twitter_card":"summary_large_image","twitter_creator":"@eldiario_net","twitter_site":"@eldiario_net","twitter_misc":{"Escrito por":"Jeanette","Tiempo de lectura":"2 minutos"},"schema":{"@context":"https:\/\/schema.org","@graph":[{"@type":"Article","@id":"https:\/\/www.eldiario.net\/portal\/2025\/08\/04\/danzando-alrededor-del-mundo-vuelve-a-escena-a-pedido-del-publico\/#article","isPartOf":{"@id":"https:\/\/www.eldiario.net\/portal\/2025\/08\/04\/danzando-alrededor-del-mundo-vuelve-a-escena-a-pedido-del-publico\/"},"author":{"name":"Jeanette","@id":"https:\/\/www.eldiario.net\/portal\/#\/schema\/person\/2c57cf2b7a7ae032e449e4c9b1019eac"},"headline":"\u201cDanzando alrededor del mundo\u201d vuelve a escena a pedido del p\u00fablico","datePublished":"2025-08-04T04:51:16+00:00","mainEntityOfPage":{"@id":"https:\/\/www.eldiario.net\/portal\/2025\/08\/04\/danzando-alrededor-del-mundo-vuelve-a-escena-a-pedido-del-publico\/"},"wordCount":369,"publisher":{"@id":"https:\/\/www.eldiario.net\/portal\/#organization"},"image":{"@id":"https:\/\/www.eldiario.net\/portal\/2025\/08\/04\/danzando-alrededor-del-mundo-vuelve-a-escena-a-pedido-del-publico\/#primaryimage"},"thumbnailUrl":"https:\/\/www.eldiario.net\/portal\/wp-content\/uploads\/2025\/08\/1.-danza-PRINCIPAL.webp","articleSection":["La Gu\u00eda"],"inLanguage":"es"},{"@type":"WebPage","@id":"https:\/\/www.eldiario.net\/portal\/2025\/08\/04\/danzando-alrededor-del-mundo-vuelve-a-escena-a-pedido-del-publico\/","url":"https:\/\/www.eldiario.net\/portal\/2025\/08\/04\/danzando-alrededor-del-mundo-vuelve-a-escena-a-pedido-del-publico\/","name":"\u201cDanzando alrededor del mundo\u201d vuelve a escena a pedido del p\u00fablico - El Diario - Bolivia","isPartOf":{"@id":"https:\/\/www.eldiario.net\/portal\/#website"},"primaryImageOfPage":{"@id":"https:\/\/www.eldiario.net\/portal\/2025\/08\/04\/danzando-alrededor-del-mundo-vuelve-a-escena-a-pedido-del-publico\/#primaryimage"},"image":{"@id":"https:\/\/www.eldiario.net\/portal\/2025\/08\/04\/danzando-alrededor-del-mundo-vuelve-a-escena-a-pedido-del-publico\/#primaryimage"},"thumbnailUrl":"https:\/\/www.eldiario.net\/portal\/wp-content\/uploads\/2025\/08\/1.-danza-PRINCIPAL.webp","datePublished":"2025-08-04T04:51:16+00:00","breadcrumb":{"@id":"https:\/\/www.eldiario.net\/portal\/2025\/08\/04\/danzando-alrededor-del-mundo-vuelve-a-escena-a-pedido-del-publico\/#breadcrumb"},"inLanguage":"es","potentialAction":[{"@type":"ReadAction","target":["https:\/\/www.eldiario.net\/portal\/2025\/08\/04\/danzando-alrededor-del-mundo-vuelve-a-escena-a-pedido-del-publico\/"]}]},{"@type":"ImageObject","inLanguage":"es","@id":"https:\/\/www.eldiario.net\/portal\/2025\/08\/04\/danzando-alrededor-del-mundo-vuelve-a-escena-a-pedido-del-publico\/#primaryimage","url":"https:\/\/www.eldiario.net\/portal\/wp-content\/uploads\/2025\/08\/1.-danza-PRINCIPAL.webp","contentUrl":"https:\/\/www.eldiario.net\/portal\/wp-content\/uploads\/2025\/08\/1.-danza-PRINCIPAL.webp","width":2126,"height":1418},{"@type":"BreadcrumbList","@id":"https:\/\/www.eldiario.net\/portal\/2025\/08\/04\/danzando-alrededor-del-mundo-vuelve-a-escena-a-pedido-del-publico\/#breadcrumb","itemListElement":[{"@type":"ListItem","position":1,"name":"Portada","item":"https:\/\/www.eldiario.net\/portal\/"},{"@type":"ListItem","position":2,"name":"\u201cDanzando alrededor del mundo\u201d vuelve a escena a pedido del p\u00fablico"}]},{"@type":"WebSite","@id":"https:\/\/www.eldiario.net\/portal\/#website","url":"https:\/\/www.eldiario.net\/portal\/","name":"El Diario - Decano de la prensa nacional","description":"El Diario - Decano de la prensa nacional","publisher":{"@id":"https:\/\/www.eldiario.net\/portal\/#organization"},"potentialAction":[{"@type":"SearchAction","target":{"@type":"EntryPoint","urlTemplate":"https:\/\/www.eldiario.net\/portal\/?s={search_term_string}"},"query-input":{"@type":"PropertyValueSpecification","valueRequired":true,"valueName":"search_term_string"}}],"inLanguage":"es"},{"@type":"Organization","@id":"https:\/\/www.eldiario.net\/portal\/#organization","name":"El Diario - Decano de la prensa nacional","url":"https:\/\/www.eldiario.net\/portal\/","logo":{"@type":"ImageObject","inLanguage":"es","@id":"https:\/\/www.eldiario.net\/portal\/#\/schema\/logo\/image\/","url":"https:\/\/www.eldiario.net\/portal\/wp-content\/uploads\/2023\/07\/logo_ED.jpg","contentUrl":"https:\/\/www.eldiario.net\/portal\/wp-content\/uploads\/2023\/07\/logo_ED.jpg","width":272,"height":52,"caption":"El Diario - Decano de la prensa nacional"},"image":{"@id":"https:\/\/www.eldiario.net\/portal\/#\/schema\/logo\/image\/"},"sameAs":["https:\/\/www.facebook.com\/eldiario.bolivia\/","https:\/\/x.com\/eldiario_net"]},{"@type":"Person","@id":"https:\/\/www.eldiario.net\/portal\/#\/schema\/person\/2c57cf2b7a7ae032e449e4c9b1019eac","name":"Jeanette","image":{"@type":"ImageObject","inLanguage":"es","@id":"https:\/\/secure.gravatar.com\/avatar\/3ea2118a5f7dad2b7138b1187a6b7ee55f160b9968b66013c3a3ef39dd7e5798?s=96&d=mm&r=g","url":"https:\/\/secure.gravatar.com\/avatar\/3ea2118a5f7dad2b7138b1187a6b7ee55f160b9968b66013c3a3ef39dd7e5798?s=96&d=mm&r=g","contentUrl":"https:\/\/secure.gravatar.com\/avatar\/3ea2118a5f7dad2b7138b1187a6b7ee55f160b9968b66013c3a3ef39dd7e5798?s=96&d=mm&r=g","caption":"Jeanette"},"sameAs":["https:\/\/www.eldiario.net\/portal"],"url":"https:\/\/www.eldiario.net\/portal\/author\/jeanette\/"}]}},"_links":{"self":[{"href":"https:\/\/www.eldiario.net\/portal\/wp-json\/wp\/v2\/posts\/321538","targetHints":{"allow":["GET"]}}],"collection":[{"href":"https:\/\/www.eldiario.net\/portal\/wp-json\/wp\/v2\/posts"}],"about":[{"href":"https:\/\/www.eldiario.net\/portal\/wp-json\/wp\/v2\/types\/post"}],"author":[{"embeddable":true,"href":"https:\/\/www.eldiario.net\/portal\/wp-json\/wp\/v2\/users\/1"}],"replies":[{"embeddable":true,"href":"https:\/\/www.eldiario.net\/portal\/wp-json\/wp\/v2\/comments?post=321538"}],"version-history":[{"count":1,"href":"https:\/\/www.eldiario.net\/portal\/wp-json\/wp\/v2\/posts\/321538\/revisions"}],"predecessor-version":[{"id":321545,"href":"https:\/\/www.eldiario.net\/portal\/wp-json\/wp\/v2\/posts\/321538\/revisions\/321545"}],"wp:featuredmedia":[{"embeddable":true,"href":"https:\/\/www.eldiario.net\/portal\/wp-json\/wp\/v2\/media\/321539"}],"wp:attachment":[{"href":"https:\/\/www.eldiario.net\/portal\/wp-json\/wp\/v2\/media?parent=321538"}],"wp:term":[{"taxonomy":"category","embeddable":true,"href":"https:\/\/www.eldiario.net\/portal\/wp-json\/wp\/v2\/categories?post=321538"},{"taxonomy":"post_tag","embeddable":true,"href":"https:\/\/www.eldiario.net\/portal\/wp-json\/wp\/v2\/tags?post=321538"}],"curies":[{"name":"wp","href":"https:\/\/api.w.org\/{rel}","templated":true}]}}