{"id":321436,"date":"2025-08-03T09:05:22","date_gmt":"2025-08-03T13:05:22","guid":{"rendered":"https:\/\/www.eldiario.net\/portal\/?p=321436"},"modified":"2025-08-03T09:05:22","modified_gmt":"2025-08-03T13:05:22","slug":"en-conversacion-con-zach-cregger-guionista-y-director-de-la-hora-de-la-desaparicion","status":"publish","type":"post","link":"https:\/\/www.eldiario.net\/portal\/2025\/08\/03\/en-conversacion-con-zach-cregger-guionista-y-director-de-la-hora-de-la-desaparicion\/","title":{"rendered":"En conversaci\u00f3n con Zach Cregger, guionista y director de La Hora de la Desaparici\u00f3n"},"content":{"rendered":"<p>P: \u00bfHay alg\u00fan momento del que se acuerde, cuando surgi\u00f3 la idea que se convertir\u00eda en La hora de la desaparici\u00f3n?<br \/>\nZACH CREGGER: Uno de mis mejores amigos muri\u00f3 inesperadamente. Creo que hay momentos en los que los guionistas escriben desde un lugar de ambici\u00f3n y, quiz\u00e1 no sea la forma m\u00e1s saludable de hacerlo desde el punto de vista creativo. Pero yo me encontraba en una situaci\u00f3n tan grave y dolorosa que pude escribir por pura necesidad, sin tener ni idea de lo que iba a ser.<br \/>\nCuando escribo, tengo una regla: no quiero saber qu\u00e9 va a pasar. Siempre, simplemente, empiezo. As\u00ed que me sent\u00e9 a escribir lo que se convertir\u00eda en esta pel\u00edcula y lo primero que escribo es una ni\u00f1a que cuenta una historia y unos ni\u00f1os que salen corriendo de casa. Y mientras escribo, pienso: \u201cEsto es cool. Espero descifrarlo\u201d. Y no lo descubr\u00ed realmente hasta que lleg\u00f3 el momento en el gui\u00f3n de responder a esa pregunta. B\u00e1sicamente, escribo en una cuerda floja, esperando a que se me revele. Por suerte, en este caso, s\u00ed sucedi\u00f3.<br \/>\nPero s\u00f3lo escrib\u00eda para desahogar el sentimiento y ahora resulta que se convirti\u00f3 en La hora de la desaparici\u00f3n. Creo que cuando escrib\u00ed B\u00e1rbaro, sucedi\u00f3 algo parecido. Me sent\u00e9 y empec\u00e9 a escribir por diversi\u00f3n, sin tener ni idea de lo que resultar\u00eda. Me fue posible tener ese mismo proceso para esta historia, donde no sab\u00eda lo que la pel\u00edcula ser\u00eda hasta que escrib\u00ed \u201cel final\u201d. Ahora, con toda honestidad, escrib\u00ed un primer borrador que era realmente malo. Entonces, B\u00e1rbaro sali\u00f3. Luego, tom\u00e9 ese primer borrador y le di la forma necesaria para que pudiera ser una pel\u00edcula. <\/p>\n<p>P: B\u00e1rbaro es un acto muy dif\u00edcil de seguir.<br \/>\nZACH CREGGER: Bueno, despu\u00e9s de B\u00e1rbaro, realmente quise que lo siguiente fuera algo que me retara a ser m\u00e1s grande, a ser mejor. Quise hacer algo mucho m\u00e1s ambicioso, no s\u00f3lo en t\u00e9rminos de tama\u00f1o y escala, sino con muchas m\u00e1s partes movibles y una estructura mucho m\u00e1s desafiante. Quise que fuera m\u00e1s arriesgada, pero igual de demencial. A veces, cuando la pel\u00edcula es m\u00e1s grande, es posible que quieras ir a lo seguro, pero yo quer\u00eda ir en la direcci\u00f3n contraria y ser tan raro como fuera posible. As\u00ed que estoy muy orgulloso de decir que es una pel\u00edcula m\u00e1s grande y rara que B\u00e1rbaro, y eso es m\u00e1s o menos lo que ten\u00eda en mente cuando empec\u00e9 a escribirla.<\/p>\n<p>P: Como realizador, \u00bfqu\u00e9 se qued\u00f3 contigo de esa pel\u00edcula?<br \/>\nZACH CREGGER: Creo que, sobre todo, he ganado mucha m\u00e1s confianza. Durante todo el proceso, me preguntaba: \u201c\u00bfS\u00e9 lo que estoy haciendo? \u00bfEstoy a la altura de hacer y dirigir una pel\u00edcula?\u201d. Y creo que con B\u00e1rbaro me demostr\u00e9 a m\u00ed mismo: \u201cS\u00ed, puedo hacerlo\u201d. As\u00ed que, definitivamente, entr\u00e9 con un poco m\u00e1s de confianza. La lecci\u00f3n m\u00e1s importante que aprend\u00ed fue que deb\u00eda dejar de prestar atenci\u00f3n al ruido que me rodea, para enfocarme en esa peque\u00f1a voz creativa que es tan f\u00e1cil de ignorar. Es tan silenciosa y peque\u00f1a. Y en medio del caos de la producci\u00f3n, esa vocecita me dice: \u201cOye, empieza de nuevo. Esto no est\u00e1 bien y tal vez deber\u00edamos pivotar\u201d. Me parece que, durante B\u00e1rbaro, a veces anulaba esa voz; por la presi\u00f3n, el dinero, el tiempo en juego. Pero durante el rodaje de La hora de la desaparici\u00f3n, fui capaz de decir: \u201cTodo el mundo, pausa. Esto no est\u00e1 bien. Pero s\u00e9 lo que tenemos que hacer\u201d. Creo que eso fue algo valioso y dudo que hubiera podido hacerlo si no hubiera hecho B\u00e1rbaro.<\/p>\n<p>P: Entonces, \u00bfqu\u00e9 es realmente La hora de la desaparici\u00f3n?<br \/>\nZACH CREGGER: La pregunta central que se plantea esta pel\u00edcula desde la primera p\u00e1gina es: \u201c\u00bfPor qu\u00e9? \u00bfPor qu\u00e9 un aula completa de ni\u00f1os decidi\u00f3, la misma noche a las 2:17 de la madrugada, levantarse de la cama, bajar las escaleras, abrir la puerta principal, salir a la oscuridad y no volver jam\u00e1s? \u00bfQu\u00e9 tiene este grupo? \u00bfPor qu\u00e9 no lo decidi\u00f3 as\u00ed la otra aula de tercero? \u00bfFue un plan? \u00bfEs alg\u00fan tipo de control mental alien\u00edgena? \u00bfEs cosa del gobierno? \u00bfEs una broma? \u00bfQu\u00e9 puede estar haciendo esto?\u201d. Sin saber la respuesta a esa pregunta cuando empec\u00e9 a escribir, pens\u00e9 que era bastante convincente. Me result\u00f3 f\u00e1cil encerrarme en la mentalidad de un padre que exige respuestas o de la profesora que no tiene ni idea. \u00bfO no la tiene? No lo s\u00e9. No voy a decirlo. Pero ya hab\u00eda todas estas jugosas perspectivas de personas que tienen la tarea de resolver este caso o que tienen mucho en juego para resolverlo. As\u00ed que fue f\u00e1cil empezar con esa pregunta.<br \/>\nEs una pel\u00edcula que empieza rara y creo que termina mucho m\u00e1s rara, pero tambi\u00e9n se mantiene con los pies en la tierra tanto como puede. Es una pel\u00edcula que obedece las reglas de su universo en particular, as\u00ed que no se convertir\u00e1 en una extra\u00f1a pesadilla alucin\u00f3gena ni nada por el estilo. Pero es una pel\u00edcula con vuelcos y llena de giros. Es decir, es una pel\u00edcula que se reinventa a s\u00ed misma cada 20 minutos, sin dejar de ser fiel al motor central. Pero tambi\u00e9n es una pel\u00edcula divertida. Es divertida, da miedo, es atractiva. No es una pel\u00edcula l\u00fagubre y taciturna, y sin embargo, la historia que cuenta est\u00e1, realmente, jodida. <\/p>\n<p>P: Esta pel\u00edcula sorprende constante y verdaderamente. Es una proeza en s\u00ed misma.<br \/>\nZACH CREGGER: Como alguien que ha visto millones de pel\u00edculas a lo largo de su vida y las ama profundamente, es dif\u00edcil tener una historia que sorprenda y que no veas venir desde el momento en que ves el tr\u00e1iler&#8230; o al menos a los diez minutos. Creo que a los diez minutos ya s\u00e9 por d\u00f3nde va a ir la pel\u00edcula. Me atrevo a decir que ese no es el caso de La hora de la desaparici\u00f3n y es muy importante que eso se mantenga para las personas que la vayan a verla despu\u00e9s de la primera ronda de funciones. Creo que es muy importante proteger eso [mantener el elemento de sorpresa]. Supongo que esto es una forma de decir: \u201cPor favor, no estropees esta pel\u00edcula a tus amigos y les cuentes lo que sucede. No te metas en Internet y seas un troll. Permite que la gente viva su experiencia pura al verla, como t\u00fa\u201d.<br \/>\n\r\n                <style type=\"text\/css\">\r\n                    \r\n                    #tdi_1  .td-doubleSlider-2 .td-item1 {\r\n                        background: url(https:\/\/www.eldiario.net\/portal\/wp-content\/uploads\/2025\/08\/En-conversacion-con-Zach-Cregger-director-de-La-Hora-de-la-Desaparicon-80x60.webp) 0 0 no-repeat;\r\n                    }\r\n                    #tdi_1  .td-doubleSlider-2 .td-item2 {\r\n                        background: url(https:\/\/www.eldiario.net\/portal\/wp-content\/uploads\/2025\/08\/En-conversacion-con-Zach-Cregger-director-de-La-Hora-de-la-Desaparicon-2-80x60.webp) 0 0 no-repeat;\r\n                    }\r\n                <\/style>\r\n\r\n                <div id=\"tdi_1\" class=\"td-gallery td-slide-on-2-columns\">\r\n                    <div class=\"post_td_gallery\">\r\n                        <div class=\"td-gallery-slide-top\">\r\n                           <div class=\"td-gallery-title\"><\/div>\r\n\r\n                            <div class=\"td-gallery-controls-wrapper\">\r\n                                <div class=\"td-gallery-slide-count\"><span class=\"td-gallery-slide-item-focus\">1<\/span> de 2<\/div>\r\n                                <div class=\"td-gallery-slide-prev-next-but\">\r\n                                    <i class = \"td-icon-left doubleSliderPrevButton\"><\/i>\r\n                                    <i class = \"td-icon-right doubleSliderNextButton\"><\/i>\r\n                                <\/div>\r\n                            <\/div>\r\n                        <\/div>\r\n\r\n                        <div class = \"td-doubleSlider-1 \">\r\n                            <div class = \"td-slider\">\r\n                                \r\n                    <div class = \"td-slide-item td-item1\">\r\n                        <figure class=\"td-slide-galery-figure td-slide-popup-gallery\">\r\n                            <a class=\"slide-gallery-image-link\" href=\"https:\/\/www.eldiario.net\/portal\/wp-content\/uploads\/2025\/08\/En-conversacion-con-Zach-Cregger-director-de-La-Hora-de-la-Desaparicon.webp\" title=\"En-conversaci\u00f3n-con-Zach-Cregger,-director-de-La-Hora-de-la-Desap\u00e0ric\u00f3n\"  data-caption=\"\"  data-description=\"\">\r\n                                <img decoding=\"async\" src=\"https:\/\/www.eldiario.net\/portal\/wp-content\/uploads\/2025\/08\/En-conversacion-con-Zach-Cregger-director-de-La-Hora-de-la-Desaparicon-336x420.webp\" srcset=\"https:\/\/www.eldiario.net\/portal\/wp-content\/uploads\/2025\/08\/En-conversacion-con-Zach-Cregger-director-de-La-Hora-de-la-Desaparicon-336x420.webp 336w, https:\/\/www.eldiario.net\/portal\/wp-content\/uploads\/2025\/08\/En-conversacion-con-Zach-Cregger-director-de-La-Hora-de-la-Desaparicon-240x300.webp 240w, https:\/\/www.eldiario.net\/portal\/wp-content\/uploads\/2025\/08\/En-conversacion-con-Zach-Cregger-director-de-La-Hora-de-la-Desaparicon-819x1024.webp 819w, https:\/\/www.eldiario.net\/portal\/wp-content\/uploads\/2025\/08\/En-conversacion-con-Zach-Cregger-director-de-La-Hora-de-la-Desaparicon-768x960.webp 768w, https:\/\/www.eldiario.net\/portal\/wp-content\/uploads\/2025\/08\/En-conversacion-con-Zach-Cregger-director-de-La-Hora-de-la-Desaparicon-150x187.webp 150w, https:\/\/www.eldiario.net\/portal\/wp-content\/uploads\/2025\/08\/En-conversacion-con-Zach-Cregger-director-de-La-Hora-de-la-Desaparicon-300x375.webp 300w, https:\/\/www.eldiario.net\/portal\/wp-content\/uploads\/2025\/08\/En-conversacion-con-Zach-Cregger-director-de-La-Hora-de-la-Desaparicon-696x870.webp 696w, https:\/\/www.eldiario.net\/portal\/wp-content\/uploads\/2025\/08\/En-conversacion-con-Zach-Cregger-director-de-La-Hora-de-la-Desaparicon-1068x1335.webp 1068w, https:\/\/www.eldiario.net\/portal\/wp-content\/uploads\/2025\/08\/En-conversacion-con-Zach-Cregger-director-de-La-Hora-de-la-Desaparicon.webp 1229w\" sizes=\"(max-width: 336px) 100vw, 336px\" alt=\"\">\r\n                            <\/a>\r\n                            \r\n                        <\/figure>\r\n                    <\/div>\r\n                    <div class = \"td-slide-item td-item2\">\r\n                        <figure class=\"td-slide-galery-figure td-slide-popup-gallery\">\r\n                            <a class=\"slide-gallery-image-link\" href=\"https:\/\/www.eldiario.net\/portal\/wp-content\/uploads\/2025\/08\/En-conversacion-con-Zach-Cregger-director-de-La-Hora-de-la-Desaparicon-2.webp\" title=\"En-conversaci\u00f3n-con-Zach-Cregger,-director-de-La-Hora-de-la-Desap\u00e0ric\u00f3n-(2)\"  data-caption=\"\"  data-description=\"\">\r\n                                <img decoding=\"async\" src=\"https:\/\/www.eldiario.net\/portal\/wp-content\/uploads\/2025\/08\/En-conversacion-con-Zach-Cregger-director-de-La-Hora-de-la-Desaparicon-2-336x420.webp\" srcset=\"https:\/\/www.eldiario.net\/portal\/wp-content\/uploads\/2025\/08\/En-conversacion-con-Zach-Cregger-director-de-La-Hora-de-la-Desaparicon-2-336x420.webp 336w, https:\/\/www.eldiario.net\/portal\/wp-content\/uploads\/2025\/08\/En-conversacion-con-Zach-Cregger-director-de-La-Hora-de-la-Desaparicon-2-240x300.webp 240w, https:\/\/www.eldiario.net\/portal\/wp-content\/uploads\/2025\/08\/En-conversacion-con-Zach-Cregger-director-de-La-Hora-de-la-Desaparicon-2-768x960.webp 768w, https:\/\/www.eldiario.net\/portal\/wp-content\/uploads\/2025\/08\/En-conversacion-con-Zach-Cregger-director-de-La-Hora-de-la-Desaparicon-2-150x188.webp 150w, https:\/\/www.eldiario.net\/portal\/wp-content\/uploads\/2025\/08\/En-conversacion-con-Zach-Cregger-director-de-La-Hora-de-la-Desaparicon-2-300x375.webp 300w, https:\/\/www.eldiario.net\/portal\/wp-content\/uploads\/2025\/08\/En-conversacion-con-Zach-Cregger-director-de-La-Hora-de-la-Desaparicon-2-696x870.webp 696w, https:\/\/www.eldiario.net\/portal\/wp-content\/uploads\/2025\/08\/En-conversacion-con-Zach-Cregger-director-de-La-Hora-de-la-Desaparicon-2.webp 810w\" sizes=\"(max-width: 336px) 100vw, 336px\" alt=\"\">\r\n                            <\/a>\r\n                            \r\n                        <\/figure>\r\n                    <\/div>\r\n                            <\/div>\r\n                        <\/div>\r\n\r\n                        <div class = \"td-doubleSlider-2\">\r\n                            <div class = \"td-slider\">\r\n                                \r\n                    <div class = \"td-button td-item1\">\r\n                        <div class = \"td-border\"><\/div>\r\n                    <\/div>\r\n                    <div class = \"td-button td-item2\">\r\n                        <div class = \"td-border\"><\/div>\r\n                    <\/div>\r\n                            <\/div>\r\n                        <\/div>\r\n\r\n                    <\/div>\r\n\r\n                <\/div>\r\n                <\/p>\n","protected":false},"excerpt":{"rendered":"<p>P: \u00bfHay alg\u00fan momento del que se acuerde, cuando surgi\u00f3 la idea que se convertir\u00eda en La hora de la desaparici\u00f3n? ZACH CREGGER: Uno de mis mejores amigos muri\u00f3 inesperadamente. Creo que hay momentos en los que los guionistas escriben desde un lugar de ambici\u00f3n y, quiz\u00e1 no sea la forma m\u00e1s saludable de hacerlo [&hellip;]<\/p>\n","protected":false},"author":1,"featured_media":321437,"comment_status":"closed","ping_status":"open","sticky":false,"template":"","format":"standard","meta":{"_acf_changed":false,"footnotes":""},"categories":[45],"tags":[],"class_list":["post-321436","post","type-post","status-publish","format-standard","has-post-thumbnail","category-cine-mundo"],"acf":{"antetitulo":""},"yoast_head":"<!-- This site is optimized with the Yoast SEO plugin v28.3 - https:\/\/yoast.com\/product\/yoast-seo-wordpress\/ -->\n<title>En conversaci\u00f3n con Zach Cregger, guionista y director de La Hora de la Desaparici\u00f3n - El Diario - Bolivia<\/title>\n<meta name=\"robots\" content=\"index, follow, max-snippet:-1, max-image-preview:large, max-video-preview:-1\" \/>\n<link rel=\"canonical\" href=\"https:\/\/www.eldiario.net\/portal\/2025\/08\/03\/en-conversacion-con-zach-cregger-guionista-y-director-de-la-hora-de-la-desaparicion\/\" \/>\n<meta property=\"og:locale\" content=\"es_ES\" \/>\n<meta property=\"og:type\" content=\"article\" \/>\n<meta property=\"og:title\" content=\"En conversaci\u00f3n con Zach Cregger, guionista y director de La Hora de la Desaparici\u00f3n - El Diario - Bolivia\" \/>\n<meta property=\"og:description\" content=\"P: \u00bfHay alg\u00fan momento del que se acuerde, cuando surgi\u00f3 la idea que se convertir\u00eda en La hora de la desaparici\u00f3n? ZACH CREGGER: Uno de mis mejores amigos muri\u00f3 inesperadamente. Creo que hay momentos en los que los guionistas escriben desde un lugar de ambici\u00f3n y, quiz\u00e1 no sea la forma m\u00e1s saludable de hacerlo [&hellip;]\" \/>\n<meta property=\"og:url\" content=\"https:\/\/www.eldiario.net\/portal\/2025\/08\/03\/en-conversacion-con-zach-cregger-guionista-y-director-de-la-hora-de-la-desaparicion\/\" \/>\n<meta property=\"og:site_name\" content=\"El Diario - Bolivia\" \/>\n<meta property=\"article:publisher\" content=\"https:\/\/www.facebook.com\/eldiario.bolivia\/\" \/>\n<meta property=\"article:published_time\" content=\"2025-08-03T13:05:22+00:00\" \/>\n<meta property=\"og:image\" content=\"https:\/\/www.eldiario.net\/portal\/wp-content\/uploads\/2025\/08\/En-conversacion-con-Zach-Cregger-director-de-La-Hora-de-la-Desaparicon.webp\" \/>\n\t<meta property=\"og:image:width\" content=\"1229\" \/>\n\t<meta property=\"og:image:height\" content=\"1536\" \/>\n\t<meta property=\"og:image:type\" content=\"image\/webp\" \/>\n<meta name=\"author\" content=\"Jeanette\" \/>\n<meta name=\"twitter:card\" content=\"summary_large_image\" \/>\n<meta name=\"twitter:creator\" content=\"@eldiario_net\" \/>\n<meta name=\"twitter:site\" content=\"@eldiario_net\" \/>\n<meta name=\"twitter:label1\" content=\"Escrito por\" \/>\n\t<meta name=\"twitter:data1\" content=\"Jeanette\" \/>\n\t<meta name=\"twitter:label2\" content=\"Tiempo de lectura\" \/>\n\t<meta name=\"twitter:data2\" content=\"1 minuto\" \/>\n<script type=\"application\/ld+json\" class=\"yoast-schema-graph\">{\"@context\":\"https:\\\/\\\/schema.org\",\"@graph\":[{\"@type\":\"Article\",\"@id\":\"https:\\\/\\\/www.eldiario.net\\\/portal\\\/2025\\\/08\\\/03\\\/en-conversacion-con-zach-cregger-guionista-y-director-de-la-hora-de-la-desaparicion\\\/#article\",\"isPartOf\":{\"@id\":\"https:\\\/\\\/www.eldiario.net\\\/portal\\\/2025\\\/08\\\/03\\\/en-conversacion-con-zach-cregger-guionista-y-director-de-la-hora-de-la-desaparicion\\\/\"},\"author\":{\"name\":\"Jeanette\",\"@id\":\"https:\\\/\\\/www.eldiario.net\\\/portal\\\/#\\\/schema\\\/person\\\/f46445640444750d7d753ccd04ae01b7\"},\"headline\":\"En conversaci\u00f3n con Zach Cregger, guionista y director de La Hora de la Desaparici\u00f3n\",\"datePublished\":\"2025-08-03T13:05:22+00:00\",\"mainEntityOfPage\":{\"@id\":\"https:\\\/\\\/www.eldiario.net\\\/portal\\\/2025\\\/08\\\/03\\\/en-conversacion-con-zach-cregger-guionista-y-director-de-la-hora-de-la-desaparicion\\\/\"},\"wordCount\":1183,\"publisher\":{\"@id\":\"https:\\\/\\\/www.eldiario.net\\\/portal\\\/#organization\"},\"image\":{\"@id\":\"https:\\\/\\\/www.eldiario.net\\\/portal\\\/2025\\\/08\\\/03\\\/en-conversacion-con-zach-cregger-guionista-y-director-de-la-hora-de-la-desaparicion\\\/#primaryimage\"},\"thumbnailUrl\":\"https:\\\/\\\/www.eldiario.net\\\/portal\\\/wp-content\\\/uploads\\\/2025\\\/08\\\/En-conversacion-con-Zach-Cregger-director-de-La-Hora-de-la-Desaparicon.webp\",\"articleSection\":[\"Cine Mundo\"],\"inLanguage\":\"es\"},{\"@type\":\"WebPage\",\"@id\":\"https:\\\/\\\/www.eldiario.net\\\/portal\\\/2025\\\/08\\\/03\\\/en-conversacion-con-zach-cregger-guionista-y-director-de-la-hora-de-la-desaparicion\\\/\",\"url\":\"https:\\\/\\\/www.eldiario.net\\\/portal\\\/2025\\\/08\\\/03\\\/en-conversacion-con-zach-cregger-guionista-y-director-de-la-hora-de-la-desaparicion\\\/\",\"name\":\"En conversaci\u00f3n con Zach Cregger, guionista y director de La Hora de la Desaparici\u00f3n - El Diario - Bolivia\",\"isPartOf\":{\"@id\":\"https:\\\/\\\/www.eldiario.net\\\/portal\\\/#website\"},\"primaryImageOfPage\":{\"@id\":\"https:\\\/\\\/www.eldiario.net\\\/portal\\\/2025\\\/08\\\/03\\\/en-conversacion-con-zach-cregger-guionista-y-director-de-la-hora-de-la-desaparicion\\\/#primaryimage\"},\"image\":{\"@id\":\"https:\\\/\\\/www.eldiario.net\\\/portal\\\/2025\\\/08\\\/03\\\/en-conversacion-con-zach-cregger-guionista-y-director-de-la-hora-de-la-desaparicion\\\/#primaryimage\"},\"thumbnailUrl\":\"https:\\\/\\\/www.eldiario.net\\\/portal\\\/wp-content\\\/uploads\\\/2025\\\/08\\\/En-conversacion-con-Zach-Cregger-director-de-La-Hora-de-la-Desaparicon.webp\",\"datePublished\":\"2025-08-03T13:05:22+00:00\",\"breadcrumb\":{\"@id\":\"https:\\\/\\\/www.eldiario.net\\\/portal\\\/2025\\\/08\\\/03\\\/en-conversacion-con-zach-cregger-guionista-y-director-de-la-hora-de-la-desaparicion\\\/#breadcrumb\"},\"inLanguage\":\"es\",\"potentialAction\":[{\"@type\":\"ReadAction\",\"target\":[\"https:\\\/\\\/www.eldiario.net\\\/portal\\\/2025\\\/08\\\/03\\\/en-conversacion-con-zach-cregger-guionista-y-director-de-la-hora-de-la-desaparicion\\\/\"]}]},{\"@type\":\"ImageObject\",\"inLanguage\":\"es\",\"@id\":\"https:\\\/\\\/www.eldiario.net\\\/portal\\\/2025\\\/08\\\/03\\\/en-conversacion-con-zach-cregger-guionista-y-director-de-la-hora-de-la-desaparicion\\\/#primaryimage\",\"url\":\"https:\\\/\\\/www.eldiario.net\\\/portal\\\/wp-content\\\/uploads\\\/2025\\\/08\\\/En-conversacion-con-Zach-Cregger-director-de-La-Hora-de-la-Desaparicon.webp\",\"contentUrl\":\"https:\\\/\\\/www.eldiario.net\\\/portal\\\/wp-content\\\/uploads\\\/2025\\\/08\\\/En-conversacion-con-Zach-Cregger-director-de-La-Hora-de-la-Desaparicon.webp\",\"width\":1229,\"height\":1536},{\"@type\":\"BreadcrumbList\",\"@id\":\"https:\\\/\\\/www.eldiario.net\\\/portal\\\/2025\\\/08\\\/03\\\/en-conversacion-con-zach-cregger-guionista-y-director-de-la-hora-de-la-desaparicion\\\/#breadcrumb\",\"itemListElement\":[{\"@type\":\"ListItem\",\"position\":1,\"name\":\"Portada\",\"item\":\"https:\\\/\\\/www.eldiario.net\\\/portal\\\/\"},{\"@type\":\"ListItem\",\"position\":2,\"name\":\"En conversaci\u00f3n con Zach Cregger, guionista y director de La Hora de la Desaparici\u00f3n\"}]},{\"@type\":\"WebSite\",\"@id\":\"https:\\\/\\\/www.eldiario.net\\\/portal\\\/#website\",\"url\":\"https:\\\/\\\/www.eldiario.net\\\/portal\\\/\",\"name\":\"El Diario - Decano de la prensa nacional\",\"description\":\"El Diario - Decano de la prensa nacional\",\"publisher\":{\"@id\":\"https:\\\/\\\/www.eldiario.net\\\/portal\\\/#organization\"},\"potentialAction\":[{\"@type\":\"SearchAction\",\"target\":{\"@type\":\"EntryPoint\",\"urlTemplate\":\"https:\\\/\\\/www.eldiario.net\\\/portal\\\/?s={search_term_string}\"},\"query-input\":{\"@type\":\"PropertyValueSpecification\",\"valueRequired\":true,\"valueName\":\"search_term_string\"}}],\"inLanguage\":\"es\"},{\"@type\":\"Organization\",\"@id\":\"https:\\\/\\\/www.eldiario.net\\\/portal\\\/#organization\",\"name\":\"El Diario - Decano de la prensa nacional\",\"url\":\"https:\\\/\\\/www.eldiario.net\\\/portal\\\/\",\"logo\":{\"@type\":\"ImageObject\",\"inLanguage\":\"es\",\"@id\":\"https:\\\/\\\/www.eldiario.net\\\/portal\\\/#\\\/schema\\\/logo\\\/image\\\/\",\"url\":\"https:\\\/\\\/www.eldiario.net\\\/portal\\\/wp-content\\\/uploads\\\/2023\\\/07\\\/logo_ED.jpg\",\"contentUrl\":\"https:\\\/\\\/www.eldiario.net\\\/portal\\\/wp-content\\\/uploads\\\/2023\\\/07\\\/logo_ED.jpg\",\"width\":272,\"height\":52,\"caption\":\"El Diario - Decano de la prensa nacional\"},\"image\":{\"@id\":\"https:\\\/\\\/www.eldiario.net\\\/portal\\\/#\\\/schema\\\/logo\\\/image\\\/\"},\"sameAs\":[\"https:\\\/\\\/www.facebook.com\\\/eldiario.bolivia\\\/\",\"https:\\\/\\\/x.com\\\/eldiario_net\"]},{\"@type\":\"Person\",\"@id\":\"https:\\\/\\\/www.eldiario.net\\\/portal\\\/#\\\/schema\\\/person\\\/f46445640444750d7d753ccd04ae01b7\",\"name\":\"Jeanette\",\"image\":{\"@type\":\"ImageObject\",\"inLanguage\":\"es\",\"@id\":\"https:\\\/\\\/secure.gravatar.com\\\/avatar\\\/3ea2118a5f7dad2b7138b1187a6b7ee55f160b9968b66013c3a3ef39dd7e5798?s=96&d=mm&r=g\",\"url\":\"https:\\\/\\\/secure.gravatar.com\\\/avatar\\\/3ea2118a5f7dad2b7138b1187a6b7ee55f160b9968b66013c3a3ef39dd7e5798?s=96&d=mm&r=g\",\"contentUrl\":\"https:\\\/\\\/secure.gravatar.com\\\/avatar\\\/3ea2118a5f7dad2b7138b1187a6b7ee55f160b9968b66013c3a3ef39dd7e5798?s=96&d=mm&r=g\",\"caption\":\"Jeanette\"},\"sameAs\":[\"https:\\\/\\\/www.eldiario.net\\\/portal\"],\"url\":\"https:\\\/\\\/www.eldiario.net\\\/portal\\\/author\\\/jeanette\\\/\"}]}<\/script>\n<!-- \/ Yoast SEO plugin. -->","yoast_head_json":{"title":"En conversaci\u00f3n con Zach Cregger, guionista y director de La Hora de la Desaparici\u00f3n - El Diario - Bolivia","robots":{"index":"index","follow":"follow","max-snippet":"max-snippet:-1","max-image-preview":"max-image-preview:large","max-video-preview":"max-video-preview:-1"},"canonical":"https:\/\/www.eldiario.net\/portal\/2025\/08\/03\/en-conversacion-con-zach-cregger-guionista-y-director-de-la-hora-de-la-desaparicion\/","og_locale":"es_ES","og_type":"article","og_title":"En conversaci\u00f3n con Zach Cregger, guionista y director de La Hora de la Desaparici\u00f3n - El Diario - Bolivia","og_description":"P: \u00bfHay alg\u00fan momento del que se acuerde, cuando surgi\u00f3 la idea que se convertir\u00eda en La hora de la desaparici\u00f3n? ZACH CREGGER: Uno de mis mejores amigos muri\u00f3 inesperadamente. Creo que hay momentos en los que los guionistas escriben desde un lugar de ambici\u00f3n y, quiz\u00e1 no sea la forma m\u00e1s saludable de hacerlo [&hellip;]","og_url":"https:\/\/www.eldiario.net\/portal\/2025\/08\/03\/en-conversacion-con-zach-cregger-guionista-y-director-de-la-hora-de-la-desaparicion\/","og_site_name":"El Diario - Bolivia","article_publisher":"https:\/\/www.facebook.com\/eldiario.bolivia\/","article_published_time":"2025-08-03T13:05:22+00:00","og_image":[{"width":1229,"height":1536,"url":"https:\/\/www.eldiario.net\/portal\/wp-content\/uploads\/2025\/08\/En-conversacion-con-Zach-Cregger-director-de-La-Hora-de-la-Desaparicon.webp","type":"image\/webp"}],"author":"Jeanette","twitter_card":"summary_large_image","twitter_creator":"@eldiario_net","twitter_site":"@eldiario_net","twitter_misc":{"Escrito por":"Jeanette","Tiempo de lectura":"1 minuto"},"schema":{"@context":"https:\/\/schema.org","@graph":[{"@type":"Article","@id":"https:\/\/www.eldiario.net\/portal\/2025\/08\/03\/en-conversacion-con-zach-cregger-guionista-y-director-de-la-hora-de-la-desaparicion\/#article","isPartOf":{"@id":"https:\/\/www.eldiario.net\/portal\/2025\/08\/03\/en-conversacion-con-zach-cregger-guionista-y-director-de-la-hora-de-la-desaparicion\/"},"author":{"name":"Jeanette","@id":"https:\/\/www.eldiario.net\/portal\/#\/schema\/person\/f46445640444750d7d753ccd04ae01b7"},"headline":"En conversaci\u00f3n con Zach Cregger, guionista y director de La Hora de la Desaparici\u00f3n","datePublished":"2025-08-03T13:05:22+00:00","mainEntityOfPage":{"@id":"https:\/\/www.eldiario.net\/portal\/2025\/08\/03\/en-conversacion-con-zach-cregger-guionista-y-director-de-la-hora-de-la-desaparicion\/"},"wordCount":1183,"publisher":{"@id":"https:\/\/www.eldiario.net\/portal\/#organization"},"image":{"@id":"https:\/\/www.eldiario.net\/portal\/2025\/08\/03\/en-conversacion-con-zach-cregger-guionista-y-director-de-la-hora-de-la-desaparicion\/#primaryimage"},"thumbnailUrl":"https:\/\/www.eldiario.net\/portal\/wp-content\/uploads\/2025\/08\/En-conversacion-con-Zach-Cregger-director-de-La-Hora-de-la-Desaparicon.webp","articleSection":["Cine Mundo"],"inLanguage":"es"},{"@type":"WebPage","@id":"https:\/\/www.eldiario.net\/portal\/2025\/08\/03\/en-conversacion-con-zach-cregger-guionista-y-director-de-la-hora-de-la-desaparicion\/","url":"https:\/\/www.eldiario.net\/portal\/2025\/08\/03\/en-conversacion-con-zach-cregger-guionista-y-director-de-la-hora-de-la-desaparicion\/","name":"En conversaci\u00f3n con Zach Cregger, guionista y director de La Hora de la Desaparici\u00f3n - El Diario - Bolivia","isPartOf":{"@id":"https:\/\/www.eldiario.net\/portal\/#website"},"primaryImageOfPage":{"@id":"https:\/\/www.eldiario.net\/portal\/2025\/08\/03\/en-conversacion-con-zach-cregger-guionista-y-director-de-la-hora-de-la-desaparicion\/#primaryimage"},"image":{"@id":"https:\/\/www.eldiario.net\/portal\/2025\/08\/03\/en-conversacion-con-zach-cregger-guionista-y-director-de-la-hora-de-la-desaparicion\/#primaryimage"},"thumbnailUrl":"https:\/\/www.eldiario.net\/portal\/wp-content\/uploads\/2025\/08\/En-conversacion-con-Zach-Cregger-director-de-La-Hora-de-la-Desaparicon.webp","datePublished":"2025-08-03T13:05:22+00:00","breadcrumb":{"@id":"https:\/\/www.eldiario.net\/portal\/2025\/08\/03\/en-conversacion-con-zach-cregger-guionista-y-director-de-la-hora-de-la-desaparicion\/#breadcrumb"},"inLanguage":"es","potentialAction":[{"@type":"ReadAction","target":["https:\/\/www.eldiario.net\/portal\/2025\/08\/03\/en-conversacion-con-zach-cregger-guionista-y-director-de-la-hora-de-la-desaparicion\/"]}]},{"@type":"ImageObject","inLanguage":"es","@id":"https:\/\/www.eldiario.net\/portal\/2025\/08\/03\/en-conversacion-con-zach-cregger-guionista-y-director-de-la-hora-de-la-desaparicion\/#primaryimage","url":"https:\/\/www.eldiario.net\/portal\/wp-content\/uploads\/2025\/08\/En-conversacion-con-Zach-Cregger-director-de-La-Hora-de-la-Desaparicon.webp","contentUrl":"https:\/\/www.eldiario.net\/portal\/wp-content\/uploads\/2025\/08\/En-conversacion-con-Zach-Cregger-director-de-La-Hora-de-la-Desaparicon.webp","width":1229,"height":1536},{"@type":"BreadcrumbList","@id":"https:\/\/www.eldiario.net\/portal\/2025\/08\/03\/en-conversacion-con-zach-cregger-guionista-y-director-de-la-hora-de-la-desaparicion\/#breadcrumb","itemListElement":[{"@type":"ListItem","position":1,"name":"Portada","item":"https:\/\/www.eldiario.net\/portal\/"},{"@type":"ListItem","position":2,"name":"En conversaci\u00f3n con Zach Cregger, guionista y director de La Hora de la Desaparici\u00f3n"}]},{"@type":"WebSite","@id":"https:\/\/www.eldiario.net\/portal\/#website","url":"https:\/\/www.eldiario.net\/portal\/","name":"El Diario - Decano de la prensa nacional","description":"El Diario - Decano de la prensa nacional","publisher":{"@id":"https:\/\/www.eldiario.net\/portal\/#organization"},"potentialAction":[{"@type":"SearchAction","target":{"@type":"EntryPoint","urlTemplate":"https:\/\/www.eldiario.net\/portal\/?s={search_term_string}"},"query-input":{"@type":"PropertyValueSpecification","valueRequired":true,"valueName":"search_term_string"}}],"inLanguage":"es"},{"@type":"Organization","@id":"https:\/\/www.eldiario.net\/portal\/#organization","name":"El Diario - Decano de la prensa nacional","url":"https:\/\/www.eldiario.net\/portal\/","logo":{"@type":"ImageObject","inLanguage":"es","@id":"https:\/\/www.eldiario.net\/portal\/#\/schema\/logo\/image\/","url":"https:\/\/www.eldiario.net\/portal\/wp-content\/uploads\/2023\/07\/logo_ED.jpg","contentUrl":"https:\/\/www.eldiario.net\/portal\/wp-content\/uploads\/2023\/07\/logo_ED.jpg","width":272,"height":52,"caption":"El Diario - Decano de la prensa nacional"},"image":{"@id":"https:\/\/www.eldiario.net\/portal\/#\/schema\/logo\/image\/"},"sameAs":["https:\/\/www.facebook.com\/eldiario.bolivia\/","https:\/\/x.com\/eldiario_net"]},{"@type":"Person","@id":"https:\/\/www.eldiario.net\/portal\/#\/schema\/person\/f46445640444750d7d753ccd04ae01b7","name":"Jeanette","image":{"@type":"ImageObject","inLanguage":"es","@id":"https:\/\/secure.gravatar.com\/avatar\/3ea2118a5f7dad2b7138b1187a6b7ee55f160b9968b66013c3a3ef39dd7e5798?s=96&d=mm&r=g","url":"https:\/\/secure.gravatar.com\/avatar\/3ea2118a5f7dad2b7138b1187a6b7ee55f160b9968b66013c3a3ef39dd7e5798?s=96&d=mm&r=g","contentUrl":"https:\/\/secure.gravatar.com\/avatar\/3ea2118a5f7dad2b7138b1187a6b7ee55f160b9968b66013c3a3ef39dd7e5798?s=96&d=mm&r=g","caption":"Jeanette"},"sameAs":["https:\/\/www.eldiario.net\/portal"],"url":"https:\/\/www.eldiario.net\/portal\/author\/jeanette\/"}]}},"_links":{"self":[{"href":"https:\/\/www.eldiario.net\/portal\/wp-json\/wp\/v2\/posts\/321436","targetHints":{"allow":["GET"]}}],"collection":[{"href":"https:\/\/www.eldiario.net\/portal\/wp-json\/wp\/v2\/posts"}],"about":[{"href":"https:\/\/www.eldiario.net\/portal\/wp-json\/wp\/v2\/types\/post"}],"author":[{"embeddable":true,"href":"https:\/\/www.eldiario.net\/portal\/wp-json\/wp\/v2\/users\/1"}],"replies":[{"embeddable":true,"href":"https:\/\/www.eldiario.net\/portal\/wp-json\/wp\/v2\/comments?post=321436"}],"version-history":[{"count":1,"href":"https:\/\/www.eldiario.net\/portal\/wp-json\/wp\/v2\/posts\/321436\/revisions"}],"predecessor-version":[{"id":321439,"href":"https:\/\/www.eldiario.net\/portal\/wp-json\/wp\/v2\/posts\/321436\/revisions\/321439"}],"wp:featuredmedia":[{"embeddable":true,"href":"https:\/\/www.eldiario.net\/portal\/wp-json\/wp\/v2\/media\/321437"}],"wp:attachment":[{"href":"https:\/\/www.eldiario.net\/portal\/wp-json\/wp\/v2\/media?parent=321436"}],"wp:term":[{"taxonomy":"category","embeddable":true,"href":"https:\/\/www.eldiario.net\/portal\/wp-json\/wp\/v2\/categories?post=321436"},{"taxonomy":"post_tag","embeddable":true,"href":"https:\/\/www.eldiario.net\/portal\/wp-json\/wp\/v2\/tags?post=321436"}],"curies":[{"name":"wp","href":"https:\/\/api.w.org\/{rel}","templated":true}]}}