{"id":321347,"date":"2025-08-03T08:06:05","date_gmt":"2025-08-03T12:06:05","guid":{"rendered":"https:\/\/www.eldiario.net\/portal\/?p=321347"},"modified":"2025-08-03T08:06:05","modified_gmt":"2025-08-03T12:06:05","slug":"colombia-celebra-su-independencia-en-la-paz-con-un-abrazo-de-cultura-y-musica","status":"publish","type":"post","link":"https:\/\/www.eldiario.net\/portal\/2025\/08\/03\/colombia-celebra-su-independencia-en-la-paz-con-un-abrazo-de-cultura-y-musica\/","title":{"rendered":"Colombia celebra su independencia en  La Paz con un abrazo de cultura y m\u00fasica"},"content":{"rendered":"<p>En un emotivo evento cultural, la Embajada de Colombia en Bolivia y Colombia Nos Une conmemoraron los 215 a\u00f1os de la Independencia de Colombia con el \u00abConcierto de la Unidad\u00bb, realizado en el Cine Teatro Municipal 6 de Agosto. La celebraci\u00f3n fue un vibrante encuentro de culturas que fortaleci\u00f3 los lazos entre ambas naciones.<br \/>\nEl evento cont\u00f3 con un deslumbrante despliegue art\u00edstico que incluy\u00f3 a Plu con Pla, Palenque Colonial, saya afroboliviana y Bendito Vallenato, ofreciendo al p\u00fablico una muestra de la rica diversidad musical.<br \/>\nLa Embajadora de Colombia en Bolivia, Elizabeth Garc\u00eda Carrillo, fue la anfitriona de la velada. En su discurso, enfatiz\u00f3 el poder unificador del arte y la m\u00fasica: \u00abA trav\u00e9s del arte y la m\u00fasica reafirmamos los lazos que unen a nuestras naciones, celebrando nuestras ra\u00edces, identidades y esperanzas compartidas\u00bb. La diplom\u00e1tica tambi\u00e9n expres\u00f3 su profundo agradecimiento a Bolivia por su hospitalidad y por acoger la cultura colombiana.<br \/>\nFinalmente, Garc\u00eda Carrillo concluy\u00f3 que \u00abLa embajada hace tiempo dej\u00f3 de ser un edificio y se convirti\u00f3 en un mundo de relaciones\u00bb, destacando que eventos como este transforman las conexiones diplom\u00e1ticas en lazos humanos y culturales, uniendo a los pueblos de Colombia y Bolivia en un abrazo de paz y amor.<br \/>\nDurante la velada musical, los asistentes se entregaron por completo a la celebraci\u00f3n, vibrando y bailando con cada una de las interpretaciones. Con aplausos y ovaciones, demostraron que la m\u00fasica es un puente cultural que une corazones, transformando el Cine Teatro 6 de Agosto en un espacio de fiesta y hermandad entre Colombia y Bolivia.<\/p>\n\r\n                <style type=\"text\/css\">\r\n                    \r\n                    #tdi_1  .td-doubleSlider-2 .td-item1 {\r\n                        background: url(https:\/\/www.eldiario.net\/portal\/wp-content\/uploads\/2025\/08\/DSC_1219-80x60.webp) 0 0 no-repeat;\r\n                    }\r\n                    #tdi_1  .td-doubleSlider-2 .td-item2 {\r\n                        background: url(https:\/\/www.eldiario.net\/portal\/wp-content\/uploads\/2025\/08\/DSC_0949-80x60.webp) 0 0 no-repeat;\r\n                    }\r\n                    #tdi_1  .td-doubleSlider-2 .td-item3 {\r\n                        background: url(https:\/\/www.eldiario.net\/portal\/wp-content\/uploads\/2025\/08\/DSC_0956-80x60.webp) 0 0 no-repeat;\r\n                    }\r\n                    #tdi_1  .td-doubleSlider-2 .td-item4 {\r\n                        background: url(https:\/\/www.eldiario.net\/portal\/wp-content\/uploads\/2025\/08\/DSC_0964-80x60.webp) 0 0 no-repeat;\r\n                    }\r\n                    #tdi_1  .td-doubleSlider-2 .td-item5 {\r\n                        background: url(https:\/\/www.eldiario.net\/portal\/wp-content\/uploads\/2025\/08\/DSC_0965-80x60.webp) 0 0 no-repeat;\r\n                    }\r\n                    #tdi_1  .td-doubleSlider-2 .td-item6 {\r\n                        background: url(https:\/\/www.eldiario.net\/portal\/wp-content\/uploads\/2025\/08\/DSC_0971-80x60.webp) 0 0 no-repeat;\r\n                    }\r\n                    #tdi_1  .td-doubleSlider-2 .td-item7 {\r\n                        background: url(https:\/\/www.eldiario.net\/portal\/wp-content\/uploads\/2025\/08\/DSC_0974-80x60.webp) 0 0 no-repeat;\r\n                    }\r\n                    #tdi_1  .td-doubleSlider-2 .td-item8 {\r\n                        background: url(https:\/\/www.eldiario.net\/portal\/wp-content\/uploads\/2025\/08\/DSC_0978-80x60.webp) 0 0 no-repeat;\r\n                    }\r\n                    #tdi_1  .td-doubleSlider-2 .td-item9 {\r\n                        background: url(https:\/\/www.eldiario.net\/portal\/wp-content\/uploads\/2025\/08\/DSC_0983-80x60.webp) 0 0 no-repeat;\r\n                    }\r\n                    #tdi_1  .td-doubleSlider-2 .td-item10 {\r\n                        background: url(https:\/\/www.eldiario.net\/portal\/wp-content\/uploads\/2025\/08\/DSC_0987-80x60.webp) 0 0 no-repeat;\r\n                    }\r\n                    #tdi_1  .td-doubleSlider-2 .td-item11 {\r\n                        background: url(https:\/\/www.eldiario.net\/portal\/wp-content\/uploads\/2025\/08\/DSC_1014-80x60.webp) 0 0 no-repeat;\r\n                    }\r\n                    #tdi_1  .td-doubleSlider-2 .td-item12 {\r\n                        background: url(https:\/\/www.eldiario.net\/portal\/wp-content\/uploads\/2025\/08\/DSC_1033-80x60.webp) 0 0 no-repeat;\r\n                    }\r\n                    #tdi_1  .td-doubleSlider-2 .td-item13 {\r\n                        background: url(https:\/\/www.eldiario.net\/portal\/wp-content\/uploads\/2025\/08\/DSC_1041-80x60.webp) 0 0 no-repeat;\r\n                    }\r\n                    #tdi_1  .td-doubleSlider-2 .td-item14 {\r\n                        background: url(https:\/\/www.eldiario.net\/portal\/wp-content\/uploads\/2025\/08\/DSC_1069-80x60.webp) 0 0 no-repeat;\r\n                    }\r\n                    #tdi_1  .td-doubleSlider-2 .td-item15 {\r\n                        background: url(https:\/\/www.eldiario.net\/portal\/wp-content\/uploads\/2025\/08\/DSC_1172-80x60.webp) 0 0 no-repeat;\r\n                    }\r\n                    #tdi_1  .td-doubleSlider-2 .td-item16 {\r\n                        background: url(https:\/\/www.eldiario.net\/portal\/wp-content\/uploads\/2025\/08\/DSC_1195-80x60.webp) 0 0 no-repeat;\r\n                    }\r\n                <\/style>\r\n\r\n                <div id=\"tdi_1\" class=\"td-gallery td-slide-on-2-columns\">\r\n                    <div class=\"post_td_gallery\">\r\n                        <div class=\"td-gallery-slide-top\">\r\n                           <div class=\"td-gallery-title\"><\/div>\r\n\r\n                            <div class=\"td-gallery-controls-wrapper\">\r\n                                <div class=\"td-gallery-slide-count\"><span class=\"td-gallery-slide-item-focus\">1<\/span> de 16<\/div>\r\n                                <div class=\"td-gallery-slide-prev-next-but\">\r\n                                    <i class = \"td-icon-left doubleSliderPrevButton\"><\/i>\r\n                                    <i class = \"td-icon-right doubleSliderNextButton\"><\/i>\r\n                                <\/div>\r\n                            <\/div>\r\n                        <\/div>\r\n\r\n                        <div class = \"td-doubleSlider-1 \">\r\n                            <div class = \"td-slider\">\r\n                                \r\n                    <div class = \"td-slide-item td-item1\">\r\n                        <figure class=\"td-slide-galery-figure td-slide-popup-gallery\">\r\n                            <a class=\"slide-gallery-image-link\" href=\"https:\/\/www.eldiario.net\/portal\/wp-content\/uploads\/2025\/08\/DSC_1219.webp\" title=\"DSC_1219\"  data-caption=\"\"  data-description=\"\">\r\n                                <img decoding=\"async\" src=\"https:\/\/www.eldiario.net\/portal\/wp-content\/uploads\/2025\/08\/DSC_1219-629x420.webp\" srcset=\"https:\/\/www.eldiario.net\/portal\/wp-content\/uploads\/2025\/08\/DSC_1219-629x420.webp 629w, https:\/\/www.eldiario.net\/portal\/wp-content\/uploads\/2025\/08\/DSC_1219-300x200.webp 300w, https:\/\/www.eldiario.net\/portal\/wp-content\/uploads\/2025\/08\/DSC_1219-1024x684.webp 1024w, https:\/\/www.eldiario.net\/portal\/wp-content\/uploads\/2025\/08\/DSC_1219-768x513.webp 768w, https:\/\/www.eldiario.net\/portal\/wp-content\/uploads\/2025\/08\/DSC_1219-150x100.webp 150w, https:\/\/www.eldiario.net\/portal\/wp-content\/uploads\/2025\/08\/DSC_1219-696x465.webp 696w, https:\/\/www.eldiario.net\/portal\/wp-content\/uploads\/2025\/08\/DSC_1219-1068x713.webp 1068w, https:\/\/www.eldiario.net\/portal\/wp-content\/uploads\/2025\/08\/DSC_1219.webp 1200w\" sizes=\"(max-width: 629px) 100vw, 629px\" alt=\"\">\r\n                            <\/a>\r\n                            \r\n                        <\/figure>\r\n                    <\/div>\r\n                    <div class = \"td-slide-item td-item2\">\r\n                        <figure class=\"td-slide-galery-figure td-slide-popup-gallery\">\r\n                            <a class=\"slide-gallery-image-link\" href=\"https:\/\/www.eldiario.net\/portal\/wp-content\/uploads\/2025\/08\/DSC_0949.webp\" title=\"DSC_0949\"  data-caption=\"P. ANTONIO DELGADO, EDUARDO SOSA, EMBAJADOR M\u00c9XICO; LUCIANA IOVINE Y ERTAN YAL\u00c7IN, EMBAJADOR DE TURQU\u00cdA.\"  data-description=\"\">\r\n                                <img decoding=\"async\" src=\"https:\/\/www.eldiario.net\/portal\/wp-content\/uploads\/2025\/08\/DSC_0949-629x420.webp\" srcset=\"https:\/\/www.eldiario.net\/portal\/wp-content\/uploads\/2025\/08\/DSC_0949-629x420.webp 629w, https:\/\/www.eldiario.net\/portal\/wp-content\/uploads\/2025\/08\/DSC_0949-300x200.webp 300w, https:\/\/www.eldiario.net\/portal\/wp-content\/uploads\/2025\/08\/DSC_0949-1024x684.webp 1024w, https:\/\/www.eldiario.net\/portal\/wp-content\/uploads\/2025\/08\/DSC_0949-768x513.webp 768w, https:\/\/www.eldiario.net\/portal\/wp-content\/uploads\/2025\/08\/DSC_0949-150x100.webp 150w, https:\/\/www.eldiario.net\/portal\/wp-content\/uploads\/2025\/08\/DSC_0949-696x465.webp 696w, https:\/\/www.eldiario.net\/portal\/wp-content\/uploads\/2025\/08\/DSC_0949-1068x713.webp 1068w, https:\/\/www.eldiario.net\/portal\/wp-content\/uploads\/2025\/08\/DSC_0949.webp 1200w\" sizes=\"(max-width: 629px) 100vw, 629px\" alt=\"\">\r\n                            <\/a>\r\n                            <figcaption class = \"td-slide-caption td-gallery-slide-content\"><div class = \"td-gallery-slide-copywrite\">P. ANTONIO DELGADO, EDUARDO SOSA, EMBAJADOR M\u00c9XICO; LUCIANA IOVINE Y ERTAN YAL\u00c7IN, EMBAJADOR DE TURQU\u00cdA.<\/div><\/figcaption>\r\n                        <\/figure>\r\n                    <\/div>\r\n                    <div class = \"td-slide-item td-item3\">\r\n                        <figure class=\"td-slide-galery-figure td-slide-popup-gallery\">\r\n                            <a class=\"slide-gallery-image-link\" href=\"https:\/\/www.eldiario.net\/portal\/wp-content\/uploads\/2025\/08\/DSC_0956.webp\" title=\"DSC_0956\"  data-caption=\"BETTY YA\u00d1\u00cdQUEZ, LA EMBAJADORA ELIZABETH GARC\u00cdA Y OTRA INVITADA.\"  data-description=\"\">\r\n                                <img decoding=\"async\" src=\"https:\/\/www.eldiario.net\/portal\/wp-content\/uploads\/2025\/08\/DSC_0956-629x420.webp\" srcset=\"https:\/\/www.eldiario.net\/portal\/wp-content\/uploads\/2025\/08\/DSC_0956-629x420.webp 629w, https:\/\/www.eldiario.net\/portal\/wp-content\/uploads\/2025\/08\/DSC_0956-300x200.webp 300w, https:\/\/www.eldiario.net\/portal\/wp-content\/uploads\/2025\/08\/DSC_0956-1024x684.webp 1024w, https:\/\/www.eldiario.net\/portal\/wp-content\/uploads\/2025\/08\/DSC_0956-768x513.webp 768w, https:\/\/www.eldiario.net\/portal\/wp-content\/uploads\/2025\/08\/DSC_0956-150x100.webp 150w, https:\/\/www.eldiario.net\/portal\/wp-content\/uploads\/2025\/08\/DSC_0956-696x465.webp 696w, https:\/\/www.eldiario.net\/portal\/wp-content\/uploads\/2025\/08\/DSC_0956-1068x713.webp 1068w, https:\/\/www.eldiario.net\/portal\/wp-content\/uploads\/2025\/08\/DSC_0956.webp 1200w\" sizes=\"(max-width: 629px) 100vw, 629px\" alt=\"\">\r\n                            <\/a>\r\n                            <figcaption class = \"td-slide-caption td-gallery-slide-content\"><div class = \"td-gallery-slide-copywrite\">BETTY YA\u00d1\u00cdQUEZ, LA EMBAJADORA ELIZABETH GARC\u00cdA Y OTRA INVITADA.<\/div><\/figcaption>\r\n                        <\/figure>\r\n                    <\/div>\r\n                    <div class = \"td-slide-item td-item4\">\r\n                        <figure class=\"td-slide-galery-figure td-slide-popup-gallery\">\r\n                            <a class=\"slide-gallery-image-link\" href=\"https:\/\/www.eldiario.net\/portal\/wp-content\/uploads\/2025\/08\/DSC_0964.webp\" title=\"DSC_0964\"  data-caption=\"CNL. ANDREA CAROLINA C\u00c1CERES, COMISARIO EVER ASTAIZA, P. RUB\u00c9N DAR\u00cdO LINARES TREJOS Y ANGELINA OSPINA.\"  data-description=\"\">\r\n                                <img decoding=\"async\" src=\"https:\/\/www.eldiario.net\/portal\/wp-content\/uploads\/2025\/08\/DSC_0964-629x420.webp\" srcset=\"https:\/\/www.eldiario.net\/portal\/wp-content\/uploads\/2025\/08\/DSC_0964-629x420.webp 629w, https:\/\/www.eldiario.net\/portal\/wp-content\/uploads\/2025\/08\/DSC_0964-300x200.webp 300w, https:\/\/www.eldiario.net\/portal\/wp-content\/uploads\/2025\/08\/DSC_0964-1024x684.webp 1024w, https:\/\/www.eldiario.net\/portal\/wp-content\/uploads\/2025\/08\/DSC_0964-768x513.webp 768w, https:\/\/www.eldiario.net\/portal\/wp-content\/uploads\/2025\/08\/DSC_0964-150x100.webp 150w, https:\/\/www.eldiario.net\/portal\/wp-content\/uploads\/2025\/08\/DSC_0964-696x465.webp 696w, https:\/\/www.eldiario.net\/portal\/wp-content\/uploads\/2025\/08\/DSC_0964-1068x713.webp 1068w, https:\/\/www.eldiario.net\/portal\/wp-content\/uploads\/2025\/08\/DSC_0964.webp 1200w\" sizes=\"(max-width: 629px) 100vw, 629px\" alt=\"\">\r\n                            <\/a>\r\n                            <figcaption class = \"td-slide-caption td-gallery-slide-content\"><div class = \"td-gallery-slide-copywrite\">CNL. ANDREA CAROLINA C\u00c1CERES, COMISARIO EVER ASTAIZA, P. RUB\u00c9N DAR\u00cdO LINARES TREJOS Y ANGELINA OSPINA.<\/div><\/figcaption>\r\n                        <\/figure>\r\n                    <\/div>\r\n                    <div class = \"td-slide-item td-item5\">\r\n                        <figure class=\"td-slide-galery-figure td-slide-popup-gallery\">\r\n                            <a class=\"slide-gallery-image-link\" href=\"https:\/\/www.eldiario.net\/portal\/wp-content\/uploads\/2025\/08\/DSC_0965.webp\" title=\"DSC_0965\"  data-caption=\"MART\u00cdN URREA, DAYANA ANDREA TAVERA, LA EMBAJADORA ELIZABETH GARC\u00cdA Y \u00d3SCAR DIMAS.\"  data-description=\"\">\r\n                                <img decoding=\"async\" src=\"https:\/\/www.eldiario.net\/portal\/wp-content\/uploads\/2025\/08\/DSC_0965-629x420.webp\" srcset=\"https:\/\/www.eldiario.net\/portal\/wp-content\/uploads\/2025\/08\/DSC_0965-629x420.webp 629w, https:\/\/www.eldiario.net\/portal\/wp-content\/uploads\/2025\/08\/DSC_0965-300x200.webp 300w, https:\/\/www.eldiario.net\/portal\/wp-content\/uploads\/2025\/08\/DSC_0965-1024x684.webp 1024w, https:\/\/www.eldiario.net\/portal\/wp-content\/uploads\/2025\/08\/DSC_0965-768x513.webp 768w, https:\/\/www.eldiario.net\/portal\/wp-content\/uploads\/2025\/08\/DSC_0965-150x100.webp 150w, https:\/\/www.eldiario.net\/portal\/wp-content\/uploads\/2025\/08\/DSC_0965-696x465.webp 696w, https:\/\/www.eldiario.net\/portal\/wp-content\/uploads\/2025\/08\/DSC_0965-1068x713.webp 1068w, https:\/\/www.eldiario.net\/portal\/wp-content\/uploads\/2025\/08\/DSC_0965.webp 1200w\" sizes=\"(max-width: 629px) 100vw, 629px\" alt=\"\">\r\n                            <\/a>\r\n                            <figcaption class = \"td-slide-caption td-gallery-slide-content\"><div class = \"td-gallery-slide-copywrite\">MART\u00cdN URREA, DAYANA ANDREA TAVERA, LA EMBAJADORA ELIZABETH GARC\u00cdA Y \u00d3SCAR DIMAS.<\/div><\/figcaption>\r\n                        <\/figure>\r\n                    <\/div>\r\n                    <div class = \"td-slide-item td-item6\">\r\n                        <figure class=\"td-slide-galery-figure td-slide-popup-gallery\">\r\n                            <a class=\"slide-gallery-image-link\" href=\"https:\/\/www.eldiario.net\/portal\/wp-content\/uploads\/2025\/08\/DSC_0971.webp\" title=\"DSC_0971\"  data-caption=\"LA EMBAJADORA ELIZABETH GARC\u00cdA Y SU PAR DE FRANCIA,  H\u00c9L\u00c8NE ROOS.\"  data-description=\"\">\r\n                                <img decoding=\"async\" src=\"https:\/\/www.eldiario.net\/portal\/wp-content\/uploads\/2025\/08\/DSC_0971-629x420.webp\" srcset=\"https:\/\/www.eldiario.net\/portal\/wp-content\/uploads\/2025\/08\/DSC_0971-629x420.webp 629w, https:\/\/www.eldiario.net\/portal\/wp-content\/uploads\/2025\/08\/DSC_0971-300x200.webp 300w, https:\/\/www.eldiario.net\/portal\/wp-content\/uploads\/2025\/08\/DSC_0971-1024x684.webp 1024w, https:\/\/www.eldiario.net\/portal\/wp-content\/uploads\/2025\/08\/DSC_0971-768x513.webp 768w, https:\/\/www.eldiario.net\/portal\/wp-content\/uploads\/2025\/08\/DSC_0971-150x100.webp 150w, https:\/\/www.eldiario.net\/portal\/wp-content\/uploads\/2025\/08\/DSC_0971-696x465.webp 696w, https:\/\/www.eldiario.net\/portal\/wp-content\/uploads\/2025\/08\/DSC_0971-1068x713.webp 1068w, https:\/\/www.eldiario.net\/portal\/wp-content\/uploads\/2025\/08\/DSC_0971.webp 1200w\" sizes=\"(max-width: 629px) 100vw, 629px\" alt=\"\">\r\n                            <\/a>\r\n                            <figcaption class = \"td-slide-caption td-gallery-slide-content\"><div class = \"td-gallery-slide-copywrite\">LA EMBAJADORA ELIZABETH GARC\u00cdA Y SU PAR DE FRANCIA,  H\u00c9L\u00c8NE ROOS.<\/div><\/figcaption>\r\n                        <\/figure>\r\n                    <\/div>\r\n                    <div class = \"td-slide-item td-item7\">\r\n                        <figure class=\"td-slide-galery-figure td-slide-popup-gallery\">\r\n                            <a class=\"slide-gallery-image-link\" href=\"https:\/\/www.eldiario.net\/portal\/wp-content\/uploads\/2025\/08\/DSC_0974.webp\" title=\"DSC_0974\"  data-caption=\"ZAHIR FERRUFINO E IGOR VUCSANOVICH.\"  data-description=\"\">\r\n                                <img decoding=\"async\" src=\"https:\/\/www.eldiario.net\/portal\/wp-content\/uploads\/2025\/08\/DSC_0974-629x420.webp\" srcset=\"https:\/\/www.eldiario.net\/portal\/wp-content\/uploads\/2025\/08\/DSC_0974-629x420.webp 629w, https:\/\/www.eldiario.net\/portal\/wp-content\/uploads\/2025\/08\/DSC_0974-300x200.webp 300w, https:\/\/www.eldiario.net\/portal\/wp-content\/uploads\/2025\/08\/DSC_0974-1024x684.webp 1024w, https:\/\/www.eldiario.net\/portal\/wp-content\/uploads\/2025\/08\/DSC_0974-768x513.webp 768w, https:\/\/www.eldiario.net\/portal\/wp-content\/uploads\/2025\/08\/DSC_0974-150x100.webp 150w, https:\/\/www.eldiario.net\/portal\/wp-content\/uploads\/2025\/08\/DSC_0974-696x465.webp 696w, https:\/\/www.eldiario.net\/portal\/wp-content\/uploads\/2025\/08\/DSC_0974-1068x713.webp 1068w, https:\/\/www.eldiario.net\/portal\/wp-content\/uploads\/2025\/08\/DSC_0974.webp 1200w\" sizes=\"(max-width: 629px) 100vw, 629px\" alt=\"\">\r\n                            <\/a>\r\n                            <figcaption class = \"td-slide-caption td-gallery-slide-content\"><div class = \"td-gallery-slide-copywrite\">ZAHIR FERRUFINO E IGOR VUCSANOVICH.<\/div><\/figcaption>\r\n                        <\/figure>\r\n                    <\/div>\r\n                    <div class = \"td-slide-item td-item8\">\r\n                        <figure class=\"td-slide-galery-figure td-slide-popup-gallery\">\r\n                            <a class=\"slide-gallery-image-link\" href=\"https:\/\/www.eldiario.net\/portal\/wp-content\/uploads\/2025\/08\/DSC_0978.webp\" title=\"DSC_0978\"  data-caption=\"XIMENA IRIONDO, JUAN ANGOLA, OLENA V\u00c1SQUEZ, ADRIANA ZUBIETA Y GUIDO ZUBIETA.\"  data-description=\"\">\r\n                                <img decoding=\"async\" src=\"https:\/\/www.eldiario.net\/portal\/wp-content\/uploads\/2025\/08\/DSC_0978-629x420.webp\" srcset=\"https:\/\/www.eldiario.net\/portal\/wp-content\/uploads\/2025\/08\/DSC_0978-629x420.webp 629w, https:\/\/www.eldiario.net\/portal\/wp-content\/uploads\/2025\/08\/DSC_0978-300x200.webp 300w, https:\/\/www.eldiario.net\/portal\/wp-content\/uploads\/2025\/08\/DSC_0978-1024x684.webp 1024w, https:\/\/www.eldiario.net\/portal\/wp-content\/uploads\/2025\/08\/DSC_0978-768x513.webp 768w, https:\/\/www.eldiario.net\/portal\/wp-content\/uploads\/2025\/08\/DSC_0978-150x100.webp 150w, https:\/\/www.eldiario.net\/portal\/wp-content\/uploads\/2025\/08\/DSC_0978-696x465.webp 696w, https:\/\/www.eldiario.net\/portal\/wp-content\/uploads\/2025\/08\/DSC_0978-1068x713.webp 1068w, https:\/\/www.eldiario.net\/portal\/wp-content\/uploads\/2025\/08\/DSC_0978.webp 1200w\" sizes=\"(max-width: 629px) 100vw, 629px\" alt=\"\">\r\n                            <\/a>\r\n                            <figcaption class = \"td-slide-caption td-gallery-slide-content\"><div class = \"td-gallery-slide-copywrite\">XIMENA IRIONDO, JUAN ANGOLA, OLENA V\u00c1SQUEZ, ADRIANA ZUBIETA Y GUIDO ZUBIETA.<\/div><\/figcaption>\r\n                        <\/figure>\r\n                    <\/div>\r\n                    <div class = \"td-slide-item td-item9\">\r\n                        <figure class=\"td-slide-galery-figure td-slide-popup-gallery\">\r\n                            <a class=\"slide-gallery-image-link\" href=\"https:\/\/www.eldiario.net\/portal\/wp-content\/uploads\/2025\/08\/DSC_0983.webp\" title=\"DSC_0983\"  data-caption=\"OTRA INSTANCIA DE LA CELEBRACI\u00d3N.\"  data-description=\"\">\r\n                                <img decoding=\"async\" src=\"https:\/\/www.eldiario.net\/portal\/wp-content\/uploads\/2025\/08\/DSC_0983-629x420.webp\" srcset=\"https:\/\/www.eldiario.net\/portal\/wp-content\/uploads\/2025\/08\/DSC_0983-629x420.webp 629w, https:\/\/www.eldiario.net\/portal\/wp-content\/uploads\/2025\/08\/DSC_0983-300x200.webp 300w, https:\/\/www.eldiario.net\/portal\/wp-content\/uploads\/2025\/08\/DSC_0983-1024x684.webp 1024w, https:\/\/www.eldiario.net\/portal\/wp-content\/uploads\/2025\/08\/DSC_0983-768x513.webp 768w, https:\/\/www.eldiario.net\/portal\/wp-content\/uploads\/2025\/08\/DSC_0983-150x100.webp 150w, https:\/\/www.eldiario.net\/portal\/wp-content\/uploads\/2025\/08\/DSC_0983-696x465.webp 696w, https:\/\/www.eldiario.net\/portal\/wp-content\/uploads\/2025\/08\/DSC_0983-1068x713.webp 1068w, https:\/\/www.eldiario.net\/portal\/wp-content\/uploads\/2025\/08\/DSC_0983.webp 1200w\" sizes=\"(max-width: 629px) 100vw, 629px\" alt=\"\">\r\n                            <\/a>\r\n                            <figcaption class = \"td-slide-caption td-gallery-slide-content\"><div class = \"td-gallery-slide-copywrite\">OTRA INSTANCIA DE LA CELEBRACI\u00d3N.<\/div><\/figcaption>\r\n                        <\/figure>\r\n                    <\/div>\r\n                    <div class = \"td-slide-item td-item10\">\r\n                        <figure class=\"td-slide-galery-figure td-slide-popup-gallery\">\r\n                            <a class=\"slide-gallery-image-link\" href=\"https:\/\/www.eldiario.net\/portal\/wp-content\/uploads\/2025\/08\/DSC_0987.webp\" title=\"DSC_0987\"  data-caption=\"PALENQUE COLONIAL ABRI\u00d3 EL TEL\u00d3N DEL CINE TEATRO MUNICIPAL 6 DE AGOSTO.\"  data-description=\"\">\r\n                                <img decoding=\"async\" src=\"https:\/\/www.eldiario.net\/portal\/wp-content\/uploads\/2025\/08\/DSC_0987-629x420.webp\" srcset=\"https:\/\/www.eldiario.net\/portal\/wp-content\/uploads\/2025\/08\/DSC_0987-629x420.webp 629w, https:\/\/www.eldiario.net\/portal\/wp-content\/uploads\/2025\/08\/DSC_0987-300x200.webp 300w, https:\/\/www.eldiario.net\/portal\/wp-content\/uploads\/2025\/08\/DSC_0987-1024x684.webp 1024w, https:\/\/www.eldiario.net\/portal\/wp-content\/uploads\/2025\/08\/DSC_0987-768x513.webp 768w, https:\/\/www.eldiario.net\/portal\/wp-content\/uploads\/2025\/08\/DSC_0987-150x100.webp 150w, https:\/\/www.eldiario.net\/portal\/wp-content\/uploads\/2025\/08\/DSC_0987-696x465.webp 696w, https:\/\/www.eldiario.net\/portal\/wp-content\/uploads\/2025\/08\/DSC_0987-1068x713.webp 1068w, https:\/\/www.eldiario.net\/portal\/wp-content\/uploads\/2025\/08\/DSC_0987.webp 1200w\" sizes=\"(max-width: 629px) 100vw, 629px\" alt=\"\">\r\n                            <\/a>\r\n                            <figcaption class = \"td-slide-caption td-gallery-slide-content\"><div class = \"td-gallery-slide-copywrite\">PALENQUE COLONIAL ABRI\u00d3 EL TEL\u00d3N DEL CINE TEATRO MUNICIPAL 6 DE AGOSTO.<\/div><\/figcaption>\r\n                        <\/figure>\r\n                    <\/div>\r\n                    <div class = \"td-slide-item td-item11\">\r\n                        <figure class=\"td-slide-galery-figure td-slide-popup-gallery\">\r\n                            <a class=\"slide-gallery-image-link\" href=\"https:\/\/www.eldiario.net\/portal\/wp-content\/uploads\/2025\/08\/DSC_1014.webp\" title=\"DSC_1014\"  data-caption=\"INSTANTES DE LA ENTONACI\u00d3N DEL HIMNO NACIONAL DE BOLIVIA.\"  data-description=\"\">\r\n                                <img decoding=\"async\" src=\"https:\/\/www.eldiario.net\/portal\/wp-content\/uploads\/2025\/08\/DSC_1014-280x420.webp\" srcset=\"https:\/\/www.eldiario.net\/portal\/wp-content\/uploads\/2025\/08\/DSC_1014-280x420.webp 280w, https:\/\/www.eldiario.net\/portal\/wp-content\/uploads\/2025\/08\/DSC_1014-200x300.webp 200w, https:\/\/www.eldiario.net\/portal\/wp-content\/uploads\/2025\/08\/DSC_1014-683x1024.webp 683w, https:\/\/www.eldiario.net\/portal\/wp-content\/uploads\/2025\/08\/DSC_1014-768x1151.webp 768w, https:\/\/www.eldiario.net\/portal\/wp-content\/uploads\/2025\/08\/DSC_1014-1025x1536.webp 1025w, https:\/\/www.eldiario.net\/portal\/wp-content\/uploads\/2025\/08\/DSC_1014-150x225.webp 150w, https:\/\/www.eldiario.net\/portal\/wp-content\/uploads\/2025\/08\/DSC_1014-300x450.webp 300w, https:\/\/www.eldiario.net\/portal\/wp-content\/uploads\/2025\/08\/DSC_1014-696x1043.webp 696w, https:\/\/www.eldiario.net\/portal\/wp-content\/uploads\/2025\/08\/DSC_1014-1068x1600.webp 1068w, https:\/\/www.eldiario.net\/portal\/wp-content\/uploads\/2025\/08\/DSC_1014.webp 1200w\" sizes=\"(max-width: 280px) 100vw, 280px\" alt=\"\">\r\n                            <\/a>\r\n                            <figcaption class = \"td-slide-caption td-gallery-slide-content\"><div class = \"td-gallery-slide-copywrite\">INSTANTES DE LA ENTONACI\u00d3N DEL HIMNO NACIONAL DE BOLIVIA.<\/div><\/figcaption>\r\n                        <\/figure>\r\n                    <\/div>\r\n                    <div class = \"td-slide-item td-item12\">\r\n                        <figure class=\"td-slide-galery-figure td-slide-popup-gallery\">\r\n                            <a class=\"slide-gallery-image-link\" href=\"https:\/\/www.eldiario.net\/portal\/wp-content\/uploads\/2025\/08\/DSC_1033.webp\" title=\"DSC_1033\"  data-caption=\" ELIZABETH GARC\u00cdA EMBAJADORA DE COLOMBIA.\"  data-description=\"\">\r\n                                <img decoding=\"async\" src=\"https:\/\/www.eldiario.net\/portal\/wp-content\/uploads\/2025\/08\/DSC_1033-629x420.webp\" srcset=\"https:\/\/www.eldiario.net\/portal\/wp-content\/uploads\/2025\/08\/DSC_1033-629x420.webp 629w, https:\/\/www.eldiario.net\/portal\/wp-content\/uploads\/2025\/08\/DSC_1033-300x200.webp 300w, https:\/\/www.eldiario.net\/portal\/wp-content\/uploads\/2025\/08\/DSC_1033-1024x684.webp 1024w, https:\/\/www.eldiario.net\/portal\/wp-content\/uploads\/2025\/08\/DSC_1033-768x513.webp 768w, https:\/\/www.eldiario.net\/portal\/wp-content\/uploads\/2025\/08\/DSC_1033-150x100.webp 150w, https:\/\/www.eldiario.net\/portal\/wp-content\/uploads\/2025\/08\/DSC_1033-696x465.webp 696w, https:\/\/www.eldiario.net\/portal\/wp-content\/uploads\/2025\/08\/DSC_1033-1068x713.webp 1068w, https:\/\/www.eldiario.net\/portal\/wp-content\/uploads\/2025\/08\/DSC_1033.webp 1200w\" sizes=\"(max-width: 629px) 100vw, 629px\" alt=\"\">\r\n                            <\/a>\r\n                            <figcaption class = \"td-slide-caption td-gallery-slide-content\"><div class = \"td-gallery-slide-copywrite\"> ELIZABETH GARC\u00cdA EMBAJADORA DE COLOMBIA.<\/div><\/figcaption>\r\n                        <\/figure>\r\n                    <\/div>\r\n                    <div class = \"td-slide-item td-item13\">\r\n                        <figure class=\"td-slide-galery-figure td-slide-popup-gallery\">\r\n                            <a class=\"slide-gallery-image-link\" href=\"https:\/\/www.eldiario.net\/portal\/wp-content\/uploads\/2025\/08\/DSC_1041.webp\" title=\"DSC_1041\"  data-caption=\"\"  data-description=\"\">\r\n                                <img decoding=\"async\" src=\"https:\/\/www.eldiario.net\/portal\/wp-content\/uploads\/2025\/08\/DSC_1041-629x420.webp\" srcset=\"https:\/\/www.eldiario.net\/portal\/wp-content\/uploads\/2025\/08\/DSC_1041-629x420.webp 629w, https:\/\/www.eldiario.net\/portal\/wp-content\/uploads\/2025\/08\/DSC_1041-300x200.webp 300w, https:\/\/www.eldiario.net\/portal\/wp-content\/uploads\/2025\/08\/DSC_1041-1024x684.webp 1024w, https:\/\/www.eldiario.net\/portal\/wp-content\/uploads\/2025\/08\/DSC_1041-768x513.webp 768w, https:\/\/www.eldiario.net\/portal\/wp-content\/uploads\/2025\/08\/DSC_1041-150x100.webp 150w, https:\/\/www.eldiario.net\/portal\/wp-content\/uploads\/2025\/08\/DSC_1041-696x465.webp 696w, https:\/\/www.eldiario.net\/portal\/wp-content\/uploads\/2025\/08\/DSC_1041-1068x713.webp 1068w, https:\/\/www.eldiario.net\/portal\/wp-content\/uploads\/2025\/08\/DSC_1041.webp 1200w\" sizes=\"(max-width: 629px) 100vw, 629px\" alt=\"\">\r\n                            <\/a>\r\n                            \r\n                        <\/figure>\r\n                    <\/div>\r\n                    <div class = \"td-slide-item td-item14\">\r\n                        <figure class=\"td-slide-galery-figure td-slide-popup-gallery\">\r\n                            <a class=\"slide-gallery-image-link\" href=\"https:\/\/www.eldiario.net\/portal\/wp-content\/uploads\/2025\/08\/DSC_1069.webp\" title=\"DSC_1069\"  data-caption=\"LA SAYA AFROBOLIVIANA PONE A BAILAR A TODO EL TEATRO.\"  data-description=\"\">\r\n                                <img decoding=\"async\" src=\"https:\/\/www.eldiario.net\/portal\/wp-content\/uploads\/2025\/08\/DSC_1069-629x420.webp\" srcset=\"https:\/\/www.eldiario.net\/portal\/wp-content\/uploads\/2025\/08\/DSC_1069-629x420.webp 629w, https:\/\/www.eldiario.net\/portal\/wp-content\/uploads\/2025\/08\/DSC_1069-300x200.webp 300w, https:\/\/www.eldiario.net\/portal\/wp-content\/uploads\/2025\/08\/DSC_1069-1024x684.webp 1024w, https:\/\/www.eldiario.net\/portal\/wp-content\/uploads\/2025\/08\/DSC_1069-768x513.webp 768w, https:\/\/www.eldiario.net\/portal\/wp-content\/uploads\/2025\/08\/DSC_1069-150x100.webp 150w, https:\/\/www.eldiario.net\/portal\/wp-content\/uploads\/2025\/08\/DSC_1069-696x465.webp 696w, https:\/\/www.eldiario.net\/portal\/wp-content\/uploads\/2025\/08\/DSC_1069-1068x713.webp 1068w, https:\/\/www.eldiario.net\/portal\/wp-content\/uploads\/2025\/08\/DSC_1069.webp 1200w\" sizes=\"(max-width: 629px) 100vw, 629px\" alt=\"\">\r\n                            <\/a>\r\n                            <figcaption class = \"td-slide-caption td-gallery-slide-content\"><div class = \"td-gallery-slide-copywrite\">LA SAYA AFROBOLIVIANA PONE A BAILAR A TODO EL TEATRO.<\/div><\/figcaption>\r\n                        <\/figure>\r\n                    <\/div>\r\n                    <div class = \"td-slide-item td-item15\">\r\n                        <figure class=\"td-slide-galery-figure td-slide-popup-gallery\">\r\n                            <a class=\"slide-gallery-image-link\" href=\"https:\/\/www.eldiario.net\/portal\/wp-content\/uploads\/2025\/08\/DSC_1172.webp\" title=\"DSC_1172\"  data-caption=\"PLU CON PLA, GRUPO MUSICAL COLOMBIANO ORIGINARIO DE TUMACO.\"  data-description=\"\">\r\n                                <img decoding=\"async\" src=\"https:\/\/www.eldiario.net\/portal\/wp-content\/uploads\/2025\/08\/DSC_1172-629x420.webp\" srcset=\"https:\/\/www.eldiario.net\/portal\/wp-content\/uploads\/2025\/08\/DSC_1172-629x420.webp 629w, https:\/\/www.eldiario.net\/portal\/wp-content\/uploads\/2025\/08\/DSC_1172-300x200.webp 300w, https:\/\/www.eldiario.net\/portal\/wp-content\/uploads\/2025\/08\/DSC_1172-1024x684.webp 1024w, https:\/\/www.eldiario.net\/portal\/wp-content\/uploads\/2025\/08\/DSC_1172-768x513.webp 768w, https:\/\/www.eldiario.net\/portal\/wp-content\/uploads\/2025\/08\/DSC_1172-150x100.webp 150w, https:\/\/www.eldiario.net\/portal\/wp-content\/uploads\/2025\/08\/DSC_1172-696x465.webp 696w, https:\/\/www.eldiario.net\/portal\/wp-content\/uploads\/2025\/08\/DSC_1172-1068x713.webp 1068w, https:\/\/www.eldiario.net\/portal\/wp-content\/uploads\/2025\/08\/DSC_1172.webp 1200w\" sizes=\"(max-width: 629px) 100vw, 629px\" alt=\"\">\r\n                            <\/a>\r\n                            <figcaption class = \"td-slide-caption td-gallery-slide-content\"><div class = \"td-gallery-slide-copywrite\">PLU CON PLA, GRUPO MUSICAL COLOMBIANO ORIGINARIO DE TUMACO.<\/div><\/figcaption>\r\n                        <\/figure>\r\n                    <\/div>\r\n                    <div class = \"td-slide-item td-item16\">\r\n                        <figure class=\"td-slide-galery-figure td-slide-popup-gallery\">\r\n                            <a class=\"slide-gallery-image-link\" href=\"https:\/\/www.eldiario.net\/portal\/wp-content\/uploads\/2025\/08\/DSC_1195.webp\" title=\"DSC_1195\"  data-caption=\"BENDITO VALLENATO SE ROBA LA OVACI\u00d3N DEL AUDITORIO.\"  data-description=\"\">\r\n                                <img decoding=\"async\" src=\"https:\/\/www.eldiario.net\/portal\/wp-content\/uploads\/2025\/08\/DSC_1195-629x420.webp\" srcset=\"https:\/\/www.eldiario.net\/portal\/wp-content\/uploads\/2025\/08\/DSC_1195-629x420.webp 629w, https:\/\/www.eldiario.net\/portal\/wp-content\/uploads\/2025\/08\/DSC_1195-300x200.webp 300w, https:\/\/www.eldiario.net\/portal\/wp-content\/uploads\/2025\/08\/DSC_1195-1024x684.webp 1024w, https:\/\/www.eldiario.net\/portal\/wp-content\/uploads\/2025\/08\/DSC_1195-768x513.webp 768w, https:\/\/www.eldiario.net\/portal\/wp-content\/uploads\/2025\/08\/DSC_1195-150x100.webp 150w, https:\/\/www.eldiario.net\/portal\/wp-content\/uploads\/2025\/08\/DSC_1195-696x465.webp 696w, https:\/\/www.eldiario.net\/portal\/wp-content\/uploads\/2025\/08\/DSC_1195-1068x713.webp 1068w, https:\/\/www.eldiario.net\/portal\/wp-content\/uploads\/2025\/08\/DSC_1195.webp 1200w\" sizes=\"(max-width: 629px) 100vw, 629px\" alt=\"\">\r\n                            <\/a>\r\n                            <figcaption class = \"td-slide-caption td-gallery-slide-content\"><div class = \"td-gallery-slide-copywrite\">BENDITO VALLENATO SE ROBA LA OVACI\u00d3N DEL AUDITORIO.<\/div><\/figcaption>\r\n                        <\/figure>\r\n                    <\/div>\r\n                            <\/div>\r\n                        <\/div>\r\n\r\n                        <div class = \"td-doubleSlider-2\">\r\n                            <div class = \"td-slider\">\r\n                                \r\n                    <div class = \"td-button td-item1\">\r\n                        <div class = \"td-border\"><\/div>\r\n                    <\/div>\r\n                    <div class = \"td-button td-item2\">\r\n                        <div class = \"td-border\"><\/div>\r\n                    <\/div>\r\n                    <div class = \"td-button td-item3\">\r\n                        <div class = \"td-border\"><\/div>\r\n                    <\/div>\r\n                    <div class = \"td-button td-item4\">\r\n                        <div class = \"td-border\"><\/div>\r\n                    <\/div>\r\n                    <div class = \"td-button td-item5\">\r\n                        <div class = \"td-border\"><\/div>\r\n                    <\/div>\r\n                    <div class = \"td-button td-item6\">\r\n                        <div class = \"td-border\"><\/div>\r\n                    <\/div>\r\n                    <div class = \"td-button td-item7\">\r\n                        <div class = \"td-border\"><\/div>\r\n                    <\/div>\r\n                    <div class = \"td-button td-item8\">\r\n                        <div class = \"td-border\"><\/div>\r\n                    <\/div>\r\n                    <div class = \"td-button td-item9\">\r\n                        <div class = \"td-border\"><\/div>\r\n                    <\/div>\r\n                    <div class = \"td-button td-item10\">\r\n                        <div class = \"td-border\"><\/div>\r\n                    <\/div>\r\n                    <div class = \"td-button td-item11\">\r\n                        <div class = \"td-border\"><\/div>\r\n                    <\/div>\r\n                    <div class = \"td-button td-item12\">\r\n                        <div class = \"td-border\"><\/div>\r\n                    <\/div>\r\n                    <div class = \"td-button td-item13\">\r\n                        <div class = \"td-border\"><\/div>\r\n                    <\/div>\r\n                    <div class = \"td-button td-item14\">\r\n                        <div class = \"td-border\"><\/div>\r\n                    <\/div>\r\n                    <div class = \"td-button td-item15\">\r\n                        <div class = \"td-border\"><\/div>\r\n                    <\/div>\r\n                    <div class = \"td-button td-item16\">\r\n                        <div class = \"td-border\"><\/div>\r\n                    <\/div>\r\n                            <\/div>\r\n                        <\/div>\r\n\r\n                    <\/div>\r\n\r\n                <\/div>\r\n                \n","protected":false},"excerpt":{"rendered":"<p>En un emotivo evento cultural, la Embajada de Colombia en Bolivia y Colombia Nos Une conmemoraron los 215 a\u00f1os de la Independencia de Colombia con el \u00abConcierto de la Unidad\u00bb, realizado en el Cine Teatro Municipal 6 de Agosto. La celebraci\u00f3n fue un vibrante encuentro de culturas que fortaleci\u00f3 los lazos entre ambas naciones. El [&hellip;]<\/p>\n","protected":false},"author":1,"featured_media":321361,"comment_status":"closed","ping_status":"open","sticky":false,"template":"","format":"standard","meta":{"_acf_changed":false,"footnotes":""},"categories":[40],"tags":[],"class_list":["post-321347","post","type-post","status-publish","format-standard","has-post-thumbnail","category-sociales"],"acf":{"antetitulo":""},"yoast_head":"<!-- This site is optimized with the Yoast SEO plugin v28.3 - https:\/\/yoast.com\/product\/yoast-seo-wordpress\/ -->\n<title>Colombia celebra su independencia en La Paz con un abrazo de cultura y m\u00fasica - El Diario - Bolivia<\/title>\n<meta name=\"robots\" content=\"index, follow, max-snippet:-1, max-image-preview:large, max-video-preview:-1\" \/>\n<link rel=\"canonical\" href=\"https:\/\/www.eldiario.net\/portal\/2025\/08\/03\/colombia-celebra-su-independencia-en-la-paz-con-un-abrazo-de-cultura-y-musica\/\" \/>\n<meta property=\"og:locale\" content=\"es_ES\" \/>\n<meta property=\"og:type\" content=\"article\" \/>\n<meta property=\"og:title\" content=\"Colombia celebra su independencia en La Paz con un abrazo de cultura y m\u00fasica - El Diario - Bolivia\" \/>\n<meta property=\"og:description\" content=\"En un emotivo evento cultural, la Embajada de Colombia en Bolivia y Colombia Nos Une conmemoraron los 215 a\u00f1os de la Independencia de Colombia con el \u00abConcierto de la Unidad\u00bb, realizado en el Cine Teatro Municipal 6 de Agosto. La celebraci\u00f3n fue un vibrante encuentro de culturas que fortaleci\u00f3 los lazos entre ambas naciones. El [&hellip;]\" \/>\n<meta property=\"og:url\" content=\"https:\/\/www.eldiario.net\/portal\/2025\/08\/03\/colombia-celebra-su-independencia-en-la-paz-con-un-abrazo-de-cultura-y-musica\/\" \/>\n<meta property=\"og:site_name\" content=\"El Diario - Bolivia\" \/>\n<meta property=\"article:publisher\" content=\"https:\/\/www.facebook.com\/eldiario.bolivia\/\" \/>\n<meta property=\"article:published_time\" content=\"2025-08-03T12:06:05+00:00\" \/>\n<meta property=\"og:image\" content=\"https:\/\/www.eldiario.net\/portal\/wp-content\/uploads\/2025\/08\/DSC_1069.webp\" \/>\n\t<meta property=\"og:image:width\" content=\"1200\" \/>\n\t<meta property=\"og:image:height\" content=\"801\" \/>\n\t<meta property=\"og:image:type\" content=\"image\/webp\" \/>\n<meta name=\"author\" content=\"Jeanette\" \/>\n<meta name=\"twitter:card\" content=\"summary_large_image\" \/>\n<meta name=\"twitter:creator\" content=\"@eldiario_net\" \/>\n<meta name=\"twitter:site\" content=\"@eldiario_net\" \/>\n<meta name=\"twitter:label1\" content=\"Escrito por\" \/>\n\t<meta name=\"twitter:data1\" content=\"Jeanette\" \/>\n\t<meta name=\"twitter:label2\" content=\"Tiempo de lectura\" \/>\n\t<meta name=\"twitter:data2\" content=\"2 minutos\" \/>\n<script type=\"application\/ld+json\" class=\"yoast-schema-graph\">{\"@context\":\"https:\\\/\\\/schema.org\",\"@graph\":[{\"@type\":\"Article\",\"@id\":\"https:\\\/\\\/www.eldiario.net\\\/portal\\\/2025\\\/08\\\/03\\\/colombia-celebra-su-independencia-en-la-paz-con-un-abrazo-de-cultura-y-musica\\\/#article\",\"isPartOf\":{\"@id\":\"https:\\\/\\\/www.eldiario.net\\\/portal\\\/2025\\\/08\\\/03\\\/colombia-celebra-su-independencia-en-la-paz-con-un-abrazo-de-cultura-y-musica\\\/\"},\"author\":{\"name\":\"Jeanette\",\"@id\":\"https:\\\/\\\/www.eldiario.net\\\/portal\\\/#\\\/schema\\\/person\\\/f46445640444750d7d753ccd04ae01b7\"},\"headline\":\"Colombia celebra su independencia en La Paz con un abrazo de cultura y m\u00fasica\",\"datePublished\":\"2025-08-03T12:06:05+00:00\",\"mainEntityOfPage\":{\"@id\":\"https:\\\/\\\/www.eldiario.net\\\/portal\\\/2025\\\/08\\\/03\\\/colombia-celebra-su-independencia-en-la-paz-con-un-abrazo-de-cultura-y-musica\\\/\"},\"wordCount\":294,\"publisher\":{\"@id\":\"https:\\\/\\\/www.eldiario.net\\\/portal\\\/#organization\"},\"image\":{\"@id\":\"https:\\\/\\\/www.eldiario.net\\\/portal\\\/2025\\\/08\\\/03\\\/colombia-celebra-su-independencia-en-la-paz-con-un-abrazo-de-cultura-y-musica\\\/#primaryimage\"},\"thumbnailUrl\":\"https:\\\/\\\/www.eldiario.net\\\/portal\\\/wp-content\\\/uploads\\\/2025\\\/08\\\/DSC_1069.webp\",\"articleSection\":[\"Sociales\"],\"inLanguage\":\"es\"},{\"@type\":\"WebPage\",\"@id\":\"https:\\\/\\\/www.eldiario.net\\\/portal\\\/2025\\\/08\\\/03\\\/colombia-celebra-su-independencia-en-la-paz-con-un-abrazo-de-cultura-y-musica\\\/\",\"url\":\"https:\\\/\\\/www.eldiario.net\\\/portal\\\/2025\\\/08\\\/03\\\/colombia-celebra-su-independencia-en-la-paz-con-un-abrazo-de-cultura-y-musica\\\/\",\"name\":\"Colombia celebra su independencia en La Paz con un abrazo de cultura y m\u00fasica - El Diario - Bolivia\",\"isPartOf\":{\"@id\":\"https:\\\/\\\/www.eldiario.net\\\/portal\\\/#website\"},\"primaryImageOfPage\":{\"@id\":\"https:\\\/\\\/www.eldiario.net\\\/portal\\\/2025\\\/08\\\/03\\\/colombia-celebra-su-independencia-en-la-paz-con-un-abrazo-de-cultura-y-musica\\\/#primaryimage\"},\"image\":{\"@id\":\"https:\\\/\\\/www.eldiario.net\\\/portal\\\/2025\\\/08\\\/03\\\/colombia-celebra-su-independencia-en-la-paz-con-un-abrazo-de-cultura-y-musica\\\/#primaryimage\"},\"thumbnailUrl\":\"https:\\\/\\\/www.eldiario.net\\\/portal\\\/wp-content\\\/uploads\\\/2025\\\/08\\\/DSC_1069.webp\",\"datePublished\":\"2025-08-03T12:06:05+00:00\",\"breadcrumb\":{\"@id\":\"https:\\\/\\\/www.eldiario.net\\\/portal\\\/2025\\\/08\\\/03\\\/colombia-celebra-su-independencia-en-la-paz-con-un-abrazo-de-cultura-y-musica\\\/#breadcrumb\"},\"inLanguage\":\"es\",\"potentialAction\":[{\"@type\":\"ReadAction\",\"target\":[\"https:\\\/\\\/www.eldiario.net\\\/portal\\\/2025\\\/08\\\/03\\\/colombia-celebra-su-independencia-en-la-paz-con-un-abrazo-de-cultura-y-musica\\\/\"]}]},{\"@type\":\"ImageObject\",\"inLanguage\":\"es\",\"@id\":\"https:\\\/\\\/www.eldiario.net\\\/portal\\\/2025\\\/08\\\/03\\\/colombia-celebra-su-independencia-en-la-paz-con-un-abrazo-de-cultura-y-musica\\\/#primaryimage\",\"url\":\"https:\\\/\\\/www.eldiario.net\\\/portal\\\/wp-content\\\/uploads\\\/2025\\\/08\\\/DSC_1069.webp\",\"contentUrl\":\"https:\\\/\\\/www.eldiario.net\\\/portal\\\/wp-content\\\/uploads\\\/2025\\\/08\\\/DSC_1069.webp\",\"width\":1200,\"height\":801,\"caption\":\"LA SAYA AFROBOLIVIANA PONE A BAILAR A TODO EL TEATRO.\"},{\"@type\":\"BreadcrumbList\",\"@id\":\"https:\\\/\\\/www.eldiario.net\\\/portal\\\/2025\\\/08\\\/03\\\/colombia-celebra-su-independencia-en-la-paz-con-un-abrazo-de-cultura-y-musica\\\/#breadcrumb\",\"itemListElement\":[{\"@type\":\"ListItem\",\"position\":1,\"name\":\"Portada\",\"item\":\"https:\\\/\\\/www.eldiario.net\\\/portal\\\/\"},{\"@type\":\"ListItem\",\"position\":2,\"name\":\"Colombia celebra su independencia en La Paz con un abrazo de cultura y m\u00fasica\"}]},{\"@type\":\"WebSite\",\"@id\":\"https:\\\/\\\/www.eldiario.net\\\/portal\\\/#website\",\"url\":\"https:\\\/\\\/www.eldiario.net\\\/portal\\\/\",\"name\":\"El Diario - Decano de la prensa nacional\",\"description\":\"El Diario - Decano de la prensa nacional\",\"publisher\":{\"@id\":\"https:\\\/\\\/www.eldiario.net\\\/portal\\\/#organization\"},\"potentialAction\":[{\"@type\":\"SearchAction\",\"target\":{\"@type\":\"EntryPoint\",\"urlTemplate\":\"https:\\\/\\\/www.eldiario.net\\\/portal\\\/?s={search_term_string}\"},\"query-input\":{\"@type\":\"PropertyValueSpecification\",\"valueRequired\":true,\"valueName\":\"search_term_string\"}}],\"inLanguage\":\"es\"},{\"@type\":\"Organization\",\"@id\":\"https:\\\/\\\/www.eldiario.net\\\/portal\\\/#organization\",\"name\":\"El Diario - Decano de la prensa nacional\",\"url\":\"https:\\\/\\\/www.eldiario.net\\\/portal\\\/\",\"logo\":{\"@type\":\"ImageObject\",\"inLanguage\":\"es\",\"@id\":\"https:\\\/\\\/www.eldiario.net\\\/portal\\\/#\\\/schema\\\/logo\\\/image\\\/\",\"url\":\"https:\\\/\\\/www.eldiario.net\\\/portal\\\/wp-content\\\/uploads\\\/2023\\\/07\\\/logo_ED.jpg\",\"contentUrl\":\"https:\\\/\\\/www.eldiario.net\\\/portal\\\/wp-content\\\/uploads\\\/2023\\\/07\\\/logo_ED.jpg\",\"width\":272,\"height\":52,\"caption\":\"El Diario - Decano de la prensa nacional\"},\"image\":{\"@id\":\"https:\\\/\\\/www.eldiario.net\\\/portal\\\/#\\\/schema\\\/logo\\\/image\\\/\"},\"sameAs\":[\"https:\\\/\\\/www.facebook.com\\\/eldiario.bolivia\\\/\",\"https:\\\/\\\/x.com\\\/eldiario_net\"]},{\"@type\":\"Person\",\"@id\":\"https:\\\/\\\/www.eldiario.net\\\/portal\\\/#\\\/schema\\\/person\\\/f46445640444750d7d753ccd04ae01b7\",\"name\":\"Jeanette\",\"image\":{\"@type\":\"ImageObject\",\"inLanguage\":\"es\",\"@id\":\"https:\\\/\\\/secure.gravatar.com\\\/avatar\\\/3ea2118a5f7dad2b7138b1187a6b7ee55f160b9968b66013c3a3ef39dd7e5798?s=96&d=mm&r=g\",\"url\":\"https:\\\/\\\/secure.gravatar.com\\\/avatar\\\/3ea2118a5f7dad2b7138b1187a6b7ee55f160b9968b66013c3a3ef39dd7e5798?s=96&d=mm&r=g\",\"contentUrl\":\"https:\\\/\\\/secure.gravatar.com\\\/avatar\\\/3ea2118a5f7dad2b7138b1187a6b7ee55f160b9968b66013c3a3ef39dd7e5798?s=96&d=mm&r=g\",\"caption\":\"Jeanette\"},\"sameAs\":[\"https:\\\/\\\/www.eldiario.net\\\/portal\"],\"url\":\"https:\\\/\\\/www.eldiario.net\\\/portal\\\/author\\\/jeanette\\\/\"}]}<\/script>\n<!-- \/ Yoast SEO plugin. -->","yoast_head_json":{"title":"Colombia celebra su independencia en La Paz con un abrazo de cultura y m\u00fasica - El Diario - Bolivia","robots":{"index":"index","follow":"follow","max-snippet":"max-snippet:-1","max-image-preview":"max-image-preview:large","max-video-preview":"max-video-preview:-1"},"canonical":"https:\/\/www.eldiario.net\/portal\/2025\/08\/03\/colombia-celebra-su-independencia-en-la-paz-con-un-abrazo-de-cultura-y-musica\/","og_locale":"es_ES","og_type":"article","og_title":"Colombia celebra su independencia en La Paz con un abrazo de cultura y m\u00fasica - El Diario - Bolivia","og_description":"En un emotivo evento cultural, la Embajada de Colombia en Bolivia y Colombia Nos Une conmemoraron los 215 a\u00f1os de la Independencia de Colombia con el \u00abConcierto de la Unidad\u00bb, realizado en el Cine Teatro Municipal 6 de Agosto. La celebraci\u00f3n fue un vibrante encuentro de culturas que fortaleci\u00f3 los lazos entre ambas naciones. El [&hellip;]","og_url":"https:\/\/www.eldiario.net\/portal\/2025\/08\/03\/colombia-celebra-su-independencia-en-la-paz-con-un-abrazo-de-cultura-y-musica\/","og_site_name":"El Diario - Bolivia","article_publisher":"https:\/\/www.facebook.com\/eldiario.bolivia\/","article_published_time":"2025-08-03T12:06:05+00:00","og_image":[{"width":1200,"height":801,"url":"https:\/\/www.eldiario.net\/portal\/wp-content\/uploads\/2025\/08\/DSC_1069.webp","type":"image\/webp"}],"author":"Jeanette","twitter_card":"summary_large_image","twitter_creator":"@eldiario_net","twitter_site":"@eldiario_net","twitter_misc":{"Escrito por":"Jeanette","Tiempo de lectura":"2 minutos"},"schema":{"@context":"https:\/\/schema.org","@graph":[{"@type":"Article","@id":"https:\/\/www.eldiario.net\/portal\/2025\/08\/03\/colombia-celebra-su-independencia-en-la-paz-con-un-abrazo-de-cultura-y-musica\/#article","isPartOf":{"@id":"https:\/\/www.eldiario.net\/portal\/2025\/08\/03\/colombia-celebra-su-independencia-en-la-paz-con-un-abrazo-de-cultura-y-musica\/"},"author":{"name":"Jeanette","@id":"https:\/\/www.eldiario.net\/portal\/#\/schema\/person\/f46445640444750d7d753ccd04ae01b7"},"headline":"Colombia celebra su independencia en La Paz con un abrazo de cultura y m\u00fasica","datePublished":"2025-08-03T12:06:05+00:00","mainEntityOfPage":{"@id":"https:\/\/www.eldiario.net\/portal\/2025\/08\/03\/colombia-celebra-su-independencia-en-la-paz-con-un-abrazo-de-cultura-y-musica\/"},"wordCount":294,"publisher":{"@id":"https:\/\/www.eldiario.net\/portal\/#organization"},"image":{"@id":"https:\/\/www.eldiario.net\/portal\/2025\/08\/03\/colombia-celebra-su-independencia-en-la-paz-con-un-abrazo-de-cultura-y-musica\/#primaryimage"},"thumbnailUrl":"https:\/\/www.eldiario.net\/portal\/wp-content\/uploads\/2025\/08\/DSC_1069.webp","articleSection":["Sociales"],"inLanguage":"es"},{"@type":"WebPage","@id":"https:\/\/www.eldiario.net\/portal\/2025\/08\/03\/colombia-celebra-su-independencia-en-la-paz-con-un-abrazo-de-cultura-y-musica\/","url":"https:\/\/www.eldiario.net\/portal\/2025\/08\/03\/colombia-celebra-su-independencia-en-la-paz-con-un-abrazo-de-cultura-y-musica\/","name":"Colombia celebra su independencia en La Paz con un abrazo de cultura y m\u00fasica - El Diario - Bolivia","isPartOf":{"@id":"https:\/\/www.eldiario.net\/portal\/#website"},"primaryImageOfPage":{"@id":"https:\/\/www.eldiario.net\/portal\/2025\/08\/03\/colombia-celebra-su-independencia-en-la-paz-con-un-abrazo-de-cultura-y-musica\/#primaryimage"},"image":{"@id":"https:\/\/www.eldiario.net\/portal\/2025\/08\/03\/colombia-celebra-su-independencia-en-la-paz-con-un-abrazo-de-cultura-y-musica\/#primaryimage"},"thumbnailUrl":"https:\/\/www.eldiario.net\/portal\/wp-content\/uploads\/2025\/08\/DSC_1069.webp","datePublished":"2025-08-03T12:06:05+00:00","breadcrumb":{"@id":"https:\/\/www.eldiario.net\/portal\/2025\/08\/03\/colombia-celebra-su-independencia-en-la-paz-con-un-abrazo-de-cultura-y-musica\/#breadcrumb"},"inLanguage":"es","potentialAction":[{"@type":"ReadAction","target":["https:\/\/www.eldiario.net\/portal\/2025\/08\/03\/colombia-celebra-su-independencia-en-la-paz-con-un-abrazo-de-cultura-y-musica\/"]}]},{"@type":"ImageObject","inLanguage":"es","@id":"https:\/\/www.eldiario.net\/portal\/2025\/08\/03\/colombia-celebra-su-independencia-en-la-paz-con-un-abrazo-de-cultura-y-musica\/#primaryimage","url":"https:\/\/www.eldiario.net\/portal\/wp-content\/uploads\/2025\/08\/DSC_1069.webp","contentUrl":"https:\/\/www.eldiario.net\/portal\/wp-content\/uploads\/2025\/08\/DSC_1069.webp","width":1200,"height":801,"caption":"LA SAYA AFROBOLIVIANA PONE A BAILAR A TODO EL TEATRO."},{"@type":"BreadcrumbList","@id":"https:\/\/www.eldiario.net\/portal\/2025\/08\/03\/colombia-celebra-su-independencia-en-la-paz-con-un-abrazo-de-cultura-y-musica\/#breadcrumb","itemListElement":[{"@type":"ListItem","position":1,"name":"Portada","item":"https:\/\/www.eldiario.net\/portal\/"},{"@type":"ListItem","position":2,"name":"Colombia celebra su independencia en La Paz con un abrazo de cultura y m\u00fasica"}]},{"@type":"WebSite","@id":"https:\/\/www.eldiario.net\/portal\/#website","url":"https:\/\/www.eldiario.net\/portal\/","name":"El Diario - Decano de la prensa nacional","description":"El Diario - Decano de la prensa nacional","publisher":{"@id":"https:\/\/www.eldiario.net\/portal\/#organization"},"potentialAction":[{"@type":"SearchAction","target":{"@type":"EntryPoint","urlTemplate":"https:\/\/www.eldiario.net\/portal\/?s={search_term_string}"},"query-input":{"@type":"PropertyValueSpecification","valueRequired":true,"valueName":"search_term_string"}}],"inLanguage":"es"},{"@type":"Organization","@id":"https:\/\/www.eldiario.net\/portal\/#organization","name":"El Diario - Decano de la prensa nacional","url":"https:\/\/www.eldiario.net\/portal\/","logo":{"@type":"ImageObject","inLanguage":"es","@id":"https:\/\/www.eldiario.net\/portal\/#\/schema\/logo\/image\/","url":"https:\/\/www.eldiario.net\/portal\/wp-content\/uploads\/2023\/07\/logo_ED.jpg","contentUrl":"https:\/\/www.eldiario.net\/portal\/wp-content\/uploads\/2023\/07\/logo_ED.jpg","width":272,"height":52,"caption":"El Diario - Decano de la prensa nacional"},"image":{"@id":"https:\/\/www.eldiario.net\/portal\/#\/schema\/logo\/image\/"},"sameAs":["https:\/\/www.facebook.com\/eldiario.bolivia\/","https:\/\/x.com\/eldiario_net"]},{"@type":"Person","@id":"https:\/\/www.eldiario.net\/portal\/#\/schema\/person\/f46445640444750d7d753ccd04ae01b7","name":"Jeanette","image":{"@type":"ImageObject","inLanguage":"es","@id":"https:\/\/secure.gravatar.com\/avatar\/3ea2118a5f7dad2b7138b1187a6b7ee55f160b9968b66013c3a3ef39dd7e5798?s=96&d=mm&r=g","url":"https:\/\/secure.gravatar.com\/avatar\/3ea2118a5f7dad2b7138b1187a6b7ee55f160b9968b66013c3a3ef39dd7e5798?s=96&d=mm&r=g","contentUrl":"https:\/\/secure.gravatar.com\/avatar\/3ea2118a5f7dad2b7138b1187a6b7ee55f160b9968b66013c3a3ef39dd7e5798?s=96&d=mm&r=g","caption":"Jeanette"},"sameAs":["https:\/\/www.eldiario.net\/portal"],"url":"https:\/\/www.eldiario.net\/portal\/author\/jeanette\/"}]}},"_links":{"self":[{"href":"https:\/\/www.eldiario.net\/portal\/wp-json\/wp\/v2\/posts\/321347","targetHints":{"allow":["GET"]}}],"collection":[{"href":"https:\/\/www.eldiario.net\/portal\/wp-json\/wp\/v2\/posts"}],"about":[{"href":"https:\/\/www.eldiario.net\/portal\/wp-json\/wp\/v2\/types\/post"}],"author":[{"embeddable":true,"href":"https:\/\/www.eldiario.net\/portal\/wp-json\/wp\/v2\/users\/1"}],"replies":[{"embeddable":true,"href":"https:\/\/www.eldiario.net\/portal\/wp-json\/wp\/v2\/comments?post=321347"}],"version-history":[{"count":1,"href":"https:\/\/www.eldiario.net\/portal\/wp-json\/wp\/v2\/posts\/321347\/revisions"}],"predecessor-version":[{"id":321364,"href":"https:\/\/www.eldiario.net\/portal\/wp-json\/wp\/v2\/posts\/321347\/revisions\/321364"}],"wp:featuredmedia":[{"embeddable":true,"href":"https:\/\/www.eldiario.net\/portal\/wp-json\/wp\/v2\/media\/321361"}],"wp:attachment":[{"href":"https:\/\/www.eldiario.net\/portal\/wp-json\/wp\/v2\/media?parent=321347"}],"wp:term":[{"taxonomy":"category","embeddable":true,"href":"https:\/\/www.eldiario.net\/portal\/wp-json\/wp\/v2\/categories?post=321347"},{"taxonomy":"post_tag","embeddable":true,"href":"https:\/\/www.eldiario.net\/portal\/wp-json\/wp\/v2\/tags?post=321347"}],"curies":[{"name":"wp","href":"https:\/\/api.w.org\/{rel}","templated":true}]}}