{"id":321341,"date":"2025-08-03T07:46:19","date_gmt":"2025-08-03T11:46:19","guid":{"rendered":"https:\/\/www.eldiario.net\/portal\/?p=321341"},"modified":"2025-08-03T07:46:19","modified_gmt":"2025-08-03T11:46:19","slug":"san-antonio-humilla-a-abb-en-entre-rios","status":"publish","type":"post","link":"https:\/\/www.eldiario.net\/portal\/2025\/08\/03\/san-antonio-humilla-a-abb-en-entre-rios\/","title":{"rendered":"San Antonio humilla a ABB en Entre R\u00edos"},"content":{"rendered":"<p>San Antonio corrigi\u00f3 los errores cometidos hace tres semanas contra ABB, durante la Copa, y este s\u00e1bado se repuso con una goleada por 4-0, en el estadio Carlos Villegas, sumando su segunda victoria consecutiva en la jornada 16 del Campeonato de la Divisi\u00f3n Profesional.<br \/>\nEl elenco de la zona del Tr\u00f3pico subi\u00f3 a la sexta casilla, con 21 unidades, con esta victoria, pasando por arriba del cuadro amarillo (18). La verticalidad de San Antonio fue determinante para resolver el partido con la apertura temprana del marcador, tanto en el primer como en el segundo per\u00edodo. Con una defensa sin car\u00e1cter, San Antonio pas\u00f3 adelante en el marcador en cuesti\u00f3n de minutos. A los seis minutos, Rodrigo Vargas defini\u00f3 con un golpe de cabeza, ganando la posici\u00f3n ante Mizael Pinto dentro del \u00e1rea peque\u00f1a.<br \/>\nLa segunda conquista subi\u00f3 al marcador, a los 44 minutos, desde el punto penal, con ejecuci\u00f3n de Julio Herrera, cobrando una mano cometida por Pablo Meza, cuando estaba en el piso en su intento por obstruir el panorama de disparo.<br \/>\nLa defensa de ABB sigui\u00f3 fallando en la cobertura en el complemento. A los 48\u00b4, Antony V\u00e1squez conect\u00f3 un centro en el palo opuesto frente a una asistencia diagonal de parte de Jorge Flores.<br \/>\nLo que restaba del segundo tiempo fue de tr\u00e1mite para San Antonio, ampliando la cuenta a los 61\u00b4 con un golpe de cabeza de Alcides Pe\u00f1a frente a una d\u00e9bil resistencia de Mat\u00edas Galindo. A los 94\u00b4, Jean Riascos fue expulsado por una falta premeditada contra un rival.<br \/>\nFinalmente, ayer por la noche el cuadro de Real Tomayapo venci\u00f3 a GV San Jos\u00e9 por 2-1, en el estadio IV Centenario de Tarija.<\/p>\n","protected":false},"excerpt":{"rendered":"<p>San Antonio corrigi\u00f3 los errores cometidos hace tres semanas contra ABB, durante la Copa, y este s\u00e1bado se repuso con una goleada por 4-0, en el estadio Carlos Villegas, sumando su segunda victoria consecutiva en la jornada 16 del Campeonato de la Divisi\u00f3n Profesional. El elenco de la zona del Tr\u00f3pico subi\u00f3 a la sexta [&hellip;]<\/p>\n","protected":false},"author":1,"featured_media":321342,"comment_status":"closed","ping_status":"open","sticky":false,"template":"","format":"standard","meta":{"_acf_changed":false,"footnotes":""},"categories":[6],"tags":[],"class_list":["post-321341","post","type-post","status-publish","format-standard","has-post-thumbnail","category-deportes"],"acf":{"antetitulo":""},"yoast_head":"<!-- This site is optimized with the Yoast SEO plugin v28.3 - https:\/\/yoast.com\/product\/yoast-seo-wordpress\/ -->\n<title>San Antonio humilla a ABB en Entre R\u00edos - El Diario - Bolivia<\/title>\n<meta name=\"robots\" content=\"index, follow, max-snippet:-1, max-image-preview:large, max-video-preview:-1\" \/>\n<link rel=\"canonical\" href=\"https:\/\/www.eldiario.net\/portal\/2025\/08\/03\/san-antonio-humilla-a-abb-en-entre-rios\/\" \/>\n<meta property=\"og:locale\" content=\"es_ES\" \/>\n<meta property=\"og:type\" content=\"article\" \/>\n<meta property=\"og:title\" content=\"San Antonio humilla a ABB en Entre R\u00edos - El Diario - Bolivia\" \/>\n<meta property=\"og:description\" content=\"San Antonio corrigi\u00f3 los errores cometidos hace tres semanas contra ABB, durante la Copa, y este s\u00e1bado se repuso con una goleada por 4-0, en el estadio Carlos Villegas, sumando su segunda victoria consecutiva en la jornada 16 del Campeonato de la Divisi\u00f3n Profesional. El elenco de la zona del Tr\u00f3pico subi\u00f3 a la sexta [&hellip;]\" \/>\n<meta property=\"og:url\" content=\"https:\/\/www.eldiario.net\/portal\/2025\/08\/03\/san-antonio-humilla-a-abb-en-entre-rios\/\" \/>\n<meta property=\"og:site_name\" content=\"El Diario - Bolivia\" \/>\n<meta property=\"article:publisher\" content=\"https:\/\/www.facebook.com\/eldiario.bolivia\/\" \/>\n<meta property=\"article:published_time\" content=\"2025-08-03T11:46:19+00:00\" \/>\n<meta property=\"og:image\" content=\"https:\/\/www.eldiario.net\/portal\/wp-content\/uploads\/2025\/08\/SAN-ANTONIO.webp\" \/>\n\t<meta property=\"og:image:width\" content=\"1200\" \/>\n\t<meta property=\"og:image:height\" content=\"1062\" \/>\n\t<meta property=\"og:image:type\" content=\"image\/webp\" \/>\n<meta name=\"author\" content=\"Jeanette\" \/>\n<meta name=\"twitter:card\" content=\"summary_large_image\" \/>\n<meta name=\"twitter:creator\" content=\"@eldiario_net\" \/>\n<meta name=\"twitter:site\" content=\"@eldiario_net\" \/>\n<meta name=\"twitter:label1\" content=\"Escrito por\" \/>\n\t<meta name=\"twitter:data1\" content=\"Jeanette\" \/>\n\t<meta name=\"twitter:label2\" content=\"Tiempo de lectura\" \/>\n\t<meta name=\"twitter:data2\" content=\"2 minutos\" \/>\n<script type=\"application\/ld+json\" class=\"yoast-schema-graph\">{\"@context\":\"https:\\\/\\\/schema.org\",\"@graph\":[{\"@type\":\"Article\",\"@id\":\"https:\\\/\\\/www.eldiario.net\\\/portal\\\/2025\\\/08\\\/03\\\/san-antonio-humilla-a-abb-en-entre-rios\\\/#article\",\"isPartOf\":{\"@id\":\"https:\\\/\\\/www.eldiario.net\\\/portal\\\/2025\\\/08\\\/03\\\/san-antonio-humilla-a-abb-en-entre-rios\\\/\"},\"author\":{\"name\":\"Jeanette\",\"@id\":\"https:\\\/\\\/www.eldiario.net\\\/portal\\\/#\\\/schema\\\/person\\\/f46445640444750d7d753ccd04ae01b7\"},\"headline\":\"San Antonio humilla a ABB en Entre R\u00edos\",\"datePublished\":\"2025-08-03T11:46:19+00:00\",\"mainEntityOfPage\":{\"@id\":\"https:\\\/\\\/www.eldiario.net\\\/portal\\\/2025\\\/08\\\/03\\\/san-antonio-humilla-a-abb-en-entre-rios\\\/\"},\"wordCount\":295,\"publisher\":{\"@id\":\"https:\\\/\\\/www.eldiario.net\\\/portal\\\/#organization\"},\"image\":{\"@id\":\"https:\\\/\\\/www.eldiario.net\\\/portal\\\/2025\\\/08\\\/03\\\/san-antonio-humilla-a-abb-en-entre-rios\\\/#primaryimage\"},\"thumbnailUrl\":\"https:\\\/\\\/www.eldiario.net\\\/portal\\\/wp-content\\\/uploads\\\/2025\\\/08\\\/SAN-ANTONIO.webp\",\"articleSection\":[\"Deportes\"],\"inLanguage\":\"es\"},{\"@type\":\"WebPage\",\"@id\":\"https:\\\/\\\/www.eldiario.net\\\/portal\\\/2025\\\/08\\\/03\\\/san-antonio-humilla-a-abb-en-entre-rios\\\/\",\"url\":\"https:\\\/\\\/www.eldiario.net\\\/portal\\\/2025\\\/08\\\/03\\\/san-antonio-humilla-a-abb-en-entre-rios\\\/\",\"name\":\"San Antonio humilla a ABB en Entre R\u00edos - El Diario - Bolivia\",\"isPartOf\":{\"@id\":\"https:\\\/\\\/www.eldiario.net\\\/portal\\\/#website\"},\"primaryImageOfPage\":{\"@id\":\"https:\\\/\\\/www.eldiario.net\\\/portal\\\/2025\\\/08\\\/03\\\/san-antonio-humilla-a-abb-en-entre-rios\\\/#primaryimage\"},\"image\":{\"@id\":\"https:\\\/\\\/www.eldiario.net\\\/portal\\\/2025\\\/08\\\/03\\\/san-antonio-humilla-a-abb-en-entre-rios\\\/#primaryimage\"},\"thumbnailUrl\":\"https:\\\/\\\/www.eldiario.net\\\/portal\\\/wp-content\\\/uploads\\\/2025\\\/08\\\/SAN-ANTONIO.webp\",\"datePublished\":\"2025-08-03T11:46:19+00:00\",\"breadcrumb\":{\"@id\":\"https:\\\/\\\/www.eldiario.net\\\/portal\\\/2025\\\/08\\\/03\\\/san-antonio-humilla-a-abb-en-entre-rios\\\/#breadcrumb\"},\"inLanguage\":\"es\",\"potentialAction\":[{\"@type\":\"ReadAction\",\"target\":[\"https:\\\/\\\/www.eldiario.net\\\/portal\\\/2025\\\/08\\\/03\\\/san-antonio-humilla-a-abb-en-entre-rios\\\/\"]}]},{\"@type\":\"ImageObject\",\"inLanguage\":\"es\",\"@id\":\"https:\\\/\\\/www.eldiario.net\\\/portal\\\/2025\\\/08\\\/03\\\/san-antonio-humilla-a-abb-en-entre-rios\\\/#primaryimage\",\"url\":\"https:\\\/\\\/www.eldiario.net\\\/portal\\\/wp-content\\\/uploads\\\/2025\\\/08\\\/SAN-ANTONIO.webp\",\"contentUrl\":\"https:\\\/\\\/www.eldiario.net\\\/portal\\\/wp-content\\\/uploads\\\/2025\\\/08\\\/SAN-ANTONIO.webp\",\"width\":1200,\"height\":1062},{\"@type\":\"BreadcrumbList\",\"@id\":\"https:\\\/\\\/www.eldiario.net\\\/portal\\\/2025\\\/08\\\/03\\\/san-antonio-humilla-a-abb-en-entre-rios\\\/#breadcrumb\",\"itemListElement\":[{\"@type\":\"ListItem\",\"position\":1,\"name\":\"Portada\",\"item\":\"https:\\\/\\\/www.eldiario.net\\\/portal\\\/\"},{\"@type\":\"ListItem\",\"position\":2,\"name\":\"San Antonio humilla a ABB en Entre R\u00edos\"}]},{\"@type\":\"WebSite\",\"@id\":\"https:\\\/\\\/www.eldiario.net\\\/portal\\\/#website\",\"url\":\"https:\\\/\\\/www.eldiario.net\\\/portal\\\/\",\"name\":\"El Diario - Decano de la prensa nacional\",\"description\":\"El Diario - Decano de la prensa nacional\",\"publisher\":{\"@id\":\"https:\\\/\\\/www.eldiario.net\\\/portal\\\/#organization\"},\"potentialAction\":[{\"@type\":\"SearchAction\",\"target\":{\"@type\":\"EntryPoint\",\"urlTemplate\":\"https:\\\/\\\/www.eldiario.net\\\/portal\\\/?s={search_term_string}\"},\"query-input\":{\"@type\":\"PropertyValueSpecification\",\"valueRequired\":true,\"valueName\":\"search_term_string\"}}],\"inLanguage\":\"es\"},{\"@type\":\"Organization\",\"@id\":\"https:\\\/\\\/www.eldiario.net\\\/portal\\\/#organization\",\"name\":\"El Diario - Decano de la prensa nacional\",\"url\":\"https:\\\/\\\/www.eldiario.net\\\/portal\\\/\",\"logo\":{\"@type\":\"ImageObject\",\"inLanguage\":\"es\",\"@id\":\"https:\\\/\\\/www.eldiario.net\\\/portal\\\/#\\\/schema\\\/logo\\\/image\\\/\",\"url\":\"https:\\\/\\\/www.eldiario.net\\\/portal\\\/wp-content\\\/uploads\\\/2023\\\/07\\\/logo_ED.jpg\",\"contentUrl\":\"https:\\\/\\\/www.eldiario.net\\\/portal\\\/wp-content\\\/uploads\\\/2023\\\/07\\\/logo_ED.jpg\",\"width\":272,\"height\":52,\"caption\":\"El Diario - Decano de la prensa nacional\"},\"image\":{\"@id\":\"https:\\\/\\\/www.eldiario.net\\\/portal\\\/#\\\/schema\\\/logo\\\/image\\\/\"},\"sameAs\":[\"https:\\\/\\\/www.facebook.com\\\/eldiario.bolivia\\\/\",\"https:\\\/\\\/x.com\\\/eldiario_net\"]},{\"@type\":\"Person\",\"@id\":\"https:\\\/\\\/www.eldiario.net\\\/portal\\\/#\\\/schema\\\/person\\\/f46445640444750d7d753ccd04ae01b7\",\"name\":\"Jeanette\",\"image\":{\"@type\":\"ImageObject\",\"inLanguage\":\"es\",\"@id\":\"https:\\\/\\\/secure.gravatar.com\\\/avatar\\\/3ea2118a5f7dad2b7138b1187a6b7ee55f160b9968b66013c3a3ef39dd7e5798?s=96&d=mm&r=g\",\"url\":\"https:\\\/\\\/secure.gravatar.com\\\/avatar\\\/3ea2118a5f7dad2b7138b1187a6b7ee55f160b9968b66013c3a3ef39dd7e5798?s=96&d=mm&r=g\",\"contentUrl\":\"https:\\\/\\\/secure.gravatar.com\\\/avatar\\\/3ea2118a5f7dad2b7138b1187a6b7ee55f160b9968b66013c3a3ef39dd7e5798?s=96&d=mm&r=g\",\"caption\":\"Jeanette\"},\"sameAs\":[\"https:\\\/\\\/www.eldiario.net\\\/portal\"],\"url\":\"https:\\\/\\\/www.eldiario.net\\\/portal\\\/author\\\/jeanette\\\/\"}]}<\/script>\n<!-- \/ Yoast SEO plugin. -->","yoast_head_json":{"title":"San Antonio humilla a ABB en Entre R\u00edos - El Diario - Bolivia","robots":{"index":"index","follow":"follow","max-snippet":"max-snippet:-1","max-image-preview":"max-image-preview:large","max-video-preview":"max-video-preview:-1"},"canonical":"https:\/\/www.eldiario.net\/portal\/2025\/08\/03\/san-antonio-humilla-a-abb-en-entre-rios\/","og_locale":"es_ES","og_type":"article","og_title":"San Antonio humilla a ABB en Entre R\u00edos - El Diario - Bolivia","og_description":"San Antonio corrigi\u00f3 los errores cometidos hace tres semanas contra ABB, durante la Copa, y este s\u00e1bado se repuso con una goleada por 4-0, en el estadio Carlos Villegas, sumando su segunda victoria consecutiva en la jornada 16 del Campeonato de la Divisi\u00f3n Profesional. El elenco de la zona del Tr\u00f3pico subi\u00f3 a la sexta [&hellip;]","og_url":"https:\/\/www.eldiario.net\/portal\/2025\/08\/03\/san-antonio-humilla-a-abb-en-entre-rios\/","og_site_name":"El Diario - Bolivia","article_publisher":"https:\/\/www.facebook.com\/eldiario.bolivia\/","article_published_time":"2025-08-03T11:46:19+00:00","og_image":[{"width":1200,"height":1062,"url":"https:\/\/www.eldiario.net\/portal\/wp-content\/uploads\/2025\/08\/SAN-ANTONIO.webp","type":"image\/webp"}],"author":"Jeanette","twitter_card":"summary_large_image","twitter_creator":"@eldiario_net","twitter_site":"@eldiario_net","twitter_misc":{"Escrito por":"Jeanette","Tiempo de lectura":"2 minutos"},"schema":{"@context":"https:\/\/schema.org","@graph":[{"@type":"Article","@id":"https:\/\/www.eldiario.net\/portal\/2025\/08\/03\/san-antonio-humilla-a-abb-en-entre-rios\/#article","isPartOf":{"@id":"https:\/\/www.eldiario.net\/portal\/2025\/08\/03\/san-antonio-humilla-a-abb-en-entre-rios\/"},"author":{"name":"Jeanette","@id":"https:\/\/www.eldiario.net\/portal\/#\/schema\/person\/f46445640444750d7d753ccd04ae01b7"},"headline":"San Antonio humilla a ABB en Entre R\u00edos","datePublished":"2025-08-03T11:46:19+00:00","mainEntityOfPage":{"@id":"https:\/\/www.eldiario.net\/portal\/2025\/08\/03\/san-antonio-humilla-a-abb-en-entre-rios\/"},"wordCount":295,"publisher":{"@id":"https:\/\/www.eldiario.net\/portal\/#organization"},"image":{"@id":"https:\/\/www.eldiario.net\/portal\/2025\/08\/03\/san-antonio-humilla-a-abb-en-entre-rios\/#primaryimage"},"thumbnailUrl":"https:\/\/www.eldiario.net\/portal\/wp-content\/uploads\/2025\/08\/SAN-ANTONIO.webp","articleSection":["Deportes"],"inLanguage":"es"},{"@type":"WebPage","@id":"https:\/\/www.eldiario.net\/portal\/2025\/08\/03\/san-antonio-humilla-a-abb-en-entre-rios\/","url":"https:\/\/www.eldiario.net\/portal\/2025\/08\/03\/san-antonio-humilla-a-abb-en-entre-rios\/","name":"San Antonio humilla a ABB en Entre R\u00edos - El Diario - Bolivia","isPartOf":{"@id":"https:\/\/www.eldiario.net\/portal\/#website"},"primaryImageOfPage":{"@id":"https:\/\/www.eldiario.net\/portal\/2025\/08\/03\/san-antonio-humilla-a-abb-en-entre-rios\/#primaryimage"},"image":{"@id":"https:\/\/www.eldiario.net\/portal\/2025\/08\/03\/san-antonio-humilla-a-abb-en-entre-rios\/#primaryimage"},"thumbnailUrl":"https:\/\/www.eldiario.net\/portal\/wp-content\/uploads\/2025\/08\/SAN-ANTONIO.webp","datePublished":"2025-08-03T11:46:19+00:00","breadcrumb":{"@id":"https:\/\/www.eldiario.net\/portal\/2025\/08\/03\/san-antonio-humilla-a-abb-en-entre-rios\/#breadcrumb"},"inLanguage":"es","potentialAction":[{"@type":"ReadAction","target":["https:\/\/www.eldiario.net\/portal\/2025\/08\/03\/san-antonio-humilla-a-abb-en-entre-rios\/"]}]},{"@type":"ImageObject","inLanguage":"es","@id":"https:\/\/www.eldiario.net\/portal\/2025\/08\/03\/san-antonio-humilla-a-abb-en-entre-rios\/#primaryimage","url":"https:\/\/www.eldiario.net\/portal\/wp-content\/uploads\/2025\/08\/SAN-ANTONIO.webp","contentUrl":"https:\/\/www.eldiario.net\/portal\/wp-content\/uploads\/2025\/08\/SAN-ANTONIO.webp","width":1200,"height":1062},{"@type":"BreadcrumbList","@id":"https:\/\/www.eldiario.net\/portal\/2025\/08\/03\/san-antonio-humilla-a-abb-en-entre-rios\/#breadcrumb","itemListElement":[{"@type":"ListItem","position":1,"name":"Portada","item":"https:\/\/www.eldiario.net\/portal\/"},{"@type":"ListItem","position":2,"name":"San Antonio humilla a ABB en Entre R\u00edos"}]},{"@type":"WebSite","@id":"https:\/\/www.eldiario.net\/portal\/#website","url":"https:\/\/www.eldiario.net\/portal\/","name":"El Diario - Decano de la prensa nacional","description":"El Diario - Decano de la prensa nacional","publisher":{"@id":"https:\/\/www.eldiario.net\/portal\/#organization"},"potentialAction":[{"@type":"SearchAction","target":{"@type":"EntryPoint","urlTemplate":"https:\/\/www.eldiario.net\/portal\/?s={search_term_string}"},"query-input":{"@type":"PropertyValueSpecification","valueRequired":true,"valueName":"search_term_string"}}],"inLanguage":"es"},{"@type":"Organization","@id":"https:\/\/www.eldiario.net\/portal\/#organization","name":"El Diario - Decano de la prensa nacional","url":"https:\/\/www.eldiario.net\/portal\/","logo":{"@type":"ImageObject","inLanguage":"es","@id":"https:\/\/www.eldiario.net\/portal\/#\/schema\/logo\/image\/","url":"https:\/\/www.eldiario.net\/portal\/wp-content\/uploads\/2023\/07\/logo_ED.jpg","contentUrl":"https:\/\/www.eldiario.net\/portal\/wp-content\/uploads\/2023\/07\/logo_ED.jpg","width":272,"height":52,"caption":"El Diario - Decano de la prensa nacional"},"image":{"@id":"https:\/\/www.eldiario.net\/portal\/#\/schema\/logo\/image\/"},"sameAs":["https:\/\/www.facebook.com\/eldiario.bolivia\/","https:\/\/x.com\/eldiario_net"]},{"@type":"Person","@id":"https:\/\/www.eldiario.net\/portal\/#\/schema\/person\/f46445640444750d7d753ccd04ae01b7","name":"Jeanette","image":{"@type":"ImageObject","inLanguage":"es","@id":"https:\/\/secure.gravatar.com\/avatar\/3ea2118a5f7dad2b7138b1187a6b7ee55f160b9968b66013c3a3ef39dd7e5798?s=96&d=mm&r=g","url":"https:\/\/secure.gravatar.com\/avatar\/3ea2118a5f7dad2b7138b1187a6b7ee55f160b9968b66013c3a3ef39dd7e5798?s=96&d=mm&r=g","contentUrl":"https:\/\/secure.gravatar.com\/avatar\/3ea2118a5f7dad2b7138b1187a6b7ee55f160b9968b66013c3a3ef39dd7e5798?s=96&d=mm&r=g","caption":"Jeanette"},"sameAs":["https:\/\/www.eldiario.net\/portal"],"url":"https:\/\/www.eldiario.net\/portal\/author\/jeanette\/"}]}},"_links":{"self":[{"href":"https:\/\/www.eldiario.net\/portal\/wp-json\/wp\/v2\/posts\/321341","targetHints":{"allow":["GET"]}}],"collection":[{"href":"https:\/\/www.eldiario.net\/portal\/wp-json\/wp\/v2\/posts"}],"about":[{"href":"https:\/\/www.eldiario.net\/portal\/wp-json\/wp\/v2\/types\/post"}],"author":[{"embeddable":true,"href":"https:\/\/www.eldiario.net\/portal\/wp-json\/wp\/v2\/users\/1"}],"replies":[{"embeddable":true,"href":"https:\/\/www.eldiario.net\/portal\/wp-json\/wp\/v2\/comments?post=321341"}],"version-history":[{"count":1,"href":"https:\/\/www.eldiario.net\/portal\/wp-json\/wp\/v2\/posts\/321341\/revisions"}],"predecessor-version":[{"id":321343,"href":"https:\/\/www.eldiario.net\/portal\/wp-json\/wp\/v2\/posts\/321341\/revisions\/321343"}],"wp:featuredmedia":[{"embeddable":true,"href":"https:\/\/www.eldiario.net\/portal\/wp-json\/wp\/v2\/media\/321342"}],"wp:attachment":[{"href":"https:\/\/www.eldiario.net\/portal\/wp-json\/wp\/v2\/media?parent=321341"}],"wp:term":[{"taxonomy":"category","embeddable":true,"href":"https:\/\/www.eldiario.net\/portal\/wp-json\/wp\/v2\/categories?post=321341"},{"taxonomy":"post_tag","embeddable":true,"href":"https:\/\/www.eldiario.net\/portal\/wp-json\/wp\/v2\/tags?post=321341"}],"curies":[{"name":"wp","href":"https:\/\/api.w.org\/{rel}","templated":true}]}}