{"id":321338,"date":"2025-08-03T07:45:08","date_gmt":"2025-08-03T11:45:08","guid":{"rendered":"https:\/\/www.eldiario.net\/portal\/?p=321338"},"modified":"2025-08-03T07:45:22","modified_gmt":"2025-08-03T11:45:22","slug":"villa-ingenio-recibe-a-centenares-de-hinchas-por-la-verde","status":"publish","type":"post","link":"https:\/\/www.eldiario.net\/portal\/2025\/08\/03\/villa-ingenio-recibe-a-centenares-de-hinchas-por-la-verde\/","title":{"rendered":"Villa Ingenio recibe a centenares de  hinchas por la Verde"},"content":{"rendered":"<p>Lleg\u00f3 el d\u00eda de la venta y las entradas comenzaron a salir una tras otras sin parar. As\u00ed es como se venden los 6.000 boletos en f\u00edsico, que dispuso la Federaci\u00f3n Boliviana de F\u00fatbol (FBF) en esta segunda comercializaci\u00f3n de las localidades para el \u00faltimo partido de Bolivia (ante Brasil) por las Eliminatorias Sudamericanas.<br \/>\nLa semana pasada en cuatro horas se agotaron las 11.500 entradas digitales, que la dirigencia puso a la venta, por lo que no ser\u00e1 de extra\u00f1arse que este s\u00e1bado los tickets tambi\u00e9n se agoten.<br \/>\nLa escala de precios establecida por sectores es la siguiente: Uno Plus, Bs 350; Uno, Bs 215; Dos, Bs 150; Tres, Bs 95; Cuatro, Bs 60; y el sector visitante, Bs 350. El partido se jugar\u00e1 el lunes 9 de septiembre (19:30).<br \/>\nAnte ese panorama, se espera un lleno total en Villa Ingenio para enfrentar a la canarinha, de Carlo Ancelotti, una de las selecciones m\u00e1s poderosas del mundo.<br \/>\nBolivia y Brasil se enfrentar\u00e1n en la fecha 18 de las Eliminatorias Suramericanas y cerrar\u00e1 su participaci\u00f3n en Barranquilla frente a Colombia.<br \/>\nLa Verde ocupa el octavo puesto de las Eliminatorias con 17 unidades. Est\u00e1 a un punto de Venezuela (18) que est\u00e1 en zona de repechaje y por encima de Per\u00fa y Chile, que acumulan 12 y 10, respectivamente. Para los bolivianos y venezolanos ser\u00e1 un cierre premundialista en el que se jugar\u00e1n la vida si quieren so\u00f1ar con el Mundial 2026.<\/p>\n","protected":false},"excerpt":{"rendered":"<p>Lleg\u00f3 el d\u00eda de la venta y las entradas comenzaron a salir una tras otras sin parar. As\u00ed es como se venden los 6.000 boletos en f\u00edsico, que dispuso la Federaci\u00f3n Boliviana de F\u00fatbol (FBF) en esta segunda comercializaci\u00f3n de las localidades para el \u00faltimo partido de Bolivia (ante Brasil) por las Eliminatorias Sudamericanas. La [&hellip;]<\/p>\n","protected":false},"author":1,"featured_media":321339,"comment_status":"closed","ping_status":"open","sticky":false,"template":"","format":"standard","meta":{"_acf_changed":false,"footnotes":""},"categories":[6],"tags":[],"class_list":["post-321338","post","type-post","status-publish","format-standard","has-post-thumbnail","category-deportes"],"acf":{"antetitulo":""},"yoast_head":"<!-- This site is optimized with the Yoast SEO plugin v28.3 - https:\/\/yoast.com\/product\/yoast-seo-wordpress\/ -->\n<title>Villa Ingenio recibe a centenares de hinchas por la Verde - El Diario - Bolivia<\/title>\n<meta name=\"robots\" content=\"index, follow, max-snippet:-1, max-image-preview:large, max-video-preview:-1\" \/>\n<link rel=\"canonical\" href=\"https:\/\/www.eldiario.net\/portal\/2025\/08\/03\/villa-ingenio-recibe-a-centenares-de-hinchas-por-la-verde\/\" \/>\n<meta property=\"og:locale\" content=\"es_ES\" \/>\n<meta property=\"og:type\" content=\"article\" \/>\n<meta property=\"og:title\" content=\"Villa Ingenio recibe a centenares de hinchas por la Verde - El Diario - Bolivia\" \/>\n<meta property=\"og:description\" content=\"Lleg\u00f3 el d\u00eda de la venta y las entradas comenzaron a salir una tras otras sin parar. As\u00ed es como se venden los 6.000 boletos en f\u00edsico, que dispuso la Federaci\u00f3n Boliviana de F\u00fatbol (FBF) en esta segunda comercializaci\u00f3n de las localidades para el \u00faltimo partido de Bolivia (ante Brasil) por las Eliminatorias Sudamericanas. La [&hellip;]\" \/>\n<meta property=\"og:url\" content=\"https:\/\/www.eldiario.net\/portal\/2025\/08\/03\/villa-ingenio-recibe-a-centenares-de-hinchas-por-la-verde\/\" \/>\n<meta property=\"og:site_name\" content=\"El Diario - Bolivia\" \/>\n<meta property=\"article:publisher\" content=\"https:\/\/www.facebook.com\/eldiario.bolivia\/\" \/>\n<meta property=\"article:published_time\" content=\"2025-08-03T11:45:08+00:00\" \/>\n<meta property=\"article:modified_time\" content=\"2025-08-03T11:45:22+00:00\" \/>\n<meta property=\"og:image\" content=\"https:\/\/www.eldiario.net\/portal\/wp-content\/uploads\/2025\/08\/VILLA-INGENIO.webp\" \/>\n\t<meta property=\"og:image:width\" content=\"1200\" \/>\n\t<meta property=\"og:image:height\" content=\"830\" \/>\n\t<meta property=\"og:image:type\" content=\"image\/webp\" \/>\n<meta name=\"author\" content=\"Jeanette\" \/>\n<meta name=\"twitter:card\" content=\"summary_large_image\" \/>\n<meta name=\"twitter:creator\" content=\"@eldiario_net\" \/>\n<meta name=\"twitter:site\" content=\"@eldiario_net\" \/>\n<meta name=\"twitter:label1\" content=\"Escrito por\" \/>\n\t<meta name=\"twitter:data1\" content=\"Jeanette\" \/>\n\t<meta name=\"twitter:label2\" content=\"Tiempo de lectura\" \/>\n\t<meta name=\"twitter:data2\" content=\"2 minutos\" \/>\n<script type=\"application\/ld+json\" class=\"yoast-schema-graph\">{\"@context\":\"https:\\\/\\\/schema.org\",\"@graph\":[{\"@type\":\"Article\",\"@id\":\"https:\\\/\\\/www.eldiario.net\\\/portal\\\/2025\\\/08\\\/03\\\/villa-ingenio-recibe-a-centenares-de-hinchas-por-la-verde\\\/#article\",\"isPartOf\":{\"@id\":\"https:\\\/\\\/www.eldiario.net\\\/portal\\\/2025\\\/08\\\/03\\\/villa-ingenio-recibe-a-centenares-de-hinchas-por-la-verde\\\/\"},\"author\":{\"name\":\"Jeanette\",\"@id\":\"https:\\\/\\\/www.eldiario.net\\\/portal\\\/#\\\/schema\\\/person\\\/f46445640444750d7d753ccd04ae01b7\"},\"headline\":\"Villa Ingenio recibe a centenares de hinchas por la Verde\",\"datePublished\":\"2025-08-03T11:45:08+00:00\",\"dateModified\":\"2025-08-03T11:45:22+00:00\",\"mainEntityOfPage\":{\"@id\":\"https:\\\/\\\/www.eldiario.net\\\/portal\\\/2025\\\/08\\\/03\\\/villa-ingenio-recibe-a-centenares-de-hinchas-por-la-verde\\\/\"},\"wordCount\":247,\"publisher\":{\"@id\":\"https:\\\/\\\/www.eldiario.net\\\/portal\\\/#organization\"},\"image\":{\"@id\":\"https:\\\/\\\/www.eldiario.net\\\/portal\\\/2025\\\/08\\\/03\\\/villa-ingenio-recibe-a-centenares-de-hinchas-por-la-verde\\\/#primaryimage\"},\"thumbnailUrl\":\"https:\\\/\\\/www.eldiario.net\\\/portal\\\/wp-content\\\/uploads\\\/2025\\\/08\\\/VILLA-INGENIO.webp\",\"articleSection\":[\"Deportes\"],\"inLanguage\":\"es\"},{\"@type\":\"WebPage\",\"@id\":\"https:\\\/\\\/www.eldiario.net\\\/portal\\\/2025\\\/08\\\/03\\\/villa-ingenio-recibe-a-centenares-de-hinchas-por-la-verde\\\/\",\"url\":\"https:\\\/\\\/www.eldiario.net\\\/portal\\\/2025\\\/08\\\/03\\\/villa-ingenio-recibe-a-centenares-de-hinchas-por-la-verde\\\/\",\"name\":\"Villa Ingenio recibe a centenares de hinchas por la Verde - El Diario - Bolivia\",\"isPartOf\":{\"@id\":\"https:\\\/\\\/www.eldiario.net\\\/portal\\\/#website\"},\"primaryImageOfPage\":{\"@id\":\"https:\\\/\\\/www.eldiario.net\\\/portal\\\/2025\\\/08\\\/03\\\/villa-ingenio-recibe-a-centenares-de-hinchas-por-la-verde\\\/#primaryimage\"},\"image\":{\"@id\":\"https:\\\/\\\/www.eldiario.net\\\/portal\\\/2025\\\/08\\\/03\\\/villa-ingenio-recibe-a-centenares-de-hinchas-por-la-verde\\\/#primaryimage\"},\"thumbnailUrl\":\"https:\\\/\\\/www.eldiario.net\\\/portal\\\/wp-content\\\/uploads\\\/2025\\\/08\\\/VILLA-INGENIO.webp\",\"datePublished\":\"2025-08-03T11:45:08+00:00\",\"dateModified\":\"2025-08-03T11:45:22+00:00\",\"breadcrumb\":{\"@id\":\"https:\\\/\\\/www.eldiario.net\\\/portal\\\/2025\\\/08\\\/03\\\/villa-ingenio-recibe-a-centenares-de-hinchas-por-la-verde\\\/#breadcrumb\"},\"inLanguage\":\"es\",\"potentialAction\":[{\"@type\":\"ReadAction\",\"target\":[\"https:\\\/\\\/www.eldiario.net\\\/portal\\\/2025\\\/08\\\/03\\\/villa-ingenio-recibe-a-centenares-de-hinchas-por-la-verde\\\/\"]}]},{\"@type\":\"ImageObject\",\"inLanguage\":\"es\",\"@id\":\"https:\\\/\\\/www.eldiario.net\\\/portal\\\/2025\\\/08\\\/03\\\/villa-ingenio-recibe-a-centenares-de-hinchas-por-la-verde\\\/#primaryimage\",\"url\":\"https:\\\/\\\/www.eldiario.net\\\/portal\\\/wp-content\\\/uploads\\\/2025\\\/08\\\/VILLA-INGENIO.webp\",\"contentUrl\":\"https:\\\/\\\/www.eldiario.net\\\/portal\\\/wp-content\\\/uploads\\\/2025\\\/08\\\/VILLA-INGENIO.webp\",\"width\":1200,\"height\":830},{\"@type\":\"BreadcrumbList\",\"@id\":\"https:\\\/\\\/www.eldiario.net\\\/portal\\\/2025\\\/08\\\/03\\\/villa-ingenio-recibe-a-centenares-de-hinchas-por-la-verde\\\/#breadcrumb\",\"itemListElement\":[{\"@type\":\"ListItem\",\"position\":1,\"name\":\"Portada\",\"item\":\"https:\\\/\\\/www.eldiario.net\\\/portal\\\/\"},{\"@type\":\"ListItem\",\"position\":2,\"name\":\"Villa Ingenio recibe a centenares de hinchas por la Verde\"}]},{\"@type\":\"WebSite\",\"@id\":\"https:\\\/\\\/www.eldiario.net\\\/portal\\\/#website\",\"url\":\"https:\\\/\\\/www.eldiario.net\\\/portal\\\/\",\"name\":\"El Diario - Decano de la prensa nacional\",\"description\":\"El Diario - Decano de la prensa nacional\",\"publisher\":{\"@id\":\"https:\\\/\\\/www.eldiario.net\\\/portal\\\/#organization\"},\"potentialAction\":[{\"@type\":\"SearchAction\",\"target\":{\"@type\":\"EntryPoint\",\"urlTemplate\":\"https:\\\/\\\/www.eldiario.net\\\/portal\\\/?s={search_term_string}\"},\"query-input\":{\"@type\":\"PropertyValueSpecification\",\"valueRequired\":true,\"valueName\":\"search_term_string\"}}],\"inLanguage\":\"es\"},{\"@type\":\"Organization\",\"@id\":\"https:\\\/\\\/www.eldiario.net\\\/portal\\\/#organization\",\"name\":\"El Diario - Decano de la prensa nacional\",\"url\":\"https:\\\/\\\/www.eldiario.net\\\/portal\\\/\",\"logo\":{\"@type\":\"ImageObject\",\"inLanguage\":\"es\",\"@id\":\"https:\\\/\\\/www.eldiario.net\\\/portal\\\/#\\\/schema\\\/logo\\\/image\\\/\",\"url\":\"https:\\\/\\\/www.eldiario.net\\\/portal\\\/wp-content\\\/uploads\\\/2023\\\/07\\\/logo_ED.jpg\",\"contentUrl\":\"https:\\\/\\\/www.eldiario.net\\\/portal\\\/wp-content\\\/uploads\\\/2023\\\/07\\\/logo_ED.jpg\",\"width\":272,\"height\":52,\"caption\":\"El Diario - Decano de la prensa nacional\"},\"image\":{\"@id\":\"https:\\\/\\\/www.eldiario.net\\\/portal\\\/#\\\/schema\\\/logo\\\/image\\\/\"},\"sameAs\":[\"https:\\\/\\\/www.facebook.com\\\/eldiario.bolivia\\\/\",\"https:\\\/\\\/x.com\\\/eldiario_net\"]},{\"@type\":\"Person\",\"@id\":\"https:\\\/\\\/www.eldiario.net\\\/portal\\\/#\\\/schema\\\/person\\\/f46445640444750d7d753ccd04ae01b7\",\"name\":\"Jeanette\",\"image\":{\"@type\":\"ImageObject\",\"inLanguage\":\"es\",\"@id\":\"https:\\\/\\\/secure.gravatar.com\\\/avatar\\\/3ea2118a5f7dad2b7138b1187a6b7ee55f160b9968b66013c3a3ef39dd7e5798?s=96&d=mm&r=g\",\"url\":\"https:\\\/\\\/secure.gravatar.com\\\/avatar\\\/3ea2118a5f7dad2b7138b1187a6b7ee55f160b9968b66013c3a3ef39dd7e5798?s=96&d=mm&r=g\",\"contentUrl\":\"https:\\\/\\\/secure.gravatar.com\\\/avatar\\\/3ea2118a5f7dad2b7138b1187a6b7ee55f160b9968b66013c3a3ef39dd7e5798?s=96&d=mm&r=g\",\"caption\":\"Jeanette\"},\"sameAs\":[\"https:\\\/\\\/www.eldiario.net\\\/portal\"],\"url\":\"https:\\\/\\\/www.eldiario.net\\\/portal\\\/author\\\/jeanette\\\/\"}]}<\/script>\n<!-- \/ Yoast SEO plugin. -->","yoast_head_json":{"title":"Villa Ingenio recibe a centenares de hinchas por la Verde - El Diario - Bolivia","robots":{"index":"index","follow":"follow","max-snippet":"max-snippet:-1","max-image-preview":"max-image-preview:large","max-video-preview":"max-video-preview:-1"},"canonical":"https:\/\/www.eldiario.net\/portal\/2025\/08\/03\/villa-ingenio-recibe-a-centenares-de-hinchas-por-la-verde\/","og_locale":"es_ES","og_type":"article","og_title":"Villa Ingenio recibe a centenares de hinchas por la Verde - El Diario - Bolivia","og_description":"Lleg\u00f3 el d\u00eda de la venta y las entradas comenzaron a salir una tras otras sin parar. As\u00ed es como se venden los 6.000 boletos en f\u00edsico, que dispuso la Federaci\u00f3n Boliviana de F\u00fatbol (FBF) en esta segunda comercializaci\u00f3n de las localidades para el \u00faltimo partido de Bolivia (ante Brasil) por las Eliminatorias Sudamericanas. La [&hellip;]","og_url":"https:\/\/www.eldiario.net\/portal\/2025\/08\/03\/villa-ingenio-recibe-a-centenares-de-hinchas-por-la-verde\/","og_site_name":"El Diario - Bolivia","article_publisher":"https:\/\/www.facebook.com\/eldiario.bolivia\/","article_published_time":"2025-08-03T11:45:08+00:00","article_modified_time":"2025-08-03T11:45:22+00:00","og_image":[{"width":1200,"height":830,"url":"https:\/\/www.eldiario.net\/portal\/wp-content\/uploads\/2025\/08\/VILLA-INGENIO.webp","type":"image\/webp"}],"author":"Jeanette","twitter_card":"summary_large_image","twitter_creator":"@eldiario_net","twitter_site":"@eldiario_net","twitter_misc":{"Escrito por":"Jeanette","Tiempo de lectura":"2 minutos"},"schema":{"@context":"https:\/\/schema.org","@graph":[{"@type":"Article","@id":"https:\/\/www.eldiario.net\/portal\/2025\/08\/03\/villa-ingenio-recibe-a-centenares-de-hinchas-por-la-verde\/#article","isPartOf":{"@id":"https:\/\/www.eldiario.net\/portal\/2025\/08\/03\/villa-ingenio-recibe-a-centenares-de-hinchas-por-la-verde\/"},"author":{"name":"Jeanette","@id":"https:\/\/www.eldiario.net\/portal\/#\/schema\/person\/f46445640444750d7d753ccd04ae01b7"},"headline":"Villa Ingenio recibe a centenares de hinchas por la Verde","datePublished":"2025-08-03T11:45:08+00:00","dateModified":"2025-08-03T11:45:22+00:00","mainEntityOfPage":{"@id":"https:\/\/www.eldiario.net\/portal\/2025\/08\/03\/villa-ingenio-recibe-a-centenares-de-hinchas-por-la-verde\/"},"wordCount":247,"publisher":{"@id":"https:\/\/www.eldiario.net\/portal\/#organization"},"image":{"@id":"https:\/\/www.eldiario.net\/portal\/2025\/08\/03\/villa-ingenio-recibe-a-centenares-de-hinchas-por-la-verde\/#primaryimage"},"thumbnailUrl":"https:\/\/www.eldiario.net\/portal\/wp-content\/uploads\/2025\/08\/VILLA-INGENIO.webp","articleSection":["Deportes"],"inLanguage":"es"},{"@type":"WebPage","@id":"https:\/\/www.eldiario.net\/portal\/2025\/08\/03\/villa-ingenio-recibe-a-centenares-de-hinchas-por-la-verde\/","url":"https:\/\/www.eldiario.net\/portal\/2025\/08\/03\/villa-ingenio-recibe-a-centenares-de-hinchas-por-la-verde\/","name":"Villa Ingenio recibe a centenares de hinchas por la Verde - El Diario - Bolivia","isPartOf":{"@id":"https:\/\/www.eldiario.net\/portal\/#website"},"primaryImageOfPage":{"@id":"https:\/\/www.eldiario.net\/portal\/2025\/08\/03\/villa-ingenio-recibe-a-centenares-de-hinchas-por-la-verde\/#primaryimage"},"image":{"@id":"https:\/\/www.eldiario.net\/portal\/2025\/08\/03\/villa-ingenio-recibe-a-centenares-de-hinchas-por-la-verde\/#primaryimage"},"thumbnailUrl":"https:\/\/www.eldiario.net\/portal\/wp-content\/uploads\/2025\/08\/VILLA-INGENIO.webp","datePublished":"2025-08-03T11:45:08+00:00","dateModified":"2025-08-03T11:45:22+00:00","breadcrumb":{"@id":"https:\/\/www.eldiario.net\/portal\/2025\/08\/03\/villa-ingenio-recibe-a-centenares-de-hinchas-por-la-verde\/#breadcrumb"},"inLanguage":"es","potentialAction":[{"@type":"ReadAction","target":["https:\/\/www.eldiario.net\/portal\/2025\/08\/03\/villa-ingenio-recibe-a-centenares-de-hinchas-por-la-verde\/"]}]},{"@type":"ImageObject","inLanguage":"es","@id":"https:\/\/www.eldiario.net\/portal\/2025\/08\/03\/villa-ingenio-recibe-a-centenares-de-hinchas-por-la-verde\/#primaryimage","url":"https:\/\/www.eldiario.net\/portal\/wp-content\/uploads\/2025\/08\/VILLA-INGENIO.webp","contentUrl":"https:\/\/www.eldiario.net\/portal\/wp-content\/uploads\/2025\/08\/VILLA-INGENIO.webp","width":1200,"height":830},{"@type":"BreadcrumbList","@id":"https:\/\/www.eldiario.net\/portal\/2025\/08\/03\/villa-ingenio-recibe-a-centenares-de-hinchas-por-la-verde\/#breadcrumb","itemListElement":[{"@type":"ListItem","position":1,"name":"Portada","item":"https:\/\/www.eldiario.net\/portal\/"},{"@type":"ListItem","position":2,"name":"Villa Ingenio recibe a centenares de hinchas por la Verde"}]},{"@type":"WebSite","@id":"https:\/\/www.eldiario.net\/portal\/#website","url":"https:\/\/www.eldiario.net\/portal\/","name":"El Diario - Decano de la prensa nacional","description":"El Diario - Decano de la prensa nacional","publisher":{"@id":"https:\/\/www.eldiario.net\/portal\/#organization"},"potentialAction":[{"@type":"SearchAction","target":{"@type":"EntryPoint","urlTemplate":"https:\/\/www.eldiario.net\/portal\/?s={search_term_string}"},"query-input":{"@type":"PropertyValueSpecification","valueRequired":true,"valueName":"search_term_string"}}],"inLanguage":"es"},{"@type":"Organization","@id":"https:\/\/www.eldiario.net\/portal\/#organization","name":"El Diario - Decano de la prensa nacional","url":"https:\/\/www.eldiario.net\/portal\/","logo":{"@type":"ImageObject","inLanguage":"es","@id":"https:\/\/www.eldiario.net\/portal\/#\/schema\/logo\/image\/","url":"https:\/\/www.eldiario.net\/portal\/wp-content\/uploads\/2023\/07\/logo_ED.jpg","contentUrl":"https:\/\/www.eldiario.net\/portal\/wp-content\/uploads\/2023\/07\/logo_ED.jpg","width":272,"height":52,"caption":"El Diario - Decano de la prensa nacional"},"image":{"@id":"https:\/\/www.eldiario.net\/portal\/#\/schema\/logo\/image\/"},"sameAs":["https:\/\/www.facebook.com\/eldiario.bolivia\/","https:\/\/x.com\/eldiario_net"]},{"@type":"Person","@id":"https:\/\/www.eldiario.net\/portal\/#\/schema\/person\/f46445640444750d7d753ccd04ae01b7","name":"Jeanette","image":{"@type":"ImageObject","inLanguage":"es","@id":"https:\/\/secure.gravatar.com\/avatar\/3ea2118a5f7dad2b7138b1187a6b7ee55f160b9968b66013c3a3ef39dd7e5798?s=96&d=mm&r=g","url":"https:\/\/secure.gravatar.com\/avatar\/3ea2118a5f7dad2b7138b1187a6b7ee55f160b9968b66013c3a3ef39dd7e5798?s=96&d=mm&r=g","contentUrl":"https:\/\/secure.gravatar.com\/avatar\/3ea2118a5f7dad2b7138b1187a6b7ee55f160b9968b66013c3a3ef39dd7e5798?s=96&d=mm&r=g","caption":"Jeanette"},"sameAs":["https:\/\/www.eldiario.net\/portal"],"url":"https:\/\/www.eldiario.net\/portal\/author\/jeanette\/"}]}},"_links":{"self":[{"href":"https:\/\/www.eldiario.net\/portal\/wp-json\/wp\/v2\/posts\/321338","targetHints":{"allow":["GET"]}}],"collection":[{"href":"https:\/\/www.eldiario.net\/portal\/wp-json\/wp\/v2\/posts"}],"about":[{"href":"https:\/\/www.eldiario.net\/portal\/wp-json\/wp\/v2\/types\/post"}],"author":[{"embeddable":true,"href":"https:\/\/www.eldiario.net\/portal\/wp-json\/wp\/v2\/users\/1"}],"replies":[{"embeddable":true,"href":"https:\/\/www.eldiario.net\/portal\/wp-json\/wp\/v2\/comments?post=321338"}],"version-history":[{"count":1,"href":"https:\/\/www.eldiario.net\/portal\/wp-json\/wp\/v2\/posts\/321338\/revisions"}],"predecessor-version":[{"id":321340,"href":"https:\/\/www.eldiario.net\/portal\/wp-json\/wp\/v2\/posts\/321338\/revisions\/321340"}],"wp:featuredmedia":[{"embeddable":true,"href":"https:\/\/www.eldiario.net\/portal\/wp-json\/wp\/v2\/media\/321339"}],"wp:attachment":[{"href":"https:\/\/www.eldiario.net\/portal\/wp-json\/wp\/v2\/media?parent=321338"}],"wp:term":[{"taxonomy":"category","embeddable":true,"href":"https:\/\/www.eldiario.net\/portal\/wp-json\/wp\/v2\/categories?post=321338"},{"taxonomy":"post_tag","embeddable":true,"href":"https:\/\/www.eldiario.net\/portal\/wp-json\/wp\/v2\/tags?post=321338"}],"curies":[{"name":"wp","href":"https:\/\/api.w.org\/{rel}","templated":true}]}}