{"id":321335,"date":"2025-08-03T07:44:21","date_gmt":"2025-08-03T11:44:21","guid":{"rendered":"https:\/\/www.eldiario.net\/portal\/?p=321335"},"modified":"2025-08-03T07:44:21","modified_gmt":"2025-08-03T11:44:21","slug":"brasil-se-corona-campeon-de-la-copa-america-femenina","status":"publish","type":"post","link":"https:\/\/www.eldiario.net\/portal\/2025\/08\/03\/brasil-se-corona-campeon-de-la-copa-america-femenina\/","title":{"rendered":"Brasil se corona campe\u00f3n de la Copa Am\u00e9rica femenina"},"content":{"rendered":"<p>Brasil se coron\u00f3 por novena vez campe\u00f3n de la Copa Am\u00e9rica Femenina en una dram\u00e1tica y espectacular final con la de Colombia, que se resolvi\u00f3 en la tanda de penaltis (4-5) tras un partido lleno de giros de gui\u00f3n que se fue a la pr\u00f3rroga para terminar 4-4.<br \/>\nLa Canarinha mantuvo as\u00ed la hegemon\u00eda en el torneo al haber conquistado nueve de las diez ediciones que se han disputado.<br \/>\nA Colombia la Copa Am\u00e9rica Femenina le resulta esquiva, pues tres a\u00f1os antes, en Bucaramanga, perdi\u00f3 otra oportunidad al caer por 0-1 ante la Canarinha.<br \/>\nLas Cafeteras suman ya tres finales perdidas.<br \/>\nEn la Casa Blanca de Quito, tuvo m\u00e1s cerca el t\u00edtulo cuando la delantera del Chelsea Mayra Ram\u00edrez marc\u00f3 el 3-2 en el minuto 88.<br \/>\nPero entonces apareci\u00f3 &#8216;la Reina&#8217; de 39 a\u00f1os Marta, la mejor de todos los tiempos y proclamada seis veces por la FIFA como la Mejor Jugadora del mundo, para rescatar a Brasil con un ca\u00f1onazo en la \u00faltima jugada del tiempo reglamentario. El cron\u00f3metro marcaba 96 minutos.<br \/>\nLas dos selecciones protagonizaron una de las mejores finales de la Copa Am\u00e9rica que se recuerdan, con un emocionante y trepidante que se alarg\u00f3 media hora m\u00e1s hasta terminar con una tanda de penaltis.<br \/>\nLos goles de Brasil durante los 120 minutos de juego, fueron de Angelina, de penalti en el minuto 9 a\u00f1adido a los 45 minutos, Amanda en el 80; y de Marta en el 96 y 105.<br \/>\nColombia se fue adelante en el partido con un gol de Linda Caicedo en el minuto 25. Un autogol de Tarciane puso de nuevo en ventaja a las Cafeteras en el 69. Mayra Ram\u00edrez se\u00f1al\u00f3 lo que parec\u00eda el triunfo final en el 88. Y Leicy Santos puso a Colombia en los penaltis con un golazo de tiro libre en el 115.<\/p>\n","protected":false},"excerpt":{"rendered":"<p>Brasil se coron\u00f3 por novena vez campe\u00f3n de la Copa Am\u00e9rica Femenina en una dram\u00e1tica y espectacular final con la de Colombia, que se resolvi\u00f3 en la tanda de penaltis (4-5) tras un partido lleno de giros de gui\u00f3n que se fue a la pr\u00f3rroga para terminar 4-4. La Canarinha mantuvo as\u00ed la hegemon\u00eda en [&hellip;]<\/p>\n","protected":false},"author":1,"featured_media":321336,"comment_status":"closed","ping_status":"open","sticky":false,"template":"","format":"standard","meta":{"_acf_changed":false,"footnotes":""},"categories":[6],"tags":[],"class_list":["post-321335","post","type-post","status-publish","format-standard","has-post-thumbnail","category-deportes"],"acf":{"antetitulo":""},"yoast_head":"<!-- This site is optimized with the Yoast SEO plugin v28.3 - https:\/\/yoast.com\/product\/yoast-seo-wordpress\/ -->\n<title>Brasil se corona campe\u00f3n de la Copa Am\u00e9rica femenina - El Diario - Bolivia<\/title>\n<meta name=\"robots\" content=\"index, follow, max-snippet:-1, max-image-preview:large, max-video-preview:-1\" \/>\n<link rel=\"canonical\" href=\"https:\/\/www.eldiario.net\/portal\/2025\/08\/03\/brasil-se-corona-campeon-de-la-copa-america-femenina\/\" \/>\n<meta property=\"og:locale\" content=\"es_ES\" \/>\n<meta property=\"og:type\" content=\"article\" \/>\n<meta property=\"og:title\" content=\"Brasil se corona campe\u00f3n de la Copa Am\u00e9rica femenina - El Diario - Bolivia\" \/>\n<meta property=\"og:description\" content=\"Brasil se coron\u00f3 por novena vez campe\u00f3n de la Copa Am\u00e9rica Femenina en una dram\u00e1tica y espectacular final con la de Colombia, que se resolvi\u00f3 en la tanda de penaltis (4-5) tras un partido lleno de giros de gui\u00f3n que se fue a la pr\u00f3rroga para terminar 4-4. La Canarinha mantuvo as\u00ed la hegemon\u00eda en [&hellip;]\" \/>\n<meta property=\"og:url\" content=\"https:\/\/www.eldiario.net\/portal\/2025\/08\/03\/brasil-se-corona-campeon-de-la-copa-america-femenina\/\" \/>\n<meta property=\"og:site_name\" content=\"El Diario - Bolivia\" \/>\n<meta property=\"article:publisher\" content=\"https:\/\/www.facebook.com\/eldiario.bolivia\/\" \/>\n<meta property=\"article:published_time\" content=\"2025-08-03T11:44:21+00:00\" \/>\n<meta property=\"og:image\" content=\"https:\/\/www.eldiario.net\/portal\/wp-content\/uploads\/2025\/08\/BRASIL.webp\" \/>\n\t<meta property=\"og:image:width\" content=\"935\" \/>\n\t<meta property=\"og:image:height\" content=\"619\" \/>\n\t<meta property=\"og:image:type\" content=\"image\/webp\" \/>\n<meta name=\"author\" content=\"Jeanette\" \/>\n<meta name=\"twitter:card\" content=\"summary_large_image\" \/>\n<meta name=\"twitter:creator\" content=\"@eldiario_net\" \/>\n<meta name=\"twitter:site\" content=\"@eldiario_net\" \/>\n<meta name=\"twitter:label1\" content=\"Escrito por\" \/>\n\t<meta name=\"twitter:data1\" content=\"Jeanette\" \/>\n\t<meta name=\"twitter:label2\" content=\"Tiempo de lectura\" \/>\n\t<meta name=\"twitter:data2\" content=\"2 minutos\" \/>\n<script type=\"application\/ld+json\" class=\"yoast-schema-graph\">{\"@context\":\"https:\\\/\\\/schema.org\",\"@graph\":[{\"@type\":\"Article\",\"@id\":\"https:\\\/\\\/www.eldiario.net\\\/portal\\\/2025\\\/08\\\/03\\\/brasil-se-corona-campeon-de-la-copa-america-femenina\\\/#article\",\"isPartOf\":{\"@id\":\"https:\\\/\\\/www.eldiario.net\\\/portal\\\/2025\\\/08\\\/03\\\/brasil-se-corona-campeon-de-la-copa-america-femenina\\\/\"},\"author\":{\"name\":\"Jeanette\",\"@id\":\"https:\\\/\\\/www.eldiario.net\\\/portal\\\/#\\\/schema\\\/person\\\/f46445640444750d7d753ccd04ae01b7\"},\"headline\":\"Brasil se corona campe\u00f3n de la Copa Am\u00e9rica femenina\",\"datePublished\":\"2025-08-03T11:44:21+00:00\",\"mainEntityOfPage\":{\"@id\":\"https:\\\/\\\/www.eldiario.net\\\/portal\\\/2025\\\/08\\\/03\\\/brasil-se-corona-campeon-de-la-copa-america-femenina\\\/\"},\"wordCount\":323,\"publisher\":{\"@id\":\"https:\\\/\\\/www.eldiario.net\\\/portal\\\/#organization\"},\"image\":{\"@id\":\"https:\\\/\\\/www.eldiario.net\\\/portal\\\/2025\\\/08\\\/03\\\/brasil-se-corona-campeon-de-la-copa-america-femenina\\\/#primaryimage\"},\"thumbnailUrl\":\"https:\\\/\\\/www.eldiario.net\\\/portal\\\/wp-content\\\/uploads\\\/2025\\\/08\\\/BRASIL.webp\",\"articleSection\":[\"Deportes\"],\"inLanguage\":\"es\"},{\"@type\":\"WebPage\",\"@id\":\"https:\\\/\\\/www.eldiario.net\\\/portal\\\/2025\\\/08\\\/03\\\/brasil-se-corona-campeon-de-la-copa-america-femenina\\\/\",\"url\":\"https:\\\/\\\/www.eldiario.net\\\/portal\\\/2025\\\/08\\\/03\\\/brasil-se-corona-campeon-de-la-copa-america-femenina\\\/\",\"name\":\"Brasil se corona campe\u00f3n de la Copa Am\u00e9rica femenina - El Diario - Bolivia\",\"isPartOf\":{\"@id\":\"https:\\\/\\\/www.eldiario.net\\\/portal\\\/#website\"},\"primaryImageOfPage\":{\"@id\":\"https:\\\/\\\/www.eldiario.net\\\/portal\\\/2025\\\/08\\\/03\\\/brasil-se-corona-campeon-de-la-copa-america-femenina\\\/#primaryimage\"},\"image\":{\"@id\":\"https:\\\/\\\/www.eldiario.net\\\/portal\\\/2025\\\/08\\\/03\\\/brasil-se-corona-campeon-de-la-copa-america-femenina\\\/#primaryimage\"},\"thumbnailUrl\":\"https:\\\/\\\/www.eldiario.net\\\/portal\\\/wp-content\\\/uploads\\\/2025\\\/08\\\/BRASIL.webp\",\"datePublished\":\"2025-08-03T11:44:21+00:00\",\"breadcrumb\":{\"@id\":\"https:\\\/\\\/www.eldiario.net\\\/portal\\\/2025\\\/08\\\/03\\\/brasil-se-corona-campeon-de-la-copa-america-femenina\\\/#breadcrumb\"},\"inLanguage\":\"es\",\"potentialAction\":[{\"@type\":\"ReadAction\",\"target\":[\"https:\\\/\\\/www.eldiario.net\\\/portal\\\/2025\\\/08\\\/03\\\/brasil-se-corona-campeon-de-la-copa-america-femenina\\\/\"]}]},{\"@type\":\"ImageObject\",\"inLanguage\":\"es\",\"@id\":\"https:\\\/\\\/www.eldiario.net\\\/portal\\\/2025\\\/08\\\/03\\\/brasil-se-corona-campeon-de-la-copa-america-femenina\\\/#primaryimage\",\"url\":\"https:\\\/\\\/www.eldiario.net\\\/portal\\\/wp-content\\\/uploads\\\/2025\\\/08\\\/BRASIL.webp\",\"contentUrl\":\"https:\\\/\\\/www.eldiario.net\\\/portal\\\/wp-content\\\/uploads\\\/2025\\\/08\\\/BRASIL.webp\",\"width\":935,\"height\":619},{\"@type\":\"BreadcrumbList\",\"@id\":\"https:\\\/\\\/www.eldiario.net\\\/portal\\\/2025\\\/08\\\/03\\\/brasil-se-corona-campeon-de-la-copa-america-femenina\\\/#breadcrumb\",\"itemListElement\":[{\"@type\":\"ListItem\",\"position\":1,\"name\":\"Portada\",\"item\":\"https:\\\/\\\/www.eldiario.net\\\/portal\\\/\"},{\"@type\":\"ListItem\",\"position\":2,\"name\":\"Brasil se corona campe\u00f3n de la Copa Am\u00e9rica femenina\"}]},{\"@type\":\"WebSite\",\"@id\":\"https:\\\/\\\/www.eldiario.net\\\/portal\\\/#website\",\"url\":\"https:\\\/\\\/www.eldiario.net\\\/portal\\\/\",\"name\":\"El Diario - Decano de la prensa nacional\",\"description\":\"El Diario - Decano de la prensa nacional\",\"publisher\":{\"@id\":\"https:\\\/\\\/www.eldiario.net\\\/portal\\\/#organization\"},\"potentialAction\":[{\"@type\":\"SearchAction\",\"target\":{\"@type\":\"EntryPoint\",\"urlTemplate\":\"https:\\\/\\\/www.eldiario.net\\\/portal\\\/?s={search_term_string}\"},\"query-input\":{\"@type\":\"PropertyValueSpecification\",\"valueRequired\":true,\"valueName\":\"search_term_string\"}}],\"inLanguage\":\"es\"},{\"@type\":\"Organization\",\"@id\":\"https:\\\/\\\/www.eldiario.net\\\/portal\\\/#organization\",\"name\":\"El Diario - Decano de la prensa nacional\",\"url\":\"https:\\\/\\\/www.eldiario.net\\\/portal\\\/\",\"logo\":{\"@type\":\"ImageObject\",\"inLanguage\":\"es\",\"@id\":\"https:\\\/\\\/www.eldiario.net\\\/portal\\\/#\\\/schema\\\/logo\\\/image\\\/\",\"url\":\"https:\\\/\\\/www.eldiario.net\\\/portal\\\/wp-content\\\/uploads\\\/2023\\\/07\\\/logo_ED.jpg\",\"contentUrl\":\"https:\\\/\\\/www.eldiario.net\\\/portal\\\/wp-content\\\/uploads\\\/2023\\\/07\\\/logo_ED.jpg\",\"width\":272,\"height\":52,\"caption\":\"El Diario - Decano de la prensa nacional\"},\"image\":{\"@id\":\"https:\\\/\\\/www.eldiario.net\\\/portal\\\/#\\\/schema\\\/logo\\\/image\\\/\"},\"sameAs\":[\"https:\\\/\\\/www.facebook.com\\\/eldiario.bolivia\\\/\",\"https:\\\/\\\/x.com\\\/eldiario_net\"]},{\"@type\":\"Person\",\"@id\":\"https:\\\/\\\/www.eldiario.net\\\/portal\\\/#\\\/schema\\\/person\\\/f46445640444750d7d753ccd04ae01b7\",\"name\":\"Jeanette\",\"image\":{\"@type\":\"ImageObject\",\"inLanguage\":\"es\",\"@id\":\"https:\\\/\\\/secure.gravatar.com\\\/avatar\\\/3ea2118a5f7dad2b7138b1187a6b7ee55f160b9968b66013c3a3ef39dd7e5798?s=96&d=mm&r=g\",\"url\":\"https:\\\/\\\/secure.gravatar.com\\\/avatar\\\/3ea2118a5f7dad2b7138b1187a6b7ee55f160b9968b66013c3a3ef39dd7e5798?s=96&d=mm&r=g\",\"contentUrl\":\"https:\\\/\\\/secure.gravatar.com\\\/avatar\\\/3ea2118a5f7dad2b7138b1187a6b7ee55f160b9968b66013c3a3ef39dd7e5798?s=96&d=mm&r=g\",\"caption\":\"Jeanette\"},\"sameAs\":[\"https:\\\/\\\/www.eldiario.net\\\/portal\"],\"url\":\"https:\\\/\\\/www.eldiario.net\\\/portal\\\/author\\\/jeanette\\\/\"}]}<\/script>\n<!-- \/ Yoast SEO plugin. -->","yoast_head_json":{"title":"Brasil se corona campe\u00f3n de la Copa Am\u00e9rica femenina - El Diario - Bolivia","robots":{"index":"index","follow":"follow","max-snippet":"max-snippet:-1","max-image-preview":"max-image-preview:large","max-video-preview":"max-video-preview:-1"},"canonical":"https:\/\/www.eldiario.net\/portal\/2025\/08\/03\/brasil-se-corona-campeon-de-la-copa-america-femenina\/","og_locale":"es_ES","og_type":"article","og_title":"Brasil se corona campe\u00f3n de la Copa Am\u00e9rica femenina - El Diario - Bolivia","og_description":"Brasil se coron\u00f3 por novena vez campe\u00f3n de la Copa Am\u00e9rica Femenina en una dram\u00e1tica y espectacular final con la de Colombia, que se resolvi\u00f3 en la tanda de penaltis (4-5) tras un partido lleno de giros de gui\u00f3n que se fue a la pr\u00f3rroga para terminar 4-4. La Canarinha mantuvo as\u00ed la hegemon\u00eda en [&hellip;]","og_url":"https:\/\/www.eldiario.net\/portal\/2025\/08\/03\/brasil-se-corona-campeon-de-la-copa-america-femenina\/","og_site_name":"El Diario - Bolivia","article_publisher":"https:\/\/www.facebook.com\/eldiario.bolivia\/","article_published_time":"2025-08-03T11:44:21+00:00","og_image":[{"width":935,"height":619,"url":"https:\/\/www.eldiario.net\/portal\/wp-content\/uploads\/2025\/08\/BRASIL.webp","type":"image\/webp"}],"author":"Jeanette","twitter_card":"summary_large_image","twitter_creator":"@eldiario_net","twitter_site":"@eldiario_net","twitter_misc":{"Escrito por":"Jeanette","Tiempo de lectura":"2 minutos"},"schema":{"@context":"https:\/\/schema.org","@graph":[{"@type":"Article","@id":"https:\/\/www.eldiario.net\/portal\/2025\/08\/03\/brasil-se-corona-campeon-de-la-copa-america-femenina\/#article","isPartOf":{"@id":"https:\/\/www.eldiario.net\/portal\/2025\/08\/03\/brasil-se-corona-campeon-de-la-copa-america-femenina\/"},"author":{"name":"Jeanette","@id":"https:\/\/www.eldiario.net\/portal\/#\/schema\/person\/f46445640444750d7d753ccd04ae01b7"},"headline":"Brasil se corona campe\u00f3n de la Copa Am\u00e9rica femenina","datePublished":"2025-08-03T11:44:21+00:00","mainEntityOfPage":{"@id":"https:\/\/www.eldiario.net\/portal\/2025\/08\/03\/brasil-se-corona-campeon-de-la-copa-america-femenina\/"},"wordCount":323,"publisher":{"@id":"https:\/\/www.eldiario.net\/portal\/#organization"},"image":{"@id":"https:\/\/www.eldiario.net\/portal\/2025\/08\/03\/brasil-se-corona-campeon-de-la-copa-america-femenina\/#primaryimage"},"thumbnailUrl":"https:\/\/www.eldiario.net\/portal\/wp-content\/uploads\/2025\/08\/BRASIL.webp","articleSection":["Deportes"],"inLanguage":"es"},{"@type":"WebPage","@id":"https:\/\/www.eldiario.net\/portal\/2025\/08\/03\/brasil-se-corona-campeon-de-la-copa-america-femenina\/","url":"https:\/\/www.eldiario.net\/portal\/2025\/08\/03\/brasil-se-corona-campeon-de-la-copa-america-femenina\/","name":"Brasil se corona campe\u00f3n de la Copa Am\u00e9rica femenina - El Diario - Bolivia","isPartOf":{"@id":"https:\/\/www.eldiario.net\/portal\/#website"},"primaryImageOfPage":{"@id":"https:\/\/www.eldiario.net\/portal\/2025\/08\/03\/brasil-se-corona-campeon-de-la-copa-america-femenina\/#primaryimage"},"image":{"@id":"https:\/\/www.eldiario.net\/portal\/2025\/08\/03\/brasil-se-corona-campeon-de-la-copa-america-femenina\/#primaryimage"},"thumbnailUrl":"https:\/\/www.eldiario.net\/portal\/wp-content\/uploads\/2025\/08\/BRASIL.webp","datePublished":"2025-08-03T11:44:21+00:00","breadcrumb":{"@id":"https:\/\/www.eldiario.net\/portal\/2025\/08\/03\/brasil-se-corona-campeon-de-la-copa-america-femenina\/#breadcrumb"},"inLanguage":"es","potentialAction":[{"@type":"ReadAction","target":["https:\/\/www.eldiario.net\/portal\/2025\/08\/03\/brasil-se-corona-campeon-de-la-copa-america-femenina\/"]}]},{"@type":"ImageObject","inLanguage":"es","@id":"https:\/\/www.eldiario.net\/portal\/2025\/08\/03\/brasil-se-corona-campeon-de-la-copa-america-femenina\/#primaryimage","url":"https:\/\/www.eldiario.net\/portal\/wp-content\/uploads\/2025\/08\/BRASIL.webp","contentUrl":"https:\/\/www.eldiario.net\/portal\/wp-content\/uploads\/2025\/08\/BRASIL.webp","width":935,"height":619},{"@type":"BreadcrumbList","@id":"https:\/\/www.eldiario.net\/portal\/2025\/08\/03\/brasil-se-corona-campeon-de-la-copa-america-femenina\/#breadcrumb","itemListElement":[{"@type":"ListItem","position":1,"name":"Portada","item":"https:\/\/www.eldiario.net\/portal\/"},{"@type":"ListItem","position":2,"name":"Brasil se corona campe\u00f3n de la Copa Am\u00e9rica femenina"}]},{"@type":"WebSite","@id":"https:\/\/www.eldiario.net\/portal\/#website","url":"https:\/\/www.eldiario.net\/portal\/","name":"El Diario - Decano de la prensa nacional","description":"El Diario - Decano de la prensa nacional","publisher":{"@id":"https:\/\/www.eldiario.net\/portal\/#organization"},"potentialAction":[{"@type":"SearchAction","target":{"@type":"EntryPoint","urlTemplate":"https:\/\/www.eldiario.net\/portal\/?s={search_term_string}"},"query-input":{"@type":"PropertyValueSpecification","valueRequired":true,"valueName":"search_term_string"}}],"inLanguage":"es"},{"@type":"Organization","@id":"https:\/\/www.eldiario.net\/portal\/#organization","name":"El Diario - Decano de la prensa nacional","url":"https:\/\/www.eldiario.net\/portal\/","logo":{"@type":"ImageObject","inLanguage":"es","@id":"https:\/\/www.eldiario.net\/portal\/#\/schema\/logo\/image\/","url":"https:\/\/www.eldiario.net\/portal\/wp-content\/uploads\/2023\/07\/logo_ED.jpg","contentUrl":"https:\/\/www.eldiario.net\/portal\/wp-content\/uploads\/2023\/07\/logo_ED.jpg","width":272,"height":52,"caption":"El Diario - Decano de la prensa nacional"},"image":{"@id":"https:\/\/www.eldiario.net\/portal\/#\/schema\/logo\/image\/"},"sameAs":["https:\/\/www.facebook.com\/eldiario.bolivia\/","https:\/\/x.com\/eldiario_net"]},{"@type":"Person","@id":"https:\/\/www.eldiario.net\/portal\/#\/schema\/person\/f46445640444750d7d753ccd04ae01b7","name":"Jeanette","image":{"@type":"ImageObject","inLanguage":"es","@id":"https:\/\/secure.gravatar.com\/avatar\/3ea2118a5f7dad2b7138b1187a6b7ee55f160b9968b66013c3a3ef39dd7e5798?s=96&d=mm&r=g","url":"https:\/\/secure.gravatar.com\/avatar\/3ea2118a5f7dad2b7138b1187a6b7ee55f160b9968b66013c3a3ef39dd7e5798?s=96&d=mm&r=g","contentUrl":"https:\/\/secure.gravatar.com\/avatar\/3ea2118a5f7dad2b7138b1187a6b7ee55f160b9968b66013c3a3ef39dd7e5798?s=96&d=mm&r=g","caption":"Jeanette"},"sameAs":["https:\/\/www.eldiario.net\/portal"],"url":"https:\/\/www.eldiario.net\/portal\/author\/jeanette\/"}]}},"_links":{"self":[{"href":"https:\/\/www.eldiario.net\/portal\/wp-json\/wp\/v2\/posts\/321335","targetHints":{"allow":["GET"]}}],"collection":[{"href":"https:\/\/www.eldiario.net\/portal\/wp-json\/wp\/v2\/posts"}],"about":[{"href":"https:\/\/www.eldiario.net\/portal\/wp-json\/wp\/v2\/types\/post"}],"author":[{"embeddable":true,"href":"https:\/\/www.eldiario.net\/portal\/wp-json\/wp\/v2\/users\/1"}],"replies":[{"embeddable":true,"href":"https:\/\/www.eldiario.net\/portal\/wp-json\/wp\/v2\/comments?post=321335"}],"version-history":[{"count":1,"href":"https:\/\/www.eldiario.net\/portal\/wp-json\/wp\/v2\/posts\/321335\/revisions"}],"predecessor-version":[{"id":321337,"href":"https:\/\/www.eldiario.net\/portal\/wp-json\/wp\/v2\/posts\/321335\/revisions\/321337"}],"wp:featuredmedia":[{"embeddable":true,"href":"https:\/\/www.eldiario.net\/portal\/wp-json\/wp\/v2\/media\/321336"}],"wp:attachment":[{"href":"https:\/\/www.eldiario.net\/portal\/wp-json\/wp\/v2\/media?parent=321335"}],"wp:term":[{"taxonomy":"category","embeddable":true,"href":"https:\/\/www.eldiario.net\/portal\/wp-json\/wp\/v2\/categories?post=321335"},{"taxonomy":"post_tag","embeddable":true,"href":"https:\/\/www.eldiario.net\/portal\/wp-json\/wp\/v2\/tags?post=321335"}],"curies":[{"name":"wp","href":"https:\/\/api.w.org\/{rel}","templated":true}]}}