{"id":321332,"date":"2025-08-03T07:38:24","date_gmt":"2025-08-03T11:38:24","guid":{"rendered":"https:\/\/www.eldiario.net\/portal\/?p=321332"},"modified":"2025-08-03T07:38:24","modified_gmt":"2025-08-03T11:38:24","slug":"solo-el-30-del-incendio-en-la-serrania-de-sama-fue-controlado","status":"publish","type":"post","link":"https:\/\/www.eldiario.net\/portal\/2025\/08\/03\/solo-el-30-del-incendio-en-la-serrania-de-sama-fue-controlado\/","title":{"rendered":"Solo el 30% del incendio en la  serran\u00eda de Sama fue controlado"},"content":{"rendered":"<p>El viceministro de Defensa Civil, Juan Carlos Calvimontes, dijo que el 30% del incendio en la serran\u00eda de Sama (Tarija) fue controlado por los equipos terrestres y a\u00e9reos, que van sofocando el fuego en esta regi\u00f3n del sur del pa\u00eds.<br \/>\nSin embargo, el viceministro aclar\u00f3 que a\u00fan existen \u201csectores cr\u00edticos\u201d y que los trabajos continuar\u00e1n. La autoridad detall\u00f3 la cantidad de efectivos desplegados para combatir el incendio.<br \/>\nPor su parte, el gobernador de Tarija \u00d3scar Montes, dio a conocer un reporte preliminar sobre los puntos m\u00e1s cr\u00edticos. La autoridad espera que los equipos de Bomberos y otras organizaciones puedan controlar el fuego.<br \/>\nMUERTE<br \/>\nMedios de Tarija reportaron la muerte del hombre sospechoso de haber iniciado el incendio en la serran\u00eda de Sama. La v\u00edctima sufri\u00f3 quemaduras graves tras ser alcanzada por las llamas.<br \/>\nEl Pa\u00eds de Tarija inform\u00f3 que Juan Pari, de 57 a\u00f1os, falleci\u00f3 debido a las quemaduras que afectaban al 90% de su cuerpo.<br \/>\nEl medio Hola Bolivia, citado por El Pa\u00eds, indic\u00f3 que los familiares de Pari acudieron al Hospital Regional San Juan de Dios de Tarija para realizar los tr\u00e1mites de recogida del cuerpo.<br \/>\nEl incendio contin\u00faa activo y ha afectado a m\u00e1s de una decena de comunidades, adem\u00e1s de varios barrios periurbanos de la ciudad de Tarija. (Tarija, agencias)<\/p>\n","protected":false},"excerpt":{"rendered":"<p>El viceministro de Defensa Civil, Juan Carlos Calvimontes, dijo que el 30% del incendio en la serran\u00eda de Sama (Tarija) fue controlado por los equipos terrestres y a\u00e9reos, que van sofocando el fuego en esta regi\u00f3n del sur del pa\u00eds. Sin embargo, el viceministro aclar\u00f3 que a\u00fan existen \u201csectores cr\u00edticos\u201d y que los trabajos continuar\u00e1n. [&hellip;]<\/p>\n","protected":false},"author":1,"featured_media":321333,"comment_status":"closed","ping_status":"open","sticky":false,"template":"","format":"standard","meta":{"_acf_changed":false,"footnotes":""},"categories":[12],"tags":[],"class_list":["post-321332","post","type-post","status-publish","format-standard","has-post-thumbnail","category-nacional"],"acf":{"antetitulo":"Tarija"},"yoast_head":"<!-- This site is optimized with the Yoast SEO plugin v28.3 - https:\/\/yoast.com\/product\/yoast-seo-wordpress\/ -->\n<title>Solo el 30% del incendio en la serran\u00eda de Sama fue controlado - El Diario - Bolivia<\/title>\n<meta name=\"robots\" content=\"index, follow, max-snippet:-1, max-image-preview:large, max-video-preview:-1\" \/>\n<link rel=\"canonical\" href=\"https:\/\/www.eldiario.net\/portal\/2025\/08\/03\/solo-el-30-del-incendio-en-la-serrania-de-sama-fue-controlado\/\" \/>\n<meta property=\"og:locale\" content=\"es_ES\" \/>\n<meta property=\"og:type\" content=\"article\" \/>\n<meta property=\"og:title\" content=\"Solo el 30% del incendio en la serran\u00eda de Sama fue controlado - El Diario - Bolivia\" \/>\n<meta property=\"og:description\" content=\"El viceministro de Defensa Civil, Juan Carlos Calvimontes, dijo que el 30% del incendio en la serran\u00eda de Sama (Tarija) fue controlado por los equipos terrestres y a\u00e9reos, que van sofocando el fuego en esta regi\u00f3n del sur del pa\u00eds. Sin embargo, el viceministro aclar\u00f3 que a\u00fan existen \u201csectores cr\u00edticos\u201d y que los trabajos continuar\u00e1n. [&hellip;]\" \/>\n<meta property=\"og:url\" content=\"https:\/\/www.eldiario.net\/portal\/2025\/08\/03\/solo-el-30-del-incendio-en-la-serrania-de-sama-fue-controlado\/\" \/>\n<meta property=\"og:site_name\" content=\"El Diario - Bolivia\" \/>\n<meta property=\"article:publisher\" content=\"https:\/\/www.facebook.com\/eldiario.bolivia\/\" \/>\n<meta property=\"article:published_time\" content=\"2025-08-03T11:38:24+00:00\" \/>\n<meta property=\"og:image\" content=\"https:\/\/www.eldiario.net\/portal\/wp-content\/uploads\/2025\/08\/10-NAL-COLOR.webp\" \/>\n\t<meta property=\"og:image:width\" content=\"1280\" \/>\n\t<meta property=\"og:image:height\" content=\"545\" \/>\n\t<meta property=\"og:image:type\" content=\"image\/webp\" \/>\n<meta name=\"author\" content=\"Jeanette\" \/>\n<meta name=\"twitter:card\" content=\"summary_large_image\" \/>\n<meta name=\"twitter:creator\" content=\"@eldiario_net\" \/>\n<meta name=\"twitter:site\" content=\"@eldiario_net\" \/>\n<meta name=\"twitter:label1\" content=\"Escrito por\" \/>\n\t<meta name=\"twitter:data1\" content=\"Jeanette\" \/>\n\t<meta name=\"twitter:label2\" content=\"Tiempo de lectura\" \/>\n\t<meta name=\"twitter:data2\" content=\"2 minutos\" \/>\n<script type=\"application\/ld+json\" class=\"yoast-schema-graph\">{\"@context\":\"https:\\\/\\\/schema.org\",\"@graph\":[{\"@type\":\"Article\",\"@id\":\"https:\\\/\\\/www.eldiario.net\\\/portal\\\/2025\\\/08\\\/03\\\/solo-el-30-del-incendio-en-la-serrania-de-sama-fue-controlado\\\/#article\",\"isPartOf\":{\"@id\":\"https:\\\/\\\/www.eldiario.net\\\/portal\\\/2025\\\/08\\\/03\\\/solo-el-30-del-incendio-en-la-serrania-de-sama-fue-controlado\\\/\"},\"author\":{\"name\":\"Jeanette\",\"@id\":\"https:\\\/\\\/www.eldiario.net\\\/portal\\\/#\\\/schema\\\/person\\\/f46445640444750d7d753ccd04ae01b7\"},\"headline\":\"Solo el 30% del incendio en la serran\u00eda de Sama fue controlado\",\"datePublished\":\"2025-08-03T11:38:24+00:00\",\"mainEntityOfPage\":{\"@id\":\"https:\\\/\\\/www.eldiario.net\\\/portal\\\/2025\\\/08\\\/03\\\/solo-el-30-del-incendio-en-la-serrania-de-sama-fue-controlado\\\/\"},\"wordCount\":241,\"publisher\":{\"@id\":\"https:\\\/\\\/www.eldiario.net\\\/portal\\\/#organization\"},\"image\":{\"@id\":\"https:\\\/\\\/www.eldiario.net\\\/portal\\\/2025\\\/08\\\/03\\\/solo-el-30-del-incendio-en-la-serrania-de-sama-fue-controlado\\\/#primaryimage\"},\"thumbnailUrl\":\"https:\\\/\\\/www.eldiario.net\\\/portal\\\/wp-content\\\/uploads\\\/2025\\\/08\\\/10-NAL-COLOR.webp\",\"articleSection\":[\"Nacional\"],\"inLanguage\":\"es\"},{\"@type\":\"WebPage\",\"@id\":\"https:\\\/\\\/www.eldiario.net\\\/portal\\\/2025\\\/08\\\/03\\\/solo-el-30-del-incendio-en-la-serrania-de-sama-fue-controlado\\\/\",\"url\":\"https:\\\/\\\/www.eldiario.net\\\/portal\\\/2025\\\/08\\\/03\\\/solo-el-30-del-incendio-en-la-serrania-de-sama-fue-controlado\\\/\",\"name\":\"Solo el 30% del incendio en la serran\u00eda de Sama fue controlado - El Diario - Bolivia\",\"isPartOf\":{\"@id\":\"https:\\\/\\\/www.eldiario.net\\\/portal\\\/#website\"},\"primaryImageOfPage\":{\"@id\":\"https:\\\/\\\/www.eldiario.net\\\/portal\\\/2025\\\/08\\\/03\\\/solo-el-30-del-incendio-en-la-serrania-de-sama-fue-controlado\\\/#primaryimage\"},\"image\":{\"@id\":\"https:\\\/\\\/www.eldiario.net\\\/portal\\\/2025\\\/08\\\/03\\\/solo-el-30-del-incendio-en-la-serrania-de-sama-fue-controlado\\\/#primaryimage\"},\"thumbnailUrl\":\"https:\\\/\\\/www.eldiario.net\\\/portal\\\/wp-content\\\/uploads\\\/2025\\\/08\\\/10-NAL-COLOR.webp\",\"datePublished\":\"2025-08-03T11:38:24+00:00\",\"breadcrumb\":{\"@id\":\"https:\\\/\\\/www.eldiario.net\\\/portal\\\/2025\\\/08\\\/03\\\/solo-el-30-del-incendio-en-la-serrania-de-sama-fue-controlado\\\/#breadcrumb\"},\"inLanguage\":\"es\",\"potentialAction\":[{\"@type\":\"ReadAction\",\"target\":[\"https:\\\/\\\/www.eldiario.net\\\/portal\\\/2025\\\/08\\\/03\\\/solo-el-30-del-incendio-en-la-serrania-de-sama-fue-controlado\\\/\"]}]},{\"@type\":\"ImageObject\",\"inLanguage\":\"es\",\"@id\":\"https:\\\/\\\/www.eldiario.net\\\/portal\\\/2025\\\/08\\\/03\\\/solo-el-30-del-incendio-en-la-serrania-de-sama-fue-controlado\\\/#primaryimage\",\"url\":\"https:\\\/\\\/www.eldiario.net\\\/portal\\\/wp-content\\\/uploads\\\/2025\\\/08\\\/10-NAL-COLOR.webp\",\"contentUrl\":\"https:\\\/\\\/www.eldiario.net\\\/portal\\\/wp-content\\\/uploads\\\/2025\\\/08\\\/10-NAL-COLOR.webp\",\"width\":1280,\"height\":545,\"caption\":\"Sector sofocado de la serran\u00eda de Sama.\"},{\"@type\":\"BreadcrumbList\",\"@id\":\"https:\\\/\\\/www.eldiario.net\\\/portal\\\/2025\\\/08\\\/03\\\/solo-el-30-del-incendio-en-la-serrania-de-sama-fue-controlado\\\/#breadcrumb\",\"itemListElement\":[{\"@type\":\"ListItem\",\"position\":1,\"name\":\"Portada\",\"item\":\"https:\\\/\\\/www.eldiario.net\\\/portal\\\/\"},{\"@type\":\"ListItem\",\"position\":2,\"name\":\"Solo el 30% del incendio en la serran\u00eda de Sama fue controlado\"}]},{\"@type\":\"WebSite\",\"@id\":\"https:\\\/\\\/www.eldiario.net\\\/portal\\\/#website\",\"url\":\"https:\\\/\\\/www.eldiario.net\\\/portal\\\/\",\"name\":\"El Diario - Decano de la prensa nacional\",\"description\":\"El Diario - Decano de la prensa nacional\",\"publisher\":{\"@id\":\"https:\\\/\\\/www.eldiario.net\\\/portal\\\/#organization\"},\"potentialAction\":[{\"@type\":\"SearchAction\",\"target\":{\"@type\":\"EntryPoint\",\"urlTemplate\":\"https:\\\/\\\/www.eldiario.net\\\/portal\\\/?s={search_term_string}\"},\"query-input\":{\"@type\":\"PropertyValueSpecification\",\"valueRequired\":true,\"valueName\":\"search_term_string\"}}],\"inLanguage\":\"es\"},{\"@type\":\"Organization\",\"@id\":\"https:\\\/\\\/www.eldiario.net\\\/portal\\\/#organization\",\"name\":\"El Diario - Decano de la prensa nacional\",\"url\":\"https:\\\/\\\/www.eldiario.net\\\/portal\\\/\",\"logo\":{\"@type\":\"ImageObject\",\"inLanguage\":\"es\",\"@id\":\"https:\\\/\\\/www.eldiario.net\\\/portal\\\/#\\\/schema\\\/logo\\\/image\\\/\",\"url\":\"https:\\\/\\\/www.eldiario.net\\\/portal\\\/wp-content\\\/uploads\\\/2023\\\/07\\\/logo_ED.jpg\",\"contentUrl\":\"https:\\\/\\\/www.eldiario.net\\\/portal\\\/wp-content\\\/uploads\\\/2023\\\/07\\\/logo_ED.jpg\",\"width\":272,\"height\":52,\"caption\":\"El Diario - Decano de la prensa nacional\"},\"image\":{\"@id\":\"https:\\\/\\\/www.eldiario.net\\\/portal\\\/#\\\/schema\\\/logo\\\/image\\\/\"},\"sameAs\":[\"https:\\\/\\\/www.facebook.com\\\/eldiario.bolivia\\\/\",\"https:\\\/\\\/x.com\\\/eldiario_net\"]},{\"@type\":\"Person\",\"@id\":\"https:\\\/\\\/www.eldiario.net\\\/portal\\\/#\\\/schema\\\/person\\\/f46445640444750d7d753ccd04ae01b7\",\"name\":\"Jeanette\",\"image\":{\"@type\":\"ImageObject\",\"inLanguage\":\"es\",\"@id\":\"https:\\\/\\\/secure.gravatar.com\\\/avatar\\\/3ea2118a5f7dad2b7138b1187a6b7ee55f160b9968b66013c3a3ef39dd7e5798?s=96&d=mm&r=g\",\"url\":\"https:\\\/\\\/secure.gravatar.com\\\/avatar\\\/3ea2118a5f7dad2b7138b1187a6b7ee55f160b9968b66013c3a3ef39dd7e5798?s=96&d=mm&r=g\",\"contentUrl\":\"https:\\\/\\\/secure.gravatar.com\\\/avatar\\\/3ea2118a5f7dad2b7138b1187a6b7ee55f160b9968b66013c3a3ef39dd7e5798?s=96&d=mm&r=g\",\"caption\":\"Jeanette\"},\"sameAs\":[\"https:\\\/\\\/www.eldiario.net\\\/portal\"],\"url\":\"https:\\\/\\\/www.eldiario.net\\\/portal\\\/author\\\/jeanette\\\/\"}]}<\/script>\n<!-- \/ Yoast SEO plugin. -->","yoast_head_json":{"title":"Solo el 30% del incendio en la serran\u00eda de Sama fue controlado - El Diario - Bolivia","robots":{"index":"index","follow":"follow","max-snippet":"max-snippet:-1","max-image-preview":"max-image-preview:large","max-video-preview":"max-video-preview:-1"},"canonical":"https:\/\/www.eldiario.net\/portal\/2025\/08\/03\/solo-el-30-del-incendio-en-la-serrania-de-sama-fue-controlado\/","og_locale":"es_ES","og_type":"article","og_title":"Solo el 30% del incendio en la serran\u00eda de Sama fue controlado - El Diario - Bolivia","og_description":"El viceministro de Defensa Civil, Juan Carlos Calvimontes, dijo que el 30% del incendio en la serran\u00eda de Sama (Tarija) fue controlado por los equipos terrestres y a\u00e9reos, que van sofocando el fuego en esta regi\u00f3n del sur del pa\u00eds. Sin embargo, el viceministro aclar\u00f3 que a\u00fan existen \u201csectores cr\u00edticos\u201d y que los trabajos continuar\u00e1n. [&hellip;]","og_url":"https:\/\/www.eldiario.net\/portal\/2025\/08\/03\/solo-el-30-del-incendio-en-la-serrania-de-sama-fue-controlado\/","og_site_name":"El Diario - Bolivia","article_publisher":"https:\/\/www.facebook.com\/eldiario.bolivia\/","article_published_time":"2025-08-03T11:38:24+00:00","og_image":[{"width":1280,"height":545,"url":"https:\/\/www.eldiario.net\/portal\/wp-content\/uploads\/2025\/08\/10-NAL-COLOR.webp","type":"image\/webp"}],"author":"Jeanette","twitter_card":"summary_large_image","twitter_creator":"@eldiario_net","twitter_site":"@eldiario_net","twitter_misc":{"Escrito por":"Jeanette","Tiempo de lectura":"2 minutos"},"schema":{"@context":"https:\/\/schema.org","@graph":[{"@type":"Article","@id":"https:\/\/www.eldiario.net\/portal\/2025\/08\/03\/solo-el-30-del-incendio-en-la-serrania-de-sama-fue-controlado\/#article","isPartOf":{"@id":"https:\/\/www.eldiario.net\/portal\/2025\/08\/03\/solo-el-30-del-incendio-en-la-serrania-de-sama-fue-controlado\/"},"author":{"name":"Jeanette","@id":"https:\/\/www.eldiario.net\/portal\/#\/schema\/person\/f46445640444750d7d753ccd04ae01b7"},"headline":"Solo el 30% del incendio en la serran\u00eda de Sama fue controlado","datePublished":"2025-08-03T11:38:24+00:00","mainEntityOfPage":{"@id":"https:\/\/www.eldiario.net\/portal\/2025\/08\/03\/solo-el-30-del-incendio-en-la-serrania-de-sama-fue-controlado\/"},"wordCount":241,"publisher":{"@id":"https:\/\/www.eldiario.net\/portal\/#organization"},"image":{"@id":"https:\/\/www.eldiario.net\/portal\/2025\/08\/03\/solo-el-30-del-incendio-en-la-serrania-de-sama-fue-controlado\/#primaryimage"},"thumbnailUrl":"https:\/\/www.eldiario.net\/portal\/wp-content\/uploads\/2025\/08\/10-NAL-COLOR.webp","articleSection":["Nacional"],"inLanguage":"es"},{"@type":"WebPage","@id":"https:\/\/www.eldiario.net\/portal\/2025\/08\/03\/solo-el-30-del-incendio-en-la-serrania-de-sama-fue-controlado\/","url":"https:\/\/www.eldiario.net\/portal\/2025\/08\/03\/solo-el-30-del-incendio-en-la-serrania-de-sama-fue-controlado\/","name":"Solo el 30% del incendio en la serran\u00eda de Sama fue controlado - El Diario - Bolivia","isPartOf":{"@id":"https:\/\/www.eldiario.net\/portal\/#website"},"primaryImageOfPage":{"@id":"https:\/\/www.eldiario.net\/portal\/2025\/08\/03\/solo-el-30-del-incendio-en-la-serrania-de-sama-fue-controlado\/#primaryimage"},"image":{"@id":"https:\/\/www.eldiario.net\/portal\/2025\/08\/03\/solo-el-30-del-incendio-en-la-serrania-de-sama-fue-controlado\/#primaryimage"},"thumbnailUrl":"https:\/\/www.eldiario.net\/portal\/wp-content\/uploads\/2025\/08\/10-NAL-COLOR.webp","datePublished":"2025-08-03T11:38:24+00:00","breadcrumb":{"@id":"https:\/\/www.eldiario.net\/portal\/2025\/08\/03\/solo-el-30-del-incendio-en-la-serrania-de-sama-fue-controlado\/#breadcrumb"},"inLanguage":"es","potentialAction":[{"@type":"ReadAction","target":["https:\/\/www.eldiario.net\/portal\/2025\/08\/03\/solo-el-30-del-incendio-en-la-serrania-de-sama-fue-controlado\/"]}]},{"@type":"ImageObject","inLanguage":"es","@id":"https:\/\/www.eldiario.net\/portal\/2025\/08\/03\/solo-el-30-del-incendio-en-la-serrania-de-sama-fue-controlado\/#primaryimage","url":"https:\/\/www.eldiario.net\/portal\/wp-content\/uploads\/2025\/08\/10-NAL-COLOR.webp","contentUrl":"https:\/\/www.eldiario.net\/portal\/wp-content\/uploads\/2025\/08\/10-NAL-COLOR.webp","width":1280,"height":545,"caption":"Sector sofocado de la serran\u00eda de Sama."},{"@type":"BreadcrumbList","@id":"https:\/\/www.eldiario.net\/portal\/2025\/08\/03\/solo-el-30-del-incendio-en-la-serrania-de-sama-fue-controlado\/#breadcrumb","itemListElement":[{"@type":"ListItem","position":1,"name":"Portada","item":"https:\/\/www.eldiario.net\/portal\/"},{"@type":"ListItem","position":2,"name":"Solo el 30% del incendio en la serran\u00eda de Sama fue controlado"}]},{"@type":"WebSite","@id":"https:\/\/www.eldiario.net\/portal\/#website","url":"https:\/\/www.eldiario.net\/portal\/","name":"El Diario - Decano de la prensa nacional","description":"El Diario - Decano de la prensa nacional","publisher":{"@id":"https:\/\/www.eldiario.net\/portal\/#organization"},"potentialAction":[{"@type":"SearchAction","target":{"@type":"EntryPoint","urlTemplate":"https:\/\/www.eldiario.net\/portal\/?s={search_term_string}"},"query-input":{"@type":"PropertyValueSpecification","valueRequired":true,"valueName":"search_term_string"}}],"inLanguage":"es"},{"@type":"Organization","@id":"https:\/\/www.eldiario.net\/portal\/#organization","name":"El Diario - Decano de la prensa nacional","url":"https:\/\/www.eldiario.net\/portal\/","logo":{"@type":"ImageObject","inLanguage":"es","@id":"https:\/\/www.eldiario.net\/portal\/#\/schema\/logo\/image\/","url":"https:\/\/www.eldiario.net\/portal\/wp-content\/uploads\/2023\/07\/logo_ED.jpg","contentUrl":"https:\/\/www.eldiario.net\/portal\/wp-content\/uploads\/2023\/07\/logo_ED.jpg","width":272,"height":52,"caption":"El Diario - Decano de la prensa nacional"},"image":{"@id":"https:\/\/www.eldiario.net\/portal\/#\/schema\/logo\/image\/"},"sameAs":["https:\/\/www.facebook.com\/eldiario.bolivia\/","https:\/\/x.com\/eldiario_net"]},{"@type":"Person","@id":"https:\/\/www.eldiario.net\/portal\/#\/schema\/person\/f46445640444750d7d753ccd04ae01b7","name":"Jeanette","image":{"@type":"ImageObject","inLanguage":"es","@id":"https:\/\/secure.gravatar.com\/avatar\/3ea2118a5f7dad2b7138b1187a6b7ee55f160b9968b66013c3a3ef39dd7e5798?s=96&d=mm&r=g","url":"https:\/\/secure.gravatar.com\/avatar\/3ea2118a5f7dad2b7138b1187a6b7ee55f160b9968b66013c3a3ef39dd7e5798?s=96&d=mm&r=g","contentUrl":"https:\/\/secure.gravatar.com\/avatar\/3ea2118a5f7dad2b7138b1187a6b7ee55f160b9968b66013c3a3ef39dd7e5798?s=96&d=mm&r=g","caption":"Jeanette"},"sameAs":["https:\/\/www.eldiario.net\/portal"],"url":"https:\/\/www.eldiario.net\/portal\/author\/jeanette\/"}]}},"_links":{"self":[{"href":"https:\/\/www.eldiario.net\/portal\/wp-json\/wp\/v2\/posts\/321332","targetHints":{"allow":["GET"]}}],"collection":[{"href":"https:\/\/www.eldiario.net\/portal\/wp-json\/wp\/v2\/posts"}],"about":[{"href":"https:\/\/www.eldiario.net\/portal\/wp-json\/wp\/v2\/types\/post"}],"author":[{"embeddable":true,"href":"https:\/\/www.eldiario.net\/portal\/wp-json\/wp\/v2\/users\/1"}],"replies":[{"embeddable":true,"href":"https:\/\/www.eldiario.net\/portal\/wp-json\/wp\/v2\/comments?post=321332"}],"version-history":[{"count":1,"href":"https:\/\/www.eldiario.net\/portal\/wp-json\/wp\/v2\/posts\/321332\/revisions"}],"predecessor-version":[{"id":321334,"href":"https:\/\/www.eldiario.net\/portal\/wp-json\/wp\/v2\/posts\/321332\/revisions\/321334"}],"wp:featuredmedia":[{"embeddable":true,"href":"https:\/\/www.eldiario.net\/portal\/wp-json\/wp\/v2\/media\/321333"}],"wp:attachment":[{"href":"https:\/\/www.eldiario.net\/portal\/wp-json\/wp\/v2\/media?parent=321332"}],"wp:term":[{"taxonomy":"category","embeddable":true,"href":"https:\/\/www.eldiario.net\/portal\/wp-json\/wp\/v2\/categories?post=321332"},{"taxonomy":"post_tag","embeddable":true,"href":"https:\/\/www.eldiario.net\/portal\/wp-json\/wp\/v2\/tags?post=321332"}],"curies":[{"name":"wp","href":"https:\/\/api.w.org\/{rel}","templated":true}]}}