{"id":321328,"date":"2025-08-03T07:36:07","date_gmt":"2025-08-03T11:36:07","guid":{"rendered":"https:\/\/www.eldiario.net\/portal\/?p=321328"},"modified":"2025-08-03T07:36:07","modified_gmt":"2025-08-03T11:36:07","slug":"bolivia-sigue-atrapada-en-el-feudalismo-politico","status":"publish","type":"post","link":"https:\/\/www.eldiario.net\/portal\/2025\/08\/03\/bolivia-sigue-atrapada-en-el-feudalismo-politico\/","title":{"rendered":"Bolivia sigue atrapada en el feudalismo pol\u00edtico"},"content":{"rendered":"<p>Las ra\u00edces del feudalismo pol\u00edtico se hunden en el per\u00edodo colonial, en el Abya Yala. El sistema no solo se construy\u00f3 sobre el feudalismo econ\u00f3mico, sino que instituciones como los repartimientos y encomiendas configuraron patrones de dominaci\u00f3n pol\u00edtica que trascendieron la independencia y se adaptaron a las nuevas realidades republicanas.<br \/>\nEsta herencia colonial estableci\u00f3 un modelo donde \u201cel poder estatal se fragmenta y es asumido por los grandes propietarios de tierras, los se\u00f1ores, cada se\u00f1or se convierte en juez, administrador, cobrador de impuestos y l\u00edder militar de la comarca que controla\u201d. Esta descripci\u00f3n cl\u00e1sica del feudalismo encuentra paralelos sorprendentes en la actualidad, donde l\u00edderes locales ejercen funciones m\u00faltiples, que van m\u00e1s all\u00e1 de sus competencias formales.<br \/>\nLa era del caudillismo, que se extendi\u00f3 de 1848 a 1880, fue un per\u00edodo tumultuoso marcado por la inestabilidad pol\u00edtica y el ascenso al poder de l\u00edderes militares a trav\u00e9s de golpes de Estado. Sin embargo, a diferencia de otros pa\u00edses latinoamericanos donde el caudillismo evolucion\u00f3 hacia formas m\u00e1s institucionalizadas de competencia pol\u00edtica, en Bolivia estos patrones se cristalizaron y adaptaron a las nuevas realidades democr\u00e1ticas; la \u201cinsurgencia charque\u00f1a\u201d entre 1810 y 1825, con la formaci\u00f3n de \u201chasta seis rep\u00fablicas de guerrilleros con innumerables jefaturas locales\u201d, foment\u00f3 el auge del caciquismo pol\u00edtico. Esta fragmentaci\u00f3n temprana del poder sent\u00f3 las bases de una cultura pol\u00edtica descentralizada, donde los l\u00edderes locales mantuvieron una autonom\u00eda considerable respecto al poder central.<br \/>\nEl feudalismo pol\u00edtico contempor\u00e1neo se caracteriza por una personalizaci\u00f3n extrema del ejercicio del poder, el caudillismo desvirt\u00faa la democracia, creando partidos pol\u00edticos unipersonales, con jefes mesi\u00e1nicos, arcaicos ya para El Tercer Milenio. Esta observaci\u00f3n captura la esencia del problema: la subordinaci\u00f3n de las instituciones pol\u00edticas a la voluntad y carisma de l\u00edderes individuales que ejercen un control casi absoluto sobre sus organizaciones. Los partidos pol\u00edticos (que en algunos casos son simplemente siglas) en Bolivia funcionan m\u00e1s como s\u00e9quitos personales que como organizaciones program\u00e1ticas. Los militantes y dirigentes mantienen relaciones de lealtad personal con el l\u00edder m\u00e1ximo, reminiscentes de las relaciones feudales de vasallaje, lo que genera din\u00e1micas donde la disidencia interna se interpreta como traici\u00f3n personal, m\u00e1s que como una diferencia pol\u00edtica leg\u00edtima.<br \/>\nOtra caracter\u00edstica distintiva es la territorializaci\u00f3n del poder pol\u00edtico. Los l\u00edderes tienden a construir sus bases de poder en territorios espec\u00edficos que controlan de manera casi exclusiva, esto se manifiesta en el control de organizaciones sindicales, movimientos sociales, gobiernos municipales y departamentales que funcionan como aut\u00e9nticos feudos pol\u00edticos contempor\u00e1neos.<br \/>\nLa estructura federal de facto, aunque no reconocida constitucionalmente, replica patrones feudales donde cada \u201cse\u00f1or\u201d pol\u00edtico controla su territorio con amplia autonom\u00eda, manteniendo relaciones de negociaci\u00f3n y eventual subordinaci\u00f3n con el poder central, seg\u00fan las circunstancias. Este sistema perpet\u00faa las relaciones cliente-patr\u00f3n que caracterizan los sistemas feudales, donde los ciudadanos se relacionan con las instituciones del Estado a trav\u00e9s de intermediarios pol\u00edticos que ejercen funciones de \u201cse\u00f1ores feudales\u201d locales, proporcionando acceso a servicios p\u00fablicos, oportunidades econ\u00f3micas y protecci\u00f3n pol\u00edtica a cambio de lealtad electoral y pol\u00edtica.<br \/>\nMientras otros pa\u00edses latinoamericanos, como Chile, Uruguay y Costa Rica, lograron superar estructuras feudales similares mediante procesos de modernizaci\u00f3n pol\u00edtica sistem\u00e1tica, Bolivia ha mantenido estas caracter\u00edsticas. \u00bfQu\u00e9 explica esta singularidad? Varios factores concurren, la diversidad \u00e9tnica y cultural ha facilitado la fragmentaci\u00f3n pol\u00edtica territorial, donde diferentes grupos mantienen lealtades que favorecen relaciones cliente-patr\u00f3n; la dependencia hist\u00f3rica de econom\u00edas extractivas (miner\u00eda, hidrocarburos y, potencialmente, litio) ha perpetuado estructuras de acumulaci\u00f3n que favorecen el control territorial y personal de los recursos; la geograf\u00eda fragmentada, con regiones muy diferenciadas y comunicaciones precarias, ha favorecido el desarrollo de poderes locales aut\u00f3nomos.<br \/>\nParad\u00f3jicamente, el Movimiento al Socialismo (MAS) representa tanto la modernizaci\u00f3n como la perpetuaci\u00f3n del feudalismo pol\u00edtico, aunque incorpor\u00f3 a sectores hist\u00f3ricamente excluidos al sistema pol\u00edtico, lo hizo mediante estructuras que reproducen patrones feudales adaptados a una ret\u00f3rica progresista. Las organizaciones sociales funcionan como estructuras feudales modernas, donde sus dirigentes ejercen un control casi absoluto sobre sus bases, de igual modo, los gobiernos departamentales y municipales exhiben marcadas caracter\u00edsticas feudales, con alcaldes y gobernadores que ejercen un control territorial que trasciende sus competencias formales, consolidando as\u00ed los feudos pol\u00edticos.<\/p>\n<p>El autor es polit\u00f3logo-abogado y docente universitario.<br \/>\nrcoteja100@gmail.com<\/p>\n","protected":false},"excerpt":{"rendered":"<p>Las ra\u00edces del feudalismo pol\u00edtico se hunden en el per\u00edodo colonial, en el Abya Yala. El sistema no solo se construy\u00f3 sobre el feudalismo econ\u00f3mico, sino que instituciones como los repartimientos y encomiendas configuraron patrones de dominaci\u00f3n pol\u00edtica que trascendieron la independencia y se adaptaron a las nuevas realidades republicanas. Esta herencia colonial estableci\u00f3 un [&hellip;]<\/p>\n","protected":false},"author":1,"featured_media":163307,"comment_status":"closed","ping_status":"open","sticky":false,"template":"","format":"standard","meta":{"_acf_changed":false,"footnotes":""},"categories":[9],"tags":[],"class_list":["post-321328","post","type-post","status-publish","format-standard","has-post-thumbnail","category-opinion"],"acf":{"antetitulo":""},"yoast_head":"<!-- This site is optimized with the Yoast SEO plugin v28.3 - https:\/\/yoast.com\/product\/yoast-seo-wordpress\/ -->\n<title>Bolivia sigue atrapada en el feudalismo pol\u00edtico - El Diario - Bolivia<\/title>\n<meta name=\"robots\" content=\"index, follow, max-snippet:-1, max-image-preview:large, max-video-preview:-1\" \/>\n<link rel=\"canonical\" href=\"https:\/\/www.eldiario.net\/portal\/2025\/08\/03\/bolivia-sigue-atrapada-en-el-feudalismo-politico\/\" \/>\n<meta property=\"og:locale\" content=\"es_ES\" \/>\n<meta property=\"og:type\" content=\"article\" \/>\n<meta property=\"og:title\" content=\"Bolivia sigue atrapada en el feudalismo pol\u00edtico - El Diario - Bolivia\" \/>\n<meta property=\"og:description\" content=\"Las ra\u00edces del feudalismo pol\u00edtico se hunden en el per\u00edodo colonial, en el Abya Yala. El sistema no solo se construy\u00f3 sobre el feudalismo econ\u00f3mico, sino que instituciones como los repartimientos y encomiendas configuraron patrones de dominaci\u00f3n pol\u00edtica que trascendieron la independencia y se adaptaron a las nuevas realidades republicanas. Esta herencia colonial estableci\u00f3 un [&hellip;]\" \/>\n<meta property=\"og:url\" content=\"https:\/\/www.eldiario.net\/portal\/2025\/08\/03\/bolivia-sigue-atrapada-en-el-feudalismo-politico\/\" \/>\n<meta property=\"og:site_name\" content=\"El Diario - Bolivia\" \/>\n<meta property=\"article:publisher\" content=\"https:\/\/www.facebook.com\/eldiario.bolivia\/\" \/>\n<meta property=\"article:published_time\" content=\"2025-08-03T11:36:07+00:00\" \/>\n<meta property=\"og:image\" content=\"https:\/\/www.eldiario.net\/portal\/wp-content\/uploads\/2023\/07\/Rolando-Coteja-Mollo2.jpg\" \/>\n\t<meta property=\"og:image:width\" content=\"1200\" \/>\n\t<meta property=\"og:image:height\" content=\"628\" \/>\n\t<meta property=\"og:image:type\" content=\"image\/jpeg\" \/>\n<meta name=\"author\" content=\"Jeanette\" \/>\n<meta name=\"twitter:card\" content=\"summary_large_image\" \/>\n<meta name=\"twitter:creator\" content=\"@eldiario_net\" \/>\n<meta name=\"twitter:site\" content=\"@eldiario_net\" \/>\n<meta name=\"twitter:label1\" content=\"Escrito por\" \/>\n\t<meta name=\"twitter:data1\" content=\"Jeanette\" \/>\n\t<meta name=\"twitter:label2\" content=\"Tiempo de lectura\" \/>\n\t<meta name=\"twitter:data2\" content=\"4 minutos\" \/>\n<script type=\"application\/ld+json\" class=\"yoast-schema-graph\">{\"@context\":\"https:\\\/\\\/schema.org\",\"@graph\":[{\"@type\":\"Article\",\"@id\":\"https:\\\/\\\/www.eldiario.net\\\/portal\\\/2025\\\/08\\\/03\\\/bolivia-sigue-atrapada-en-el-feudalismo-politico\\\/#article\",\"isPartOf\":{\"@id\":\"https:\\\/\\\/www.eldiario.net\\\/portal\\\/2025\\\/08\\\/03\\\/bolivia-sigue-atrapada-en-el-feudalismo-politico\\\/\"},\"author\":{\"name\":\"Jeanette\",\"@id\":\"https:\\\/\\\/www.eldiario.net\\\/portal\\\/#\\\/schema\\\/person\\\/f46445640444750d7d753ccd04ae01b7\"},\"headline\":\"Bolivia sigue atrapada en el feudalismo pol\u00edtico\",\"datePublished\":\"2025-08-03T11:36:07+00:00\",\"mainEntityOfPage\":{\"@id\":\"https:\\\/\\\/www.eldiario.net\\\/portal\\\/2025\\\/08\\\/03\\\/bolivia-sigue-atrapada-en-el-feudalismo-politico\\\/\"},\"wordCount\":789,\"publisher\":{\"@id\":\"https:\\\/\\\/www.eldiario.net\\\/portal\\\/#organization\"},\"image\":{\"@id\":\"https:\\\/\\\/www.eldiario.net\\\/portal\\\/2025\\\/08\\\/03\\\/bolivia-sigue-atrapada-en-el-feudalismo-politico\\\/#primaryimage\"},\"thumbnailUrl\":\"https:\\\/\\\/www.eldiario.net\\\/portal\\\/wp-content\\\/uploads\\\/2023\\\/07\\\/Rolando-Coteja-Mollo2.jpg\",\"articleSection\":[\"Opini\u00f3n\"],\"inLanguage\":\"es\"},{\"@type\":\"WebPage\",\"@id\":\"https:\\\/\\\/www.eldiario.net\\\/portal\\\/2025\\\/08\\\/03\\\/bolivia-sigue-atrapada-en-el-feudalismo-politico\\\/\",\"url\":\"https:\\\/\\\/www.eldiario.net\\\/portal\\\/2025\\\/08\\\/03\\\/bolivia-sigue-atrapada-en-el-feudalismo-politico\\\/\",\"name\":\"Bolivia sigue atrapada en el feudalismo pol\u00edtico - El Diario - Bolivia\",\"isPartOf\":{\"@id\":\"https:\\\/\\\/www.eldiario.net\\\/portal\\\/#website\"},\"primaryImageOfPage\":{\"@id\":\"https:\\\/\\\/www.eldiario.net\\\/portal\\\/2025\\\/08\\\/03\\\/bolivia-sigue-atrapada-en-el-feudalismo-politico\\\/#primaryimage\"},\"image\":{\"@id\":\"https:\\\/\\\/www.eldiario.net\\\/portal\\\/2025\\\/08\\\/03\\\/bolivia-sigue-atrapada-en-el-feudalismo-politico\\\/#primaryimage\"},\"thumbnailUrl\":\"https:\\\/\\\/www.eldiario.net\\\/portal\\\/wp-content\\\/uploads\\\/2023\\\/07\\\/Rolando-Coteja-Mollo2.jpg\",\"datePublished\":\"2025-08-03T11:36:07+00:00\",\"breadcrumb\":{\"@id\":\"https:\\\/\\\/www.eldiario.net\\\/portal\\\/2025\\\/08\\\/03\\\/bolivia-sigue-atrapada-en-el-feudalismo-politico\\\/#breadcrumb\"},\"inLanguage\":\"es\",\"potentialAction\":[{\"@type\":\"ReadAction\",\"target\":[\"https:\\\/\\\/www.eldiario.net\\\/portal\\\/2025\\\/08\\\/03\\\/bolivia-sigue-atrapada-en-el-feudalismo-politico\\\/\"]}]},{\"@type\":\"ImageObject\",\"inLanguage\":\"es\",\"@id\":\"https:\\\/\\\/www.eldiario.net\\\/portal\\\/2025\\\/08\\\/03\\\/bolivia-sigue-atrapada-en-el-feudalismo-politico\\\/#primaryimage\",\"url\":\"https:\\\/\\\/www.eldiario.net\\\/portal\\\/wp-content\\\/uploads\\\/2023\\\/07\\\/Rolando-Coteja-Mollo2.jpg\",\"contentUrl\":\"https:\\\/\\\/www.eldiario.net\\\/portal\\\/wp-content\\\/uploads\\\/2023\\\/07\\\/Rolando-Coteja-Mollo2.jpg\",\"width\":1200,\"height\":628,\"caption\":\"Rolando Coteja Mollo\"},{\"@type\":\"BreadcrumbList\",\"@id\":\"https:\\\/\\\/www.eldiario.net\\\/portal\\\/2025\\\/08\\\/03\\\/bolivia-sigue-atrapada-en-el-feudalismo-politico\\\/#breadcrumb\",\"itemListElement\":[{\"@type\":\"ListItem\",\"position\":1,\"name\":\"Portada\",\"item\":\"https:\\\/\\\/www.eldiario.net\\\/portal\\\/\"},{\"@type\":\"ListItem\",\"position\":2,\"name\":\"Bolivia sigue atrapada en el feudalismo pol\u00edtico\"}]},{\"@type\":\"WebSite\",\"@id\":\"https:\\\/\\\/www.eldiario.net\\\/portal\\\/#website\",\"url\":\"https:\\\/\\\/www.eldiario.net\\\/portal\\\/\",\"name\":\"El Diario - Decano de la prensa nacional\",\"description\":\"El Diario - Decano de la prensa nacional\",\"publisher\":{\"@id\":\"https:\\\/\\\/www.eldiario.net\\\/portal\\\/#organization\"},\"potentialAction\":[{\"@type\":\"SearchAction\",\"target\":{\"@type\":\"EntryPoint\",\"urlTemplate\":\"https:\\\/\\\/www.eldiario.net\\\/portal\\\/?s={search_term_string}\"},\"query-input\":{\"@type\":\"PropertyValueSpecification\",\"valueRequired\":true,\"valueName\":\"search_term_string\"}}],\"inLanguage\":\"es\"},{\"@type\":\"Organization\",\"@id\":\"https:\\\/\\\/www.eldiario.net\\\/portal\\\/#organization\",\"name\":\"El Diario - Decano de la prensa nacional\",\"url\":\"https:\\\/\\\/www.eldiario.net\\\/portal\\\/\",\"logo\":{\"@type\":\"ImageObject\",\"inLanguage\":\"es\",\"@id\":\"https:\\\/\\\/www.eldiario.net\\\/portal\\\/#\\\/schema\\\/logo\\\/image\\\/\",\"url\":\"https:\\\/\\\/www.eldiario.net\\\/portal\\\/wp-content\\\/uploads\\\/2023\\\/07\\\/logo_ED.jpg\",\"contentUrl\":\"https:\\\/\\\/www.eldiario.net\\\/portal\\\/wp-content\\\/uploads\\\/2023\\\/07\\\/logo_ED.jpg\",\"width\":272,\"height\":52,\"caption\":\"El Diario - Decano de la prensa nacional\"},\"image\":{\"@id\":\"https:\\\/\\\/www.eldiario.net\\\/portal\\\/#\\\/schema\\\/logo\\\/image\\\/\"},\"sameAs\":[\"https:\\\/\\\/www.facebook.com\\\/eldiario.bolivia\\\/\",\"https:\\\/\\\/x.com\\\/eldiario_net\"]},{\"@type\":\"Person\",\"@id\":\"https:\\\/\\\/www.eldiario.net\\\/portal\\\/#\\\/schema\\\/person\\\/f46445640444750d7d753ccd04ae01b7\",\"name\":\"Jeanette\",\"image\":{\"@type\":\"ImageObject\",\"inLanguage\":\"es\",\"@id\":\"https:\\\/\\\/secure.gravatar.com\\\/avatar\\\/3ea2118a5f7dad2b7138b1187a6b7ee55f160b9968b66013c3a3ef39dd7e5798?s=96&d=mm&r=g\",\"url\":\"https:\\\/\\\/secure.gravatar.com\\\/avatar\\\/3ea2118a5f7dad2b7138b1187a6b7ee55f160b9968b66013c3a3ef39dd7e5798?s=96&d=mm&r=g\",\"contentUrl\":\"https:\\\/\\\/secure.gravatar.com\\\/avatar\\\/3ea2118a5f7dad2b7138b1187a6b7ee55f160b9968b66013c3a3ef39dd7e5798?s=96&d=mm&r=g\",\"caption\":\"Jeanette\"},\"sameAs\":[\"https:\\\/\\\/www.eldiario.net\\\/portal\"],\"url\":\"https:\\\/\\\/www.eldiario.net\\\/portal\\\/author\\\/jeanette\\\/\"}]}<\/script>\n<!-- \/ Yoast SEO plugin. -->","yoast_head_json":{"title":"Bolivia sigue atrapada en el feudalismo pol\u00edtico - El Diario - Bolivia","robots":{"index":"index","follow":"follow","max-snippet":"max-snippet:-1","max-image-preview":"max-image-preview:large","max-video-preview":"max-video-preview:-1"},"canonical":"https:\/\/www.eldiario.net\/portal\/2025\/08\/03\/bolivia-sigue-atrapada-en-el-feudalismo-politico\/","og_locale":"es_ES","og_type":"article","og_title":"Bolivia sigue atrapada en el feudalismo pol\u00edtico - El Diario - Bolivia","og_description":"Las ra\u00edces del feudalismo pol\u00edtico se hunden en el per\u00edodo colonial, en el Abya Yala. El sistema no solo se construy\u00f3 sobre el feudalismo econ\u00f3mico, sino que instituciones como los repartimientos y encomiendas configuraron patrones de dominaci\u00f3n pol\u00edtica que trascendieron la independencia y se adaptaron a las nuevas realidades republicanas. Esta herencia colonial estableci\u00f3 un [&hellip;]","og_url":"https:\/\/www.eldiario.net\/portal\/2025\/08\/03\/bolivia-sigue-atrapada-en-el-feudalismo-politico\/","og_site_name":"El Diario - Bolivia","article_publisher":"https:\/\/www.facebook.com\/eldiario.bolivia\/","article_published_time":"2025-08-03T11:36:07+00:00","og_image":[{"width":1200,"height":628,"url":"https:\/\/www.eldiario.net\/portal\/wp-content\/uploads\/2023\/07\/Rolando-Coteja-Mollo2.jpg","type":"image\/jpeg"}],"author":"Jeanette","twitter_card":"summary_large_image","twitter_creator":"@eldiario_net","twitter_site":"@eldiario_net","twitter_misc":{"Escrito por":"Jeanette","Tiempo de lectura":"4 minutos"},"schema":{"@context":"https:\/\/schema.org","@graph":[{"@type":"Article","@id":"https:\/\/www.eldiario.net\/portal\/2025\/08\/03\/bolivia-sigue-atrapada-en-el-feudalismo-politico\/#article","isPartOf":{"@id":"https:\/\/www.eldiario.net\/portal\/2025\/08\/03\/bolivia-sigue-atrapada-en-el-feudalismo-politico\/"},"author":{"name":"Jeanette","@id":"https:\/\/www.eldiario.net\/portal\/#\/schema\/person\/f46445640444750d7d753ccd04ae01b7"},"headline":"Bolivia sigue atrapada en el feudalismo pol\u00edtico","datePublished":"2025-08-03T11:36:07+00:00","mainEntityOfPage":{"@id":"https:\/\/www.eldiario.net\/portal\/2025\/08\/03\/bolivia-sigue-atrapada-en-el-feudalismo-politico\/"},"wordCount":789,"publisher":{"@id":"https:\/\/www.eldiario.net\/portal\/#organization"},"image":{"@id":"https:\/\/www.eldiario.net\/portal\/2025\/08\/03\/bolivia-sigue-atrapada-en-el-feudalismo-politico\/#primaryimage"},"thumbnailUrl":"https:\/\/www.eldiario.net\/portal\/wp-content\/uploads\/2023\/07\/Rolando-Coteja-Mollo2.jpg","articleSection":["Opini\u00f3n"],"inLanguage":"es"},{"@type":"WebPage","@id":"https:\/\/www.eldiario.net\/portal\/2025\/08\/03\/bolivia-sigue-atrapada-en-el-feudalismo-politico\/","url":"https:\/\/www.eldiario.net\/portal\/2025\/08\/03\/bolivia-sigue-atrapada-en-el-feudalismo-politico\/","name":"Bolivia sigue atrapada en el feudalismo pol\u00edtico - El Diario - Bolivia","isPartOf":{"@id":"https:\/\/www.eldiario.net\/portal\/#website"},"primaryImageOfPage":{"@id":"https:\/\/www.eldiario.net\/portal\/2025\/08\/03\/bolivia-sigue-atrapada-en-el-feudalismo-politico\/#primaryimage"},"image":{"@id":"https:\/\/www.eldiario.net\/portal\/2025\/08\/03\/bolivia-sigue-atrapada-en-el-feudalismo-politico\/#primaryimage"},"thumbnailUrl":"https:\/\/www.eldiario.net\/portal\/wp-content\/uploads\/2023\/07\/Rolando-Coteja-Mollo2.jpg","datePublished":"2025-08-03T11:36:07+00:00","breadcrumb":{"@id":"https:\/\/www.eldiario.net\/portal\/2025\/08\/03\/bolivia-sigue-atrapada-en-el-feudalismo-politico\/#breadcrumb"},"inLanguage":"es","potentialAction":[{"@type":"ReadAction","target":["https:\/\/www.eldiario.net\/portal\/2025\/08\/03\/bolivia-sigue-atrapada-en-el-feudalismo-politico\/"]}]},{"@type":"ImageObject","inLanguage":"es","@id":"https:\/\/www.eldiario.net\/portal\/2025\/08\/03\/bolivia-sigue-atrapada-en-el-feudalismo-politico\/#primaryimage","url":"https:\/\/www.eldiario.net\/portal\/wp-content\/uploads\/2023\/07\/Rolando-Coteja-Mollo2.jpg","contentUrl":"https:\/\/www.eldiario.net\/portal\/wp-content\/uploads\/2023\/07\/Rolando-Coteja-Mollo2.jpg","width":1200,"height":628,"caption":"Rolando Coteja Mollo"},{"@type":"BreadcrumbList","@id":"https:\/\/www.eldiario.net\/portal\/2025\/08\/03\/bolivia-sigue-atrapada-en-el-feudalismo-politico\/#breadcrumb","itemListElement":[{"@type":"ListItem","position":1,"name":"Portada","item":"https:\/\/www.eldiario.net\/portal\/"},{"@type":"ListItem","position":2,"name":"Bolivia sigue atrapada en el feudalismo pol\u00edtico"}]},{"@type":"WebSite","@id":"https:\/\/www.eldiario.net\/portal\/#website","url":"https:\/\/www.eldiario.net\/portal\/","name":"El Diario - Decano de la prensa nacional","description":"El Diario - Decano de la prensa nacional","publisher":{"@id":"https:\/\/www.eldiario.net\/portal\/#organization"},"potentialAction":[{"@type":"SearchAction","target":{"@type":"EntryPoint","urlTemplate":"https:\/\/www.eldiario.net\/portal\/?s={search_term_string}"},"query-input":{"@type":"PropertyValueSpecification","valueRequired":true,"valueName":"search_term_string"}}],"inLanguage":"es"},{"@type":"Organization","@id":"https:\/\/www.eldiario.net\/portal\/#organization","name":"El Diario - Decano de la prensa nacional","url":"https:\/\/www.eldiario.net\/portal\/","logo":{"@type":"ImageObject","inLanguage":"es","@id":"https:\/\/www.eldiario.net\/portal\/#\/schema\/logo\/image\/","url":"https:\/\/www.eldiario.net\/portal\/wp-content\/uploads\/2023\/07\/logo_ED.jpg","contentUrl":"https:\/\/www.eldiario.net\/portal\/wp-content\/uploads\/2023\/07\/logo_ED.jpg","width":272,"height":52,"caption":"El Diario - Decano de la prensa nacional"},"image":{"@id":"https:\/\/www.eldiario.net\/portal\/#\/schema\/logo\/image\/"},"sameAs":["https:\/\/www.facebook.com\/eldiario.bolivia\/","https:\/\/x.com\/eldiario_net"]},{"@type":"Person","@id":"https:\/\/www.eldiario.net\/portal\/#\/schema\/person\/f46445640444750d7d753ccd04ae01b7","name":"Jeanette","image":{"@type":"ImageObject","inLanguage":"es","@id":"https:\/\/secure.gravatar.com\/avatar\/3ea2118a5f7dad2b7138b1187a6b7ee55f160b9968b66013c3a3ef39dd7e5798?s=96&d=mm&r=g","url":"https:\/\/secure.gravatar.com\/avatar\/3ea2118a5f7dad2b7138b1187a6b7ee55f160b9968b66013c3a3ef39dd7e5798?s=96&d=mm&r=g","contentUrl":"https:\/\/secure.gravatar.com\/avatar\/3ea2118a5f7dad2b7138b1187a6b7ee55f160b9968b66013c3a3ef39dd7e5798?s=96&d=mm&r=g","caption":"Jeanette"},"sameAs":["https:\/\/www.eldiario.net\/portal"],"url":"https:\/\/www.eldiario.net\/portal\/author\/jeanette\/"}]}},"_links":{"self":[{"href":"https:\/\/www.eldiario.net\/portal\/wp-json\/wp\/v2\/posts\/321328","targetHints":{"allow":["GET"]}}],"collection":[{"href":"https:\/\/www.eldiario.net\/portal\/wp-json\/wp\/v2\/posts"}],"about":[{"href":"https:\/\/www.eldiario.net\/portal\/wp-json\/wp\/v2\/types\/post"}],"author":[{"embeddable":true,"href":"https:\/\/www.eldiario.net\/portal\/wp-json\/wp\/v2\/users\/1"}],"replies":[{"embeddable":true,"href":"https:\/\/www.eldiario.net\/portal\/wp-json\/wp\/v2\/comments?post=321328"}],"version-history":[{"count":1,"href":"https:\/\/www.eldiario.net\/portal\/wp-json\/wp\/v2\/posts\/321328\/revisions"}],"predecessor-version":[{"id":321329,"href":"https:\/\/www.eldiario.net\/portal\/wp-json\/wp\/v2\/posts\/321328\/revisions\/321329"}],"wp:featuredmedia":[{"embeddable":true,"href":"https:\/\/www.eldiario.net\/portal\/wp-json\/wp\/v2\/media\/163307"}],"wp:attachment":[{"href":"https:\/\/www.eldiario.net\/portal\/wp-json\/wp\/v2\/media?parent=321328"}],"wp:term":[{"taxonomy":"category","embeddable":true,"href":"https:\/\/www.eldiario.net\/portal\/wp-json\/wp\/v2\/categories?post=321328"},{"taxonomy":"post_tag","embeddable":true,"href":"https:\/\/www.eldiario.net\/portal\/wp-json\/wp\/v2\/tags?post=321328"}],"curies":[{"name":"wp","href":"https:\/\/api.w.org\/{rel}","templated":true}]}}