{"id":321326,"date":"2025-08-03T07:35:29","date_gmt":"2025-08-03T11:35:29","guid":{"rendered":"https:\/\/www.eldiario.net\/portal\/?p=321326"},"modified":"2025-08-03T08:38:13","modified_gmt":"2025-08-03T12:38:13","slug":"la-evolucion-de-los-partidos-politicos-en-bolivia","status":"publish","type":"post","link":"https:\/\/www.eldiario.net\/portal\/2025\/08\/03\/la-evolucion-de-los-partidos-politicos-en-bolivia\/","title":{"rendered":"La evoluci\u00f3n de los partidos pol\u00edticos en Bolivia"},"content":{"rendered":"<p>Dentro del sistema de democracia participativa, los partidos pol\u00edticos ocupan un rol fundamental, a trav\u00e9s de ellos es que el pueblo se \u201crelaciona\u201d con el poder y la toma de decisiones. En Bolivia, la situaci\u00f3n actual de los partidos pol\u00edticos es deprimente, ninguno cuenta con ideolog\u00eda, visi\u00f3n de pa\u00eds clara ni directrices definidas. Este declive se ha ido incrementando fuertemente en los \u00faltimos a\u00f1os, cuando los partidos pol\u00edticos (salvo el MAS) ya no tienen estructura y mucho menos saben qu\u00e9 defienden. La escasez de propuestas es muy preocupante. Por algo es que nuestro pa\u00eds actualmente tiene pol\u00edticos de \u201cquinta\u201d, que de lo \u00fanico que se ocupan es de robar y seguir viviendo del Estado. Se ha dejado atr\u00e1s la doctrina, la ideolog\u00eda y la convicci\u00f3n para imponer una visi\u00f3n de pa\u00eds capaz de guiar a la naci\u00f3n.<br \/>\nEl mejor momento de los partidos pol\u00edticos en Bolivia, sin duda, se da despu\u00e9s de la Guerra del Chaco. Los partidos anteriores (liberal, conservador), m\u00e1s all\u00e1 de contar con ideolog\u00eda pol\u00edtica, solo se encargaron de pelear por los intereses de las regiones dominantes de ese entonces (Chuquisaca y La Paz).<br \/>\nDespu\u00e9s del fracaso que signific\u00f3 la Guerra del Chaco y con base en las tendencias mundiales, reci\u00e9n los partidos pol\u00edticos nacieron con una doctrina clara y una ideolog\u00eda definida. Se distinguieron dos corrientes en ese entonces: el nacionalismo y el socialismo.<br \/>\nEl nacionalismo fue representado por Falange Socialista Boliviana (FSB) y el Movimiento Nacionalista Revolucionario (MNR). Mientras que, por su parte, el socialismo\/comunismo fue representado por el Partido de la Izquierda Revolucionaria (PIR) y el Partido Obrero Revolucionario (POR). Estas corrientes ideol\u00f3gicas, sin dudas, permitieron la formaci\u00f3n de muchos ciudadanos patriotas, dispuestos a darlo todo con tal de ver una Bolivia engrandecida.<br \/>\nEn lo personal, pienso que el MNR y FSB son los dos partidos pol\u00edticos m\u00e1s importantes de nuestra historia, los que m\u00e1s han aportado al desarrollo de la patria y que mejores \u201chombres\u201d han podido formar, y c\u00f3mo no hacerlo, si ambos en su origen buscaron fomentar el nacionalismo boliviano y crear un nuevo Estado. Desgraciadamente, el MNR se corromper\u00eda en el camino, siendo infiltrado por grupos comunistas que entorpecer\u00edan gravemente la revoluci\u00f3n de 1952.<br \/>\nLas doctrinas pol\u00edticas y los partidos pol\u00edticos se fortalecieron a\u00fan m\u00e1s en la \u00e9poca dorada, en los a\u00f1os sesenta y setenta, mucho m\u00e1s viendo las fuertes tensiones alimentadas por la Guerra Fr\u00eda. Puedo decir, sin verg\u00fcenza, que en ese entonces hacerse llamar pol\u00edtico s\u00ed era un \u201ccumplido\u201d, no como en la actualidad.<br \/>\nEl inicio del declive de los partidos pol\u00edticos para m\u00ed se dio en 1985, cuando los partidos dejaron su ideolog\u00eda y su doctrina pol\u00edtica para adaptarse a situaciones coyunturales. Por ejemplo, el MNR pas\u00f3 del nacionalismo revolucionario al neoliberalismo; lo mismo con el MIR, que pas\u00f3 a optar por pol\u00edticas que no eran tradicionales de la izquierda revolucionaria.<br \/>\nSe perdi\u00f3 el sentimiento de lucha, la capacidad para seducir al electorado y la ambici\u00f3n por imponer una visi\u00f3n de pa\u00eds. La crisis de partidos pol\u00edticos es tan grande actualmente, que ya no podemos denominarlos as\u00ed, sino m\u00e1s bien hay que empezar a llamarlos como meras herramientas de alquiler, que solo sirven cuando llegan las elecciones. Para colmo, la aparici\u00f3n de agrupaciones ciudadanas y otras figuras no ha hecho m\u00e1s que incrementar la crisis pol\u00edtica.<br \/>\nUna nueva Bolivia s\u00ed es posible, para eso se debe recuperar el sentimiento de lucha y el amor por la patria, pero sobre todo las ganas de hacer pol\u00edtica de verdad. Los dinosaurios de la oposici\u00f3n y el MAS tarde o temprano desaparecer\u00e1n, y con esto la mediocridad pol\u00edtica tambi\u00e9n, por lo que ser\u00e1 responsabilidad de las nuevas generaciones crear instrumentos pol\u00edticos con ideolog\u00edas y doctrina propias, capaces de cambiar el destino de Bolivia.<\/p>\n<p>Cuenta X: @fabiansfreirel<\/p>\n","protected":false},"excerpt":{"rendered":"<p>Dentro del sistema de democracia participativa, los partidos pol\u00edticos ocupan un rol fundamental, a trav\u00e9s de ellos es que el pueblo se \u201crelaciona\u201d con el poder y la toma de decisiones. En Bolivia, la situaci\u00f3n actual de los partidos pol\u00edticos es deprimente, ninguno cuenta con ideolog\u00eda, visi\u00f3n de pa\u00eds clara ni directrices definidas. Este declive [&hellip;]<\/p>\n","protected":false},"author":1,"featured_media":161834,"comment_status":"closed","ping_status":"open","sticky":false,"template":"","format":"standard","meta":{"_acf_changed":false,"footnotes":""},"categories":[9],"tags":[],"class_list":["post-321326","post","type-post","status-publish","format-standard","has-post-thumbnail","category-opinion"],"acf":{"antetitulo":""},"yoast_head":"<!-- This site is optimized with the Yoast SEO plugin v28.3 - https:\/\/yoast.com\/product\/yoast-seo-wordpress\/ -->\n<title>La evoluci\u00f3n de los partidos pol\u00edticos en Bolivia - El Diario - Bolivia<\/title>\n<meta name=\"robots\" content=\"index, follow, max-snippet:-1, max-image-preview:large, max-video-preview:-1\" \/>\n<link rel=\"canonical\" href=\"https:\/\/www.eldiario.net\/portal\/2025\/08\/03\/la-evolucion-de-los-partidos-politicos-en-bolivia\/\" \/>\n<meta property=\"og:locale\" content=\"es_ES\" \/>\n<meta property=\"og:type\" content=\"article\" \/>\n<meta property=\"og:title\" content=\"La evoluci\u00f3n de los partidos pol\u00edticos en Bolivia - El Diario - Bolivia\" \/>\n<meta property=\"og:description\" content=\"Dentro del sistema de democracia participativa, los partidos pol\u00edticos ocupan un rol fundamental, a trav\u00e9s de ellos es que el pueblo se \u201crelaciona\u201d con el poder y la toma de decisiones. En Bolivia, la situaci\u00f3n actual de los partidos pol\u00edticos es deprimente, ninguno cuenta con ideolog\u00eda, visi\u00f3n de pa\u00eds clara ni directrices definidas. Este declive [&hellip;]\" \/>\n<meta property=\"og:url\" content=\"https:\/\/www.eldiario.net\/portal\/2025\/08\/03\/la-evolucion-de-los-partidos-politicos-en-bolivia\/\" \/>\n<meta property=\"og:site_name\" content=\"El Diario - Bolivia\" \/>\n<meta property=\"article:publisher\" content=\"https:\/\/www.facebook.com\/eldiario.bolivia\/\" \/>\n<meta property=\"article:published_time\" content=\"2025-08-03T11:35:29+00:00\" \/>\n<meta property=\"article:modified_time\" content=\"2025-08-03T12:38:13+00:00\" \/>\n<meta property=\"og:image\" content=\"https:\/\/www.eldiario.net\/portal\/wp-content\/uploads\/2023\/06\/Fabian-Freire.jpg\" \/>\n\t<meta property=\"og:image:width\" content=\"1200\" \/>\n\t<meta property=\"og:image:height\" content=\"628\" \/>\n\t<meta property=\"og:image:type\" content=\"image\/jpeg\" \/>\n<meta name=\"author\" content=\"Jeanette\" \/>\n<meta name=\"twitter:card\" content=\"summary_large_image\" \/>\n<meta name=\"twitter:creator\" content=\"@eldiario_net\" \/>\n<meta name=\"twitter:site\" content=\"@eldiario_net\" \/>\n<meta name=\"twitter:label1\" content=\"Escrito por\" \/>\n\t<meta name=\"twitter:data1\" content=\"Jeanette\" \/>\n\t<meta name=\"twitter:label2\" content=\"Tiempo de lectura\" \/>\n\t<meta name=\"twitter:data2\" content=\"4 minutos\" \/>\n<script type=\"application\/ld+json\" class=\"yoast-schema-graph\">{\"@context\":\"https:\\\/\\\/schema.org\",\"@graph\":[{\"@type\":\"Article\",\"@id\":\"https:\\\/\\\/www.eldiario.net\\\/portal\\\/2025\\\/08\\\/03\\\/la-evolucion-de-los-partidos-politicos-en-bolivia\\\/#article\",\"isPartOf\":{\"@id\":\"https:\\\/\\\/www.eldiario.net\\\/portal\\\/2025\\\/08\\\/03\\\/la-evolucion-de-los-partidos-politicos-en-bolivia\\\/\"},\"author\":{\"name\":\"Jeanette\",\"@id\":\"https:\\\/\\\/www.eldiario.net\\\/portal\\\/#\\\/schema\\\/person\\\/f46445640444750d7d753ccd04ae01b7\"},\"headline\":\"La evoluci\u00f3n de los partidos pol\u00edticos en Bolivia\",\"datePublished\":\"2025-08-03T11:35:29+00:00\",\"dateModified\":\"2025-08-03T12:38:13+00:00\",\"mainEntityOfPage\":{\"@id\":\"https:\\\/\\\/www.eldiario.net\\\/portal\\\/2025\\\/08\\\/03\\\/la-evolucion-de-los-partidos-politicos-en-bolivia\\\/\"},\"wordCount\":698,\"publisher\":{\"@id\":\"https:\\\/\\\/www.eldiario.net\\\/portal\\\/#organization\"},\"image\":{\"@id\":\"https:\\\/\\\/www.eldiario.net\\\/portal\\\/2025\\\/08\\\/03\\\/la-evolucion-de-los-partidos-politicos-en-bolivia\\\/#primaryimage\"},\"thumbnailUrl\":\"https:\\\/\\\/www.eldiario.net\\\/portal\\\/wp-content\\\/uploads\\\/2023\\\/06\\\/Fabian-Freire.jpg\",\"articleSection\":[\"Opini\u00f3n\"],\"inLanguage\":\"es\"},{\"@type\":\"WebPage\",\"@id\":\"https:\\\/\\\/www.eldiario.net\\\/portal\\\/2025\\\/08\\\/03\\\/la-evolucion-de-los-partidos-politicos-en-bolivia\\\/\",\"url\":\"https:\\\/\\\/www.eldiario.net\\\/portal\\\/2025\\\/08\\\/03\\\/la-evolucion-de-los-partidos-politicos-en-bolivia\\\/\",\"name\":\"La evoluci\u00f3n de los partidos pol\u00edticos en Bolivia - El Diario - Bolivia\",\"isPartOf\":{\"@id\":\"https:\\\/\\\/www.eldiario.net\\\/portal\\\/#website\"},\"primaryImageOfPage\":{\"@id\":\"https:\\\/\\\/www.eldiario.net\\\/portal\\\/2025\\\/08\\\/03\\\/la-evolucion-de-los-partidos-politicos-en-bolivia\\\/#primaryimage\"},\"image\":{\"@id\":\"https:\\\/\\\/www.eldiario.net\\\/portal\\\/2025\\\/08\\\/03\\\/la-evolucion-de-los-partidos-politicos-en-bolivia\\\/#primaryimage\"},\"thumbnailUrl\":\"https:\\\/\\\/www.eldiario.net\\\/portal\\\/wp-content\\\/uploads\\\/2023\\\/06\\\/Fabian-Freire.jpg\",\"datePublished\":\"2025-08-03T11:35:29+00:00\",\"dateModified\":\"2025-08-03T12:38:13+00:00\",\"breadcrumb\":{\"@id\":\"https:\\\/\\\/www.eldiario.net\\\/portal\\\/2025\\\/08\\\/03\\\/la-evolucion-de-los-partidos-politicos-en-bolivia\\\/#breadcrumb\"},\"inLanguage\":\"es\",\"potentialAction\":[{\"@type\":\"ReadAction\",\"target\":[\"https:\\\/\\\/www.eldiario.net\\\/portal\\\/2025\\\/08\\\/03\\\/la-evolucion-de-los-partidos-politicos-en-bolivia\\\/\"]}]},{\"@type\":\"ImageObject\",\"inLanguage\":\"es\",\"@id\":\"https:\\\/\\\/www.eldiario.net\\\/portal\\\/2025\\\/08\\\/03\\\/la-evolucion-de-los-partidos-politicos-en-bolivia\\\/#primaryimage\",\"url\":\"https:\\\/\\\/www.eldiario.net\\\/portal\\\/wp-content\\\/uploads\\\/2023\\\/06\\\/Fabian-Freire.jpg\",\"contentUrl\":\"https:\\\/\\\/www.eldiario.net\\\/portal\\\/wp-content\\\/uploads\\\/2023\\\/06\\\/Fabian-Freire.jpg\",\"width\":1200,\"height\":628,\"caption\":\"Fabian Freire\"},{\"@type\":\"BreadcrumbList\",\"@id\":\"https:\\\/\\\/www.eldiario.net\\\/portal\\\/2025\\\/08\\\/03\\\/la-evolucion-de-los-partidos-politicos-en-bolivia\\\/#breadcrumb\",\"itemListElement\":[{\"@type\":\"ListItem\",\"position\":1,\"name\":\"Portada\",\"item\":\"https:\\\/\\\/www.eldiario.net\\\/portal\\\/\"},{\"@type\":\"ListItem\",\"position\":2,\"name\":\"La evoluci\u00f3n de los partidos pol\u00edticos en Bolivia\"}]},{\"@type\":\"WebSite\",\"@id\":\"https:\\\/\\\/www.eldiario.net\\\/portal\\\/#website\",\"url\":\"https:\\\/\\\/www.eldiario.net\\\/portal\\\/\",\"name\":\"El Diario - Decano de la prensa nacional\",\"description\":\"El Diario - Decano de la prensa nacional\",\"publisher\":{\"@id\":\"https:\\\/\\\/www.eldiario.net\\\/portal\\\/#organization\"},\"potentialAction\":[{\"@type\":\"SearchAction\",\"target\":{\"@type\":\"EntryPoint\",\"urlTemplate\":\"https:\\\/\\\/www.eldiario.net\\\/portal\\\/?s={search_term_string}\"},\"query-input\":{\"@type\":\"PropertyValueSpecification\",\"valueRequired\":true,\"valueName\":\"search_term_string\"}}],\"inLanguage\":\"es\"},{\"@type\":\"Organization\",\"@id\":\"https:\\\/\\\/www.eldiario.net\\\/portal\\\/#organization\",\"name\":\"El Diario - Decano de la prensa nacional\",\"url\":\"https:\\\/\\\/www.eldiario.net\\\/portal\\\/\",\"logo\":{\"@type\":\"ImageObject\",\"inLanguage\":\"es\",\"@id\":\"https:\\\/\\\/www.eldiario.net\\\/portal\\\/#\\\/schema\\\/logo\\\/image\\\/\",\"url\":\"https:\\\/\\\/www.eldiario.net\\\/portal\\\/wp-content\\\/uploads\\\/2023\\\/07\\\/logo_ED.jpg\",\"contentUrl\":\"https:\\\/\\\/www.eldiario.net\\\/portal\\\/wp-content\\\/uploads\\\/2023\\\/07\\\/logo_ED.jpg\",\"width\":272,\"height\":52,\"caption\":\"El Diario - Decano de la prensa nacional\"},\"image\":{\"@id\":\"https:\\\/\\\/www.eldiario.net\\\/portal\\\/#\\\/schema\\\/logo\\\/image\\\/\"},\"sameAs\":[\"https:\\\/\\\/www.facebook.com\\\/eldiario.bolivia\\\/\",\"https:\\\/\\\/x.com\\\/eldiario_net\"]},{\"@type\":\"Person\",\"@id\":\"https:\\\/\\\/www.eldiario.net\\\/portal\\\/#\\\/schema\\\/person\\\/f46445640444750d7d753ccd04ae01b7\",\"name\":\"Jeanette\",\"image\":{\"@type\":\"ImageObject\",\"inLanguage\":\"es\",\"@id\":\"https:\\\/\\\/secure.gravatar.com\\\/avatar\\\/3ea2118a5f7dad2b7138b1187a6b7ee55f160b9968b66013c3a3ef39dd7e5798?s=96&d=mm&r=g\",\"url\":\"https:\\\/\\\/secure.gravatar.com\\\/avatar\\\/3ea2118a5f7dad2b7138b1187a6b7ee55f160b9968b66013c3a3ef39dd7e5798?s=96&d=mm&r=g\",\"contentUrl\":\"https:\\\/\\\/secure.gravatar.com\\\/avatar\\\/3ea2118a5f7dad2b7138b1187a6b7ee55f160b9968b66013c3a3ef39dd7e5798?s=96&d=mm&r=g\",\"caption\":\"Jeanette\"},\"sameAs\":[\"https:\\\/\\\/www.eldiario.net\\\/portal\"],\"url\":\"https:\\\/\\\/www.eldiario.net\\\/portal\\\/author\\\/jeanette\\\/\"}]}<\/script>\n<!-- \/ Yoast SEO plugin. -->","yoast_head_json":{"title":"La evoluci\u00f3n de los partidos pol\u00edticos en Bolivia - El Diario - Bolivia","robots":{"index":"index","follow":"follow","max-snippet":"max-snippet:-1","max-image-preview":"max-image-preview:large","max-video-preview":"max-video-preview:-1"},"canonical":"https:\/\/www.eldiario.net\/portal\/2025\/08\/03\/la-evolucion-de-los-partidos-politicos-en-bolivia\/","og_locale":"es_ES","og_type":"article","og_title":"La evoluci\u00f3n de los partidos pol\u00edticos en Bolivia - El Diario - Bolivia","og_description":"Dentro del sistema de democracia participativa, los partidos pol\u00edticos ocupan un rol fundamental, a trav\u00e9s de ellos es que el pueblo se \u201crelaciona\u201d con el poder y la toma de decisiones. En Bolivia, la situaci\u00f3n actual de los partidos pol\u00edticos es deprimente, ninguno cuenta con ideolog\u00eda, visi\u00f3n de pa\u00eds clara ni directrices definidas. Este declive [&hellip;]","og_url":"https:\/\/www.eldiario.net\/portal\/2025\/08\/03\/la-evolucion-de-los-partidos-politicos-en-bolivia\/","og_site_name":"El Diario - Bolivia","article_publisher":"https:\/\/www.facebook.com\/eldiario.bolivia\/","article_published_time":"2025-08-03T11:35:29+00:00","article_modified_time":"2025-08-03T12:38:13+00:00","og_image":[{"width":1200,"height":628,"url":"https:\/\/www.eldiario.net\/portal\/wp-content\/uploads\/2023\/06\/Fabian-Freire.jpg","type":"image\/jpeg"}],"author":"Jeanette","twitter_card":"summary_large_image","twitter_creator":"@eldiario_net","twitter_site":"@eldiario_net","twitter_misc":{"Escrito por":"Jeanette","Tiempo de lectura":"4 minutos"},"schema":{"@context":"https:\/\/schema.org","@graph":[{"@type":"Article","@id":"https:\/\/www.eldiario.net\/portal\/2025\/08\/03\/la-evolucion-de-los-partidos-politicos-en-bolivia\/#article","isPartOf":{"@id":"https:\/\/www.eldiario.net\/portal\/2025\/08\/03\/la-evolucion-de-los-partidos-politicos-en-bolivia\/"},"author":{"name":"Jeanette","@id":"https:\/\/www.eldiario.net\/portal\/#\/schema\/person\/f46445640444750d7d753ccd04ae01b7"},"headline":"La evoluci\u00f3n de los partidos pol\u00edticos en Bolivia","datePublished":"2025-08-03T11:35:29+00:00","dateModified":"2025-08-03T12:38:13+00:00","mainEntityOfPage":{"@id":"https:\/\/www.eldiario.net\/portal\/2025\/08\/03\/la-evolucion-de-los-partidos-politicos-en-bolivia\/"},"wordCount":698,"publisher":{"@id":"https:\/\/www.eldiario.net\/portal\/#organization"},"image":{"@id":"https:\/\/www.eldiario.net\/portal\/2025\/08\/03\/la-evolucion-de-los-partidos-politicos-en-bolivia\/#primaryimage"},"thumbnailUrl":"https:\/\/www.eldiario.net\/portal\/wp-content\/uploads\/2023\/06\/Fabian-Freire.jpg","articleSection":["Opini\u00f3n"],"inLanguage":"es"},{"@type":"WebPage","@id":"https:\/\/www.eldiario.net\/portal\/2025\/08\/03\/la-evolucion-de-los-partidos-politicos-en-bolivia\/","url":"https:\/\/www.eldiario.net\/portal\/2025\/08\/03\/la-evolucion-de-los-partidos-politicos-en-bolivia\/","name":"La evoluci\u00f3n de los partidos pol\u00edticos en Bolivia - El Diario - Bolivia","isPartOf":{"@id":"https:\/\/www.eldiario.net\/portal\/#website"},"primaryImageOfPage":{"@id":"https:\/\/www.eldiario.net\/portal\/2025\/08\/03\/la-evolucion-de-los-partidos-politicos-en-bolivia\/#primaryimage"},"image":{"@id":"https:\/\/www.eldiario.net\/portal\/2025\/08\/03\/la-evolucion-de-los-partidos-politicos-en-bolivia\/#primaryimage"},"thumbnailUrl":"https:\/\/www.eldiario.net\/portal\/wp-content\/uploads\/2023\/06\/Fabian-Freire.jpg","datePublished":"2025-08-03T11:35:29+00:00","dateModified":"2025-08-03T12:38:13+00:00","breadcrumb":{"@id":"https:\/\/www.eldiario.net\/portal\/2025\/08\/03\/la-evolucion-de-los-partidos-politicos-en-bolivia\/#breadcrumb"},"inLanguage":"es","potentialAction":[{"@type":"ReadAction","target":["https:\/\/www.eldiario.net\/portal\/2025\/08\/03\/la-evolucion-de-los-partidos-politicos-en-bolivia\/"]}]},{"@type":"ImageObject","inLanguage":"es","@id":"https:\/\/www.eldiario.net\/portal\/2025\/08\/03\/la-evolucion-de-los-partidos-politicos-en-bolivia\/#primaryimage","url":"https:\/\/www.eldiario.net\/portal\/wp-content\/uploads\/2023\/06\/Fabian-Freire.jpg","contentUrl":"https:\/\/www.eldiario.net\/portal\/wp-content\/uploads\/2023\/06\/Fabian-Freire.jpg","width":1200,"height":628,"caption":"Fabian Freire"},{"@type":"BreadcrumbList","@id":"https:\/\/www.eldiario.net\/portal\/2025\/08\/03\/la-evolucion-de-los-partidos-politicos-en-bolivia\/#breadcrumb","itemListElement":[{"@type":"ListItem","position":1,"name":"Portada","item":"https:\/\/www.eldiario.net\/portal\/"},{"@type":"ListItem","position":2,"name":"La evoluci\u00f3n de los partidos pol\u00edticos en Bolivia"}]},{"@type":"WebSite","@id":"https:\/\/www.eldiario.net\/portal\/#website","url":"https:\/\/www.eldiario.net\/portal\/","name":"El Diario - Decano de la prensa nacional","description":"El Diario - Decano de la prensa nacional","publisher":{"@id":"https:\/\/www.eldiario.net\/portal\/#organization"},"potentialAction":[{"@type":"SearchAction","target":{"@type":"EntryPoint","urlTemplate":"https:\/\/www.eldiario.net\/portal\/?s={search_term_string}"},"query-input":{"@type":"PropertyValueSpecification","valueRequired":true,"valueName":"search_term_string"}}],"inLanguage":"es"},{"@type":"Organization","@id":"https:\/\/www.eldiario.net\/portal\/#organization","name":"El Diario - Decano de la prensa nacional","url":"https:\/\/www.eldiario.net\/portal\/","logo":{"@type":"ImageObject","inLanguage":"es","@id":"https:\/\/www.eldiario.net\/portal\/#\/schema\/logo\/image\/","url":"https:\/\/www.eldiario.net\/portal\/wp-content\/uploads\/2023\/07\/logo_ED.jpg","contentUrl":"https:\/\/www.eldiario.net\/portal\/wp-content\/uploads\/2023\/07\/logo_ED.jpg","width":272,"height":52,"caption":"El Diario - Decano de la prensa nacional"},"image":{"@id":"https:\/\/www.eldiario.net\/portal\/#\/schema\/logo\/image\/"},"sameAs":["https:\/\/www.facebook.com\/eldiario.bolivia\/","https:\/\/x.com\/eldiario_net"]},{"@type":"Person","@id":"https:\/\/www.eldiario.net\/portal\/#\/schema\/person\/f46445640444750d7d753ccd04ae01b7","name":"Jeanette","image":{"@type":"ImageObject","inLanguage":"es","@id":"https:\/\/secure.gravatar.com\/avatar\/3ea2118a5f7dad2b7138b1187a6b7ee55f160b9968b66013c3a3ef39dd7e5798?s=96&d=mm&r=g","url":"https:\/\/secure.gravatar.com\/avatar\/3ea2118a5f7dad2b7138b1187a6b7ee55f160b9968b66013c3a3ef39dd7e5798?s=96&d=mm&r=g","contentUrl":"https:\/\/secure.gravatar.com\/avatar\/3ea2118a5f7dad2b7138b1187a6b7ee55f160b9968b66013c3a3ef39dd7e5798?s=96&d=mm&r=g","caption":"Jeanette"},"sameAs":["https:\/\/www.eldiario.net\/portal"],"url":"https:\/\/www.eldiario.net\/portal\/author\/jeanette\/"}]}},"_links":{"self":[{"href":"https:\/\/www.eldiario.net\/portal\/wp-json\/wp\/v2\/posts\/321326","targetHints":{"allow":["GET"]}}],"collection":[{"href":"https:\/\/www.eldiario.net\/portal\/wp-json\/wp\/v2\/posts"}],"about":[{"href":"https:\/\/www.eldiario.net\/portal\/wp-json\/wp\/v2\/types\/post"}],"author":[{"embeddable":true,"href":"https:\/\/www.eldiario.net\/portal\/wp-json\/wp\/v2\/users\/1"}],"replies":[{"embeddable":true,"href":"https:\/\/www.eldiario.net\/portal\/wp-json\/wp\/v2\/comments?post=321326"}],"version-history":[{"count":1,"href":"https:\/\/www.eldiario.net\/portal\/wp-json\/wp\/v2\/posts\/321326\/revisions"}],"predecessor-version":[{"id":321327,"href":"https:\/\/www.eldiario.net\/portal\/wp-json\/wp\/v2\/posts\/321326\/revisions\/321327"}],"wp:featuredmedia":[{"embeddable":true,"href":"https:\/\/www.eldiario.net\/portal\/wp-json\/wp\/v2\/media\/161834"}],"wp:attachment":[{"href":"https:\/\/www.eldiario.net\/portal\/wp-json\/wp\/v2\/media?parent=321326"}],"wp:term":[{"taxonomy":"category","embeddable":true,"href":"https:\/\/www.eldiario.net\/portal\/wp-json\/wp\/v2\/categories?post=321326"},{"taxonomy":"post_tag","embeddable":true,"href":"https:\/\/www.eldiario.net\/portal\/wp-json\/wp\/v2\/tags?post=321326"}],"curies":[{"name":"wp","href":"https:\/\/api.w.org\/{rel}","templated":true}]}}