{"id":321323,"date":"2025-08-03T07:34:25","date_gmt":"2025-08-03T11:34:25","guid":{"rendered":"https:\/\/www.eldiario.net\/portal\/?p=321323"},"modified":"2025-08-03T07:34:25","modified_gmt":"2025-08-03T11:34:25","slug":"debate-aun-no-colma-expectativas-de-poblacion-y-propuestas-no-son-claras","status":"publish","type":"post","link":"https:\/\/www.eldiario.net\/portal\/2025\/08\/03\/debate-aun-no-colma-expectativas-de-poblacion-y-propuestas-no-son-claras\/","title":{"rendered":"Debate a\u00fan no colma expectativas de  poblaci\u00f3n y propuestas no son claras"},"content":{"rendered":"<p>El primer debate organizado por el \u00d3rgano Electoral Plurinacional (OEP), la Confederaci\u00f3n de Empresarios Privados de Bolivia (CEPB) y la Asociaci\u00f3n Nacional de Periodistas de Bolivia (ANPB), todav\u00eda no convence a la poblaci\u00f3n, a\u00fan no ven propuestas claras y reales para salir de la crisis econ\u00f3mica en el mediano plazo.<br \/>\nDe acuerdo con la percepci\u00f3n de la gente en las calles, Samuel Doria Medina, Jorge Quiroga, Rodrigo Paz y Manfred Reyes, presentaron planes en general de qu\u00e9 van hacer; por otro lado, Andr\u00f3nico Rodr\u00edguez, Jhonny Fern\u00e1ndez y Eduardo Del Castillo, m\u00e1s se dedicaron a recordar el pasado para captar votos y se olvidaron de responder las preguntas concretas.<br \/>\nEn redes sociales y en la calle, la ciudadan\u00eda todav\u00eda espera el segundo debate presidencial que se llevar\u00e1 a cabo el 12 de agosto para tomar una decisi\u00f3n, tambi\u00e9n reconocen que el cambio ser\u00e1 doloroso, casi similar a lo que sucedi\u00f3 en 1985 con el Decreto 21060.<br \/>\nLa gente quiere conocer c\u00f3mo van hacer lo que dicen, no s\u00f3lo que van hacer. Seg\u00fan las encuestas publicadas por diferentes medios, se volver\u00e1 a alianzas partidarias para aprobar normas o cambios en la Constituci\u00f3n Pol\u00edtica del Estado (CPE).<br \/>\nAlgunas propuestas de los candidatos fueron la digitalizaci\u00f3n del Estado, los cambios a la Constituci\u00f3n Pol\u00edtica del Estado, el retorno del pa\u00eds a espacios de arbitraje internacional, la eliminaci\u00f3n del Ministerio de Justicia, la necesidad de garantizar seguridad jur\u00eddica, una nueva Asamblea Constituyente y suspender la reelecci\u00f3n.<br \/>\nEl primer Debate Presidencial cont\u00f3 con la presencia de los ocho candidatos que contin\u00faan en carrera, luego de declinar su participaci\u00f3n el frente Morena de la alcaldesa de El Alto, Eva Copa.<br \/>\nDemocracia, justicia y<br \/>\nEstado de Derecho<br \/>\nSamuel Doria Medina, candidato de Alianza Unidad, afirm\u00f3 que su objetivo en el \u00e1mbito de los desaf\u00edos democr\u00e1ticos es \u201chacer las cosas de manera diferente, con la mejor gente, tomando decisiones y buscando buenos resultados\u201d. Por su parte, Andr\u00f3nico Rodr\u00edguez, de Alianza Popular, asegur\u00f3 que el mayor problema para el sistema es que \u201cla corrupci\u00f3n se ha naturalizado\u201d.<br \/>\nMientras que Manfred Reyes Villa, candidato de APB S\u00famate, expres\u00f3 que \u201cel Poder Judicial debe actuar para aplicar justicia y no el Poder Ejecutivo\u201d, adem\u00e1s de impulsar la vuelta de Bolivia al Centro Internacional de Arreglo de Diferencias Relativas a Inversiones (Ciadi).<br \/>\nRodrigo Paz, del Partido Dem\u00f3crata Cristiano (PDC), asever\u00f3 que, en su eventual gobierno, crear\u00e1 una comisi\u00f3n para cambiar la CPE y cerrar\u00e1 el Ministerio de Justicia, mientras que la digitalizaci\u00f3n permitir\u00e1 garantizar la transparencia de los procesos judiciales.<br \/>\nEl candidato de la alianza La Fuerza del Pueblo, Jhonny Fern\u00e1ndez, tambi\u00e9n plante\u00f3 un cambio a la CPE, mientras que Pavel Aracena de la Alianza Libertad y Progreso ADN, propuso una nueva Asamblea Constituyente, adem\u00e1s de impulsar leyes para que las Fuerzas Armadas puedan actuar frente a los bloqueos e ingresar al Chapare.<br \/>\nPor otro lado, el candidato de Alianza Libre, Jorge Quiroga, manifest\u00f3 que se debe garantizar la libertad de expresi\u00f3n y la alternabilidad en el ejercicio del poder, adem\u00e1s de la designaci\u00f3n por m\u00e9rito en las instituciones p\u00fablicas.<br \/>\nEduardo Del Castillo, del Movimiento al Socialismo (MAS), plante\u00f3 nuevas leyes en el pa\u00eds, aseverando que \u201ces momento de administrar lo nuevo\u201d.<br \/>\nEn su momento, en entrevista con EL DIARIO, el economista Dar\u00edo Monasterio sostuvo que debe haber institucionalidad en la administraci\u00f3n p\u00fablica y no como los \u00faltimos a\u00f1os, hasta la actualidad, implementado por el Movimiento al Socialismo la desinstitucionalizaci\u00f3n.<br \/>\nDerechos Humanos y<br \/>\nprotecci\u00f3n social<br \/>\nPlanes de apoyo y protecci\u00f3n a la mujer, la mantenci\u00f3n de los bonos como la Renta Dignidad y el Juancito Pinto, la reducci\u00f3n de los impuestos y un pacto fiscal que permita redistribuir los recursos entre los diferentes niveles de gobierno, son algunas de las propuestas para avanzar en la protecci\u00f3n de los Derechos Humanos y la protecci\u00f3n social.<br \/>\nPaz insisti\u00f3 en su propuesta del \u201c50-50\u201d para destinar m\u00e1s recursos a la educaci\u00f3n, salud y seguridad. Doria Medina indic\u00f3 que es el \u00fanico que incluye en su programa estos temas e hizo hincapi\u00e9 un plan para reducir la violencia contra la mujer y apoyo a los emprendedores. Aracena propuso un fondo de 3.000 millones de bolivianos para licitaciones en las que tengan preferencia las empresas constituidas por mujeres, las que tambi\u00e9n tendr\u00e1n una pausa tributaria por cinco a\u00f1os; a esto sum\u00f3 la incorporaci\u00f3n de tecnolog\u00eda para la salud.<br \/>\nReyes Villa sugiri\u00f3 una redistribuci\u00f3n de recursos para la administraci\u00f3n de los \u00edtems a nivel regional y municipal, adem\u00e1s de destinar el 10% del presupuesto a salud. Algo en lo que coincidi\u00f3 Fern\u00e1ndez, de brindar mejores condiciones de servicio.<br \/>\nQuiroga marc\u00f3 en esta \u00e1rea uno de los elementos m\u00e1s importantes de su programa, como es la digitalizaci\u00f3n y la descentralizaci\u00f3n, precisando que el 62% de los recursos se administrar\u00e1n desde los gobiernos locales.<br \/>\nMarcando distancias con la actual administraci\u00f3n, Del Castillo dijo que en su eventual gobierno habr\u00e1 \u201cun nuevo equipo de trabajo, nuevas ideas, para no volver al pasado\u201d. Por su parte, Rodr\u00edguez manifest\u00f3 que \u201cno podemos aventurarnos a apresurar el pacto fiscal, sin un diagn\u00f3stico y una radiograf\u00eda total de los recursos del Estado\u201d.<br \/>\nMedio ambiente y<br \/>\ndesarrollo<br \/>\nEl debate se dio mientras en Tarija, en el \u00e1rea protegida de Sama, combaten un incendio. Uno de los problemas ambientales que enfrenta el pa\u00eds, junto a la deforestaci\u00f3n y la p\u00e9rdida de biodiversidad. La pregunta a los candidatos fue c\u00f3mo pensaban compatibilizar la necesidad de crecimiento con el cuidado del medio ambiente.<br \/>\nVarios hicieron alusi\u00f3n a la situaci\u00f3n que se vive en Tarija, mientras volvi\u00f3 al debate la necesidad de eliminar las denominadas \u201cleyes incendiarias\u201d, aplicar la ley contra quienes avasallan, la generaci\u00f3n de bonos de carbono y la incorporaci\u00f3n de tecnolog\u00eda.<br \/>\nPaz lament\u00f3 la actitud de quienes \u201chan quemado en 10 a\u00f1os, 8 veces la extensi\u00f3n de Costa Rica y 14 veces a Tarija; y nos hablan de medio ambiente\u201d. Agreg\u00f3 que, junto con cambiar las normas, se debe usar la tecnolog\u00eda para controlar las quemas agr\u00edcolas y coincidi\u00f3 con la necesidad de crear una flota de hidroaviones. Asegur\u00f3 que \u201cse puede producir en alianza con el medio ambiente\u201d y subraya que impulsar\u00e1 el \u201crespeto a la propiedad privada, al medio ambiente y cero tolerancia a los avasalladores\u201d.<br \/>\nAracena se\u00f1ala que crear\u00e1 \u201cla Unidad de Defensa de la Naturaleza, con 15 hidroaviones\u201d para combatir los incendios y buscar\u00e1 cambiar la reglamentaci\u00f3n, aseverando que el pr\u00f3ximo a\u00f1o no habr\u00e1 incendios, mientras exigir\u00e1 que los proyectos de industrializaci\u00f3n consideren entre un 3 a 4% para remediaci\u00f3n ambiental.<br \/>\nRodr\u00edguez expres\u00f3 que impulsar\u00e1 \u201cla responsabilidad social y el cuidado medioambiental\u201d, agregando que \u201cpara algunos la tierra es negocio y ganancia, para nosotros es vida\u201d. Fern\u00e1ndez propuso crear mecanismos m\u00e1s estrictos de control y aplicar \u201ctodo el peso de la ley a quienes avasallan tierras productivas\u201d.<br \/>\nReyes Villa tambi\u00e9n habl\u00f3 de eliminar las \u201cleyes incendiarias\u201d y endurecer las penas contra los avasalladores. Asever\u00f3 que a trav\u00e9s de la emisi\u00f3n de bonos de carbono se pueden generar 5.000 millones de d\u00f3lares, solamente en la Amazon\u00eda boliviana. Paz elev\u00f3 esta cifra a 15.000 millones, pero en un plazo largo.<br \/>\nQuiroga coincidi\u00f3 en que el \u201csecuestro de carbono\u201d puede generar importantes inversiones y precis\u00f3 que ya hay empresas que \u201cest\u00e1n haciendo un trabajo pionero\u201d. Doria Medina una vez m\u00e1s, dijo que, de ser necesario y en caso de crisis, priorizar\u00e1 la productividad sobre el medio ambiente.<br \/>\nEnerg\u00edas limpias<br \/>\nEl paso a energ\u00edas limpias tambi\u00e9n estuvo entre las propuestas. Reyes Villa dijo que \u201cse acaba el gas\u201d, y ser\u00e1 necesario cambiar la matriz energ\u00e9tica, para lo cual se requiere inversi\u00f3n privada. Fern\u00e1ndez propuso crear incentivos para el uso de tecnolog\u00edas menos contaminantes y la necesidad de cambiar la matriz del transporte.<br \/>\nQuiroga afirm\u00f3 que Bolivia puede ser \u201cpotencia en descarbonizaci\u00f3n\u201d a trav\u00e9s de la generaci\u00f3n de energ\u00edas limpias, pero tambi\u00e9n \u201ces imperativo resucitar el sector gas\u00edfero\u201d para \u201cno tener que prender velas, ni tener que cocinar a le\u00f1a, ni andar en bicicleta\u201d.<br \/>\nDel Castillo insisti\u00f3 en la elaboraci\u00f3n de una nueva Ley del Litio y propuso la nacionalizaci\u00f3n de los veh\u00edculos \u201cchutos\u201d con un kit verde, adem\u00e1s de un plan para impulsar la industrializaci\u00f3n de los residuos s\u00f3lidos en las zonas metropolitanas.<br \/>\nPasado<br \/>\nRodr\u00edguez en reiteradas oportunidades record\u00f3 el pasado a Doria Medina y a Quiroga, pero \u00e9stos tampoco se dejaron, pues tambi\u00e9n le hicieron preguntas sobre las decisiones judiciales contra su jefe Evo Morales; Del Castillo tambi\u00e9n cuestion\u00f3 a Doria Medina sobre la entrega del litio, quien desminti\u00f3 el hecho.<br \/>\nLa percepci\u00f3n de la gente sobre estos cuestionamientos apunta a reducir la popularidad de los candidatos mejor ubicados en las encuestas, a trav\u00e9s de atacar con su pasado, como lo hac\u00eda la ex autoridad del MAS.<br \/>\nPero tambi\u00e9n denota una falta de preparaci\u00f3n y propuestas concretas para cambiar el modelo, y aluden a los insultos y a recordar el pasado funesto, para no presentar propuestas concretas y eludir las preguntas.<br \/>\n^^^^^^^^^^^^^^^^^^^^^^^^^^^^<br \/>\nEl primer debate organizado por el \u00d3rgano Electoral Plurinacional, la Confederaci\u00f3n de Empresarios Privados de Bolivia (CEPB) y la Asociaci\u00f3n Nacional de Periodistas de Bolivia (ANPB), todav\u00eda no convence a la poblaci\u00f3n, y todav\u00eda no ven propuestas claras y reales para salir de la crisis econ\u00f3mica, en el mediano plazo.<br \/>\nDe acuerdo a la percepci\u00f3n de la gente en las calles, Samuel Doria Medina, Jorge \u201ctuto\u201d Quiroga, Rodrigo Paz y Manfred, presentaron planes que en general, qu\u00e9 van hacer; por el otro lado Andr\u00f3nico Rodr\u00edguez, Johnny Fern\u00e1ndez y Eduardo del Castillo, m\u00e1s se dedicaron a recordar el pasado para captar votos, y se olvidaron de responder las preguntas concretas.<br \/>\nEn redes sociales y en la calle la ciudadan\u00eda todav\u00eda espera el segundo debate presidencial que se llevar\u00e1 a cabo el 12 de agosto para tomar una decisi\u00f3n, pero tambi\u00e9n reconocen que el cambio ser\u00e1 doloroso, casi similar a lo que sucedi\u00f3 en 1985 con el decreto 21060.<br \/>\nLa gente quiere conocer c\u00f3mo ban hacer lo que dicen, no s\u00f3lo que van hacer. Pero de acuerdo a las encuestas publicadas por diferentes medios, se volver\u00e1 a alianzas partidarias para aprobar normas o cambios en la Constituci\u00f3n Pol\u00edtica del Estado (CPE).<br \/>\nPero algunas propuestas de los candidatos fueron la digitalizaci\u00f3n del Estado, los cambios a la Constituci\u00f3n Pol\u00edtica del Estado (CPE), el retorno del pa\u00eds a espacios de arbitraje internacional, la eliminaci\u00f3n del Ministerio de Justicia, la necesidad de garantizar seguridad jur\u00eddica, una nueva Asamblea Constituyente y suspender la reelecci\u00f3n.<br \/>\nEl primer Debate Presidencial cont\u00f3 con la presencia de los ocho candidatos que contin\u00faan en carrera, luego de declinar su participaci\u00f3n el frente de la alcaldesa de El Alto, Eva Copa, Morena.<br \/>\nDemocracia, justicia y Estado de Derecho<br \/>\nSamuel Doria Medina, candidato de Alianza Unidad, afirm\u00f3 que su objetivo en el \u00e1mbito de los desaf\u00edos democr\u00e1ticos es \u201chacer las cosas de manera diferente, con la mejor gente, tomando decisiones y buscando buenos resultados\u201d. Por su parte, Andr\u00f3nico Rodr\u00edguez, de Alianza Popular, asegur\u00f3 que el mayor problema para el sistema es que \u201cla corrupci\u00f3n se ha naturalizado\u201d.<br \/>\nMientras que Manfred Reyes Villa, candidato de APB S\u00famate, expres\u00f3 que \u201cel Poder Judicial debe actuar para aplicar justicia y no el Poder Ejecutivo\u201d, adem\u00e1s de impulsar la vuelta de Bolivia al Centro Internacional de Arreglo de Diferencias Relativas a Inversiones (CIADI).<br \/>\nRodrigo Paz, del Partido Dem\u00f3crata Cristiano (PDC), asever\u00f3 que, en su eventual gobierno, crear\u00e1 una comisi\u00f3n para cambiar la CPE y cerrar\u00e1 el Ministerio de Justicia, mientras que la digitalizaci\u00f3n permitir\u00e1 garantizar la transparencia de los procesos judiciales.<br \/>\nEl candidato de la Fuerza del Pueblo, Johnny Fern\u00e1ndez, tambi\u00e9n plante\u00f3 un cambio a la CPE, mientras que Pavel Aracena, de la Alianza Libertad y Progreso ADN, propuso una nueva Asamblea Constituyente, adem\u00e1s de impulsar leyes para que las Fuerzas Armadas puedan actuar frente a los bloqueos e ingresar al Chapare.<br \/>\nPor su parte, el candidato de Alianza Libre, Jorge Quiroga, manifest\u00f3 que se debe garantizar la libertad de expresi\u00f3n y la alternabilidad en el ejercicio del poder, adem\u00e1s de la designaci\u00f3n por m\u00e9rito en las instituciones p\u00fablicas.<br \/>\nEduardo Del Castillo, del Movimiento al Socialismo (MAS), tambi\u00e9n habl\u00f3 de nuevas leyes en el pa\u00eds, aseverando que \u201ces momento de administrar lo nuevo\u201d.<br \/>\nEn su momento, en entrevista con EL DIARIO, el economista Dar\u00edo Monasterio, dijo que debe haber institucionalidad en la administraci\u00f3n p\u00fablica, y no como los \u00faltimos a\u00f1os, hasta la actualidad, implementado por el Movimiento Al Socialismo (MAS) la desinstitucionalizaci\u00f3n.<br \/>\nDerechos Humanos y protecci\u00f3n social<br \/>\nPlanes de apoyo y protecci\u00f3n a la mujer, la mantenci\u00f3n de los bonos como la Renta Dignidad y el Juancito Pinto, la reducci\u00f3n de los impuestos y un pacto fiscal que permita redistribuir los recursos entre los diferentes niveles de gobierno, son algunas de las propuestas para avanzar en la protecci\u00f3n de los derechos humanos y la protecci\u00f3n social.<br \/>\nPaz insisti\u00f3 en su propuesta del \u201c50-50\u201d para destinar m\u00e1s recursos a la educaci\u00f3n, la salud y la seguridad. Doria Medina afirm\u00f3 en que su programa es el \u00fanico que incluye estos temas e hizo hincapi\u00e9 un plan para reducir la violencia contra la mujer y en el apoyo a los emprendedores. Aracena propuso un fondo de 3.000 millones de bolivianos para licitaciones en las que tengan preferencia las empresas constituidas por mujeres, las que tambi\u00e9n tendr\u00e1n una pausa tributaria por cinco a\u00f1os; a esto sum\u00f3 la incorporaci\u00f3n de tecnolog\u00eda para la salud.<br \/>\nReyes Villa tambi\u00e9n habl\u00f3 de una redistribuci\u00f3n de recursos para la administraci\u00f3n de los \u00edtems a nivel regional y municipal, adem\u00e1s de destinar el 10% del presupuesto a salud. Algo en lo que coincidi\u00f3 Fern\u00e1ndez, adem\u00e1s de brindar mejores condiciones de servicio.<br \/>\nQuiroga marc\u00f3 en esta \u00e1rea uno de los elementos m\u00e1s importantes de su programa, como es la digitalizaci\u00f3n y la descentralizaci\u00f3n, precisando que el 62% de los recursos se administrar\u00e1n desde los gobiernos locales.<br \/>\nMarcando distancias con la actual administraci\u00f3n, Del Castillo dijo que en su eventual gobierno habr\u00e1 \u201cun nuevo equipo de trabajo, nuevas ideas, para no volver al pasado\u201d. Por su parte, Rodr\u00edguez indic\u00f3 que \u201cno podemos aventurarnos a apresurar el Pacto Fiscal, sin un diagn\u00f3stico y una radiograf\u00eda total de los recursos del Estado\u201d.<br \/>\nMedio ambiente y desarrollo<br \/>\nEl debate se dio mientras en Tarija, en el \u00e1rea protegida de Sama, combaten un incendio. Uno de los problemas ambientales que enfrenta el pa\u00eds, junto a la deforestaci\u00f3n y la p\u00e9rdida de biodiversidad. La pregunta a los candidatos fue c\u00f3mo pensaban compatibilizar la necesidad de crecimiento con el cuidado del medio ambiente.<br \/>\nVarios hicieron alusi\u00f3n a la situaci\u00f3n que se vive en Tarija, mientras volvi\u00f3 al debate la necesidad de eliminar las denominadas \u201cleyes incendiarias\u201d, aplicar la ley contra quienes avasallan, la generaci\u00f3n de bonos de carbono y la incorporaci\u00f3n de tecnolog\u00eda.<br \/>\nPaz lament\u00f3 la actitud de quienes \u201chan quemado en 10 a\u00f1os, 8 veces la extensi\u00f3n de Costa Rica y 14 veces a Tarija; y nos hablan de medio ambiente\u201d. Agreg\u00f3 que, junto con cambiar las normas, se debe usar tecnolog\u00eda para controlar las quemas agr\u00edcolas y coincidi\u00f3 con la necesidad de crear una flota de hidroaviones. Asegur\u00f3 que \u201cse puede producir en alianza con el medio ambiente\u201d y dijo que impulsar\u00e1 el \u201crespeto a la propiedad privada, al medio ambiente y cero tolerancia a los avasalladores\u201d.<br \/>\nAracena dijo que crear\u00e1 \u201cla Unidad de Defensa de la Naturaleza, con 15 hidroaviones\u201d para combatir los incendios y buscar\u00e1 cambiar la reglamentaci\u00f3n, aseverando que el pr\u00f3ximo a\u00f1o no habr\u00e1 incendios, mientras exigir\u00e1 que los proyectos de industrializaci\u00f3n consideren entre un 3 a 4% para remediaci\u00f3n ambiental.<br \/>\nRodr\u00edguez dijo que impulsar\u00e1 \u201cla responsabilidad social y el cuidado medioambiental\u201d, agregando que \u201cpara algunos la tierra es negocio y ganancia, para nosotros es vida\u201d. Fern\u00e1ndez propuso crear mecanismos m\u00e1s estrictos de control y aplicar \u201ctodo el peso de la ley a quienes avasallan tierras productivas\u201d.<br \/>\nReyes Villa tambi\u00e9n habl\u00f3 de eliminar las \u201cleyes incendiarias\u201d y endurecer las penas contra los avasalladores. Asever\u00f3 que a trav\u00e9s de la emisi\u00f3n de bonos de carbono se pueden generar 5.000 millones de d\u00f3lares, solamente en la Amazon\u00eda boliviana. Paz elev\u00f3 esta cifra a 15.000 millones, pero en un plazo largo.<br \/>\nQuiroga coincidi\u00f3 en que el \u201csecuestro de carbono\u201d puede generar importantes inversiones y precis\u00f3 que ya hay empresas que \u201cest\u00e1n haciendo un trabajo pionero\u201d. Doria Medina una vez m\u00e1s, dijo que, de ser necesario y en caso de crisis, priorizar\u00e1 la productividad sobre el medio ambiente.<br \/>\nEnerg\u00edas limpias<br \/>\nEl paso a energ\u00edas limpias tambi\u00e9n estuvo entre las propuestas. Reyes Villa dijo que \u201cse acaba el gas\u201d, y ser\u00e1 necesario cambiar la matriz energ\u00e9tica, para lo cual se requiere inversi\u00f3n privada. Fern\u00e1ndez propuso crear incentivos para el uso de tecnolog\u00edas menos contaminantes y la necesidad de cambiar la matriz del transporte.<br \/>\nQuiroga afirm\u00f3 que Bolivia puede ser \u201cpotencia en descarbonizaci\u00f3n\u201d a trav\u00e9s de la generaci\u00f3n de energ\u00edas limpias, pero tambi\u00e9n \u201ces imperativo resucitar el sector gas\u00edfero\u201d para \u201cno tener que prender velas, ni tener que cocinar a le\u00f1a, ni andar en bicicleta\u201d.<br \/>\nDel Castillo insisti\u00f3 en la elaboraci\u00f3n de una nueva Ley del Litio y propuso la nacionalizaci\u00f3n de los veh\u00edculos \u201cchutos\u201d con un kit verde, adem\u00e1s de un plan para impulsar la industrializaci\u00f3n de los residuos s\u00f3lidos en las zonas metropolitanas.<br \/>\nPasado<br \/>\nRodr\u00edguez en reiteradas oportunidades record\u00f3 el pasado a Doria Medina y a Quiroga, pero \u00e9stos tampoco se dejaron, pues tambi\u00e9n le hicieron preguntas sobre las decisiones judiciales contra su jefe Evo Morales; Del Castillo tambi\u00e9n cuestion\u00f3 a Doria Medina sobre la entrega del litio, quien desminti\u00f3 el hecho.<br \/>\nLa percepci\u00f3n de la gente sobre estos cuestionamientos apunta a reducir la popularidad de los candidatos mejor ubicados en las encuestas, a trav\u00e9s de atacar con su pasado, como lo hac\u00eda la ex autoridad del MAS.<br \/>\nPero tambi\u00e9n denota una falta de preparaci\u00f3n y propuestas concretas para cambiar el modelo, y aluden a los insultos y a recordar el pasado funesto, para no presentar propuestas concretas y eludir las preguntas.<br \/>\nPIE DE FOTO<br \/>\nCandidatos en el primer Debate electoral. Foto CEPB<\/p>\n","protected":false},"excerpt":{"rendered":"<p>El primer debate organizado por el \u00d3rgano Electoral Plurinacional (OEP), la Confederaci\u00f3n de Empresarios Privados de Bolivia (CEPB) y la Asociaci\u00f3n Nacional de Periodistas de Bolivia (ANPB), todav\u00eda no convence a la poblaci\u00f3n, a\u00fan no ven propuestas claras y reales para salir de la crisis econ\u00f3mica en el mediano plazo. De acuerdo con la percepci\u00f3n [&hellip;]<\/p>\n","protected":false},"author":1,"featured_media":321324,"comment_status":"closed","ping_status":"open","sticky":false,"template":"","format":"standard","meta":{"_acf_changed":false,"footnotes":""},"categories":[7],"tags":[],"class_list":["post-321323","post","type-post","status-publish","format-standard","has-post-thumbnail","category-economia"],"acf":{"antetitulo":""},"yoast_head":"<!-- This site is optimized with the Yoast SEO plugin v28.3 - https:\/\/yoast.com\/product\/yoast-seo-wordpress\/ -->\n<title>Debate a\u00fan no colma expectativas de poblaci\u00f3n y propuestas no son claras - El Diario - Bolivia<\/title>\n<meta name=\"robots\" content=\"index, follow, max-snippet:-1, max-image-preview:large, max-video-preview:-1\" \/>\n<link rel=\"canonical\" href=\"https:\/\/www.eldiario.net\/portal\/2025\/08\/03\/debate-aun-no-colma-expectativas-de-poblacion-y-propuestas-no-son-claras\/\" \/>\n<meta property=\"og:locale\" content=\"es_ES\" \/>\n<meta property=\"og:type\" content=\"article\" \/>\n<meta property=\"og:title\" content=\"Debate a\u00fan no colma expectativas de poblaci\u00f3n y propuestas no son claras - El Diario - Bolivia\" \/>\n<meta property=\"og:description\" content=\"El primer debate organizado por el \u00d3rgano Electoral Plurinacional (OEP), la Confederaci\u00f3n de Empresarios Privados de Bolivia (CEPB) y la Asociaci\u00f3n Nacional de Periodistas de Bolivia (ANPB), todav\u00eda no convence a la poblaci\u00f3n, a\u00fan no ven propuestas claras y reales para salir de la crisis econ\u00f3mica en el mediano plazo. De acuerdo con la percepci\u00f3n [&hellip;]\" \/>\n<meta property=\"og:url\" content=\"https:\/\/www.eldiario.net\/portal\/2025\/08\/03\/debate-aun-no-colma-expectativas-de-poblacion-y-propuestas-no-son-claras\/\" \/>\n<meta property=\"og:site_name\" content=\"El Diario - Bolivia\" \/>\n<meta property=\"article:publisher\" content=\"https:\/\/www.facebook.com\/eldiario.bolivia\/\" \/>\n<meta property=\"article:published_time\" content=\"2025-08-03T11:34:25+00:00\" \/>\n<meta property=\"og:image\" content=\"https:\/\/www.eldiario.net\/portal\/wp-content\/uploads\/2025\/08\/debate-1.webp\" \/>\n\t<meta property=\"og:image:width\" content=\"876\" \/>\n\t<meta property=\"og:image:height\" content=\"492\" \/>\n\t<meta property=\"og:image:type\" content=\"image\/webp\" \/>\n<meta name=\"author\" content=\"Jeanette\" \/>\n<meta name=\"twitter:card\" content=\"summary_large_image\" \/>\n<meta name=\"twitter:creator\" content=\"@eldiario_net\" \/>\n<meta name=\"twitter:site\" content=\"@eldiario_net\" \/>\n<meta name=\"twitter:label1\" content=\"Escrito por\" \/>\n\t<meta name=\"twitter:data1\" content=\"Jeanette\" \/>\n\t<meta name=\"twitter:label2\" content=\"Tiempo de lectura\" \/>\n\t<meta name=\"twitter:data2\" content=\"14 minutos\" \/>\n<script type=\"application\/ld+json\" class=\"yoast-schema-graph\">{\"@context\":\"https:\\\/\\\/schema.org\",\"@graph\":[{\"@type\":\"Article\",\"@id\":\"https:\\\/\\\/www.eldiario.net\\\/portal\\\/2025\\\/08\\\/03\\\/debate-aun-no-colma-expectativas-de-poblacion-y-propuestas-no-son-claras\\\/#article\",\"isPartOf\":{\"@id\":\"https:\\\/\\\/www.eldiario.net\\\/portal\\\/2025\\\/08\\\/03\\\/debate-aun-no-colma-expectativas-de-poblacion-y-propuestas-no-son-claras\\\/\"},\"author\":{\"name\":\"Jeanette\",\"@id\":\"https:\\\/\\\/www.eldiario.net\\\/portal\\\/#\\\/schema\\\/person\\\/f46445640444750d7d753ccd04ae01b7\"},\"headline\":\"Debate a\u00fan no colma expectativas de poblaci\u00f3n y propuestas no son claras\",\"datePublished\":\"2025-08-03T11:34:25+00:00\",\"mainEntityOfPage\":{\"@id\":\"https:\\\/\\\/www.eldiario.net\\\/portal\\\/2025\\\/08\\\/03\\\/debate-aun-no-colma-expectativas-de-poblacion-y-propuestas-no-son-claras\\\/\"},\"wordCount\":3230,\"publisher\":{\"@id\":\"https:\\\/\\\/www.eldiario.net\\\/portal\\\/#organization\"},\"image\":{\"@id\":\"https:\\\/\\\/www.eldiario.net\\\/portal\\\/2025\\\/08\\\/03\\\/debate-aun-no-colma-expectativas-de-poblacion-y-propuestas-no-son-claras\\\/#primaryimage\"},\"thumbnailUrl\":\"https:\\\/\\\/www.eldiario.net\\\/portal\\\/wp-content\\\/uploads\\\/2025\\\/08\\\/debate-1.webp\",\"articleSection\":[\"Econom\u00eda\"],\"inLanguage\":\"es\"},{\"@type\":\"WebPage\",\"@id\":\"https:\\\/\\\/www.eldiario.net\\\/portal\\\/2025\\\/08\\\/03\\\/debate-aun-no-colma-expectativas-de-poblacion-y-propuestas-no-son-claras\\\/\",\"url\":\"https:\\\/\\\/www.eldiario.net\\\/portal\\\/2025\\\/08\\\/03\\\/debate-aun-no-colma-expectativas-de-poblacion-y-propuestas-no-son-claras\\\/\",\"name\":\"Debate a\u00fan no colma expectativas de poblaci\u00f3n y propuestas no son claras - El Diario - Bolivia\",\"isPartOf\":{\"@id\":\"https:\\\/\\\/www.eldiario.net\\\/portal\\\/#website\"},\"primaryImageOfPage\":{\"@id\":\"https:\\\/\\\/www.eldiario.net\\\/portal\\\/2025\\\/08\\\/03\\\/debate-aun-no-colma-expectativas-de-poblacion-y-propuestas-no-son-claras\\\/#primaryimage\"},\"image\":{\"@id\":\"https:\\\/\\\/www.eldiario.net\\\/portal\\\/2025\\\/08\\\/03\\\/debate-aun-no-colma-expectativas-de-poblacion-y-propuestas-no-son-claras\\\/#primaryimage\"},\"thumbnailUrl\":\"https:\\\/\\\/www.eldiario.net\\\/portal\\\/wp-content\\\/uploads\\\/2025\\\/08\\\/debate-1.webp\",\"datePublished\":\"2025-08-03T11:34:25+00:00\",\"breadcrumb\":{\"@id\":\"https:\\\/\\\/www.eldiario.net\\\/portal\\\/2025\\\/08\\\/03\\\/debate-aun-no-colma-expectativas-de-poblacion-y-propuestas-no-son-claras\\\/#breadcrumb\"},\"inLanguage\":\"es\",\"potentialAction\":[{\"@type\":\"ReadAction\",\"target\":[\"https:\\\/\\\/www.eldiario.net\\\/portal\\\/2025\\\/08\\\/03\\\/debate-aun-no-colma-expectativas-de-poblacion-y-propuestas-no-son-claras\\\/\"]}]},{\"@type\":\"ImageObject\",\"inLanguage\":\"es\",\"@id\":\"https:\\\/\\\/www.eldiario.net\\\/portal\\\/2025\\\/08\\\/03\\\/debate-aun-no-colma-expectativas-de-poblacion-y-propuestas-no-son-claras\\\/#primaryimage\",\"url\":\"https:\\\/\\\/www.eldiario.net\\\/portal\\\/wp-content\\\/uploads\\\/2025\\\/08\\\/debate-1.webp\",\"contentUrl\":\"https:\\\/\\\/www.eldiario.net\\\/portal\\\/wp-content\\\/uploads\\\/2025\\\/08\\\/debate-1.webp\",\"width\":876,\"height\":492,\"caption\":\"Candidatos en el primer Debate electoral.\"},{\"@type\":\"BreadcrumbList\",\"@id\":\"https:\\\/\\\/www.eldiario.net\\\/portal\\\/2025\\\/08\\\/03\\\/debate-aun-no-colma-expectativas-de-poblacion-y-propuestas-no-son-claras\\\/#breadcrumb\",\"itemListElement\":[{\"@type\":\"ListItem\",\"position\":1,\"name\":\"Portada\",\"item\":\"https:\\\/\\\/www.eldiario.net\\\/portal\\\/\"},{\"@type\":\"ListItem\",\"position\":2,\"name\":\"Debate a\u00fan no colma expectativas de poblaci\u00f3n y propuestas no son claras\"}]},{\"@type\":\"WebSite\",\"@id\":\"https:\\\/\\\/www.eldiario.net\\\/portal\\\/#website\",\"url\":\"https:\\\/\\\/www.eldiario.net\\\/portal\\\/\",\"name\":\"El Diario - Decano de la prensa nacional\",\"description\":\"El Diario - Decano de la prensa nacional\",\"publisher\":{\"@id\":\"https:\\\/\\\/www.eldiario.net\\\/portal\\\/#organization\"},\"potentialAction\":[{\"@type\":\"SearchAction\",\"target\":{\"@type\":\"EntryPoint\",\"urlTemplate\":\"https:\\\/\\\/www.eldiario.net\\\/portal\\\/?s={search_term_string}\"},\"query-input\":{\"@type\":\"PropertyValueSpecification\",\"valueRequired\":true,\"valueName\":\"search_term_string\"}}],\"inLanguage\":\"es\"},{\"@type\":\"Organization\",\"@id\":\"https:\\\/\\\/www.eldiario.net\\\/portal\\\/#organization\",\"name\":\"El Diario - Decano de la prensa nacional\",\"url\":\"https:\\\/\\\/www.eldiario.net\\\/portal\\\/\",\"logo\":{\"@type\":\"ImageObject\",\"inLanguage\":\"es\",\"@id\":\"https:\\\/\\\/www.eldiario.net\\\/portal\\\/#\\\/schema\\\/logo\\\/image\\\/\",\"url\":\"https:\\\/\\\/www.eldiario.net\\\/portal\\\/wp-content\\\/uploads\\\/2023\\\/07\\\/logo_ED.jpg\",\"contentUrl\":\"https:\\\/\\\/www.eldiario.net\\\/portal\\\/wp-content\\\/uploads\\\/2023\\\/07\\\/logo_ED.jpg\",\"width\":272,\"height\":52,\"caption\":\"El Diario - Decano de la prensa nacional\"},\"image\":{\"@id\":\"https:\\\/\\\/www.eldiario.net\\\/portal\\\/#\\\/schema\\\/logo\\\/image\\\/\"},\"sameAs\":[\"https:\\\/\\\/www.facebook.com\\\/eldiario.bolivia\\\/\",\"https:\\\/\\\/x.com\\\/eldiario_net\"]},{\"@type\":\"Person\",\"@id\":\"https:\\\/\\\/www.eldiario.net\\\/portal\\\/#\\\/schema\\\/person\\\/f46445640444750d7d753ccd04ae01b7\",\"name\":\"Jeanette\",\"image\":{\"@type\":\"ImageObject\",\"inLanguage\":\"es\",\"@id\":\"https:\\\/\\\/secure.gravatar.com\\\/avatar\\\/3ea2118a5f7dad2b7138b1187a6b7ee55f160b9968b66013c3a3ef39dd7e5798?s=96&d=mm&r=g\",\"url\":\"https:\\\/\\\/secure.gravatar.com\\\/avatar\\\/3ea2118a5f7dad2b7138b1187a6b7ee55f160b9968b66013c3a3ef39dd7e5798?s=96&d=mm&r=g\",\"contentUrl\":\"https:\\\/\\\/secure.gravatar.com\\\/avatar\\\/3ea2118a5f7dad2b7138b1187a6b7ee55f160b9968b66013c3a3ef39dd7e5798?s=96&d=mm&r=g\",\"caption\":\"Jeanette\"},\"sameAs\":[\"https:\\\/\\\/www.eldiario.net\\\/portal\"],\"url\":\"https:\\\/\\\/www.eldiario.net\\\/portal\\\/author\\\/jeanette\\\/\"}]}<\/script>\n<!-- \/ Yoast SEO plugin. -->","yoast_head_json":{"title":"Debate a\u00fan no colma expectativas de poblaci\u00f3n y propuestas no son claras - El Diario - Bolivia","robots":{"index":"index","follow":"follow","max-snippet":"max-snippet:-1","max-image-preview":"max-image-preview:large","max-video-preview":"max-video-preview:-1"},"canonical":"https:\/\/www.eldiario.net\/portal\/2025\/08\/03\/debate-aun-no-colma-expectativas-de-poblacion-y-propuestas-no-son-claras\/","og_locale":"es_ES","og_type":"article","og_title":"Debate a\u00fan no colma expectativas de poblaci\u00f3n y propuestas no son claras - El Diario - Bolivia","og_description":"El primer debate organizado por el \u00d3rgano Electoral Plurinacional (OEP), la Confederaci\u00f3n de Empresarios Privados de Bolivia (CEPB) y la Asociaci\u00f3n Nacional de Periodistas de Bolivia (ANPB), todav\u00eda no convence a la poblaci\u00f3n, a\u00fan no ven propuestas claras y reales para salir de la crisis econ\u00f3mica en el mediano plazo. De acuerdo con la percepci\u00f3n [&hellip;]","og_url":"https:\/\/www.eldiario.net\/portal\/2025\/08\/03\/debate-aun-no-colma-expectativas-de-poblacion-y-propuestas-no-son-claras\/","og_site_name":"El Diario - Bolivia","article_publisher":"https:\/\/www.facebook.com\/eldiario.bolivia\/","article_published_time":"2025-08-03T11:34:25+00:00","og_image":[{"width":876,"height":492,"url":"https:\/\/www.eldiario.net\/portal\/wp-content\/uploads\/2025\/08\/debate-1.webp","type":"image\/webp"}],"author":"Jeanette","twitter_card":"summary_large_image","twitter_creator":"@eldiario_net","twitter_site":"@eldiario_net","twitter_misc":{"Escrito por":"Jeanette","Tiempo de lectura":"14 minutos"},"schema":{"@context":"https:\/\/schema.org","@graph":[{"@type":"Article","@id":"https:\/\/www.eldiario.net\/portal\/2025\/08\/03\/debate-aun-no-colma-expectativas-de-poblacion-y-propuestas-no-son-claras\/#article","isPartOf":{"@id":"https:\/\/www.eldiario.net\/portal\/2025\/08\/03\/debate-aun-no-colma-expectativas-de-poblacion-y-propuestas-no-son-claras\/"},"author":{"name":"Jeanette","@id":"https:\/\/www.eldiario.net\/portal\/#\/schema\/person\/f46445640444750d7d753ccd04ae01b7"},"headline":"Debate a\u00fan no colma expectativas de poblaci\u00f3n y propuestas no son claras","datePublished":"2025-08-03T11:34:25+00:00","mainEntityOfPage":{"@id":"https:\/\/www.eldiario.net\/portal\/2025\/08\/03\/debate-aun-no-colma-expectativas-de-poblacion-y-propuestas-no-son-claras\/"},"wordCount":3230,"publisher":{"@id":"https:\/\/www.eldiario.net\/portal\/#organization"},"image":{"@id":"https:\/\/www.eldiario.net\/portal\/2025\/08\/03\/debate-aun-no-colma-expectativas-de-poblacion-y-propuestas-no-son-claras\/#primaryimage"},"thumbnailUrl":"https:\/\/www.eldiario.net\/portal\/wp-content\/uploads\/2025\/08\/debate-1.webp","articleSection":["Econom\u00eda"],"inLanguage":"es"},{"@type":"WebPage","@id":"https:\/\/www.eldiario.net\/portal\/2025\/08\/03\/debate-aun-no-colma-expectativas-de-poblacion-y-propuestas-no-son-claras\/","url":"https:\/\/www.eldiario.net\/portal\/2025\/08\/03\/debate-aun-no-colma-expectativas-de-poblacion-y-propuestas-no-son-claras\/","name":"Debate a\u00fan no colma expectativas de poblaci\u00f3n y propuestas no son claras - El Diario - Bolivia","isPartOf":{"@id":"https:\/\/www.eldiario.net\/portal\/#website"},"primaryImageOfPage":{"@id":"https:\/\/www.eldiario.net\/portal\/2025\/08\/03\/debate-aun-no-colma-expectativas-de-poblacion-y-propuestas-no-son-claras\/#primaryimage"},"image":{"@id":"https:\/\/www.eldiario.net\/portal\/2025\/08\/03\/debate-aun-no-colma-expectativas-de-poblacion-y-propuestas-no-son-claras\/#primaryimage"},"thumbnailUrl":"https:\/\/www.eldiario.net\/portal\/wp-content\/uploads\/2025\/08\/debate-1.webp","datePublished":"2025-08-03T11:34:25+00:00","breadcrumb":{"@id":"https:\/\/www.eldiario.net\/portal\/2025\/08\/03\/debate-aun-no-colma-expectativas-de-poblacion-y-propuestas-no-son-claras\/#breadcrumb"},"inLanguage":"es","potentialAction":[{"@type":"ReadAction","target":["https:\/\/www.eldiario.net\/portal\/2025\/08\/03\/debate-aun-no-colma-expectativas-de-poblacion-y-propuestas-no-son-claras\/"]}]},{"@type":"ImageObject","inLanguage":"es","@id":"https:\/\/www.eldiario.net\/portal\/2025\/08\/03\/debate-aun-no-colma-expectativas-de-poblacion-y-propuestas-no-son-claras\/#primaryimage","url":"https:\/\/www.eldiario.net\/portal\/wp-content\/uploads\/2025\/08\/debate-1.webp","contentUrl":"https:\/\/www.eldiario.net\/portal\/wp-content\/uploads\/2025\/08\/debate-1.webp","width":876,"height":492,"caption":"Candidatos en el primer Debate electoral."},{"@type":"BreadcrumbList","@id":"https:\/\/www.eldiario.net\/portal\/2025\/08\/03\/debate-aun-no-colma-expectativas-de-poblacion-y-propuestas-no-son-claras\/#breadcrumb","itemListElement":[{"@type":"ListItem","position":1,"name":"Portada","item":"https:\/\/www.eldiario.net\/portal\/"},{"@type":"ListItem","position":2,"name":"Debate a\u00fan no colma expectativas de poblaci\u00f3n y propuestas no son claras"}]},{"@type":"WebSite","@id":"https:\/\/www.eldiario.net\/portal\/#website","url":"https:\/\/www.eldiario.net\/portal\/","name":"El Diario - Decano de la prensa nacional","description":"El Diario - Decano de la prensa nacional","publisher":{"@id":"https:\/\/www.eldiario.net\/portal\/#organization"},"potentialAction":[{"@type":"SearchAction","target":{"@type":"EntryPoint","urlTemplate":"https:\/\/www.eldiario.net\/portal\/?s={search_term_string}"},"query-input":{"@type":"PropertyValueSpecification","valueRequired":true,"valueName":"search_term_string"}}],"inLanguage":"es"},{"@type":"Organization","@id":"https:\/\/www.eldiario.net\/portal\/#organization","name":"El Diario - Decano de la prensa nacional","url":"https:\/\/www.eldiario.net\/portal\/","logo":{"@type":"ImageObject","inLanguage":"es","@id":"https:\/\/www.eldiario.net\/portal\/#\/schema\/logo\/image\/","url":"https:\/\/www.eldiario.net\/portal\/wp-content\/uploads\/2023\/07\/logo_ED.jpg","contentUrl":"https:\/\/www.eldiario.net\/portal\/wp-content\/uploads\/2023\/07\/logo_ED.jpg","width":272,"height":52,"caption":"El Diario - Decano de la prensa nacional"},"image":{"@id":"https:\/\/www.eldiario.net\/portal\/#\/schema\/logo\/image\/"},"sameAs":["https:\/\/www.facebook.com\/eldiario.bolivia\/","https:\/\/x.com\/eldiario_net"]},{"@type":"Person","@id":"https:\/\/www.eldiario.net\/portal\/#\/schema\/person\/f46445640444750d7d753ccd04ae01b7","name":"Jeanette","image":{"@type":"ImageObject","inLanguage":"es","@id":"https:\/\/secure.gravatar.com\/avatar\/3ea2118a5f7dad2b7138b1187a6b7ee55f160b9968b66013c3a3ef39dd7e5798?s=96&d=mm&r=g","url":"https:\/\/secure.gravatar.com\/avatar\/3ea2118a5f7dad2b7138b1187a6b7ee55f160b9968b66013c3a3ef39dd7e5798?s=96&d=mm&r=g","contentUrl":"https:\/\/secure.gravatar.com\/avatar\/3ea2118a5f7dad2b7138b1187a6b7ee55f160b9968b66013c3a3ef39dd7e5798?s=96&d=mm&r=g","caption":"Jeanette"},"sameAs":["https:\/\/www.eldiario.net\/portal"],"url":"https:\/\/www.eldiario.net\/portal\/author\/jeanette\/"}]}},"_links":{"self":[{"href":"https:\/\/www.eldiario.net\/portal\/wp-json\/wp\/v2\/posts\/321323","targetHints":{"allow":["GET"]}}],"collection":[{"href":"https:\/\/www.eldiario.net\/portal\/wp-json\/wp\/v2\/posts"}],"about":[{"href":"https:\/\/www.eldiario.net\/portal\/wp-json\/wp\/v2\/types\/post"}],"author":[{"embeddable":true,"href":"https:\/\/www.eldiario.net\/portal\/wp-json\/wp\/v2\/users\/1"}],"replies":[{"embeddable":true,"href":"https:\/\/www.eldiario.net\/portal\/wp-json\/wp\/v2\/comments?post=321323"}],"version-history":[{"count":1,"href":"https:\/\/www.eldiario.net\/portal\/wp-json\/wp\/v2\/posts\/321323\/revisions"}],"predecessor-version":[{"id":321325,"href":"https:\/\/www.eldiario.net\/portal\/wp-json\/wp\/v2\/posts\/321323\/revisions\/321325"}],"wp:featuredmedia":[{"embeddable":true,"href":"https:\/\/www.eldiario.net\/portal\/wp-json\/wp\/v2\/media\/321324"}],"wp:attachment":[{"href":"https:\/\/www.eldiario.net\/portal\/wp-json\/wp\/v2\/media?parent=321323"}],"wp:term":[{"taxonomy":"category","embeddable":true,"href":"https:\/\/www.eldiario.net\/portal\/wp-json\/wp\/v2\/categories?post=321323"},{"taxonomy":"post_tag","embeddable":true,"href":"https:\/\/www.eldiario.net\/portal\/wp-json\/wp\/v2\/tags?post=321323"}],"curies":[{"name":"wp","href":"https:\/\/api.w.org\/{rel}","templated":true}]}}