{"id":321320,"date":"2025-08-03T07:33:42","date_gmt":"2025-08-03T11:33:42","guid":{"rendered":"https:\/\/www.eldiario.net\/portal\/?p=321320"},"modified":"2025-08-03T07:33:42","modified_gmt":"2025-08-03T11:33:42","slug":"gobierno-da-luz-verde-para-comercializar-fibra-de-vicuna","status":"publish","type":"post","link":"https:\/\/www.eldiario.net\/portal\/2025\/08\/03\/gobierno-da-luz-verde-para-comercializar-fibra-de-vicuna\/","title":{"rendered":"Gobierno da luz verde para  comercializar fibra de vicu\u00f1a"},"content":{"rendered":"<p>La Asociaci\u00f3n Comunitaria para la Comercializaci\u00f3n de la Fibra de Vicu\u00f1a Bolivia (Acofivb) obtuvo la autorizaci\u00f3n para la d\u00e9cimo sexta venta del recurso natural aprovechado el a\u00f1o 2024, por parte del Viceministerio de Medio Ambiente, Biodiversidad, Cambio Clim\u00e1tico y Gesti\u00f3n de Desarrollo Forestal, que tambi\u00e9n consensu\u00f3 con las comunidades una nueva Norma T\u00e9cnica Espec\u00edfica que gu\u00ede el procedimiento para la comercializaci\u00f3n y evitar futuros contratiempos. Empresarios bolivianos se quejaron que el sector otorga a una empresa italiana por 15 a\u00f1os consecutivos y no abre la oferta para emprendedores nacionales.<br \/>\nEl acto de entrega del documento se realiz\u00f3 en un local c\u00e9ntrico de la ciudad de La Paz, donde el viceministro Gilvio Janayo, en compa\u00f1\u00eda de sus t\u00e9cnicos, asisti\u00f3 a la Asamblea Nacional que organizaron las comunidades que esperaban la autorizaci\u00f3n.<br \/>\nA partir del 2007, Acofivb ha perfeccionado un sistema de comercializaci\u00f3n que ha permitido realizar 15 exportaciones exitosas anuales de la fibra. Este sistema se basa en invitaciones abiertas a personas naturales o jur\u00eddicas, nacionales e internacionales, conforme al art\u00edculo 17 del Decreto Supremo N\u00ba 385.<br \/>\nSin embargo, durante la d\u00e9cimo quinta venta en 2024, a pesar de que empresarios bolivianos presentaron una oferta alta, pero no por todo el lote, la Asociaci\u00f3n prefiri\u00f3 entregar toda la producci\u00f3n a una empresa italiana a un menor precio.<br \/>\nEn la primera quincena de julio, la C\u00e1mara de Exportadores, Log\u00edstica y Promoci\u00f3n de Inversiones de La Paz (Camex) indic\u00f3 su intenci\u00f3n que, en la presente gesti\u00f3n, la subasta de la materia prima de la vicu\u00f1a sea transparente y no se vuelva a repetir las decisiones de a\u00f1os anteriores y que los empresarios bolivianos tengan m\u00e1s oportunidad.<\/p>\n<p>Hist\u00f3rico<br \/>\n\u201cEs hist\u00f3rico el consenso obtenido, porque todas las actividades de comercializaci\u00f3n que se van a desarrollar (hacia adelante) est\u00e1n garantizadas en el \u00e1rea jur\u00eddica\u201d, dijo Janayo.<br \/>\nEntretanto, la autoridad del Ministerio de Medio Ambiente y Agua no descart\u00f3 que en la venta de fibra de vicu\u00f1a de este a\u00f1o, no existan las impugnaciones, \u201cporque la norma es amplia y todos tenemos derechos, los usuarios, proveedores y consumidores, como lo establece la CPE\u201d.<br \/>\nEl viceministro que asisti\u00f3 a la asamblea nacional de Acofivb y que a principios de julio calific\u00f3 la venta de la fibra como un \u201cmonopolio\u201d de los \u201cvicu\u00f1eros\u201d, fue cuestionado por Ren\u00e9 Paca, presidente de la Asociaci\u00f3n Regional Wila Khollu, que agrupa a 11 comunidades manejadoras de vicu\u00f1a en los municipios de Quillacas y Huari del departamento de Oruro.<br \/>\nEl dirigente reclam\u00f3 por la espera de las comunidades a las autoridades de gobierno para mejorar y ampliar la norma t\u00e9cnica desde febrero de este a\u00f1o, durante m\u00e1s de cuatro meses. \u201cPudimos evitar que tengamos que viajar por varios d\u00edas hasta la ciudad de La Paz desde lugares muy lejanos donde las vicu\u00f1as habitan\u201d, asever\u00f3.<br \/>\nDescalific\u00f3 a los t\u00e9cnicos del Viceministerio de Medio Ambiente, Biodiversidad, Cambio Clim\u00e1tico y Gesti\u00f3n de Desarrollo Forestal, quienes supuestamente intentaron aprobar un Reglamento de Comercializaci\u00f3n que no reconoc\u00eda en absoluto el procedimiento aplicado por las comunidades durante m\u00e1s de 15 a\u00f1os.<\/p>\n<p>Beneficios para<br \/>\nlas comunidades<br \/>\nSeg\u00fan Acofivb, desde el 2007 el modelo de comercializaci\u00f3n de la fibra sustentado en el Decreto Supremo N\u00ba 385 que tiene el objetivo de reglamentar la conservaci\u00f3n, manejo y aprovechamiento sostenible de la vicu\u00f1a, ha posibilitado vender m\u00e1s de 25.455 kilogramos del recurso natural, generando un ingreso bruto de 68 millones de bolivianos.<br \/>\nDe este total, aproximadamente el 85% (57,6 millones) fue distribuido directamente entre las comunidades. El 8% fue transferido a niveles del Estado Plurinacional \u2014m\u00e1s de 5,5 millones de bolivianos\u2014 para fortalecer el modelo de conservaci\u00f3n, aunque este compromiso no ha sido plenamente cumplido. El resto se destin\u00f3 a gastos operativos de exportaci\u00f3n (3%), impuestos (3%) y costos bancarios (1%).<br \/>\nAnualmente, m\u00e1s de 5.000 familias se benefician de esa actividad. Viven en zonas donde la agricultura no es viable, por lo que los ingresos del manejo de la vicu\u00f1a representan un complemento econ\u00f3mico vital.<\/p>\n","protected":false},"excerpt":{"rendered":"<p>La Asociaci\u00f3n Comunitaria para la Comercializaci\u00f3n de la Fibra de Vicu\u00f1a Bolivia (Acofivb) obtuvo la autorizaci\u00f3n para la d\u00e9cimo sexta venta del recurso natural aprovechado el a\u00f1o 2024, por parte del Viceministerio de Medio Ambiente, Biodiversidad, Cambio Clim\u00e1tico y Gesti\u00f3n de Desarrollo Forestal, que tambi\u00e9n consensu\u00f3 con las comunidades una nueva Norma T\u00e9cnica Espec\u00edfica que [&hellip;]<\/p>\n","protected":false},"author":1,"featured_media":321321,"comment_status":"closed","ping_status":"open","sticky":false,"template":"","format":"standard","meta":{"_acf_changed":false,"footnotes":""},"categories":[7],"tags":[],"class_list":["post-321320","post","type-post","status-publish","format-standard","has-post-thumbnail","category-economia"],"acf":{"antetitulo":""},"yoast_head":"<!-- This site is optimized with the Yoast SEO plugin v28.4 - https:\/\/yoast.com\/product\/yoast-seo-wordpress\/ -->\n<title>Gobierno da luz verde para comercializar fibra de vicu\u00f1a - El Diario - Bolivia<\/title>\n<meta name=\"robots\" content=\"index, follow, max-snippet:-1, max-image-preview:large, max-video-preview:-1\" \/>\n<link rel=\"canonical\" href=\"https:\/\/www.eldiario.net\/portal\/2025\/08\/03\/gobierno-da-luz-verde-para-comercializar-fibra-de-vicuna\/\" \/>\n<meta property=\"og:locale\" content=\"es_ES\" \/>\n<meta property=\"og:type\" content=\"article\" \/>\n<meta property=\"og:title\" content=\"Gobierno da luz verde para comercializar fibra de vicu\u00f1a - El Diario - Bolivia\" \/>\n<meta property=\"og:description\" content=\"La Asociaci\u00f3n Comunitaria para la Comercializaci\u00f3n de la Fibra de Vicu\u00f1a Bolivia (Acofivb) obtuvo la autorizaci\u00f3n para la d\u00e9cimo sexta venta del recurso natural aprovechado el a\u00f1o 2024, por parte del Viceministerio de Medio Ambiente, Biodiversidad, Cambio Clim\u00e1tico y Gesti\u00f3n de Desarrollo Forestal, que tambi\u00e9n consensu\u00f3 con las comunidades una nueva Norma T\u00e9cnica Espec\u00edfica que [&hellip;]\" \/>\n<meta property=\"og:url\" content=\"https:\/\/www.eldiario.net\/portal\/2025\/08\/03\/gobierno-da-luz-verde-para-comercializar-fibra-de-vicuna\/\" \/>\n<meta property=\"og:site_name\" content=\"El Diario - Bolivia\" \/>\n<meta property=\"article:publisher\" content=\"https:\/\/www.facebook.com\/eldiario.bolivia\/\" \/>\n<meta property=\"article:published_time\" content=\"2025-08-03T11:33:42+00:00\" \/>\n<meta property=\"og:image\" content=\"https:\/\/www.eldiario.net\/portal\/wp-content\/uploads\/2025\/08\/vicu.webp\" \/>\n\t<meta property=\"og:image:width\" content=\"1200\" \/>\n\t<meta property=\"og:image:height\" content=\"900\" \/>\n\t<meta property=\"og:image:type\" content=\"image\/webp\" \/>\n<meta name=\"author\" content=\"Jeanette\" \/>\n<meta name=\"twitter:card\" content=\"summary_large_image\" \/>\n<meta name=\"twitter:creator\" content=\"@eldiario_net\" \/>\n<meta name=\"twitter:site\" content=\"@eldiario_net\" \/>\n<meta name=\"twitter:label1\" content=\"Escrito por\" \/>\n\t<meta name=\"twitter:data1\" content=\"Jeanette\" \/>\n\t<meta name=\"twitter:label2\" content=\"Tiempo de lectura\" \/>\n\t<meta name=\"twitter:data2\" content=\"4 minutos\" \/>\n<script type=\"application\/ld+json\" class=\"yoast-schema-graph\">{\"@context\":\"https:\\\/\\\/schema.org\",\"@graph\":[{\"@type\":\"Article\",\"@id\":\"https:\\\/\\\/www.eldiario.net\\\/portal\\\/2025\\\/08\\\/03\\\/gobierno-da-luz-verde-para-comercializar-fibra-de-vicuna\\\/#article\",\"isPartOf\":{\"@id\":\"https:\\\/\\\/www.eldiario.net\\\/portal\\\/2025\\\/08\\\/03\\\/gobierno-da-luz-verde-para-comercializar-fibra-de-vicuna\\\/\"},\"author\":{\"name\":\"Jeanette\",\"@id\":\"https:\\\/\\\/www.eldiario.net\\\/portal\\\/#\\\/schema\\\/person\\\/f46445640444750d7d753ccd04ae01b7\"},\"headline\":\"Gobierno da luz verde para comercializar fibra de vicu\u00f1a\",\"datePublished\":\"2025-08-03T11:33:42+00:00\",\"mainEntityOfPage\":{\"@id\":\"https:\\\/\\\/www.eldiario.net\\\/portal\\\/2025\\\/08\\\/03\\\/gobierno-da-luz-verde-para-comercializar-fibra-de-vicuna\\\/\"},\"wordCount\":705,\"publisher\":{\"@id\":\"https:\\\/\\\/www.eldiario.net\\\/portal\\\/#organization\"},\"image\":{\"@id\":\"https:\\\/\\\/www.eldiario.net\\\/portal\\\/2025\\\/08\\\/03\\\/gobierno-da-luz-verde-para-comercializar-fibra-de-vicuna\\\/#primaryimage\"},\"thumbnailUrl\":\"https:\\\/\\\/www.eldiario.net\\\/portal\\\/wp-content\\\/uploads\\\/2025\\\/08\\\/vicu.webp\",\"articleSection\":[\"Econom\u00eda\"],\"inLanguage\":\"es\"},{\"@type\":\"WebPage\",\"@id\":\"https:\\\/\\\/www.eldiario.net\\\/portal\\\/2025\\\/08\\\/03\\\/gobierno-da-luz-verde-para-comercializar-fibra-de-vicuna\\\/\",\"url\":\"https:\\\/\\\/www.eldiario.net\\\/portal\\\/2025\\\/08\\\/03\\\/gobierno-da-luz-verde-para-comercializar-fibra-de-vicuna\\\/\",\"name\":\"Gobierno da luz verde para comercializar fibra de vicu\u00f1a - El Diario - Bolivia\",\"isPartOf\":{\"@id\":\"https:\\\/\\\/www.eldiario.net\\\/portal\\\/#website\"},\"primaryImageOfPage\":{\"@id\":\"https:\\\/\\\/www.eldiario.net\\\/portal\\\/2025\\\/08\\\/03\\\/gobierno-da-luz-verde-para-comercializar-fibra-de-vicuna\\\/#primaryimage\"},\"image\":{\"@id\":\"https:\\\/\\\/www.eldiario.net\\\/portal\\\/2025\\\/08\\\/03\\\/gobierno-da-luz-verde-para-comercializar-fibra-de-vicuna\\\/#primaryimage\"},\"thumbnailUrl\":\"https:\\\/\\\/www.eldiario.net\\\/portal\\\/wp-content\\\/uploads\\\/2025\\\/08\\\/vicu.webp\",\"datePublished\":\"2025-08-03T11:33:42+00:00\",\"breadcrumb\":{\"@id\":\"https:\\\/\\\/www.eldiario.net\\\/portal\\\/2025\\\/08\\\/03\\\/gobierno-da-luz-verde-para-comercializar-fibra-de-vicuna\\\/#breadcrumb\"},\"inLanguage\":\"es\",\"potentialAction\":[{\"@type\":\"ReadAction\",\"target\":[\"https:\\\/\\\/www.eldiario.net\\\/portal\\\/2025\\\/08\\\/03\\\/gobierno-da-luz-verde-para-comercializar-fibra-de-vicuna\\\/\"]}]},{\"@type\":\"ImageObject\",\"inLanguage\":\"es\",\"@id\":\"https:\\\/\\\/www.eldiario.net\\\/portal\\\/2025\\\/08\\\/03\\\/gobierno-da-luz-verde-para-comercializar-fibra-de-vicuna\\\/#primaryimage\",\"url\":\"https:\\\/\\\/www.eldiario.net\\\/portal\\\/wp-content\\\/uploads\\\/2025\\\/08\\\/vicu.webp\",\"contentUrl\":\"https:\\\/\\\/www.eldiario.net\\\/portal\\\/wp-content\\\/uploads\\\/2025\\\/08\\\/vicu.webp\",\"width\":1200,\"height\":900,\"caption\":\"crianza y protecci\u00f3n de vicu\u00f1as, as\u00ed como su explotaci\u00f3n. Materia prima que demanda la industria textil.\"},{\"@type\":\"BreadcrumbList\",\"@id\":\"https:\\\/\\\/www.eldiario.net\\\/portal\\\/2025\\\/08\\\/03\\\/gobierno-da-luz-verde-para-comercializar-fibra-de-vicuna\\\/#breadcrumb\",\"itemListElement\":[{\"@type\":\"ListItem\",\"position\":1,\"name\":\"Portada\",\"item\":\"https:\\\/\\\/www.eldiario.net\\\/portal\\\/\"},{\"@type\":\"ListItem\",\"position\":2,\"name\":\"Gobierno da luz verde para comercializar fibra de vicu\u00f1a\"}]},{\"@type\":\"WebSite\",\"@id\":\"https:\\\/\\\/www.eldiario.net\\\/portal\\\/#website\",\"url\":\"https:\\\/\\\/www.eldiario.net\\\/portal\\\/\",\"name\":\"El Diario - Decano de la prensa nacional\",\"description\":\"El Diario - Decano de la prensa nacional\",\"publisher\":{\"@id\":\"https:\\\/\\\/www.eldiario.net\\\/portal\\\/#organization\"},\"potentialAction\":[{\"@type\":\"SearchAction\",\"target\":{\"@type\":\"EntryPoint\",\"urlTemplate\":\"https:\\\/\\\/www.eldiario.net\\\/portal\\\/?s={search_term_string}\"},\"query-input\":{\"@type\":\"PropertyValueSpecification\",\"valueRequired\":true,\"valueName\":\"search_term_string\"}}],\"inLanguage\":\"es\"},{\"@type\":\"Organization\",\"@id\":\"https:\\\/\\\/www.eldiario.net\\\/portal\\\/#organization\",\"name\":\"El Diario - Decano de la prensa nacional\",\"url\":\"https:\\\/\\\/www.eldiario.net\\\/portal\\\/\",\"logo\":{\"@type\":\"ImageObject\",\"inLanguage\":\"es\",\"@id\":\"https:\\\/\\\/www.eldiario.net\\\/portal\\\/#\\\/schema\\\/logo\\\/image\\\/\",\"url\":\"https:\\\/\\\/www.eldiario.net\\\/portal\\\/wp-content\\\/uploads\\\/2023\\\/07\\\/logo_ED.jpg\",\"contentUrl\":\"https:\\\/\\\/www.eldiario.net\\\/portal\\\/wp-content\\\/uploads\\\/2023\\\/07\\\/logo_ED.jpg\",\"width\":272,\"height\":52,\"caption\":\"El Diario - Decano de la prensa nacional\"},\"image\":{\"@id\":\"https:\\\/\\\/www.eldiario.net\\\/portal\\\/#\\\/schema\\\/logo\\\/image\\\/\"},\"sameAs\":[\"https:\\\/\\\/www.facebook.com\\\/eldiario.bolivia\\\/\",\"https:\\\/\\\/x.com\\\/eldiario_net\"]},{\"@type\":\"Person\",\"@id\":\"https:\\\/\\\/www.eldiario.net\\\/portal\\\/#\\\/schema\\\/person\\\/f46445640444750d7d753ccd04ae01b7\",\"name\":\"Jeanette\",\"image\":{\"@type\":\"ImageObject\",\"inLanguage\":\"es\",\"@id\":\"https:\\\/\\\/secure.gravatar.com\\\/avatar\\\/3ea2118a5f7dad2b7138b1187a6b7ee55f160b9968b66013c3a3ef39dd7e5798?s=96&d=mm&r=g\",\"url\":\"https:\\\/\\\/secure.gravatar.com\\\/avatar\\\/3ea2118a5f7dad2b7138b1187a6b7ee55f160b9968b66013c3a3ef39dd7e5798?s=96&d=mm&r=g\",\"contentUrl\":\"https:\\\/\\\/secure.gravatar.com\\\/avatar\\\/3ea2118a5f7dad2b7138b1187a6b7ee55f160b9968b66013c3a3ef39dd7e5798?s=96&d=mm&r=g\",\"caption\":\"Jeanette\"},\"sameAs\":[\"https:\\\/\\\/www.eldiario.net\\\/portal\"],\"url\":\"https:\\\/\\\/www.eldiario.net\\\/portal\\\/author\\\/jeanette\\\/\"}]}<\/script>\n<!-- \/ Yoast SEO plugin. -->","yoast_head_json":{"title":"Gobierno da luz verde para comercializar fibra de vicu\u00f1a - El Diario - Bolivia","robots":{"index":"index","follow":"follow","max-snippet":"max-snippet:-1","max-image-preview":"max-image-preview:large","max-video-preview":"max-video-preview:-1"},"canonical":"https:\/\/www.eldiario.net\/portal\/2025\/08\/03\/gobierno-da-luz-verde-para-comercializar-fibra-de-vicuna\/","og_locale":"es_ES","og_type":"article","og_title":"Gobierno da luz verde para comercializar fibra de vicu\u00f1a - El Diario - Bolivia","og_description":"La Asociaci\u00f3n Comunitaria para la Comercializaci\u00f3n de la Fibra de Vicu\u00f1a Bolivia (Acofivb) obtuvo la autorizaci\u00f3n para la d\u00e9cimo sexta venta del recurso natural aprovechado el a\u00f1o 2024, por parte del Viceministerio de Medio Ambiente, Biodiversidad, Cambio Clim\u00e1tico y Gesti\u00f3n de Desarrollo Forestal, que tambi\u00e9n consensu\u00f3 con las comunidades una nueva Norma T\u00e9cnica Espec\u00edfica que [&hellip;]","og_url":"https:\/\/www.eldiario.net\/portal\/2025\/08\/03\/gobierno-da-luz-verde-para-comercializar-fibra-de-vicuna\/","og_site_name":"El Diario - Bolivia","article_publisher":"https:\/\/www.facebook.com\/eldiario.bolivia\/","article_published_time":"2025-08-03T11:33:42+00:00","og_image":[{"width":1200,"height":900,"url":"https:\/\/www.eldiario.net\/portal\/wp-content\/uploads\/2025\/08\/vicu.webp","type":"image\/webp"}],"author":"Jeanette","twitter_card":"summary_large_image","twitter_creator":"@eldiario_net","twitter_site":"@eldiario_net","twitter_misc":{"Escrito por":"Jeanette","Tiempo de lectura":"4 minutos"},"schema":{"@context":"https:\/\/schema.org","@graph":[{"@type":"Article","@id":"https:\/\/www.eldiario.net\/portal\/2025\/08\/03\/gobierno-da-luz-verde-para-comercializar-fibra-de-vicuna\/#article","isPartOf":{"@id":"https:\/\/www.eldiario.net\/portal\/2025\/08\/03\/gobierno-da-luz-verde-para-comercializar-fibra-de-vicuna\/"},"author":{"name":"Jeanette","@id":"https:\/\/www.eldiario.net\/portal\/#\/schema\/person\/f46445640444750d7d753ccd04ae01b7"},"headline":"Gobierno da luz verde para comercializar fibra de vicu\u00f1a","datePublished":"2025-08-03T11:33:42+00:00","mainEntityOfPage":{"@id":"https:\/\/www.eldiario.net\/portal\/2025\/08\/03\/gobierno-da-luz-verde-para-comercializar-fibra-de-vicuna\/"},"wordCount":705,"publisher":{"@id":"https:\/\/www.eldiario.net\/portal\/#organization"},"image":{"@id":"https:\/\/www.eldiario.net\/portal\/2025\/08\/03\/gobierno-da-luz-verde-para-comercializar-fibra-de-vicuna\/#primaryimage"},"thumbnailUrl":"https:\/\/www.eldiario.net\/portal\/wp-content\/uploads\/2025\/08\/vicu.webp","articleSection":["Econom\u00eda"],"inLanguage":"es"},{"@type":"WebPage","@id":"https:\/\/www.eldiario.net\/portal\/2025\/08\/03\/gobierno-da-luz-verde-para-comercializar-fibra-de-vicuna\/","url":"https:\/\/www.eldiario.net\/portal\/2025\/08\/03\/gobierno-da-luz-verde-para-comercializar-fibra-de-vicuna\/","name":"Gobierno da luz verde para comercializar fibra de vicu\u00f1a - El Diario - Bolivia","isPartOf":{"@id":"https:\/\/www.eldiario.net\/portal\/#website"},"primaryImageOfPage":{"@id":"https:\/\/www.eldiario.net\/portal\/2025\/08\/03\/gobierno-da-luz-verde-para-comercializar-fibra-de-vicuna\/#primaryimage"},"image":{"@id":"https:\/\/www.eldiario.net\/portal\/2025\/08\/03\/gobierno-da-luz-verde-para-comercializar-fibra-de-vicuna\/#primaryimage"},"thumbnailUrl":"https:\/\/www.eldiario.net\/portal\/wp-content\/uploads\/2025\/08\/vicu.webp","datePublished":"2025-08-03T11:33:42+00:00","breadcrumb":{"@id":"https:\/\/www.eldiario.net\/portal\/2025\/08\/03\/gobierno-da-luz-verde-para-comercializar-fibra-de-vicuna\/#breadcrumb"},"inLanguage":"es","potentialAction":[{"@type":"ReadAction","target":["https:\/\/www.eldiario.net\/portal\/2025\/08\/03\/gobierno-da-luz-verde-para-comercializar-fibra-de-vicuna\/"]}]},{"@type":"ImageObject","inLanguage":"es","@id":"https:\/\/www.eldiario.net\/portal\/2025\/08\/03\/gobierno-da-luz-verde-para-comercializar-fibra-de-vicuna\/#primaryimage","url":"https:\/\/www.eldiario.net\/portal\/wp-content\/uploads\/2025\/08\/vicu.webp","contentUrl":"https:\/\/www.eldiario.net\/portal\/wp-content\/uploads\/2025\/08\/vicu.webp","width":1200,"height":900,"caption":"crianza y protecci\u00f3n de vicu\u00f1as, as\u00ed como su explotaci\u00f3n. Materia prima que demanda la industria textil."},{"@type":"BreadcrumbList","@id":"https:\/\/www.eldiario.net\/portal\/2025\/08\/03\/gobierno-da-luz-verde-para-comercializar-fibra-de-vicuna\/#breadcrumb","itemListElement":[{"@type":"ListItem","position":1,"name":"Portada","item":"https:\/\/www.eldiario.net\/portal\/"},{"@type":"ListItem","position":2,"name":"Gobierno da luz verde para comercializar fibra de vicu\u00f1a"}]},{"@type":"WebSite","@id":"https:\/\/www.eldiario.net\/portal\/#website","url":"https:\/\/www.eldiario.net\/portal\/","name":"El Diario - Decano de la prensa nacional","description":"El Diario - Decano de la prensa nacional","publisher":{"@id":"https:\/\/www.eldiario.net\/portal\/#organization"},"potentialAction":[{"@type":"SearchAction","target":{"@type":"EntryPoint","urlTemplate":"https:\/\/www.eldiario.net\/portal\/?s={search_term_string}"},"query-input":{"@type":"PropertyValueSpecification","valueRequired":true,"valueName":"search_term_string"}}],"inLanguage":"es"},{"@type":"Organization","@id":"https:\/\/www.eldiario.net\/portal\/#organization","name":"El Diario - Decano de la prensa nacional","url":"https:\/\/www.eldiario.net\/portal\/","logo":{"@type":"ImageObject","inLanguage":"es","@id":"https:\/\/www.eldiario.net\/portal\/#\/schema\/logo\/image\/","url":"https:\/\/www.eldiario.net\/portal\/wp-content\/uploads\/2023\/07\/logo_ED.jpg","contentUrl":"https:\/\/www.eldiario.net\/portal\/wp-content\/uploads\/2023\/07\/logo_ED.jpg","width":272,"height":52,"caption":"El Diario - Decano de la prensa nacional"},"image":{"@id":"https:\/\/www.eldiario.net\/portal\/#\/schema\/logo\/image\/"},"sameAs":["https:\/\/www.facebook.com\/eldiario.bolivia\/","https:\/\/x.com\/eldiario_net"]},{"@type":"Person","@id":"https:\/\/www.eldiario.net\/portal\/#\/schema\/person\/f46445640444750d7d753ccd04ae01b7","name":"Jeanette","image":{"@type":"ImageObject","inLanguage":"es","@id":"https:\/\/secure.gravatar.com\/avatar\/3ea2118a5f7dad2b7138b1187a6b7ee55f160b9968b66013c3a3ef39dd7e5798?s=96&d=mm&r=g","url":"https:\/\/secure.gravatar.com\/avatar\/3ea2118a5f7dad2b7138b1187a6b7ee55f160b9968b66013c3a3ef39dd7e5798?s=96&d=mm&r=g","contentUrl":"https:\/\/secure.gravatar.com\/avatar\/3ea2118a5f7dad2b7138b1187a6b7ee55f160b9968b66013c3a3ef39dd7e5798?s=96&d=mm&r=g","caption":"Jeanette"},"sameAs":["https:\/\/www.eldiario.net\/portal"],"url":"https:\/\/www.eldiario.net\/portal\/author\/jeanette\/"}]}},"_links":{"self":[{"href":"https:\/\/www.eldiario.net\/portal\/wp-json\/wp\/v2\/posts\/321320","targetHints":{"allow":["GET"]}}],"collection":[{"href":"https:\/\/www.eldiario.net\/portal\/wp-json\/wp\/v2\/posts"}],"about":[{"href":"https:\/\/www.eldiario.net\/portal\/wp-json\/wp\/v2\/types\/post"}],"author":[{"embeddable":true,"href":"https:\/\/www.eldiario.net\/portal\/wp-json\/wp\/v2\/users\/1"}],"replies":[{"embeddable":true,"href":"https:\/\/www.eldiario.net\/portal\/wp-json\/wp\/v2\/comments?post=321320"}],"version-history":[{"count":1,"href":"https:\/\/www.eldiario.net\/portal\/wp-json\/wp\/v2\/posts\/321320\/revisions"}],"predecessor-version":[{"id":321322,"href":"https:\/\/www.eldiario.net\/portal\/wp-json\/wp\/v2\/posts\/321320\/revisions\/321322"}],"wp:featuredmedia":[{"embeddable":true,"href":"https:\/\/www.eldiario.net\/portal\/wp-json\/wp\/v2\/media\/321321"}],"wp:attachment":[{"href":"https:\/\/www.eldiario.net\/portal\/wp-json\/wp\/v2\/media?parent=321320"}],"wp:term":[{"taxonomy":"category","embeddable":true,"href":"https:\/\/www.eldiario.net\/portal\/wp-json\/wp\/v2\/categories?post=321320"},{"taxonomy":"post_tag","embeddable":true,"href":"https:\/\/www.eldiario.net\/portal\/wp-json\/wp\/v2\/tags?post=321320"}],"curies":[{"name":"wp","href":"https:\/\/api.w.org\/{rel}","templated":true}]}}