{"id":321318,"date":"2025-08-03T07:32:48","date_gmt":"2025-08-03T11:32:48","guid":{"rendered":"https:\/\/www.eldiario.net\/portal\/?p=321318"},"modified":"2025-08-03T07:32:48","modified_gmt":"2025-08-03T11:32:48","slug":"inauguraron-programa-de-liderazgo-emprendimiento-e-innovacion-2025","status":"publish","type":"post","link":"https:\/\/www.eldiario.net\/portal\/2025\/08\/03\/inauguraron-programa-de-liderazgo-emprendimiento-e-innovacion-2025\/","title":{"rendered":"Inauguraron programa de liderazgo, emprendimiento e innovaci\u00f3n 2025"},"content":{"rendered":"<p>Con el objetivo de fortalecer el liderazgo, la estrategia y la innovaci\u00f3n empresarial, la Fundaci\u00f3n Emprender Futuro inaugur\u00f3 una nueva edici\u00f3n del Programa de Liderazgo, Emprendimiento e Innovaci\u00f3n (PLEI) 2025, que reunir\u00e1 a empresarios de todo el pa\u00eds.<br \/>\nDurante 12 semanas, los participantes acceder\u00e1n a una experiencia intensiva de formaci\u00f3n pr\u00e1ctica, mentor\u00edas personalizadas, networking de alto nivel y uso de herramientas digitales a trav\u00e9s de la plataforma educativa LinkSpace, con el fin de escalar sus modelos de negocio y proyectarse a mercados internacionales.<br \/>\nEl programa se consolida como un referente en la formaci\u00f3n empresarial estrat\u00e9gica, conectando a l\u00edderes de diferentes ciudades del pa\u00eds que apuestan por transformar sus empresas con visi\u00f3n global.<br \/>\nAl evento de inauguraci\u00f3n tambi\u00e9n fueron invitados exbecarios internacionales, quienes compartieron su evoluci\u00f3n empresarial luego del programa, como Alex Zegarra, cofundador de Pure Cotton y presidente de la C\u00e1mara Nacional de Comercio (Becario 2016 \u2013 M\u00e9xico); Felipe Gonz\u00e1lez, gerente de Arquitectura Positiva (Becario 2023 \u2013 Estados Unidos) y Katherine Mu\u00f1oz, gerente general de Quma; servicio de limpieza a domicilio fue seleccionada para acceder a la Beca Internacional 2024 (Estados Unidos).<br \/>\nEn sus 10 a\u00f1os, PLEI ha contribuido al fortalecimiento de m\u00e1s de 400 emprendimientos y empresas bolivianas, tales como Mamut, Hola Tractor, Arquitectura Positiva, Manki, Pure Cotton, Chocolates Ruah y Jawitas Mi Chulumani, entre otras, que ampliaron su impacto a nivel nacional e internacional. Adem\u00e1s, la Fundaci\u00f3n ha otorgado 14 becas internacionales a empresarios bolivianos con alto potencial, conect\u00e1ndolos con redes globales de innovaci\u00f3n y programas de formaci\u00f3n en distintos pa\u00edses.<br \/>\nEl Programa PLEI es una iniciativa de la Fundaci\u00f3n Emprender Futuro, con el apoyo de la C\u00e1mara Nacional de Industrias, la C\u00e1mara Nacional de Comercio, Eressea Solutions y el Global Competitiveness Leadership Program de la Universidad de Georgetown.<\/p>\n","protected":false},"excerpt":{"rendered":"<p>Con el objetivo de fortalecer el liderazgo, la estrategia y la innovaci\u00f3n empresarial, la Fundaci\u00f3n Emprender Futuro inaugur\u00f3 una nueva edici\u00f3n del Programa de Liderazgo, Emprendimiento e Innovaci\u00f3n (PLEI) 2025, que reunir\u00e1 a empresarios de todo el pa\u00eds. Durante 12 semanas, los participantes acceder\u00e1n a una experiencia intensiva de formaci\u00f3n pr\u00e1ctica, mentor\u00edas personalizadas, networking de [&hellip;]<\/p>\n","protected":false},"author":1,"featured_media":194689,"comment_status":"closed","ping_status":"open","sticky":false,"template":"","format":"standard","meta":{"_acf_changed":false,"footnotes":""},"categories":[7],"tags":[],"class_list":["post-321318","post","type-post","status-publish","format-standard","has-post-thumbnail","category-economia"],"acf":{"antetitulo":""},"yoast_head":"<!-- This site is optimized with the Yoast SEO plugin v28.4 - https:\/\/yoast.com\/product\/yoast-seo-wordpress\/ -->\n<title>Inauguraron programa de liderazgo, emprendimiento e innovaci\u00f3n 2025 - El Diario - Bolivia<\/title>\n<meta name=\"robots\" content=\"index, follow, max-snippet:-1, max-image-preview:large, max-video-preview:-1\" \/>\n<link rel=\"canonical\" href=\"https:\/\/www.eldiario.net\/portal\/2025\/08\/03\/inauguraron-programa-de-liderazgo-emprendimiento-e-innovacion-2025\/\" \/>\n<meta property=\"og:locale\" content=\"es_ES\" \/>\n<meta property=\"og:type\" content=\"article\" \/>\n<meta property=\"og:title\" content=\"Inauguraron programa de liderazgo, emprendimiento e innovaci\u00f3n 2025 - El Diario - Bolivia\" \/>\n<meta property=\"og:description\" content=\"Con el objetivo de fortalecer el liderazgo, la estrategia y la innovaci\u00f3n empresarial, la Fundaci\u00f3n Emprender Futuro inaugur\u00f3 una nueva edici\u00f3n del Programa de Liderazgo, Emprendimiento e Innovaci\u00f3n (PLEI) 2025, que reunir\u00e1 a empresarios de todo el pa\u00eds. Durante 12 semanas, los participantes acceder\u00e1n a una experiencia intensiva de formaci\u00f3n pr\u00e1ctica, mentor\u00edas personalizadas, networking de [&hellip;]\" \/>\n<meta property=\"og:url\" content=\"https:\/\/www.eldiario.net\/portal\/2025\/08\/03\/inauguraron-programa-de-liderazgo-emprendimiento-e-innovacion-2025\/\" \/>\n<meta property=\"og:site_name\" content=\"El Diario - Bolivia\" \/>\n<meta property=\"article:publisher\" content=\"https:\/\/www.facebook.com\/eldiario.bolivia\/\" \/>\n<meta property=\"article:published_time\" content=\"2025-08-03T11:32:48+00:00\" \/>\n<meta property=\"og:image\" content=\"https:\/\/www.eldiario.net\/portal\/wp-content\/uploads\/2023\/12\/Economia.jpg\" \/>\n\t<meta property=\"og:image:width\" content=\"800\" \/>\n\t<meta property=\"og:image:height\" content=\"500\" \/>\n\t<meta property=\"og:image:type\" content=\"image\/jpeg\" \/>\n<meta name=\"author\" content=\"Jeanette\" \/>\n<meta name=\"twitter:card\" content=\"summary_large_image\" \/>\n<meta name=\"twitter:creator\" content=\"@eldiario_net\" \/>\n<meta name=\"twitter:site\" content=\"@eldiario_net\" \/>\n<meta name=\"twitter:label1\" content=\"Escrito por\" \/>\n\t<meta name=\"twitter:data1\" content=\"Jeanette\" \/>\n\t<meta name=\"twitter:label2\" content=\"Tiempo de lectura\" \/>\n\t<meta name=\"twitter:data2\" content=\"2 minutos\" \/>\n<script type=\"application\/ld+json\" class=\"yoast-schema-graph\">{\"@context\":\"https:\\\/\\\/schema.org\",\"@graph\":[{\"@type\":\"Article\",\"@id\":\"https:\\\/\\\/www.eldiario.net\\\/portal\\\/2025\\\/08\\\/03\\\/inauguraron-programa-de-liderazgo-emprendimiento-e-innovacion-2025\\\/#article\",\"isPartOf\":{\"@id\":\"https:\\\/\\\/www.eldiario.net\\\/portal\\\/2025\\\/08\\\/03\\\/inauguraron-programa-de-liderazgo-emprendimiento-e-innovacion-2025\\\/\"},\"author\":{\"name\":\"Jeanette\",\"@id\":\"https:\\\/\\\/www.eldiario.net\\\/portal\\\/#\\\/schema\\\/person\\\/f46445640444750d7d753ccd04ae01b7\"},\"headline\":\"Inauguraron programa de liderazgo, emprendimiento e innovaci\u00f3n 2025\",\"datePublished\":\"2025-08-03T11:32:48+00:00\",\"mainEntityOfPage\":{\"@id\":\"https:\\\/\\\/www.eldiario.net\\\/portal\\\/2025\\\/08\\\/03\\\/inauguraron-programa-de-liderazgo-emprendimiento-e-innovacion-2025\\\/\"},\"wordCount\":322,\"publisher\":{\"@id\":\"https:\\\/\\\/www.eldiario.net\\\/portal\\\/#organization\"},\"image\":{\"@id\":\"https:\\\/\\\/www.eldiario.net\\\/portal\\\/2025\\\/08\\\/03\\\/inauguraron-programa-de-liderazgo-emprendimiento-e-innovacion-2025\\\/#primaryimage\"},\"thumbnailUrl\":\"https:\\\/\\\/www.eldiario.net\\\/portal\\\/wp-content\\\/uploads\\\/2023\\\/12\\\/Economia.jpg\",\"articleSection\":[\"Econom\u00eda\"],\"inLanguage\":\"es\"},{\"@type\":\"WebPage\",\"@id\":\"https:\\\/\\\/www.eldiario.net\\\/portal\\\/2025\\\/08\\\/03\\\/inauguraron-programa-de-liderazgo-emprendimiento-e-innovacion-2025\\\/\",\"url\":\"https:\\\/\\\/www.eldiario.net\\\/portal\\\/2025\\\/08\\\/03\\\/inauguraron-programa-de-liderazgo-emprendimiento-e-innovacion-2025\\\/\",\"name\":\"Inauguraron programa de liderazgo, emprendimiento e innovaci\u00f3n 2025 - El Diario - Bolivia\",\"isPartOf\":{\"@id\":\"https:\\\/\\\/www.eldiario.net\\\/portal\\\/#website\"},\"primaryImageOfPage\":{\"@id\":\"https:\\\/\\\/www.eldiario.net\\\/portal\\\/2025\\\/08\\\/03\\\/inauguraron-programa-de-liderazgo-emprendimiento-e-innovacion-2025\\\/#primaryimage\"},\"image\":{\"@id\":\"https:\\\/\\\/www.eldiario.net\\\/portal\\\/2025\\\/08\\\/03\\\/inauguraron-programa-de-liderazgo-emprendimiento-e-innovacion-2025\\\/#primaryimage\"},\"thumbnailUrl\":\"https:\\\/\\\/www.eldiario.net\\\/portal\\\/wp-content\\\/uploads\\\/2023\\\/12\\\/Economia.jpg\",\"datePublished\":\"2025-08-03T11:32:48+00:00\",\"breadcrumb\":{\"@id\":\"https:\\\/\\\/www.eldiario.net\\\/portal\\\/2025\\\/08\\\/03\\\/inauguraron-programa-de-liderazgo-emprendimiento-e-innovacion-2025\\\/#breadcrumb\"},\"inLanguage\":\"es\",\"potentialAction\":[{\"@type\":\"ReadAction\",\"target\":[\"https:\\\/\\\/www.eldiario.net\\\/portal\\\/2025\\\/08\\\/03\\\/inauguraron-programa-de-liderazgo-emprendimiento-e-innovacion-2025\\\/\"]}]},{\"@type\":\"ImageObject\",\"inLanguage\":\"es\",\"@id\":\"https:\\\/\\\/www.eldiario.net\\\/portal\\\/2025\\\/08\\\/03\\\/inauguraron-programa-de-liderazgo-emprendimiento-e-innovacion-2025\\\/#primaryimage\",\"url\":\"https:\\\/\\\/www.eldiario.net\\\/portal\\\/wp-content\\\/uploads\\\/2023\\\/12\\\/Economia.jpg\",\"contentUrl\":\"https:\\\/\\\/www.eldiario.net\\\/portal\\\/wp-content\\\/uploads\\\/2023\\\/12\\\/Economia.jpg\",\"width\":800,\"height\":500},{\"@type\":\"BreadcrumbList\",\"@id\":\"https:\\\/\\\/www.eldiario.net\\\/portal\\\/2025\\\/08\\\/03\\\/inauguraron-programa-de-liderazgo-emprendimiento-e-innovacion-2025\\\/#breadcrumb\",\"itemListElement\":[{\"@type\":\"ListItem\",\"position\":1,\"name\":\"Portada\",\"item\":\"https:\\\/\\\/www.eldiario.net\\\/portal\\\/\"},{\"@type\":\"ListItem\",\"position\":2,\"name\":\"Inauguraron programa de liderazgo, emprendimiento e innovaci\u00f3n 2025\"}]},{\"@type\":\"WebSite\",\"@id\":\"https:\\\/\\\/www.eldiario.net\\\/portal\\\/#website\",\"url\":\"https:\\\/\\\/www.eldiario.net\\\/portal\\\/\",\"name\":\"El Diario - Decano de la prensa nacional\",\"description\":\"El Diario - Decano de la prensa nacional\",\"publisher\":{\"@id\":\"https:\\\/\\\/www.eldiario.net\\\/portal\\\/#organization\"},\"potentialAction\":[{\"@type\":\"SearchAction\",\"target\":{\"@type\":\"EntryPoint\",\"urlTemplate\":\"https:\\\/\\\/www.eldiario.net\\\/portal\\\/?s={search_term_string}\"},\"query-input\":{\"@type\":\"PropertyValueSpecification\",\"valueRequired\":true,\"valueName\":\"search_term_string\"}}],\"inLanguage\":\"es\"},{\"@type\":\"Organization\",\"@id\":\"https:\\\/\\\/www.eldiario.net\\\/portal\\\/#organization\",\"name\":\"El Diario - Decano de la prensa nacional\",\"url\":\"https:\\\/\\\/www.eldiario.net\\\/portal\\\/\",\"logo\":{\"@type\":\"ImageObject\",\"inLanguage\":\"es\",\"@id\":\"https:\\\/\\\/www.eldiario.net\\\/portal\\\/#\\\/schema\\\/logo\\\/image\\\/\",\"url\":\"https:\\\/\\\/www.eldiario.net\\\/portal\\\/wp-content\\\/uploads\\\/2023\\\/07\\\/logo_ED.jpg\",\"contentUrl\":\"https:\\\/\\\/www.eldiario.net\\\/portal\\\/wp-content\\\/uploads\\\/2023\\\/07\\\/logo_ED.jpg\",\"width\":272,\"height\":52,\"caption\":\"El Diario - Decano de la prensa nacional\"},\"image\":{\"@id\":\"https:\\\/\\\/www.eldiario.net\\\/portal\\\/#\\\/schema\\\/logo\\\/image\\\/\"},\"sameAs\":[\"https:\\\/\\\/www.facebook.com\\\/eldiario.bolivia\\\/\",\"https:\\\/\\\/x.com\\\/eldiario_net\"]},{\"@type\":\"Person\",\"@id\":\"https:\\\/\\\/www.eldiario.net\\\/portal\\\/#\\\/schema\\\/person\\\/f46445640444750d7d753ccd04ae01b7\",\"name\":\"Jeanette\",\"image\":{\"@type\":\"ImageObject\",\"inLanguage\":\"es\",\"@id\":\"https:\\\/\\\/secure.gravatar.com\\\/avatar\\\/3ea2118a5f7dad2b7138b1187a6b7ee55f160b9968b66013c3a3ef39dd7e5798?s=96&d=mm&r=g\",\"url\":\"https:\\\/\\\/secure.gravatar.com\\\/avatar\\\/3ea2118a5f7dad2b7138b1187a6b7ee55f160b9968b66013c3a3ef39dd7e5798?s=96&d=mm&r=g\",\"contentUrl\":\"https:\\\/\\\/secure.gravatar.com\\\/avatar\\\/3ea2118a5f7dad2b7138b1187a6b7ee55f160b9968b66013c3a3ef39dd7e5798?s=96&d=mm&r=g\",\"caption\":\"Jeanette\"},\"sameAs\":[\"https:\\\/\\\/www.eldiario.net\\\/portal\"],\"url\":\"https:\\\/\\\/www.eldiario.net\\\/portal\\\/author\\\/jeanette\\\/\"}]}<\/script>\n<!-- \/ Yoast SEO plugin. -->","yoast_head_json":{"title":"Inauguraron programa de liderazgo, emprendimiento e innovaci\u00f3n 2025 - El Diario - Bolivia","robots":{"index":"index","follow":"follow","max-snippet":"max-snippet:-1","max-image-preview":"max-image-preview:large","max-video-preview":"max-video-preview:-1"},"canonical":"https:\/\/www.eldiario.net\/portal\/2025\/08\/03\/inauguraron-programa-de-liderazgo-emprendimiento-e-innovacion-2025\/","og_locale":"es_ES","og_type":"article","og_title":"Inauguraron programa de liderazgo, emprendimiento e innovaci\u00f3n 2025 - El Diario - Bolivia","og_description":"Con el objetivo de fortalecer el liderazgo, la estrategia y la innovaci\u00f3n empresarial, la Fundaci\u00f3n Emprender Futuro inaugur\u00f3 una nueva edici\u00f3n del Programa de Liderazgo, Emprendimiento e Innovaci\u00f3n (PLEI) 2025, que reunir\u00e1 a empresarios de todo el pa\u00eds. Durante 12 semanas, los participantes acceder\u00e1n a una experiencia intensiva de formaci\u00f3n pr\u00e1ctica, mentor\u00edas personalizadas, networking de [&hellip;]","og_url":"https:\/\/www.eldiario.net\/portal\/2025\/08\/03\/inauguraron-programa-de-liderazgo-emprendimiento-e-innovacion-2025\/","og_site_name":"El Diario - Bolivia","article_publisher":"https:\/\/www.facebook.com\/eldiario.bolivia\/","article_published_time":"2025-08-03T11:32:48+00:00","og_image":[{"width":800,"height":500,"url":"https:\/\/www.eldiario.net\/portal\/wp-content\/uploads\/2023\/12\/Economia.jpg","type":"image\/jpeg"}],"author":"Jeanette","twitter_card":"summary_large_image","twitter_creator":"@eldiario_net","twitter_site":"@eldiario_net","twitter_misc":{"Escrito por":"Jeanette","Tiempo de lectura":"2 minutos"},"schema":{"@context":"https:\/\/schema.org","@graph":[{"@type":"Article","@id":"https:\/\/www.eldiario.net\/portal\/2025\/08\/03\/inauguraron-programa-de-liderazgo-emprendimiento-e-innovacion-2025\/#article","isPartOf":{"@id":"https:\/\/www.eldiario.net\/portal\/2025\/08\/03\/inauguraron-programa-de-liderazgo-emprendimiento-e-innovacion-2025\/"},"author":{"name":"Jeanette","@id":"https:\/\/www.eldiario.net\/portal\/#\/schema\/person\/f46445640444750d7d753ccd04ae01b7"},"headline":"Inauguraron programa de liderazgo, emprendimiento e innovaci\u00f3n 2025","datePublished":"2025-08-03T11:32:48+00:00","mainEntityOfPage":{"@id":"https:\/\/www.eldiario.net\/portal\/2025\/08\/03\/inauguraron-programa-de-liderazgo-emprendimiento-e-innovacion-2025\/"},"wordCount":322,"publisher":{"@id":"https:\/\/www.eldiario.net\/portal\/#organization"},"image":{"@id":"https:\/\/www.eldiario.net\/portal\/2025\/08\/03\/inauguraron-programa-de-liderazgo-emprendimiento-e-innovacion-2025\/#primaryimage"},"thumbnailUrl":"https:\/\/www.eldiario.net\/portal\/wp-content\/uploads\/2023\/12\/Economia.jpg","articleSection":["Econom\u00eda"],"inLanguage":"es"},{"@type":"WebPage","@id":"https:\/\/www.eldiario.net\/portal\/2025\/08\/03\/inauguraron-programa-de-liderazgo-emprendimiento-e-innovacion-2025\/","url":"https:\/\/www.eldiario.net\/portal\/2025\/08\/03\/inauguraron-programa-de-liderazgo-emprendimiento-e-innovacion-2025\/","name":"Inauguraron programa de liderazgo, emprendimiento e innovaci\u00f3n 2025 - El Diario - Bolivia","isPartOf":{"@id":"https:\/\/www.eldiario.net\/portal\/#website"},"primaryImageOfPage":{"@id":"https:\/\/www.eldiario.net\/portal\/2025\/08\/03\/inauguraron-programa-de-liderazgo-emprendimiento-e-innovacion-2025\/#primaryimage"},"image":{"@id":"https:\/\/www.eldiario.net\/portal\/2025\/08\/03\/inauguraron-programa-de-liderazgo-emprendimiento-e-innovacion-2025\/#primaryimage"},"thumbnailUrl":"https:\/\/www.eldiario.net\/portal\/wp-content\/uploads\/2023\/12\/Economia.jpg","datePublished":"2025-08-03T11:32:48+00:00","breadcrumb":{"@id":"https:\/\/www.eldiario.net\/portal\/2025\/08\/03\/inauguraron-programa-de-liderazgo-emprendimiento-e-innovacion-2025\/#breadcrumb"},"inLanguage":"es","potentialAction":[{"@type":"ReadAction","target":["https:\/\/www.eldiario.net\/portal\/2025\/08\/03\/inauguraron-programa-de-liderazgo-emprendimiento-e-innovacion-2025\/"]}]},{"@type":"ImageObject","inLanguage":"es","@id":"https:\/\/www.eldiario.net\/portal\/2025\/08\/03\/inauguraron-programa-de-liderazgo-emprendimiento-e-innovacion-2025\/#primaryimage","url":"https:\/\/www.eldiario.net\/portal\/wp-content\/uploads\/2023\/12\/Economia.jpg","contentUrl":"https:\/\/www.eldiario.net\/portal\/wp-content\/uploads\/2023\/12\/Economia.jpg","width":800,"height":500},{"@type":"BreadcrumbList","@id":"https:\/\/www.eldiario.net\/portal\/2025\/08\/03\/inauguraron-programa-de-liderazgo-emprendimiento-e-innovacion-2025\/#breadcrumb","itemListElement":[{"@type":"ListItem","position":1,"name":"Portada","item":"https:\/\/www.eldiario.net\/portal\/"},{"@type":"ListItem","position":2,"name":"Inauguraron programa de liderazgo, emprendimiento e innovaci\u00f3n 2025"}]},{"@type":"WebSite","@id":"https:\/\/www.eldiario.net\/portal\/#website","url":"https:\/\/www.eldiario.net\/portal\/","name":"El Diario - Decano de la prensa nacional","description":"El Diario - Decano de la prensa nacional","publisher":{"@id":"https:\/\/www.eldiario.net\/portal\/#organization"},"potentialAction":[{"@type":"SearchAction","target":{"@type":"EntryPoint","urlTemplate":"https:\/\/www.eldiario.net\/portal\/?s={search_term_string}"},"query-input":{"@type":"PropertyValueSpecification","valueRequired":true,"valueName":"search_term_string"}}],"inLanguage":"es"},{"@type":"Organization","@id":"https:\/\/www.eldiario.net\/portal\/#organization","name":"El Diario - Decano de la prensa nacional","url":"https:\/\/www.eldiario.net\/portal\/","logo":{"@type":"ImageObject","inLanguage":"es","@id":"https:\/\/www.eldiario.net\/portal\/#\/schema\/logo\/image\/","url":"https:\/\/www.eldiario.net\/portal\/wp-content\/uploads\/2023\/07\/logo_ED.jpg","contentUrl":"https:\/\/www.eldiario.net\/portal\/wp-content\/uploads\/2023\/07\/logo_ED.jpg","width":272,"height":52,"caption":"El Diario - Decano de la prensa nacional"},"image":{"@id":"https:\/\/www.eldiario.net\/portal\/#\/schema\/logo\/image\/"},"sameAs":["https:\/\/www.facebook.com\/eldiario.bolivia\/","https:\/\/x.com\/eldiario_net"]},{"@type":"Person","@id":"https:\/\/www.eldiario.net\/portal\/#\/schema\/person\/f46445640444750d7d753ccd04ae01b7","name":"Jeanette","image":{"@type":"ImageObject","inLanguage":"es","@id":"https:\/\/secure.gravatar.com\/avatar\/3ea2118a5f7dad2b7138b1187a6b7ee55f160b9968b66013c3a3ef39dd7e5798?s=96&d=mm&r=g","url":"https:\/\/secure.gravatar.com\/avatar\/3ea2118a5f7dad2b7138b1187a6b7ee55f160b9968b66013c3a3ef39dd7e5798?s=96&d=mm&r=g","contentUrl":"https:\/\/secure.gravatar.com\/avatar\/3ea2118a5f7dad2b7138b1187a6b7ee55f160b9968b66013c3a3ef39dd7e5798?s=96&d=mm&r=g","caption":"Jeanette"},"sameAs":["https:\/\/www.eldiario.net\/portal"],"url":"https:\/\/www.eldiario.net\/portal\/author\/jeanette\/"}]}},"_links":{"self":[{"href":"https:\/\/www.eldiario.net\/portal\/wp-json\/wp\/v2\/posts\/321318","targetHints":{"allow":["GET"]}}],"collection":[{"href":"https:\/\/www.eldiario.net\/portal\/wp-json\/wp\/v2\/posts"}],"about":[{"href":"https:\/\/www.eldiario.net\/portal\/wp-json\/wp\/v2\/types\/post"}],"author":[{"embeddable":true,"href":"https:\/\/www.eldiario.net\/portal\/wp-json\/wp\/v2\/users\/1"}],"replies":[{"embeddable":true,"href":"https:\/\/www.eldiario.net\/portal\/wp-json\/wp\/v2\/comments?post=321318"}],"version-history":[{"count":1,"href":"https:\/\/www.eldiario.net\/portal\/wp-json\/wp\/v2\/posts\/321318\/revisions"}],"predecessor-version":[{"id":321319,"href":"https:\/\/www.eldiario.net\/portal\/wp-json\/wp\/v2\/posts\/321318\/revisions\/321319"}],"wp:featuredmedia":[{"embeddable":true,"href":"https:\/\/www.eldiario.net\/portal\/wp-json\/wp\/v2\/media\/194689"}],"wp:attachment":[{"href":"https:\/\/www.eldiario.net\/portal\/wp-json\/wp\/v2\/media?parent=321318"}],"wp:term":[{"taxonomy":"category","embeddable":true,"href":"https:\/\/www.eldiario.net\/portal\/wp-json\/wp\/v2\/categories?post=321318"},{"taxonomy":"post_tag","embeddable":true,"href":"https:\/\/www.eldiario.net\/portal\/wp-json\/wp\/v2\/tags?post=321318"}],"curies":[{"name":"wp","href":"https:\/\/api.w.org\/{rel}","templated":true}]}}