{"id":321094,"date":"2025-08-02T00:37:59","date_gmt":"2025-08-02T04:37:59","guid":{"rendered":"https:\/\/www.eldiario.net\/portal\/?p=321094"},"modified":"2025-08-01T22:39:06","modified_gmt":"2025-08-02T02:39:06","slug":"danzando-en-el-bicentenario-junto-al-elenco-de-adaf-bolivia","status":"publish","type":"post","link":"https:\/\/www.eldiario.net\/portal\/2025\/08\/02\/danzando-en-el-bicentenario-junto-al-elenco-de-adaf-bolivia\/","title":{"rendered":"\u201cDanzando en el Bicentenario\u201d  junto al elenco de Adaf Bolivia"},"content":{"rendered":"<p>A tono con la celebraci\u00f3n que vive el pa\u00eds, por los 200 a\u00f1os de su independencia, la Academia de Danzas Folkl\u00f3ricas Adaf Bolivia estrena \u201cDanzando en el Bicentenario\u201d, su nuevo espect\u00e1culo art\u00edstico, este mi\u00e9rcoles 6 y jueves 7 de agosto, a horas 19:30, en el Teatro Nuna, ubicado en la Calle 21 de Calacoto, No. 8509 (Parada PumaKatari), zona sur de la ciudad de La Paz.<\/p>\n<p>\u201cCon todo el profesionalismo y la singularidad que nos caracteriza, estamos muy complacidos por presentar nuestra reciente propuesta, <em>Danzando en el Bicentenario<\/em>, que refleja los 200 a\u00f1os de independencia de Bolivia, eligiendo como imagen principal de este espect\u00e1culo al Auqui Auqui como el portador de sabidur\u00eda ancestral y esp\u00edritu protector de la comunidad. Este esp\u00edritu se manifiesta de diferentes maneras, no s\u00f3lo en occidente, sino tambi\u00e9n en los valles y llanos orientales\u201d, dijo Roberto Sard\u00f3n, director de Adaf Bolivia.<\/p>\n<p>\u201cDanzando en el Bicentenario\u201d ser\u00e1 ejecutado por el elenco oficial de Adaf Bolivia con bailarines altamente capacitados, quienes recorrer\u00e1n el altiplano, valle y oriente, mostrando la riqueza de tradiciones del pa\u00eds en muestras art\u00edsticas con contenido y sustento hist\u00f3rico, sociol\u00f3gico y antropol\u00f3gico. \u201cEsto le otorga a nuestras propuestas la coherencia y responsabilidad que amerita el trabajar sobre nuestras culturas. Cabe mencionar que tambi\u00e9n apoyar\u00e1n con algunas intervenciones lo m\u00e1s selecto de nuestros otros elencos\u201d, adelant\u00f3 Sard\u00f3n.<\/p>\n<p>En dos horas de espect\u00e1culo, el p\u00fablico observar\u00e1 el minucioso trabajo realizado por el equipo de Adaf, que siempre propone una visi\u00f3n vanguardista. \u201cLa impecabilidad y excelencia &#8211;como de costumbre&#8211; ser\u00e1 el sello que nos distingue\u201d, subray\u00f3 Sard\u00f3n.<\/p>\n<p>En el programa se podr\u00e1 apreciar los rituales a la Pachamama y danzas de fertilidad de la tierra del occidente boliviano. El valle ser\u00e1 representado por las cuecas cochabambinas y sus coplas picarescas de carnaval. Del Oriente se prepar\u00f3 una puesta que hace homenaje a las grandes voces de la m\u00fasica oriental, como Gladys Moreno y \u00a0Gu\u00edsela Santa Cruz. Y por el Chaco Boliviano, se ejecutar\u00e1n escondidos, gatos y chacareras. \u201cPor otra parte, haremos hincapi\u00e9 en una de las naciones ind\u00edgenas m\u00e1s antiguas de Bolivia y de Am\u00e9rica Latina, como es el pueblo Uru Chipaya, cuyo origen se remonta a miles de a\u00f1os atr\u00e1s, incluso antes de la llegada de otras culturas andinas, como los aymaras y quechuas. Los Uru Chipaya han logrado preservar gran parte de su cultura y tradiciones, incluyendo su idioma, a pesar de los desaf\u00edos del tiempo y la modernidad\u201d, explic\u00f3 el director de Adaf Bolivia.<\/p>\n<p>Finalmente, adem\u00e1s de celebrar el Bicentenario, el 7 de agosto la academia de danzas folkl\u00f3ricas celebrar\u00e1 \u00a026 a\u00f1os de vida institucional. \u201cSon 26 a\u00f1os que han sido entregados a la preservaci\u00f3n, difusi\u00f3n y protecci\u00f3n de la danza folkl\u00f3rica boliviana. En todos estos a\u00f1os, hemos recorrido diferentes latitudes en el mundo, llevando la tricolor a diferentes vitrinas internacionales. Hemos participado de grandes festivales en Francia, Alemania, Italia, Turqu\u00eda, Serbia, Chipre, Bulgaria, Pa\u00edses Vascos, Rusia, Estados Unidos de Norteam\u00e9rica, Nicaragua, Costa Rica, M\u00e9xico, Per\u00fa, Colombia, Ecuador, Brasil y Chile. Por todo esto, el espect\u00e1culo preparado (en esta ocasi\u00f3n) tiene un significado muy importante para Adaf Bolivia y para todos quienes la conformamos (\u2026), superar\u00e1 nuestras propias expectativas y todo con el sello de excelencia que caracteriza a nuestra instituci\u00f3n\u201d, resalt\u00f3 Sard\u00f3n.<\/p>\n\r\n                <style type=\"text\/css\">\r\n                    \r\n                    #tdi_1  .td-doubleSlider-2 .td-item1 {\r\n                        background: url(https:\/\/www.eldiario.net\/portal\/wp-content\/uploads\/2025\/08\/1-adaf-PRINCIPAL-80x60.webp) 0 0 no-repeat;\r\n                    }\r\n                    #tdi_1  .td-doubleSlider-2 .td-item2 {\r\n                        background: url(https:\/\/www.eldiario.net\/portal\/wp-content\/uploads\/2025\/08\/2-adaf-80x60.webp) 0 0 no-repeat;\r\n                    }\r\n                    #tdi_1  .td-doubleSlider-2 .td-item3 {\r\n                        background: url(https:\/\/www.eldiario.net\/portal\/wp-content\/uploads\/2025\/08\/3-adaf-80x60.webp) 0 0 no-repeat;\r\n                    }\r\n                    #tdi_1  .td-doubleSlider-2 .td-item4 {\r\n                        background: url(https:\/\/www.eldiario.net\/portal\/wp-content\/uploads\/2025\/08\/4-adaf-80x60.webp) 0 0 no-repeat;\r\n                    }\r\n                    #tdi_1  .td-doubleSlider-2 .td-item5 {\r\n                        background: url(https:\/\/www.eldiario.net\/portal\/wp-content\/uploads\/2025\/08\/5-adaf-80x60.webp) 0 0 no-repeat;\r\n                    }\r\n                    #tdi_1  .td-doubleSlider-2 .td-item6 {\r\n                        background: url(https:\/\/www.eldiario.net\/portal\/wp-content\/uploads\/2025\/08\/6-adaf-80x60.webp) 0 0 no-repeat;\r\n                    }\r\n                <\/style>\r\n\r\n                <div id=\"tdi_1\" class=\"td-gallery td-slide-on-2-columns\">\r\n                    <div class=\"post_td_gallery\">\r\n                        <div class=\"td-gallery-slide-top\">\r\n                           <div class=\"td-gallery-title\"><\/div>\r\n\r\n                            <div class=\"td-gallery-controls-wrapper\">\r\n                                <div class=\"td-gallery-slide-count\"><span class=\"td-gallery-slide-item-focus\">1<\/span> de 6<\/div>\r\n                                <div class=\"td-gallery-slide-prev-next-but\">\r\n                                    <i class = \"td-icon-left doubleSliderPrevButton\"><\/i>\r\n                                    <i class = \"td-icon-right doubleSliderNextButton\"><\/i>\r\n                                <\/div>\r\n                            <\/div>\r\n                        <\/div>\r\n\r\n                        <div class = \"td-doubleSlider-1 \">\r\n                            <div class = \"td-slider\">\r\n                                \r\n                    <div class = \"td-slide-item td-item1\">\r\n                        <figure class=\"td-slide-galery-figure td-slide-popup-gallery\">\r\n                            <a class=\"slide-gallery-image-link\" href=\"https:\/\/www.eldiario.net\/portal\/wp-content\/uploads\/2025\/08\/1-adaf-PRINCIPAL.webp\" title=\"1-adaf-PRINCIPAL\"  data-caption=\"\"  data-description=\"\">\r\n                                <img decoding=\"async\" src=\"https:\/\/www.eldiario.net\/portal\/wp-content\/uploads\/2025\/08\/1-adaf-PRINCIPAL-432x420.webp\" srcset=\"https:\/\/www.eldiario.net\/portal\/wp-content\/uploads\/2025\/08\/1-adaf-PRINCIPAL-432x420.webp 432w, https:\/\/www.eldiario.net\/portal\/wp-content\/uploads\/2025\/08\/1-adaf-PRINCIPAL-300x292.webp 300w, https:\/\/www.eldiario.net\/portal\/wp-content\/uploads\/2025\/08\/1-adaf-PRINCIPAL-768x747.webp 768w, https:\/\/www.eldiario.net\/portal\/wp-content\/uploads\/2025\/08\/1-adaf-PRINCIPAL-150x146.webp 150w, https:\/\/www.eldiario.net\/portal\/wp-content\/uploads\/2025\/08\/1-adaf-PRINCIPAL-696x677.webp 696w, https:\/\/www.eldiario.net\/portal\/wp-content\/uploads\/2025\/08\/1-adaf-PRINCIPAL.webp 973w\" sizes=\"(max-width: 432px) 100vw, 432px\" alt=\"\">\r\n                            <\/a>\r\n                            \r\n                        <\/figure>\r\n                    <\/div>\r\n                    <div class = \"td-slide-item td-item2\">\r\n                        <figure class=\"td-slide-galery-figure td-slide-popup-gallery\">\r\n                            <a class=\"slide-gallery-image-link\" href=\"https:\/\/www.eldiario.net\/portal\/wp-content\/uploads\/2025\/08\/2-adaf.webp\" title=\"2-adaf\"  data-caption=\"\"  data-description=\"\">\r\n                                <img decoding=\"async\" src=\"https:\/\/www.eldiario.net\/portal\/wp-content\/uploads\/2025\/08\/2-adaf-334x420.webp\" srcset=\"https:\/\/www.eldiario.net\/portal\/wp-content\/uploads\/2025\/08\/2-adaf-334x420.webp 334w, https:\/\/www.eldiario.net\/portal\/wp-content\/uploads\/2025\/08\/2-adaf-238x300.webp 238w, https:\/\/www.eldiario.net\/portal\/wp-content\/uploads\/2025\/08\/2-adaf-813x1024.webp 813w, https:\/\/www.eldiario.net\/portal\/wp-content\/uploads\/2025\/08\/2-adaf-768x967.webp 768w, https:\/\/www.eldiario.net\/portal\/wp-content\/uploads\/2025\/08\/2-adaf-150x189.webp 150w, https:\/\/www.eldiario.net\/portal\/wp-content\/uploads\/2025\/08\/2-adaf-300x378.webp 300w, https:\/\/www.eldiario.net\/portal\/wp-content\/uploads\/2025\/08\/2-adaf-696x876.webp 696w, https:\/\/www.eldiario.net\/portal\/wp-content\/uploads\/2025\/08\/2-adaf-1068x1345.webp 1068w, https:\/\/www.eldiario.net\/portal\/wp-content\/uploads\/2025\/08\/2-adaf.webp 1080w\" sizes=\"(max-width: 334px) 100vw, 334px\" alt=\"\">\r\n                            <\/a>\r\n                            \r\n                        <\/figure>\r\n                    <\/div>\r\n                    <div class = \"td-slide-item td-item3\">\r\n                        <figure class=\"td-slide-galery-figure td-slide-popup-gallery\">\r\n                            <a class=\"slide-gallery-image-link\" href=\"https:\/\/www.eldiario.net\/portal\/wp-content\/uploads\/2025\/08\/3-adaf.webp\" title=\"3-adaf\"  data-caption=\"\"  data-description=\"\">\r\n                                <img decoding=\"async\" src=\"https:\/\/www.eldiario.net\/portal\/wp-content\/uploads\/2025\/08\/3-adaf-334x420.webp\" srcset=\"https:\/\/www.eldiario.net\/portal\/wp-content\/uploads\/2025\/08\/3-adaf-334x420.webp 334w, https:\/\/www.eldiario.net\/portal\/wp-content\/uploads\/2025\/08\/3-adaf-238x300.webp 238w, https:\/\/www.eldiario.net\/portal\/wp-content\/uploads\/2025\/08\/3-adaf-813x1024.webp 813w, https:\/\/www.eldiario.net\/portal\/wp-content\/uploads\/2025\/08\/3-adaf-768x967.webp 768w, https:\/\/www.eldiario.net\/portal\/wp-content\/uploads\/2025\/08\/3-adaf-150x189.webp 150w, https:\/\/www.eldiario.net\/portal\/wp-content\/uploads\/2025\/08\/3-adaf-300x378.webp 300w, https:\/\/www.eldiario.net\/portal\/wp-content\/uploads\/2025\/08\/3-adaf-696x876.webp 696w, https:\/\/www.eldiario.net\/portal\/wp-content\/uploads\/2025\/08\/3-adaf-1068x1345.webp 1068w, https:\/\/www.eldiario.net\/portal\/wp-content\/uploads\/2025\/08\/3-adaf.webp 1080w\" sizes=\"(max-width: 334px) 100vw, 334px\" alt=\"\">\r\n                            <\/a>\r\n                            \r\n                        <\/figure>\r\n                    <\/div>\r\n                    <div class = \"td-slide-item td-item4\">\r\n                        <figure class=\"td-slide-galery-figure td-slide-popup-gallery\">\r\n                            <a class=\"slide-gallery-image-link\" href=\"https:\/\/www.eldiario.net\/portal\/wp-content\/uploads\/2025\/08\/4-adaf.webp\" title=\"4-adaf\"  data-caption=\"\"  data-description=\"\">\r\n                                <img decoding=\"async\" src=\"https:\/\/www.eldiario.net\/portal\/wp-content\/uploads\/2025\/08\/4-adaf-334x420.webp\" srcset=\"https:\/\/www.eldiario.net\/portal\/wp-content\/uploads\/2025\/08\/4-adaf-334x420.webp 334w, https:\/\/www.eldiario.net\/portal\/wp-content\/uploads\/2025\/08\/4-adaf-238x300.webp 238w, https:\/\/www.eldiario.net\/portal\/wp-content\/uploads\/2025\/08\/4-adaf-813x1024.webp 813w, https:\/\/www.eldiario.net\/portal\/wp-content\/uploads\/2025\/08\/4-adaf-768x967.webp 768w, https:\/\/www.eldiario.net\/portal\/wp-content\/uploads\/2025\/08\/4-adaf-150x189.webp 150w, https:\/\/www.eldiario.net\/portal\/wp-content\/uploads\/2025\/08\/4-adaf-300x378.webp 300w, https:\/\/www.eldiario.net\/portal\/wp-content\/uploads\/2025\/08\/4-adaf-696x876.webp 696w, https:\/\/www.eldiario.net\/portal\/wp-content\/uploads\/2025\/08\/4-adaf-1068x1345.webp 1068w, https:\/\/www.eldiario.net\/portal\/wp-content\/uploads\/2025\/08\/4-adaf.webp 1080w\" sizes=\"(max-width: 334px) 100vw, 334px\" alt=\"\">\r\n                            <\/a>\r\n                            \r\n                        <\/figure>\r\n                    <\/div>\r\n                    <div class = \"td-slide-item td-item5\">\r\n                        <figure class=\"td-slide-galery-figure td-slide-popup-gallery\">\r\n                            <a class=\"slide-gallery-image-link\" href=\"https:\/\/www.eldiario.net\/portal\/wp-content\/uploads\/2025\/08\/5-adaf.webp\" title=\"5-adaf\"  data-caption=\"\"  data-description=\"\">\r\n                                <img decoding=\"async\" src=\"https:\/\/www.eldiario.net\/portal\/wp-content\/uploads\/2025\/08\/5-adaf-630x420.webp\" srcset=\"https:\/\/www.eldiario.net\/portal\/wp-content\/uploads\/2025\/08\/5-adaf-630x420.webp 630w, https:\/\/www.eldiario.net\/portal\/wp-content\/uploads\/2025\/08\/5-adaf-300x200.webp 300w, https:\/\/www.eldiario.net\/portal\/wp-content\/uploads\/2025\/08\/5-adaf-1024x683.webp 1024w, https:\/\/www.eldiario.net\/portal\/wp-content\/uploads\/2025\/08\/5-adaf-768x512.webp 768w, https:\/\/www.eldiario.net\/portal\/wp-content\/uploads\/2025\/08\/5-adaf-150x100.webp 150w, https:\/\/www.eldiario.net\/portal\/wp-content\/uploads\/2025\/08\/5-adaf-696x464.webp 696w, https:\/\/www.eldiario.net\/portal\/wp-content\/uploads\/2025\/08\/5-adaf-1068x712.webp 1068w, https:\/\/www.eldiario.net\/portal\/wp-content\/uploads\/2025\/08\/5-adaf.webp 1200w\" sizes=\"(max-width: 630px) 100vw, 630px\" alt=\"\">\r\n                            <\/a>\r\n                            \r\n                        <\/figure>\r\n                    <\/div>\r\n                    <div class = \"td-slide-item td-item6\">\r\n                        <figure class=\"td-slide-galery-figure td-slide-popup-gallery\">\r\n                            <a class=\"slide-gallery-image-link\" href=\"https:\/\/www.eldiario.net\/portal\/wp-content\/uploads\/2025\/08\/6-adaf.webp\" title=\"6-adaf\"  data-caption=\"\"  data-description=\"\">\r\n                                <img decoding=\"async\" src=\"https:\/\/www.eldiario.net\/portal\/wp-content\/uploads\/2025\/08\/6-adaf-630x420.webp\" srcset=\"https:\/\/www.eldiario.net\/portal\/wp-content\/uploads\/2025\/08\/6-adaf-630x420.webp 630w, https:\/\/www.eldiario.net\/portal\/wp-content\/uploads\/2025\/08\/6-adaf-300x200.webp 300w, https:\/\/www.eldiario.net\/portal\/wp-content\/uploads\/2025\/08\/6-adaf-1024x683.webp 1024w, https:\/\/www.eldiario.net\/portal\/wp-content\/uploads\/2025\/08\/6-adaf-768x512.webp 768w, https:\/\/www.eldiario.net\/portal\/wp-content\/uploads\/2025\/08\/6-adaf-150x100.webp 150w, https:\/\/www.eldiario.net\/portal\/wp-content\/uploads\/2025\/08\/6-adaf-696x464.webp 696w, https:\/\/www.eldiario.net\/portal\/wp-content\/uploads\/2025\/08\/6-adaf-1068x712.webp 1068w, https:\/\/www.eldiario.net\/portal\/wp-content\/uploads\/2025\/08\/6-adaf.webp 1200w\" sizes=\"(max-width: 630px) 100vw, 630px\" alt=\"\">\r\n                            <\/a>\r\n                            \r\n                        <\/figure>\r\n                    <\/div>\r\n                            <\/div>\r\n                        <\/div>\r\n\r\n                        <div class = \"td-doubleSlider-2\">\r\n                            <div class = \"td-slider\">\r\n                                \r\n                    <div class = \"td-button td-item1\">\r\n                        <div class = \"td-border\"><\/div>\r\n                    <\/div>\r\n                    <div class = \"td-button td-item2\">\r\n                        <div class = \"td-border\"><\/div>\r\n                    <\/div>\r\n                    <div class = \"td-button td-item3\">\r\n                        <div class = \"td-border\"><\/div>\r\n                    <\/div>\r\n                    <div class = \"td-button td-item4\">\r\n                        <div class = \"td-border\"><\/div>\r\n                    <\/div>\r\n                    <div class = \"td-button td-item5\">\r\n                        <div class = \"td-border\"><\/div>\r\n                    <\/div>\r\n                    <div class = \"td-button td-item6\">\r\n                        <div class = \"td-border\"><\/div>\r\n                    <\/div>\r\n                            <\/div>\r\n                        <\/div>\r\n\r\n                    <\/div>\r\n\r\n                <\/div>\r\n                \n<p>&nbsp;<\/p>\n<p>&nbsp;<\/p>\n","protected":false},"excerpt":{"rendered":"<p>A tono con la celebraci\u00f3n que vive el pa\u00eds, por los 200 a\u00f1os de su independencia, la Academia de Danzas Folkl\u00f3ricas Adaf Bolivia estrena \u201cDanzando en el Bicentenario\u201d, su nuevo espect\u00e1culo art\u00edstico, este mi\u00e9rcoles 6 y jueves 7 de agosto, a horas 19:30, en el Teatro Nuna, ubicado en la Calle 21 de Calacoto, No. [&hellip;]<\/p>\n","protected":false},"author":1,"featured_media":321095,"comment_status":"closed","ping_status":"open","sticky":false,"template":"","format":"standard","meta":{"_acf_changed":false,"footnotes":""},"categories":[41],"tags":[],"class_list":["post-321094","post","type-post","status-publish","format-standard","has-post-thumbnail","category-la-guia"],"acf":{"antetitulo":""},"yoast_head":"<!-- This site is optimized with the Yoast SEO plugin v28.4 - https:\/\/yoast.com\/product\/yoast-seo-wordpress\/ -->\n<title>\u201cDanzando en el Bicentenario\u201d junto al elenco de Adaf Bolivia - El Diario - Bolivia<\/title>\n<meta name=\"robots\" content=\"index, follow, max-snippet:-1, max-image-preview:large, max-video-preview:-1\" \/>\n<link rel=\"canonical\" href=\"https:\/\/www.eldiario.net\/portal\/2025\/08\/02\/danzando-en-el-bicentenario-junto-al-elenco-de-adaf-bolivia\/\" \/>\n<meta property=\"og:locale\" content=\"es_ES\" \/>\n<meta property=\"og:type\" content=\"article\" \/>\n<meta property=\"og:title\" content=\"\u201cDanzando en el Bicentenario\u201d junto al elenco de Adaf Bolivia - El Diario - Bolivia\" \/>\n<meta property=\"og:description\" content=\"A tono con la celebraci\u00f3n que vive el pa\u00eds, por los 200 a\u00f1os de su independencia, la Academia de Danzas Folkl\u00f3ricas Adaf Bolivia estrena \u201cDanzando en el Bicentenario\u201d, su nuevo espect\u00e1culo art\u00edstico, este mi\u00e9rcoles 6 y jueves 7 de agosto, a horas 19:30, en el Teatro Nuna, ubicado en la Calle 21 de Calacoto, No. [&hellip;]\" \/>\n<meta property=\"og:url\" content=\"https:\/\/www.eldiario.net\/portal\/2025\/08\/02\/danzando-en-el-bicentenario-junto-al-elenco-de-adaf-bolivia\/\" \/>\n<meta property=\"og:site_name\" content=\"El Diario - Bolivia\" \/>\n<meta property=\"article:publisher\" content=\"https:\/\/www.facebook.com\/eldiario.bolivia\/\" \/>\n<meta property=\"article:published_time\" content=\"2025-08-02T04:37:59+00:00\" \/>\n<meta property=\"og:image\" content=\"https:\/\/www.eldiario.net\/portal\/wp-content\/uploads\/2025\/08\/1-adaf-PRINCIPAL.webp\" \/>\n\t<meta property=\"og:image:width\" content=\"973\" \/>\n\t<meta property=\"og:image:height\" content=\"946\" \/>\n\t<meta property=\"og:image:type\" content=\"image\/webp\" \/>\n<meta name=\"author\" content=\"Jeanette\" \/>\n<meta name=\"twitter:card\" content=\"summary_large_image\" \/>\n<meta name=\"twitter:creator\" content=\"@eldiario_net\" \/>\n<meta name=\"twitter:site\" content=\"@eldiario_net\" \/>\n<meta name=\"twitter:label1\" content=\"Escrito por\" \/>\n\t<meta name=\"twitter:data1\" content=\"Jeanette\" \/>\n\t<meta name=\"twitter:label2\" content=\"Tiempo de lectura\" \/>\n\t<meta name=\"twitter:data2\" content=\"3 minutos\" \/>\n<script type=\"application\/ld+json\" class=\"yoast-schema-graph\">{\"@context\":\"https:\\\/\\\/schema.org\",\"@graph\":[{\"@type\":\"Article\",\"@id\":\"https:\\\/\\\/www.eldiario.net\\\/portal\\\/2025\\\/08\\\/02\\\/danzando-en-el-bicentenario-junto-al-elenco-de-adaf-bolivia\\\/#article\",\"isPartOf\":{\"@id\":\"https:\\\/\\\/www.eldiario.net\\\/portal\\\/2025\\\/08\\\/02\\\/danzando-en-el-bicentenario-junto-al-elenco-de-adaf-bolivia\\\/\"},\"author\":{\"name\":\"Jeanette\",\"@id\":\"https:\\\/\\\/www.eldiario.net\\\/portal\\\/#\\\/schema\\\/person\\\/2c57cf2b7a7ae032e449e4c9b1019eac\"},\"headline\":\"\u201cDanzando en el Bicentenario\u201d junto al elenco de Adaf Bolivia\",\"datePublished\":\"2025-08-02T04:37:59+00:00\",\"mainEntityOfPage\":{\"@id\":\"https:\\\/\\\/www.eldiario.net\\\/portal\\\/2025\\\/08\\\/02\\\/danzando-en-el-bicentenario-junto-al-elenco-de-adaf-bolivia\\\/\"},\"wordCount\":603,\"publisher\":{\"@id\":\"https:\\\/\\\/www.eldiario.net\\\/portal\\\/#organization\"},\"image\":{\"@id\":\"https:\\\/\\\/www.eldiario.net\\\/portal\\\/2025\\\/08\\\/02\\\/danzando-en-el-bicentenario-junto-al-elenco-de-adaf-bolivia\\\/#primaryimage\"},\"thumbnailUrl\":\"https:\\\/\\\/www.eldiario.net\\\/portal\\\/wp-content\\\/uploads\\\/2025\\\/08\\\/1-adaf-PRINCIPAL.webp\",\"articleSection\":[\"La Gu\u00eda\"],\"inLanguage\":\"es\"},{\"@type\":\"WebPage\",\"@id\":\"https:\\\/\\\/www.eldiario.net\\\/portal\\\/2025\\\/08\\\/02\\\/danzando-en-el-bicentenario-junto-al-elenco-de-adaf-bolivia\\\/\",\"url\":\"https:\\\/\\\/www.eldiario.net\\\/portal\\\/2025\\\/08\\\/02\\\/danzando-en-el-bicentenario-junto-al-elenco-de-adaf-bolivia\\\/\",\"name\":\"\u201cDanzando en el Bicentenario\u201d junto al elenco de Adaf Bolivia - El Diario - Bolivia\",\"isPartOf\":{\"@id\":\"https:\\\/\\\/www.eldiario.net\\\/portal\\\/#website\"},\"primaryImageOfPage\":{\"@id\":\"https:\\\/\\\/www.eldiario.net\\\/portal\\\/2025\\\/08\\\/02\\\/danzando-en-el-bicentenario-junto-al-elenco-de-adaf-bolivia\\\/#primaryimage\"},\"image\":{\"@id\":\"https:\\\/\\\/www.eldiario.net\\\/portal\\\/2025\\\/08\\\/02\\\/danzando-en-el-bicentenario-junto-al-elenco-de-adaf-bolivia\\\/#primaryimage\"},\"thumbnailUrl\":\"https:\\\/\\\/www.eldiario.net\\\/portal\\\/wp-content\\\/uploads\\\/2025\\\/08\\\/1-adaf-PRINCIPAL.webp\",\"datePublished\":\"2025-08-02T04:37:59+00:00\",\"breadcrumb\":{\"@id\":\"https:\\\/\\\/www.eldiario.net\\\/portal\\\/2025\\\/08\\\/02\\\/danzando-en-el-bicentenario-junto-al-elenco-de-adaf-bolivia\\\/#breadcrumb\"},\"inLanguage\":\"es\",\"potentialAction\":[{\"@type\":\"ReadAction\",\"target\":[\"https:\\\/\\\/www.eldiario.net\\\/portal\\\/2025\\\/08\\\/02\\\/danzando-en-el-bicentenario-junto-al-elenco-de-adaf-bolivia\\\/\"]}]},{\"@type\":\"ImageObject\",\"inLanguage\":\"es\",\"@id\":\"https:\\\/\\\/www.eldiario.net\\\/portal\\\/2025\\\/08\\\/02\\\/danzando-en-el-bicentenario-junto-al-elenco-de-adaf-bolivia\\\/#primaryimage\",\"url\":\"https:\\\/\\\/www.eldiario.net\\\/portal\\\/wp-content\\\/uploads\\\/2025\\\/08\\\/1-adaf-PRINCIPAL.webp\",\"contentUrl\":\"https:\\\/\\\/www.eldiario.net\\\/portal\\\/wp-content\\\/uploads\\\/2025\\\/08\\\/1-adaf-PRINCIPAL.webp\",\"width\":973,\"height\":946},{\"@type\":\"BreadcrumbList\",\"@id\":\"https:\\\/\\\/www.eldiario.net\\\/portal\\\/2025\\\/08\\\/02\\\/danzando-en-el-bicentenario-junto-al-elenco-de-adaf-bolivia\\\/#breadcrumb\",\"itemListElement\":[{\"@type\":\"ListItem\",\"position\":1,\"name\":\"Portada\",\"item\":\"https:\\\/\\\/www.eldiario.net\\\/portal\\\/\"},{\"@type\":\"ListItem\",\"position\":2,\"name\":\"\u201cDanzando en el Bicentenario\u201d junto al elenco de Adaf Bolivia\"}]},{\"@type\":\"WebSite\",\"@id\":\"https:\\\/\\\/www.eldiario.net\\\/portal\\\/#website\",\"url\":\"https:\\\/\\\/www.eldiario.net\\\/portal\\\/\",\"name\":\"El Diario - Decano de la prensa nacional\",\"description\":\"El Diario - Decano de la prensa nacional\",\"publisher\":{\"@id\":\"https:\\\/\\\/www.eldiario.net\\\/portal\\\/#organization\"},\"potentialAction\":[{\"@type\":\"SearchAction\",\"target\":{\"@type\":\"EntryPoint\",\"urlTemplate\":\"https:\\\/\\\/www.eldiario.net\\\/portal\\\/?s={search_term_string}\"},\"query-input\":{\"@type\":\"PropertyValueSpecification\",\"valueRequired\":true,\"valueName\":\"search_term_string\"}}],\"inLanguage\":\"es\"},{\"@type\":\"Organization\",\"@id\":\"https:\\\/\\\/www.eldiario.net\\\/portal\\\/#organization\",\"name\":\"El Diario - Decano de la prensa nacional\",\"url\":\"https:\\\/\\\/www.eldiario.net\\\/portal\\\/\",\"logo\":{\"@type\":\"ImageObject\",\"inLanguage\":\"es\",\"@id\":\"https:\\\/\\\/www.eldiario.net\\\/portal\\\/#\\\/schema\\\/logo\\\/image\\\/\",\"url\":\"https:\\\/\\\/www.eldiario.net\\\/portal\\\/wp-content\\\/uploads\\\/2023\\\/07\\\/logo_ED.jpg\",\"contentUrl\":\"https:\\\/\\\/www.eldiario.net\\\/portal\\\/wp-content\\\/uploads\\\/2023\\\/07\\\/logo_ED.jpg\",\"width\":272,\"height\":52,\"caption\":\"El Diario - Decano de la prensa nacional\"},\"image\":{\"@id\":\"https:\\\/\\\/www.eldiario.net\\\/portal\\\/#\\\/schema\\\/logo\\\/image\\\/\"},\"sameAs\":[\"https:\\\/\\\/www.facebook.com\\\/eldiario.bolivia\\\/\",\"https:\\\/\\\/x.com\\\/eldiario_net\"]},{\"@type\":\"Person\",\"@id\":\"https:\\\/\\\/www.eldiario.net\\\/portal\\\/#\\\/schema\\\/person\\\/2c57cf2b7a7ae032e449e4c9b1019eac\",\"name\":\"Jeanette\",\"image\":{\"@type\":\"ImageObject\",\"inLanguage\":\"es\",\"@id\":\"https:\\\/\\\/secure.gravatar.com\\\/avatar\\\/3ea2118a5f7dad2b7138b1187a6b7ee55f160b9968b66013c3a3ef39dd7e5798?s=96&d=mm&r=g\",\"url\":\"https:\\\/\\\/secure.gravatar.com\\\/avatar\\\/3ea2118a5f7dad2b7138b1187a6b7ee55f160b9968b66013c3a3ef39dd7e5798?s=96&d=mm&r=g\",\"contentUrl\":\"https:\\\/\\\/secure.gravatar.com\\\/avatar\\\/3ea2118a5f7dad2b7138b1187a6b7ee55f160b9968b66013c3a3ef39dd7e5798?s=96&d=mm&r=g\",\"caption\":\"Jeanette\"},\"sameAs\":[\"https:\\\/\\\/www.eldiario.net\\\/portal\"],\"url\":\"https:\\\/\\\/www.eldiario.net\\\/portal\\\/author\\\/jeanette\\\/\"}]}<\/script>\n<!-- \/ Yoast SEO plugin. -->","yoast_head_json":{"title":"\u201cDanzando en el Bicentenario\u201d junto al elenco de Adaf Bolivia - El Diario - Bolivia","robots":{"index":"index","follow":"follow","max-snippet":"max-snippet:-1","max-image-preview":"max-image-preview:large","max-video-preview":"max-video-preview:-1"},"canonical":"https:\/\/www.eldiario.net\/portal\/2025\/08\/02\/danzando-en-el-bicentenario-junto-al-elenco-de-adaf-bolivia\/","og_locale":"es_ES","og_type":"article","og_title":"\u201cDanzando en el Bicentenario\u201d junto al elenco de Adaf Bolivia - El Diario - Bolivia","og_description":"A tono con la celebraci\u00f3n que vive el pa\u00eds, por los 200 a\u00f1os de su independencia, la Academia de Danzas Folkl\u00f3ricas Adaf Bolivia estrena \u201cDanzando en el Bicentenario\u201d, su nuevo espect\u00e1culo art\u00edstico, este mi\u00e9rcoles 6 y jueves 7 de agosto, a horas 19:30, en el Teatro Nuna, ubicado en la Calle 21 de Calacoto, No. [&hellip;]","og_url":"https:\/\/www.eldiario.net\/portal\/2025\/08\/02\/danzando-en-el-bicentenario-junto-al-elenco-de-adaf-bolivia\/","og_site_name":"El Diario - Bolivia","article_publisher":"https:\/\/www.facebook.com\/eldiario.bolivia\/","article_published_time":"2025-08-02T04:37:59+00:00","og_image":[{"width":973,"height":946,"url":"https:\/\/www.eldiario.net\/portal\/wp-content\/uploads\/2025\/08\/1-adaf-PRINCIPAL.webp","type":"image\/webp"}],"author":"Jeanette","twitter_card":"summary_large_image","twitter_creator":"@eldiario_net","twitter_site":"@eldiario_net","twitter_misc":{"Escrito por":"Jeanette","Tiempo de lectura":"3 minutos"},"schema":{"@context":"https:\/\/schema.org","@graph":[{"@type":"Article","@id":"https:\/\/www.eldiario.net\/portal\/2025\/08\/02\/danzando-en-el-bicentenario-junto-al-elenco-de-adaf-bolivia\/#article","isPartOf":{"@id":"https:\/\/www.eldiario.net\/portal\/2025\/08\/02\/danzando-en-el-bicentenario-junto-al-elenco-de-adaf-bolivia\/"},"author":{"name":"Jeanette","@id":"https:\/\/www.eldiario.net\/portal\/#\/schema\/person\/2c57cf2b7a7ae032e449e4c9b1019eac"},"headline":"\u201cDanzando en el Bicentenario\u201d junto al elenco de Adaf Bolivia","datePublished":"2025-08-02T04:37:59+00:00","mainEntityOfPage":{"@id":"https:\/\/www.eldiario.net\/portal\/2025\/08\/02\/danzando-en-el-bicentenario-junto-al-elenco-de-adaf-bolivia\/"},"wordCount":603,"publisher":{"@id":"https:\/\/www.eldiario.net\/portal\/#organization"},"image":{"@id":"https:\/\/www.eldiario.net\/portal\/2025\/08\/02\/danzando-en-el-bicentenario-junto-al-elenco-de-adaf-bolivia\/#primaryimage"},"thumbnailUrl":"https:\/\/www.eldiario.net\/portal\/wp-content\/uploads\/2025\/08\/1-adaf-PRINCIPAL.webp","articleSection":["La Gu\u00eda"],"inLanguage":"es"},{"@type":"WebPage","@id":"https:\/\/www.eldiario.net\/portal\/2025\/08\/02\/danzando-en-el-bicentenario-junto-al-elenco-de-adaf-bolivia\/","url":"https:\/\/www.eldiario.net\/portal\/2025\/08\/02\/danzando-en-el-bicentenario-junto-al-elenco-de-adaf-bolivia\/","name":"\u201cDanzando en el Bicentenario\u201d junto al elenco de Adaf Bolivia - El Diario - Bolivia","isPartOf":{"@id":"https:\/\/www.eldiario.net\/portal\/#website"},"primaryImageOfPage":{"@id":"https:\/\/www.eldiario.net\/portal\/2025\/08\/02\/danzando-en-el-bicentenario-junto-al-elenco-de-adaf-bolivia\/#primaryimage"},"image":{"@id":"https:\/\/www.eldiario.net\/portal\/2025\/08\/02\/danzando-en-el-bicentenario-junto-al-elenco-de-adaf-bolivia\/#primaryimage"},"thumbnailUrl":"https:\/\/www.eldiario.net\/portal\/wp-content\/uploads\/2025\/08\/1-adaf-PRINCIPAL.webp","datePublished":"2025-08-02T04:37:59+00:00","breadcrumb":{"@id":"https:\/\/www.eldiario.net\/portal\/2025\/08\/02\/danzando-en-el-bicentenario-junto-al-elenco-de-adaf-bolivia\/#breadcrumb"},"inLanguage":"es","potentialAction":[{"@type":"ReadAction","target":["https:\/\/www.eldiario.net\/portal\/2025\/08\/02\/danzando-en-el-bicentenario-junto-al-elenco-de-adaf-bolivia\/"]}]},{"@type":"ImageObject","inLanguage":"es","@id":"https:\/\/www.eldiario.net\/portal\/2025\/08\/02\/danzando-en-el-bicentenario-junto-al-elenco-de-adaf-bolivia\/#primaryimage","url":"https:\/\/www.eldiario.net\/portal\/wp-content\/uploads\/2025\/08\/1-adaf-PRINCIPAL.webp","contentUrl":"https:\/\/www.eldiario.net\/portal\/wp-content\/uploads\/2025\/08\/1-adaf-PRINCIPAL.webp","width":973,"height":946},{"@type":"BreadcrumbList","@id":"https:\/\/www.eldiario.net\/portal\/2025\/08\/02\/danzando-en-el-bicentenario-junto-al-elenco-de-adaf-bolivia\/#breadcrumb","itemListElement":[{"@type":"ListItem","position":1,"name":"Portada","item":"https:\/\/www.eldiario.net\/portal\/"},{"@type":"ListItem","position":2,"name":"\u201cDanzando en el Bicentenario\u201d junto al elenco de Adaf Bolivia"}]},{"@type":"WebSite","@id":"https:\/\/www.eldiario.net\/portal\/#website","url":"https:\/\/www.eldiario.net\/portal\/","name":"El Diario - Decano de la prensa nacional","description":"El Diario - Decano de la prensa nacional","publisher":{"@id":"https:\/\/www.eldiario.net\/portal\/#organization"},"potentialAction":[{"@type":"SearchAction","target":{"@type":"EntryPoint","urlTemplate":"https:\/\/www.eldiario.net\/portal\/?s={search_term_string}"},"query-input":{"@type":"PropertyValueSpecification","valueRequired":true,"valueName":"search_term_string"}}],"inLanguage":"es"},{"@type":"Organization","@id":"https:\/\/www.eldiario.net\/portal\/#organization","name":"El Diario - Decano de la prensa nacional","url":"https:\/\/www.eldiario.net\/portal\/","logo":{"@type":"ImageObject","inLanguage":"es","@id":"https:\/\/www.eldiario.net\/portal\/#\/schema\/logo\/image\/","url":"https:\/\/www.eldiario.net\/portal\/wp-content\/uploads\/2023\/07\/logo_ED.jpg","contentUrl":"https:\/\/www.eldiario.net\/portal\/wp-content\/uploads\/2023\/07\/logo_ED.jpg","width":272,"height":52,"caption":"El Diario - Decano de la prensa nacional"},"image":{"@id":"https:\/\/www.eldiario.net\/portal\/#\/schema\/logo\/image\/"},"sameAs":["https:\/\/www.facebook.com\/eldiario.bolivia\/","https:\/\/x.com\/eldiario_net"]},{"@type":"Person","@id":"https:\/\/www.eldiario.net\/portal\/#\/schema\/person\/2c57cf2b7a7ae032e449e4c9b1019eac","name":"Jeanette","image":{"@type":"ImageObject","inLanguage":"es","@id":"https:\/\/secure.gravatar.com\/avatar\/3ea2118a5f7dad2b7138b1187a6b7ee55f160b9968b66013c3a3ef39dd7e5798?s=96&d=mm&r=g","url":"https:\/\/secure.gravatar.com\/avatar\/3ea2118a5f7dad2b7138b1187a6b7ee55f160b9968b66013c3a3ef39dd7e5798?s=96&d=mm&r=g","contentUrl":"https:\/\/secure.gravatar.com\/avatar\/3ea2118a5f7dad2b7138b1187a6b7ee55f160b9968b66013c3a3ef39dd7e5798?s=96&d=mm&r=g","caption":"Jeanette"},"sameAs":["https:\/\/www.eldiario.net\/portal"],"url":"https:\/\/www.eldiario.net\/portal\/author\/jeanette\/"}]}},"_links":{"self":[{"href":"https:\/\/www.eldiario.net\/portal\/wp-json\/wp\/v2\/posts\/321094","targetHints":{"allow":["GET"]}}],"collection":[{"href":"https:\/\/www.eldiario.net\/portal\/wp-json\/wp\/v2\/posts"}],"about":[{"href":"https:\/\/www.eldiario.net\/portal\/wp-json\/wp\/v2\/types\/post"}],"author":[{"embeddable":true,"href":"https:\/\/www.eldiario.net\/portal\/wp-json\/wp\/v2\/users\/1"}],"replies":[{"embeddable":true,"href":"https:\/\/www.eldiario.net\/portal\/wp-json\/wp\/v2\/comments?post=321094"}],"version-history":[{"count":1,"href":"https:\/\/www.eldiario.net\/portal\/wp-json\/wp\/v2\/posts\/321094\/revisions"}],"predecessor-version":[{"id":321101,"href":"https:\/\/www.eldiario.net\/portal\/wp-json\/wp\/v2\/posts\/321094\/revisions\/321101"}],"wp:featuredmedia":[{"embeddable":true,"href":"https:\/\/www.eldiario.net\/portal\/wp-json\/wp\/v2\/media\/321095"}],"wp:attachment":[{"href":"https:\/\/www.eldiario.net\/portal\/wp-json\/wp\/v2\/media?parent=321094"}],"wp:term":[{"taxonomy":"category","embeddable":true,"href":"https:\/\/www.eldiario.net\/portal\/wp-json\/wp\/v2\/categories?post=321094"},{"taxonomy":"post_tag","embeddable":true,"href":"https:\/\/www.eldiario.net\/portal\/wp-json\/wp\/v2\/tags?post=321094"}],"curies":[{"name":"wp","href":"https:\/\/api.w.org\/{rel}","templated":true}]}}