{"id":321091,"date":"2025-08-02T00:34:18","date_gmt":"2025-08-02T04:34:18","guid":{"rendered":"https:\/\/www.eldiario.net\/portal\/?p=321091"},"modified":"2025-08-01T22:37:55","modified_gmt":"2025-08-02T02:37:55","slug":"la-paz-defendera-su-titulo-de-cuna-del-caporal","status":"publish","type":"post","link":"https:\/\/www.eldiario.net\/portal\/2025\/08\/02\/la-paz-defendera-su-titulo-de-cuna-del-caporal\/","title":{"rendered":"La Paz defender\u00e1 su t\u00edtulo  de \u201cCuna del Caporal\u201d"},"content":{"rendered":"<p>La ciudad de La Paz reivindicar\u00e1 su reconocimiento como cuna de la danza del caporal con la realizaci\u00f3n del Primer Encuentro Nacional e Internacional en Defensa del Caporal este s\u00e1bado 2 de agosto, desde las 15:00 horas, en el paseo El Prado, en el marco tambi\u00e9n de la conmemoraci\u00f3n del Bicentenario de Bolivia.<\/p>\n<p>La actividad es organizada por la Organizaci\u00f3n Boliviana de Defensa del Folklore (Obdefolk) y contar\u00e1 con la participaci\u00f3n de m\u00e1s de 300 bailarines de caporales, incluyendo agrupaciones provenientes de ocho pa\u00edses: Alemania, Suecia, M\u00e9xico, Colombia, Ecuador, Argentina, Chile y Per\u00fa.<\/p>\n<p>\u00abEs hora de mostrar al mundo que la danza del caporal tuvo su origen en la ciudad de La Paz y que fue creada por la familia Estrada Pacheco, consolid\u00e1ndose a trav\u00e9s de la fraternidad Urus del Gran Poder, fundada en 1969. En 1972 bailaron por primera vez en la entrada del Gran Poder y fueron premiados hasta el a\u00f1o 1975, cuando viajaron a Cusco por invitaci\u00f3n de la alcald\u00eda local para participar en el Inti Raymi\u201d, record\u00f3 Napole\u00f3n G\u00f3mez, presidente de Obdefolk.<\/p>\n<p>G\u00f3mez lament\u00f3 que, en las \u00faltimas d\u00e9cadas, regiones vecinas como Puno, intenten apropiarse de danzas bolivianas, como los Caporales, la Morenada o la Diablada, apoyados por gobiernos locales y patrocinadores.<\/p>\n<p>\u201cUn claro ejemplo es lo que se ve en la Plaza de Armas de Lima, donde cada domingo se bailan danzas bolivianas con apoyo de la alcald\u00eda de esa ciudad. En Chile se tiene la estrategia de impulsar una industria cultural alrededor de nuestras expresiones\u201d, afirm\u00f3.<\/p>\n<p>Por su parte, la vicepresidenta de Obdefolk, Patricia Llanos, expres\u00f3 su preocupaci\u00f3n por la falta de pol\u00edticas nacionales bolivianas para proteger el patrimonio cultural inmaterial del pa\u00eds. \u201cDej\u00e9 todo en Chile para volver y entender qu\u00e9 est\u00e1 ocurriendo. Los vac\u00edos legales son evidentes en nuestro pa\u00eds y si no lo hacemos nosotros, los bolivianos, nadie m\u00e1s lo har\u00e1\u201d, expres\u00f3.<\/p>\n<p>Los grupos internacionales y nacionales de caporales que participar\u00e1n en el encuentro de este s\u00e1bado 2 de agosto, recorrer\u00e1n desde la fuente de El Prado pace\u00f1o (frente al Cine 16 de Julio) hasta el Obelisco, para luego ingresar a la avenida y plaza Camacho, donde se instalar\u00e1 el palco principal para las presentaciones.<\/p>\n<p>Adem\u00e1s del encuentro internacional, G\u00f3mez inform\u00f3 que este domingo 3 de agosto, desde las 19:00 horas, en el Teatro Municipal se realizar\u00e1 la presentaci\u00f3n de los Caporales que llegar\u00e1n desde Alemania, Suecia, M\u00e9xico, Colombia, Argentina, Per\u00fa, Ecuador y Bolivia, acompa\u00f1ados por el grupo musical Andesur.<\/p>\n<p>Tambi\u00e9n se ha organizado un congreso cultural sobre el origen y la historia del caporal, sus creadores, la evoluci\u00f3n de la m\u00fasica y su expansi\u00f3n internacional este domingo 3 de agosto, a horas 10:00, en el Teatro Modesta Sanjin\u00e9s. Los disertantes ser\u00e1n Mauricio S\u00e1nchez, Ariel Villaz\u00f3n, Maurice Cazorla, Jorge God\u00ednez, Charito Carazas, Rub\u00e9n Pinto y la familia Estrada Pacheco.<\/p>\n<p>\u201cQueremos que esta actividad no solo reafirme el origen de nuestros caporales, sino que sea una vitrina internacional para La Paz en este a\u00f1o del Bicentenario\u201d, concluy\u00f3 G\u00f3mez.<\/p>\n<p>Informaciones y contactos: 72518725.<\/p>\n","protected":false},"excerpt":{"rendered":"<p>La ciudad de La Paz reivindicar\u00e1 su reconocimiento como cuna de la danza del caporal con la realizaci\u00f3n del Primer Encuentro Nacional e Internacional en Defensa del Caporal este s\u00e1bado 2 de agosto, desde las 15:00 horas, en el paseo El Prado, en el marco tambi\u00e9n de la conmemoraci\u00f3n del Bicentenario de Bolivia. La actividad [&hellip;]<\/p>\n","protected":false},"author":1,"featured_media":321092,"comment_status":"closed","ping_status":"open","sticky":false,"template":"","format":"standard","meta":{"_acf_changed":false,"footnotes":""},"categories":[41],"tags":[],"class_list":["post-321091","post","type-post","status-publish","format-standard","has-post-thumbnail","category-la-guia"],"acf":{"antetitulo":""},"yoast_head":"<!-- This site is optimized with the Yoast SEO plugin v28.4 - https:\/\/yoast.com\/product\/yoast-seo-wordpress\/ -->\n<title>La Paz defender\u00e1 su t\u00edtulo de \u201cCuna del Caporal\u201d - El Diario - Bolivia<\/title>\n<meta name=\"robots\" content=\"index, follow, max-snippet:-1, max-image-preview:large, max-video-preview:-1\" \/>\n<link rel=\"canonical\" href=\"https:\/\/www.eldiario.net\/portal\/2025\/08\/02\/la-paz-defendera-su-titulo-de-cuna-del-caporal\/\" \/>\n<meta property=\"og:locale\" content=\"es_ES\" \/>\n<meta property=\"og:type\" content=\"article\" \/>\n<meta property=\"og:title\" content=\"La Paz defender\u00e1 su t\u00edtulo de \u201cCuna del Caporal\u201d - El Diario - Bolivia\" \/>\n<meta property=\"og:description\" content=\"La ciudad de La Paz reivindicar\u00e1 su reconocimiento como cuna de la danza del caporal con la realizaci\u00f3n del Primer Encuentro Nacional e Internacional en Defensa del Caporal este s\u00e1bado 2 de agosto, desde las 15:00 horas, en el paseo El Prado, en el marco tambi\u00e9n de la conmemoraci\u00f3n del Bicentenario de Bolivia. La actividad [&hellip;]\" \/>\n<meta property=\"og:url\" content=\"https:\/\/www.eldiario.net\/portal\/2025\/08\/02\/la-paz-defendera-su-titulo-de-cuna-del-caporal\/\" \/>\n<meta property=\"og:site_name\" content=\"El Diario - Bolivia\" \/>\n<meta property=\"article:publisher\" content=\"https:\/\/www.facebook.com\/eldiario.bolivia\/\" \/>\n<meta property=\"article:published_time\" content=\"2025-08-02T04:34:18+00:00\" \/>\n<meta property=\"og:image\" content=\"https:\/\/www.eldiario.net\/portal\/wp-content\/uploads\/2025\/08\/1.webp\" \/>\n\t<meta property=\"og:image:width\" content=\"1200\" \/>\n\t<meta property=\"og:image:height\" content=\"1103\" \/>\n\t<meta property=\"og:image:type\" content=\"image\/webp\" \/>\n<meta name=\"author\" content=\"Jeanette\" \/>\n<meta name=\"twitter:card\" content=\"summary_large_image\" \/>\n<meta name=\"twitter:creator\" content=\"@eldiario_net\" \/>\n<meta name=\"twitter:site\" content=\"@eldiario_net\" \/>\n<meta name=\"twitter:label1\" content=\"Escrito por\" \/>\n\t<meta name=\"twitter:data1\" content=\"Jeanette\" \/>\n\t<meta name=\"twitter:label2\" content=\"Tiempo de lectura\" \/>\n\t<meta name=\"twitter:data2\" content=\"3 minutos\" \/>\n<script type=\"application\/ld+json\" class=\"yoast-schema-graph\">{\"@context\":\"https:\\\/\\\/schema.org\",\"@graph\":[{\"@type\":\"Article\",\"@id\":\"https:\\\/\\\/www.eldiario.net\\\/portal\\\/2025\\\/08\\\/02\\\/la-paz-defendera-su-titulo-de-cuna-del-caporal\\\/#article\",\"isPartOf\":{\"@id\":\"https:\\\/\\\/www.eldiario.net\\\/portal\\\/2025\\\/08\\\/02\\\/la-paz-defendera-su-titulo-de-cuna-del-caporal\\\/\"},\"author\":{\"name\":\"Jeanette\",\"@id\":\"https:\\\/\\\/www.eldiario.net\\\/portal\\\/#\\\/schema\\\/person\\\/2c57cf2b7a7ae032e449e4c9b1019eac\"},\"headline\":\"La Paz defender\u00e1 su t\u00edtulo de \u201cCuna del Caporal\u201d\",\"datePublished\":\"2025-08-02T04:34:18+00:00\",\"mainEntityOfPage\":{\"@id\":\"https:\\\/\\\/www.eldiario.net\\\/portal\\\/2025\\\/08\\\/02\\\/la-paz-defendera-su-titulo-de-cuna-del-caporal\\\/\"},\"wordCount\":544,\"publisher\":{\"@id\":\"https:\\\/\\\/www.eldiario.net\\\/portal\\\/#organization\"},\"image\":{\"@id\":\"https:\\\/\\\/www.eldiario.net\\\/portal\\\/2025\\\/08\\\/02\\\/la-paz-defendera-su-titulo-de-cuna-del-caporal\\\/#primaryimage\"},\"thumbnailUrl\":\"https:\\\/\\\/www.eldiario.net\\\/portal\\\/wp-content\\\/uploads\\\/2025\\\/08\\\/1.webp\",\"articleSection\":[\"La Gu\u00eda\"],\"inLanguage\":\"es\"},{\"@type\":\"WebPage\",\"@id\":\"https:\\\/\\\/www.eldiario.net\\\/portal\\\/2025\\\/08\\\/02\\\/la-paz-defendera-su-titulo-de-cuna-del-caporal\\\/\",\"url\":\"https:\\\/\\\/www.eldiario.net\\\/portal\\\/2025\\\/08\\\/02\\\/la-paz-defendera-su-titulo-de-cuna-del-caporal\\\/\",\"name\":\"La Paz defender\u00e1 su t\u00edtulo de \u201cCuna del Caporal\u201d - El Diario - Bolivia\",\"isPartOf\":{\"@id\":\"https:\\\/\\\/www.eldiario.net\\\/portal\\\/#website\"},\"primaryImageOfPage\":{\"@id\":\"https:\\\/\\\/www.eldiario.net\\\/portal\\\/2025\\\/08\\\/02\\\/la-paz-defendera-su-titulo-de-cuna-del-caporal\\\/#primaryimage\"},\"image\":{\"@id\":\"https:\\\/\\\/www.eldiario.net\\\/portal\\\/2025\\\/08\\\/02\\\/la-paz-defendera-su-titulo-de-cuna-del-caporal\\\/#primaryimage\"},\"thumbnailUrl\":\"https:\\\/\\\/www.eldiario.net\\\/portal\\\/wp-content\\\/uploads\\\/2025\\\/08\\\/1.webp\",\"datePublished\":\"2025-08-02T04:34:18+00:00\",\"breadcrumb\":{\"@id\":\"https:\\\/\\\/www.eldiario.net\\\/portal\\\/2025\\\/08\\\/02\\\/la-paz-defendera-su-titulo-de-cuna-del-caporal\\\/#breadcrumb\"},\"inLanguage\":\"es\",\"potentialAction\":[{\"@type\":\"ReadAction\",\"target\":[\"https:\\\/\\\/www.eldiario.net\\\/portal\\\/2025\\\/08\\\/02\\\/la-paz-defendera-su-titulo-de-cuna-del-caporal\\\/\"]}]},{\"@type\":\"ImageObject\",\"inLanguage\":\"es\",\"@id\":\"https:\\\/\\\/www.eldiario.net\\\/portal\\\/2025\\\/08\\\/02\\\/la-paz-defendera-su-titulo-de-cuna-del-caporal\\\/#primaryimage\",\"url\":\"https:\\\/\\\/www.eldiario.net\\\/portal\\\/wp-content\\\/uploads\\\/2025\\\/08\\\/1.webp\",\"contentUrl\":\"https:\\\/\\\/www.eldiario.net\\\/portal\\\/wp-content\\\/uploads\\\/2025\\\/08\\\/1.webp\",\"width\":1200,\"height\":1103},{\"@type\":\"BreadcrumbList\",\"@id\":\"https:\\\/\\\/www.eldiario.net\\\/portal\\\/2025\\\/08\\\/02\\\/la-paz-defendera-su-titulo-de-cuna-del-caporal\\\/#breadcrumb\",\"itemListElement\":[{\"@type\":\"ListItem\",\"position\":1,\"name\":\"Portada\",\"item\":\"https:\\\/\\\/www.eldiario.net\\\/portal\\\/\"},{\"@type\":\"ListItem\",\"position\":2,\"name\":\"La Paz defender\u00e1 su t\u00edtulo de \u201cCuna del Caporal\u201d\"}]},{\"@type\":\"WebSite\",\"@id\":\"https:\\\/\\\/www.eldiario.net\\\/portal\\\/#website\",\"url\":\"https:\\\/\\\/www.eldiario.net\\\/portal\\\/\",\"name\":\"El Diario - Decano de la prensa nacional\",\"description\":\"El Diario - Decano de la prensa nacional\",\"publisher\":{\"@id\":\"https:\\\/\\\/www.eldiario.net\\\/portal\\\/#organization\"},\"potentialAction\":[{\"@type\":\"SearchAction\",\"target\":{\"@type\":\"EntryPoint\",\"urlTemplate\":\"https:\\\/\\\/www.eldiario.net\\\/portal\\\/?s={search_term_string}\"},\"query-input\":{\"@type\":\"PropertyValueSpecification\",\"valueRequired\":true,\"valueName\":\"search_term_string\"}}],\"inLanguage\":\"es\"},{\"@type\":\"Organization\",\"@id\":\"https:\\\/\\\/www.eldiario.net\\\/portal\\\/#organization\",\"name\":\"El Diario - Decano de la prensa nacional\",\"url\":\"https:\\\/\\\/www.eldiario.net\\\/portal\\\/\",\"logo\":{\"@type\":\"ImageObject\",\"inLanguage\":\"es\",\"@id\":\"https:\\\/\\\/www.eldiario.net\\\/portal\\\/#\\\/schema\\\/logo\\\/image\\\/\",\"url\":\"https:\\\/\\\/www.eldiario.net\\\/portal\\\/wp-content\\\/uploads\\\/2023\\\/07\\\/logo_ED.jpg\",\"contentUrl\":\"https:\\\/\\\/www.eldiario.net\\\/portal\\\/wp-content\\\/uploads\\\/2023\\\/07\\\/logo_ED.jpg\",\"width\":272,\"height\":52,\"caption\":\"El Diario - Decano de la prensa nacional\"},\"image\":{\"@id\":\"https:\\\/\\\/www.eldiario.net\\\/portal\\\/#\\\/schema\\\/logo\\\/image\\\/\"},\"sameAs\":[\"https:\\\/\\\/www.facebook.com\\\/eldiario.bolivia\\\/\",\"https:\\\/\\\/x.com\\\/eldiario_net\"]},{\"@type\":\"Person\",\"@id\":\"https:\\\/\\\/www.eldiario.net\\\/portal\\\/#\\\/schema\\\/person\\\/2c57cf2b7a7ae032e449e4c9b1019eac\",\"name\":\"Jeanette\",\"image\":{\"@type\":\"ImageObject\",\"inLanguage\":\"es\",\"@id\":\"https:\\\/\\\/secure.gravatar.com\\\/avatar\\\/3ea2118a5f7dad2b7138b1187a6b7ee55f160b9968b66013c3a3ef39dd7e5798?s=96&d=mm&r=g\",\"url\":\"https:\\\/\\\/secure.gravatar.com\\\/avatar\\\/3ea2118a5f7dad2b7138b1187a6b7ee55f160b9968b66013c3a3ef39dd7e5798?s=96&d=mm&r=g\",\"contentUrl\":\"https:\\\/\\\/secure.gravatar.com\\\/avatar\\\/3ea2118a5f7dad2b7138b1187a6b7ee55f160b9968b66013c3a3ef39dd7e5798?s=96&d=mm&r=g\",\"caption\":\"Jeanette\"},\"sameAs\":[\"https:\\\/\\\/www.eldiario.net\\\/portal\"],\"url\":\"https:\\\/\\\/www.eldiario.net\\\/portal\\\/author\\\/jeanette\\\/\"}]}<\/script>\n<!-- \/ Yoast SEO plugin. -->","yoast_head_json":{"title":"La Paz defender\u00e1 su t\u00edtulo de \u201cCuna del Caporal\u201d - El Diario - Bolivia","robots":{"index":"index","follow":"follow","max-snippet":"max-snippet:-1","max-image-preview":"max-image-preview:large","max-video-preview":"max-video-preview:-1"},"canonical":"https:\/\/www.eldiario.net\/portal\/2025\/08\/02\/la-paz-defendera-su-titulo-de-cuna-del-caporal\/","og_locale":"es_ES","og_type":"article","og_title":"La Paz defender\u00e1 su t\u00edtulo de \u201cCuna del Caporal\u201d - El Diario - Bolivia","og_description":"La ciudad de La Paz reivindicar\u00e1 su reconocimiento como cuna de la danza del caporal con la realizaci\u00f3n del Primer Encuentro Nacional e Internacional en Defensa del Caporal este s\u00e1bado 2 de agosto, desde las 15:00 horas, en el paseo El Prado, en el marco tambi\u00e9n de la conmemoraci\u00f3n del Bicentenario de Bolivia. La actividad [&hellip;]","og_url":"https:\/\/www.eldiario.net\/portal\/2025\/08\/02\/la-paz-defendera-su-titulo-de-cuna-del-caporal\/","og_site_name":"El Diario - Bolivia","article_publisher":"https:\/\/www.facebook.com\/eldiario.bolivia\/","article_published_time":"2025-08-02T04:34:18+00:00","og_image":[{"width":1200,"height":1103,"url":"https:\/\/www.eldiario.net\/portal\/wp-content\/uploads\/2025\/08\/1.webp","type":"image\/webp"}],"author":"Jeanette","twitter_card":"summary_large_image","twitter_creator":"@eldiario_net","twitter_site":"@eldiario_net","twitter_misc":{"Escrito por":"Jeanette","Tiempo de lectura":"3 minutos"},"schema":{"@context":"https:\/\/schema.org","@graph":[{"@type":"Article","@id":"https:\/\/www.eldiario.net\/portal\/2025\/08\/02\/la-paz-defendera-su-titulo-de-cuna-del-caporal\/#article","isPartOf":{"@id":"https:\/\/www.eldiario.net\/portal\/2025\/08\/02\/la-paz-defendera-su-titulo-de-cuna-del-caporal\/"},"author":{"name":"Jeanette","@id":"https:\/\/www.eldiario.net\/portal\/#\/schema\/person\/2c57cf2b7a7ae032e449e4c9b1019eac"},"headline":"La Paz defender\u00e1 su t\u00edtulo de \u201cCuna del Caporal\u201d","datePublished":"2025-08-02T04:34:18+00:00","mainEntityOfPage":{"@id":"https:\/\/www.eldiario.net\/portal\/2025\/08\/02\/la-paz-defendera-su-titulo-de-cuna-del-caporal\/"},"wordCount":544,"publisher":{"@id":"https:\/\/www.eldiario.net\/portal\/#organization"},"image":{"@id":"https:\/\/www.eldiario.net\/portal\/2025\/08\/02\/la-paz-defendera-su-titulo-de-cuna-del-caporal\/#primaryimage"},"thumbnailUrl":"https:\/\/www.eldiario.net\/portal\/wp-content\/uploads\/2025\/08\/1.webp","articleSection":["La Gu\u00eda"],"inLanguage":"es"},{"@type":"WebPage","@id":"https:\/\/www.eldiario.net\/portal\/2025\/08\/02\/la-paz-defendera-su-titulo-de-cuna-del-caporal\/","url":"https:\/\/www.eldiario.net\/portal\/2025\/08\/02\/la-paz-defendera-su-titulo-de-cuna-del-caporal\/","name":"La Paz defender\u00e1 su t\u00edtulo de \u201cCuna del Caporal\u201d - El Diario - Bolivia","isPartOf":{"@id":"https:\/\/www.eldiario.net\/portal\/#website"},"primaryImageOfPage":{"@id":"https:\/\/www.eldiario.net\/portal\/2025\/08\/02\/la-paz-defendera-su-titulo-de-cuna-del-caporal\/#primaryimage"},"image":{"@id":"https:\/\/www.eldiario.net\/portal\/2025\/08\/02\/la-paz-defendera-su-titulo-de-cuna-del-caporal\/#primaryimage"},"thumbnailUrl":"https:\/\/www.eldiario.net\/portal\/wp-content\/uploads\/2025\/08\/1.webp","datePublished":"2025-08-02T04:34:18+00:00","breadcrumb":{"@id":"https:\/\/www.eldiario.net\/portal\/2025\/08\/02\/la-paz-defendera-su-titulo-de-cuna-del-caporal\/#breadcrumb"},"inLanguage":"es","potentialAction":[{"@type":"ReadAction","target":["https:\/\/www.eldiario.net\/portal\/2025\/08\/02\/la-paz-defendera-su-titulo-de-cuna-del-caporal\/"]}]},{"@type":"ImageObject","inLanguage":"es","@id":"https:\/\/www.eldiario.net\/portal\/2025\/08\/02\/la-paz-defendera-su-titulo-de-cuna-del-caporal\/#primaryimage","url":"https:\/\/www.eldiario.net\/portal\/wp-content\/uploads\/2025\/08\/1.webp","contentUrl":"https:\/\/www.eldiario.net\/portal\/wp-content\/uploads\/2025\/08\/1.webp","width":1200,"height":1103},{"@type":"BreadcrumbList","@id":"https:\/\/www.eldiario.net\/portal\/2025\/08\/02\/la-paz-defendera-su-titulo-de-cuna-del-caporal\/#breadcrumb","itemListElement":[{"@type":"ListItem","position":1,"name":"Portada","item":"https:\/\/www.eldiario.net\/portal\/"},{"@type":"ListItem","position":2,"name":"La Paz defender\u00e1 su t\u00edtulo de \u201cCuna del Caporal\u201d"}]},{"@type":"WebSite","@id":"https:\/\/www.eldiario.net\/portal\/#website","url":"https:\/\/www.eldiario.net\/portal\/","name":"El Diario - Decano de la prensa nacional","description":"El Diario - Decano de la prensa nacional","publisher":{"@id":"https:\/\/www.eldiario.net\/portal\/#organization"},"potentialAction":[{"@type":"SearchAction","target":{"@type":"EntryPoint","urlTemplate":"https:\/\/www.eldiario.net\/portal\/?s={search_term_string}"},"query-input":{"@type":"PropertyValueSpecification","valueRequired":true,"valueName":"search_term_string"}}],"inLanguage":"es"},{"@type":"Organization","@id":"https:\/\/www.eldiario.net\/portal\/#organization","name":"El Diario - Decano de la prensa nacional","url":"https:\/\/www.eldiario.net\/portal\/","logo":{"@type":"ImageObject","inLanguage":"es","@id":"https:\/\/www.eldiario.net\/portal\/#\/schema\/logo\/image\/","url":"https:\/\/www.eldiario.net\/portal\/wp-content\/uploads\/2023\/07\/logo_ED.jpg","contentUrl":"https:\/\/www.eldiario.net\/portal\/wp-content\/uploads\/2023\/07\/logo_ED.jpg","width":272,"height":52,"caption":"El Diario - Decano de la prensa nacional"},"image":{"@id":"https:\/\/www.eldiario.net\/portal\/#\/schema\/logo\/image\/"},"sameAs":["https:\/\/www.facebook.com\/eldiario.bolivia\/","https:\/\/x.com\/eldiario_net"]},{"@type":"Person","@id":"https:\/\/www.eldiario.net\/portal\/#\/schema\/person\/2c57cf2b7a7ae032e449e4c9b1019eac","name":"Jeanette","image":{"@type":"ImageObject","inLanguage":"es","@id":"https:\/\/secure.gravatar.com\/avatar\/3ea2118a5f7dad2b7138b1187a6b7ee55f160b9968b66013c3a3ef39dd7e5798?s=96&d=mm&r=g","url":"https:\/\/secure.gravatar.com\/avatar\/3ea2118a5f7dad2b7138b1187a6b7ee55f160b9968b66013c3a3ef39dd7e5798?s=96&d=mm&r=g","contentUrl":"https:\/\/secure.gravatar.com\/avatar\/3ea2118a5f7dad2b7138b1187a6b7ee55f160b9968b66013c3a3ef39dd7e5798?s=96&d=mm&r=g","caption":"Jeanette"},"sameAs":["https:\/\/www.eldiario.net\/portal"],"url":"https:\/\/www.eldiario.net\/portal\/author\/jeanette\/"}]}},"_links":{"self":[{"href":"https:\/\/www.eldiario.net\/portal\/wp-json\/wp\/v2\/posts\/321091","targetHints":{"allow":["GET"]}}],"collection":[{"href":"https:\/\/www.eldiario.net\/portal\/wp-json\/wp\/v2\/posts"}],"about":[{"href":"https:\/\/www.eldiario.net\/portal\/wp-json\/wp\/v2\/types\/post"}],"author":[{"embeddable":true,"href":"https:\/\/www.eldiario.net\/portal\/wp-json\/wp\/v2\/users\/1"}],"replies":[{"embeddable":true,"href":"https:\/\/www.eldiario.net\/portal\/wp-json\/wp\/v2\/comments?post=321091"}],"version-history":[{"count":1,"href":"https:\/\/www.eldiario.net\/portal\/wp-json\/wp\/v2\/posts\/321091\/revisions"}],"predecessor-version":[{"id":321093,"href":"https:\/\/www.eldiario.net\/portal\/wp-json\/wp\/v2\/posts\/321091\/revisions\/321093"}],"wp:featuredmedia":[{"embeddable":true,"href":"https:\/\/www.eldiario.net\/portal\/wp-json\/wp\/v2\/media\/321092"}],"wp:attachment":[{"href":"https:\/\/www.eldiario.net\/portal\/wp-json\/wp\/v2\/media?parent=321091"}],"wp:term":[{"taxonomy":"category","embeddable":true,"href":"https:\/\/www.eldiario.net\/portal\/wp-json\/wp\/v2\/categories?post=321091"},{"taxonomy":"post_tag","embeddable":true,"href":"https:\/\/www.eldiario.net\/portal\/wp-json\/wp\/v2\/tags?post=321091"}],"curies":[{"name":"wp","href":"https:\/\/api.w.org\/{rel}","templated":true}]}}