{"id":321088,"date":"2025-08-02T00:33:18","date_gmt":"2025-08-02T04:33:18","guid":{"rendered":"https:\/\/www.eldiario.net\/portal\/?p=321088"},"modified":"2025-08-01T22:33:55","modified_gmt":"2025-08-02T02:33:55","slug":"bolivar-va-por-el-triunfo-frente-a-real-oruro","status":"publish","type":"post","link":"https:\/\/www.eldiario.net\/portal\/2025\/08\/02\/bolivar-va-por-el-triunfo-frente-a-real-oruro\/","title":{"rendered":"Bol\u00edvar va por el triunfo frente a Real Oruro"},"content":{"rendered":"<p>El Club Bol\u00edvar, campe\u00f3n nacional, ayer por la ma\u00f1ana, cerr\u00f3 sus pr\u00e1cticas en el Centro de Alto Rendimiento \u00abGuido Loayza Mariaca\u00bb de Ananta y por la tarde viaj\u00f3 a Oruro para enfrentar esta tarde, desde las 17:30, al plantel de Torora Real Oruro por la fecha 16 de la Liga Boliviana (partidos de vuelta)<br \/>\nEl elenco bolivarista comenz\u00f3 ayer una seguidilla de encuentros, tanto por los torneos locales, como los compromisos que debe sostener frente a Cinciano del Per\u00fa, en el marco de los octavos de final de la Copa Sudamericana.<br \/>\nLos celestes tienen el apuro de mejorar su situaci\u00f3n en la tabla de posiciones del principal torneo, donde ocupan la cuarta casilla con 27 puntos en 14 encuentros jugados, despu\u00e9s de Always Ready, The Strongest y Blooming.<br \/>\nEn tanto, el elenco orure\u00f1o se ubica en el puesto 13, con 14 unidades en 15 partidos cumplidos.<br \/>\nSeg\u00fan lo observado en la \u00faltima pr\u00e1ctica, el director t\u00e9cnico Flavio Robatto alinear\u00e1 a todos sus titulares porque se quiere borrar la imagen que les dej\u00f3 la derrota frente a Wilstermann por la Copa Bolivia (1-2) en La Paz, durante su reciente presentaci\u00f3n.<br \/>\nLa defensa tendr\u00e1 su sustento con Miguel Torr\u00e9n y Santiago Echeverr\u00eda; mientras que el mediocampo estar\u00e1 nutrido desde un principio con la presencia de Daniel Cata\u00f1o que aumentar\u00e1 la potencia de Robson Matheus y Leonel Justiniano. En la delantera, Mart\u00edn Cauteruccio se asienta como indiscutible titular.<br \/>\nEl pasado 28 de marzo se midieron por primera vez ambos equipos y en la oportunidad, la Academia consigui\u00f3 la victoria (3-1) en La Paz, con goles de Carlos Melgar, Ramiro Vaca y Jhon Jairo Vel\u00e1squez. Descont\u00f3 para el benjam\u00edn orure\u00f1o, Luis Al\u00ed.<br \/>\nPara el lance de hoy, la situaci\u00f3n es diferente en Real Oruro, ante la salida sorpresiva se su DT Marcelo Straccia hace cuatro d\u00edas, despu\u00e9s del empate 2-2 con Aurora, en encuentro que estuvo a punto de ganar. Real Oruro no conoce de victorias en lo transcurrido del campeonato y constantemente recibe la presi\u00f3n de su hinchada que hoy se har\u00e1 presente en el estadio Jes\u00fas Berm\u00fadez de manera masiva y con muchas ansias de ver una primera victoria frente a Bol\u00edvar.<\/p>\n","protected":false},"excerpt":{"rendered":"<p>El Club Bol\u00edvar, campe\u00f3n nacional, ayer por la ma\u00f1ana, cerr\u00f3 sus pr\u00e1cticas en el Centro de Alto Rendimiento \u00abGuido Loayza Mariaca\u00bb de Ananta y por la tarde viaj\u00f3 a Oruro para enfrentar esta tarde, desde las 17:30, al plantel de Torora Real Oruro por la fecha 16 de la Liga Boliviana (partidos de vuelta) El [&hellip;]<\/p>\n","protected":false},"author":1,"featured_media":321089,"comment_status":"closed","ping_status":"open","sticky":false,"template":"","format":"standard","meta":{"_acf_changed":false,"footnotes":""},"categories":[6],"tags":[],"class_list":["post-321088","post","type-post","status-publish","format-standard","has-post-thumbnail","category-deportes"],"acf":{"antetitulo":""},"yoast_head":"<!-- This site is optimized with the Yoast SEO plugin v28.4 - https:\/\/yoast.com\/product\/yoast-seo-wordpress\/ -->\n<title>Bol\u00edvar va por el triunfo frente a Real Oruro - El Diario - Bolivia<\/title>\n<meta name=\"robots\" content=\"index, follow, max-snippet:-1, max-image-preview:large, max-video-preview:-1\" \/>\n<link rel=\"canonical\" href=\"https:\/\/www.eldiario.net\/portal\/2025\/08\/02\/bolivar-va-por-el-triunfo-frente-a-real-oruro\/\" \/>\n<meta property=\"og:locale\" content=\"es_ES\" \/>\n<meta property=\"og:type\" content=\"article\" \/>\n<meta property=\"og:title\" content=\"Bol\u00edvar va por el triunfo frente a Real Oruro - El Diario - Bolivia\" \/>\n<meta property=\"og:description\" content=\"El Club Bol\u00edvar, campe\u00f3n nacional, ayer por la ma\u00f1ana, cerr\u00f3 sus pr\u00e1cticas en el Centro de Alto Rendimiento \u00abGuido Loayza Mariaca\u00bb de Ananta y por la tarde viaj\u00f3 a Oruro para enfrentar esta tarde, desde las 17:30, al plantel de Torora Real Oruro por la fecha 16 de la Liga Boliviana (partidos de vuelta) El [&hellip;]\" \/>\n<meta property=\"og:url\" content=\"https:\/\/www.eldiario.net\/portal\/2025\/08\/02\/bolivar-va-por-el-triunfo-frente-a-real-oruro\/\" \/>\n<meta property=\"og:site_name\" content=\"El Diario - Bolivia\" \/>\n<meta property=\"article:publisher\" content=\"https:\/\/www.facebook.com\/eldiario.bolivia\/\" \/>\n<meta property=\"article:published_time\" content=\"2025-08-02T04:33:18+00:00\" \/>\n<meta property=\"og:image\" content=\"https:\/\/www.eldiario.net\/portal\/wp-content\/uploads\/2025\/08\/FOTO-1.webp\" \/>\n\t<meta property=\"og:image:width\" content=\"1200\" \/>\n\t<meta property=\"og:image:height\" content=\"953\" \/>\n\t<meta property=\"og:image:type\" content=\"image\/webp\" \/>\n<meta name=\"author\" content=\"Jeanette\" \/>\n<meta name=\"twitter:card\" content=\"summary_large_image\" \/>\n<meta name=\"twitter:creator\" content=\"@eldiario_net\" \/>\n<meta name=\"twitter:site\" content=\"@eldiario_net\" \/>\n<meta name=\"twitter:label1\" content=\"Escrito por\" \/>\n\t<meta name=\"twitter:data1\" content=\"Jeanette\" \/>\n\t<meta name=\"twitter:label2\" content=\"Tiempo de lectura\" \/>\n\t<meta name=\"twitter:data2\" content=\"2 minutos\" \/>\n<script type=\"application\/ld+json\" class=\"yoast-schema-graph\">{\"@context\":\"https:\\\/\\\/schema.org\",\"@graph\":[{\"@type\":\"Article\",\"@id\":\"https:\\\/\\\/www.eldiario.net\\\/portal\\\/2025\\\/08\\\/02\\\/bolivar-va-por-el-triunfo-frente-a-real-oruro\\\/#article\",\"isPartOf\":{\"@id\":\"https:\\\/\\\/www.eldiario.net\\\/portal\\\/2025\\\/08\\\/02\\\/bolivar-va-por-el-triunfo-frente-a-real-oruro\\\/\"},\"author\":{\"name\":\"Jeanette\",\"@id\":\"https:\\\/\\\/www.eldiario.net\\\/portal\\\/#\\\/schema\\\/person\\\/2c57cf2b7a7ae032e449e4c9b1019eac\"},\"headline\":\"Bol\u00edvar va por el triunfo frente a Real Oruro\",\"datePublished\":\"2025-08-02T04:33:18+00:00\",\"mainEntityOfPage\":{\"@id\":\"https:\\\/\\\/www.eldiario.net\\\/portal\\\/2025\\\/08\\\/02\\\/bolivar-va-por-el-triunfo-frente-a-real-oruro\\\/\"},\"wordCount\":387,\"publisher\":{\"@id\":\"https:\\\/\\\/www.eldiario.net\\\/portal\\\/#organization\"},\"image\":{\"@id\":\"https:\\\/\\\/www.eldiario.net\\\/portal\\\/2025\\\/08\\\/02\\\/bolivar-va-por-el-triunfo-frente-a-real-oruro\\\/#primaryimage\"},\"thumbnailUrl\":\"https:\\\/\\\/www.eldiario.net\\\/portal\\\/wp-content\\\/uploads\\\/2025\\\/08\\\/FOTO-1.webp\",\"articleSection\":[\"Deportes\"],\"inLanguage\":\"es\"},{\"@type\":\"WebPage\",\"@id\":\"https:\\\/\\\/www.eldiario.net\\\/portal\\\/2025\\\/08\\\/02\\\/bolivar-va-por-el-triunfo-frente-a-real-oruro\\\/\",\"url\":\"https:\\\/\\\/www.eldiario.net\\\/portal\\\/2025\\\/08\\\/02\\\/bolivar-va-por-el-triunfo-frente-a-real-oruro\\\/\",\"name\":\"Bol\u00edvar va por el triunfo frente a Real Oruro - El Diario - Bolivia\",\"isPartOf\":{\"@id\":\"https:\\\/\\\/www.eldiario.net\\\/portal\\\/#website\"},\"primaryImageOfPage\":{\"@id\":\"https:\\\/\\\/www.eldiario.net\\\/portal\\\/2025\\\/08\\\/02\\\/bolivar-va-por-el-triunfo-frente-a-real-oruro\\\/#primaryimage\"},\"image\":{\"@id\":\"https:\\\/\\\/www.eldiario.net\\\/portal\\\/2025\\\/08\\\/02\\\/bolivar-va-por-el-triunfo-frente-a-real-oruro\\\/#primaryimage\"},\"thumbnailUrl\":\"https:\\\/\\\/www.eldiario.net\\\/portal\\\/wp-content\\\/uploads\\\/2025\\\/08\\\/FOTO-1.webp\",\"datePublished\":\"2025-08-02T04:33:18+00:00\",\"breadcrumb\":{\"@id\":\"https:\\\/\\\/www.eldiario.net\\\/portal\\\/2025\\\/08\\\/02\\\/bolivar-va-por-el-triunfo-frente-a-real-oruro\\\/#breadcrumb\"},\"inLanguage\":\"es\",\"potentialAction\":[{\"@type\":\"ReadAction\",\"target\":[\"https:\\\/\\\/www.eldiario.net\\\/portal\\\/2025\\\/08\\\/02\\\/bolivar-va-por-el-triunfo-frente-a-real-oruro\\\/\"]}]},{\"@type\":\"ImageObject\",\"inLanguage\":\"es\",\"@id\":\"https:\\\/\\\/www.eldiario.net\\\/portal\\\/2025\\\/08\\\/02\\\/bolivar-va-por-el-triunfo-frente-a-real-oruro\\\/#primaryimage\",\"url\":\"https:\\\/\\\/www.eldiario.net\\\/portal\\\/wp-content\\\/uploads\\\/2025\\\/08\\\/FOTO-1.webp\",\"contentUrl\":\"https:\\\/\\\/www.eldiario.net\\\/portal\\\/wp-content\\\/uploads\\\/2025\\\/08\\\/FOTO-1.webp\",\"width\":1200,\"height\":953},{\"@type\":\"BreadcrumbList\",\"@id\":\"https:\\\/\\\/www.eldiario.net\\\/portal\\\/2025\\\/08\\\/02\\\/bolivar-va-por-el-triunfo-frente-a-real-oruro\\\/#breadcrumb\",\"itemListElement\":[{\"@type\":\"ListItem\",\"position\":1,\"name\":\"Portada\",\"item\":\"https:\\\/\\\/www.eldiario.net\\\/portal\\\/\"},{\"@type\":\"ListItem\",\"position\":2,\"name\":\"Bol\u00edvar va por el triunfo frente a Real Oruro\"}]},{\"@type\":\"WebSite\",\"@id\":\"https:\\\/\\\/www.eldiario.net\\\/portal\\\/#website\",\"url\":\"https:\\\/\\\/www.eldiario.net\\\/portal\\\/\",\"name\":\"El Diario - Decano de la prensa nacional\",\"description\":\"El Diario - Decano de la prensa nacional\",\"publisher\":{\"@id\":\"https:\\\/\\\/www.eldiario.net\\\/portal\\\/#organization\"},\"potentialAction\":[{\"@type\":\"SearchAction\",\"target\":{\"@type\":\"EntryPoint\",\"urlTemplate\":\"https:\\\/\\\/www.eldiario.net\\\/portal\\\/?s={search_term_string}\"},\"query-input\":{\"@type\":\"PropertyValueSpecification\",\"valueRequired\":true,\"valueName\":\"search_term_string\"}}],\"inLanguage\":\"es\"},{\"@type\":\"Organization\",\"@id\":\"https:\\\/\\\/www.eldiario.net\\\/portal\\\/#organization\",\"name\":\"El Diario - Decano de la prensa nacional\",\"url\":\"https:\\\/\\\/www.eldiario.net\\\/portal\\\/\",\"logo\":{\"@type\":\"ImageObject\",\"inLanguage\":\"es\",\"@id\":\"https:\\\/\\\/www.eldiario.net\\\/portal\\\/#\\\/schema\\\/logo\\\/image\\\/\",\"url\":\"https:\\\/\\\/www.eldiario.net\\\/portal\\\/wp-content\\\/uploads\\\/2023\\\/07\\\/logo_ED.jpg\",\"contentUrl\":\"https:\\\/\\\/www.eldiario.net\\\/portal\\\/wp-content\\\/uploads\\\/2023\\\/07\\\/logo_ED.jpg\",\"width\":272,\"height\":52,\"caption\":\"El Diario - Decano de la prensa nacional\"},\"image\":{\"@id\":\"https:\\\/\\\/www.eldiario.net\\\/portal\\\/#\\\/schema\\\/logo\\\/image\\\/\"},\"sameAs\":[\"https:\\\/\\\/www.facebook.com\\\/eldiario.bolivia\\\/\",\"https:\\\/\\\/x.com\\\/eldiario_net\"]},{\"@type\":\"Person\",\"@id\":\"https:\\\/\\\/www.eldiario.net\\\/portal\\\/#\\\/schema\\\/person\\\/2c57cf2b7a7ae032e449e4c9b1019eac\",\"name\":\"Jeanette\",\"image\":{\"@type\":\"ImageObject\",\"inLanguage\":\"es\",\"@id\":\"https:\\\/\\\/secure.gravatar.com\\\/avatar\\\/3ea2118a5f7dad2b7138b1187a6b7ee55f160b9968b66013c3a3ef39dd7e5798?s=96&d=mm&r=g\",\"url\":\"https:\\\/\\\/secure.gravatar.com\\\/avatar\\\/3ea2118a5f7dad2b7138b1187a6b7ee55f160b9968b66013c3a3ef39dd7e5798?s=96&d=mm&r=g\",\"contentUrl\":\"https:\\\/\\\/secure.gravatar.com\\\/avatar\\\/3ea2118a5f7dad2b7138b1187a6b7ee55f160b9968b66013c3a3ef39dd7e5798?s=96&d=mm&r=g\",\"caption\":\"Jeanette\"},\"sameAs\":[\"https:\\\/\\\/www.eldiario.net\\\/portal\"],\"url\":\"https:\\\/\\\/www.eldiario.net\\\/portal\\\/author\\\/jeanette\\\/\"}]}<\/script>\n<!-- \/ Yoast SEO plugin. -->","yoast_head_json":{"title":"Bol\u00edvar va por el triunfo frente a Real Oruro - El Diario - Bolivia","robots":{"index":"index","follow":"follow","max-snippet":"max-snippet:-1","max-image-preview":"max-image-preview:large","max-video-preview":"max-video-preview:-1"},"canonical":"https:\/\/www.eldiario.net\/portal\/2025\/08\/02\/bolivar-va-por-el-triunfo-frente-a-real-oruro\/","og_locale":"es_ES","og_type":"article","og_title":"Bol\u00edvar va por el triunfo frente a Real Oruro - El Diario - Bolivia","og_description":"El Club Bol\u00edvar, campe\u00f3n nacional, ayer por la ma\u00f1ana, cerr\u00f3 sus pr\u00e1cticas en el Centro de Alto Rendimiento \u00abGuido Loayza Mariaca\u00bb de Ananta y por la tarde viaj\u00f3 a Oruro para enfrentar esta tarde, desde las 17:30, al plantel de Torora Real Oruro por la fecha 16 de la Liga Boliviana (partidos de vuelta) El [&hellip;]","og_url":"https:\/\/www.eldiario.net\/portal\/2025\/08\/02\/bolivar-va-por-el-triunfo-frente-a-real-oruro\/","og_site_name":"El Diario - Bolivia","article_publisher":"https:\/\/www.facebook.com\/eldiario.bolivia\/","article_published_time":"2025-08-02T04:33:18+00:00","og_image":[{"width":1200,"height":953,"url":"https:\/\/www.eldiario.net\/portal\/wp-content\/uploads\/2025\/08\/FOTO-1.webp","type":"image\/webp"}],"author":"Jeanette","twitter_card":"summary_large_image","twitter_creator":"@eldiario_net","twitter_site":"@eldiario_net","twitter_misc":{"Escrito por":"Jeanette","Tiempo de lectura":"2 minutos"},"schema":{"@context":"https:\/\/schema.org","@graph":[{"@type":"Article","@id":"https:\/\/www.eldiario.net\/portal\/2025\/08\/02\/bolivar-va-por-el-triunfo-frente-a-real-oruro\/#article","isPartOf":{"@id":"https:\/\/www.eldiario.net\/portal\/2025\/08\/02\/bolivar-va-por-el-triunfo-frente-a-real-oruro\/"},"author":{"name":"Jeanette","@id":"https:\/\/www.eldiario.net\/portal\/#\/schema\/person\/2c57cf2b7a7ae032e449e4c9b1019eac"},"headline":"Bol\u00edvar va por el triunfo frente a Real Oruro","datePublished":"2025-08-02T04:33:18+00:00","mainEntityOfPage":{"@id":"https:\/\/www.eldiario.net\/portal\/2025\/08\/02\/bolivar-va-por-el-triunfo-frente-a-real-oruro\/"},"wordCount":387,"publisher":{"@id":"https:\/\/www.eldiario.net\/portal\/#organization"},"image":{"@id":"https:\/\/www.eldiario.net\/portal\/2025\/08\/02\/bolivar-va-por-el-triunfo-frente-a-real-oruro\/#primaryimage"},"thumbnailUrl":"https:\/\/www.eldiario.net\/portal\/wp-content\/uploads\/2025\/08\/FOTO-1.webp","articleSection":["Deportes"],"inLanguage":"es"},{"@type":"WebPage","@id":"https:\/\/www.eldiario.net\/portal\/2025\/08\/02\/bolivar-va-por-el-triunfo-frente-a-real-oruro\/","url":"https:\/\/www.eldiario.net\/portal\/2025\/08\/02\/bolivar-va-por-el-triunfo-frente-a-real-oruro\/","name":"Bol\u00edvar va por el triunfo frente a Real Oruro - El Diario - Bolivia","isPartOf":{"@id":"https:\/\/www.eldiario.net\/portal\/#website"},"primaryImageOfPage":{"@id":"https:\/\/www.eldiario.net\/portal\/2025\/08\/02\/bolivar-va-por-el-triunfo-frente-a-real-oruro\/#primaryimage"},"image":{"@id":"https:\/\/www.eldiario.net\/portal\/2025\/08\/02\/bolivar-va-por-el-triunfo-frente-a-real-oruro\/#primaryimage"},"thumbnailUrl":"https:\/\/www.eldiario.net\/portal\/wp-content\/uploads\/2025\/08\/FOTO-1.webp","datePublished":"2025-08-02T04:33:18+00:00","breadcrumb":{"@id":"https:\/\/www.eldiario.net\/portal\/2025\/08\/02\/bolivar-va-por-el-triunfo-frente-a-real-oruro\/#breadcrumb"},"inLanguage":"es","potentialAction":[{"@type":"ReadAction","target":["https:\/\/www.eldiario.net\/portal\/2025\/08\/02\/bolivar-va-por-el-triunfo-frente-a-real-oruro\/"]}]},{"@type":"ImageObject","inLanguage":"es","@id":"https:\/\/www.eldiario.net\/portal\/2025\/08\/02\/bolivar-va-por-el-triunfo-frente-a-real-oruro\/#primaryimage","url":"https:\/\/www.eldiario.net\/portal\/wp-content\/uploads\/2025\/08\/FOTO-1.webp","contentUrl":"https:\/\/www.eldiario.net\/portal\/wp-content\/uploads\/2025\/08\/FOTO-1.webp","width":1200,"height":953},{"@type":"BreadcrumbList","@id":"https:\/\/www.eldiario.net\/portal\/2025\/08\/02\/bolivar-va-por-el-triunfo-frente-a-real-oruro\/#breadcrumb","itemListElement":[{"@type":"ListItem","position":1,"name":"Portada","item":"https:\/\/www.eldiario.net\/portal\/"},{"@type":"ListItem","position":2,"name":"Bol\u00edvar va por el triunfo frente a Real Oruro"}]},{"@type":"WebSite","@id":"https:\/\/www.eldiario.net\/portal\/#website","url":"https:\/\/www.eldiario.net\/portal\/","name":"El Diario - Decano de la prensa nacional","description":"El Diario - Decano de la prensa nacional","publisher":{"@id":"https:\/\/www.eldiario.net\/portal\/#organization"},"potentialAction":[{"@type":"SearchAction","target":{"@type":"EntryPoint","urlTemplate":"https:\/\/www.eldiario.net\/portal\/?s={search_term_string}"},"query-input":{"@type":"PropertyValueSpecification","valueRequired":true,"valueName":"search_term_string"}}],"inLanguage":"es"},{"@type":"Organization","@id":"https:\/\/www.eldiario.net\/portal\/#organization","name":"El Diario - Decano de la prensa nacional","url":"https:\/\/www.eldiario.net\/portal\/","logo":{"@type":"ImageObject","inLanguage":"es","@id":"https:\/\/www.eldiario.net\/portal\/#\/schema\/logo\/image\/","url":"https:\/\/www.eldiario.net\/portal\/wp-content\/uploads\/2023\/07\/logo_ED.jpg","contentUrl":"https:\/\/www.eldiario.net\/portal\/wp-content\/uploads\/2023\/07\/logo_ED.jpg","width":272,"height":52,"caption":"El Diario - Decano de la prensa nacional"},"image":{"@id":"https:\/\/www.eldiario.net\/portal\/#\/schema\/logo\/image\/"},"sameAs":["https:\/\/www.facebook.com\/eldiario.bolivia\/","https:\/\/x.com\/eldiario_net"]},{"@type":"Person","@id":"https:\/\/www.eldiario.net\/portal\/#\/schema\/person\/2c57cf2b7a7ae032e449e4c9b1019eac","name":"Jeanette","image":{"@type":"ImageObject","inLanguage":"es","@id":"https:\/\/secure.gravatar.com\/avatar\/3ea2118a5f7dad2b7138b1187a6b7ee55f160b9968b66013c3a3ef39dd7e5798?s=96&d=mm&r=g","url":"https:\/\/secure.gravatar.com\/avatar\/3ea2118a5f7dad2b7138b1187a6b7ee55f160b9968b66013c3a3ef39dd7e5798?s=96&d=mm&r=g","contentUrl":"https:\/\/secure.gravatar.com\/avatar\/3ea2118a5f7dad2b7138b1187a6b7ee55f160b9968b66013c3a3ef39dd7e5798?s=96&d=mm&r=g","caption":"Jeanette"},"sameAs":["https:\/\/www.eldiario.net\/portal"],"url":"https:\/\/www.eldiario.net\/portal\/author\/jeanette\/"}]}},"_links":{"self":[{"href":"https:\/\/www.eldiario.net\/portal\/wp-json\/wp\/v2\/posts\/321088","targetHints":{"allow":["GET"]}}],"collection":[{"href":"https:\/\/www.eldiario.net\/portal\/wp-json\/wp\/v2\/posts"}],"about":[{"href":"https:\/\/www.eldiario.net\/portal\/wp-json\/wp\/v2\/types\/post"}],"author":[{"embeddable":true,"href":"https:\/\/www.eldiario.net\/portal\/wp-json\/wp\/v2\/users\/1"}],"replies":[{"embeddable":true,"href":"https:\/\/www.eldiario.net\/portal\/wp-json\/wp\/v2\/comments?post=321088"}],"version-history":[{"count":1,"href":"https:\/\/www.eldiario.net\/portal\/wp-json\/wp\/v2\/posts\/321088\/revisions"}],"predecessor-version":[{"id":321090,"href":"https:\/\/www.eldiario.net\/portal\/wp-json\/wp\/v2\/posts\/321088\/revisions\/321090"}],"wp:featuredmedia":[{"embeddable":true,"href":"https:\/\/www.eldiario.net\/portal\/wp-json\/wp\/v2\/media\/321089"}],"wp:attachment":[{"href":"https:\/\/www.eldiario.net\/portal\/wp-json\/wp\/v2\/media?parent=321088"}],"wp:term":[{"taxonomy":"category","embeddable":true,"href":"https:\/\/www.eldiario.net\/portal\/wp-json\/wp\/v2\/categories?post=321088"},{"taxonomy":"post_tag","embeddable":true,"href":"https:\/\/www.eldiario.net\/portal\/wp-json\/wp\/v2\/tags?post=321088"}],"curies":[{"name":"wp","href":"https:\/\/api.w.org\/{rel}","templated":true}]}}